{"id":14671,"date":"2023-10-24T14:33:32","date_gmt":"2023-10-24T11:33:32","guid":{"rendered":"https:\/\/www.france.fi\/?p=14671"},"modified":"2023-11-24T16:23:37","modified_gmt":"2023-11-24T14:23:37","slug":"cafe-scientifique-lintelligence-artificielle-au-service-de-toutes-les-langues","status":"publish","type":"post","link":"https:\/\/www.france.fi\/fr\/sciences-et-universites\/cafe-scientifique-lintelligence-artificielle-au-service-de-toutes-les-langues\/","title":{"rendered":"Caf\u00e9 scientifique &#8211; L\u2019intelligence artificielle au service de toutes les langues"},"content":{"rendered":"<p>Pour l\u2019occasion, nous serons accueillis par l\u2019<a href=\"https:\/\/www.eshelsinki.com\/\" target=\"_blank\" rel=\"noopener\">\u00c9cole europ\u00e9enne de Helsinki.<\/a><\/p>\n<p>Les intervenants rappelleront ce qu&rsquo;est l&rsquo;intelligence artificielle, comment elle marche et les d\u00e9fis et opportunit\u00e9s qu&rsquo;elle repr\u00e9sente. Ils d\u00e9criront notamment comment l&rsquo;intelligence artificielle peut soutenir l&rsquo;analyse et l&rsquo;interpr\u00e9tation automatique de toutes les langues humaines.<\/p>\n<p>Une sp\u00e9cificit\u00e9 de leurs travaux est de couvrir \u00e9galement les langues qui ne sont pas r\u00e9f\u00e9renc\u00e9es dans les dictionnaires et les grammaires, ce qui permet de s&rsquo;affranchir des fautes de frappe (sms, r\u00e9seaux sociaux), des erreurs de reconnaissance de caract\u00e8res li\u00e9es \u00e0 la num\u00e9risation et des diff\u00e9rents registres et variantes. Cette approche leur a permis de mener le projet europ\u00e9en <a href=\"https:\/\/www.newseye.eu\/\" target=\"_blank\" rel=\"noopener\">NewsEye<\/a> sur la presse ancienne de 1850 \u00e0 1950, en fran\u00e7ais, finnois, su\u00e9dois, allemand et anglais.<\/p>\n<p><em>L\u2019intervention sera en anglais. Elle sera suivie d\u2019un \u00e9change avec le public, puis d\u2019un moment de convivialit\u00e9.<\/em><\/p>\n<table style=\"border-collapse: collapse; width: 100%;\">\n<tbody>\n<tr>\n<td style=\"width: 21.2069%; border-style: hidden;\"><img loading=\"lazy\" decoding=\"async\" class=\"alignnone size-full wp-image-14677\" src=\"https:\/\/www.france.fi\/wp-content\/uploads\/2023\/10\/Portrait-Doucet.jpg\" alt=\"\" width=\"250\" height=\"250\" srcset=\"https:\/\/www.france.fi\/wp-content\/uploads\/2023\/10\/Portrait-Doucet.jpg 250w, https:\/\/www.france.fi\/wp-content\/uploads\/2023\/10\/Portrait-Doucet-150x150.jpg 150w\" sizes=\"auto, (max-width: 250px) 100vw, 250px\" \/><\/td>\n<td style=\"width: 78.7931%; border-style: hidden;\">Antoine Doucet est professeur des universit\u00e9s \u00e0 La Rochelle Universit\u00e9 depuis 2014. Ses recherches sont \u00e0 l\u2019intersection entre la recherche d\u2019informations, le traitement automatique des langues, la fouille de donn\u00e9es textuelles et l\u2019intelligence artificielle. Dans ce contexte, ses travaux visent au d\u00e9veloppement de m\u00e9thodes passant \u00e0 l\u2019\u00e9chelle et utilisant aussi peu de de ressources externes que possible, afin d\u2019\u00eatre notamment applicables \u00e0 toute langue de r\u00e9daction et \u00e0 tout type de document, de la presse en ligne aux r\u00e9seaux sociaux, du document num\u00e9rique natif aux manuscrits anciens num\u00e9ris\u00e9s. Antoine Doucet est par ailleurs <a href=\"https:\/\/www.france.fi\/fr\/sciences-et-universites\/antoine-doucet-laureat-chaire-dexcellence-france-nokia\/#\/\">laur\u00e9at 2023<\/a> de la Chaire d\u2019excellence France-NOKIA.<\/td>\n<\/tr>\n<\/tbody>\n<\/table>\n<p>&nbsp;<\/p>\n<table style=\"border-collapse: collapse; width: 100%;\">\n<tbody>\n<tr>\n<td style=\"width: 21.2069%; border-style: hidden;\"><img loading=\"lazy\" decoding=\"async\" class=\"alignnone size-full wp-image-14680\" src=\"https:\/\/www.france.fi\/wp-content\/uploads\/2023\/10\/Portrait-Toivola.jpg\" alt=\"\" width=\"250\" height=\"250\" srcset=\"https:\/\/www.france.fi\/wp-content\/uploads\/2023\/10\/Portrait-Toivola.jpg 250w, https:\/\/www.france.fi\/wp-content\/uploads\/2023\/10\/Portrait-Toivola-150x150.jpg 150w\" sizes=\"auto, (max-width: 250px) 100vw, 250px\" \/><\/td>\n<td style=\"width: 78.7931%; border-style: hidden;\">Hannu Toivonen est professeur \u00e0 l\u2019universit\u00e9 de Helsinki. Il est un expert de premier plan dans les domaines de l&rsquo;exploration de donn\u00e9es et de la cr\u00e9ativit\u00e9 informatique. Il a introduit et r\u00e9solu plusieurs questions de recherche de l&rsquo;exploration de donn\u00e9es depuis la naissance de ce domaine au d\u00e9but des ann\u00e9es 1990 ; ses d\u00e9finitions et ses algorithmes sont devenus des r\u00e9f\u00e9rences et sont enseign\u00e9s. Depuis lors, il a d\u00e9velopp\u00e9 des applications de ses recherches pour la cartographie g\u00e9n\u00e9tique, l&rsquo;informatique en contexte, l&rsquo;analyse et le r\u00e9sum\u00e9 de documents, la cr\u00e9ativit\u00e9 informatique et la g\u00e9n\u00e9ration de langage naturel.<\/td>\n<\/tr>\n<\/tbody>\n<\/table>\n<div class=\"epyt-video-wrapper\"><iframe loading=\"lazy\"  id=\"_ytid_60407\"  width=\"580\" height=\"326\"  data-origwidth=\"580\" data-origheight=\"326\" src=\"https:\/\/www.youtube.com\/embed\/ArSdHSeAxuU?enablejsapi=1&#038;autoplay=0&#038;cc_load_policy=0&#038;cc_lang_pref=&#038;iv_load_policy=1&#038;loop=0&#038;rel=1&#038;fs=1&#038;playsinline=0&#038;autohide=2&#038;theme=dark&#038;color=red&#038;controls=1&#038;disablekb=0&#038;\" class=\"__youtube_prefs__  epyt-is-override  no-lazyload\" title=\"YouTube player\"  allow=\"fullscreen; accelerometer; autoplay; clipboard-write; encrypted-media; gyroscope; picture-in-picture; web-share\" referrerpolicy=\"strict-origin-when-cross-origin\" allowfullscreen data-no-lazy=\"1\" data-skipgform_ajax_framebjll=\"\"><\/iframe><\/div>\n<div class=\"epyt-video-wrapper\"><iframe loading=\"lazy\"  id=\"_ytid_38027\"  width=\"580\" height=\"326\"  data-origwidth=\"580\" data-origheight=\"326\" src=\"https:\/\/www.youtube.com\/embed\/sbTpfgJHX6o?enablejsapi=1&#038;autoplay=0&#038;cc_load_policy=0&#038;cc_lang_pref=&#038;iv_load_policy=1&#038;loop=0&#038;rel=1&#038;fs=1&#038;playsinline=0&#038;autohide=2&#038;theme=dark&#038;color=red&#038;controls=1&#038;disablekb=0&#038;\" class=\"__youtube_prefs__  epyt-is-override  no-lazyload\" title=\"YouTube player\"  allow=\"fullscreen; accelerometer; autoplay; clipboard-write; encrypted-media; gyroscope; picture-in-picture; web-share\" referrerpolicy=\"strict-origin-when-cross-origin\" allowfullscreen data-no-lazy=\"1\" data-skipgform_ajax_framebjll=\"\"><\/iframe><\/div>\n<table style=\"width: 100%; border-collapse: collapse; background-color: #f0fcff;\">\n<tbody>\n<tr>\n<td style=\"width: 100%;\">Le nombre de places \u00e9tant limit\u00e9, nous vous demandons de vous inscrire seulement si vous \u00eates s\u00fbr de pouvoir vous rendre \u00e0 l\u2019\u00e9v\u00e9nement.<br \/>\nSi toutefois vous ne pouvez pas y assister, veuillez envoyer un email \u00e0 <a class=\"fui-Link ___10kug0w f3rmtva f1ewtqcl fyind8e f1k6fduh f1w7gpdv fk6fouc fjoy568 figsok6 f1hu3pq6 f11qmguv f19f4twv f1tyq0we f1g0x7ka fhxju0i f1qch9an f1cnd47f fqv5qza f1vmzxwi f1o700av f13mvf36 f1cmlufx f9n3di6 f1ids18y f1tx3yz7 f1deo86v f1eh06m1 f1iescvh fhgqx19 f1olyrje f1p93eir f1nev41a f1h8hb77 f1lqvz6u f10aw75t fsle3fq f17ae5zn\" title=\"mailto:communication@france.fi\" href=\"mailto:communication@france.fi\" target=\"_blank\" rel=\"noreferrer noopener\" aria-label=\"Lien communication@france.fi\">communication@france.fi<\/a> au minimum 24h avant \u00e9v\u00e9nement pour annuler votre billet et lib\u00e9rer la place pour une autre personne.<br \/>\nMerci de votre compr\u00e9hension<\/td>\n<\/tr>\n<\/tbody>\n<\/table>\n<p>&nbsp;<\/p>\n","protected":false},"excerpt":{"rendered":"<p>Lors de ce caf\u00e9 scientifique, nous accueillerons deux chercheurs, Antoine Doucet et Hannu Toivonen, sp\u00e9cialistes du traitement automatique des langues. En duo, ils pr\u00e9senteront les d\u00e9fis et les opportunit\u00e9s que l\u2019intelligence artificielle pr\u00e9sente au service de toutes les langues. La conf\u00e9rence sera suivie d\u2019un moment d\u2019\u00e9change avec le public.<\/p>\n","protected":false},"author":2,"featured_media":14672,"comment_status":"closed","ping_status":"open","sticky":false,"template":"","format":"standard","meta":{"footnotes":""},"categories":[4],"tags":[],"class_list":["post-14671","post","type-post","status-publish","format-standard","has-post-thumbnail","hentry","category-sciences-et-universites"],"yoast_head":"<!-- This site is optimized with the Yoast SEO plugin v27.4 - https:\/\/yoast.com\/product\/yoast-seo-wordpress\/ -->\n<title>Caf\u00e9 scientifique - L\u2019intelligence artificielle au service de toutes les langues - Institut fran\u00e7ais<\/title>\n<meta name=\"robots\" content=\"index, follow, max-snippet:-1, max-image-preview:large, max-video-preview:-1\" \/>\n<link rel=\"canonical\" href=\"https:\/\/www.france.fi\/fr\/sciences-et-universites\/cafe-scientifique-lintelligence-artificielle-au-service-de-toutes-les-langues\/\" \/>\n<meta property=\"og:locale\" content=\"fr_FR\" \/>\n<meta property=\"og:type\" content=\"article\" \/>\n<meta property=\"og:title\" content=\"Caf\u00e9 scientifique - L\u2019intelligence artificielle au service de toutes les langues - Institut fran\u00e7ais\" \/>\n<meta property=\"og:description\" content=\"Lors de ce caf\u00e9 scientifique, nous accueillerons deux chercheurs, Antoine Doucet et Hannu Toivonen, sp\u00e9cialistes du traitement automatique des langues. En duo, ils pr\u00e9senteront les d\u00e9fis et les opportunit\u00e9s que l\u2019intelligence artificielle pr\u00e9sente au service de toutes les langues. La conf\u00e9rence sera suivie d\u2019un moment d\u2019\u00e9change avec le public.\" \/>\n<meta property=\"og:url\" content=\"https:\/\/www.france.fi\/fr\/sciences-et-universites\/cafe-scientifique-lintelligence-artificielle-au-service-de-toutes-les-langues\/\" \/>\n<meta property=\"og:site_name\" content=\"Institut fran\u00e7ais\" \/>\n<meta property=\"article:publisher\" content=\"https:\/\/www.facebook.com\/institutfrancaisfi\" \/>\n<meta property=\"article:published_time\" content=\"2023-10-24T11:33:32+00:00\" \/>\n<meta property=\"article:modified_time\" content=\"2023-11-24T14:23:37+00:00\" \/>\n<meta property=\"og:image\" content=\"https:\/\/www.france.fi\/wp-content\/uploads\/2023\/10\/Site-internet-Newsletter-1098x617.jpg\" \/>\n\t<meta property=\"og:image:width\" content=\"1280\" \/>\n\t<meta property=\"og:image:height\" content=\"720\" \/>\n\t<meta property=\"og:image:type\" content=\"image\/jpeg\" \/>\n<meta name=\"author\" content=\"Equipe IFF\" \/>\n<meta name=\"twitter:card\" content=\"summary_large_image\" \/>\n<meta name=\"twitter:creator\" content=\"@IFFinlande\" \/>\n<meta name=\"twitter:site\" content=\"@IFFinlande\" \/>\n<meta name=\"twitter:label1\" content=\"\u00c9crit par\" \/>\n\t<meta name=\"twitter:data1\" content=\"Equipe IFF\" \/>\n\t<meta name=\"twitter:label2\" content=\"Dur\u00e9e de lecture estim\u00e9e\" \/>\n\t<meta name=\"twitter:data2\" content=\"3 minutes\" \/>\n<script type=\"application\/ld+json\" class=\"yoast-schema-graph\">{\"@context\":\"https:\\\/\\\/schema.org\",\"@graph\":[{\"@type\":\"Article\",\"@id\":\"https:\\\/\\\/www.france.fi\\\/fr\\\/sciences-et-universites\\\/cafe-scientifique-lintelligence-artificielle-au-service-de-toutes-les-langues\\\/#article\",\"isPartOf\":{\"@id\":\"https:\\\/\\\/www.france.fi\\\/fr\\\/sciences-et-universites\\\/cafe-scientifique-lintelligence-artificielle-au-service-de-toutes-les-langues\\\/\"},\"author\":{\"name\":\"Equipe IFF\",\"@id\":\"https:\\\/\\\/www.france.fi\\\/#\\\/schema\\\/person\\\/ed873f29db1d0af6a3600d15d3b65bfd\"},\"headline\":\"Caf\u00e9 scientifique &#8211; L\u2019intelligence artificielle au service de toutes les langues\",\"datePublished\":\"2023-10-24T11:33:32+00:00\",\"dateModified\":\"2023-11-24T14:23:37+00:00\",\"mainEntityOfPage\":{\"@id\":\"https:\\\/\\\/www.france.fi\\\/fr\\\/sciences-et-universites\\\/cafe-scientifique-lintelligence-artificielle-au-service-de-toutes-les-langues\\\/\"},\"wordCount\":480,\"publisher\":{\"@id\":\"https:\\\/\\\/www.france.fi\\\/#organization\"},\"image\":{\"@id\":\"https:\\\/\\\/www.france.fi\\\/fr\\\/sciences-et-universites\\\/cafe-scientifique-lintelligence-artificielle-au-service-de-toutes-les-langues\\\/#primaryimage\"},\"thumbnailUrl\":\"https:\\\/\\\/www.france.fi\\\/wp-content\\\/uploads\\\/2023\\\/10\\\/Site-internet-Newsletter-1098x617.jpg\",\"articleSection\":[\"Sciences et universit\u00e9s\"],\"inLanguage\":\"fr-FR\"},{\"@type\":\"WebPage\",\"@id\":\"https:\\\/\\\/www.france.fi\\\/fr\\\/sciences-et-universites\\\/cafe-scientifique-lintelligence-artificielle-au-service-de-toutes-les-langues\\\/\",\"url\":\"https:\\\/\\\/www.france.fi\\\/fr\\\/sciences-et-universites\\\/cafe-scientifique-lintelligence-artificielle-au-service-de-toutes-les-langues\\\/\",\"name\":\"Caf\u00e9 scientifique - L\u2019intelligence artificielle au service de toutes les langues - Institut fran\u00e7ais\",\"isPartOf\":{\"@id\":\"https:\\\/\\\/www.france.fi\\\/#website\"},\"primaryImageOfPage\":{\"@id\":\"https:\\\/\\\/www.france.fi\\\/fr\\\/sciences-et-universites\\\/cafe-scientifique-lintelligence-artificielle-au-service-de-toutes-les-langues\\\/#primaryimage\"},\"image\":{\"@id\":\"https:\\\/\\\/www.france.fi\\\/fr\\\/sciences-et-universites\\\/cafe-scientifique-lintelligence-artificielle-au-service-de-toutes-les-langues\\\/#primaryimage\"},\"thumbnailUrl\":\"https:\\\/\\\/www.france.fi\\\/wp-content\\\/uploads\\\/2023\\\/10\\\/Site-internet-Newsletter-1098x617.jpg\",\"datePublished\":\"2023-10-24T11:33:32+00:00\",\"dateModified\":\"2023-11-24T14:23:37+00:00\",\"breadcrumb\":{\"@id\":\"https:\\\/\\\/www.france.fi\\\/fr\\\/sciences-et-universites\\\/cafe-scientifique-lintelligence-artificielle-au-service-de-toutes-les-langues\\\/#breadcrumb\"},\"inLanguage\":\"fr-FR\",\"potentialAction\":[{\"@type\":\"ReadAction\",\"target\":[\"https:\\\/\\\/www.france.fi\\\/fr\\\/sciences-et-universites\\\/cafe-scientifique-lintelligence-artificielle-au-service-de-toutes-les-langues\\\/\"]}]},{\"@type\":\"ImageObject\",\"inLanguage\":\"fr-FR\",\"@id\":\"https:\\\/\\\/www.france.fi\\\/fr\\\/sciences-et-universites\\\/cafe-scientifique-lintelligence-artificielle-au-service-de-toutes-les-langues\\\/#primaryimage\",\"url\":\"https:\\\/\\\/www.france.fi\\\/wp-content\\\/uploads\\\/2023\\\/10\\\/Site-internet-Newsletter-1098x617.jpg\",\"contentUrl\":\"https:\\\/\\\/www.france.fi\\\/wp-content\\\/uploads\\\/2023\\\/10\\\/Site-internet-Newsletter-1098x617.jpg\",\"width\":1280,\"height\":720},{\"@type\":\"BreadcrumbList\",\"@id\":\"https:\\\/\\\/www.france.fi\\\/fr\\\/sciences-et-universites\\\/cafe-scientifique-lintelligence-artificielle-au-service-de-toutes-les-langues\\\/#breadcrumb\",\"itemListElement\":[{\"@type\":\"ListItem\",\"position\":1,\"name\":\"Home\",\"item\":\"https:\\\/\\\/www.france.fi\\\/fr\\\/\"},{\"@type\":\"ListItem\",\"position\":2,\"name\":\"Sciences et universit\u00e9s\",\"item\":\"https:\\\/\\\/www.france.fi\\\/fr\\\/category\\\/sciences-et-universites\\\/\"},{\"@type\":\"ListItem\",\"position\":3,\"name\":\"Caf\u00e9 scientifique &#8211; L\u2019intelligence artificielle au service de toutes les langues\"}]},{\"@type\":\"WebSite\",\"@id\":\"https:\\\/\\\/www.france.fi\\\/#website\",\"url\":\"https:\\\/\\\/www.france.fi\\\/\",\"name\":\"Institut fran\u00e7ais de Finlande\",\"description\":\"\",\"publisher\":{\"@id\":\"https:\\\/\\\/www.france.fi\\\/#organization\"},\"potentialAction\":[{\"@type\":\"SearchAction\",\"target\":{\"@type\":\"EntryPoint\",\"urlTemplate\":\"https:\\\/\\\/www.france.fi\\\/?s={search_term_string}\"},\"query-input\":{\"@type\":\"PropertyValueSpecification\",\"valueRequired\":true,\"valueName\":\"search_term_string\"}}],\"inLanguage\":\"fr-FR\"},{\"@type\":\"Organization\",\"@id\":\"https:\\\/\\\/www.france.fi\\\/#organization\",\"name\":\"Institut fran\u00e7ais de Finlande\",\"url\":\"https:\\\/\\\/www.france.fi\\\/\",\"logo\":{\"@type\":\"ImageObject\",\"inLanguage\":\"fr-FR\",\"@id\":\"https:\\\/\\\/www.france.fi\\\/#\\\/schema\\\/logo\\\/image\\\/\",\"url\":\"https:\\\/\\\/www.france.fi\\\/wp-content\\\/uploads\\\/2024\\\/02\\\/if-logo-1.png\",\"contentUrl\":\"https:\\\/\\\/www.france.fi\\\/wp-content\\\/uploads\\\/2024\\\/02\\\/if-logo-1.png\",\"width\":687,\"height\":459,\"caption\":\"Institut fran\u00e7ais de Finlande\"},\"image\":{\"@id\":\"https:\\\/\\\/www.france.fi\\\/#\\\/schema\\\/logo\\\/image\\\/\"},\"sameAs\":[\"https:\\\/\\\/www.facebook.com\\\/institutfrancaisfi\",\"https:\\\/\\\/x.com\\\/IFFinlande\",\"https:\\\/\\\/www.instagram.com\\\/iffinlande\\\/\",\"https:\\\/\\\/fr.linkedin.com\\\/organization-guest\\\/company\\\/institut-fran-ais-de-finlande\",\"https:\\\/\\\/www.youtube.com\\\/channel\\\/UCHAitdpmSbeP78eL49XMotA\"]},{\"@type\":\"Person\",\"@id\":\"https:\\\/\\\/www.france.fi\\\/#\\\/schema\\\/person\\\/ed873f29db1d0af6a3600d15d3b65bfd\",\"name\":\"Equipe IFF\",\"image\":{\"@type\":\"ImageObject\",\"inLanguage\":\"fr-FR\",\"@id\":\"https:\\\/\\\/secure.gravatar.com\\\/avatar\\\/3c4ba80228d01014b25e45e90abb28ce315a02c6572751a7fb2298e4274989fc?s=96&d=mm&r=g\",\"url\":\"https:\\\/\\\/secure.gravatar.com\\\/avatar\\\/3c4ba80228d01014b25e45e90abb28ce315a02c6572751a7fb2298e4274989fc?s=96&d=mm&r=g\",\"contentUrl\":\"https:\\\/\\\/secure.gravatar.com\\\/avatar\\\/3c4ba80228d01014b25e45e90abb28ce315a02c6572751a7fb2298e4274989fc?s=96&d=mm&r=g\",\"caption\":\"Equipe IFF\"},\"url\":\"https:\\\/\\\/www.france.fi\\\/fr\\\/author\\\/iffadmin\\\/\"}]}<\/script>\n<!-- \/ Yoast SEO plugin. -->","yoast_head_json":{"title":"Caf\u00e9 scientifique - L\u2019intelligence artificielle au service de toutes les langues - Institut fran\u00e7ais","robots":{"index":"index","follow":"follow","max-snippet":"max-snippet:-1","max-image-preview":"max-image-preview:large","max-video-preview":"max-video-preview:-1"},"canonical":"https:\/\/www.france.fi\/fr\/sciences-et-universites\/cafe-scientifique-lintelligence-artificielle-au-service-de-toutes-les-langues\/","og_locale":"fr_FR","og_type":"article","og_title":"Caf\u00e9 scientifique - L\u2019intelligence artificielle au service de toutes les langues - Institut fran\u00e7ais","og_description":"Lors de ce caf\u00e9 scientifique, nous accueillerons deux chercheurs, Antoine Doucet et Hannu Toivonen, sp\u00e9cialistes du traitement automatique des langues. En duo, ils pr\u00e9senteront les d\u00e9fis et les opportunit\u00e9s que l\u2019intelligence artificielle pr\u00e9sente au service de toutes les langues. La conf\u00e9rence sera suivie d\u2019un moment d\u2019\u00e9change avec le public.","og_url":"https:\/\/www.france.fi\/fr\/sciences-et-universites\/cafe-scientifique-lintelligence-artificielle-au-service-de-toutes-les-langues\/","og_site_name":"Institut fran\u00e7ais","article_publisher":"https:\/\/www.facebook.com\/institutfrancaisfi","article_published_time":"2023-10-24T11:33:32+00:00","article_modified_time":"2023-11-24T14:23:37+00:00","og_image":[{"width":1280,"height":720,"url":"https:\/\/www.france.fi\/wp-content\/uploads\/2023\/10\/Site-internet-Newsletter-1098x617.jpg","type":"image\/jpeg"}],"author":"Equipe IFF","twitter_card":"summary_large_image","twitter_creator":"@IFFinlande","twitter_site":"@IFFinlande","twitter_misc":{"\u00c9crit par":"Equipe IFF","Dur\u00e9e de lecture estim\u00e9e":"3 minutes"},"schema":{"@context":"https:\/\/schema.org","@graph":[{"@type":"Article","@id":"https:\/\/www.france.fi\/fr\/sciences-et-universites\/cafe-scientifique-lintelligence-artificielle-au-service-de-toutes-les-langues\/#article","isPartOf":{"@id":"https:\/\/www.france.fi\/fr\/sciences-et-universites\/cafe-scientifique-lintelligence-artificielle-au-service-de-toutes-les-langues\/"},"author":{"name":"Equipe IFF","@id":"https:\/\/www.france.fi\/#\/schema\/person\/ed873f29db1d0af6a3600d15d3b65bfd"},"headline":"Caf\u00e9 scientifique &#8211; L\u2019intelligence artificielle au service de toutes les langues","datePublished":"2023-10-24T11:33:32+00:00","dateModified":"2023-11-24T14:23:37+00:00","mainEntityOfPage":{"@id":"https:\/\/www.france.fi\/fr\/sciences-et-universites\/cafe-scientifique-lintelligence-artificielle-au-service-de-toutes-les-langues\/"},"wordCount":480,"publisher":{"@id":"https:\/\/www.france.fi\/#organization"},"image":{"@id":"https:\/\/www.france.fi\/fr\/sciences-et-universites\/cafe-scientifique-lintelligence-artificielle-au-service-de-toutes-les-langues\/#primaryimage"},"thumbnailUrl":"https:\/\/www.france.fi\/wp-content\/uploads\/2023\/10\/Site-internet-Newsletter-1098x617.jpg","articleSection":["Sciences et universit\u00e9s"],"inLanguage":"fr-FR"},{"@type":"WebPage","@id":"https:\/\/www.france.fi\/fr\/sciences-et-universites\/cafe-scientifique-lintelligence-artificielle-au-service-de-toutes-les-langues\/","url":"https:\/\/www.france.fi\/fr\/sciences-et-universites\/cafe-scientifique-lintelligence-artificielle-au-service-de-toutes-les-langues\/","name":"Caf\u00e9 scientifique - L\u2019intelligence artificielle au service de toutes les langues - Institut fran\u00e7ais","isPartOf":{"@id":"https:\/\/www.france.fi\/#website"},"primaryImageOfPage":{"@id":"https:\/\/www.france.fi\/fr\/sciences-et-universites\/cafe-scientifique-lintelligence-artificielle-au-service-de-toutes-les-langues\/#primaryimage"},"image":{"@id":"https:\/\/www.france.fi\/fr\/sciences-et-universites\/cafe-scientifique-lintelligence-artificielle-au-service-de-toutes-les-langues\/#primaryimage"},"thumbnailUrl":"https:\/\/www.france.fi\/wp-content\/uploads\/2023\/10\/Site-internet-Newsletter-1098x617.jpg","datePublished":"2023-10-24T11:33:32+00:00","dateModified":"2023-11-24T14:23:37+00:00","breadcrumb":{"@id":"https:\/\/www.france.fi\/fr\/sciences-et-universites\/cafe-scientifique-lintelligence-artificielle-au-service-de-toutes-les-langues\/#breadcrumb"},"inLanguage":"fr-FR","potentialAction":[{"@type":"ReadAction","target":["https:\/\/www.france.fi\/fr\/sciences-et-universites\/cafe-scientifique-lintelligence-artificielle-au-service-de-toutes-les-langues\/"]}]},{"@type":"ImageObject","inLanguage":"fr-FR","@id":"https:\/\/www.france.fi\/fr\/sciences-et-universites\/cafe-scientifique-lintelligence-artificielle-au-service-de-toutes-les-langues\/#primaryimage","url":"https:\/\/www.france.fi\/wp-content\/uploads\/2023\/10\/Site-internet-Newsletter-1098x617.jpg","contentUrl":"https:\/\/www.france.fi\/wp-content\/uploads\/2023\/10\/Site-internet-Newsletter-1098x617.jpg","width":1280,"height":720},{"@type":"BreadcrumbList","@id":"https:\/\/www.france.fi\/fr\/sciences-et-universites\/cafe-scientifique-lintelligence-artificielle-au-service-de-toutes-les-langues\/#breadcrumb","itemListElement":[{"@type":"ListItem","position":1,"name":"Home","item":"https:\/\/www.france.fi\/fr\/"},{"@type":"ListItem","position":2,"name":"Sciences et universit\u00e9s","item":"https:\/\/www.france.fi\/fr\/category\/sciences-et-universites\/"},{"@type":"ListItem","position":3,"name":"Caf\u00e9 scientifique &#8211; L\u2019intelligence artificielle au service de toutes les langues"}]},{"@type":"WebSite","@id":"https:\/\/www.france.fi\/#website","url":"https:\/\/www.france.fi\/","name":"Institut fran\u00e7ais de Finlande","description":"","publisher":{"@id":"https:\/\/www.france.fi\/#organization"},"potentialAction":[{"@type":"SearchAction","target":{"@type":"EntryPoint","urlTemplate":"https:\/\/www.france.fi\/?s={search_term_string}"},"query-input":{"@type":"PropertyValueSpecification","valueRequired":true,"valueName":"search_term_string"}}],"inLanguage":"fr-FR"},{"@type":"Organization","@id":"https:\/\/www.france.fi\/#organization","name":"Institut fran\u00e7ais de Finlande","url":"https:\/\/www.france.fi\/","logo":{"@type":"ImageObject","inLanguage":"fr-FR","@id":"https:\/\/www.france.fi\/#\/schema\/logo\/image\/","url":"https:\/\/www.france.fi\/wp-content\/uploads\/2024\/02\/if-logo-1.png","contentUrl":"https:\/\/www.france.fi\/wp-content\/uploads\/2024\/02\/if-logo-1.png","width":687,"height":459,"caption":"Institut fran\u00e7ais de Finlande"},"image":{"@id":"https:\/\/www.france.fi\/#\/schema\/logo\/image\/"},"sameAs":["https:\/\/www.facebook.com\/institutfrancaisfi","https:\/\/x.com\/IFFinlande","https:\/\/www.instagram.com\/iffinlande\/","https:\/\/fr.linkedin.com\/organization-guest\/company\/institut-fran-ais-de-finlande","https:\/\/www.youtube.com\/channel\/UCHAitdpmSbeP78eL49XMotA"]},{"@type":"Person","@id":"https:\/\/www.france.fi\/#\/schema\/person\/ed873f29db1d0af6a3600d15d3b65bfd","name":"Equipe IFF","image":{"@type":"ImageObject","inLanguage":"fr-FR","@id":"https:\/\/secure.gravatar.com\/avatar\/3c4ba80228d01014b25e45e90abb28ce315a02c6572751a7fb2298e4274989fc?s=96&d=mm&r=g","url":"https:\/\/secure.gravatar.com\/avatar\/3c4ba80228d01014b25e45e90abb28ce315a02c6572751a7fb2298e4274989fc?s=96&d=mm&r=g","contentUrl":"https:\/\/secure.gravatar.com\/avatar\/3c4ba80228d01014b25e45e90abb28ce315a02c6572751a7fb2298e4274989fc?s=96&d=mm&r=g","caption":"Equipe IFF"},"url":"https:\/\/www.france.fi\/fr\/author\/iffadmin\/"}]}},"_links":{"self":[{"href":"https:\/\/www.france.fi\/fr\/wp-json\/wp\/v2\/posts\/14671","targetHints":{"allow":["GET"]}}],"collection":[{"href":"https:\/\/www.france.fi\/fr\/wp-json\/wp\/v2\/posts"}],"about":[{"href":"https:\/\/www.france.fi\/fr\/wp-json\/wp\/v2\/types\/post"}],"author":[{"embeddable":true,"href":"https:\/\/www.france.fi\/fr\/wp-json\/wp\/v2\/users\/2"}],"replies":[{"embeddable":true,"href":"https:\/\/www.france.fi\/fr\/wp-json\/wp\/v2\/comments?post=14671"}],"version-history":[{"count":0,"href":"https:\/\/www.france.fi\/fr\/wp-json\/wp\/v2\/posts\/14671\/revisions"}],"wp:featuredmedia":[{"embeddable":true,"href":"https:\/\/www.france.fi\/fr\/wp-json\/wp\/v2\/media\/14672"}],"wp:attachment":[{"href":"https:\/\/www.france.fi\/fr\/wp-json\/wp\/v2\/media?parent=14671"}],"wp:term":[{"taxonomy":"category","embeddable":true,"href":"https:\/\/www.france.fi\/fr\/wp-json\/wp\/v2\/categories?post=14671"},{"taxonomy":"post_tag","embeddable":true,"href":"https:\/\/www.france.fi\/fr\/wp-json\/wp\/v2\/tags?post=14671"}],"curies":[{"name":"wp","href":"https:\/\/api.w.org\/{rel}","templated":true}]}}