{"id":14708,"date":"2023-10-26T11:38:30","date_gmt":"2023-10-26T08:38:30","guid":{"rendered":"https:\/\/www.france.fi\/?p=14708"},"modified":"2024-04-30T13:01:41","modified_gmt":"2024-04-30T10:01:41","slug":"concours-de-lecture-a-voix-haute-franco-allemand-2023-2024","status":"publish","type":"post","link":"https:\/\/www.france.fi\/fr\/langue-francaise\/concours-de-lecture-a-voix-haute-franco-allemand-2023-2024\/","title":{"rendered":"Concours de lecture \u00e0 voix haute franco-allemand 2023-2024"},"content":{"rendered":"<p>Ce concours se d\u00e9roulera en deux tours. Le premier se fera en ligne. Les participants devront cr\u00e9er une vid\u00e9o de leur lecture et leur professeur devront la remettre pour le 31 janvier au plus tard. La finale se d\u00e9roulera \u00e0 Helsinki en pr\u00e9sentiel.<\/p>\n<h6>Voici les \u00e9tapes :<\/h6>\n<ul>\n<li><strong>Inscription au concours<\/strong> par les enseignants\u00a0<em>(voir le formulaire ci-dessous) <\/em>et r\u00e9ception des textes\u00a0: du <u>1<sup>er<\/sup> novembre au 20 janvier 2024<\/u><strong>.<\/strong><\/li>\n<li><strong>Premier tour\u00a0: <\/strong>envoi du lien de la vid\u00e9o <u>avant le 31 janvier 2024<\/u><strong>. <\/strong><\/li>\n<li><u>Proc\u00e9dure<\/u>\u00a0:\n<ul>\n<li>Les professeurs mettent \u00e0 disposition la participation vid\u00e9o des \u00e9l\u00e8ves (on doit clairement voir et entendre le participant en train de lire).<\/li>\n<li>Ils d\u00e9posent la vid\u00e9o via un h\u00e9bergeur (exemple\u00a0: WeTransfer, Google Drive, One Drive, etc).<\/li>\n<li>Ils envoient le lien \u00e0 <a href=\"mailto:stephane.alati@france.fi\"><strong>stephane.alati@france.fi<\/strong><\/a><\/li>\n<\/ul>\n<\/li>\n<\/ul>\n<p><strong>Ne pas envoyer directement la vid\u00e9o en pi\u00e8ce jointe<\/strong>\u00a0<strong>sur l\u2019adresse mail svp<\/strong>.<\/p>\n<ul>\n<li><strong>Finale : 11 avril 2024 \u2013 lieu \u00e0 d\u00e9terminer (\u00e0 Helsinki).\u00a0<\/strong>Elle r\u00e9unira les 18 finalistes (3 par cat\u00e9gories). Les billets de train des finalistes retenus seront pris en charge par l\u2019Institut fran\u00e7ais et le Goethe Institut.<\/li>\n<\/ul>\n<h4><strong>Qui peut participer ?<\/strong><\/h4>\n<p>Ce concours est ouvert aux \u00e9l\u00e8ves de fran\u00e7ais et d\u2019allemand.<\/p>\n<p>Trois tranches d\u2019\u00e2ges seront distingu\u00e9es (les classes 4 \u00e0 6\u00a0: 10-12 ans, les classes 7 \u00e0 9\u00a0: 13-15 ans et les classes 10 \u00e0 12\u00a0: 16-18 ans) dans deux grands niveaux (les d\u00e9butants\u00a0et les interm\u00e9diaires\/avanc\u00e9s), soit 6 cat\u00e9gories au total.<\/p>\n<p>Seuls les enseignants peuvent inscrire leurs classes ou certains de leurs \u00e9l\u00e8ves au concours.<\/p>\n<p>Parmi les textes propos\u00e9s, les \u00e9l\u00e8ves pourront choisir celui qui leur correspond le plus. Nous mettons \u00e0 disposition des \u00e9l\u00e8ves un choix assez large de textes (entre 4 et 6 propositions par cat\u00e9gorie). Dans cette s\u00e9lection, ils pourront choisir leur texte pr\u00e9f\u00e9r\u00e9 parmi plusieurs types de textes (extraits de romans, po\u00e8mes, etc.) de longueur diff\u00e9rente.<\/p>\n<h4><strong>Pourquoi participer ?<\/strong><\/h4>\n<p>Pour pratiquer la langue sous une autre forme et donner l\u2019occasion aux \u00e9l\u00e8ves-lecteurs le plaisir de partager leur lecture et de d\u00e9couvrir celle des autres.<\/p>\n<p>Pour favoriser et am\u00e9liorer l\u2019interaction et le travail sur la prononciation \u00e0 travers une activit\u00e9 cr\u00e9ative et ludique.<\/p>\n<p>Pour donner \u00e0 tous l\u2019occasion de montrer leurs comp\u00e9tences en fran\u00e7ais ou en allemand.<\/p>\n<h4><strong>Comment participer ?<\/strong><\/h4>\n<p>Inscription jusqu\u2019au <span style=\"color: #ff0000;\"><strong>20 janvier 2024<\/strong><\/span> en remplissant le formulaire ci-dessous :<\/p>\n<p>[contact-form-7 id=\u00a0\u00bb8ce9f4e\u00a0\u00bb title=\u00a0\u00bbInscription Concours de lecture 2023-2024&Prime;]<\/p>\n<p>Inscriptions uniquement par l\u2019enseignant pour toute ou une partie de sa classe.<\/p>\n<p>Seuls les enseignants de fran\u00e7ais (pour le concours en fran\u00e7ais) en Finlande peuvent inscrire leurs classes. Aucune inscription individuelle et aucune inscription hors de Finlande n\u2019est accept\u00e9e.<\/p>\n<p>Apr\u00e8s les inscriptions, les enseignants re\u00e7oivent par mail les textes \u00e0 faire pr\u00e9parer \u00e0 leurs \u00e9l\u00e8ves pour le premier tour.\u00a0<strong>Les textes seront disponibles en novembre<\/strong>.<\/p>\n<p>Pour la finale, le choix du texte sera libre : les participants peuvent choisir le texte qu\u2019ils veulent, \u00e0 condition que celui-ci ne d\u00e9passe pas une page.<\/p>\n","protected":false},"excerpt":{"rendered":"<p>Bienvenue pour une nouvelle \u00e9dition du concours ! Toute la Finlande y est invit\u00e9e ! \u00c0 travers une grande diversit\u00e9 de textes, les \u00e9l\u00e8ves auront pour d\u00e9fi de rendre leur lecture vivante !<\/p>\n","protected":false},"author":2,"featured_media":14725,"comment_status":"closed","ping_status":"open","sticky":false,"template":"","format":"standard","meta":{"footnotes":""},"categories":[45],"tags":[],"class_list":["post-14708","post","type-post","status-publish","format-standard","has-post-thumbnail","hentry","category-langue-francaise"],"yoast_head":"<!-- This site is optimized with the Yoast SEO plugin v27.4 - https:\/\/yoast.com\/product\/yoast-seo-wordpress\/ -->\n<title>Concours de lecture \u00e0 voix haute franco-allemand 2023-2024 - Institut fran\u00e7ais<\/title>\n<meta name=\"robots\" content=\"index, follow, max-snippet:-1, max-image-preview:large, max-video-preview:-1\" \/>\n<link rel=\"canonical\" href=\"https:\/\/www.france.fi\/fr\/langue-francaise\/concours-de-lecture-a-voix-haute-franco-allemand-2023-2024\/\" \/>\n<meta property=\"og:locale\" content=\"fr_FR\" \/>\n<meta property=\"og:type\" content=\"article\" \/>\n<meta property=\"og:title\" content=\"Concours de lecture \u00e0 voix haute franco-allemand 2023-2024 - Institut fran\u00e7ais\" \/>\n<meta property=\"og:description\" content=\"Bienvenue pour une nouvelle \u00e9dition du concours ! Toute la Finlande y est invit\u00e9e ! \u00c0 travers une grande diversit\u00e9 de textes, les \u00e9l\u00e8ves auront pour d\u00e9fi de rendre leur lecture vivante !\" \/>\n<meta property=\"og:url\" content=\"https:\/\/www.france.fi\/fr\/langue-francaise\/concours-de-lecture-a-voix-haute-franco-allemand-2023-2024\/\" \/>\n<meta property=\"og:site_name\" content=\"Institut fran\u00e7ais\" \/>\n<meta property=\"article:publisher\" content=\"https:\/\/www.facebook.com\/institutfrancaisfi\" \/>\n<meta property=\"article:published_time\" content=\"2023-10-26T08:38:30+00:00\" \/>\n<meta property=\"article:modified_time\" content=\"2024-04-30T10:01:41+00:00\" \/>\n<meta property=\"og:image\" content=\"https:\/\/www.france.fi\/wp-content\/uploads\/2023\/10\/le-concours-de-lecture-franco-allemenand-1098x617.jpg\" \/>\n\t<meta property=\"og:image:width\" content=\"1280\" \/>\n\t<meta property=\"og:image:height\" content=\"720\" \/>\n\t<meta property=\"og:image:type\" content=\"image\/jpeg\" \/>\n<meta name=\"author\" content=\"Equipe IFF\" \/>\n<meta name=\"twitter:card\" content=\"summary_large_image\" \/>\n<meta name=\"twitter:creator\" content=\"@IFFinlande\" \/>\n<meta name=\"twitter:site\" content=\"@IFFinlande\" \/>\n<meta name=\"twitter:label1\" content=\"\u00c9crit par\" \/>\n\t<meta name=\"twitter:data1\" content=\"Equipe IFF\" \/>\n\t<meta name=\"twitter:label2\" content=\"Dur\u00e9e de lecture estim\u00e9e\" \/>\n\t<meta name=\"twitter:data2\" content=\"3 minutes\" \/>\n<script type=\"application\/ld+json\" class=\"yoast-schema-graph\">{\"@context\":\"https:\\\/\\\/schema.org\",\"@graph\":[{\"@type\":\"Article\",\"@id\":\"https:\\\/\\\/www.france.fi\\\/fr\\\/langue-francaise\\\/concours-de-lecture-a-voix-haute-franco-allemand-2023-2024\\\/#article\",\"isPartOf\":{\"@id\":\"https:\\\/\\\/www.france.fi\\\/fr\\\/langue-francaise\\\/concours-de-lecture-a-voix-haute-franco-allemand-2023-2024\\\/\"},\"author\":{\"name\":\"Equipe IFF\",\"@id\":\"https:\\\/\\\/www.france.fi\\\/#\\\/schema\\\/person\\\/ed873f29db1d0af6a3600d15d3b65bfd\"},\"headline\":\"Concours de lecture \u00e0 voix haute franco-allemand 2023-2024\",\"datePublished\":\"2023-10-26T08:38:30+00:00\",\"dateModified\":\"2024-04-30T10:01:41+00:00\",\"mainEntityOfPage\":{\"@id\":\"https:\\\/\\\/www.france.fi\\\/fr\\\/langue-francaise\\\/concours-de-lecture-a-voix-haute-franco-allemand-2023-2024\\\/\"},\"wordCount\":505,\"publisher\":{\"@id\":\"https:\\\/\\\/www.france.fi\\\/#organization\"},\"image\":{\"@id\":\"https:\\\/\\\/www.france.fi\\\/fr\\\/langue-francaise\\\/concours-de-lecture-a-voix-haute-franco-allemand-2023-2024\\\/#primaryimage\"},\"thumbnailUrl\":\"https:\\\/\\\/www.france.fi\\\/wp-content\\\/uploads\\\/2023\\\/10\\\/le-concours-de-lecture-franco-allemenand-1098x617.jpg\",\"articleSection\":[\"Langue fran\u00e7aise\"],\"inLanguage\":\"fr-FR\"},{\"@type\":\"WebPage\",\"@id\":\"https:\\\/\\\/www.france.fi\\\/fr\\\/langue-francaise\\\/concours-de-lecture-a-voix-haute-franco-allemand-2023-2024\\\/\",\"url\":\"https:\\\/\\\/www.france.fi\\\/fr\\\/langue-francaise\\\/concours-de-lecture-a-voix-haute-franco-allemand-2023-2024\\\/\",\"name\":\"Concours de lecture \u00e0 voix haute franco-allemand 2023-2024 - Institut fran\u00e7ais\",\"isPartOf\":{\"@id\":\"https:\\\/\\\/www.france.fi\\\/#website\"},\"primaryImageOfPage\":{\"@id\":\"https:\\\/\\\/www.france.fi\\\/fr\\\/langue-francaise\\\/concours-de-lecture-a-voix-haute-franco-allemand-2023-2024\\\/#primaryimage\"},\"image\":{\"@id\":\"https:\\\/\\\/www.france.fi\\\/fr\\\/langue-francaise\\\/concours-de-lecture-a-voix-haute-franco-allemand-2023-2024\\\/#primaryimage\"},\"thumbnailUrl\":\"https:\\\/\\\/www.france.fi\\\/wp-content\\\/uploads\\\/2023\\\/10\\\/le-concours-de-lecture-franco-allemenand-1098x617.jpg\",\"datePublished\":\"2023-10-26T08:38:30+00:00\",\"dateModified\":\"2024-04-30T10:01:41+00:00\",\"breadcrumb\":{\"@id\":\"https:\\\/\\\/www.france.fi\\\/fr\\\/langue-francaise\\\/concours-de-lecture-a-voix-haute-franco-allemand-2023-2024\\\/#breadcrumb\"},\"inLanguage\":\"fr-FR\",\"potentialAction\":[{\"@type\":\"ReadAction\",\"target\":[\"https:\\\/\\\/www.france.fi\\\/fr\\\/langue-francaise\\\/concours-de-lecture-a-voix-haute-franco-allemand-2023-2024\\\/\"]}]},{\"@type\":\"ImageObject\",\"inLanguage\":\"fr-FR\",\"@id\":\"https:\\\/\\\/www.france.fi\\\/fr\\\/langue-francaise\\\/concours-de-lecture-a-voix-haute-franco-allemand-2023-2024\\\/#primaryimage\",\"url\":\"https:\\\/\\\/www.france.fi\\\/wp-content\\\/uploads\\\/2023\\\/10\\\/le-concours-de-lecture-franco-allemenand-1098x617.jpg\",\"contentUrl\":\"https:\\\/\\\/www.france.fi\\\/wp-content\\\/uploads\\\/2023\\\/10\\\/le-concours-de-lecture-franco-allemenand-1098x617.jpg\",\"width\":1280,\"height\":720},{\"@type\":\"BreadcrumbList\",\"@id\":\"https:\\\/\\\/www.france.fi\\\/fr\\\/langue-francaise\\\/concours-de-lecture-a-voix-haute-franco-allemand-2023-2024\\\/#breadcrumb\",\"itemListElement\":[{\"@type\":\"ListItem\",\"position\":1,\"name\":\"Home\",\"item\":\"https:\\\/\\\/www.france.fi\\\/fr\\\/\"},{\"@type\":\"ListItem\",\"position\":2,\"name\":\"Langue fran\u00e7aise\",\"item\":\"https:\\\/\\\/www.france.fi\\\/fr\\\/category\\\/langue-francaise\\\/\"},{\"@type\":\"ListItem\",\"position\":3,\"name\":\"Concours de lecture \u00e0 voix haute franco-allemand 2023-2024\"}]},{\"@type\":\"WebSite\",\"@id\":\"https:\\\/\\\/www.france.fi\\\/#website\",\"url\":\"https:\\\/\\\/www.france.fi\\\/\",\"name\":\"Institut fran\u00e7ais de Finlande\",\"description\":\"\",\"publisher\":{\"@id\":\"https:\\\/\\\/www.france.fi\\\/#organization\"},\"potentialAction\":[{\"@type\":\"SearchAction\",\"target\":{\"@type\":\"EntryPoint\",\"urlTemplate\":\"https:\\\/\\\/www.france.fi\\\/?s={search_term_string}\"},\"query-input\":{\"@type\":\"PropertyValueSpecification\",\"valueRequired\":true,\"valueName\":\"search_term_string\"}}],\"inLanguage\":\"fr-FR\"},{\"@type\":\"Organization\",\"@id\":\"https:\\\/\\\/www.france.fi\\\/#organization\",\"name\":\"Institut fran\u00e7ais de Finlande\",\"url\":\"https:\\\/\\\/www.france.fi\\\/\",\"logo\":{\"@type\":\"ImageObject\",\"inLanguage\":\"fr-FR\",\"@id\":\"https:\\\/\\\/www.france.fi\\\/#\\\/schema\\\/logo\\\/image\\\/\",\"url\":\"https:\\\/\\\/www.france.fi\\\/wp-content\\\/uploads\\\/2024\\\/02\\\/if-logo-1.png\",\"contentUrl\":\"https:\\\/\\\/www.france.fi\\\/wp-content\\\/uploads\\\/2024\\\/02\\\/if-logo-1.png\",\"width\":687,\"height\":459,\"caption\":\"Institut fran\u00e7ais de Finlande\"},\"image\":{\"@id\":\"https:\\\/\\\/www.france.fi\\\/#\\\/schema\\\/logo\\\/image\\\/\"},\"sameAs\":[\"https:\\\/\\\/www.facebook.com\\\/institutfrancaisfi\",\"https:\\\/\\\/x.com\\\/IFFinlande\",\"https:\\\/\\\/www.instagram.com\\\/iffinlande\\\/\",\"https:\\\/\\\/fr.linkedin.com\\\/organization-guest\\\/company\\\/institut-fran-ais-de-finlande\",\"https:\\\/\\\/www.youtube.com\\\/channel\\\/UCHAitdpmSbeP78eL49XMotA\"]},{\"@type\":\"Person\",\"@id\":\"https:\\\/\\\/www.france.fi\\\/#\\\/schema\\\/person\\\/ed873f29db1d0af6a3600d15d3b65bfd\",\"name\":\"Equipe IFF\",\"image\":{\"@type\":\"ImageObject\",\"inLanguage\":\"fr-FR\",\"@id\":\"https:\\\/\\\/secure.gravatar.com\\\/avatar\\\/3c4ba80228d01014b25e45e90abb28ce315a02c6572751a7fb2298e4274989fc?s=96&d=mm&r=g\",\"url\":\"https:\\\/\\\/secure.gravatar.com\\\/avatar\\\/3c4ba80228d01014b25e45e90abb28ce315a02c6572751a7fb2298e4274989fc?s=96&d=mm&r=g\",\"contentUrl\":\"https:\\\/\\\/secure.gravatar.com\\\/avatar\\\/3c4ba80228d01014b25e45e90abb28ce315a02c6572751a7fb2298e4274989fc?s=96&d=mm&r=g\",\"caption\":\"Equipe IFF\"},\"url\":\"https:\\\/\\\/www.france.fi\\\/fr\\\/author\\\/iffadmin\\\/\"}]}<\/script>\n<!-- \/ Yoast SEO plugin. -->","yoast_head_json":{"title":"Concours de lecture \u00e0 voix haute franco-allemand 2023-2024 - Institut fran\u00e7ais","robots":{"index":"index","follow":"follow","max-snippet":"max-snippet:-1","max-image-preview":"max-image-preview:large","max-video-preview":"max-video-preview:-1"},"canonical":"https:\/\/www.france.fi\/fr\/langue-francaise\/concours-de-lecture-a-voix-haute-franco-allemand-2023-2024\/","og_locale":"fr_FR","og_type":"article","og_title":"Concours de lecture \u00e0 voix haute franco-allemand 2023-2024 - Institut fran\u00e7ais","og_description":"Bienvenue pour une nouvelle \u00e9dition du concours ! Toute la Finlande y est invit\u00e9e ! \u00c0 travers une grande diversit\u00e9 de textes, les \u00e9l\u00e8ves auront pour d\u00e9fi de rendre leur lecture vivante !","og_url":"https:\/\/www.france.fi\/fr\/langue-francaise\/concours-de-lecture-a-voix-haute-franco-allemand-2023-2024\/","og_site_name":"Institut fran\u00e7ais","article_publisher":"https:\/\/www.facebook.com\/institutfrancaisfi","article_published_time":"2023-10-26T08:38:30+00:00","article_modified_time":"2024-04-30T10:01:41+00:00","og_image":[{"width":1280,"height":720,"url":"https:\/\/www.france.fi\/wp-content\/uploads\/2023\/10\/le-concours-de-lecture-franco-allemenand-1098x617.jpg","type":"image\/jpeg"}],"author":"Equipe IFF","twitter_card":"summary_large_image","twitter_creator":"@IFFinlande","twitter_site":"@IFFinlande","twitter_misc":{"\u00c9crit par":"Equipe IFF","Dur\u00e9e de lecture estim\u00e9e":"3 minutes"},"schema":{"@context":"https:\/\/schema.org","@graph":[{"@type":"Article","@id":"https:\/\/www.france.fi\/fr\/langue-francaise\/concours-de-lecture-a-voix-haute-franco-allemand-2023-2024\/#article","isPartOf":{"@id":"https:\/\/www.france.fi\/fr\/langue-francaise\/concours-de-lecture-a-voix-haute-franco-allemand-2023-2024\/"},"author":{"name":"Equipe IFF","@id":"https:\/\/www.france.fi\/#\/schema\/person\/ed873f29db1d0af6a3600d15d3b65bfd"},"headline":"Concours de lecture \u00e0 voix haute franco-allemand 2023-2024","datePublished":"2023-10-26T08:38:30+00:00","dateModified":"2024-04-30T10:01:41+00:00","mainEntityOfPage":{"@id":"https:\/\/www.france.fi\/fr\/langue-francaise\/concours-de-lecture-a-voix-haute-franco-allemand-2023-2024\/"},"wordCount":505,"publisher":{"@id":"https:\/\/www.france.fi\/#organization"},"image":{"@id":"https:\/\/www.france.fi\/fr\/langue-francaise\/concours-de-lecture-a-voix-haute-franco-allemand-2023-2024\/#primaryimage"},"thumbnailUrl":"https:\/\/www.france.fi\/wp-content\/uploads\/2023\/10\/le-concours-de-lecture-franco-allemenand-1098x617.jpg","articleSection":["Langue fran\u00e7aise"],"inLanguage":"fr-FR"},{"@type":"WebPage","@id":"https:\/\/www.france.fi\/fr\/langue-francaise\/concours-de-lecture-a-voix-haute-franco-allemand-2023-2024\/","url":"https:\/\/www.france.fi\/fr\/langue-francaise\/concours-de-lecture-a-voix-haute-franco-allemand-2023-2024\/","name":"Concours de lecture \u00e0 voix haute franco-allemand 2023-2024 - Institut fran\u00e7ais","isPartOf":{"@id":"https:\/\/www.france.fi\/#website"},"primaryImageOfPage":{"@id":"https:\/\/www.france.fi\/fr\/langue-francaise\/concours-de-lecture-a-voix-haute-franco-allemand-2023-2024\/#primaryimage"},"image":{"@id":"https:\/\/www.france.fi\/fr\/langue-francaise\/concours-de-lecture-a-voix-haute-franco-allemand-2023-2024\/#primaryimage"},"thumbnailUrl":"https:\/\/www.france.fi\/wp-content\/uploads\/2023\/10\/le-concours-de-lecture-franco-allemenand-1098x617.jpg","datePublished":"2023-10-26T08:38:30+00:00","dateModified":"2024-04-30T10:01:41+00:00","breadcrumb":{"@id":"https:\/\/www.france.fi\/fr\/langue-francaise\/concours-de-lecture-a-voix-haute-franco-allemand-2023-2024\/#breadcrumb"},"inLanguage":"fr-FR","potentialAction":[{"@type":"ReadAction","target":["https:\/\/www.france.fi\/fr\/langue-francaise\/concours-de-lecture-a-voix-haute-franco-allemand-2023-2024\/"]}]},{"@type":"ImageObject","inLanguage":"fr-FR","@id":"https:\/\/www.france.fi\/fr\/langue-francaise\/concours-de-lecture-a-voix-haute-franco-allemand-2023-2024\/#primaryimage","url":"https:\/\/www.france.fi\/wp-content\/uploads\/2023\/10\/le-concours-de-lecture-franco-allemenand-1098x617.jpg","contentUrl":"https:\/\/www.france.fi\/wp-content\/uploads\/2023\/10\/le-concours-de-lecture-franco-allemenand-1098x617.jpg","width":1280,"height":720},{"@type":"BreadcrumbList","@id":"https:\/\/www.france.fi\/fr\/langue-francaise\/concours-de-lecture-a-voix-haute-franco-allemand-2023-2024\/#breadcrumb","itemListElement":[{"@type":"ListItem","position":1,"name":"Home","item":"https:\/\/www.france.fi\/fr\/"},{"@type":"ListItem","position":2,"name":"Langue fran\u00e7aise","item":"https:\/\/www.france.fi\/fr\/category\/langue-francaise\/"},{"@type":"ListItem","position":3,"name":"Concours de lecture \u00e0 voix haute franco-allemand 2023-2024"}]},{"@type":"WebSite","@id":"https:\/\/www.france.fi\/#website","url":"https:\/\/www.france.fi\/","name":"Institut fran\u00e7ais de Finlande","description":"","publisher":{"@id":"https:\/\/www.france.fi\/#organization"},"potentialAction":[{"@type":"SearchAction","target":{"@type":"EntryPoint","urlTemplate":"https:\/\/www.france.fi\/?s={search_term_string}"},"query-input":{"@type":"PropertyValueSpecification","valueRequired":true,"valueName":"search_term_string"}}],"inLanguage":"fr-FR"},{"@type":"Organization","@id":"https:\/\/www.france.fi\/#organization","name":"Institut fran\u00e7ais de Finlande","url":"https:\/\/www.france.fi\/","logo":{"@type":"ImageObject","inLanguage":"fr-FR","@id":"https:\/\/www.france.fi\/#\/schema\/logo\/image\/","url":"https:\/\/www.france.fi\/wp-content\/uploads\/2024\/02\/if-logo-1.png","contentUrl":"https:\/\/www.france.fi\/wp-content\/uploads\/2024\/02\/if-logo-1.png","width":687,"height":459,"caption":"Institut fran\u00e7ais de Finlande"},"image":{"@id":"https:\/\/www.france.fi\/#\/schema\/logo\/image\/"},"sameAs":["https:\/\/www.facebook.com\/institutfrancaisfi","https:\/\/x.com\/IFFinlande","https:\/\/www.instagram.com\/iffinlande\/","https:\/\/fr.linkedin.com\/organization-guest\/company\/institut-fran-ais-de-finlande","https:\/\/www.youtube.com\/channel\/UCHAitdpmSbeP78eL49XMotA"]},{"@type":"Person","@id":"https:\/\/www.france.fi\/#\/schema\/person\/ed873f29db1d0af6a3600d15d3b65bfd","name":"Equipe IFF","image":{"@type":"ImageObject","inLanguage":"fr-FR","@id":"https:\/\/secure.gravatar.com\/avatar\/3c4ba80228d01014b25e45e90abb28ce315a02c6572751a7fb2298e4274989fc?s=96&d=mm&r=g","url":"https:\/\/secure.gravatar.com\/avatar\/3c4ba80228d01014b25e45e90abb28ce315a02c6572751a7fb2298e4274989fc?s=96&d=mm&r=g","contentUrl":"https:\/\/secure.gravatar.com\/avatar\/3c4ba80228d01014b25e45e90abb28ce315a02c6572751a7fb2298e4274989fc?s=96&d=mm&r=g","caption":"Equipe IFF"},"url":"https:\/\/www.france.fi\/fr\/author\/iffadmin\/"}]}},"_links":{"self":[{"href":"https:\/\/www.france.fi\/fr\/wp-json\/wp\/v2\/posts\/14708","targetHints":{"allow":["GET"]}}],"collection":[{"href":"https:\/\/www.france.fi\/fr\/wp-json\/wp\/v2\/posts"}],"about":[{"href":"https:\/\/www.france.fi\/fr\/wp-json\/wp\/v2\/types\/post"}],"author":[{"embeddable":true,"href":"https:\/\/www.france.fi\/fr\/wp-json\/wp\/v2\/users\/2"}],"replies":[{"embeddable":true,"href":"https:\/\/www.france.fi\/fr\/wp-json\/wp\/v2\/comments?post=14708"}],"version-history":[{"count":0,"href":"https:\/\/www.france.fi\/fr\/wp-json\/wp\/v2\/posts\/14708\/revisions"}],"wp:featuredmedia":[{"embeddable":true,"href":"https:\/\/www.france.fi\/fr\/wp-json\/wp\/v2\/media\/14725"}],"wp:attachment":[{"href":"https:\/\/www.france.fi\/fr\/wp-json\/wp\/v2\/media?parent=14708"}],"wp:term":[{"taxonomy":"category","embeddable":true,"href":"https:\/\/www.france.fi\/fr\/wp-json\/wp\/v2\/categories?post=14708"},{"taxonomy":"post_tag","embeddable":true,"href":"https:\/\/www.france.fi\/fr\/wp-json\/wp\/v2\/tags?post=14708"}],"curies":[{"name":"wp","href":"https:\/\/api.w.org\/{rel}","templated":true}]}}