{"id":15093,"date":"2023-11-29T11:40:57","date_gmt":"2023-11-29T09:40:57","guid":{"rendered":"https:\/\/www.france.fi\/?p=15093"},"modified":"2024-04-04T10:17:05","modified_gmt":"2024-04-04T07:17:05","slug":"asterix-liris-blanc","status":"publish","type":"post","link":"https:\/\/www.france.fi\/fr\/mediatheque\/asterix-liris-blanc\/","title":{"rendered":"Asterix : \u00ab L\u2019Iris blanc \u00bb"},"content":{"rendered":"<div>\n<p>On vous l\u2019avoue : on se posait quelques questions ! Il faut dire qu\u2019Ast\u00e9rix est une l\u00e9gende et qu\u2019on se demande \u00e0 chaque album comment les (nouveaux) auteurs vont pouvoir honorer l\u2019h\u00e9ritage des irrempla\u00e7ables Ren\u00e9 Goscinny et Albert Uderzo. Allions-nous \u00eatre d\u00e9\u00e7us ?<\/p>\n<p>Abr\u00e9geons le suspens : \u00ab L\u2019Iris blanc \u00bb est pour nous l\u2019un des meilleurs albums de la s\u00e9rie, le meilleur depuis longtemps. Les dessins de Didier Conrad sont modernes et travaill\u00e9s, et les textes de Fabcaro percutants et r\u00e9fl\u00e9chis ! On y retrouve une avalanche de jeux de mots dignes du ma\u00eetre Goscinny et un r\u00e9el humour \u00e0 la fois accessible et intelligent. Le sc\u00e9nario est original et propose une satire d\u00e9sopilante de notre soci\u00e9t\u00e9 bien-pensante. Bref : une r\u00e9ussite que les abonn\u00e9s de notre m\u00e9diath\u00e8que vont s\u2019arracher !<\/p>\n<\/div>\n","protected":false},"excerpt":{"rendered":"<p>Il \u00e9tait attendu ! Apr\u00e8s un long voyage depuis la France, le tout dernier album d\u2019Ast\u00e9rix est arriv\u00e9 \u00e0 la m\u00e9diath\u00e8que de l\u2019Institut fran\u00e7ais de Finlande ! Voici donc la suggestion litt\u00e9raire de la semaine.<\/p>\n","protected":false},"author":2,"featured_media":15094,"comment_status":"closed","ping_status":"open","sticky":false,"template":"","format":"standard","meta":{"footnotes":""},"categories":[3],"tags":[],"class_list":["post-15093","post","type-post","status-publish","format-standard","has-post-thumbnail","hentry","category-mediatheque"],"yoast_head":"<!-- This site is optimized with the Yoast SEO plugin v27.4 - https:\/\/yoast.com\/product\/yoast-seo-wordpress\/ -->\n<title>Asterix : \u00ab L\u2019Iris blanc \u00bb - Institut fran\u00e7ais<\/title>\n<meta name=\"robots\" content=\"index, follow, max-snippet:-1, max-image-preview:large, max-video-preview:-1\" \/>\n<link rel=\"canonical\" href=\"https:\/\/www.france.fi\/fr\/mediatheque\/asterix-liris-blanc\/\" \/>\n<meta property=\"og:locale\" content=\"fr_FR\" \/>\n<meta property=\"og:type\" content=\"article\" \/>\n<meta property=\"og:title\" content=\"Asterix : \u00ab L\u2019Iris blanc \u00bb - Institut fran\u00e7ais\" \/>\n<meta property=\"og:description\" content=\"Il \u00e9tait attendu ! Apr\u00e8s un long voyage depuis la France, le tout dernier album d\u2019Ast\u00e9rix est arriv\u00e9 \u00e0 la m\u00e9diath\u00e8que de l\u2019Institut fran\u00e7ais de Finlande ! Voici donc la suggestion litt\u00e9raire de la semaine.\" \/>\n<meta property=\"og:url\" content=\"https:\/\/www.france.fi\/fr\/mediatheque\/asterix-liris-blanc\/\" \/>\n<meta property=\"og:site_name\" content=\"Institut fran\u00e7ais\" \/>\n<meta property=\"article:publisher\" content=\"https:\/\/www.facebook.com\/institutfrancaisfi\" \/>\n<meta property=\"article:published_time\" content=\"2023-11-29T09:40:57+00:00\" \/>\n<meta property=\"article:modified_time\" content=\"2024-04-04T07:17:05+00:00\" \/>\n<meta property=\"og:image\" content=\"https:\/\/www.france.fi\/wp-content\/uploads\/2023\/11\/Asterix-LIris-blanc--1098x617.jpg\" \/>\n\t<meta property=\"og:image:width\" content=\"1280\" \/>\n\t<meta property=\"og:image:height\" content=\"720\" \/>\n\t<meta property=\"og:image:type\" content=\"image\/jpeg\" \/>\n<meta name=\"author\" content=\"Equipe IFF\" \/>\n<meta name=\"twitter:card\" content=\"summary_large_image\" \/>\n<meta name=\"twitter:creator\" content=\"@IFFinlande\" \/>\n<meta name=\"twitter:site\" content=\"@IFFinlande\" \/>\n<meta name=\"twitter:label1\" content=\"\u00c9crit par\" \/>\n\t<meta name=\"twitter:data1\" content=\"Equipe IFF\" \/>\n\t<meta name=\"twitter:label2\" content=\"Dur\u00e9e de lecture estim\u00e9e\" \/>\n\t<meta name=\"twitter:data2\" content=\"1 minute\" \/>\n<script type=\"application\/ld+json\" class=\"yoast-schema-graph\">{\"@context\":\"https:\\\/\\\/schema.org\",\"@graph\":[{\"@type\":\"Article\",\"@id\":\"https:\\\/\\\/www.france.fi\\\/fr\\\/mediatheque\\\/asterix-liris-blanc\\\/#article\",\"isPartOf\":{\"@id\":\"https:\\\/\\\/www.france.fi\\\/fr\\\/mediatheque\\\/asterix-liris-blanc\\\/\"},\"author\":{\"name\":\"Equipe IFF\",\"@id\":\"https:\\\/\\\/www.france.fi\\\/#\\\/schema\\\/person\\\/ed873f29db1d0af6a3600d15d3b65bfd\"},\"headline\":\"Asterix : \u00ab L\u2019Iris blanc \u00bb\",\"datePublished\":\"2023-11-29T09:40:57+00:00\",\"dateModified\":\"2024-04-04T07:17:05+00:00\",\"mainEntityOfPage\":{\"@id\":\"https:\\\/\\\/www.france.fi\\\/fr\\\/mediatheque\\\/asterix-liris-blanc\\\/\"},\"wordCount\":151,\"publisher\":{\"@id\":\"https:\\\/\\\/www.france.fi\\\/#organization\"},\"image\":{\"@id\":\"https:\\\/\\\/www.france.fi\\\/fr\\\/mediatheque\\\/asterix-liris-blanc\\\/#primaryimage\"},\"thumbnailUrl\":\"https:\\\/\\\/www.france.fi\\\/wp-content\\\/uploads\\\/2023\\\/11\\\/Asterix-LIris-blanc--1098x617.jpg\",\"articleSection\":[\"M\u00e9diath\u00e8que\"],\"inLanguage\":\"fr-FR\"},{\"@type\":\"WebPage\",\"@id\":\"https:\\\/\\\/www.france.fi\\\/fr\\\/mediatheque\\\/asterix-liris-blanc\\\/\",\"url\":\"https:\\\/\\\/www.france.fi\\\/fr\\\/mediatheque\\\/asterix-liris-blanc\\\/\",\"name\":\"Asterix : \u00ab L\u2019Iris blanc \u00bb - Institut fran\u00e7ais\",\"isPartOf\":{\"@id\":\"https:\\\/\\\/www.france.fi\\\/#website\"},\"primaryImageOfPage\":{\"@id\":\"https:\\\/\\\/www.france.fi\\\/fr\\\/mediatheque\\\/asterix-liris-blanc\\\/#primaryimage\"},\"image\":{\"@id\":\"https:\\\/\\\/www.france.fi\\\/fr\\\/mediatheque\\\/asterix-liris-blanc\\\/#primaryimage\"},\"thumbnailUrl\":\"https:\\\/\\\/www.france.fi\\\/wp-content\\\/uploads\\\/2023\\\/11\\\/Asterix-LIris-blanc--1098x617.jpg\",\"datePublished\":\"2023-11-29T09:40:57+00:00\",\"dateModified\":\"2024-04-04T07:17:05+00:00\",\"breadcrumb\":{\"@id\":\"https:\\\/\\\/www.france.fi\\\/fr\\\/mediatheque\\\/asterix-liris-blanc\\\/#breadcrumb\"},\"inLanguage\":\"fr-FR\",\"potentialAction\":[{\"@type\":\"ReadAction\",\"target\":[\"https:\\\/\\\/www.france.fi\\\/fr\\\/mediatheque\\\/asterix-liris-blanc\\\/\"]}]},{\"@type\":\"ImageObject\",\"inLanguage\":\"fr-FR\",\"@id\":\"https:\\\/\\\/www.france.fi\\\/fr\\\/mediatheque\\\/asterix-liris-blanc\\\/#primaryimage\",\"url\":\"https:\\\/\\\/www.france.fi\\\/wp-content\\\/uploads\\\/2023\\\/11\\\/Asterix-LIris-blanc--1098x617.jpg\",\"contentUrl\":\"https:\\\/\\\/www.france.fi\\\/wp-content\\\/uploads\\\/2023\\\/11\\\/Asterix-LIris-blanc--1098x617.jpg\",\"width\":1280,\"height\":720},{\"@type\":\"BreadcrumbList\",\"@id\":\"https:\\\/\\\/www.france.fi\\\/fr\\\/mediatheque\\\/asterix-liris-blanc\\\/#breadcrumb\",\"itemListElement\":[{\"@type\":\"ListItem\",\"position\":1,\"name\":\"Home\",\"item\":\"https:\\\/\\\/www.france.fi\\\/fr\\\/\"},{\"@type\":\"ListItem\",\"position\":2,\"name\":\"M\u00e9diath\u00e8que\",\"item\":\"https:\\\/\\\/www.france.fi\\\/fr\\\/category\\\/mediatheque\\\/\"},{\"@type\":\"ListItem\",\"position\":3,\"name\":\"Asterix : \u00ab L\u2019Iris blanc \u00bb\"}]},{\"@type\":\"WebSite\",\"@id\":\"https:\\\/\\\/www.france.fi\\\/#website\",\"url\":\"https:\\\/\\\/www.france.fi\\\/\",\"name\":\"Institut fran\u00e7ais de Finlande\",\"description\":\"\",\"publisher\":{\"@id\":\"https:\\\/\\\/www.france.fi\\\/#organization\"},\"potentialAction\":[{\"@type\":\"SearchAction\",\"target\":{\"@type\":\"EntryPoint\",\"urlTemplate\":\"https:\\\/\\\/www.france.fi\\\/?s={search_term_string}\"},\"query-input\":{\"@type\":\"PropertyValueSpecification\",\"valueRequired\":true,\"valueName\":\"search_term_string\"}}],\"inLanguage\":\"fr-FR\"},{\"@type\":\"Organization\",\"@id\":\"https:\\\/\\\/www.france.fi\\\/#organization\",\"name\":\"Institut fran\u00e7ais de Finlande\",\"url\":\"https:\\\/\\\/www.france.fi\\\/\",\"logo\":{\"@type\":\"ImageObject\",\"inLanguage\":\"fr-FR\",\"@id\":\"https:\\\/\\\/www.france.fi\\\/#\\\/schema\\\/logo\\\/image\\\/\",\"url\":\"https:\\\/\\\/www.france.fi\\\/wp-content\\\/uploads\\\/2024\\\/02\\\/if-logo-1.png\",\"contentUrl\":\"https:\\\/\\\/www.france.fi\\\/wp-content\\\/uploads\\\/2024\\\/02\\\/if-logo-1.png\",\"width\":687,\"height\":459,\"caption\":\"Institut fran\u00e7ais de Finlande\"},\"image\":{\"@id\":\"https:\\\/\\\/www.france.fi\\\/#\\\/schema\\\/logo\\\/image\\\/\"},\"sameAs\":[\"https:\\\/\\\/www.facebook.com\\\/institutfrancaisfi\",\"https:\\\/\\\/x.com\\\/IFFinlande\",\"https:\\\/\\\/www.instagram.com\\\/iffinlande\\\/\",\"https:\\\/\\\/fr.linkedin.com\\\/organization-guest\\\/company\\\/institut-fran-ais-de-finlande\",\"https:\\\/\\\/www.youtube.com\\\/channel\\\/UCHAitdpmSbeP78eL49XMotA\"]},{\"@type\":\"Person\",\"@id\":\"https:\\\/\\\/www.france.fi\\\/#\\\/schema\\\/person\\\/ed873f29db1d0af6a3600d15d3b65bfd\",\"name\":\"Equipe IFF\",\"image\":{\"@type\":\"ImageObject\",\"inLanguage\":\"fr-FR\",\"@id\":\"https:\\\/\\\/secure.gravatar.com\\\/avatar\\\/3c4ba80228d01014b25e45e90abb28ce315a02c6572751a7fb2298e4274989fc?s=96&d=mm&r=g\",\"url\":\"https:\\\/\\\/secure.gravatar.com\\\/avatar\\\/3c4ba80228d01014b25e45e90abb28ce315a02c6572751a7fb2298e4274989fc?s=96&d=mm&r=g\",\"contentUrl\":\"https:\\\/\\\/secure.gravatar.com\\\/avatar\\\/3c4ba80228d01014b25e45e90abb28ce315a02c6572751a7fb2298e4274989fc?s=96&d=mm&r=g\",\"caption\":\"Equipe IFF\"},\"url\":\"https:\\\/\\\/www.france.fi\\\/fr\\\/author\\\/iffadmin\\\/\"}]}<\/script>\n<!-- \/ Yoast SEO plugin. -->","yoast_head_json":{"title":"Asterix : \u00ab L\u2019Iris blanc \u00bb - Institut fran\u00e7ais","robots":{"index":"index","follow":"follow","max-snippet":"max-snippet:-1","max-image-preview":"max-image-preview:large","max-video-preview":"max-video-preview:-1"},"canonical":"https:\/\/www.france.fi\/fr\/mediatheque\/asterix-liris-blanc\/","og_locale":"fr_FR","og_type":"article","og_title":"Asterix : \u00ab L\u2019Iris blanc \u00bb - Institut fran\u00e7ais","og_description":"Il \u00e9tait attendu ! Apr\u00e8s un long voyage depuis la France, le tout dernier album d\u2019Ast\u00e9rix est arriv\u00e9 \u00e0 la m\u00e9diath\u00e8que de l\u2019Institut fran\u00e7ais de Finlande ! Voici donc la suggestion litt\u00e9raire de la semaine.","og_url":"https:\/\/www.france.fi\/fr\/mediatheque\/asterix-liris-blanc\/","og_site_name":"Institut fran\u00e7ais","article_publisher":"https:\/\/www.facebook.com\/institutfrancaisfi","article_published_time":"2023-11-29T09:40:57+00:00","article_modified_time":"2024-04-04T07:17:05+00:00","og_image":[{"width":1280,"height":720,"url":"https:\/\/www.france.fi\/wp-content\/uploads\/2023\/11\/Asterix-LIris-blanc--1098x617.jpg","type":"image\/jpeg"}],"author":"Equipe IFF","twitter_card":"summary_large_image","twitter_creator":"@IFFinlande","twitter_site":"@IFFinlande","twitter_misc":{"\u00c9crit par":"Equipe IFF","Dur\u00e9e de lecture estim\u00e9e":"1 minute"},"schema":{"@context":"https:\/\/schema.org","@graph":[{"@type":"Article","@id":"https:\/\/www.france.fi\/fr\/mediatheque\/asterix-liris-blanc\/#article","isPartOf":{"@id":"https:\/\/www.france.fi\/fr\/mediatheque\/asterix-liris-blanc\/"},"author":{"name":"Equipe IFF","@id":"https:\/\/www.france.fi\/#\/schema\/person\/ed873f29db1d0af6a3600d15d3b65bfd"},"headline":"Asterix : \u00ab L\u2019Iris blanc \u00bb","datePublished":"2023-11-29T09:40:57+00:00","dateModified":"2024-04-04T07:17:05+00:00","mainEntityOfPage":{"@id":"https:\/\/www.france.fi\/fr\/mediatheque\/asterix-liris-blanc\/"},"wordCount":151,"publisher":{"@id":"https:\/\/www.france.fi\/#organization"},"image":{"@id":"https:\/\/www.france.fi\/fr\/mediatheque\/asterix-liris-blanc\/#primaryimage"},"thumbnailUrl":"https:\/\/www.france.fi\/wp-content\/uploads\/2023\/11\/Asterix-LIris-blanc--1098x617.jpg","articleSection":["M\u00e9diath\u00e8que"],"inLanguage":"fr-FR"},{"@type":"WebPage","@id":"https:\/\/www.france.fi\/fr\/mediatheque\/asterix-liris-blanc\/","url":"https:\/\/www.france.fi\/fr\/mediatheque\/asterix-liris-blanc\/","name":"Asterix : \u00ab L\u2019Iris blanc \u00bb - Institut fran\u00e7ais","isPartOf":{"@id":"https:\/\/www.france.fi\/#website"},"primaryImageOfPage":{"@id":"https:\/\/www.france.fi\/fr\/mediatheque\/asterix-liris-blanc\/#primaryimage"},"image":{"@id":"https:\/\/www.france.fi\/fr\/mediatheque\/asterix-liris-blanc\/#primaryimage"},"thumbnailUrl":"https:\/\/www.france.fi\/wp-content\/uploads\/2023\/11\/Asterix-LIris-blanc--1098x617.jpg","datePublished":"2023-11-29T09:40:57+00:00","dateModified":"2024-04-04T07:17:05+00:00","breadcrumb":{"@id":"https:\/\/www.france.fi\/fr\/mediatheque\/asterix-liris-blanc\/#breadcrumb"},"inLanguage":"fr-FR","potentialAction":[{"@type":"ReadAction","target":["https:\/\/www.france.fi\/fr\/mediatheque\/asterix-liris-blanc\/"]}]},{"@type":"ImageObject","inLanguage":"fr-FR","@id":"https:\/\/www.france.fi\/fr\/mediatheque\/asterix-liris-blanc\/#primaryimage","url":"https:\/\/www.france.fi\/wp-content\/uploads\/2023\/11\/Asterix-LIris-blanc--1098x617.jpg","contentUrl":"https:\/\/www.france.fi\/wp-content\/uploads\/2023\/11\/Asterix-LIris-blanc--1098x617.jpg","width":1280,"height":720},{"@type":"BreadcrumbList","@id":"https:\/\/www.france.fi\/fr\/mediatheque\/asterix-liris-blanc\/#breadcrumb","itemListElement":[{"@type":"ListItem","position":1,"name":"Home","item":"https:\/\/www.france.fi\/fr\/"},{"@type":"ListItem","position":2,"name":"M\u00e9diath\u00e8que","item":"https:\/\/www.france.fi\/fr\/category\/mediatheque\/"},{"@type":"ListItem","position":3,"name":"Asterix : \u00ab L\u2019Iris blanc \u00bb"}]},{"@type":"WebSite","@id":"https:\/\/www.france.fi\/#website","url":"https:\/\/www.france.fi\/","name":"Institut fran\u00e7ais de Finlande","description":"","publisher":{"@id":"https:\/\/www.france.fi\/#organization"},"potentialAction":[{"@type":"SearchAction","target":{"@type":"EntryPoint","urlTemplate":"https:\/\/www.france.fi\/?s={search_term_string}"},"query-input":{"@type":"PropertyValueSpecification","valueRequired":true,"valueName":"search_term_string"}}],"inLanguage":"fr-FR"},{"@type":"Organization","@id":"https:\/\/www.france.fi\/#organization","name":"Institut fran\u00e7ais de Finlande","url":"https:\/\/www.france.fi\/","logo":{"@type":"ImageObject","inLanguage":"fr-FR","@id":"https:\/\/www.france.fi\/#\/schema\/logo\/image\/","url":"https:\/\/www.france.fi\/wp-content\/uploads\/2024\/02\/if-logo-1.png","contentUrl":"https:\/\/www.france.fi\/wp-content\/uploads\/2024\/02\/if-logo-1.png","width":687,"height":459,"caption":"Institut fran\u00e7ais de Finlande"},"image":{"@id":"https:\/\/www.france.fi\/#\/schema\/logo\/image\/"},"sameAs":["https:\/\/www.facebook.com\/institutfrancaisfi","https:\/\/x.com\/IFFinlande","https:\/\/www.instagram.com\/iffinlande\/","https:\/\/fr.linkedin.com\/organization-guest\/company\/institut-fran-ais-de-finlande","https:\/\/www.youtube.com\/channel\/UCHAitdpmSbeP78eL49XMotA"]},{"@type":"Person","@id":"https:\/\/www.france.fi\/#\/schema\/person\/ed873f29db1d0af6a3600d15d3b65bfd","name":"Equipe IFF","image":{"@type":"ImageObject","inLanguage":"fr-FR","@id":"https:\/\/secure.gravatar.com\/avatar\/3c4ba80228d01014b25e45e90abb28ce315a02c6572751a7fb2298e4274989fc?s=96&d=mm&r=g","url":"https:\/\/secure.gravatar.com\/avatar\/3c4ba80228d01014b25e45e90abb28ce315a02c6572751a7fb2298e4274989fc?s=96&d=mm&r=g","contentUrl":"https:\/\/secure.gravatar.com\/avatar\/3c4ba80228d01014b25e45e90abb28ce315a02c6572751a7fb2298e4274989fc?s=96&d=mm&r=g","caption":"Equipe IFF"},"url":"https:\/\/www.france.fi\/fr\/author\/iffadmin\/"}]}},"_links":{"self":[{"href":"https:\/\/www.france.fi\/fr\/wp-json\/wp\/v2\/posts\/15093","targetHints":{"allow":["GET"]}}],"collection":[{"href":"https:\/\/www.france.fi\/fr\/wp-json\/wp\/v2\/posts"}],"about":[{"href":"https:\/\/www.france.fi\/fr\/wp-json\/wp\/v2\/types\/post"}],"author":[{"embeddable":true,"href":"https:\/\/www.france.fi\/fr\/wp-json\/wp\/v2\/users\/2"}],"replies":[{"embeddable":true,"href":"https:\/\/www.france.fi\/fr\/wp-json\/wp\/v2\/comments?post=15093"}],"version-history":[{"count":0,"href":"https:\/\/www.france.fi\/fr\/wp-json\/wp\/v2\/posts\/15093\/revisions"}],"wp:featuredmedia":[{"embeddable":true,"href":"https:\/\/www.france.fi\/fr\/wp-json\/wp\/v2\/media\/15094"}],"wp:attachment":[{"href":"https:\/\/www.france.fi\/fr\/wp-json\/wp\/v2\/media?parent=15093"}],"wp:term":[{"taxonomy":"category","embeddable":true,"href":"https:\/\/www.france.fi\/fr\/wp-json\/wp\/v2\/categories?post=15093"},{"taxonomy":"post_tag","embeddable":true,"href":"https:\/\/www.france.fi\/fr\/wp-json\/wp\/v2\/tags?post=15093"}],"curies":[{"name":"wp","href":"https:\/\/api.w.org\/{rel}","templated":true}]}}