{"id":15732,"date":"2024-01-31T11:08:49","date_gmt":"2024-01-31T09:08:49","guid":{"rendered":"https:\/\/www.france.fi\/?p=15732"},"modified":"2024-02-29T10:15:34","modified_gmt":"2024-02-29T08:15:34","slug":"seminaire-artistique-out-of-the-metropolis-art-exchange-across-the-boarders","status":"publish","type":"post","link":"https:\/\/www.france.fi\/fr\/culture\/seminaire-artistique-out-of-the-metropolis-art-exchange-across-the-boarders\/","title":{"rendered":"S\u00e9minaire artistique : Out of the Metropolis &#8211; Art exchange across the boarders"},"content":{"rendered":"<p><strong>Out of the Metropolis &#8211; Art exchange across borders <\/strong>est un projet collaboratif initi\u00e9 par <strong>le Mus\u00e9e finlandais de la photographie (Finlande), NOUA (Norv\u00e8ge) et Doubledummy (France)<\/strong>. Ce projet de trois ans (2023-2025) vise \u00e0 explorer et \u00e0 soutenir les id\u00e9es et les innovations dans le domaine de la cocr\u00e9ation et de la circulation des arts visuels, en particulier des pratiques photographiques contemporaines, \u00e0 travers les fronti\u00e8res.<\/p>\n<p>Le projet comprend des programmes de s\u00e9minaires \u00e0 NOUA \u00e0 Bod\u00f8, en Norv\u00e8ge, en septembre 2023, au Mus\u00e9e finlandais de la photographie \u00e0 Helsinki, en Finlande, <strong>les 15 et 16 f\u00e9vrier 2024<\/strong>, et \u00e0 Doubledummy \u00e0 Arles, en France, en juillet 2024. <strong>Avec l\u2019aide de IFF<\/strong>, deux membres de l&rsquo;\u00e9quipe du projet europ\u00e9en Out of the Metropolis viendront de France en Finlande : <strong>l\u2019artiste et curateur Sergio Valenzuela Escobedo<\/strong> et\u00a0<strong>l\u2019artiste et photographe Mathieu Asselin<\/strong>, qui travaillent \u00e0 Doubledummy.<\/p>\n<p>Le s\u00e9minaire Out of the Metropolis \u2013 Art exchanges across the boarders s&rsquo;inscrit dans le cadre du projet europ\u00e9en Out of the Metropolis. Il se concentrera sur <strong>les relations entre les artistes et les conservateurs<\/strong>. En consid\u00e9rant ces relations sous l&rsquo;angle de la dynamique du pouvoir, de l&rsquo;attention des \u0153uvres et du partage, les discussions du s\u00e9minaire soul\u00e8veront des questions sur la mani\u00e8re dont les artistes et les conservateurs, en tant qu&rsquo;agents culturels, fa\u00e7onnent, g\u00e8rent et nourrissent ces relations de collaboration. Les th\u00e8mes plus larges du projet Out of the Metropolis enrichiront \u00e9galement ces dialogues, en reliant les relations entre artistes et conservateurs \u00e0 des sujets tels que la durabilit\u00e9 sociale et environnementale, ainsi qu&rsquo;aux aspects uniques de la conservation de la photographie.<\/p>\n<p><strong>Le programme du s\u00e9minaire de Helsinki<\/strong> comprendra des conf\u00e9rences donn\u00e9es par des orateurs invit\u00e9s et une table ronde. Le programme est ouvert \u00e0 tous et gratuit.<strong> Le programme du s\u00e9minaire se d\u00e9roulera en anglais<\/strong>.<\/p>\n<p>Pour en savoir plus, consultez le site internet du <a class=\"fui-Link ___1rxvrpe f2hkw1w f3rmtva f1ewtqcl fyind8e f1k6fduh f1w7gpdv fk6fouc fjoy568 figsok6 f1hu3pq6 f11qmguv f19f4twv f1tyq0we f1g0x7ka fhxju0i f1qch9an f1cnd47f fqv5qza f1vmzxwi f1o700av f13mvf36 f1cmlufx f9n3di6 f1ids18y f1tx3yz7 f1deo86v f1eh06m1 f1iescvh fhgqx19 f1olyrje f1p93eir f1nev41a f1h8hb77 f1lqvz6u f10aw75t fsle3fq f17ae5zn\" title=\"https:\/\/www.valokuvataiteenmuseo.fi\/en\/projects\/out-metropolis\" href=\"https:\/\/www.valokuvataiteenmuseo.fi\/en\/projects\/out-metropolis\" target=\"_blank\" rel=\"noreferrer noopener\" aria-label=\"Lien Mus\u00e9e finlandais de la photographie\"><strong>Mus\u00e9e finlandais de la photographie<\/strong><\/a> et du projet <strong><a class=\"fui-Link ___1rxvrpe f2hkw1w f3rmtva f1ewtqcl fyind8e f1k6fduh f1w7gpdv fk6fouc fjoy568 figsok6 f1hu3pq6 f11qmguv f19f4twv f1tyq0we f1g0x7ka fhxju0i f1qch9an f1cnd47f fqv5qza f1vmzxwi f1o700av f13mvf36 f1cmlufx f9n3di6 f1ids18y f1tx3yz7 f1deo86v f1eh06m1 f1iescvh fhgqx19 f1olyrje f1p93eir f1nev41a f1h8hb77 f1lqvz6u f10aw75t fsle3fq f17ae5zn\" title=\"https:\/\/oootm.com\/seminars\/seminar2\" href=\"https:\/\/oootm.com\/seminars\/seminar2\" target=\"_blank\" rel=\"noreferrer noopener\" aria-label=\"Lien Out of the Metropolis\">Out of the Metropolis<\/a>.<\/strong><\/p>\n","protected":false},"excerpt":{"rendered":"<p>D\u00e9couvrez la relation entre les artistes et les conservateurs avec ce s\u00e9minaire organis\u00e9 par le Mus\u00e9e finlandais de la photographie, NOUA (Norv\u00e8ge) et Doubledummy (France). <\/p>\n","protected":false},"author":2,"featured_media":15733,"comment_status":"closed","ping_status":"open","sticky":false,"template":"","format":"standard","meta":{"footnotes":""},"categories":[1],"tags":[],"class_list":["post-15732","post","type-post","status-publish","format-standard","has-post-thumbnail","hentry","category-culture"],"yoast_head":"<!-- This site is optimized with the Yoast SEO plugin v27.4 - https:\/\/yoast.com\/product\/yoast-seo-wordpress\/ -->\n<title>S\u00e9minaire artistique : Out of the Metropolis - Art exchange across the boarders - Institut fran\u00e7ais<\/title>\n<meta name=\"robots\" content=\"index, follow, max-snippet:-1, max-image-preview:large, max-video-preview:-1\" \/>\n<link rel=\"canonical\" href=\"https:\/\/www.france.fi\/fr\/culture\/seminaire-artistique-out-of-the-metropolis-art-exchange-across-the-boarders\/\" \/>\n<meta property=\"og:locale\" content=\"fr_FR\" \/>\n<meta property=\"og:type\" content=\"article\" \/>\n<meta property=\"og:title\" content=\"S\u00e9minaire artistique : Out of the Metropolis - Art exchange across the boarders - Institut fran\u00e7ais\" \/>\n<meta property=\"og:description\" content=\"D\u00e9couvrez la relation entre les artistes et les conservateurs avec ce s\u00e9minaire organis\u00e9 par le Mus\u00e9e finlandais de la photographie, NOUA (Norv\u00e8ge) et Doubledummy (France).\" \/>\n<meta property=\"og:url\" content=\"https:\/\/www.france.fi\/fr\/culture\/seminaire-artistique-out-of-the-metropolis-art-exchange-across-the-boarders\/\" \/>\n<meta property=\"og:site_name\" content=\"Institut fran\u00e7ais\" \/>\n<meta property=\"article:publisher\" content=\"https:\/\/www.facebook.com\/institutfrancaisfi\" \/>\n<meta property=\"article:published_time\" content=\"2024-01-31T09:08:49+00:00\" \/>\n<meta property=\"article:modified_time\" content=\"2024-02-29T08:15:34+00:00\" \/>\n<meta property=\"og:image\" content=\"https:\/\/www.france.fi\/wp-content\/uploads\/2024\/01\/out-of-the-metropolis-1098x617.jpg\" \/>\n\t<meta property=\"og:image:width\" content=\"1280\" \/>\n\t<meta property=\"og:image:height\" content=\"720\" \/>\n\t<meta property=\"og:image:type\" content=\"image\/jpeg\" \/>\n<meta name=\"author\" content=\"Equipe IFF\" \/>\n<meta name=\"twitter:card\" content=\"summary_large_image\" \/>\n<meta name=\"twitter:creator\" content=\"@IFFinlande\" \/>\n<meta name=\"twitter:site\" content=\"@IFFinlande\" \/>\n<meta name=\"twitter:label1\" content=\"\u00c9crit par\" \/>\n\t<meta name=\"twitter:data1\" content=\"Equipe IFF\" \/>\n\t<meta name=\"twitter:label2\" content=\"Dur\u00e9e de lecture estim\u00e9e\" \/>\n\t<meta name=\"twitter:data2\" content=\"2 minutes\" \/>\n<script type=\"application\/ld+json\" class=\"yoast-schema-graph\">{\"@context\":\"https:\\\/\\\/schema.org\",\"@graph\":[{\"@type\":\"Article\",\"@id\":\"https:\\\/\\\/www.france.fi\\\/fr\\\/culture\\\/seminaire-artistique-out-of-the-metropolis-art-exchange-across-the-boarders\\\/#article\",\"isPartOf\":{\"@id\":\"https:\\\/\\\/www.france.fi\\\/fr\\\/culture\\\/seminaire-artistique-out-of-the-metropolis-art-exchange-across-the-boarders\\\/\"},\"author\":{\"name\":\"Equipe IFF\",\"@id\":\"https:\\\/\\\/www.france.fi\\\/#\\\/schema\\\/person\\\/ed873f29db1d0af6a3600d15d3b65bfd\"},\"headline\":\"S\u00e9minaire artistique : Out of the Metropolis &#8211; Art exchange across the boarders\",\"datePublished\":\"2024-01-31T09:08:49+00:00\",\"dateModified\":\"2024-02-29T08:15:34+00:00\",\"mainEntityOfPage\":{\"@id\":\"https:\\\/\\\/www.france.fi\\\/fr\\\/culture\\\/seminaire-artistique-out-of-the-metropolis-art-exchange-across-the-boarders\\\/\"},\"wordCount\":354,\"publisher\":{\"@id\":\"https:\\\/\\\/www.france.fi\\\/#organization\"},\"image\":{\"@id\":\"https:\\\/\\\/www.france.fi\\\/fr\\\/culture\\\/seminaire-artistique-out-of-the-metropolis-art-exchange-across-the-boarders\\\/#primaryimage\"},\"thumbnailUrl\":\"https:\\\/\\\/www.france.fi\\\/wp-content\\\/uploads\\\/2024\\\/01\\\/out-of-the-metropolis-1098x617.jpg\",\"articleSection\":[\"Culture\"],\"inLanguage\":\"fr-FR\"},{\"@type\":\"WebPage\",\"@id\":\"https:\\\/\\\/www.france.fi\\\/fr\\\/culture\\\/seminaire-artistique-out-of-the-metropolis-art-exchange-across-the-boarders\\\/\",\"url\":\"https:\\\/\\\/www.france.fi\\\/fr\\\/culture\\\/seminaire-artistique-out-of-the-metropolis-art-exchange-across-the-boarders\\\/\",\"name\":\"S\u00e9minaire artistique : Out of the Metropolis - Art exchange across the boarders - Institut fran\u00e7ais\",\"isPartOf\":{\"@id\":\"https:\\\/\\\/www.france.fi\\\/#website\"},\"primaryImageOfPage\":{\"@id\":\"https:\\\/\\\/www.france.fi\\\/fr\\\/culture\\\/seminaire-artistique-out-of-the-metropolis-art-exchange-across-the-boarders\\\/#primaryimage\"},\"image\":{\"@id\":\"https:\\\/\\\/www.france.fi\\\/fr\\\/culture\\\/seminaire-artistique-out-of-the-metropolis-art-exchange-across-the-boarders\\\/#primaryimage\"},\"thumbnailUrl\":\"https:\\\/\\\/www.france.fi\\\/wp-content\\\/uploads\\\/2024\\\/01\\\/out-of-the-metropolis-1098x617.jpg\",\"datePublished\":\"2024-01-31T09:08:49+00:00\",\"dateModified\":\"2024-02-29T08:15:34+00:00\",\"breadcrumb\":{\"@id\":\"https:\\\/\\\/www.france.fi\\\/fr\\\/culture\\\/seminaire-artistique-out-of-the-metropolis-art-exchange-across-the-boarders\\\/#breadcrumb\"},\"inLanguage\":\"fr-FR\",\"potentialAction\":[{\"@type\":\"ReadAction\",\"target\":[\"https:\\\/\\\/www.france.fi\\\/fr\\\/culture\\\/seminaire-artistique-out-of-the-metropolis-art-exchange-across-the-boarders\\\/\"]}]},{\"@type\":\"ImageObject\",\"inLanguage\":\"fr-FR\",\"@id\":\"https:\\\/\\\/www.france.fi\\\/fr\\\/culture\\\/seminaire-artistique-out-of-the-metropolis-art-exchange-across-the-boarders\\\/#primaryimage\",\"url\":\"https:\\\/\\\/www.france.fi\\\/wp-content\\\/uploads\\\/2024\\\/01\\\/out-of-the-metropolis-1098x617.jpg\",\"contentUrl\":\"https:\\\/\\\/www.france.fi\\\/wp-content\\\/uploads\\\/2024\\\/01\\\/out-of-the-metropolis-1098x617.jpg\",\"width\":1280,\"height\":720},{\"@type\":\"BreadcrumbList\",\"@id\":\"https:\\\/\\\/www.france.fi\\\/fr\\\/culture\\\/seminaire-artistique-out-of-the-metropolis-art-exchange-across-the-boarders\\\/#breadcrumb\",\"itemListElement\":[{\"@type\":\"ListItem\",\"position\":1,\"name\":\"Home\",\"item\":\"https:\\\/\\\/www.france.fi\\\/fr\\\/\"},{\"@type\":\"ListItem\",\"position\":2,\"name\":\"Culture\",\"item\":\"https:\\\/\\\/www.france.fi\\\/fr\\\/category\\\/culture\\\/\"},{\"@type\":\"ListItem\",\"position\":3,\"name\":\"S\u00e9minaire artistique : Out of the Metropolis &#8211; Art exchange across the boarders\"}]},{\"@type\":\"WebSite\",\"@id\":\"https:\\\/\\\/www.france.fi\\\/#website\",\"url\":\"https:\\\/\\\/www.france.fi\\\/\",\"name\":\"Institut fran\u00e7ais de Finlande\",\"description\":\"\",\"publisher\":{\"@id\":\"https:\\\/\\\/www.france.fi\\\/#organization\"},\"potentialAction\":[{\"@type\":\"SearchAction\",\"target\":{\"@type\":\"EntryPoint\",\"urlTemplate\":\"https:\\\/\\\/www.france.fi\\\/?s={search_term_string}\"},\"query-input\":{\"@type\":\"PropertyValueSpecification\",\"valueRequired\":true,\"valueName\":\"search_term_string\"}}],\"inLanguage\":\"fr-FR\"},{\"@type\":\"Organization\",\"@id\":\"https:\\\/\\\/www.france.fi\\\/#organization\",\"name\":\"Institut fran\u00e7ais de Finlande\",\"url\":\"https:\\\/\\\/www.france.fi\\\/\",\"logo\":{\"@type\":\"ImageObject\",\"inLanguage\":\"fr-FR\",\"@id\":\"https:\\\/\\\/www.france.fi\\\/#\\\/schema\\\/logo\\\/image\\\/\",\"url\":\"https:\\\/\\\/www.france.fi\\\/wp-content\\\/uploads\\\/2024\\\/02\\\/if-logo-1.png\",\"contentUrl\":\"https:\\\/\\\/www.france.fi\\\/wp-content\\\/uploads\\\/2024\\\/02\\\/if-logo-1.png\",\"width\":687,\"height\":459,\"caption\":\"Institut fran\u00e7ais de Finlande\"},\"image\":{\"@id\":\"https:\\\/\\\/www.france.fi\\\/#\\\/schema\\\/logo\\\/image\\\/\"},\"sameAs\":[\"https:\\\/\\\/www.facebook.com\\\/institutfrancaisfi\",\"https:\\\/\\\/x.com\\\/IFFinlande\",\"https:\\\/\\\/www.instagram.com\\\/iffinlande\\\/\",\"https:\\\/\\\/fr.linkedin.com\\\/organization-guest\\\/company\\\/institut-fran-ais-de-finlande\",\"https:\\\/\\\/www.youtube.com\\\/channel\\\/UCHAitdpmSbeP78eL49XMotA\"]},{\"@type\":\"Person\",\"@id\":\"https:\\\/\\\/www.france.fi\\\/#\\\/schema\\\/person\\\/ed873f29db1d0af6a3600d15d3b65bfd\",\"name\":\"Equipe IFF\",\"image\":{\"@type\":\"ImageObject\",\"inLanguage\":\"fr-FR\",\"@id\":\"https:\\\/\\\/secure.gravatar.com\\\/avatar\\\/3c4ba80228d01014b25e45e90abb28ce315a02c6572751a7fb2298e4274989fc?s=96&d=mm&r=g\",\"url\":\"https:\\\/\\\/secure.gravatar.com\\\/avatar\\\/3c4ba80228d01014b25e45e90abb28ce315a02c6572751a7fb2298e4274989fc?s=96&d=mm&r=g\",\"contentUrl\":\"https:\\\/\\\/secure.gravatar.com\\\/avatar\\\/3c4ba80228d01014b25e45e90abb28ce315a02c6572751a7fb2298e4274989fc?s=96&d=mm&r=g\",\"caption\":\"Equipe IFF\"},\"url\":\"https:\\\/\\\/www.france.fi\\\/fr\\\/author\\\/iffadmin\\\/\"}]}<\/script>\n<!-- \/ Yoast SEO plugin. -->","yoast_head_json":{"title":"S\u00e9minaire artistique : Out of the Metropolis - Art exchange across the boarders - Institut fran\u00e7ais","robots":{"index":"index","follow":"follow","max-snippet":"max-snippet:-1","max-image-preview":"max-image-preview:large","max-video-preview":"max-video-preview:-1"},"canonical":"https:\/\/www.france.fi\/fr\/culture\/seminaire-artistique-out-of-the-metropolis-art-exchange-across-the-boarders\/","og_locale":"fr_FR","og_type":"article","og_title":"S\u00e9minaire artistique : Out of the Metropolis - Art exchange across the boarders - Institut fran\u00e7ais","og_description":"D\u00e9couvrez la relation entre les artistes et les conservateurs avec ce s\u00e9minaire organis\u00e9 par le Mus\u00e9e finlandais de la photographie, NOUA (Norv\u00e8ge) et Doubledummy (France).","og_url":"https:\/\/www.france.fi\/fr\/culture\/seminaire-artistique-out-of-the-metropolis-art-exchange-across-the-boarders\/","og_site_name":"Institut fran\u00e7ais","article_publisher":"https:\/\/www.facebook.com\/institutfrancaisfi","article_published_time":"2024-01-31T09:08:49+00:00","article_modified_time":"2024-02-29T08:15:34+00:00","og_image":[{"width":1280,"height":720,"url":"https:\/\/www.france.fi\/wp-content\/uploads\/2024\/01\/out-of-the-metropolis-1098x617.jpg","type":"image\/jpeg"}],"author":"Equipe IFF","twitter_card":"summary_large_image","twitter_creator":"@IFFinlande","twitter_site":"@IFFinlande","twitter_misc":{"\u00c9crit par":"Equipe IFF","Dur\u00e9e de lecture estim\u00e9e":"2 minutes"},"schema":{"@context":"https:\/\/schema.org","@graph":[{"@type":"Article","@id":"https:\/\/www.france.fi\/fr\/culture\/seminaire-artistique-out-of-the-metropolis-art-exchange-across-the-boarders\/#article","isPartOf":{"@id":"https:\/\/www.france.fi\/fr\/culture\/seminaire-artistique-out-of-the-metropolis-art-exchange-across-the-boarders\/"},"author":{"name":"Equipe IFF","@id":"https:\/\/www.france.fi\/#\/schema\/person\/ed873f29db1d0af6a3600d15d3b65bfd"},"headline":"S\u00e9minaire artistique : Out of the Metropolis &#8211; Art exchange across the boarders","datePublished":"2024-01-31T09:08:49+00:00","dateModified":"2024-02-29T08:15:34+00:00","mainEntityOfPage":{"@id":"https:\/\/www.france.fi\/fr\/culture\/seminaire-artistique-out-of-the-metropolis-art-exchange-across-the-boarders\/"},"wordCount":354,"publisher":{"@id":"https:\/\/www.france.fi\/#organization"},"image":{"@id":"https:\/\/www.france.fi\/fr\/culture\/seminaire-artistique-out-of-the-metropolis-art-exchange-across-the-boarders\/#primaryimage"},"thumbnailUrl":"https:\/\/www.france.fi\/wp-content\/uploads\/2024\/01\/out-of-the-metropolis-1098x617.jpg","articleSection":["Culture"],"inLanguage":"fr-FR"},{"@type":"WebPage","@id":"https:\/\/www.france.fi\/fr\/culture\/seminaire-artistique-out-of-the-metropolis-art-exchange-across-the-boarders\/","url":"https:\/\/www.france.fi\/fr\/culture\/seminaire-artistique-out-of-the-metropolis-art-exchange-across-the-boarders\/","name":"S\u00e9minaire artistique : Out of the Metropolis - Art exchange across the boarders - Institut fran\u00e7ais","isPartOf":{"@id":"https:\/\/www.france.fi\/#website"},"primaryImageOfPage":{"@id":"https:\/\/www.france.fi\/fr\/culture\/seminaire-artistique-out-of-the-metropolis-art-exchange-across-the-boarders\/#primaryimage"},"image":{"@id":"https:\/\/www.france.fi\/fr\/culture\/seminaire-artistique-out-of-the-metropolis-art-exchange-across-the-boarders\/#primaryimage"},"thumbnailUrl":"https:\/\/www.france.fi\/wp-content\/uploads\/2024\/01\/out-of-the-metropolis-1098x617.jpg","datePublished":"2024-01-31T09:08:49+00:00","dateModified":"2024-02-29T08:15:34+00:00","breadcrumb":{"@id":"https:\/\/www.france.fi\/fr\/culture\/seminaire-artistique-out-of-the-metropolis-art-exchange-across-the-boarders\/#breadcrumb"},"inLanguage":"fr-FR","potentialAction":[{"@type":"ReadAction","target":["https:\/\/www.france.fi\/fr\/culture\/seminaire-artistique-out-of-the-metropolis-art-exchange-across-the-boarders\/"]}]},{"@type":"ImageObject","inLanguage":"fr-FR","@id":"https:\/\/www.france.fi\/fr\/culture\/seminaire-artistique-out-of-the-metropolis-art-exchange-across-the-boarders\/#primaryimage","url":"https:\/\/www.france.fi\/wp-content\/uploads\/2024\/01\/out-of-the-metropolis-1098x617.jpg","contentUrl":"https:\/\/www.france.fi\/wp-content\/uploads\/2024\/01\/out-of-the-metropolis-1098x617.jpg","width":1280,"height":720},{"@type":"BreadcrumbList","@id":"https:\/\/www.france.fi\/fr\/culture\/seminaire-artistique-out-of-the-metropolis-art-exchange-across-the-boarders\/#breadcrumb","itemListElement":[{"@type":"ListItem","position":1,"name":"Home","item":"https:\/\/www.france.fi\/fr\/"},{"@type":"ListItem","position":2,"name":"Culture","item":"https:\/\/www.france.fi\/fr\/category\/culture\/"},{"@type":"ListItem","position":3,"name":"S\u00e9minaire artistique : Out of the Metropolis &#8211; Art exchange across the boarders"}]},{"@type":"WebSite","@id":"https:\/\/www.france.fi\/#website","url":"https:\/\/www.france.fi\/","name":"Institut fran\u00e7ais de Finlande","description":"","publisher":{"@id":"https:\/\/www.france.fi\/#organization"},"potentialAction":[{"@type":"SearchAction","target":{"@type":"EntryPoint","urlTemplate":"https:\/\/www.france.fi\/?s={search_term_string}"},"query-input":{"@type":"PropertyValueSpecification","valueRequired":true,"valueName":"search_term_string"}}],"inLanguage":"fr-FR"},{"@type":"Organization","@id":"https:\/\/www.france.fi\/#organization","name":"Institut fran\u00e7ais de Finlande","url":"https:\/\/www.france.fi\/","logo":{"@type":"ImageObject","inLanguage":"fr-FR","@id":"https:\/\/www.france.fi\/#\/schema\/logo\/image\/","url":"https:\/\/www.france.fi\/wp-content\/uploads\/2024\/02\/if-logo-1.png","contentUrl":"https:\/\/www.france.fi\/wp-content\/uploads\/2024\/02\/if-logo-1.png","width":687,"height":459,"caption":"Institut fran\u00e7ais de Finlande"},"image":{"@id":"https:\/\/www.france.fi\/#\/schema\/logo\/image\/"},"sameAs":["https:\/\/www.facebook.com\/institutfrancaisfi","https:\/\/x.com\/IFFinlande","https:\/\/www.instagram.com\/iffinlande\/","https:\/\/fr.linkedin.com\/organization-guest\/company\/institut-fran-ais-de-finlande","https:\/\/www.youtube.com\/channel\/UCHAitdpmSbeP78eL49XMotA"]},{"@type":"Person","@id":"https:\/\/www.france.fi\/#\/schema\/person\/ed873f29db1d0af6a3600d15d3b65bfd","name":"Equipe IFF","image":{"@type":"ImageObject","inLanguage":"fr-FR","@id":"https:\/\/secure.gravatar.com\/avatar\/3c4ba80228d01014b25e45e90abb28ce315a02c6572751a7fb2298e4274989fc?s=96&d=mm&r=g","url":"https:\/\/secure.gravatar.com\/avatar\/3c4ba80228d01014b25e45e90abb28ce315a02c6572751a7fb2298e4274989fc?s=96&d=mm&r=g","contentUrl":"https:\/\/secure.gravatar.com\/avatar\/3c4ba80228d01014b25e45e90abb28ce315a02c6572751a7fb2298e4274989fc?s=96&d=mm&r=g","caption":"Equipe IFF"},"url":"https:\/\/www.france.fi\/fr\/author\/iffadmin\/"}]}},"_links":{"self":[{"href":"https:\/\/www.france.fi\/fr\/wp-json\/wp\/v2\/posts\/15732","targetHints":{"allow":["GET"]}}],"collection":[{"href":"https:\/\/www.france.fi\/fr\/wp-json\/wp\/v2\/posts"}],"about":[{"href":"https:\/\/www.france.fi\/fr\/wp-json\/wp\/v2\/types\/post"}],"author":[{"embeddable":true,"href":"https:\/\/www.france.fi\/fr\/wp-json\/wp\/v2\/users\/2"}],"replies":[{"embeddable":true,"href":"https:\/\/www.france.fi\/fr\/wp-json\/wp\/v2\/comments?post=15732"}],"version-history":[{"count":0,"href":"https:\/\/www.france.fi\/fr\/wp-json\/wp\/v2\/posts\/15732\/revisions"}],"wp:featuredmedia":[{"embeddable":true,"href":"https:\/\/www.france.fi\/fr\/wp-json\/wp\/v2\/media\/15733"}],"wp:attachment":[{"href":"https:\/\/www.france.fi\/fr\/wp-json\/wp\/v2\/media?parent=15732"}],"wp:term":[{"taxonomy":"category","embeddable":true,"href":"https:\/\/www.france.fi\/fr\/wp-json\/wp\/v2\/categories?post=15732"},{"taxonomy":"post_tag","embeddable":true,"href":"https:\/\/www.france.fi\/fr\/wp-json\/wp\/v2\/tags?post=15732"}],"curies":[{"name":"wp","href":"https:\/\/api.w.org\/{rel}","templated":true}]}}