{"id":16891,"date":"2024-05-16T15:48:39","date_gmt":"2024-05-16T12:48:39","guid":{"rendered":"https:\/\/www.france.fi\/?p=16891"},"modified":"2024-09-25T12:12:38","modified_gmt":"2024-09-25T09:12:38","slug":"lappel-a-projets-franco-finlandais-maupertuis-2025-est-ouvert","status":"publish","type":"post","link":"https:\/\/www.france.fi\/fr\/sciences-et-universites\/lappel-a-projets-franco-finlandais-maupertuis-2025-est-ouvert\/","title":{"rendered":"L&rsquo;appel \u00e0 projets franco-finlandais Maupertuis 2025 est ouvert !"},"content":{"rendered":"<p><em>Pierre Louis Moreau de Maupertuis \u00e9tait un math\u00e9maticien, philosophe et homme de lettres fran\u00e7ais. Il a men\u00e9 avec succ\u00e8s une exp\u00e9dition en Laponie pour d\u00e9terminer la forme de la Terre.<\/em><\/p>\n<p>L&rsquo;Institut fran\u00e7ais de Finlande, le minist\u00e8re fran\u00e7ais de l&rsquo;Enseignement sup\u00e9rieur et de la Recherche et la Soci\u00e9t\u00e9 Scientifique de Finlande lancent un appel \u00e0 projets conjoint pour initier et renforcer la coop\u00e9ration bilat\u00e9rale dans les domaines de la science, de l&rsquo;innovation et de l&rsquo;enseignement sup\u00e9rieur.<\/p>\n<p>A cette fin, deux sous-appels sont envisag\u00e9s :<\/p>\n<ol>\n<li>\n<h5><strong>Mobilit\u00e9 courte des chercheurs (RSM)<\/strong><\/h5>\n<\/li>\n<\/ol>\n<p>Afin d&rsquo;initier ou de renforcer la coop\u00e9ration dans les domaines de la science, de l&rsquo;innovation et de l&rsquo;enseignement sup\u00e9rieur dans toutes les disciplines, ce sous-appel permet \u00e0 des chercheurs s\u00e9lectionn\u00e9s, jeunes ou confirm\u00e9s, de Finlande et de France (dans les deux sens) de rendre visite \u00e0 leurs homologues pour une courte p\u00e9riode allant de quelques jours \u00e0 quelques semaines.<\/p>\n<p>Les doctorants et les jeunes chercheurs sont encourag\u00e9s \u00e0 poser leur candidature.<\/p>\n<p>Les financements iront de 1 200 \u00e0 2 400 euros selon la dur\u00e9e de la mobilit\u00e9 et couvriront les frais de voyage, d&rsquo;h\u00e9bergement et de s\u00e9jour.<\/p>\n<ol start=\"2\">\n<li>\n<h5><strong>Atelier \u00ab\u00a0Enseignement sup\u00e9rieur, recherche et innovation\u00a0\u00bb (ERI-W)<\/strong><\/h5>\n<\/li>\n<\/ol>\n<p>Le sous-appel ERI-W vise \u00e0 renforcer les collaborations entre chercheurs fran\u00e7ais et finlandais par le biais d&rsquo;un workshop de quelques jours impliquant plusieurs chercheurs (environ 15) qui peut avoir lieu en Finlande ou en France, dans n&rsquo;importe quelle discipline. L&rsquo;atelier doit \u00eatre cibl\u00e9 et concret. Le format de l&rsquo;atelier peut \u00eatre multilat\u00e9ral plut\u00f4t que bilat\u00e9ral, notamment en vue d&rsquo;une future candidature Horizon Europe ou ERASMUS+.<\/p>\n<p>Les financements s&rsquo;\u00e9l\u00e8veront \u00e0 un maximum de 6 000 euros.<\/p>\n<h5><strong>Modalit\u00e9s des subventions<\/strong><\/h5>\n<p>Les mobilit\u00e9s et les workshops doivent \u00eatre planifi\u00e9s \u00e0 partir du 15 janvier 2025. La plupart d&rsquo;entre eux devraient avoir lieu d&rsquo;ici le 15 d\u00e9cembre 2025, mais 2026 est \u00e9galement possible si cela s&rsquo;av\u00e8re pertinent.<\/p>\n<p>Les candidatures seront examin\u00e9es par la Finlande et la France. La s\u00e9lection suivra les recommandations d&rsquo;un comit\u00e9 conjoint compos\u00e9 de repr\u00e9sentants des financeurs. Les r\u00e9sultats de la s\u00e9lection seront transmis aux candidats en janvier 2025.<\/p>\n<h5><strong>Documents de l&rsquo;appel <\/strong><\/h5>\n<ul>\n<li><a href=\"https:\/\/www.france.fi\/wp-content\/uploads\/2024\/05\/Maupertuis-2025-Call-Text-EN.pdf\" target=\"_blank\" rel=\"noopener\">Maupertuis 2025 &#8211; Texte de l&rsquo;appel<\/a><\/li>\n<li><a href=\"https:\/\/www.france.fi\/wp-content\/uploads\/2024\/05\/Maupertuis-2025-Application-Form-RSM.docx\">Maupertuis 2025 &#8211; Mod\u00e8le de candidature RSM<\/a><\/li>\n<li><a href=\"https:\/\/www.france.fi\/wp-content\/uploads\/2024\/05\/Maupertuis-2025-Application-Form-ERI-W.docx\">Maupertuis 2025 &#8211; Mod\u00e8le de candidature ERI-W<\/a><\/li>\n<\/ul>\n<h5><strong>Candidature <\/strong><\/h5>\n<p>Les mod\u00e8les de candidature (voir section ci-dessus) d\u00e9crivent les informations et documents n\u00e9cessaires \u00e0 la constitution de votre dossier de candidature. Les candidatures sont soumises \u00e0 l&rsquo;aide des formulaires en ligne suivants :<\/p>\n<ul>\n<li><a href=\"https:\/\/forms.gle\/EmdT7saiPi8973CWA\" target=\"_blank\" rel=\"noopener\">Maupertuis 2025 &#8211; Formulaire de soumission en ligne RSM<\/a><\/li>\n<li><a href=\"https:\/\/forms.gle\/W379FyUZAx3tsNWFA\" target=\"_blank\" rel=\"noopener\">Maupertuis 2025 &#8211; Formulaire de soumission en ligne ERI-W<\/a><\/li>\n<\/ul>\n<h5><strong>Contact<\/strong><\/h5>\n<p><strong><a href=\"mailto:science@france.fi\">science@france.fi<\/a><\/strong><\/p>\n","protected":false},"excerpt":{"rendered":"<p>L&rsquo;appel accueille des projets de mobilit\u00e9 de recherche entre la France et la Finlande et l&rsquo;organisation de workshops. L&rsquo;appel vise la coop\u00e9ration bilat\u00e9rale dans les domaines de la science, de l&rsquo;innovation et de l&rsquo;enseignement sup\u00e9rieur. Candidatez avant le 20 septembre 2024<\/p>\n","protected":false},"author":2,"featured_media":13095,"comment_status":"closed","ping_status":"open","sticky":false,"template":"","format":"standard","meta":{"footnotes":""},"categories":[4,317],"tags":[],"class_list":["post-16891","post","type-post","status-publish","format-standard","has-post-thumbnail","hentry","category-sciences-et-universites","category-programmes-bourses"],"yoast_head":"<!-- This site is optimized with the Yoast SEO plugin v27.4 - https:\/\/yoast.com\/product\/yoast-seo-wordpress\/ -->\n<title>L&#039;appel \u00e0 projets franco-finlandais Maupertuis 2025 est ouvert ! - Institut fran\u00e7ais<\/title>\n<meta name=\"robots\" content=\"index, follow, max-snippet:-1, max-image-preview:large, max-video-preview:-1\" \/>\n<link rel=\"canonical\" href=\"https:\/\/www.france.fi\/fr\/sciences-et-universites\/lappel-a-projets-franco-finlandais-maupertuis-2025-est-ouvert\/\" \/>\n<meta property=\"og:locale\" content=\"fr_FR\" \/>\n<meta property=\"og:type\" content=\"article\" \/>\n<meta property=\"og:title\" content=\"L&#039;appel \u00e0 projets franco-finlandais Maupertuis 2025 est ouvert ! - Institut fran\u00e7ais\" \/>\n<meta property=\"og:description\" content=\"L&#039;appel accueille des projets de mobilit\u00e9 de recherche entre la France et la Finlande et l&#039;organisation de workshops. L&#039;appel vise la coop\u00e9ration bilat\u00e9rale dans les domaines de la science, de l&#039;innovation et de l&#039;enseignement sup\u00e9rieur. Candidatez avant le 20 septembre 2024\" \/>\n<meta property=\"og:url\" content=\"https:\/\/www.france.fi\/fr\/sciences-et-universites\/lappel-a-projets-franco-finlandais-maupertuis-2025-est-ouvert\/\" \/>\n<meta property=\"og:site_name\" content=\"Institut fran\u00e7ais\" \/>\n<meta property=\"article:publisher\" content=\"https:\/\/www.facebook.com\/institutfrancaisfi\" \/>\n<meta property=\"article:published_time\" content=\"2024-05-16T12:48:39+00:00\" \/>\n<meta property=\"article:modified_time\" content=\"2024-09-25T09:12:38+00:00\" \/>\n<meta property=\"og:image\" content=\"https:\/\/www.france.fi\/wp-content\/uploads\/2023\/05\/Maupertuis-1098x617.jpg\" \/>\n\t<meta property=\"og:image:width\" content=\"1280\" \/>\n\t<meta property=\"og:image:height\" content=\"720\" \/>\n\t<meta property=\"og:image:type\" content=\"image\/jpeg\" \/>\n<meta name=\"author\" content=\"Equipe IFF\" \/>\n<meta name=\"twitter:card\" content=\"summary_large_image\" \/>\n<meta name=\"twitter:creator\" content=\"@IFFinlande\" \/>\n<meta name=\"twitter:site\" content=\"@IFFinlande\" \/>\n<meta name=\"twitter:label1\" content=\"\u00c9crit par\" \/>\n\t<meta name=\"twitter:data1\" content=\"Equipe IFF\" \/>\n\t<meta name=\"twitter:label2\" content=\"Dur\u00e9e de lecture estim\u00e9e\" \/>\n\t<meta name=\"twitter:data2\" content=\"3 minutes\" \/>\n<script type=\"application\/ld+json\" class=\"yoast-schema-graph\">{\"@context\":\"https:\\\/\\\/schema.org\",\"@graph\":[{\"@type\":\"Article\",\"@id\":\"https:\\\/\\\/www.france.fi\\\/fr\\\/sciences-et-universites\\\/lappel-a-projets-franco-finlandais-maupertuis-2025-est-ouvert\\\/#article\",\"isPartOf\":{\"@id\":\"https:\\\/\\\/www.france.fi\\\/fr\\\/sciences-et-universites\\\/lappel-a-projets-franco-finlandais-maupertuis-2025-est-ouvert\\\/\"},\"author\":{\"name\":\"Equipe IFF\",\"@id\":\"https:\\\/\\\/www.france.fi\\\/#\\\/schema\\\/person\\\/ed873f29db1d0af6a3600d15d3b65bfd\"},\"headline\":\"L&rsquo;appel \u00e0 projets franco-finlandais Maupertuis 2025 est ouvert !\",\"datePublished\":\"2024-05-16T12:48:39+00:00\",\"dateModified\":\"2024-09-25T09:12:38+00:00\",\"mainEntityOfPage\":{\"@id\":\"https:\\\/\\\/www.france.fi\\\/fr\\\/sciences-et-universites\\\/lappel-a-projets-franco-finlandais-maupertuis-2025-est-ouvert\\\/\"},\"wordCount\":461,\"publisher\":{\"@id\":\"https:\\\/\\\/www.france.fi\\\/#organization\"},\"image\":{\"@id\":\"https:\\\/\\\/www.france.fi\\\/fr\\\/sciences-et-universites\\\/lappel-a-projets-franco-finlandais-maupertuis-2025-est-ouvert\\\/#primaryimage\"},\"thumbnailUrl\":\"https:\\\/\\\/www.france.fi\\\/wp-content\\\/uploads\\\/2023\\\/05\\\/Maupertuis-1098x617.jpg\",\"articleSection\":[\"Sciences et universit\u00e9s\",\"Programmes &amp; bourses\"],\"inLanguage\":\"fr-FR\"},{\"@type\":\"WebPage\",\"@id\":\"https:\\\/\\\/www.france.fi\\\/fr\\\/sciences-et-universites\\\/lappel-a-projets-franco-finlandais-maupertuis-2025-est-ouvert\\\/\",\"url\":\"https:\\\/\\\/www.france.fi\\\/fr\\\/sciences-et-universites\\\/lappel-a-projets-franco-finlandais-maupertuis-2025-est-ouvert\\\/\",\"name\":\"L'appel \u00e0 projets franco-finlandais Maupertuis 2025 est ouvert ! - Institut fran\u00e7ais\",\"isPartOf\":{\"@id\":\"https:\\\/\\\/www.france.fi\\\/#website\"},\"primaryImageOfPage\":{\"@id\":\"https:\\\/\\\/www.france.fi\\\/fr\\\/sciences-et-universites\\\/lappel-a-projets-franco-finlandais-maupertuis-2025-est-ouvert\\\/#primaryimage\"},\"image\":{\"@id\":\"https:\\\/\\\/www.france.fi\\\/fr\\\/sciences-et-universites\\\/lappel-a-projets-franco-finlandais-maupertuis-2025-est-ouvert\\\/#primaryimage\"},\"thumbnailUrl\":\"https:\\\/\\\/www.france.fi\\\/wp-content\\\/uploads\\\/2023\\\/05\\\/Maupertuis-1098x617.jpg\",\"datePublished\":\"2024-05-16T12:48:39+00:00\",\"dateModified\":\"2024-09-25T09:12:38+00:00\",\"breadcrumb\":{\"@id\":\"https:\\\/\\\/www.france.fi\\\/fr\\\/sciences-et-universites\\\/lappel-a-projets-franco-finlandais-maupertuis-2025-est-ouvert\\\/#breadcrumb\"},\"inLanguage\":\"fr-FR\",\"potentialAction\":[{\"@type\":\"ReadAction\",\"target\":[\"https:\\\/\\\/www.france.fi\\\/fr\\\/sciences-et-universites\\\/lappel-a-projets-franco-finlandais-maupertuis-2025-est-ouvert\\\/\"]}]},{\"@type\":\"ImageObject\",\"inLanguage\":\"fr-FR\",\"@id\":\"https:\\\/\\\/www.france.fi\\\/fr\\\/sciences-et-universites\\\/lappel-a-projets-franco-finlandais-maupertuis-2025-est-ouvert\\\/#primaryimage\",\"url\":\"https:\\\/\\\/www.france.fi\\\/wp-content\\\/uploads\\\/2023\\\/05\\\/Maupertuis-1098x617.jpg\",\"contentUrl\":\"https:\\\/\\\/www.france.fi\\\/wp-content\\\/uploads\\\/2023\\\/05\\\/Maupertuis-1098x617.jpg\",\"width\":1280,\"height\":720},{\"@type\":\"BreadcrumbList\",\"@id\":\"https:\\\/\\\/www.france.fi\\\/fr\\\/sciences-et-universites\\\/lappel-a-projets-franco-finlandais-maupertuis-2025-est-ouvert\\\/#breadcrumb\",\"itemListElement\":[{\"@type\":\"ListItem\",\"position\":1,\"name\":\"Home\",\"item\":\"https:\\\/\\\/www.france.fi\\\/fr\\\/\"},{\"@type\":\"ListItem\",\"position\":2,\"name\":\"Sciences et universit\u00e9s\",\"item\":\"https:\\\/\\\/www.france.fi\\\/fr\\\/category\\\/sciences-et-universites\\\/\"},{\"@type\":\"ListItem\",\"position\":3,\"name\":\"L&rsquo;appel \u00e0 projets franco-finlandais Maupertuis 2025 est ouvert !\"}]},{\"@type\":\"WebSite\",\"@id\":\"https:\\\/\\\/www.france.fi\\\/#website\",\"url\":\"https:\\\/\\\/www.france.fi\\\/\",\"name\":\"Institut fran\u00e7ais de Finlande\",\"description\":\"\",\"publisher\":{\"@id\":\"https:\\\/\\\/www.france.fi\\\/#organization\"},\"potentialAction\":[{\"@type\":\"SearchAction\",\"target\":{\"@type\":\"EntryPoint\",\"urlTemplate\":\"https:\\\/\\\/www.france.fi\\\/?s={search_term_string}\"},\"query-input\":{\"@type\":\"PropertyValueSpecification\",\"valueRequired\":true,\"valueName\":\"search_term_string\"}}],\"inLanguage\":\"fr-FR\"},{\"@type\":\"Organization\",\"@id\":\"https:\\\/\\\/www.france.fi\\\/#organization\",\"name\":\"Institut fran\u00e7ais de Finlande\",\"url\":\"https:\\\/\\\/www.france.fi\\\/\",\"logo\":{\"@type\":\"ImageObject\",\"inLanguage\":\"fr-FR\",\"@id\":\"https:\\\/\\\/www.france.fi\\\/#\\\/schema\\\/logo\\\/image\\\/\",\"url\":\"https:\\\/\\\/www.france.fi\\\/wp-content\\\/uploads\\\/2024\\\/02\\\/if-logo-1.png\",\"contentUrl\":\"https:\\\/\\\/www.france.fi\\\/wp-content\\\/uploads\\\/2024\\\/02\\\/if-logo-1.png\",\"width\":687,\"height\":459,\"caption\":\"Institut fran\u00e7ais de Finlande\"},\"image\":{\"@id\":\"https:\\\/\\\/www.france.fi\\\/#\\\/schema\\\/logo\\\/image\\\/\"},\"sameAs\":[\"https:\\\/\\\/www.facebook.com\\\/institutfrancaisfi\",\"https:\\\/\\\/x.com\\\/IFFinlande\",\"https:\\\/\\\/www.instagram.com\\\/iffinlande\\\/\",\"https:\\\/\\\/fr.linkedin.com\\\/organization-guest\\\/company\\\/institut-fran-ais-de-finlande\",\"https:\\\/\\\/www.youtube.com\\\/channel\\\/UCHAitdpmSbeP78eL49XMotA\"]},{\"@type\":\"Person\",\"@id\":\"https:\\\/\\\/www.france.fi\\\/#\\\/schema\\\/person\\\/ed873f29db1d0af6a3600d15d3b65bfd\",\"name\":\"Equipe IFF\",\"image\":{\"@type\":\"ImageObject\",\"inLanguage\":\"fr-FR\",\"@id\":\"https:\\\/\\\/secure.gravatar.com\\\/avatar\\\/3c4ba80228d01014b25e45e90abb28ce315a02c6572751a7fb2298e4274989fc?s=96&d=mm&r=g\",\"url\":\"https:\\\/\\\/secure.gravatar.com\\\/avatar\\\/3c4ba80228d01014b25e45e90abb28ce315a02c6572751a7fb2298e4274989fc?s=96&d=mm&r=g\",\"contentUrl\":\"https:\\\/\\\/secure.gravatar.com\\\/avatar\\\/3c4ba80228d01014b25e45e90abb28ce315a02c6572751a7fb2298e4274989fc?s=96&d=mm&r=g\",\"caption\":\"Equipe IFF\"},\"url\":\"https:\\\/\\\/www.france.fi\\\/fr\\\/author\\\/iffadmin\\\/\"}]}<\/script>\n<!-- \/ Yoast SEO plugin. -->","yoast_head_json":{"title":"L'appel \u00e0 projets franco-finlandais Maupertuis 2025 est ouvert ! - Institut fran\u00e7ais","robots":{"index":"index","follow":"follow","max-snippet":"max-snippet:-1","max-image-preview":"max-image-preview:large","max-video-preview":"max-video-preview:-1"},"canonical":"https:\/\/www.france.fi\/fr\/sciences-et-universites\/lappel-a-projets-franco-finlandais-maupertuis-2025-est-ouvert\/","og_locale":"fr_FR","og_type":"article","og_title":"L'appel \u00e0 projets franco-finlandais Maupertuis 2025 est ouvert ! - Institut fran\u00e7ais","og_description":"L'appel accueille des projets de mobilit\u00e9 de recherche entre la France et la Finlande et l'organisation de workshops. L'appel vise la coop\u00e9ration bilat\u00e9rale dans les domaines de la science, de l'innovation et de l'enseignement sup\u00e9rieur. Candidatez avant le 20 septembre 2024","og_url":"https:\/\/www.france.fi\/fr\/sciences-et-universites\/lappel-a-projets-franco-finlandais-maupertuis-2025-est-ouvert\/","og_site_name":"Institut fran\u00e7ais","article_publisher":"https:\/\/www.facebook.com\/institutfrancaisfi","article_published_time":"2024-05-16T12:48:39+00:00","article_modified_time":"2024-09-25T09:12:38+00:00","og_image":[{"width":1280,"height":720,"url":"https:\/\/www.france.fi\/wp-content\/uploads\/2023\/05\/Maupertuis-1098x617.jpg","type":"image\/jpeg"}],"author":"Equipe IFF","twitter_card":"summary_large_image","twitter_creator":"@IFFinlande","twitter_site":"@IFFinlande","twitter_misc":{"\u00c9crit par":"Equipe IFF","Dur\u00e9e de lecture estim\u00e9e":"3 minutes"},"schema":{"@context":"https:\/\/schema.org","@graph":[{"@type":"Article","@id":"https:\/\/www.france.fi\/fr\/sciences-et-universites\/lappel-a-projets-franco-finlandais-maupertuis-2025-est-ouvert\/#article","isPartOf":{"@id":"https:\/\/www.france.fi\/fr\/sciences-et-universites\/lappel-a-projets-franco-finlandais-maupertuis-2025-est-ouvert\/"},"author":{"name":"Equipe IFF","@id":"https:\/\/www.france.fi\/#\/schema\/person\/ed873f29db1d0af6a3600d15d3b65bfd"},"headline":"L&rsquo;appel \u00e0 projets franco-finlandais Maupertuis 2025 est ouvert !","datePublished":"2024-05-16T12:48:39+00:00","dateModified":"2024-09-25T09:12:38+00:00","mainEntityOfPage":{"@id":"https:\/\/www.france.fi\/fr\/sciences-et-universites\/lappel-a-projets-franco-finlandais-maupertuis-2025-est-ouvert\/"},"wordCount":461,"publisher":{"@id":"https:\/\/www.france.fi\/#organization"},"image":{"@id":"https:\/\/www.france.fi\/fr\/sciences-et-universites\/lappel-a-projets-franco-finlandais-maupertuis-2025-est-ouvert\/#primaryimage"},"thumbnailUrl":"https:\/\/www.france.fi\/wp-content\/uploads\/2023\/05\/Maupertuis-1098x617.jpg","articleSection":["Sciences et universit\u00e9s","Programmes &amp; bourses"],"inLanguage":"fr-FR"},{"@type":"WebPage","@id":"https:\/\/www.france.fi\/fr\/sciences-et-universites\/lappel-a-projets-franco-finlandais-maupertuis-2025-est-ouvert\/","url":"https:\/\/www.france.fi\/fr\/sciences-et-universites\/lappel-a-projets-franco-finlandais-maupertuis-2025-est-ouvert\/","name":"L'appel \u00e0 projets franco-finlandais Maupertuis 2025 est ouvert ! - Institut fran\u00e7ais","isPartOf":{"@id":"https:\/\/www.france.fi\/#website"},"primaryImageOfPage":{"@id":"https:\/\/www.france.fi\/fr\/sciences-et-universites\/lappel-a-projets-franco-finlandais-maupertuis-2025-est-ouvert\/#primaryimage"},"image":{"@id":"https:\/\/www.france.fi\/fr\/sciences-et-universites\/lappel-a-projets-franco-finlandais-maupertuis-2025-est-ouvert\/#primaryimage"},"thumbnailUrl":"https:\/\/www.france.fi\/wp-content\/uploads\/2023\/05\/Maupertuis-1098x617.jpg","datePublished":"2024-05-16T12:48:39+00:00","dateModified":"2024-09-25T09:12:38+00:00","breadcrumb":{"@id":"https:\/\/www.france.fi\/fr\/sciences-et-universites\/lappel-a-projets-franco-finlandais-maupertuis-2025-est-ouvert\/#breadcrumb"},"inLanguage":"fr-FR","potentialAction":[{"@type":"ReadAction","target":["https:\/\/www.france.fi\/fr\/sciences-et-universites\/lappel-a-projets-franco-finlandais-maupertuis-2025-est-ouvert\/"]}]},{"@type":"ImageObject","inLanguage":"fr-FR","@id":"https:\/\/www.france.fi\/fr\/sciences-et-universites\/lappel-a-projets-franco-finlandais-maupertuis-2025-est-ouvert\/#primaryimage","url":"https:\/\/www.france.fi\/wp-content\/uploads\/2023\/05\/Maupertuis-1098x617.jpg","contentUrl":"https:\/\/www.france.fi\/wp-content\/uploads\/2023\/05\/Maupertuis-1098x617.jpg","width":1280,"height":720},{"@type":"BreadcrumbList","@id":"https:\/\/www.france.fi\/fr\/sciences-et-universites\/lappel-a-projets-franco-finlandais-maupertuis-2025-est-ouvert\/#breadcrumb","itemListElement":[{"@type":"ListItem","position":1,"name":"Home","item":"https:\/\/www.france.fi\/fr\/"},{"@type":"ListItem","position":2,"name":"Sciences et universit\u00e9s","item":"https:\/\/www.france.fi\/fr\/category\/sciences-et-universites\/"},{"@type":"ListItem","position":3,"name":"L&rsquo;appel \u00e0 projets franco-finlandais Maupertuis 2025 est ouvert !"}]},{"@type":"WebSite","@id":"https:\/\/www.france.fi\/#website","url":"https:\/\/www.france.fi\/","name":"Institut fran\u00e7ais de Finlande","description":"","publisher":{"@id":"https:\/\/www.france.fi\/#organization"},"potentialAction":[{"@type":"SearchAction","target":{"@type":"EntryPoint","urlTemplate":"https:\/\/www.france.fi\/?s={search_term_string}"},"query-input":{"@type":"PropertyValueSpecification","valueRequired":true,"valueName":"search_term_string"}}],"inLanguage":"fr-FR"},{"@type":"Organization","@id":"https:\/\/www.france.fi\/#organization","name":"Institut fran\u00e7ais de Finlande","url":"https:\/\/www.france.fi\/","logo":{"@type":"ImageObject","inLanguage":"fr-FR","@id":"https:\/\/www.france.fi\/#\/schema\/logo\/image\/","url":"https:\/\/www.france.fi\/wp-content\/uploads\/2024\/02\/if-logo-1.png","contentUrl":"https:\/\/www.france.fi\/wp-content\/uploads\/2024\/02\/if-logo-1.png","width":687,"height":459,"caption":"Institut fran\u00e7ais de Finlande"},"image":{"@id":"https:\/\/www.france.fi\/#\/schema\/logo\/image\/"},"sameAs":["https:\/\/www.facebook.com\/institutfrancaisfi","https:\/\/x.com\/IFFinlande","https:\/\/www.instagram.com\/iffinlande\/","https:\/\/fr.linkedin.com\/organization-guest\/company\/institut-fran-ais-de-finlande","https:\/\/www.youtube.com\/channel\/UCHAitdpmSbeP78eL49XMotA"]},{"@type":"Person","@id":"https:\/\/www.france.fi\/#\/schema\/person\/ed873f29db1d0af6a3600d15d3b65bfd","name":"Equipe IFF","image":{"@type":"ImageObject","inLanguage":"fr-FR","@id":"https:\/\/secure.gravatar.com\/avatar\/3c4ba80228d01014b25e45e90abb28ce315a02c6572751a7fb2298e4274989fc?s=96&d=mm&r=g","url":"https:\/\/secure.gravatar.com\/avatar\/3c4ba80228d01014b25e45e90abb28ce315a02c6572751a7fb2298e4274989fc?s=96&d=mm&r=g","contentUrl":"https:\/\/secure.gravatar.com\/avatar\/3c4ba80228d01014b25e45e90abb28ce315a02c6572751a7fb2298e4274989fc?s=96&d=mm&r=g","caption":"Equipe IFF"},"url":"https:\/\/www.france.fi\/fr\/author\/iffadmin\/"}]}},"_links":{"self":[{"href":"https:\/\/www.france.fi\/fr\/wp-json\/wp\/v2\/posts\/16891","targetHints":{"allow":["GET"]}}],"collection":[{"href":"https:\/\/www.france.fi\/fr\/wp-json\/wp\/v2\/posts"}],"about":[{"href":"https:\/\/www.france.fi\/fr\/wp-json\/wp\/v2\/types\/post"}],"author":[{"embeddable":true,"href":"https:\/\/www.france.fi\/fr\/wp-json\/wp\/v2\/users\/2"}],"replies":[{"embeddable":true,"href":"https:\/\/www.france.fi\/fr\/wp-json\/wp\/v2\/comments?post=16891"}],"version-history":[{"count":0,"href":"https:\/\/www.france.fi\/fr\/wp-json\/wp\/v2\/posts\/16891\/revisions"}],"wp:featuredmedia":[{"embeddable":true,"href":"https:\/\/www.france.fi\/fr\/wp-json\/wp\/v2\/media\/13095"}],"wp:attachment":[{"href":"https:\/\/www.france.fi\/fr\/wp-json\/wp\/v2\/media?parent=16891"}],"wp:term":[{"taxonomy":"category","embeddable":true,"href":"https:\/\/www.france.fi\/fr\/wp-json\/wp\/v2\/categories?post=16891"},{"taxonomy":"post_tag","embeddable":true,"href":"https:\/\/www.france.fi\/fr\/wp-json\/wp\/v2\/tags?post=16891"}],"curies":[{"name":"wp","href":"https:\/\/api.w.org\/{rel}","templated":true}]}}