{"id":17023,"date":"2024-05-30T10:10:31","date_gmt":"2024-05-30T07:10:31","guid":{"rendered":"https:\/\/www.france.fi\/?p=17023"},"modified":"2024-09-19T15:17:06","modified_gmt":"2024-09-19T12:17:06","slug":"lanniversaire-de-paavo-nurmi","status":"publish","type":"post","link":"https:\/\/www.france.fi\/fr\/sciences-et-universites\/lanniversaire-de-paavo-nurmi\/","title":{"rendered":"L&rsquo;anniversaire de Paavo Nurmi"},"content":{"rendered":"<p>Le 13 juin, le mus\u00e9e du Sport TAHTO organise, en partenariat avec l&rsquo;Institut fran\u00e7ais de Finlande et l&rsquo;Ambassade France en Finlande, un \u00e9v\u00e9nement sur l&rsquo;histoire et le pr\u00e9sent des Jeux Olympiques.<\/p>\n<h5><strong>Exposition de photos<\/strong><\/h5>\n<p>La derni\u00e8re fois que Paris a accueilli les Jeux Olympiques, c&rsquo;\u00e9tait \u00e0 l&rsquo;\u00e9t\u00e9 1924. 3 099 hommes et 158 femmes de 45 pays se sont disput\u00e9 les m\u00e9dailles dans 131 \u00e9preuves dans la capitale fran\u00e7aise. Paris 1924 a \u00e9galement marqu\u00e9 le point culminant de l&rsquo;histoire du sport finlandais. La Finlande a termin\u00e9 deuxi\u00e8me au classement des m\u00e9dailles, devanc\u00e9e seulement par les \u00c9tats-Unis.<\/p>\n<p><strong>Une visite guid\u00e9e de l\u2019exposition<\/strong> sera propos\u00e9e en anglais <strong>le 13 juin \u00e0 11 h 30<\/strong>. L\u2019exposition sera disponible dans les locaux du mus\u00e9e jusqu\u2019au 4 septembre 2024.<\/p>\n<h5><strong>Conf\u00e9rences<\/strong><\/h5>\n<p>L&rsquo;autre composante de l\u2019anniversaire du 13 juin de Paavo Nurmi sera une s\u00e9rie de conf\u00e9rences sur l&rsquo;histoire des Jeux olympiques dans la salle Sylvi Saimo du mus\u00e9e. Deux orateurs fran\u00e7ais illustreront les d\u00e9fis modernes des Jeux Olympiques, l\u2019aspect \u00e9cologique de l\u2019\u00e9v\u00e9nement et la fa\u00e7on dont les sciences s&rsquo;int\u00e8grent dans l&rsquo;entra\u00eenement quotidien des athl\u00e8tes de haut niveau :<\/p>\n<ul>\n<li>12 h 30 \u2013 12 h 40\u00a0: discours d&rsquo;ouverture, Jukka-Pekka Vuori, PDG, Fondation du mus\u00e9e du Sport<\/li>\n<li>12 h 45-13 h 25\u00a0: de Paris \u00e0 Paris 1924-2024, Vesa Tikander, Chercheur sp\u00e9cial, TAHTO<\/li>\n<li>13 h 30 -14 h 15\u00a0: les Jeux de Paris 2024 sous l&rsquo;angle environnemental, Fran\u00e7ois Croquette, Directeur de la transition \u00e9cologique et du climat \u00e0 la Ville de Paris<\/li>\n<li>14 h 20 \u2013 14 h 45\u00a0: regard scientifique sur les athl\u00e8tes de haut niveau pr\u00e9parant les Jeux Olympiques en France, Ga\u00ebl Guilhem, Directeur du Laboratoire Sport, Expertise et Performance de l&rsquo;INSEP<\/li>\n<li>45-15.00 Discussion et cl\u00f4ture de l&rsquo;\u00e9v\u00e9nement<\/li>\n<\/ul>\n<p>Plus d&rsquo;informations sur le site internet du mus\u00e9e <a href=\"https:\/\/tahto.com\/paavo-nurmis-birthday-june-13\" target=\"_blank\" rel=\"noopener\"><strong>TAHTO<\/strong><\/a>. Tous les composants de l\u2019\u00e9v\u00e9nement sont compris dans le prix du billet d\u2019entr\u00e9e du mus\u00e9e. La carte mus\u00e9es finlandaise (Museokortti) est \u00e9galement valable comme moyen de paiement.<\/p>\n","protected":false},"excerpt":{"rendered":"<p>C\u00e9l\u00e9bration de l&rsquo;anniversaire de Paavo Nurmi au mus\u00e9e du Sport TAHTO : une toute nouvelle exposition de photos, une s\u00e9rie de conf\u00e9rences et une visite guid\u00e9e.<\/p>\n","protected":false},"author":2,"featured_media":17049,"comment_status":"closed","ping_status":"open","sticky":false,"template":"","format":"standard","meta":{"footnotes":""},"categories":[4],"tags":[433,434,435],"class_list":["post-17023","post","type-post","status-publish","format-standard","has-post-thumbnail","hentry","category-sciences-et-universites","tag-musee-du-sport","tag-jeux-olympics","tag-paavo-nurmi-fr"],"yoast_head":"<!-- This site is optimized with the Yoast SEO plugin v27.4 - https:\/\/yoast.com\/product\/yoast-seo-wordpress\/ -->\n<title>L&#039;anniversaire de Paavo Nurmi - Institut fran\u00e7ais<\/title>\n<meta name=\"description\" content=\"Institut fran\u00e7ais L&#039;anniversaire de Paavo Nurmi\" \/>\n<meta name=\"robots\" content=\"index, follow, max-snippet:-1, max-image-preview:large, max-video-preview:-1\" \/>\n<link rel=\"canonical\" href=\"https:\/\/www.france.fi\/fr\/sciences-et-universites\/lanniversaire-de-paavo-nurmi\/\" \/>\n<meta property=\"og:locale\" content=\"fr_FR\" \/>\n<meta property=\"og:type\" content=\"article\" \/>\n<meta property=\"og:title\" content=\"L&#039;anniversaire de Paavo Nurmi - Institut fran\u00e7ais\" \/>\n<meta property=\"og:description\" content=\"Institut fran\u00e7ais L&#039;anniversaire de Paavo Nurmi\" \/>\n<meta property=\"og:url\" content=\"https:\/\/www.france.fi\/fr\/sciences-et-universites\/lanniversaire-de-paavo-nurmi\/\" \/>\n<meta property=\"og:site_name\" content=\"Institut fran\u00e7ais\" \/>\n<meta property=\"article:publisher\" content=\"https:\/\/www.facebook.com\/institutfrancaisfi\" \/>\n<meta property=\"article:published_time\" content=\"2024-05-30T07:10:31+00:00\" \/>\n<meta property=\"article:modified_time\" content=\"2024-09-19T12:17:06+00:00\" \/>\n<meta property=\"og:image\" content=\"https:\/\/www.france.fi\/wp-content\/uploads\/2024\/05\/Paavo-Nurmi-1-1098x617.jpg\" \/>\n\t<meta property=\"og:image:width\" content=\"1280\" \/>\n\t<meta property=\"og:image:height\" content=\"720\" \/>\n\t<meta property=\"og:image:type\" content=\"image\/jpeg\" \/>\n<meta name=\"author\" content=\"Equipe IFF\" \/>\n<meta name=\"twitter:card\" content=\"summary_large_image\" \/>\n<meta name=\"twitter:creator\" content=\"@IFFinlande\" \/>\n<meta name=\"twitter:site\" content=\"@IFFinlande\" \/>\n<meta name=\"twitter:label1\" content=\"\u00c9crit par\" \/>\n\t<meta name=\"twitter:data1\" content=\"Equipe IFF\" \/>\n\t<meta name=\"twitter:label2\" content=\"Dur\u00e9e de lecture estim\u00e9e\" \/>\n\t<meta name=\"twitter:data2\" content=\"2 minutes\" \/>\n<script type=\"application\/ld+json\" class=\"yoast-schema-graph\">{\"@context\":\"https:\\\/\\\/schema.org\",\"@graph\":[{\"@type\":\"Article\",\"@id\":\"https:\\\/\\\/www.france.fi\\\/fr\\\/sciences-et-universites\\\/lanniversaire-de-paavo-nurmi\\\/#article\",\"isPartOf\":{\"@id\":\"https:\\\/\\\/www.france.fi\\\/fr\\\/sciences-et-universites\\\/lanniversaire-de-paavo-nurmi\\\/\"},\"author\":{\"name\":\"Equipe IFF\",\"@id\":\"https:\\\/\\\/www.france.fi\\\/#\\\/schema\\\/person\\\/ed873f29db1d0af6a3600d15d3b65bfd\"},\"headline\":\"L&rsquo;anniversaire de Paavo Nurmi\",\"datePublished\":\"2024-05-30T07:10:31+00:00\",\"dateModified\":\"2024-09-19T12:17:06+00:00\",\"mainEntityOfPage\":{\"@id\":\"https:\\\/\\\/www.france.fi\\\/fr\\\/sciences-et-universites\\\/lanniversaire-de-paavo-nurmi\\\/\"},\"wordCount\":347,\"publisher\":{\"@id\":\"https:\\\/\\\/www.france.fi\\\/#organization\"},\"image\":{\"@id\":\"https:\\\/\\\/www.france.fi\\\/fr\\\/sciences-et-universites\\\/lanniversaire-de-paavo-nurmi\\\/#primaryimage\"},\"thumbnailUrl\":\"https:\\\/\\\/www.france.fi\\\/wp-content\\\/uploads\\\/2024\\\/05\\\/Paavo-Nurmi-1-1098x617.jpg\",\"keywords\":[\"Mus\u00e9e du sport\",\"Jeux Olympics\",\"Paavo Nurmi\"],\"articleSection\":[\"Sciences et universit\u00e9s\"],\"inLanguage\":\"fr-FR\"},{\"@type\":\"WebPage\",\"@id\":\"https:\\\/\\\/www.france.fi\\\/fr\\\/sciences-et-universites\\\/lanniversaire-de-paavo-nurmi\\\/\",\"url\":\"https:\\\/\\\/www.france.fi\\\/fr\\\/sciences-et-universites\\\/lanniversaire-de-paavo-nurmi\\\/\",\"name\":\"L'anniversaire de Paavo Nurmi - Institut fran\u00e7ais\",\"isPartOf\":{\"@id\":\"https:\\\/\\\/www.france.fi\\\/#website\"},\"primaryImageOfPage\":{\"@id\":\"https:\\\/\\\/www.france.fi\\\/fr\\\/sciences-et-universites\\\/lanniversaire-de-paavo-nurmi\\\/#primaryimage\"},\"image\":{\"@id\":\"https:\\\/\\\/www.france.fi\\\/fr\\\/sciences-et-universites\\\/lanniversaire-de-paavo-nurmi\\\/#primaryimage\"},\"thumbnailUrl\":\"https:\\\/\\\/www.france.fi\\\/wp-content\\\/uploads\\\/2024\\\/05\\\/Paavo-Nurmi-1-1098x617.jpg\",\"datePublished\":\"2024-05-30T07:10:31+00:00\",\"dateModified\":\"2024-09-19T12:17:06+00:00\",\"description\":\"Institut fran\u00e7ais L'anniversaire de Paavo Nurmi\",\"breadcrumb\":{\"@id\":\"https:\\\/\\\/www.france.fi\\\/fr\\\/sciences-et-universites\\\/lanniversaire-de-paavo-nurmi\\\/#breadcrumb\"},\"inLanguage\":\"fr-FR\",\"potentialAction\":[{\"@type\":\"ReadAction\",\"target\":[\"https:\\\/\\\/www.france.fi\\\/fr\\\/sciences-et-universites\\\/lanniversaire-de-paavo-nurmi\\\/\"]}]},{\"@type\":\"ImageObject\",\"inLanguage\":\"fr-FR\",\"@id\":\"https:\\\/\\\/www.france.fi\\\/fr\\\/sciences-et-universites\\\/lanniversaire-de-paavo-nurmi\\\/#primaryimage\",\"url\":\"https:\\\/\\\/www.france.fi\\\/wp-content\\\/uploads\\\/2024\\\/05\\\/Paavo-Nurmi-1-1098x617.jpg\",\"contentUrl\":\"https:\\\/\\\/www.france.fi\\\/wp-content\\\/uploads\\\/2024\\\/05\\\/Paavo-Nurmi-1-1098x617.jpg\",\"width\":1280,\"height\":720},{\"@type\":\"BreadcrumbList\",\"@id\":\"https:\\\/\\\/www.france.fi\\\/fr\\\/sciences-et-universites\\\/lanniversaire-de-paavo-nurmi\\\/#breadcrumb\",\"itemListElement\":[{\"@type\":\"ListItem\",\"position\":1,\"name\":\"Home\",\"item\":\"https:\\\/\\\/www.france.fi\\\/fr\\\/\"},{\"@type\":\"ListItem\",\"position\":2,\"name\":\"Sciences et universit\u00e9s\",\"item\":\"https:\\\/\\\/www.france.fi\\\/fr\\\/category\\\/sciences-et-universites\\\/\"},{\"@type\":\"ListItem\",\"position\":3,\"name\":\"L&rsquo;anniversaire de Paavo Nurmi\"}]},{\"@type\":\"WebSite\",\"@id\":\"https:\\\/\\\/www.france.fi\\\/#website\",\"url\":\"https:\\\/\\\/www.france.fi\\\/\",\"name\":\"Institut fran\u00e7ais de Finlande\",\"description\":\"\",\"publisher\":{\"@id\":\"https:\\\/\\\/www.france.fi\\\/#organization\"},\"potentialAction\":[{\"@type\":\"SearchAction\",\"target\":{\"@type\":\"EntryPoint\",\"urlTemplate\":\"https:\\\/\\\/www.france.fi\\\/?s={search_term_string}\"},\"query-input\":{\"@type\":\"PropertyValueSpecification\",\"valueRequired\":true,\"valueName\":\"search_term_string\"}}],\"inLanguage\":\"fr-FR\"},{\"@type\":\"Organization\",\"@id\":\"https:\\\/\\\/www.france.fi\\\/#organization\",\"name\":\"Institut fran\u00e7ais de Finlande\",\"url\":\"https:\\\/\\\/www.france.fi\\\/\",\"logo\":{\"@type\":\"ImageObject\",\"inLanguage\":\"fr-FR\",\"@id\":\"https:\\\/\\\/www.france.fi\\\/#\\\/schema\\\/logo\\\/image\\\/\",\"url\":\"https:\\\/\\\/www.france.fi\\\/wp-content\\\/uploads\\\/2024\\\/02\\\/if-logo-1.png\",\"contentUrl\":\"https:\\\/\\\/www.france.fi\\\/wp-content\\\/uploads\\\/2024\\\/02\\\/if-logo-1.png\",\"width\":687,\"height\":459,\"caption\":\"Institut fran\u00e7ais de Finlande\"},\"image\":{\"@id\":\"https:\\\/\\\/www.france.fi\\\/#\\\/schema\\\/logo\\\/image\\\/\"},\"sameAs\":[\"https:\\\/\\\/www.facebook.com\\\/institutfrancaisfi\",\"https:\\\/\\\/x.com\\\/IFFinlande\",\"https:\\\/\\\/www.instagram.com\\\/iffinlande\\\/\",\"https:\\\/\\\/fr.linkedin.com\\\/organization-guest\\\/company\\\/institut-fran-ais-de-finlande\",\"https:\\\/\\\/www.youtube.com\\\/channel\\\/UCHAitdpmSbeP78eL49XMotA\"]},{\"@type\":\"Person\",\"@id\":\"https:\\\/\\\/www.france.fi\\\/#\\\/schema\\\/person\\\/ed873f29db1d0af6a3600d15d3b65bfd\",\"name\":\"Equipe IFF\",\"image\":{\"@type\":\"ImageObject\",\"inLanguage\":\"fr-FR\",\"@id\":\"https:\\\/\\\/secure.gravatar.com\\\/avatar\\\/3c4ba80228d01014b25e45e90abb28ce315a02c6572751a7fb2298e4274989fc?s=96&d=mm&r=g\",\"url\":\"https:\\\/\\\/secure.gravatar.com\\\/avatar\\\/3c4ba80228d01014b25e45e90abb28ce315a02c6572751a7fb2298e4274989fc?s=96&d=mm&r=g\",\"contentUrl\":\"https:\\\/\\\/secure.gravatar.com\\\/avatar\\\/3c4ba80228d01014b25e45e90abb28ce315a02c6572751a7fb2298e4274989fc?s=96&d=mm&r=g\",\"caption\":\"Equipe IFF\"},\"url\":\"https:\\\/\\\/www.france.fi\\\/fr\\\/author\\\/iffadmin\\\/\"}]}<\/script>\n<!-- \/ Yoast SEO plugin. -->","yoast_head_json":{"title":"L'anniversaire de Paavo Nurmi - Institut fran\u00e7ais","description":"Institut fran\u00e7ais L'anniversaire de Paavo Nurmi","robots":{"index":"index","follow":"follow","max-snippet":"max-snippet:-1","max-image-preview":"max-image-preview:large","max-video-preview":"max-video-preview:-1"},"canonical":"https:\/\/www.france.fi\/fr\/sciences-et-universites\/lanniversaire-de-paavo-nurmi\/","og_locale":"fr_FR","og_type":"article","og_title":"L'anniversaire de Paavo Nurmi - Institut fran\u00e7ais","og_description":"Institut fran\u00e7ais L'anniversaire de Paavo Nurmi","og_url":"https:\/\/www.france.fi\/fr\/sciences-et-universites\/lanniversaire-de-paavo-nurmi\/","og_site_name":"Institut fran\u00e7ais","article_publisher":"https:\/\/www.facebook.com\/institutfrancaisfi","article_published_time":"2024-05-30T07:10:31+00:00","article_modified_time":"2024-09-19T12:17:06+00:00","og_image":[{"width":1280,"height":720,"url":"https:\/\/www.france.fi\/wp-content\/uploads\/2024\/05\/Paavo-Nurmi-1-1098x617.jpg","type":"image\/jpeg"}],"author":"Equipe IFF","twitter_card":"summary_large_image","twitter_creator":"@IFFinlande","twitter_site":"@IFFinlande","twitter_misc":{"\u00c9crit par":"Equipe IFF","Dur\u00e9e de lecture estim\u00e9e":"2 minutes"},"schema":{"@context":"https:\/\/schema.org","@graph":[{"@type":"Article","@id":"https:\/\/www.france.fi\/fr\/sciences-et-universites\/lanniversaire-de-paavo-nurmi\/#article","isPartOf":{"@id":"https:\/\/www.france.fi\/fr\/sciences-et-universites\/lanniversaire-de-paavo-nurmi\/"},"author":{"name":"Equipe IFF","@id":"https:\/\/www.france.fi\/#\/schema\/person\/ed873f29db1d0af6a3600d15d3b65bfd"},"headline":"L&rsquo;anniversaire de Paavo Nurmi","datePublished":"2024-05-30T07:10:31+00:00","dateModified":"2024-09-19T12:17:06+00:00","mainEntityOfPage":{"@id":"https:\/\/www.france.fi\/fr\/sciences-et-universites\/lanniversaire-de-paavo-nurmi\/"},"wordCount":347,"publisher":{"@id":"https:\/\/www.france.fi\/#organization"},"image":{"@id":"https:\/\/www.france.fi\/fr\/sciences-et-universites\/lanniversaire-de-paavo-nurmi\/#primaryimage"},"thumbnailUrl":"https:\/\/www.france.fi\/wp-content\/uploads\/2024\/05\/Paavo-Nurmi-1-1098x617.jpg","keywords":["Mus\u00e9e du sport","Jeux Olympics","Paavo Nurmi"],"articleSection":["Sciences et universit\u00e9s"],"inLanguage":"fr-FR"},{"@type":"WebPage","@id":"https:\/\/www.france.fi\/fr\/sciences-et-universites\/lanniversaire-de-paavo-nurmi\/","url":"https:\/\/www.france.fi\/fr\/sciences-et-universites\/lanniversaire-de-paavo-nurmi\/","name":"L'anniversaire de Paavo Nurmi - Institut fran\u00e7ais","isPartOf":{"@id":"https:\/\/www.france.fi\/#website"},"primaryImageOfPage":{"@id":"https:\/\/www.france.fi\/fr\/sciences-et-universites\/lanniversaire-de-paavo-nurmi\/#primaryimage"},"image":{"@id":"https:\/\/www.france.fi\/fr\/sciences-et-universites\/lanniversaire-de-paavo-nurmi\/#primaryimage"},"thumbnailUrl":"https:\/\/www.france.fi\/wp-content\/uploads\/2024\/05\/Paavo-Nurmi-1-1098x617.jpg","datePublished":"2024-05-30T07:10:31+00:00","dateModified":"2024-09-19T12:17:06+00:00","description":"Institut fran\u00e7ais L'anniversaire de Paavo Nurmi","breadcrumb":{"@id":"https:\/\/www.france.fi\/fr\/sciences-et-universites\/lanniversaire-de-paavo-nurmi\/#breadcrumb"},"inLanguage":"fr-FR","potentialAction":[{"@type":"ReadAction","target":["https:\/\/www.france.fi\/fr\/sciences-et-universites\/lanniversaire-de-paavo-nurmi\/"]}]},{"@type":"ImageObject","inLanguage":"fr-FR","@id":"https:\/\/www.france.fi\/fr\/sciences-et-universites\/lanniversaire-de-paavo-nurmi\/#primaryimage","url":"https:\/\/www.france.fi\/wp-content\/uploads\/2024\/05\/Paavo-Nurmi-1-1098x617.jpg","contentUrl":"https:\/\/www.france.fi\/wp-content\/uploads\/2024\/05\/Paavo-Nurmi-1-1098x617.jpg","width":1280,"height":720},{"@type":"BreadcrumbList","@id":"https:\/\/www.france.fi\/fr\/sciences-et-universites\/lanniversaire-de-paavo-nurmi\/#breadcrumb","itemListElement":[{"@type":"ListItem","position":1,"name":"Home","item":"https:\/\/www.france.fi\/fr\/"},{"@type":"ListItem","position":2,"name":"Sciences et universit\u00e9s","item":"https:\/\/www.france.fi\/fr\/category\/sciences-et-universites\/"},{"@type":"ListItem","position":3,"name":"L&rsquo;anniversaire de Paavo Nurmi"}]},{"@type":"WebSite","@id":"https:\/\/www.france.fi\/#website","url":"https:\/\/www.france.fi\/","name":"Institut fran\u00e7ais de Finlande","description":"","publisher":{"@id":"https:\/\/www.france.fi\/#organization"},"potentialAction":[{"@type":"SearchAction","target":{"@type":"EntryPoint","urlTemplate":"https:\/\/www.france.fi\/?s={search_term_string}"},"query-input":{"@type":"PropertyValueSpecification","valueRequired":true,"valueName":"search_term_string"}}],"inLanguage":"fr-FR"},{"@type":"Organization","@id":"https:\/\/www.france.fi\/#organization","name":"Institut fran\u00e7ais de Finlande","url":"https:\/\/www.france.fi\/","logo":{"@type":"ImageObject","inLanguage":"fr-FR","@id":"https:\/\/www.france.fi\/#\/schema\/logo\/image\/","url":"https:\/\/www.france.fi\/wp-content\/uploads\/2024\/02\/if-logo-1.png","contentUrl":"https:\/\/www.france.fi\/wp-content\/uploads\/2024\/02\/if-logo-1.png","width":687,"height":459,"caption":"Institut fran\u00e7ais de Finlande"},"image":{"@id":"https:\/\/www.france.fi\/#\/schema\/logo\/image\/"},"sameAs":["https:\/\/www.facebook.com\/institutfrancaisfi","https:\/\/x.com\/IFFinlande","https:\/\/www.instagram.com\/iffinlande\/","https:\/\/fr.linkedin.com\/organization-guest\/company\/institut-fran-ais-de-finlande","https:\/\/www.youtube.com\/channel\/UCHAitdpmSbeP78eL49XMotA"]},{"@type":"Person","@id":"https:\/\/www.france.fi\/#\/schema\/person\/ed873f29db1d0af6a3600d15d3b65bfd","name":"Equipe IFF","image":{"@type":"ImageObject","inLanguage":"fr-FR","@id":"https:\/\/secure.gravatar.com\/avatar\/3c4ba80228d01014b25e45e90abb28ce315a02c6572751a7fb2298e4274989fc?s=96&d=mm&r=g","url":"https:\/\/secure.gravatar.com\/avatar\/3c4ba80228d01014b25e45e90abb28ce315a02c6572751a7fb2298e4274989fc?s=96&d=mm&r=g","contentUrl":"https:\/\/secure.gravatar.com\/avatar\/3c4ba80228d01014b25e45e90abb28ce315a02c6572751a7fb2298e4274989fc?s=96&d=mm&r=g","caption":"Equipe IFF"},"url":"https:\/\/www.france.fi\/fr\/author\/iffadmin\/"}]}},"_links":{"self":[{"href":"https:\/\/www.france.fi\/fr\/wp-json\/wp\/v2\/posts\/17023","targetHints":{"allow":["GET"]}}],"collection":[{"href":"https:\/\/www.france.fi\/fr\/wp-json\/wp\/v2\/posts"}],"about":[{"href":"https:\/\/www.france.fi\/fr\/wp-json\/wp\/v2\/types\/post"}],"author":[{"embeddable":true,"href":"https:\/\/www.france.fi\/fr\/wp-json\/wp\/v2\/users\/2"}],"replies":[{"embeddable":true,"href":"https:\/\/www.france.fi\/fr\/wp-json\/wp\/v2\/comments?post=17023"}],"version-history":[{"count":0,"href":"https:\/\/www.france.fi\/fr\/wp-json\/wp\/v2\/posts\/17023\/revisions"}],"wp:featuredmedia":[{"embeddable":true,"href":"https:\/\/www.france.fi\/fr\/wp-json\/wp\/v2\/media\/17049"}],"wp:attachment":[{"href":"https:\/\/www.france.fi\/fr\/wp-json\/wp\/v2\/media?parent=17023"}],"wp:term":[{"taxonomy":"category","embeddable":true,"href":"https:\/\/www.france.fi\/fr\/wp-json\/wp\/v2\/categories?post=17023"},{"taxonomy":"post_tag","embeddable":true,"href":"https:\/\/www.france.fi\/fr\/wp-json\/wp\/v2\/tags?post=17023"}],"curies":[{"name":"wp","href":"https:\/\/api.w.org\/{rel}","templated":true}]}}