{"id":17150,"date":"2024-06-25T16:20:13","date_gmt":"2024-06-25T13:20:13","guid":{"rendered":"https:\/\/www.france.fi\/?p=17150"},"modified":"2024-08-20T15:22:06","modified_gmt":"2024-08-20T12:22:06","slug":"recommandations-de-lectures-pour-lete","status":"publish","type":"post","link":"https:\/\/www.france.fi\/fr\/mediatheque\/recommandations-de-lectures-pour-lete\/","title":{"rendered":"Recommandations de lectures pour l\u2019\u00e9t\u00e9"},"content":{"rendered":"<h5><strong><em>Julie Otsuka, La ligne de nage<\/em><\/strong><\/h5>\n<p>Nageurs et nageuses de cette piscine que tous appellent \u00ab\u00a0l\u00e0 en bas\u00a0\u00bb ne se connaissent qu&rsquo;\u00e0 travers leurs routines et petites manies, et les longueurs, encore, encore. Ils y viennent \u00e0 heure fixe pour se lib\u00e9rer des fardeaux de \u00ab\u00a0l\u00e0-haut\u00a0\u00bb.<\/p>\n<p>Alice, tout sp\u00e9cialement, trouve un grand r\u00e9confort dans sa ligne de nage. Et puis un jour, une fissure appara\u00eet au fond, dans le grand bain, en pr\u00e9figurant d&rsquo;autres, celles de son cerveau. Pour elle, l&rsquo;in\u00e9luctable fermeture r\u00e9sonne comme un clap de fin. Remontent alors \u00e0 la surface des souvenirs de jadis, de l&rsquo;internement dans un camp pour Nippo-Am\u00e9ricains pendant la Seconde Guerre mondiale, d&rsquo;une enfant perdue tr\u00e8s t\u00f4t, pourtant si parfaite&#8230; Mais Alice oublie chaque jour un peu plus.<\/p>\n<p>L\u00e0 o\u00f9 il faudra bien se r\u00e9soudre \u00e0 l&rsquo;enfermer, sa fille essaie de sauver quelques lambeaux du paysage fractur\u00e9 qu&rsquo;est devenue leur relation lacunaire.<\/p>\n<h5><strong><em>Michel Bussi, On la trouvait plut\u00f4t jolie<\/em><\/strong><\/h5>\n<p>Du d\u00e9sert sah\u00e9lien \u00e0 la jungle urbaine marseillaise, en quatre jours et trois nuits&#8230;<\/p>\n<p>Un suspense renversant et bouleversant.<\/p>\n<p>\u00ab \u2013 Qu&rsquo;est-ce qui ne va pas, Leyli ? Vous \u00eates jolie. Vous avez trois jolis enfants. Bamby, Alpha, Tidiane. Vous vous en \u00eates bien sortie.<\/p>\n<p>\u2013 Ce sont les apparences, tout \u00e7a. Du vent. Il nous manque l\u2018essentiel. Je suis une mauvaise m\u00e8re. Mes trois enfants sont condamn\u00e9s. Mon seul espoir est que l&rsquo;un d&rsquo;eux, l&rsquo;un d&rsquo;eux peut-\u00eatre, \u00e9chappe au sortil\u00e8ge.<\/p>\n<p>Elle ferma les yeux. Il demanda encore :<\/p>\n<p>\u2013 Qui l&rsquo;a lanc\u00e9, ce sortil\u00e8ge ?<\/p>\n<p>\u2013 Vous. Moi. La terre enti\u00e8re. Personne n&rsquo;est innocent<\/p>\n<p>dans cette affaire. \u00bb<\/p>\n<h5><em><strong>Virginie Grimaldi, Tu comprendras quand tu seras plus grande<\/strong><\/em><\/h5>\n<p>Quand Julia d\u00e9barque comme psychologue \u00e0 la maison de retraite Les Tamaris, \u00e0 Biarritz, elle ne croit pas plus au bonheur qu\u2019\u00e0 la petite souris. Pire, une fois sur place, elle se souvient qu\u2019elle ne d\u00e9borde pas d\u2019affection pour les personnes \u00e2g\u00e9es. Et dire qu\u2019elle a tout plaqu\u00e9 pour se sauver, dans tous les sens du terme.<\/p>\n<p>Au fil des jours, Julia d\u00e9couvre que les pensionnaires ont bien des choses \u00e0 lui apprendre. Difficile pourtant d\u2019imaginer qu\u2019on puisse reprendre go\u00fbt \u00e0 la vie entre des papys farceurs, des mamies fantaisistes et des coll\u00e8gues au c\u0153ur bris\u00e9\u2026 Et si elle n\u2019avait pas atterri l\u00e0 par hasard? Et si l\u2019amour se cachait l\u00e0 o\u00f9 on ne l\u2019attend pas?<\/p>\n<p>C\u2019est l\u2019histoire de chemins qui se croisent: les chemins de ceux qui ont une vie \u00e0 raconter et de ceux qui ont une vie \u00e0 construire. C\u2019est une histoire d\u2019amour(s), une histoire de r\u00e9silience, une ode au bonheur.<\/p>\n<h5><em><strong>M\u00e9lissa da Costa, Les femmes du bout du monde<\/strong><\/em><\/h5>\n<p>\u00c0 la pointe sud de la Nouvelle-Z\u00e9lande, dans la r\u00e9gion isol\u00e9e des Catlins, au c\u0153ur d\u2019une nature sauvage, vivent Autumn et sa fille Milly. Sur ce dernier bastion de terre avant l\u2019oc\u00e9an Austral et le p\u00f4le Sud, elles g\u00e8rent le camping Mutunga o te ao, le bout du monde en maori. Autumn et Milly forment un duo ins\u00e9parable, jusqu\u2019au jour o\u00f9 d\u00e9barque Flore, une jeune parisienne en qu\u00eate de r\u00e9demption\u2026 Hant\u00e9es par le pass\u00e9 mais berc\u00e9es par les vents et les l\u00e9gendes maories, ces trois femmes apprendront \u00e0 se conna\u00eetre, se pardonner et s\u2019aimer.<\/p>\n<p>M\u00e9lissa Da Costa nous offre un voyage inoubliable \u00e0 travers des paysages d\u2019une stup\u00e9fiante beaut\u00e9, aux c\u00f4t\u00e9s de personnages inspir\u00e9s et inspirants. Un nouveau roman magistral et une ode \u00e0 la libert\u00e9.<\/p>\n<h5><em><strong>Nicolas Mathieu, Leurs enfants apr\u00e8s eux<\/strong><\/em><\/h5>\n<p>Ao\u00fbt 1992. Une vall\u00e9e perdue quelque part \u00e0 l\u2019Est, des hauts fourneaux qui ne br\u00fblent plus, un lac, un apr\u00e8s-midi de canicule. Anthony a 14 ans, et avec son cousin, ils s\u2019emmerdent comme c\u2019est pas permis. C\u2019est l\u00e0 qu\u2019ils d\u00e9cident de voler un cano\u00eb pour aller voir ce qui se passe de l\u2019autre c\u00f4t\u00e9, sur la fameuse plage des culs-nus. Au bout, ce sera pour Anthony le premier amour, le premier \u00e9t\u00e9, celui qui d\u00e9cide de toute la suite. Ce sera le drame de la vie qui commence.<\/p>\n<p>Avec ce livre, Nicolas Mathieu \u00e9crit le roman d\u2019une vall\u00e9e, d\u2019une \u00e9poque, de l\u2019adolescence, le r\u00e9cit politique d\u2019une jeunesse qui doit trouver sa voie dans un monde qui meurt. Quatre \u00e9t\u00e9s, quatre moments, de Smells Like Teen Spirit \u00e0 la Coupe du monde 98, pour raconter des vies \u00e0 toute vitesse dans cette France de l\u2019entre-deux, des villes moyennes et des zones pavillonnaires, de la cambrousse et des ZAC b\u00e9tonn\u00e9es. La France du Picon et de Johnny Halliday, des f\u00eates foraines et d&rsquo;Intervilles, des hommes us\u00e9s au travail et des amoureuses fan\u00e9es \u00e0 vingt ans. Un pays loin des comptoirs de la mondialisation, pris entre la nostalgie et le d\u00e9clin, la d\u00e9cence et la rage.<\/p>\n","protected":false},"excerpt":{"rendered":"<p>L&rsquo;\u00e9t\u00e9 est la saison id\u00e9ale pour la lecture : venez \u00e0 la biblioth\u00e8que emprunter des livres pour la plage, le hamac, le chalet ou pour \u00e9gayer une journ\u00e9e pluvieuse.<br \/>\nPourquoi ne pas essayer une ou plusieurs de ces recommandations estivales ?!<\/p>\n","protected":false},"author":2,"featured_media":17151,"comment_status":"closed","ping_status":"open","sticky":false,"template":"","format":"standard","meta":{"footnotes":""},"categories":[3],"tags":[],"class_list":["post-17150","post","type-post","status-publish","format-standard","has-post-thumbnail","hentry","category-mediatheque"],"yoast_head":"<!-- This site is optimized with the Yoast SEO plugin v27.4 - https:\/\/yoast.com\/product\/yoast-seo-wordpress\/ -->\n<title>Recommandations de lectures pour l\u2019\u00e9t\u00e9 - Institut fran\u00e7ais<\/title>\n<meta name=\"robots\" content=\"index, follow, max-snippet:-1, max-image-preview:large, max-video-preview:-1\" \/>\n<link rel=\"canonical\" href=\"https:\/\/www.france.fi\/fr\/mediatheque\/recommandations-de-lectures-pour-lete\/\" \/>\n<meta property=\"og:locale\" content=\"fr_FR\" \/>\n<meta property=\"og:type\" content=\"article\" \/>\n<meta property=\"og:title\" content=\"Recommandations de lectures pour l\u2019\u00e9t\u00e9 - Institut fran\u00e7ais\" \/>\n<meta property=\"og:description\" content=\"L&#039;\u00e9t\u00e9 est la saison id\u00e9ale pour la lecture : venez \u00e0 la biblioth\u00e8que emprunter des livres pour la plage, le hamac, le chalet ou pour \u00e9gayer une journ\u00e9e pluvieuse.  Pourquoi ne pas essayer une ou plusieurs de ces recommandations estivales ?!\" \/>\n<meta property=\"og:url\" content=\"https:\/\/www.france.fi\/fr\/mediatheque\/recommandations-de-lectures-pour-lete\/\" \/>\n<meta property=\"og:site_name\" content=\"Institut fran\u00e7ais\" \/>\n<meta property=\"article:publisher\" content=\"https:\/\/www.facebook.com\/institutfrancaisfi\" \/>\n<meta property=\"article:published_time\" content=\"2024-06-25T13:20:13+00:00\" \/>\n<meta property=\"article:modified_time\" content=\"2024-08-20T12:22:06+00:00\" \/>\n<meta property=\"og:image\" content=\"https:\/\/www.france.fi\/wp-content\/uploads\/2024\/06\/Recommandations-de-lectures-pour-lete-NL-site-1098x617.jpg\" \/>\n\t<meta property=\"og:image:width\" content=\"2048\" \/>\n\t<meta property=\"og:image:height\" content=\"1151\" \/>\n\t<meta property=\"og:image:type\" content=\"image\/jpeg\" \/>\n<meta name=\"author\" content=\"Equipe IFF\" \/>\n<meta name=\"twitter:card\" content=\"summary_large_image\" \/>\n<meta name=\"twitter:creator\" content=\"@IFFinlande\" \/>\n<meta name=\"twitter:site\" content=\"@IFFinlande\" \/>\n<meta name=\"twitter:label1\" content=\"\u00c9crit par\" \/>\n\t<meta name=\"twitter:data1\" content=\"Equipe IFF\" \/>\n\t<meta name=\"twitter:label2\" content=\"Dur\u00e9e de lecture estim\u00e9e\" \/>\n\t<meta name=\"twitter:data2\" content=\"5 minutes\" \/>\n<script type=\"application\/ld+json\" class=\"yoast-schema-graph\">{\"@context\":\"https:\\\/\\\/schema.org\",\"@graph\":[{\"@type\":\"Article\",\"@id\":\"https:\\\/\\\/www.france.fi\\\/fr\\\/mediatheque\\\/recommandations-de-lectures-pour-lete\\\/#article\",\"isPartOf\":{\"@id\":\"https:\\\/\\\/www.france.fi\\\/fr\\\/mediatheque\\\/recommandations-de-lectures-pour-lete\\\/\"},\"author\":{\"name\":\"Equipe IFF\",\"@id\":\"https:\\\/\\\/www.france.fi\\\/#\\\/schema\\\/person\\\/ed873f29db1d0af6a3600d15d3b65bfd\"},\"headline\":\"Recommandations de lectures pour l\u2019\u00e9t\u00e9\",\"datePublished\":\"2024-06-25T13:20:13+00:00\",\"dateModified\":\"2024-08-20T12:22:06+00:00\",\"mainEntityOfPage\":{\"@id\":\"https:\\\/\\\/www.france.fi\\\/fr\\\/mediatheque\\\/recommandations-de-lectures-pour-lete\\\/\"},\"wordCount\":860,\"publisher\":{\"@id\":\"https:\\\/\\\/www.france.fi\\\/#organization\"},\"image\":{\"@id\":\"https:\\\/\\\/www.france.fi\\\/fr\\\/mediatheque\\\/recommandations-de-lectures-pour-lete\\\/#primaryimage\"},\"thumbnailUrl\":\"https:\\\/\\\/www.france.fi\\\/wp-content\\\/uploads\\\/2024\\\/06\\\/Recommandations-de-lectures-pour-lete-NL-site-1098x617.jpg\",\"articleSection\":[\"M\u00e9diath\u00e8que\"],\"inLanguage\":\"fr-FR\"},{\"@type\":\"WebPage\",\"@id\":\"https:\\\/\\\/www.france.fi\\\/fr\\\/mediatheque\\\/recommandations-de-lectures-pour-lete\\\/\",\"url\":\"https:\\\/\\\/www.france.fi\\\/fr\\\/mediatheque\\\/recommandations-de-lectures-pour-lete\\\/\",\"name\":\"Recommandations de lectures pour l\u2019\u00e9t\u00e9 - Institut fran\u00e7ais\",\"isPartOf\":{\"@id\":\"https:\\\/\\\/www.france.fi\\\/#website\"},\"primaryImageOfPage\":{\"@id\":\"https:\\\/\\\/www.france.fi\\\/fr\\\/mediatheque\\\/recommandations-de-lectures-pour-lete\\\/#primaryimage\"},\"image\":{\"@id\":\"https:\\\/\\\/www.france.fi\\\/fr\\\/mediatheque\\\/recommandations-de-lectures-pour-lete\\\/#primaryimage\"},\"thumbnailUrl\":\"https:\\\/\\\/www.france.fi\\\/wp-content\\\/uploads\\\/2024\\\/06\\\/Recommandations-de-lectures-pour-lete-NL-site-1098x617.jpg\",\"datePublished\":\"2024-06-25T13:20:13+00:00\",\"dateModified\":\"2024-08-20T12:22:06+00:00\",\"breadcrumb\":{\"@id\":\"https:\\\/\\\/www.france.fi\\\/fr\\\/mediatheque\\\/recommandations-de-lectures-pour-lete\\\/#breadcrumb\"},\"inLanguage\":\"fr-FR\",\"potentialAction\":[{\"@type\":\"ReadAction\",\"target\":[\"https:\\\/\\\/www.france.fi\\\/fr\\\/mediatheque\\\/recommandations-de-lectures-pour-lete\\\/\"]}]},{\"@type\":\"ImageObject\",\"inLanguage\":\"fr-FR\",\"@id\":\"https:\\\/\\\/www.france.fi\\\/fr\\\/mediatheque\\\/recommandations-de-lectures-pour-lete\\\/#primaryimage\",\"url\":\"https:\\\/\\\/www.france.fi\\\/wp-content\\\/uploads\\\/2024\\\/06\\\/Recommandations-de-lectures-pour-lete-NL-site-1098x617.jpg\",\"contentUrl\":\"https:\\\/\\\/www.france.fi\\\/wp-content\\\/uploads\\\/2024\\\/06\\\/Recommandations-de-lectures-pour-lete-NL-site-1098x617.jpg\",\"width\":2048,\"height\":1151},{\"@type\":\"BreadcrumbList\",\"@id\":\"https:\\\/\\\/www.france.fi\\\/fr\\\/mediatheque\\\/recommandations-de-lectures-pour-lete\\\/#breadcrumb\",\"itemListElement\":[{\"@type\":\"ListItem\",\"position\":1,\"name\":\"Home\",\"item\":\"https:\\\/\\\/www.france.fi\\\/fr\\\/\"},{\"@type\":\"ListItem\",\"position\":2,\"name\":\"M\u00e9diath\u00e8que\",\"item\":\"https:\\\/\\\/www.france.fi\\\/fr\\\/category\\\/mediatheque\\\/\"},{\"@type\":\"ListItem\",\"position\":3,\"name\":\"Recommandations de lectures pour l\u2019\u00e9t\u00e9\"}]},{\"@type\":\"WebSite\",\"@id\":\"https:\\\/\\\/www.france.fi\\\/#website\",\"url\":\"https:\\\/\\\/www.france.fi\\\/\",\"name\":\"Institut fran\u00e7ais de Finlande\",\"description\":\"\",\"publisher\":{\"@id\":\"https:\\\/\\\/www.france.fi\\\/#organization\"},\"potentialAction\":[{\"@type\":\"SearchAction\",\"target\":{\"@type\":\"EntryPoint\",\"urlTemplate\":\"https:\\\/\\\/www.france.fi\\\/?s={search_term_string}\"},\"query-input\":{\"@type\":\"PropertyValueSpecification\",\"valueRequired\":true,\"valueName\":\"search_term_string\"}}],\"inLanguage\":\"fr-FR\"},{\"@type\":\"Organization\",\"@id\":\"https:\\\/\\\/www.france.fi\\\/#organization\",\"name\":\"Institut fran\u00e7ais de Finlande\",\"url\":\"https:\\\/\\\/www.france.fi\\\/\",\"logo\":{\"@type\":\"ImageObject\",\"inLanguage\":\"fr-FR\",\"@id\":\"https:\\\/\\\/www.france.fi\\\/#\\\/schema\\\/logo\\\/image\\\/\",\"url\":\"https:\\\/\\\/www.france.fi\\\/wp-content\\\/uploads\\\/2024\\\/02\\\/if-logo-1.png\",\"contentUrl\":\"https:\\\/\\\/www.france.fi\\\/wp-content\\\/uploads\\\/2024\\\/02\\\/if-logo-1.png\",\"width\":687,\"height\":459,\"caption\":\"Institut fran\u00e7ais de Finlande\"},\"image\":{\"@id\":\"https:\\\/\\\/www.france.fi\\\/#\\\/schema\\\/logo\\\/image\\\/\"},\"sameAs\":[\"https:\\\/\\\/www.facebook.com\\\/institutfrancaisfi\",\"https:\\\/\\\/x.com\\\/IFFinlande\",\"https:\\\/\\\/www.instagram.com\\\/iffinlande\\\/\",\"https:\\\/\\\/fr.linkedin.com\\\/organization-guest\\\/company\\\/institut-fran-ais-de-finlande\",\"https:\\\/\\\/www.youtube.com\\\/channel\\\/UCHAitdpmSbeP78eL49XMotA\"]},{\"@type\":\"Person\",\"@id\":\"https:\\\/\\\/www.france.fi\\\/#\\\/schema\\\/person\\\/ed873f29db1d0af6a3600d15d3b65bfd\",\"name\":\"Equipe IFF\",\"image\":{\"@type\":\"ImageObject\",\"inLanguage\":\"fr-FR\",\"@id\":\"https:\\\/\\\/secure.gravatar.com\\\/avatar\\\/3c4ba80228d01014b25e45e90abb28ce315a02c6572751a7fb2298e4274989fc?s=96&d=mm&r=g\",\"url\":\"https:\\\/\\\/secure.gravatar.com\\\/avatar\\\/3c4ba80228d01014b25e45e90abb28ce315a02c6572751a7fb2298e4274989fc?s=96&d=mm&r=g\",\"contentUrl\":\"https:\\\/\\\/secure.gravatar.com\\\/avatar\\\/3c4ba80228d01014b25e45e90abb28ce315a02c6572751a7fb2298e4274989fc?s=96&d=mm&r=g\",\"caption\":\"Equipe IFF\"},\"url\":\"https:\\\/\\\/www.france.fi\\\/fr\\\/author\\\/iffadmin\\\/\"}]}<\/script>\n<!-- \/ Yoast SEO plugin. -->","yoast_head_json":{"title":"Recommandations de lectures pour l\u2019\u00e9t\u00e9 - Institut fran\u00e7ais","robots":{"index":"index","follow":"follow","max-snippet":"max-snippet:-1","max-image-preview":"max-image-preview:large","max-video-preview":"max-video-preview:-1"},"canonical":"https:\/\/www.france.fi\/fr\/mediatheque\/recommandations-de-lectures-pour-lete\/","og_locale":"fr_FR","og_type":"article","og_title":"Recommandations de lectures pour l\u2019\u00e9t\u00e9 - Institut fran\u00e7ais","og_description":"L'\u00e9t\u00e9 est la saison id\u00e9ale pour la lecture : venez \u00e0 la biblioth\u00e8que emprunter des livres pour la plage, le hamac, le chalet ou pour \u00e9gayer une journ\u00e9e pluvieuse.  Pourquoi ne pas essayer une ou plusieurs de ces recommandations estivales ?!","og_url":"https:\/\/www.france.fi\/fr\/mediatheque\/recommandations-de-lectures-pour-lete\/","og_site_name":"Institut fran\u00e7ais","article_publisher":"https:\/\/www.facebook.com\/institutfrancaisfi","article_published_time":"2024-06-25T13:20:13+00:00","article_modified_time":"2024-08-20T12:22:06+00:00","og_image":[{"width":2048,"height":1151,"url":"https:\/\/www.france.fi\/wp-content\/uploads\/2024\/06\/Recommandations-de-lectures-pour-lete-NL-site-1098x617.jpg","type":"image\/jpeg"}],"author":"Equipe IFF","twitter_card":"summary_large_image","twitter_creator":"@IFFinlande","twitter_site":"@IFFinlande","twitter_misc":{"\u00c9crit par":"Equipe IFF","Dur\u00e9e de lecture estim\u00e9e":"5 minutes"},"schema":{"@context":"https:\/\/schema.org","@graph":[{"@type":"Article","@id":"https:\/\/www.france.fi\/fr\/mediatheque\/recommandations-de-lectures-pour-lete\/#article","isPartOf":{"@id":"https:\/\/www.france.fi\/fr\/mediatheque\/recommandations-de-lectures-pour-lete\/"},"author":{"name":"Equipe IFF","@id":"https:\/\/www.france.fi\/#\/schema\/person\/ed873f29db1d0af6a3600d15d3b65bfd"},"headline":"Recommandations de lectures pour l\u2019\u00e9t\u00e9","datePublished":"2024-06-25T13:20:13+00:00","dateModified":"2024-08-20T12:22:06+00:00","mainEntityOfPage":{"@id":"https:\/\/www.france.fi\/fr\/mediatheque\/recommandations-de-lectures-pour-lete\/"},"wordCount":860,"publisher":{"@id":"https:\/\/www.france.fi\/#organization"},"image":{"@id":"https:\/\/www.france.fi\/fr\/mediatheque\/recommandations-de-lectures-pour-lete\/#primaryimage"},"thumbnailUrl":"https:\/\/www.france.fi\/wp-content\/uploads\/2024\/06\/Recommandations-de-lectures-pour-lete-NL-site-1098x617.jpg","articleSection":["M\u00e9diath\u00e8que"],"inLanguage":"fr-FR"},{"@type":"WebPage","@id":"https:\/\/www.france.fi\/fr\/mediatheque\/recommandations-de-lectures-pour-lete\/","url":"https:\/\/www.france.fi\/fr\/mediatheque\/recommandations-de-lectures-pour-lete\/","name":"Recommandations de lectures pour l\u2019\u00e9t\u00e9 - Institut fran\u00e7ais","isPartOf":{"@id":"https:\/\/www.france.fi\/#website"},"primaryImageOfPage":{"@id":"https:\/\/www.france.fi\/fr\/mediatheque\/recommandations-de-lectures-pour-lete\/#primaryimage"},"image":{"@id":"https:\/\/www.france.fi\/fr\/mediatheque\/recommandations-de-lectures-pour-lete\/#primaryimage"},"thumbnailUrl":"https:\/\/www.france.fi\/wp-content\/uploads\/2024\/06\/Recommandations-de-lectures-pour-lete-NL-site-1098x617.jpg","datePublished":"2024-06-25T13:20:13+00:00","dateModified":"2024-08-20T12:22:06+00:00","breadcrumb":{"@id":"https:\/\/www.france.fi\/fr\/mediatheque\/recommandations-de-lectures-pour-lete\/#breadcrumb"},"inLanguage":"fr-FR","potentialAction":[{"@type":"ReadAction","target":["https:\/\/www.france.fi\/fr\/mediatheque\/recommandations-de-lectures-pour-lete\/"]}]},{"@type":"ImageObject","inLanguage":"fr-FR","@id":"https:\/\/www.france.fi\/fr\/mediatheque\/recommandations-de-lectures-pour-lete\/#primaryimage","url":"https:\/\/www.france.fi\/wp-content\/uploads\/2024\/06\/Recommandations-de-lectures-pour-lete-NL-site-1098x617.jpg","contentUrl":"https:\/\/www.france.fi\/wp-content\/uploads\/2024\/06\/Recommandations-de-lectures-pour-lete-NL-site-1098x617.jpg","width":2048,"height":1151},{"@type":"BreadcrumbList","@id":"https:\/\/www.france.fi\/fr\/mediatheque\/recommandations-de-lectures-pour-lete\/#breadcrumb","itemListElement":[{"@type":"ListItem","position":1,"name":"Home","item":"https:\/\/www.france.fi\/fr\/"},{"@type":"ListItem","position":2,"name":"M\u00e9diath\u00e8que","item":"https:\/\/www.france.fi\/fr\/category\/mediatheque\/"},{"@type":"ListItem","position":3,"name":"Recommandations de lectures pour l\u2019\u00e9t\u00e9"}]},{"@type":"WebSite","@id":"https:\/\/www.france.fi\/#website","url":"https:\/\/www.france.fi\/","name":"Institut fran\u00e7ais de Finlande","description":"","publisher":{"@id":"https:\/\/www.france.fi\/#organization"},"potentialAction":[{"@type":"SearchAction","target":{"@type":"EntryPoint","urlTemplate":"https:\/\/www.france.fi\/?s={search_term_string}"},"query-input":{"@type":"PropertyValueSpecification","valueRequired":true,"valueName":"search_term_string"}}],"inLanguage":"fr-FR"},{"@type":"Organization","@id":"https:\/\/www.france.fi\/#organization","name":"Institut fran\u00e7ais de Finlande","url":"https:\/\/www.france.fi\/","logo":{"@type":"ImageObject","inLanguage":"fr-FR","@id":"https:\/\/www.france.fi\/#\/schema\/logo\/image\/","url":"https:\/\/www.france.fi\/wp-content\/uploads\/2024\/02\/if-logo-1.png","contentUrl":"https:\/\/www.france.fi\/wp-content\/uploads\/2024\/02\/if-logo-1.png","width":687,"height":459,"caption":"Institut fran\u00e7ais de Finlande"},"image":{"@id":"https:\/\/www.france.fi\/#\/schema\/logo\/image\/"},"sameAs":["https:\/\/www.facebook.com\/institutfrancaisfi","https:\/\/x.com\/IFFinlande","https:\/\/www.instagram.com\/iffinlande\/","https:\/\/fr.linkedin.com\/organization-guest\/company\/institut-fran-ais-de-finlande","https:\/\/www.youtube.com\/channel\/UCHAitdpmSbeP78eL49XMotA"]},{"@type":"Person","@id":"https:\/\/www.france.fi\/#\/schema\/person\/ed873f29db1d0af6a3600d15d3b65bfd","name":"Equipe IFF","image":{"@type":"ImageObject","inLanguage":"fr-FR","@id":"https:\/\/secure.gravatar.com\/avatar\/3c4ba80228d01014b25e45e90abb28ce315a02c6572751a7fb2298e4274989fc?s=96&d=mm&r=g","url":"https:\/\/secure.gravatar.com\/avatar\/3c4ba80228d01014b25e45e90abb28ce315a02c6572751a7fb2298e4274989fc?s=96&d=mm&r=g","contentUrl":"https:\/\/secure.gravatar.com\/avatar\/3c4ba80228d01014b25e45e90abb28ce315a02c6572751a7fb2298e4274989fc?s=96&d=mm&r=g","caption":"Equipe IFF"},"url":"https:\/\/www.france.fi\/fr\/author\/iffadmin\/"}]}},"_links":{"self":[{"href":"https:\/\/www.france.fi\/fr\/wp-json\/wp\/v2\/posts\/17150","targetHints":{"allow":["GET"]}}],"collection":[{"href":"https:\/\/www.france.fi\/fr\/wp-json\/wp\/v2\/posts"}],"about":[{"href":"https:\/\/www.france.fi\/fr\/wp-json\/wp\/v2\/types\/post"}],"author":[{"embeddable":true,"href":"https:\/\/www.france.fi\/fr\/wp-json\/wp\/v2\/users\/2"}],"replies":[{"embeddable":true,"href":"https:\/\/www.france.fi\/fr\/wp-json\/wp\/v2\/comments?post=17150"}],"version-history":[{"count":0,"href":"https:\/\/www.france.fi\/fr\/wp-json\/wp\/v2\/posts\/17150\/revisions"}],"wp:featuredmedia":[{"embeddable":true,"href":"https:\/\/www.france.fi\/fr\/wp-json\/wp\/v2\/media\/17151"}],"wp:attachment":[{"href":"https:\/\/www.france.fi\/fr\/wp-json\/wp\/v2\/media?parent=17150"}],"wp:term":[{"taxonomy":"category","embeddable":true,"href":"https:\/\/www.france.fi\/fr\/wp-json\/wp\/v2\/categories?post=17150"},{"taxonomy":"post_tag","embeddable":true,"href":"https:\/\/www.france.fi\/fr\/wp-json\/wp\/v2\/tags?post=17150"}],"curies":[{"name":"wp","href":"https:\/\/api.w.org\/{rel}","templated":true}]}}