{"id":17235,"date":"2024-08-10T10:12:04","date_gmt":"2024-08-10T07:12:04","guid":{"rendered":"https:\/\/www.france.fi\/?p=17235"},"modified":"2024-09-02T13:47:27","modified_gmt":"2024-09-02T10:47:27","slug":"festival-de-theatre-de-marionnettes-sampo-2024","status":"publish","type":"post","link":"https:\/\/www.france.fi\/fr\/culture\/festival-de-theatre-de-marionnettes-sampo-2024\/","title":{"rendered":"Festival de th\u00e9\u00e2tre de marionnettes SAMPO 2024"},"content":{"rendered":"<p><span data-contrast=\"auto\">Le festival SAMPO, organis\u00e9 \u00e0 Helsinki, pr\u00e9sente diff\u00e9rents styles de th\u00e9\u00e2tre de marionnettes et d\u00e9passe les fronti\u00e8res des genres artistiques. Le programme de cette ann\u00e9e propose une large gamme de spectacles : on y retrouve de petites repr\u00e9sentations pour les b\u00e9b\u00e9s, des pi\u00e8ces de th\u00e9\u00e2tre d&rsquo;ombres sur une grande sc\u00e8ne, du th\u00e9\u00e2tre d&rsquo;objets absurde destin\u00e9 aux adultes ainsi que du th\u00e9\u00e2tre de marionnettes \u00e0 gaine qui fait rire \u00e0 tous les \u00e2ges. Parmi les artistes pr\u00e9sents cette ann\u00e9e, des compagnies fran\u00e7aises telles que <\/span><b><span data-contrast=\"auto\">Les ombres port\u00e9es<\/span><\/b><span data-contrast=\"auto\"> et <\/span><b><span data-contrast=\"auto\">Compagnie Bakelite<\/span><\/b><span data-contrast=\"auto\"> monteront sur sc\u00e8ne.<\/span><span data-ccp-props=\"{&quot;201341983&quot;:0,&quot;335559739&quot;:160,&quot;335559740&quot;:259}\">\u00a0<\/span><\/p>\n<p><span data-contrast=\"auto\">Le spectacle \u00ab\u202f<\/span><b><span data-contrast=\"auto\">Natchav\u202f\u00bb <\/span><\/b><span data-contrast=\"auto\">des <\/span><b><span data-contrast=\"auto\">Ombres port\u00e9es<\/span><\/b><span data-contrast=\"auto\"> raconte l&rsquo;histoire d&rsquo;un cirque qui, pour \u00eatre libre, d\u00e9fie toutes les r\u00e8gles, y compris la loi de la gravit\u00e9. M\u00e9langeant fantaisie et r\u00e9alit\u00e9, \u00ab\u202fNatchav\u202f\u00bb donne un avant-go\u00fbt du sentiment de libert\u00e9. Le spectacle combine le th\u00e9\u00e2tre d&rsquo;ombres et la musique en direct. \u00ab\u202fNatchav\u202f\u00bb sera pr\u00e9sent\u00e9 dans la salle de th\u00e9\u00e2tre du centre culturel Stoa \u00e0 It\u00e4keskus le 29 ao\u00fbt \u00e0 19h et le 31 ao\u00fbt \u00e0 14h. De plus, une s\u00e9ance de la pi\u00e8ce sera organis\u00e9e vendredi 30 ao\u00fbt pour les groupes scolaires. L\u2019\u00e2ge recommand\u00e9 pour le spectacle est \u00e0 partir de 8 ans.<\/span><span data-ccp-props=\"{&quot;201341983&quot;:0,&quot;335559739&quot;:160,&quot;335559740&quot;:259}\">\u00a0<\/span><\/p>\n<p><b><span data-contrast=\"auto\">La Compagnie Bakelite<\/span><\/b><span data-contrast=\"auto\"> apporte <\/span><b><span data-contrast=\"auto\">deux spectacles<\/span><\/b><span data-contrast=\"auto\"> au festival. \u00ab\u202f<\/span><b><span data-contrast=\"auto\">L&rsquo;amour du risque\u202f\u00bb<\/span><\/b><span data-contrast=\"auto\"> est un ballet pour aspirateurs robotis\u00e9s : lors d&rsquo;un d\u00eener romantique, le service est automatis\u00e9 et contr\u00f4l\u00e9 par l&rsquo;intelligence artificielle. \u00ab\u202f<\/span><b><span data-contrast=\"auto\">Star Show\u202f\u00bb<\/span><\/b><span data-contrast=\"auto\"> traite des voyages dans l&rsquo;espace, sans que l&rsquo;on sache exactement o\u00f9 l&rsquo;on va. Ces spectacles absurdes et hilarants sont du th\u00e9\u00e2tre d&rsquo;objets par excellence\u202f!\u00a0<\/span><span data-ccp-props=\"{&quot;201341983&quot;:0,&quot;335559739&quot;:160,&quot;335559740&quot;:259}\">\u00a0<\/span><\/p>\n<p><span data-contrast=\"auto\">Ces deux spectacles de La Compagnie Bakelite seront jou\u00e9s \u00e0 la suite avec un entracte. Ils auront lieu samedi 31 ao\u00fbt \u00e0 15h et \u00e0 20h sur la sc\u00e8ne du th\u00e9\u00e2tre Sampo (Erottajankatu 7, 00130 Helsinki). De plus, une prestation individuelle de \u00ab Star Show \u00bb sera organis\u00e9 \u00e0 18h le m\u00eame jour. Chacun des spectacles dure une d\u00e9mi-heure. Recommand\u00e9 pour les spectateurs \u00e0 partir de 7-8 ans.<\/span><span data-ccp-props=\"{&quot;201341983&quot;:0,&quot;335559739&quot;:160,&quot;335559740&quot;:259}\">\u00a0<\/span><\/p>\n<p><span data-contrast=\"auto\">Tickets sur <\/span><a href=\"https:\/\/nukketeatterisampo.fi\/esityskalenteri\/\" target=\"_blank\" rel=\"noopener\"><span data-contrast=\"none\">le site internet du festival<\/span><\/a><span data-contrast=\"auto\">.<\/span><span data-ccp-props=\"{&quot;201341983&quot;:0,&quot;335559739&quot;:160,&quot;335559740&quot;:259}\">\u00a0<\/span><\/p>\n","protected":false},"excerpt":{"rendered":"<p>Le plus grand \u00e9v\u00e9nement de th\u00e9\u00e2tre de marionnettes en Finlande revient avec deux compagnies fran\u00e7aises ! <\/p>\n","protected":false},"author":2,"featured_media":17236,"comment_status":"closed","ping_status":"open","sticky":false,"template":"","format":"standard","meta":{"footnotes":""},"categories":[1],"tags":[211],"class_list":["post-17235","post","type-post","status-publish","format-standard","has-post-thumbnail","hentry","category-culture","tag-marionnettes"],"yoast_head":"<!-- This site is optimized with the Yoast SEO plugin v27.4 - https:\/\/yoast.com\/product\/yoast-seo-wordpress\/ -->\n<title>Festival de th\u00e9\u00e2tre de marionnettes SAMPO 2024 - Institut fran\u00e7ais<\/title>\n<meta name=\"robots\" content=\"index, follow, max-snippet:-1, max-image-preview:large, max-video-preview:-1\" \/>\n<link rel=\"canonical\" href=\"https:\/\/www.france.fi\/fr\/culture\/festival-de-theatre-de-marionnettes-sampo-2024\/\" \/>\n<meta property=\"og:locale\" content=\"fr_FR\" \/>\n<meta property=\"og:type\" content=\"article\" \/>\n<meta property=\"og:title\" content=\"Festival de th\u00e9\u00e2tre de marionnettes SAMPO 2024 - Institut fran\u00e7ais\" \/>\n<meta property=\"og:description\" content=\"Le plus grand \u00e9v\u00e9nement de th\u00e9\u00e2tre de marionnettes en Finlande revient avec deux compagnies fran\u00e7aises !\" \/>\n<meta property=\"og:url\" content=\"https:\/\/www.france.fi\/fr\/culture\/festival-de-theatre-de-marionnettes-sampo-2024\/\" \/>\n<meta property=\"og:site_name\" content=\"Institut fran\u00e7ais\" \/>\n<meta property=\"article:publisher\" content=\"https:\/\/www.facebook.com\/institutfrancaisfi\" \/>\n<meta property=\"article:published_time\" content=\"2024-08-10T07:12:04+00:00\" \/>\n<meta property=\"article:modified_time\" content=\"2024-09-02T10:47:27+00:00\" \/>\n<meta property=\"og:image\" content=\"https:\/\/www.france.fi\/wp-content\/uploads\/2024\/07\/Sampo-festival-1098x617.jpg\" \/>\n\t<meta property=\"og:image:width\" content=\"1280\" \/>\n\t<meta property=\"og:image:height\" content=\"720\" \/>\n\t<meta property=\"og:image:type\" content=\"image\/jpeg\" \/>\n<meta name=\"author\" content=\"Equipe IFF\" \/>\n<meta name=\"twitter:card\" content=\"summary_large_image\" \/>\n<meta name=\"twitter:creator\" content=\"@IFFinlande\" \/>\n<meta name=\"twitter:site\" content=\"@IFFinlande\" \/>\n<meta name=\"twitter:label1\" content=\"\u00c9crit par\" \/>\n\t<meta name=\"twitter:data1\" content=\"Equipe IFF\" \/>\n\t<meta name=\"twitter:label2\" content=\"Dur\u00e9e de lecture estim\u00e9e\" \/>\n\t<meta name=\"twitter:data2\" content=\"2 minutes\" \/>\n<script type=\"application\/ld+json\" class=\"yoast-schema-graph\">{\"@context\":\"https:\\\/\\\/schema.org\",\"@graph\":[{\"@type\":\"Article\",\"@id\":\"https:\\\/\\\/www.france.fi\\\/fr\\\/culture\\\/festival-de-theatre-de-marionnettes-sampo-2024\\\/#article\",\"isPartOf\":{\"@id\":\"https:\\\/\\\/www.france.fi\\\/fr\\\/culture\\\/festival-de-theatre-de-marionnettes-sampo-2024\\\/\"},\"author\":{\"name\":\"Equipe IFF\",\"@id\":\"https:\\\/\\\/www.france.fi\\\/#\\\/schema\\\/person\\\/ed873f29db1d0af6a3600d15d3b65bfd\"},\"headline\":\"Festival de th\u00e9\u00e2tre de marionnettes SAMPO 2024\",\"datePublished\":\"2024-08-10T07:12:04+00:00\",\"dateModified\":\"2024-09-02T10:47:27+00:00\",\"mainEntityOfPage\":{\"@id\":\"https:\\\/\\\/www.france.fi\\\/fr\\\/culture\\\/festival-de-theatre-de-marionnettes-sampo-2024\\\/\"},\"wordCount\":366,\"publisher\":{\"@id\":\"https:\\\/\\\/www.france.fi\\\/#organization\"},\"image\":{\"@id\":\"https:\\\/\\\/www.france.fi\\\/fr\\\/culture\\\/festival-de-theatre-de-marionnettes-sampo-2024\\\/#primaryimage\"},\"thumbnailUrl\":\"https:\\\/\\\/www.france.fi\\\/wp-content\\\/uploads\\\/2024\\\/07\\\/Sampo-festival-1098x617.jpg\",\"keywords\":[\"marionnettes\"],\"articleSection\":[\"Culture\"],\"inLanguage\":\"fr-FR\"},{\"@type\":\"WebPage\",\"@id\":\"https:\\\/\\\/www.france.fi\\\/fr\\\/culture\\\/festival-de-theatre-de-marionnettes-sampo-2024\\\/\",\"url\":\"https:\\\/\\\/www.france.fi\\\/fr\\\/culture\\\/festival-de-theatre-de-marionnettes-sampo-2024\\\/\",\"name\":\"Festival de th\u00e9\u00e2tre de marionnettes SAMPO 2024 - Institut fran\u00e7ais\",\"isPartOf\":{\"@id\":\"https:\\\/\\\/www.france.fi\\\/#website\"},\"primaryImageOfPage\":{\"@id\":\"https:\\\/\\\/www.france.fi\\\/fr\\\/culture\\\/festival-de-theatre-de-marionnettes-sampo-2024\\\/#primaryimage\"},\"image\":{\"@id\":\"https:\\\/\\\/www.france.fi\\\/fr\\\/culture\\\/festival-de-theatre-de-marionnettes-sampo-2024\\\/#primaryimage\"},\"thumbnailUrl\":\"https:\\\/\\\/www.france.fi\\\/wp-content\\\/uploads\\\/2024\\\/07\\\/Sampo-festival-1098x617.jpg\",\"datePublished\":\"2024-08-10T07:12:04+00:00\",\"dateModified\":\"2024-09-02T10:47:27+00:00\",\"breadcrumb\":{\"@id\":\"https:\\\/\\\/www.france.fi\\\/fr\\\/culture\\\/festival-de-theatre-de-marionnettes-sampo-2024\\\/#breadcrumb\"},\"inLanguage\":\"fr-FR\",\"potentialAction\":[{\"@type\":\"ReadAction\",\"target\":[\"https:\\\/\\\/www.france.fi\\\/fr\\\/culture\\\/festival-de-theatre-de-marionnettes-sampo-2024\\\/\"]}]},{\"@type\":\"ImageObject\",\"inLanguage\":\"fr-FR\",\"@id\":\"https:\\\/\\\/www.france.fi\\\/fr\\\/culture\\\/festival-de-theatre-de-marionnettes-sampo-2024\\\/#primaryimage\",\"url\":\"https:\\\/\\\/www.france.fi\\\/wp-content\\\/uploads\\\/2024\\\/07\\\/Sampo-festival-1098x617.jpg\",\"contentUrl\":\"https:\\\/\\\/www.france.fi\\\/wp-content\\\/uploads\\\/2024\\\/07\\\/Sampo-festival-1098x617.jpg\",\"width\":1280,\"height\":720},{\"@type\":\"BreadcrumbList\",\"@id\":\"https:\\\/\\\/www.france.fi\\\/fr\\\/culture\\\/festival-de-theatre-de-marionnettes-sampo-2024\\\/#breadcrumb\",\"itemListElement\":[{\"@type\":\"ListItem\",\"position\":1,\"name\":\"Home\",\"item\":\"https:\\\/\\\/www.france.fi\\\/fr\\\/\"},{\"@type\":\"ListItem\",\"position\":2,\"name\":\"Culture\",\"item\":\"https:\\\/\\\/www.france.fi\\\/fr\\\/category\\\/culture\\\/\"},{\"@type\":\"ListItem\",\"position\":3,\"name\":\"Festival de th\u00e9\u00e2tre de marionnettes SAMPO 2024\"}]},{\"@type\":\"WebSite\",\"@id\":\"https:\\\/\\\/www.france.fi\\\/#website\",\"url\":\"https:\\\/\\\/www.france.fi\\\/\",\"name\":\"Institut fran\u00e7ais de Finlande\",\"description\":\"\",\"publisher\":{\"@id\":\"https:\\\/\\\/www.france.fi\\\/#organization\"},\"potentialAction\":[{\"@type\":\"SearchAction\",\"target\":{\"@type\":\"EntryPoint\",\"urlTemplate\":\"https:\\\/\\\/www.france.fi\\\/?s={search_term_string}\"},\"query-input\":{\"@type\":\"PropertyValueSpecification\",\"valueRequired\":true,\"valueName\":\"search_term_string\"}}],\"inLanguage\":\"fr-FR\"},{\"@type\":\"Organization\",\"@id\":\"https:\\\/\\\/www.france.fi\\\/#organization\",\"name\":\"Institut fran\u00e7ais de Finlande\",\"url\":\"https:\\\/\\\/www.france.fi\\\/\",\"logo\":{\"@type\":\"ImageObject\",\"inLanguage\":\"fr-FR\",\"@id\":\"https:\\\/\\\/www.france.fi\\\/#\\\/schema\\\/logo\\\/image\\\/\",\"url\":\"https:\\\/\\\/www.france.fi\\\/wp-content\\\/uploads\\\/2024\\\/02\\\/if-logo-1.png\",\"contentUrl\":\"https:\\\/\\\/www.france.fi\\\/wp-content\\\/uploads\\\/2024\\\/02\\\/if-logo-1.png\",\"width\":687,\"height\":459,\"caption\":\"Institut fran\u00e7ais de Finlande\"},\"image\":{\"@id\":\"https:\\\/\\\/www.france.fi\\\/#\\\/schema\\\/logo\\\/image\\\/\"},\"sameAs\":[\"https:\\\/\\\/www.facebook.com\\\/institutfrancaisfi\",\"https:\\\/\\\/x.com\\\/IFFinlande\",\"https:\\\/\\\/www.instagram.com\\\/iffinlande\\\/\",\"https:\\\/\\\/fr.linkedin.com\\\/organization-guest\\\/company\\\/institut-fran-ais-de-finlande\",\"https:\\\/\\\/www.youtube.com\\\/channel\\\/UCHAitdpmSbeP78eL49XMotA\"]},{\"@type\":\"Person\",\"@id\":\"https:\\\/\\\/www.france.fi\\\/#\\\/schema\\\/person\\\/ed873f29db1d0af6a3600d15d3b65bfd\",\"name\":\"Equipe IFF\",\"image\":{\"@type\":\"ImageObject\",\"inLanguage\":\"fr-FR\",\"@id\":\"https:\\\/\\\/secure.gravatar.com\\\/avatar\\\/3c4ba80228d01014b25e45e90abb28ce315a02c6572751a7fb2298e4274989fc?s=96&d=mm&r=g\",\"url\":\"https:\\\/\\\/secure.gravatar.com\\\/avatar\\\/3c4ba80228d01014b25e45e90abb28ce315a02c6572751a7fb2298e4274989fc?s=96&d=mm&r=g\",\"contentUrl\":\"https:\\\/\\\/secure.gravatar.com\\\/avatar\\\/3c4ba80228d01014b25e45e90abb28ce315a02c6572751a7fb2298e4274989fc?s=96&d=mm&r=g\",\"caption\":\"Equipe IFF\"},\"url\":\"https:\\\/\\\/www.france.fi\\\/fr\\\/author\\\/iffadmin\\\/\"}]}<\/script>\n<!-- \/ Yoast SEO plugin. -->","yoast_head_json":{"title":"Festival de th\u00e9\u00e2tre de marionnettes SAMPO 2024 - Institut fran\u00e7ais","robots":{"index":"index","follow":"follow","max-snippet":"max-snippet:-1","max-image-preview":"max-image-preview:large","max-video-preview":"max-video-preview:-1"},"canonical":"https:\/\/www.france.fi\/fr\/culture\/festival-de-theatre-de-marionnettes-sampo-2024\/","og_locale":"fr_FR","og_type":"article","og_title":"Festival de th\u00e9\u00e2tre de marionnettes SAMPO 2024 - Institut fran\u00e7ais","og_description":"Le plus grand \u00e9v\u00e9nement de th\u00e9\u00e2tre de marionnettes en Finlande revient avec deux compagnies fran\u00e7aises !","og_url":"https:\/\/www.france.fi\/fr\/culture\/festival-de-theatre-de-marionnettes-sampo-2024\/","og_site_name":"Institut fran\u00e7ais","article_publisher":"https:\/\/www.facebook.com\/institutfrancaisfi","article_published_time":"2024-08-10T07:12:04+00:00","article_modified_time":"2024-09-02T10:47:27+00:00","og_image":[{"width":1280,"height":720,"url":"https:\/\/www.france.fi\/wp-content\/uploads\/2024\/07\/Sampo-festival-1098x617.jpg","type":"image\/jpeg"}],"author":"Equipe IFF","twitter_card":"summary_large_image","twitter_creator":"@IFFinlande","twitter_site":"@IFFinlande","twitter_misc":{"\u00c9crit par":"Equipe IFF","Dur\u00e9e de lecture estim\u00e9e":"2 minutes"},"schema":{"@context":"https:\/\/schema.org","@graph":[{"@type":"Article","@id":"https:\/\/www.france.fi\/fr\/culture\/festival-de-theatre-de-marionnettes-sampo-2024\/#article","isPartOf":{"@id":"https:\/\/www.france.fi\/fr\/culture\/festival-de-theatre-de-marionnettes-sampo-2024\/"},"author":{"name":"Equipe IFF","@id":"https:\/\/www.france.fi\/#\/schema\/person\/ed873f29db1d0af6a3600d15d3b65bfd"},"headline":"Festival de th\u00e9\u00e2tre de marionnettes SAMPO 2024","datePublished":"2024-08-10T07:12:04+00:00","dateModified":"2024-09-02T10:47:27+00:00","mainEntityOfPage":{"@id":"https:\/\/www.france.fi\/fr\/culture\/festival-de-theatre-de-marionnettes-sampo-2024\/"},"wordCount":366,"publisher":{"@id":"https:\/\/www.france.fi\/#organization"},"image":{"@id":"https:\/\/www.france.fi\/fr\/culture\/festival-de-theatre-de-marionnettes-sampo-2024\/#primaryimage"},"thumbnailUrl":"https:\/\/www.france.fi\/wp-content\/uploads\/2024\/07\/Sampo-festival-1098x617.jpg","keywords":["marionnettes"],"articleSection":["Culture"],"inLanguage":"fr-FR"},{"@type":"WebPage","@id":"https:\/\/www.france.fi\/fr\/culture\/festival-de-theatre-de-marionnettes-sampo-2024\/","url":"https:\/\/www.france.fi\/fr\/culture\/festival-de-theatre-de-marionnettes-sampo-2024\/","name":"Festival de th\u00e9\u00e2tre de marionnettes SAMPO 2024 - Institut fran\u00e7ais","isPartOf":{"@id":"https:\/\/www.france.fi\/#website"},"primaryImageOfPage":{"@id":"https:\/\/www.france.fi\/fr\/culture\/festival-de-theatre-de-marionnettes-sampo-2024\/#primaryimage"},"image":{"@id":"https:\/\/www.france.fi\/fr\/culture\/festival-de-theatre-de-marionnettes-sampo-2024\/#primaryimage"},"thumbnailUrl":"https:\/\/www.france.fi\/wp-content\/uploads\/2024\/07\/Sampo-festival-1098x617.jpg","datePublished":"2024-08-10T07:12:04+00:00","dateModified":"2024-09-02T10:47:27+00:00","breadcrumb":{"@id":"https:\/\/www.france.fi\/fr\/culture\/festival-de-theatre-de-marionnettes-sampo-2024\/#breadcrumb"},"inLanguage":"fr-FR","potentialAction":[{"@type":"ReadAction","target":["https:\/\/www.france.fi\/fr\/culture\/festival-de-theatre-de-marionnettes-sampo-2024\/"]}]},{"@type":"ImageObject","inLanguage":"fr-FR","@id":"https:\/\/www.france.fi\/fr\/culture\/festival-de-theatre-de-marionnettes-sampo-2024\/#primaryimage","url":"https:\/\/www.france.fi\/wp-content\/uploads\/2024\/07\/Sampo-festival-1098x617.jpg","contentUrl":"https:\/\/www.france.fi\/wp-content\/uploads\/2024\/07\/Sampo-festival-1098x617.jpg","width":1280,"height":720},{"@type":"BreadcrumbList","@id":"https:\/\/www.france.fi\/fr\/culture\/festival-de-theatre-de-marionnettes-sampo-2024\/#breadcrumb","itemListElement":[{"@type":"ListItem","position":1,"name":"Home","item":"https:\/\/www.france.fi\/fr\/"},{"@type":"ListItem","position":2,"name":"Culture","item":"https:\/\/www.france.fi\/fr\/category\/culture\/"},{"@type":"ListItem","position":3,"name":"Festival de th\u00e9\u00e2tre de marionnettes SAMPO 2024"}]},{"@type":"WebSite","@id":"https:\/\/www.france.fi\/#website","url":"https:\/\/www.france.fi\/","name":"Institut fran\u00e7ais de Finlande","description":"","publisher":{"@id":"https:\/\/www.france.fi\/#organization"},"potentialAction":[{"@type":"SearchAction","target":{"@type":"EntryPoint","urlTemplate":"https:\/\/www.france.fi\/?s={search_term_string}"},"query-input":{"@type":"PropertyValueSpecification","valueRequired":true,"valueName":"search_term_string"}}],"inLanguage":"fr-FR"},{"@type":"Organization","@id":"https:\/\/www.france.fi\/#organization","name":"Institut fran\u00e7ais de Finlande","url":"https:\/\/www.france.fi\/","logo":{"@type":"ImageObject","inLanguage":"fr-FR","@id":"https:\/\/www.france.fi\/#\/schema\/logo\/image\/","url":"https:\/\/www.france.fi\/wp-content\/uploads\/2024\/02\/if-logo-1.png","contentUrl":"https:\/\/www.france.fi\/wp-content\/uploads\/2024\/02\/if-logo-1.png","width":687,"height":459,"caption":"Institut fran\u00e7ais de Finlande"},"image":{"@id":"https:\/\/www.france.fi\/#\/schema\/logo\/image\/"},"sameAs":["https:\/\/www.facebook.com\/institutfrancaisfi","https:\/\/x.com\/IFFinlande","https:\/\/www.instagram.com\/iffinlande\/","https:\/\/fr.linkedin.com\/organization-guest\/company\/institut-fran-ais-de-finlande","https:\/\/www.youtube.com\/channel\/UCHAitdpmSbeP78eL49XMotA"]},{"@type":"Person","@id":"https:\/\/www.france.fi\/#\/schema\/person\/ed873f29db1d0af6a3600d15d3b65bfd","name":"Equipe IFF","image":{"@type":"ImageObject","inLanguage":"fr-FR","@id":"https:\/\/secure.gravatar.com\/avatar\/3c4ba80228d01014b25e45e90abb28ce315a02c6572751a7fb2298e4274989fc?s=96&d=mm&r=g","url":"https:\/\/secure.gravatar.com\/avatar\/3c4ba80228d01014b25e45e90abb28ce315a02c6572751a7fb2298e4274989fc?s=96&d=mm&r=g","contentUrl":"https:\/\/secure.gravatar.com\/avatar\/3c4ba80228d01014b25e45e90abb28ce315a02c6572751a7fb2298e4274989fc?s=96&d=mm&r=g","caption":"Equipe IFF"},"url":"https:\/\/www.france.fi\/fr\/author\/iffadmin\/"}]}},"_links":{"self":[{"href":"https:\/\/www.france.fi\/fr\/wp-json\/wp\/v2\/posts\/17235","targetHints":{"allow":["GET"]}}],"collection":[{"href":"https:\/\/www.france.fi\/fr\/wp-json\/wp\/v2\/posts"}],"about":[{"href":"https:\/\/www.france.fi\/fr\/wp-json\/wp\/v2\/types\/post"}],"author":[{"embeddable":true,"href":"https:\/\/www.france.fi\/fr\/wp-json\/wp\/v2\/users\/2"}],"replies":[{"embeddable":true,"href":"https:\/\/www.france.fi\/fr\/wp-json\/wp\/v2\/comments?post=17235"}],"version-history":[{"count":0,"href":"https:\/\/www.france.fi\/fr\/wp-json\/wp\/v2\/posts\/17235\/revisions"}],"wp:featuredmedia":[{"embeddable":true,"href":"https:\/\/www.france.fi\/fr\/wp-json\/wp\/v2\/media\/17236"}],"wp:attachment":[{"href":"https:\/\/www.france.fi\/fr\/wp-json\/wp\/v2\/media?parent=17235"}],"wp:term":[{"taxonomy":"category","embeddable":true,"href":"https:\/\/www.france.fi\/fr\/wp-json\/wp\/v2\/categories?post=17235"},{"taxonomy":"post_tag","embeddable":true,"href":"https:\/\/www.france.fi\/fr\/wp-json\/wp\/v2\/tags?post=17235"}],"curies":[{"name":"wp","href":"https:\/\/api.w.org\/{rel}","templated":true}]}}