{"id":17341,"date":"2024-07-25T14:14:04","date_gmt":"2024-07-25T11:14:04","guid":{"rendered":"https:\/\/www.france.fi\/?p=17341"},"modified":"2024-11-28T11:16:49","modified_gmt":"2024-11-28T09:16:49","slug":"pause-midi-en-francais-automne-2024","status":"publish","type":"post","link":"https:\/\/www.france.fi\/fr\/langue-francaise\/pause-midi-en-francais-automne-2024\/","title":{"rendered":"Pause midi en fran\u00e7ais &#8211; Automne 2024"},"content":{"rendered":"<p>Vous voulez rafra\u00eechir votre fran\u00e7ais mais vous n\u2019avez pas beaucoup de temps \u00e0 y consacrer ? Rejoignez-nous en ligne pour notre nouveau cours pendant votre pause d\u00e9jeuner !<\/p>\n<p><strong>Pourquoi participer ?<\/strong><\/p>\n<ul>\n<li><strong>Adapt\u00e9 aux niveaux interm\u00e9diaires :<\/strong> Parfait pour ceux qui ont d\u00e9j\u00e0 des bases en fran\u00e7ais et souhaitent am\u00e9liorer leur fluidit\u00e9.<\/li>\n<li><strong>Convivial et pratique :<\/strong> Apprenez pendant votre pause d\u00e9jeuner, sans bouleverser votre emploi du temps et sans avoir \u00e0 vous d\u00e9placer.<\/li>\n<li><strong>Sessions courtes :<\/strong> Des le\u00e7ons compactes et efficaces de 45 minutes, con\u00e7ues pour s&rsquo;adapter \u00e0 votre journ\u00e9e.<\/li>\n<li><strong>Enseignants exp\u00e9riment\u00e9s :<\/strong> Am\u00e9liorez votre fran\u00e7ais avec l&rsquo;aide de professeurs natifs et qualifi\u00e9s.<\/li>\n<\/ul>\n<p><strong>Points forts de nos sessions<\/strong><\/p>\n<ul>\n<li><strong>Conversations dynamiques :<\/strong> Am\u00e9liorez votre capacit\u00e9 \u00e0 discuter de sujets vari\u00e9s et d&rsquo;actualit\u00e9.<\/li>\n<li><strong>R\u00e9vision cibl\u00e9e :<\/strong> Revisitez les r\u00e8gles de grammaire complexes et les points sp\u00e9cifiques que vous trouvez difficiles de mani\u00e8re rapide et interactive.<\/li>\n<li><strong>Activit\u00e9s engageantes :<\/strong> Participez \u00e0 des jeux linguistiques et des discussions stimulantes.<\/li>\n<li><strong>Retour personnalis\u00e9 :<\/strong> Recevez des conseils personnalis\u00e9s pour progresser rapidement.<\/li>\n<\/ul>\n<p><strong>Ce que vous allez apprendre<\/strong><\/p>\n<ul>\n<li><strong>Vocabulaire enrichi :<\/strong> Mettez \u00e0 jour et \u00e9largissez votre lexique avec des expressions courantes et des termes sp\u00e9cifiques.<\/li>\n<li><strong>Prononciation :<\/strong> Travaillez sur les nuances de la prononciation pour parler plus naturellement.<\/li>\n<li><strong>Confiance en soi :<\/strong> Gagnez en assurance et osez parler fran\u00e7ais gr\u00e2ce \u00e0 des interactions r\u00e9guli\u00e8res et structur\u00e9es.<\/li>\n<\/ul>\n<p><strong>Rejoignez-nous d\u00e8s aujourd\u2019hui !<\/strong><\/p>\n<p>Ne laissez pas votre emploi du temps charg\u00e9 vous emp\u00eacher de perfectionner votre fran\u00e7ais. Prenez une pause d\u00e9jeuner productive et agr\u00e9able avec nous !<\/p>\n<p><strong>Pr\u00eat \u00e0 commencer ?<\/strong>\u00a0Inscrivez-vous d\u00e8s maintenant\u00a0!<\/p>\n<div class='kiosque-aec'><div\n data-module='classes'\n data-action='courses-catalog'\n data-param-etablishment-branch-id=''\n data-param-period-id=''\n data-param-classification-id=''\n data-param-subject-id=''\n data-param-class-type-id='25'\n data-param-level-id=''\n data-param-learning-pace=''\n data-param-sidebar=''\n data-param-class-format-id=''\n data-param-localization=''\n data-param-show-filter-choices=''\n data-param-lang='fr_FR'><\/div><\/div>\n","protected":false},"excerpt":{"rendered":"<p>Rafra\u00eechissez votre fran\u00e7ais pendant votre pause d\u00e9jeuner !<\/p>\n","protected":false},"author":8,"featured_media":17337,"comment_status":"closed","ping_status":"closed","sticky":false,"template":"","format":"standard","meta":{"footnotes":""},"categories":[45],"tags":[247,531,532,533,534,535,536,537,538,539,546,547,548,549,550],"class_list":["post-17341","post","type-post","status-publish","format-standard","has-post-thumbnail","hentry","category-langue-francaise","tag-cours-de-francais","tag-ranskan-kurssi-fr","tag-ranskan-kieli-fr","tag-kurssi-fr","tag-lounas-fr","tag-lounastauko-fr","tag-aikuisten-kurssi-fr","tag-syksy-2024-fr","tag-etakurssi-fr","tag-verkkokurssi-fr","tag-cours-en-ligne","tag-cours-de-conversation","tag-pause-dejeuner","tag-cours-adultes","tag-automne-2024"],"yoast_head":"<!-- This site is optimized with the Yoast SEO plugin v27.4 - https:\/\/yoast.com\/product\/yoast-seo-wordpress\/ -->\n<title>Pause midi en fran\u00e7ais - Automne 2024 - Institut fran\u00e7ais<\/title>\n<meta name=\"description\" content=\"Rafra\u00eechissez votre fran\u00e7ais pendant votre pause d\u00e9jeuner sans besoin de vous d\u00e9placer ! D\u00e9but des cours le 3 septembre 2024.\" \/>\n<meta name=\"robots\" content=\"index, follow, max-snippet:-1, max-image-preview:large, max-video-preview:-1\" \/>\n<link rel=\"canonical\" href=\"https:\/\/www.france.fi\/fr\/langue-francaise\/pause-midi-en-francais-automne-2024\/\" \/>\n<meta property=\"og:locale\" content=\"fr_FR\" \/>\n<meta property=\"og:type\" content=\"article\" \/>\n<meta property=\"og:title\" content=\"Pause midi en fran\u00e7ais - Automne 2024 - Institut fran\u00e7ais\" \/>\n<meta property=\"og:description\" content=\"Rafra\u00eechissez votre fran\u00e7ais pendant votre pause d\u00e9jeuner sans besoin de vous d\u00e9placer ! D\u00e9but des cours le 3 septembre 2024.\" \/>\n<meta property=\"og:url\" content=\"https:\/\/www.france.fi\/fr\/langue-francaise\/pause-midi-en-francais-automne-2024\/\" \/>\n<meta property=\"og:site_name\" content=\"Institut fran\u00e7ais\" \/>\n<meta property=\"article:publisher\" content=\"https:\/\/www.facebook.com\/institutfrancaisfi\" \/>\n<meta property=\"article:published_time\" content=\"2024-07-25T11:14:04+00:00\" \/>\n<meta property=\"article:modified_time\" content=\"2024-11-28T09:16:49+00:00\" \/>\n<meta property=\"og:image\" content=\"https:\/\/www.france.fi\/wp-content\/uploads\/2024\/07\/Site-internet-dejeuner-en-FR-1098x617.jpg\" \/>\n\t<meta property=\"og:image:width\" content=\"1280\" \/>\n\t<meta property=\"og:image:height\" content=\"720\" \/>\n\t<meta property=\"og:image:type\" content=\"image\/jpeg\" \/>\n<meta name=\"author\" content=\"Katri Jokela\" \/>\n<meta name=\"twitter:card\" content=\"summary_large_image\" \/>\n<meta name=\"twitter:creator\" content=\"@IFFinlande\" \/>\n<meta name=\"twitter:site\" content=\"@IFFinlande\" \/>\n<meta name=\"twitter:label1\" content=\"\u00c9crit par\" \/>\n\t<meta name=\"twitter:data1\" content=\"Katri Jokela\" \/>\n\t<meta name=\"twitter:label2\" content=\"Dur\u00e9e de lecture estim\u00e9e\" \/>\n\t<meta name=\"twitter:data2\" content=\"2 minutes\" \/>\n<script type=\"application\/ld+json\" class=\"yoast-schema-graph\">{\"@context\":\"https:\\\/\\\/schema.org\",\"@graph\":[{\"@type\":\"Article\",\"@id\":\"https:\\\/\\\/www.france.fi\\\/fr\\\/langue-francaise\\\/pause-midi-en-francais-automne-2024\\\/#article\",\"isPartOf\":{\"@id\":\"https:\\\/\\\/www.france.fi\\\/fr\\\/langue-francaise\\\/pause-midi-en-francais-automne-2024\\\/\"},\"author\":{\"name\":\"Katri Jokela\",\"@id\":\"https:\\\/\\\/www.france.fi\\\/#\\\/schema\\\/person\\\/db81697c695313881e27d7a0098b4cfe\"},\"headline\":\"Pause midi en fran\u00e7ais &#8211; Automne 2024\",\"datePublished\":\"2024-07-25T11:14:04+00:00\",\"dateModified\":\"2024-11-28T09:16:49+00:00\",\"mainEntityOfPage\":{\"@id\":\"https:\\\/\\\/www.france.fi\\\/fr\\\/langue-francaise\\\/pause-midi-en-francais-automne-2024\\\/\"},\"wordCount\":282,\"publisher\":{\"@id\":\"https:\\\/\\\/www.france.fi\\\/#organization\"},\"image\":{\"@id\":\"https:\\\/\\\/www.france.fi\\\/fr\\\/langue-francaise\\\/pause-midi-en-francais-automne-2024\\\/#primaryimage\"},\"thumbnailUrl\":\"https:\\\/\\\/www.france.fi\\\/wp-content\\\/uploads\\\/2024\\\/07\\\/Site-internet-dejeuner-en-FR-1098x617.jpg\",\"keywords\":[\"Cours de fran\u00e7ais\",\"ranskan kurssi\",\"ranskan kieli\",\"kurssi\",\"lounas\",\"lounastauko\",\"aikuisten kurssi\",\"syksy 2024\",\"et\u00e4kurssi\",\"verkkokurssi\",\"cours en ligne\",\"cours de conversation\",\"pause d\u00e9jeuner\",\"cours adultes\",\"automne 2024\"],\"articleSection\":[\"Langue fran\u00e7aise\"],\"inLanguage\":\"fr-FR\"},{\"@type\":\"WebPage\",\"@id\":\"https:\\\/\\\/www.france.fi\\\/fr\\\/langue-francaise\\\/pause-midi-en-francais-automne-2024\\\/\",\"url\":\"https:\\\/\\\/www.france.fi\\\/fr\\\/langue-francaise\\\/pause-midi-en-francais-automne-2024\\\/\",\"name\":\"Pause midi en fran\u00e7ais - Automne 2024 - Institut fran\u00e7ais\",\"isPartOf\":{\"@id\":\"https:\\\/\\\/www.france.fi\\\/#website\"},\"primaryImageOfPage\":{\"@id\":\"https:\\\/\\\/www.france.fi\\\/fr\\\/langue-francaise\\\/pause-midi-en-francais-automne-2024\\\/#primaryimage\"},\"image\":{\"@id\":\"https:\\\/\\\/www.france.fi\\\/fr\\\/langue-francaise\\\/pause-midi-en-francais-automne-2024\\\/#primaryimage\"},\"thumbnailUrl\":\"https:\\\/\\\/www.france.fi\\\/wp-content\\\/uploads\\\/2024\\\/07\\\/Site-internet-dejeuner-en-FR-1098x617.jpg\",\"datePublished\":\"2024-07-25T11:14:04+00:00\",\"dateModified\":\"2024-11-28T09:16:49+00:00\",\"description\":\"Rafra\u00eechissez votre fran\u00e7ais pendant votre pause d\u00e9jeuner sans besoin de vous d\u00e9placer ! D\u00e9but des cours le 3 septembre 2024.\",\"breadcrumb\":{\"@id\":\"https:\\\/\\\/www.france.fi\\\/fr\\\/langue-francaise\\\/pause-midi-en-francais-automne-2024\\\/#breadcrumb\"},\"inLanguage\":\"fr-FR\",\"potentialAction\":[{\"@type\":\"ReadAction\",\"target\":[\"https:\\\/\\\/www.france.fi\\\/fr\\\/langue-francaise\\\/pause-midi-en-francais-automne-2024\\\/\"]}]},{\"@type\":\"ImageObject\",\"inLanguage\":\"fr-FR\",\"@id\":\"https:\\\/\\\/www.france.fi\\\/fr\\\/langue-francaise\\\/pause-midi-en-francais-automne-2024\\\/#primaryimage\",\"url\":\"https:\\\/\\\/www.france.fi\\\/wp-content\\\/uploads\\\/2024\\\/07\\\/Site-internet-dejeuner-en-FR-1098x617.jpg\",\"contentUrl\":\"https:\\\/\\\/www.france.fi\\\/wp-content\\\/uploads\\\/2024\\\/07\\\/Site-internet-dejeuner-en-FR-1098x617.jpg\",\"width\":1280,\"height\":720,\"caption\":\"D\u00e9jeuner en francais\"},{\"@type\":\"BreadcrumbList\",\"@id\":\"https:\\\/\\\/www.france.fi\\\/fr\\\/langue-francaise\\\/pause-midi-en-francais-automne-2024\\\/#breadcrumb\",\"itemListElement\":[{\"@type\":\"ListItem\",\"position\":1,\"name\":\"Home\",\"item\":\"https:\\\/\\\/www.france.fi\\\/fr\\\/\"},{\"@type\":\"ListItem\",\"position\":2,\"name\":\"Ranskan kieli\",\"item\":\"https:\\\/\\\/www.france.fi\\\/category\\\/ranskan-kieli\\\/\"},{\"@type\":\"ListItem\",\"position\":3,\"name\":\"Pause midi en fran\u00e7ais &#8211; Automne 2024\"}]},{\"@type\":\"WebSite\",\"@id\":\"https:\\\/\\\/www.france.fi\\\/#website\",\"url\":\"https:\\\/\\\/www.france.fi\\\/\",\"name\":\"Institut fran\u00e7ais de Finlande\",\"description\":\"\",\"publisher\":{\"@id\":\"https:\\\/\\\/www.france.fi\\\/#organization\"},\"potentialAction\":[{\"@type\":\"SearchAction\",\"target\":{\"@type\":\"EntryPoint\",\"urlTemplate\":\"https:\\\/\\\/www.france.fi\\\/?s={search_term_string}\"},\"query-input\":{\"@type\":\"PropertyValueSpecification\",\"valueRequired\":true,\"valueName\":\"search_term_string\"}}],\"inLanguage\":\"fr-FR\"},{\"@type\":\"Organization\",\"@id\":\"https:\\\/\\\/www.france.fi\\\/#organization\",\"name\":\"Institut fran\u00e7ais de Finlande\",\"url\":\"https:\\\/\\\/www.france.fi\\\/\",\"logo\":{\"@type\":\"ImageObject\",\"inLanguage\":\"fr-FR\",\"@id\":\"https:\\\/\\\/www.france.fi\\\/#\\\/schema\\\/logo\\\/image\\\/\",\"url\":\"https:\\\/\\\/www.france.fi\\\/wp-content\\\/uploads\\\/2024\\\/02\\\/if-logo-1.png\",\"contentUrl\":\"https:\\\/\\\/www.france.fi\\\/wp-content\\\/uploads\\\/2024\\\/02\\\/if-logo-1.png\",\"width\":687,\"height\":459,\"caption\":\"Institut fran\u00e7ais de Finlande\"},\"image\":{\"@id\":\"https:\\\/\\\/www.france.fi\\\/#\\\/schema\\\/logo\\\/image\\\/\"},\"sameAs\":[\"https:\\\/\\\/www.facebook.com\\\/institutfrancaisfi\",\"https:\\\/\\\/x.com\\\/IFFinlande\",\"https:\\\/\\\/www.instagram.com\\\/iffinlande\\\/\",\"https:\\\/\\\/fr.linkedin.com\\\/organization-guest\\\/company\\\/institut-fran-ais-de-finlande\",\"https:\\\/\\\/www.youtube.com\\\/channel\\\/UCHAitdpmSbeP78eL49XMotA\"]},{\"@type\":\"Person\",\"@id\":\"https:\\\/\\\/www.france.fi\\\/#\\\/schema\\\/person\\\/db81697c695313881e27d7a0098b4cfe\",\"name\":\"Katri Jokela\",\"image\":{\"@type\":\"ImageObject\",\"inLanguage\":\"fr-FR\",\"@id\":\"https:\\\/\\\/secure.gravatar.com\\\/avatar\\\/396aab495906d349883b262e8f147388dc2e3243e726e288a7b8da2294580805?s=96&d=mm&r=g\",\"url\":\"https:\\\/\\\/secure.gravatar.com\\\/avatar\\\/396aab495906d349883b262e8f147388dc2e3243e726e288a7b8da2294580805?s=96&d=mm&r=g\",\"contentUrl\":\"https:\\\/\\\/secure.gravatar.com\\\/avatar\\\/396aab495906d349883b262e8f147388dc2e3243e726e288a7b8da2294580805?s=96&d=mm&r=g\",\"caption\":\"Katri Jokela\"},\"url\":\"https:\\\/\\\/www.france.fi\\\/fr\\\/author\\\/katri-jokelafrance-fi\\\/\"}]}<\/script>\n<!-- \/ Yoast SEO plugin. -->","yoast_head_json":{"title":"Pause midi en fran\u00e7ais - Automne 2024 - Institut fran\u00e7ais","description":"Rafra\u00eechissez votre fran\u00e7ais pendant votre pause d\u00e9jeuner sans besoin de vous d\u00e9placer ! D\u00e9but des cours le 3 septembre 2024.","robots":{"index":"index","follow":"follow","max-snippet":"max-snippet:-1","max-image-preview":"max-image-preview:large","max-video-preview":"max-video-preview:-1"},"canonical":"https:\/\/www.france.fi\/fr\/langue-francaise\/pause-midi-en-francais-automne-2024\/","og_locale":"fr_FR","og_type":"article","og_title":"Pause midi en fran\u00e7ais - Automne 2024 - Institut fran\u00e7ais","og_description":"Rafra\u00eechissez votre fran\u00e7ais pendant votre pause d\u00e9jeuner sans besoin de vous d\u00e9placer ! D\u00e9but des cours le 3 septembre 2024.","og_url":"https:\/\/www.france.fi\/fr\/langue-francaise\/pause-midi-en-francais-automne-2024\/","og_site_name":"Institut fran\u00e7ais","article_publisher":"https:\/\/www.facebook.com\/institutfrancaisfi","article_published_time":"2024-07-25T11:14:04+00:00","article_modified_time":"2024-11-28T09:16:49+00:00","og_image":[{"width":1280,"height":720,"url":"https:\/\/www.france.fi\/wp-content\/uploads\/2024\/07\/Site-internet-dejeuner-en-FR-1098x617.jpg","type":"image\/jpeg"}],"author":"Katri Jokela","twitter_card":"summary_large_image","twitter_creator":"@IFFinlande","twitter_site":"@IFFinlande","twitter_misc":{"\u00c9crit par":"Katri Jokela","Dur\u00e9e de lecture estim\u00e9e":"2 minutes"},"schema":{"@context":"https:\/\/schema.org","@graph":[{"@type":"Article","@id":"https:\/\/www.france.fi\/fr\/langue-francaise\/pause-midi-en-francais-automne-2024\/#article","isPartOf":{"@id":"https:\/\/www.france.fi\/fr\/langue-francaise\/pause-midi-en-francais-automne-2024\/"},"author":{"name":"Katri Jokela","@id":"https:\/\/www.france.fi\/#\/schema\/person\/db81697c695313881e27d7a0098b4cfe"},"headline":"Pause midi en fran\u00e7ais &#8211; Automne 2024","datePublished":"2024-07-25T11:14:04+00:00","dateModified":"2024-11-28T09:16:49+00:00","mainEntityOfPage":{"@id":"https:\/\/www.france.fi\/fr\/langue-francaise\/pause-midi-en-francais-automne-2024\/"},"wordCount":282,"publisher":{"@id":"https:\/\/www.france.fi\/#organization"},"image":{"@id":"https:\/\/www.france.fi\/fr\/langue-francaise\/pause-midi-en-francais-automne-2024\/#primaryimage"},"thumbnailUrl":"https:\/\/www.france.fi\/wp-content\/uploads\/2024\/07\/Site-internet-dejeuner-en-FR-1098x617.jpg","keywords":["Cours de fran\u00e7ais","ranskan kurssi","ranskan kieli","kurssi","lounas","lounastauko","aikuisten kurssi","syksy 2024","et\u00e4kurssi","verkkokurssi","cours en ligne","cours de conversation","pause d\u00e9jeuner","cours adultes","automne 2024"],"articleSection":["Langue fran\u00e7aise"],"inLanguage":"fr-FR"},{"@type":"WebPage","@id":"https:\/\/www.france.fi\/fr\/langue-francaise\/pause-midi-en-francais-automne-2024\/","url":"https:\/\/www.france.fi\/fr\/langue-francaise\/pause-midi-en-francais-automne-2024\/","name":"Pause midi en fran\u00e7ais - Automne 2024 - Institut fran\u00e7ais","isPartOf":{"@id":"https:\/\/www.france.fi\/#website"},"primaryImageOfPage":{"@id":"https:\/\/www.france.fi\/fr\/langue-francaise\/pause-midi-en-francais-automne-2024\/#primaryimage"},"image":{"@id":"https:\/\/www.france.fi\/fr\/langue-francaise\/pause-midi-en-francais-automne-2024\/#primaryimage"},"thumbnailUrl":"https:\/\/www.france.fi\/wp-content\/uploads\/2024\/07\/Site-internet-dejeuner-en-FR-1098x617.jpg","datePublished":"2024-07-25T11:14:04+00:00","dateModified":"2024-11-28T09:16:49+00:00","description":"Rafra\u00eechissez votre fran\u00e7ais pendant votre pause d\u00e9jeuner sans besoin de vous d\u00e9placer ! D\u00e9but des cours le 3 septembre 2024.","breadcrumb":{"@id":"https:\/\/www.france.fi\/fr\/langue-francaise\/pause-midi-en-francais-automne-2024\/#breadcrumb"},"inLanguage":"fr-FR","potentialAction":[{"@type":"ReadAction","target":["https:\/\/www.france.fi\/fr\/langue-francaise\/pause-midi-en-francais-automne-2024\/"]}]},{"@type":"ImageObject","inLanguage":"fr-FR","@id":"https:\/\/www.france.fi\/fr\/langue-francaise\/pause-midi-en-francais-automne-2024\/#primaryimage","url":"https:\/\/www.france.fi\/wp-content\/uploads\/2024\/07\/Site-internet-dejeuner-en-FR-1098x617.jpg","contentUrl":"https:\/\/www.france.fi\/wp-content\/uploads\/2024\/07\/Site-internet-dejeuner-en-FR-1098x617.jpg","width":1280,"height":720,"caption":"D\u00e9jeuner en francais"},{"@type":"BreadcrumbList","@id":"https:\/\/www.france.fi\/fr\/langue-francaise\/pause-midi-en-francais-automne-2024\/#breadcrumb","itemListElement":[{"@type":"ListItem","position":1,"name":"Home","item":"https:\/\/www.france.fi\/fr\/"},{"@type":"ListItem","position":2,"name":"Ranskan kieli","item":"https:\/\/www.france.fi\/category\/ranskan-kieli\/"},{"@type":"ListItem","position":3,"name":"Pause midi en fran\u00e7ais &#8211; Automne 2024"}]},{"@type":"WebSite","@id":"https:\/\/www.france.fi\/#website","url":"https:\/\/www.france.fi\/","name":"Institut fran\u00e7ais de Finlande","description":"","publisher":{"@id":"https:\/\/www.france.fi\/#organization"},"potentialAction":[{"@type":"SearchAction","target":{"@type":"EntryPoint","urlTemplate":"https:\/\/www.france.fi\/?s={search_term_string}"},"query-input":{"@type":"PropertyValueSpecification","valueRequired":true,"valueName":"search_term_string"}}],"inLanguage":"fr-FR"},{"@type":"Organization","@id":"https:\/\/www.france.fi\/#organization","name":"Institut fran\u00e7ais de Finlande","url":"https:\/\/www.france.fi\/","logo":{"@type":"ImageObject","inLanguage":"fr-FR","@id":"https:\/\/www.france.fi\/#\/schema\/logo\/image\/","url":"https:\/\/www.france.fi\/wp-content\/uploads\/2024\/02\/if-logo-1.png","contentUrl":"https:\/\/www.france.fi\/wp-content\/uploads\/2024\/02\/if-logo-1.png","width":687,"height":459,"caption":"Institut fran\u00e7ais de Finlande"},"image":{"@id":"https:\/\/www.france.fi\/#\/schema\/logo\/image\/"},"sameAs":["https:\/\/www.facebook.com\/institutfrancaisfi","https:\/\/x.com\/IFFinlande","https:\/\/www.instagram.com\/iffinlande\/","https:\/\/fr.linkedin.com\/organization-guest\/company\/institut-fran-ais-de-finlande","https:\/\/www.youtube.com\/channel\/UCHAitdpmSbeP78eL49XMotA"]},{"@type":"Person","@id":"https:\/\/www.france.fi\/#\/schema\/person\/db81697c695313881e27d7a0098b4cfe","name":"Katri Jokela","image":{"@type":"ImageObject","inLanguage":"fr-FR","@id":"https:\/\/secure.gravatar.com\/avatar\/396aab495906d349883b262e8f147388dc2e3243e726e288a7b8da2294580805?s=96&d=mm&r=g","url":"https:\/\/secure.gravatar.com\/avatar\/396aab495906d349883b262e8f147388dc2e3243e726e288a7b8da2294580805?s=96&d=mm&r=g","contentUrl":"https:\/\/secure.gravatar.com\/avatar\/396aab495906d349883b262e8f147388dc2e3243e726e288a7b8da2294580805?s=96&d=mm&r=g","caption":"Katri Jokela"},"url":"https:\/\/www.france.fi\/fr\/author\/katri-jokelafrance-fi\/"}]}},"_links":{"self":[{"href":"https:\/\/www.france.fi\/fr\/wp-json\/wp\/v2\/posts\/17341","targetHints":{"allow":["GET"]}}],"collection":[{"href":"https:\/\/www.france.fi\/fr\/wp-json\/wp\/v2\/posts"}],"about":[{"href":"https:\/\/www.france.fi\/fr\/wp-json\/wp\/v2\/types\/post"}],"author":[{"embeddable":true,"href":"https:\/\/www.france.fi\/fr\/wp-json\/wp\/v2\/users\/8"}],"replies":[{"embeddable":true,"href":"https:\/\/www.france.fi\/fr\/wp-json\/wp\/v2\/comments?post=17341"}],"version-history":[{"count":0,"href":"https:\/\/www.france.fi\/fr\/wp-json\/wp\/v2\/posts\/17341\/revisions"}],"wp:featuredmedia":[{"embeddable":true,"href":"https:\/\/www.france.fi\/fr\/wp-json\/wp\/v2\/media\/17337"}],"wp:attachment":[{"href":"https:\/\/www.france.fi\/fr\/wp-json\/wp\/v2\/media?parent=17341"}],"wp:term":[{"taxonomy":"category","embeddable":true,"href":"https:\/\/www.france.fi\/fr\/wp-json\/wp\/v2\/categories?post=17341"},{"taxonomy":"post_tag","embeddable":true,"href":"https:\/\/www.france.fi\/fr\/wp-json\/wp\/v2\/tags?post=17341"}],"curies":[{"name":"wp","href":"https:\/\/api.w.org\/{rel}","templated":true}]}}