{"id":17875,"date":"2024-09-27T13:52:42","date_gmt":"2024-09-27T10:52:42","guid":{"rendered":"https:\/\/www.france.fi\/culture\/information-and-the-media-at-the-face-of-war-european-dialogue\/"},"modified":"2024-11-05T13:28:55","modified_gmt":"2024-11-05T11:28:55","slug":"linformation-et-les-medias-face-a-la-guerre-dialogues-europeens","status":"publish","type":"post","link":"https:\/\/www.france.fi\/fr\/culture\/linformation-et-les-medias-face-a-la-guerre-dialogues-europeens\/","title":{"rendered":"L\u2019information et les m\u00e9dias face \u00e0 la guerre \u2013 Dialogues europ\u00e9ens"},"content":{"rendered":"<p><strong>\u00ab\u00a0Face \u00e0 la guerre \u2013 Dialogues europ\u00e9ens\u00a0\u00bb<\/strong> consiste en une s\u00e9rie d&rsquo;\u00e9v\u00e9nements qui aborde les bouleversements en cours en Europe depuis le d\u00e9but de la guerre d\u00e9clench\u00e9e par la Russie en Ukraine. Des experts et professionnels d&rsquo;Europe et d&rsquo;autres r\u00e9gions du monde, issus du milieu acad\u00e9mique, de la recherche, des think tanks, des m\u00e9dias et de la culture sont invit\u00e9s \u00e0 partager leurs points de vue dans des \u00e9v\u00e9nements qui permettent l&rsquo;interaction directe avec le grand public.<\/p>\n<p>Le projet a d\u00e9j\u00e0 eu lieu dans plusieurs villes europ\u00e9ennes et maintenant il arrive \u00e0 Helsinki. L\u2019\u00e9dition finlandaise des Dialogues europ\u00e9ens se concentrera sur la question centrale de l&rsquo;information pendant la longue p\u00e9riode de guerre, dans un contexte de polarisation des discours, de multiplication des canaux de diffusion, parfois aussi de m\u00e9fiance envers les journalistes, mais aussi de recours de plus en plus massif aux campagnes de d\u00e9sinformation. Dans un paysage aussi contrast\u00e9, quelle est la responsabilit\u00e9 des m\u00e9dias et des journalistes ? Quelle est la perception des jeunes g\u00e9n\u00e9rations sur la guerre, et comment s&rsquo;informent-elles sur un \u00e9v\u00e9nement aussi important ? Plus largement, quelle conscience les Europ\u00e9ens ont-ils des menaces informationnelles pesant sur le d\u00e9bat public et les \u00e9quilibres d\u00e9mocratiques, et quelles ressources sont d\u00e9ploy\u00e9es pour y faire face ?<\/p>\n<p>L&rsquo;\u00e9v\u00e9nement est organis\u00e9 \u00e0 l\u2019Universit\u00e9 de Helsinki le 23 octobre 2024 avec quatre discussions publiques qui se d\u00e9rouleront dans la salle \u00ab Suomen laki \u00bb ainsi que dans les locaux de Think Corner. Elles r\u00e9unissent des chercheurs, professeurs et journalistes pour des \u00e9changes captivants et approfondis sur des sujets tels que l&rsquo;ind\u00e9pendance des m\u00e9dias, les menaces informationnelles et la couverture m\u00e9diatique des guerres. <span data-teams=\"true\"><span class=\"ui-provider a b c d e f g h i j k l m n o p q r s t u v w x y z ab ac ae af ag ah ai aj ak\" dir=\"ltr\"><strong>L\u2019\u00e9v\u00e9nement, ouvert au grand public, se tiendra enti\u00e8rement en anglais.<\/strong><\/span><\/span><\/p>\n<h4 style=\"text-align: center;\">23 OCTOBRE \u2013 AGENDA ET INSCRIPTIONS :<\/h4>\n<p><em>Vous pouvez t\u00e9l\u00e9charger le programme d\u00e9taill\u00e9 de l\u2019\u00e9v\u00e9nement en anglais en cliquant <a href=\"https:\/\/www.france.fi\/wp-content\/uploads\/2024\/09\/Programme-European-Dialogues-Helsinki.pdf\" target=\"_blank\" rel=\"noopener\">ici.<\/a><\/em><\/p>\n<ul>\n<li>\n<h4><strong>11h \u2013 12h 30 : Ouverture<br \/>\nPEUT-ON S\u2019AUTO-IMMUNISER CONTRE LA DESINFORMATION ?<\/strong><\/h4>\n<\/li>\n<\/ul>\n<p>L\u2019\u00e9v\u00e9nement sera ouvert par le chancelier de l\u2019Universit\u00e9 de Helsinki, Kaarle H\u00e4meri<\/p>\n<h5><img loading=\"lazy\" decoding=\"async\" class=\"alignnone wp-image-17823\" src=\"https:\/\/www.france.fi\/wp-content\/uploads\/2024\/09\/1.jpg\" alt=\"\" width=\"800\" height=\"254\" srcset=\"https:\/\/www.france.fi\/wp-content\/uploads\/2024\/09\/1.jpg 1280w, https:\/\/www.france.fi\/wp-content\/uploads\/2024\/09\/1-300x95.jpg 300w, https:\/\/www.france.fi\/wp-content\/uploads\/2024\/09\/1-768x244.jpg 768w, https:\/\/www.france.fi\/wp-content\/uploads\/2024\/09\/1-1200x382.jpg 1200w\" sizes=\"auto, (max-width: 800px) 100vw, 800px\" \/><\/h5>\n<p><em>Salle \u00ab\u00a0Suomen Laki\u00a0\u00bb \/ Universit\u00e9 de Helsinki (<\/em>Yliopistonkatu 3, 00100 Helsinki)<\/p>\n<p><strong>11h00-11h15 &#8211; Ouverture<\/strong><\/p>\n<ul>\n<li>Kaarle H\u00e4meri, Chancelier de l&rsquo;Universit\u00e9 de Helsinki<\/li>\n<li>Olga Dibrova, Ambassadrice d&rsquo;Ukraine en Finlande<\/li>\n<li>Sandra Cohen, Charg\u00e9e d&rsquo;affaires \/ Premi\u00e8re Conseill\u00e8re, Ambassade de France en Finlande<\/li>\n<\/ul>\n<p><strong>11h15-12h30 &#8211; Peut-on s&rsquo;auto-immuniser contre la d\u00e9sinformation ?<\/strong><\/p>\n<p><strong>Intervenants\u00a0:<\/strong><\/p>\n<ul>\n<li>Mikko Salo, fondateur de Faktabaari (Finlande)<\/li>\n<li>David Colon, Professeur associ\u00e9 d&rsquo;Histoire \u00e0 Sciences Po Paris (France)<\/li>\n<li>Eeva Luhtakallio, Professeure de Sociologie \u00e0 l&rsquo;Universit\u00e9 d&rsquo;Helsinki (Finlande)<\/li>\n<li>Fabrice Puchault, Directeur de l&rsquo;Unit\u00e9 Soci\u00e9t\u00e9 et Culture chez Arte (France)<\/li>\n<li>Heikki Aittokoski, Journaliste \u00e0 Helsingin Sanomat (Finlande)<\/li>\n<li>Mod\u00e9ratrice : Annastiina Heikkil\u00e4, Journaliste et auteure (Finlande)<\/li>\n<\/ul>\n<h4 style=\"text-align: center;\"><strong><a href=\"https:\/\/buytickets.at\/institutfranaisdefinlande\/1411913\" target=\"_blank\" rel=\"noopener\">\u27a1 <span style=\"background-color: #ffcc00;\"><span style=\"color: #0000ff;\">\u00a0<span style=\"color: #000000;\">TICKET RESERVATION<\/span>\u00a0\u00a0<\/span><\/span><\/a><\/strong><\/h4>\n<p>&nbsp;<\/p>\n<ul>\n<li>\n<h4>14h \u2013 15h15:<br \/>\nINDEPENDANCE DES MEDIAS<\/h4>\n<\/li>\n<\/ul>\n<p><img loading=\"lazy\" decoding=\"async\" class=\"alignnone wp-image-17832\" src=\"https:\/\/www.france.fi\/wp-content\/uploads\/2024\/09\/2.jpg\" alt=\"\" width=\"800\" height=\"254\" srcset=\"https:\/\/www.france.fi\/wp-content\/uploads\/2024\/09\/2.jpg 1280w, https:\/\/www.france.fi\/wp-content\/uploads\/2024\/09\/2-300x95.jpg 300w, https:\/\/www.france.fi\/wp-content\/uploads\/2024\/09\/2-768x244.jpg 768w, https:\/\/www.france.fi\/wp-content\/uploads\/2024\/09\/2-1200x382.jpg 1200w\" sizes=\"auto, (max-width: 800px) 100vw, 800px\" \/><\/p>\n<p><em>Think Corner \/ Universit\u00e9 de Helsinki <\/em>(Yliopistonkatu 4, 00100 Helsinki)<\/p>\n<p><strong>Intervenants\u00a0:<\/strong><\/p>\n<ul>\n<li>Judith Fiebelkorn, R\u00e9dactrice en chef senior chez euro|topics \/ N-Ost (Allemagne)<\/li>\n<li>Laurent Marchand, R\u00e9dacteur en chef adjoint aux affaires europ\u00e9ennes et internationales \u00e0 Ouest-France (France)<\/li>\n<li>Robert Sundman, Journaliste politique \u00e0 Suomen Kuvalehti (Finlande)<\/li>\n<li>Mod\u00e9rateur : <span data-teams=\"true\"><span class=\"ui-provider a b c d e f g h i j k l m n o p q r s t u v w x y z ab ac ae af ag ah ai aj ak\" dir=\"ltr\"> Theodora Helim\u00e4ki, <\/span><\/span>Chercheuse doctorante \/ Chercheuse financ\u00e9e par une bourse \u00e0 l&rsquo;Universit\u00e9 d&rsquo;Helsinki<\/li>\n<\/ul>\n<h4 style=\"text-align: center;\"><a href=\"https:\/\/buytickets.at\/institutfranaisdefinlande\/1411933\" target=\"_blank\" rel=\"noopener\"><strong>\u27a1\u00a0<span style=\"color: #0000ff; background-color: #ffcc00;\"><span style=\"color: #000000;\"> TICKET RESERVATION<\/span>\u00a0\u00a0<\/span><\/strong><\/a><\/h4>\n<p>&nbsp;<\/p>\n<ul>\n<li>\n<h4>15h15 \u2013 16h45 : Table ronde<br \/>\nLA SECURITE DE L\u2019EUROPE FACE AUX MENACES INFORMATIONNELLES<\/h4>\n<\/li>\n<\/ul>\n<p><img loading=\"lazy\" decoding=\"async\" class=\"alignnone wp-image-17836\" src=\"https:\/\/www.france.fi\/wp-content\/uploads\/2024\/09\/3.jpg\" alt=\"\" width=\"800\" height=\"254\" srcset=\"https:\/\/www.france.fi\/wp-content\/uploads\/2024\/09\/3.jpg 1280w, https:\/\/www.france.fi\/wp-content\/uploads\/2024\/09\/3-300x95.jpg 300w, https:\/\/www.france.fi\/wp-content\/uploads\/2024\/09\/3-768x244.jpg 768w, https:\/\/www.france.fi\/wp-content\/uploads\/2024\/09\/3-1200x382.jpg 1200w\" sizes=\"auto, (max-width: 800px) 100vw, 800px\" \/><\/p>\n<p><em>Think Corner \/ Universit\u00e9 de Helsinki <\/em>(Yliopistonkatu 4, 00100 Helsinki)<\/p>\n<p><strong>Intervenants\u00a0:<\/strong><\/p>\n<ul>\n<li>Colonel Virginie Le Goff, Adjointe au Commandant du Bureau de la communication strat\u00e9gique, de l&rsquo;influence et de la lutte contre la d\u00e9sinformation, \u00c9tat-Major des Arm\u00e9es (France)<\/li>\n<li>Maxime Lebrun, Directeur adjoint R&amp;A, Centre d&rsquo;excellence europ\u00e9en pour la lutte contre les menaces hybrides (Finlande)<\/li>\n<li>Minna \u00c5lander, Chercheuse \u00e0 l&rsquo;Institut finlandais des affaires internationales (Finlande)<\/li>\n<li>Roberta M. R\u0103ducu, Professeure assistante au Coll\u00e8ge de Communication et Relations Publiques (SNSPA) et experte en communication au New Strategy Center (Roumanie)<\/li>\n<li>Mod\u00e9ratrice : Dr. C\u00e9line Marang\u00e9, Chercheuse senior, Institut de Recherche Strat\u00e9gique (IRSEM, Paris) (France)<\/li>\n<\/ul>\n<h4 style=\"text-align: center;\"><a href=\"https:\/\/buytickets.at\/institutfranaisdefinlande\/1411936\" target=\"_blank\" rel=\"noopener\"><strong>\u27a1\u00a0<span style=\"color: #0000ff; background-color: #ffcc00;\"><span style=\"color: #000000;\"> TICKET RESERVATION<\/span>\u00a0\u00a0<\/span><\/strong><\/a><\/h4>\n<p>&nbsp;<\/p>\n<ul>\n<li>\n<h4><strong>16h45 \u2013 18h30 :<br \/>\n<\/strong><strong>\u00c9CRIRE LA GUERRE<\/strong><\/h4>\n<\/li>\n<\/ul>\n<p><img loading=\"lazy\" decoding=\"async\" class=\"alignnone wp-image-17839\" src=\"https:\/\/www.france.fi\/wp-content\/uploads\/2024\/09\/4.jpg\" alt=\"\" width=\"800\" height=\"254\" srcset=\"https:\/\/www.france.fi\/wp-content\/uploads\/2024\/09\/4.jpg 1280w, https:\/\/www.france.fi\/wp-content\/uploads\/2024\/09\/4-300x95.jpg 300w, https:\/\/www.france.fi\/wp-content\/uploads\/2024\/09\/4-768x244.jpg 768w, https:\/\/www.france.fi\/wp-content\/uploads\/2024\/09\/4-1200x382.jpg 1200w\" sizes=\"auto, (max-width: 800px) 100vw, 800px\" \/><\/p>\n<p><em>Think Corner \/ Universit\u00e9 de Helsinki <\/em>(Yliopistonkatu 4, 00100 Helsinki)<\/p>\n<p><strong>Intervenants\u00a0:<\/strong><\/p>\n<ul>\n<li>Antti Kuronen, Reporter de guerre \u00e0 Yle (Finlande)<\/li>\n<li>Oleksandra Aleksandrenko, Fixeur de presse (Ukraine)<\/li>\n<li>Senad Pecanin, Avocat, fondateur du magazine Dani Sarajevo (Bosnie)<\/li>\n<li>Shuruq Asad, Correspondante en Palestine pour la radio Monte Carlo Doualiya et membre du secr\u00e9tariat g\u00e9n\u00e9ral du Syndicat des Journalistes Palestiniens (Territoires palestiniens occup\u00e9s)<\/li>\n<li>Mod\u00e9ratrice : Jeanne Cavelier, Reporters sans fronti\u00e8res (RSF) (France)<\/li>\n<\/ul>\n<h4 style=\"text-align: center;\"><a href=\"https:\/\/buytickets.at\/institutfranaisdefinlande\/1411956\" target=\"_blank\" rel=\"noopener\"><strong>\u27a1\u00a0<span style=\"color: #0000ff; background-color: #ffcc00;\"><span style=\"color: #000000;\"> TICKET RESERVATION<\/span>\u00a0<\/span><\/strong><\/a><\/h4>\n<p>&nbsp;<\/p>\n<p>Cet \u00e9v\u00e9nement est initi\u00e9 par l\u2019Institut fran\u00e7ais de Paris et organis\u00e9 par l\u2019Institut fran\u00e7ais de Finlande. Il est co-organis\u00e9 avec l\u2019Universit\u00e9 de Helsinki, l\u2019Ambassade de France en Finlande ainsi que le Goethe-Institut Finnland. Pour en savoir plus sur le projet, consultez <a href=\"https:\/\/dialogueseuropeens.institutfrancais.com\/fr\" target=\"_blank\" rel=\"noopener\">la page web d\u00e9di\u00e9e<\/a> au projet sur le site internet de l\u2019Institut fran\u00e7ais.<\/p>\n<p>&nbsp;<\/p>\n<p><strong>Organisateurs de l\u2019\u00e9v\u00e9nement:<\/strong><\/p>\n<p><img loading=\"lazy\" decoding=\"async\" class=\"alignnone wp-image-17844 size-full\" src=\"https:\/\/www.france.fi\/wp-content\/uploads\/2024\/09\/1-1.jpg\" alt=\"\" width=\"1280\" height=\"200\" srcset=\"https:\/\/www.france.fi\/wp-content\/uploads\/2024\/09\/1-1.jpg 1280w, https:\/\/www.france.fi\/wp-content\/uploads\/2024\/09\/1-1-300x47.jpg 300w, https:\/\/www.france.fi\/wp-content\/uploads\/2024\/09\/1-1-768x120.jpg 768w, https:\/\/www.france.fi\/wp-content\/uploads\/2024\/09\/1-1-1200x188.jpg 1200w\" sizes=\"auto, (max-width: 1280px) 100vw, 1280px\" \/><\/p>\n<p><strong>Partenaires de l\u2019\u00e9v\u00e9nement\u00a0: <\/strong><\/p>\n<p><img loading=\"lazy\" decoding=\"async\" class=\"alignnone wp-image-17847 size-full\" src=\"https:\/\/www.france.fi\/wp-content\/uploads\/2024\/09\/2-1.jpg\" alt=\"\" width=\"1280\" height=\"200\" srcset=\"https:\/\/www.france.fi\/wp-content\/uploads\/2024\/09\/2-1.jpg 1280w, https:\/\/www.france.fi\/wp-content\/uploads\/2024\/09\/2-1-300x47.jpg 300w, https:\/\/www.france.fi\/wp-content\/uploads\/2024\/09\/2-1-768x120.jpg 768w, https:\/\/www.france.fi\/wp-content\/uploads\/2024\/09\/2-1-1200x188.jpg 1200w\" sizes=\"auto, (max-width: 1280px) 100vw, 1280px\" \/><\/p>\n<div class=\"epyt-video-wrapper\"><iframe loading=\"lazy\"  id=\"_ytid_23185\"  width=\"580\" height=\"326\"  data-origwidth=\"580\" data-origheight=\"326\" src=\"https:\/\/www.youtube.com\/embed\/BmEs7RDeKEk?enablejsapi=1&#038;autoplay=0&#038;cc_load_policy=0&#038;cc_lang_pref=&#038;iv_load_policy=1&#038;loop=0&#038;rel=1&#038;fs=1&#038;playsinline=0&#038;autohide=2&#038;theme=dark&#038;color=red&#038;controls=1&#038;disablekb=0&#038;\" class=\"__youtube_prefs__  epyt-is-override  no-lazyload\" title=\"YouTube player\"  allow=\"fullscreen; accelerometer; autoplay; clipboard-write; encrypted-media; gyroscope; picture-in-picture; web-share\" referrerpolicy=\"strict-origin-when-cross-origin\" allowfullscreen data-no-lazy=\"1\" data-skipgform_ajax_framebjll=\"\"><\/iframe><\/div>\n<div class=\"epyt-video-wrapper\"><iframe loading=\"lazy\"  id=\"_ytid_79699\"  width=\"580\" height=\"326\"  data-origwidth=\"580\" data-origheight=\"326\" src=\"https:\/\/www.youtube.com\/embed\/GsotxwBqW3E?enablejsapi=1&#038;autoplay=0&#038;cc_load_policy=0&#038;cc_lang_pref=&#038;iv_load_policy=1&#038;loop=0&#038;rel=1&#038;fs=1&#038;playsinline=0&#038;autohide=2&#038;theme=dark&#038;color=red&#038;controls=1&#038;disablekb=0&#038;\" class=\"__youtube_prefs__  epyt-is-override  no-lazyload\" title=\"YouTube player\"  allow=\"fullscreen; accelerometer; autoplay; clipboard-write; encrypted-media; gyroscope; picture-in-picture; web-share\" referrerpolicy=\"strict-origin-when-cross-origin\" allowfullscreen data-no-lazy=\"1\" data-skipgform_ajax_framebjll=\"\"><\/iframe><\/div>\n<div class=\"epyt-video-wrapper\"><iframe loading=\"lazy\"  id=\"_ytid_42037\"  width=\"580\" height=\"326\"  data-origwidth=\"580\" data-origheight=\"326\" src=\"https:\/\/www.youtube.com\/embed\/N2jgc7IRu2k?enablejsapi=1&#038;autoplay=0&#038;cc_load_policy=0&#038;cc_lang_pref=&#038;iv_load_policy=1&#038;loop=0&#038;rel=1&#038;fs=1&#038;playsinline=0&#038;autohide=2&#038;theme=dark&#038;color=red&#038;controls=1&#038;disablekb=0&#038;\" class=\"__youtube_prefs__  epyt-is-override  no-lazyload\" title=\"YouTube player\"  allow=\"fullscreen; accelerometer; autoplay; clipboard-write; encrypted-media; gyroscope; picture-in-picture; web-share\" referrerpolicy=\"strict-origin-when-cross-origin\" allowfullscreen data-no-lazy=\"1\" data-skipgform_ajax_framebjll=\"\"><\/iframe><\/div>\n<div class=\"epyt-video-wrapper\"><iframe loading=\"lazy\"  id=\"_ytid_14364\"  width=\"580\" height=\"326\"  data-origwidth=\"580\" data-origheight=\"326\" src=\"https:\/\/www.youtube.com\/embed\/VGIhJG7C4fY?enablejsapi=1&#038;autoplay=0&#038;cc_load_policy=0&#038;cc_lang_pref=&#038;iv_load_policy=1&#038;loop=0&#038;rel=1&#038;fs=1&#038;playsinline=0&#038;autohide=2&#038;theme=dark&#038;color=red&#038;controls=1&#038;disablekb=0&#038;\" class=\"__youtube_prefs__  epyt-is-override  no-lazyload\" title=\"YouTube player\"  allow=\"fullscreen; accelerometer; autoplay; clipboard-write; encrypted-media; gyroscope; picture-in-picture; web-share\" referrerpolicy=\"strict-origin-when-cross-origin\" allowfullscreen data-no-lazy=\"1\" data-skipgform_ajax_framebjll=\"\"><\/iframe><\/div>\n<p>&nbsp;<\/p>\n","protected":false},"excerpt":{"rendered":"<p>Quel est le r\u00f4le de l&rsquo;information et des m\u00e9dias dans une Europe secou\u00e9e par la guerre en Ukraine ? En rassemblant des experts provenant de toute l&rsquo;Europe, c&rsquo;est \u00e0 cette question que l&rsquo;\u00e9dition de Helsinki des Dialogues Europ\u00e9ens cherchera \u00e0 r\u00e9pondre !<\/p>\n","protected":false},"author":2,"featured_media":17822,"comment_status":"closed","ping_status":"closed","sticky":false,"template":"","format":"standard","meta":{"footnotes":""},"categories":[1],"tags":[],"class_list":["post-17875","post","type-post","status-publish","format-standard","has-post-thumbnail","hentry","category-culture"],"yoast_head":"<!-- This site is optimized with the Yoast SEO plugin v27.4 - https:\/\/yoast.com\/product\/yoast-seo-wordpress\/ -->\n<title>L\u2019information et les m\u00e9dias face \u00e0 la guerre \u2013 Dialogues europ\u00e9ens - Institut fran\u00e7ais<\/title>\n<meta name=\"robots\" content=\"index, follow, max-snippet:-1, max-image-preview:large, max-video-preview:-1\" \/>\n<link rel=\"canonical\" href=\"https:\/\/www.france.fi\/fr\/culture\/linformation-et-les-medias-face-a-la-guerre-dialogues-europeens\/\" \/>\n<meta property=\"og:locale\" content=\"fr_FR\" \/>\n<meta property=\"og:type\" content=\"article\" \/>\n<meta property=\"og:title\" content=\"L\u2019information et les m\u00e9dias face \u00e0 la guerre \u2013 Dialogues europ\u00e9ens - Institut fran\u00e7ais\" \/>\n<meta property=\"og:description\" content=\"Quel est le r\u00f4le de l&#039;information et des m\u00e9dias dans une Europe secou\u00e9e par la guerre en Ukraine ? En rassemblant des experts provenant de toute l&#039;Europe, c&#039;est \u00e0 cette question que l&#039;\u00e9dition de Helsinki des Dialogues Europ\u00e9ens cherchera \u00e0 r\u00e9pondre !\" \/>\n<meta property=\"og:url\" content=\"https:\/\/www.france.fi\/fr\/culture\/linformation-et-les-medias-face-a-la-guerre-dialogues-europeens\/\" \/>\n<meta property=\"og:site_name\" content=\"Institut fran\u00e7ais\" \/>\n<meta property=\"article:publisher\" content=\"https:\/\/www.facebook.com\/institutfrancaisfi\" \/>\n<meta property=\"article:published_time\" content=\"2024-09-27T10:52:42+00:00\" \/>\n<meta property=\"article:modified_time\" content=\"2024-11-05T11:28:55+00:00\" \/>\n<meta property=\"og:image\" content=\"https:\/\/www.france.fi\/wp-content\/uploads\/2024\/09\/Site-internet-newsletter-1098x617.jpg\" \/>\n\t<meta property=\"og:image:width\" content=\"1280\" \/>\n\t<meta property=\"og:image:height\" content=\"720\" \/>\n\t<meta property=\"og:image:type\" content=\"image\/jpeg\" \/>\n<meta name=\"author\" content=\"Equipe IFF\" \/>\n<meta name=\"twitter:card\" content=\"summary_large_image\" \/>\n<meta name=\"twitter:creator\" content=\"@IFFinlande\" \/>\n<meta name=\"twitter:site\" content=\"@IFFinlande\" \/>\n<meta name=\"twitter:label1\" content=\"\u00c9crit par\" \/>\n\t<meta name=\"twitter:data1\" content=\"Equipe IFF\" \/>\n\t<meta name=\"twitter:label2\" content=\"Dur\u00e9e de lecture estim\u00e9e\" \/>\n\t<meta name=\"twitter:data2\" content=\"6 minutes\" \/>\n<script type=\"application\/ld+json\" class=\"yoast-schema-graph\">{\"@context\":\"https:\\\/\\\/schema.org\",\"@graph\":[{\"@type\":\"Article\",\"@id\":\"https:\\\/\\\/www.france.fi\\\/fr\\\/culture\\\/linformation-et-les-medias-face-a-la-guerre-dialogues-europeens\\\/#article\",\"isPartOf\":{\"@id\":\"https:\\\/\\\/www.france.fi\\\/fr\\\/culture\\\/linformation-et-les-medias-face-a-la-guerre-dialogues-europeens\\\/\"},\"author\":{\"name\":\"Equipe IFF\",\"@id\":\"https:\\\/\\\/www.france.fi\\\/#\\\/schema\\\/person\\\/ed873f29db1d0af6a3600d15d3b65bfd\"},\"headline\":\"L\u2019information et les m\u00e9dias face \u00e0 la guerre \u2013 Dialogues europ\u00e9ens\",\"datePublished\":\"2024-09-27T10:52:42+00:00\",\"dateModified\":\"2024-11-05T11:28:55+00:00\",\"mainEntityOfPage\":{\"@id\":\"https:\\\/\\\/www.france.fi\\\/fr\\\/culture\\\/linformation-et-les-medias-face-a-la-guerre-dialogues-europeens\\\/\"},\"wordCount\":856,\"publisher\":{\"@id\":\"https:\\\/\\\/www.france.fi\\\/#organization\"},\"image\":{\"@id\":\"https:\\\/\\\/www.france.fi\\\/fr\\\/culture\\\/linformation-et-les-medias-face-a-la-guerre-dialogues-europeens\\\/#primaryimage\"},\"thumbnailUrl\":\"https:\\\/\\\/www.france.fi\\\/wp-content\\\/uploads\\\/2024\\\/09\\\/Site-internet-newsletter-1098x617.jpg\",\"articleSection\":[\"Culture\"],\"inLanguage\":\"fr-FR\"},{\"@type\":\"WebPage\",\"@id\":\"https:\\\/\\\/www.france.fi\\\/fr\\\/culture\\\/linformation-et-les-medias-face-a-la-guerre-dialogues-europeens\\\/\",\"url\":\"https:\\\/\\\/www.france.fi\\\/fr\\\/culture\\\/linformation-et-les-medias-face-a-la-guerre-dialogues-europeens\\\/\",\"name\":\"L\u2019information et les m\u00e9dias face \u00e0 la guerre \u2013 Dialogues europ\u00e9ens - Institut fran\u00e7ais\",\"isPartOf\":{\"@id\":\"https:\\\/\\\/www.france.fi\\\/#website\"},\"primaryImageOfPage\":{\"@id\":\"https:\\\/\\\/www.france.fi\\\/fr\\\/culture\\\/linformation-et-les-medias-face-a-la-guerre-dialogues-europeens\\\/#primaryimage\"},\"image\":{\"@id\":\"https:\\\/\\\/www.france.fi\\\/fr\\\/culture\\\/linformation-et-les-medias-face-a-la-guerre-dialogues-europeens\\\/#primaryimage\"},\"thumbnailUrl\":\"https:\\\/\\\/www.france.fi\\\/wp-content\\\/uploads\\\/2024\\\/09\\\/Site-internet-newsletter-1098x617.jpg\",\"datePublished\":\"2024-09-27T10:52:42+00:00\",\"dateModified\":\"2024-11-05T11:28:55+00:00\",\"breadcrumb\":{\"@id\":\"https:\\\/\\\/www.france.fi\\\/fr\\\/culture\\\/linformation-et-les-medias-face-a-la-guerre-dialogues-europeens\\\/#breadcrumb\"},\"inLanguage\":\"fr-FR\",\"potentialAction\":[{\"@type\":\"ReadAction\",\"target\":[\"https:\\\/\\\/www.france.fi\\\/fr\\\/culture\\\/linformation-et-les-medias-face-a-la-guerre-dialogues-europeens\\\/\"]}]},{\"@type\":\"ImageObject\",\"inLanguage\":\"fr-FR\",\"@id\":\"https:\\\/\\\/www.france.fi\\\/fr\\\/culture\\\/linformation-et-les-medias-face-a-la-guerre-dialogues-europeens\\\/#primaryimage\",\"url\":\"https:\\\/\\\/www.france.fi\\\/wp-content\\\/uploads\\\/2024\\\/09\\\/Site-internet-newsletter-1098x617.jpg\",\"contentUrl\":\"https:\\\/\\\/www.france.fi\\\/wp-content\\\/uploads\\\/2024\\\/09\\\/Site-internet-newsletter-1098x617.jpg\",\"width\":1280,\"height\":720},{\"@type\":\"BreadcrumbList\",\"@id\":\"https:\\\/\\\/www.france.fi\\\/fr\\\/culture\\\/linformation-et-les-medias-face-a-la-guerre-dialogues-europeens\\\/#breadcrumb\",\"itemListElement\":[{\"@type\":\"ListItem\",\"position\":1,\"name\":\"Home\",\"item\":\"https:\\\/\\\/www.france.fi\\\/fr\\\/\"},{\"@type\":\"ListItem\",\"position\":2,\"name\":\"Culture\",\"item\":\"https:\\\/\\\/www.france.fi\\\/en\\\/category\\\/culture\\\/\"},{\"@type\":\"ListItem\",\"position\":3,\"name\":\"L\u2019information et les m\u00e9dias face \u00e0 la guerre \u2013 Dialogues europ\u00e9ens\"}]},{\"@type\":\"WebSite\",\"@id\":\"https:\\\/\\\/www.france.fi\\\/#website\",\"url\":\"https:\\\/\\\/www.france.fi\\\/\",\"name\":\"Institut fran\u00e7ais de Finlande\",\"description\":\"\",\"publisher\":{\"@id\":\"https:\\\/\\\/www.france.fi\\\/#organization\"},\"potentialAction\":[{\"@type\":\"SearchAction\",\"target\":{\"@type\":\"EntryPoint\",\"urlTemplate\":\"https:\\\/\\\/www.france.fi\\\/?s={search_term_string}\"},\"query-input\":{\"@type\":\"PropertyValueSpecification\",\"valueRequired\":true,\"valueName\":\"search_term_string\"}}],\"inLanguage\":\"fr-FR\"},{\"@type\":\"Organization\",\"@id\":\"https:\\\/\\\/www.france.fi\\\/#organization\",\"name\":\"Institut fran\u00e7ais de Finlande\",\"url\":\"https:\\\/\\\/www.france.fi\\\/\",\"logo\":{\"@type\":\"ImageObject\",\"inLanguage\":\"fr-FR\",\"@id\":\"https:\\\/\\\/www.france.fi\\\/#\\\/schema\\\/logo\\\/image\\\/\",\"url\":\"https:\\\/\\\/www.france.fi\\\/wp-content\\\/uploads\\\/2024\\\/02\\\/if-logo-1.png\",\"contentUrl\":\"https:\\\/\\\/www.france.fi\\\/wp-content\\\/uploads\\\/2024\\\/02\\\/if-logo-1.png\",\"width\":687,\"height\":459,\"caption\":\"Institut fran\u00e7ais de Finlande\"},\"image\":{\"@id\":\"https:\\\/\\\/www.france.fi\\\/#\\\/schema\\\/logo\\\/image\\\/\"},\"sameAs\":[\"https:\\\/\\\/www.facebook.com\\\/institutfrancaisfi\",\"https:\\\/\\\/x.com\\\/IFFinlande\",\"https:\\\/\\\/www.instagram.com\\\/iffinlande\\\/\",\"https:\\\/\\\/fr.linkedin.com\\\/organization-guest\\\/company\\\/institut-fran-ais-de-finlande\",\"https:\\\/\\\/www.youtube.com\\\/channel\\\/UCHAitdpmSbeP78eL49XMotA\"]},{\"@type\":\"Person\",\"@id\":\"https:\\\/\\\/www.france.fi\\\/#\\\/schema\\\/person\\\/ed873f29db1d0af6a3600d15d3b65bfd\",\"name\":\"Equipe IFF\",\"image\":{\"@type\":\"ImageObject\",\"inLanguage\":\"fr-FR\",\"@id\":\"https:\\\/\\\/secure.gravatar.com\\\/avatar\\\/3c4ba80228d01014b25e45e90abb28ce315a02c6572751a7fb2298e4274989fc?s=96&d=mm&r=g\",\"url\":\"https:\\\/\\\/secure.gravatar.com\\\/avatar\\\/3c4ba80228d01014b25e45e90abb28ce315a02c6572751a7fb2298e4274989fc?s=96&d=mm&r=g\",\"contentUrl\":\"https:\\\/\\\/secure.gravatar.com\\\/avatar\\\/3c4ba80228d01014b25e45e90abb28ce315a02c6572751a7fb2298e4274989fc?s=96&d=mm&r=g\",\"caption\":\"Equipe IFF\"},\"url\":\"https:\\\/\\\/www.france.fi\\\/fr\\\/author\\\/iffadmin\\\/\"}]}<\/script>\n<!-- \/ Yoast SEO plugin. -->","yoast_head_json":{"title":"L\u2019information et les m\u00e9dias face \u00e0 la guerre \u2013 Dialogues europ\u00e9ens - Institut fran\u00e7ais","robots":{"index":"index","follow":"follow","max-snippet":"max-snippet:-1","max-image-preview":"max-image-preview:large","max-video-preview":"max-video-preview:-1"},"canonical":"https:\/\/www.france.fi\/fr\/culture\/linformation-et-les-medias-face-a-la-guerre-dialogues-europeens\/","og_locale":"fr_FR","og_type":"article","og_title":"L\u2019information et les m\u00e9dias face \u00e0 la guerre \u2013 Dialogues europ\u00e9ens - Institut fran\u00e7ais","og_description":"Quel est le r\u00f4le de l'information et des m\u00e9dias dans une Europe secou\u00e9e par la guerre en Ukraine ? En rassemblant des experts provenant de toute l'Europe, c'est \u00e0 cette question que l'\u00e9dition de Helsinki des Dialogues Europ\u00e9ens cherchera \u00e0 r\u00e9pondre !","og_url":"https:\/\/www.france.fi\/fr\/culture\/linformation-et-les-medias-face-a-la-guerre-dialogues-europeens\/","og_site_name":"Institut fran\u00e7ais","article_publisher":"https:\/\/www.facebook.com\/institutfrancaisfi","article_published_time":"2024-09-27T10:52:42+00:00","article_modified_time":"2024-11-05T11:28:55+00:00","og_image":[{"width":1280,"height":720,"url":"https:\/\/www.france.fi\/wp-content\/uploads\/2024\/09\/Site-internet-newsletter-1098x617.jpg","type":"image\/jpeg"}],"author":"Equipe IFF","twitter_card":"summary_large_image","twitter_creator":"@IFFinlande","twitter_site":"@IFFinlande","twitter_misc":{"\u00c9crit par":"Equipe IFF","Dur\u00e9e de lecture estim\u00e9e":"6 minutes"},"schema":{"@context":"https:\/\/schema.org","@graph":[{"@type":"Article","@id":"https:\/\/www.france.fi\/fr\/culture\/linformation-et-les-medias-face-a-la-guerre-dialogues-europeens\/#article","isPartOf":{"@id":"https:\/\/www.france.fi\/fr\/culture\/linformation-et-les-medias-face-a-la-guerre-dialogues-europeens\/"},"author":{"name":"Equipe IFF","@id":"https:\/\/www.france.fi\/#\/schema\/person\/ed873f29db1d0af6a3600d15d3b65bfd"},"headline":"L\u2019information et les m\u00e9dias face \u00e0 la guerre \u2013 Dialogues europ\u00e9ens","datePublished":"2024-09-27T10:52:42+00:00","dateModified":"2024-11-05T11:28:55+00:00","mainEntityOfPage":{"@id":"https:\/\/www.france.fi\/fr\/culture\/linformation-et-les-medias-face-a-la-guerre-dialogues-europeens\/"},"wordCount":856,"publisher":{"@id":"https:\/\/www.france.fi\/#organization"},"image":{"@id":"https:\/\/www.france.fi\/fr\/culture\/linformation-et-les-medias-face-a-la-guerre-dialogues-europeens\/#primaryimage"},"thumbnailUrl":"https:\/\/www.france.fi\/wp-content\/uploads\/2024\/09\/Site-internet-newsletter-1098x617.jpg","articleSection":["Culture"],"inLanguage":"fr-FR"},{"@type":"WebPage","@id":"https:\/\/www.france.fi\/fr\/culture\/linformation-et-les-medias-face-a-la-guerre-dialogues-europeens\/","url":"https:\/\/www.france.fi\/fr\/culture\/linformation-et-les-medias-face-a-la-guerre-dialogues-europeens\/","name":"L\u2019information et les m\u00e9dias face \u00e0 la guerre \u2013 Dialogues europ\u00e9ens - Institut fran\u00e7ais","isPartOf":{"@id":"https:\/\/www.france.fi\/#website"},"primaryImageOfPage":{"@id":"https:\/\/www.france.fi\/fr\/culture\/linformation-et-les-medias-face-a-la-guerre-dialogues-europeens\/#primaryimage"},"image":{"@id":"https:\/\/www.france.fi\/fr\/culture\/linformation-et-les-medias-face-a-la-guerre-dialogues-europeens\/#primaryimage"},"thumbnailUrl":"https:\/\/www.france.fi\/wp-content\/uploads\/2024\/09\/Site-internet-newsletter-1098x617.jpg","datePublished":"2024-09-27T10:52:42+00:00","dateModified":"2024-11-05T11:28:55+00:00","breadcrumb":{"@id":"https:\/\/www.france.fi\/fr\/culture\/linformation-et-les-medias-face-a-la-guerre-dialogues-europeens\/#breadcrumb"},"inLanguage":"fr-FR","potentialAction":[{"@type":"ReadAction","target":["https:\/\/www.france.fi\/fr\/culture\/linformation-et-les-medias-face-a-la-guerre-dialogues-europeens\/"]}]},{"@type":"ImageObject","inLanguage":"fr-FR","@id":"https:\/\/www.france.fi\/fr\/culture\/linformation-et-les-medias-face-a-la-guerre-dialogues-europeens\/#primaryimage","url":"https:\/\/www.france.fi\/wp-content\/uploads\/2024\/09\/Site-internet-newsletter-1098x617.jpg","contentUrl":"https:\/\/www.france.fi\/wp-content\/uploads\/2024\/09\/Site-internet-newsletter-1098x617.jpg","width":1280,"height":720},{"@type":"BreadcrumbList","@id":"https:\/\/www.france.fi\/fr\/culture\/linformation-et-les-medias-face-a-la-guerre-dialogues-europeens\/#breadcrumb","itemListElement":[{"@type":"ListItem","position":1,"name":"Home","item":"https:\/\/www.france.fi\/fr\/"},{"@type":"ListItem","position":2,"name":"Culture","item":"https:\/\/www.france.fi\/en\/category\/culture\/"},{"@type":"ListItem","position":3,"name":"L\u2019information et les m\u00e9dias face \u00e0 la guerre \u2013 Dialogues europ\u00e9ens"}]},{"@type":"WebSite","@id":"https:\/\/www.france.fi\/#website","url":"https:\/\/www.france.fi\/","name":"Institut fran\u00e7ais de Finlande","description":"","publisher":{"@id":"https:\/\/www.france.fi\/#organization"},"potentialAction":[{"@type":"SearchAction","target":{"@type":"EntryPoint","urlTemplate":"https:\/\/www.france.fi\/?s={search_term_string}"},"query-input":{"@type":"PropertyValueSpecification","valueRequired":true,"valueName":"search_term_string"}}],"inLanguage":"fr-FR"},{"@type":"Organization","@id":"https:\/\/www.france.fi\/#organization","name":"Institut fran\u00e7ais de Finlande","url":"https:\/\/www.france.fi\/","logo":{"@type":"ImageObject","inLanguage":"fr-FR","@id":"https:\/\/www.france.fi\/#\/schema\/logo\/image\/","url":"https:\/\/www.france.fi\/wp-content\/uploads\/2024\/02\/if-logo-1.png","contentUrl":"https:\/\/www.france.fi\/wp-content\/uploads\/2024\/02\/if-logo-1.png","width":687,"height":459,"caption":"Institut fran\u00e7ais de Finlande"},"image":{"@id":"https:\/\/www.france.fi\/#\/schema\/logo\/image\/"},"sameAs":["https:\/\/www.facebook.com\/institutfrancaisfi","https:\/\/x.com\/IFFinlande","https:\/\/www.instagram.com\/iffinlande\/","https:\/\/fr.linkedin.com\/organization-guest\/company\/institut-fran-ais-de-finlande","https:\/\/www.youtube.com\/channel\/UCHAitdpmSbeP78eL49XMotA"]},{"@type":"Person","@id":"https:\/\/www.france.fi\/#\/schema\/person\/ed873f29db1d0af6a3600d15d3b65bfd","name":"Equipe IFF","image":{"@type":"ImageObject","inLanguage":"fr-FR","@id":"https:\/\/secure.gravatar.com\/avatar\/3c4ba80228d01014b25e45e90abb28ce315a02c6572751a7fb2298e4274989fc?s=96&d=mm&r=g","url":"https:\/\/secure.gravatar.com\/avatar\/3c4ba80228d01014b25e45e90abb28ce315a02c6572751a7fb2298e4274989fc?s=96&d=mm&r=g","contentUrl":"https:\/\/secure.gravatar.com\/avatar\/3c4ba80228d01014b25e45e90abb28ce315a02c6572751a7fb2298e4274989fc?s=96&d=mm&r=g","caption":"Equipe IFF"},"url":"https:\/\/www.france.fi\/fr\/author\/iffadmin\/"}]}},"_links":{"self":[{"href":"https:\/\/www.france.fi\/fr\/wp-json\/wp\/v2\/posts\/17875","targetHints":{"allow":["GET"]}}],"collection":[{"href":"https:\/\/www.france.fi\/fr\/wp-json\/wp\/v2\/posts"}],"about":[{"href":"https:\/\/www.france.fi\/fr\/wp-json\/wp\/v2\/types\/post"}],"author":[{"embeddable":true,"href":"https:\/\/www.france.fi\/fr\/wp-json\/wp\/v2\/users\/2"}],"replies":[{"embeddable":true,"href":"https:\/\/www.france.fi\/fr\/wp-json\/wp\/v2\/comments?post=17875"}],"version-history":[{"count":0,"href":"https:\/\/www.france.fi\/fr\/wp-json\/wp\/v2\/posts\/17875\/revisions"}],"wp:featuredmedia":[{"embeddable":true,"href":"https:\/\/www.france.fi\/fr\/wp-json\/wp\/v2\/media\/17822"}],"wp:attachment":[{"href":"https:\/\/www.france.fi\/fr\/wp-json\/wp\/v2\/media?parent=17875"}],"wp:term":[{"taxonomy":"category","embeddable":true,"href":"https:\/\/www.france.fi\/fr\/wp-json\/wp\/v2\/categories?post=17875"},{"taxonomy":"post_tag","embeddable":true,"href":"https:\/\/www.france.fi\/fr\/wp-json\/wp\/v2\/tags?post=17875"}],"curies":[{"name":"wp","href":"https:\/\/api.w.org\/{rel}","templated":true}]}}