{"id":18026,"date":"2024-10-11T15:02:16","date_gmt":"2024-10-11T12:02:16","guid":{"rendered":"https:\/\/www.france.fi\/?p=18026"},"modified":"2024-11-14T11:41:00","modified_gmt":"2024-11-14T09:41:00","slug":"conference-vers-la-6g-les-nouveaux-enjeux-dun-futur-sans-fil","status":"publish","type":"post","link":"https:\/\/www.france.fi\/fr\/sciences-et-universites\/conference-vers-la-6g-les-nouveaux-enjeux-dun-futur-sans-fil\/","title":{"rendered":"Conf\u00e9rence\u202f: Vers la 6G &#8211; les nouveaux enjeux d&rsquo;un futur sans fil"},"content":{"rendered":"<p>L\u2019Institut fran\u00e7ais de Finlande organise une conf\u00e9rence unique sur les nouvelles technologies de la communication le 7 novembre. Marco Di Renzo, Directeur de Recherche au CNRS et laur\u00e9at de plusieurs prix prestigieux (dont le prix Michel Montpetit de l\u2019Acad\u00e9mie des Sciences), pr\u00e9sentera les derni\u00e8res avanc\u00e9es de la 6G et des technologies \u00e9mergentes associ\u00e9es.<\/p>\n<p>La 6G, bien plus qu&rsquo;une simple \u00e9volution technologique, devrait repr\u00e9senter une nouvelle \u00e9tape dans la transformation de notre fa\u00e7on de communiquer et d&rsquo;interagir. Dans son intervention, M. Di Renzo abordera par ailleurs les enjeux de sobri\u00e9t\u00e9 \u00e9lectromagn\u00e9tique, d\u2019empreinte \u00e9cologique et de s\u00e9curit\u00e9 des donn\u00e9es, dans un contexte o\u00f9 la course \u00e0 la 6G soul\u00e8ve des questions aussi bien techniques que soci\u00e9tales.<\/p>\n<p>En plus de son r\u00f4le de Directeur de Recherche au CNRS, Marco Di Renzo est le vice-pr\u00e9sident du groupe de travail sur les m\u00e9tamat\u00e9riaux intelligents \u00e0 l\u2019Institut europ\u00e9en des normes de t\u00e9l\u00e9communications. Il contribue ainsi \u00e0 la r\u00e9glementation des futures technologies \u00e0 l&rsquo;\u00e9chelle europ\u00e9enne. Il est \u00e9galement le laur\u00e9at de la Chaire d\u2019excellence France-Nokia 2023, un prix attribu\u00e9 chaque ann\u00e9e par la Fondation Nokia et l\u2019Institut fran\u00e7ais de Finlande.<\/p>\n<p>L\u2019expos\u00e9, en langue fran\u00e7aise, sera suivi d\u2019un \u00e9change avec le public, offrant un espace de dialogue autour des enjeux technologiques et \u00e9thiques de demain. Un moment convivial autour de vins et fromages cl\u00f4turera cette rencontre.<\/p>\n<p>Entr\u00e9e libre sur inscription.<\/p>\n<div class=\"epyt-video-wrapper\"><iframe loading=\"lazy\"  id=\"_ytid_59208\"  width=\"580\" height=\"326\"  data-origwidth=\"580\" data-origheight=\"326\" src=\"https:\/\/www.youtube.com\/embed\/2OBSq69Mjtc?enablejsapi=1&#038;autoplay=0&#038;cc_load_policy=0&#038;cc_lang_pref=&#038;iv_load_policy=1&#038;loop=0&#038;rel=1&#038;fs=1&#038;playsinline=0&#038;autohide=2&#038;theme=dark&#038;color=red&#038;controls=1&#038;disablekb=0&#038;\" class=\"__youtube_prefs__  epyt-is-override  no-lazyload\" title=\"YouTube player\"  allow=\"fullscreen; accelerometer; autoplay; clipboard-write; encrypted-media; gyroscope; picture-in-picture; web-share\" referrerpolicy=\"strict-origin-when-cross-origin\" allowfullscreen data-no-lazy=\"1\" data-skipgform_ajax_framebjll=\"\"><\/iframe><\/div>\n<p><strong><a href=\"https:\/\/www.france.fi\/wp-content\/uploads\/2024\/10\/IFF_November__2024S.pdf\" target=\"_blank\" rel=\"noopener\">\u21d2Pr\u00e9sentation<\/a><\/strong> (en fran\u00e7ais)<\/p>\n","protected":false},"excerpt":{"rendered":"<p>Avec Marco Di Renzo, laur\u00e9at de la chaire d\u2019excellence France-Nokia, d\u00e9couvrez les derni\u00e8res avanc\u00e9es de la 6G et comment elles pourraient r\u00e9volutionner notre quotidien.<\/p>\n","protected":false},"author":2,"featured_media":18027,"comment_status":"closed","ping_status":"open","sticky":false,"template":"","format":"standard","meta":{"footnotes":""},"categories":[4,357],"tags":[],"class_list":["post-18026","post","type-post","status-publish","format-standard","has-post-thumbnail","hentry","category-sciences-et-universites","category-retour-devenement"],"yoast_head":"<!-- This site is optimized with the Yoast SEO plugin v27.4 - https:\/\/yoast.com\/product\/yoast-seo-wordpress\/ -->\n<title>Conf\u00e9rence\u202f: Vers la 6G - les nouveaux enjeux d&#039;un futur sans fil - Institut fran\u00e7ais<\/title>\n<meta name=\"robots\" content=\"index, follow, max-snippet:-1, max-image-preview:large, max-video-preview:-1\" \/>\n<link rel=\"canonical\" href=\"https:\/\/www.france.fi\/fr\/sciences-et-universites\/conference-vers-la-6g-les-nouveaux-enjeux-dun-futur-sans-fil\/\" \/>\n<meta property=\"og:locale\" content=\"fr_FR\" \/>\n<meta property=\"og:type\" content=\"article\" \/>\n<meta property=\"og:title\" content=\"Conf\u00e9rence\u202f: Vers la 6G - les nouveaux enjeux d&#039;un futur sans fil - Institut fran\u00e7ais\" \/>\n<meta property=\"og:description\" content=\"Avec Marco Di Renzo, laur\u00e9at de la chaire d\u2019excellence France-Nokia, d\u00e9couvrez les derni\u00e8res avanc\u00e9es de la 6G et comment elles pourraient r\u00e9volutionner notre quotidien.\" \/>\n<meta property=\"og:url\" content=\"https:\/\/www.france.fi\/fr\/sciences-et-universites\/conference-vers-la-6g-les-nouveaux-enjeux-dun-futur-sans-fil\/\" \/>\n<meta property=\"og:site_name\" content=\"Institut fran\u00e7ais\" \/>\n<meta property=\"article:publisher\" content=\"https:\/\/www.facebook.com\/institutfrancaisfi\" \/>\n<meta property=\"article:published_time\" content=\"2024-10-11T12:02:16+00:00\" \/>\n<meta property=\"article:modified_time\" content=\"2024-11-14T09:41:00+00:00\" \/>\n<meta property=\"og:image\" content=\"https:\/\/www.france.fi\/wp-content\/uploads\/2024\/10\/6g-1098x617.jpg\" \/>\n\t<meta property=\"og:image:width\" content=\"1280\" \/>\n\t<meta property=\"og:image:height\" content=\"720\" \/>\n\t<meta property=\"og:image:type\" content=\"image\/jpeg\" \/>\n<meta name=\"author\" content=\"Equipe IFF\" \/>\n<meta name=\"twitter:card\" content=\"summary_large_image\" \/>\n<meta name=\"twitter:creator\" content=\"@IFFinlande\" \/>\n<meta name=\"twitter:site\" content=\"@IFFinlande\" \/>\n<meta name=\"twitter:label1\" content=\"\u00c9crit par\" \/>\n\t<meta name=\"twitter:data1\" content=\"Equipe IFF\" \/>\n\t<meta name=\"twitter:label2\" content=\"Dur\u00e9e de lecture estim\u00e9e\" \/>\n\t<meta name=\"twitter:data2\" content=\"2 minutes\" \/>\n<script type=\"application\/ld+json\" class=\"yoast-schema-graph\">{\"@context\":\"https:\\\/\\\/schema.org\",\"@graph\":[{\"@type\":\"Article\",\"@id\":\"https:\\\/\\\/www.france.fi\\\/fr\\\/sciences-et-universites\\\/conference-vers-la-6g-les-nouveaux-enjeux-dun-futur-sans-fil\\\/#article\",\"isPartOf\":{\"@id\":\"https:\\\/\\\/www.france.fi\\\/fr\\\/sciences-et-universites\\\/conference-vers-la-6g-les-nouveaux-enjeux-dun-futur-sans-fil\\\/\"},\"author\":{\"name\":\"Equipe IFF\",\"@id\":\"https:\\\/\\\/www.france.fi\\\/#\\\/schema\\\/person\\\/ed873f29db1d0af6a3600d15d3b65bfd\"},\"headline\":\"Conf\u00e9rence\u202f: Vers la 6G &#8211; les nouveaux enjeux d&rsquo;un futur sans fil\",\"datePublished\":\"2024-10-11T12:02:16+00:00\",\"dateModified\":\"2024-11-14T09:41:00+00:00\",\"mainEntityOfPage\":{\"@id\":\"https:\\\/\\\/www.france.fi\\\/fr\\\/sciences-et-universites\\\/conference-vers-la-6g-les-nouveaux-enjeux-dun-futur-sans-fil\\\/\"},\"wordCount\":282,\"publisher\":{\"@id\":\"https:\\\/\\\/www.france.fi\\\/#organization\"},\"image\":{\"@id\":\"https:\\\/\\\/www.france.fi\\\/fr\\\/sciences-et-universites\\\/conference-vers-la-6g-les-nouveaux-enjeux-dun-futur-sans-fil\\\/#primaryimage\"},\"thumbnailUrl\":\"https:\\\/\\\/www.france.fi\\\/wp-content\\\/uploads\\\/2024\\\/10\\\/6g-1098x617.jpg\",\"articleSection\":[\"Sciences et universit\u00e9s\",\"Retour d'\u00e9v\u00e8nement\"],\"inLanguage\":\"fr-FR\"},{\"@type\":\"WebPage\",\"@id\":\"https:\\\/\\\/www.france.fi\\\/fr\\\/sciences-et-universites\\\/conference-vers-la-6g-les-nouveaux-enjeux-dun-futur-sans-fil\\\/\",\"url\":\"https:\\\/\\\/www.france.fi\\\/fr\\\/sciences-et-universites\\\/conference-vers-la-6g-les-nouveaux-enjeux-dun-futur-sans-fil\\\/\",\"name\":\"Conf\u00e9rence\u202f: Vers la 6G - les nouveaux enjeux d'un futur sans fil - Institut fran\u00e7ais\",\"isPartOf\":{\"@id\":\"https:\\\/\\\/www.france.fi\\\/#website\"},\"primaryImageOfPage\":{\"@id\":\"https:\\\/\\\/www.france.fi\\\/fr\\\/sciences-et-universites\\\/conference-vers-la-6g-les-nouveaux-enjeux-dun-futur-sans-fil\\\/#primaryimage\"},\"image\":{\"@id\":\"https:\\\/\\\/www.france.fi\\\/fr\\\/sciences-et-universites\\\/conference-vers-la-6g-les-nouveaux-enjeux-dun-futur-sans-fil\\\/#primaryimage\"},\"thumbnailUrl\":\"https:\\\/\\\/www.france.fi\\\/wp-content\\\/uploads\\\/2024\\\/10\\\/6g-1098x617.jpg\",\"datePublished\":\"2024-10-11T12:02:16+00:00\",\"dateModified\":\"2024-11-14T09:41:00+00:00\",\"breadcrumb\":{\"@id\":\"https:\\\/\\\/www.france.fi\\\/fr\\\/sciences-et-universites\\\/conference-vers-la-6g-les-nouveaux-enjeux-dun-futur-sans-fil\\\/#breadcrumb\"},\"inLanguage\":\"fr-FR\",\"potentialAction\":[{\"@type\":\"ReadAction\",\"target\":[\"https:\\\/\\\/www.france.fi\\\/fr\\\/sciences-et-universites\\\/conference-vers-la-6g-les-nouveaux-enjeux-dun-futur-sans-fil\\\/\"]}]},{\"@type\":\"ImageObject\",\"inLanguage\":\"fr-FR\",\"@id\":\"https:\\\/\\\/www.france.fi\\\/fr\\\/sciences-et-universites\\\/conference-vers-la-6g-les-nouveaux-enjeux-dun-futur-sans-fil\\\/#primaryimage\",\"url\":\"https:\\\/\\\/www.france.fi\\\/wp-content\\\/uploads\\\/2024\\\/10\\\/6g-1098x617.jpg\",\"contentUrl\":\"https:\\\/\\\/www.france.fi\\\/wp-content\\\/uploads\\\/2024\\\/10\\\/6g-1098x617.jpg\",\"width\":1280,\"height\":720},{\"@type\":\"BreadcrumbList\",\"@id\":\"https:\\\/\\\/www.france.fi\\\/fr\\\/sciences-et-universites\\\/conference-vers-la-6g-les-nouveaux-enjeux-dun-futur-sans-fil\\\/#breadcrumb\",\"itemListElement\":[{\"@type\":\"ListItem\",\"position\":1,\"name\":\"Home\",\"item\":\"https:\\\/\\\/www.france.fi\\\/fr\\\/\"},{\"@type\":\"ListItem\",\"position\":2,\"name\":\"Sciences et universit\u00e9s\",\"item\":\"https:\\\/\\\/www.france.fi\\\/fr\\\/category\\\/sciences-et-universites\\\/\"},{\"@type\":\"ListItem\",\"position\":3,\"name\":\"Conf\u00e9rence\u202f: Vers la 6G &#8211; les nouveaux enjeux d&rsquo;un futur sans fil\"}]},{\"@type\":\"WebSite\",\"@id\":\"https:\\\/\\\/www.france.fi\\\/#website\",\"url\":\"https:\\\/\\\/www.france.fi\\\/\",\"name\":\"Institut fran\u00e7ais de Finlande\",\"description\":\"\",\"publisher\":{\"@id\":\"https:\\\/\\\/www.france.fi\\\/#organization\"},\"potentialAction\":[{\"@type\":\"SearchAction\",\"target\":{\"@type\":\"EntryPoint\",\"urlTemplate\":\"https:\\\/\\\/www.france.fi\\\/?s={search_term_string}\"},\"query-input\":{\"@type\":\"PropertyValueSpecification\",\"valueRequired\":true,\"valueName\":\"search_term_string\"}}],\"inLanguage\":\"fr-FR\"},{\"@type\":\"Organization\",\"@id\":\"https:\\\/\\\/www.france.fi\\\/#organization\",\"name\":\"Institut fran\u00e7ais de Finlande\",\"url\":\"https:\\\/\\\/www.france.fi\\\/\",\"logo\":{\"@type\":\"ImageObject\",\"inLanguage\":\"fr-FR\",\"@id\":\"https:\\\/\\\/www.france.fi\\\/#\\\/schema\\\/logo\\\/image\\\/\",\"url\":\"https:\\\/\\\/www.france.fi\\\/wp-content\\\/uploads\\\/2024\\\/02\\\/if-logo-1.png\",\"contentUrl\":\"https:\\\/\\\/www.france.fi\\\/wp-content\\\/uploads\\\/2024\\\/02\\\/if-logo-1.png\",\"width\":687,\"height\":459,\"caption\":\"Institut fran\u00e7ais de Finlande\"},\"image\":{\"@id\":\"https:\\\/\\\/www.france.fi\\\/#\\\/schema\\\/logo\\\/image\\\/\"},\"sameAs\":[\"https:\\\/\\\/www.facebook.com\\\/institutfrancaisfi\",\"https:\\\/\\\/x.com\\\/IFFinlande\",\"https:\\\/\\\/www.instagram.com\\\/iffinlande\\\/\",\"https:\\\/\\\/fr.linkedin.com\\\/organization-guest\\\/company\\\/institut-fran-ais-de-finlande\",\"https:\\\/\\\/www.youtube.com\\\/channel\\\/UCHAitdpmSbeP78eL49XMotA\"]},{\"@type\":\"Person\",\"@id\":\"https:\\\/\\\/www.france.fi\\\/#\\\/schema\\\/person\\\/ed873f29db1d0af6a3600d15d3b65bfd\",\"name\":\"Equipe IFF\",\"image\":{\"@type\":\"ImageObject\",\"inLanguage\":\"fr-FR\",\"@id\":\"https:\\\/\\\/secure.gravatar.com\\\/avatar\\\/3c4ba80228d01014b25e45e90abb28ce315a02c6572751a7fb2298e4274989fc?s=96&d=mm&r=g\",\"url\":\"https:\\\/\\\/secure.gravatar.com\\\/avatar\\\/3c4ba80228d01014b25e45e90abb28ce315a02c6572751a7fb2298e4274989fc?s=96&d=mm&r=g\",\"contentUrl\":\"https:\\\/\\\/secure.gravatar.com\\\/avatar\\\/3c4ba80228d01014b25e45e90abb28ce315a02c6572751a7fb2298e4274989fc?s=96&d=mm&r=g\",\"caption\":\"Equipe IFF\"},\"url\":\"https:\\\/\\\/www.france.fi\\\/fr\\\/author\\\/iffadmin\\\/\"}]}<\/script>\n<!-- \/ Yoast SEO plugin. -->","yoast_head_json":{"title":"Conf\u00e9rence\u202f: Vers la 6G - les nouveaux enjeux d'un futur sans fil - Institut fran\u00e7ais","robots":{"index":"index","follow":"follow","max-snippet":"max-snippet:-1","max-image-preview":"max-image-preview:large","max-video-preview":"max-video-preview:-1"},"canonical":"https:\/\/www.france.fi\/fr\/sciences-et-universites\/conference-vers-la-6g-les-nouveaux-enjeux-dun-futur-sans-fil\/","og_locale":"fr_FR","og_type":"article","og_title":"Conf\u00e9rence\u202f: Vers la 6G - les nouveaux enjeux d'un futur sans fil - Institut fran\u00e7ais","og_description":"Avec Marco Di Renzo, laur\u00e9at de la chaire d\u2019excellence France-Nokia, d\u00e9couvrez les derni\u00e8res avanc\u00e9es de la 6G et comment elles pourraient r\u00e9volutionner notre quotidien.","og_url":"https:\/\/www.france.fi\/fr\/sciences-et-universites\/conference-vers-la-6g-les-nouveaux-enjeux-dun-futur-sans-fil\/","og_site_name":"Institut fran\u00e7ais","article_publisher":"https:\/\/www.facebook.com\/institutfrancaisfi","article_published_time":"2024-10-11T12:02:16+00:00","article_modified_time":"2024-11-14T09:41:00+00:00","og_image":[{"width":1280,"height":720,"url":"https:\/\/www.france.fi\/wp-content\/uploads\/2024\/10\/6g-1098x617.jpg","type":"image\/jpeg"}],"author":"Equipe IFF","twitter_card":"summary_large_image","twitter_creator":"@IFFinlande","twitter_site":"@IFFinlande","twitter_misc":{"\u00c9crit par":"Equipe IFF","Dur\u00e9e de lecture estim\u00e9e":"2 minutes"},"schema":{"@context":"https:\/\/schema.org","@graph":[{"@type":"Article","@id":"https:\/\/www.france.fi\/fr\/sciences-et-universites\/conference-vers-la-6g-les-nouveaux-enjeux-dun-futur-sans-fil\/#article","isPartOf":{"@id":"https:\/\/www.france.fi\/fr\/sciences-et-universites\/conference-vers-la-6g-les-nouveaux-enjeux-dun-futur-sans-fil\/"},"author":{"name":"Equipe IFF","@id":"https:\/\/www.france.fi\/#\/schema\/person\/ed873f29db1d0af6a3600d15d3b65bfd"},"headline":"Conf\u00e9rence\u202f: Vers la 6G &#8211; les nouveaux enjeux d&rsquo;un futur sans fil","datePublished":"2024-10-11T12:02:16+00:00","dateModified":"2024-11-14T09:41:00+00:00","mainEntityOfPage":{"@id":"https:\/\/www.france.fi\/fr\/sciences-et-universites\/conference-vers-la-6g-les-nouveaux-enjeux-dun-futur-sans-fil\/"},"wordCount":282,"publisher":{"@id":"https:\/\/www.france.fi\/#organization"},"image":{"@id":"https:\/\/www.france.fi\/fr\/sciences-et-universites\/conference-vers-la-6g-les-nouveaux-enjeux-dun-futur-sans-fil\/#primaryimage"},"thumbnailUrl":"https:\/\/www.france.fi\/wp-content\/uploads\/2024\/10\/6g-1098x617.jpg","articleSection":["Sciences et universit\u00e9s","Retour d'\u00e9v\u00e8nement"],"inLanguage":"fr-FR"},{"@type":"WebPage","@id":"https:\/\/www.france.fi\/fr\/sciences-et-universites\/conference-vers-la-6g-les-nouveaux-enjeux-dun-futur-sans-fil\/","url":"https:\/\/www.france.fi\/fr\/sciences-et-universites\/conference-vers-la-6g-les-nouveaux-enjeux-dun-futur-sans-fil\/","name":"Conf\u00e9rence\u202f: Vers la 6G - les nouveaux enjeux d'un futur sans fil - Institut fran\u00e7ais","isPartOf":{"@id":"https:\/\/www.france.fi\/#website"},"primaryImageOfPage":{"@id":"https:\/\/www.france.fi\/fr\/sciences-et-universites\/conference-vers-la-6g-les-nouveaux-enjeux-dun-futur-sans-fil\/#primaryimage"},"image":{"@id":"https:\/\/www.france.fi\/fr\/sciences-et-universites\/conference-vers-la-6g-les-nouveaux-enjeux-dun-futur-sans-fil\/#primaryimage"},"thumbnailUrl":"https:\/\/www.france.fi\/wp-content\/uploads\/2024\/10\/6g-1098x617.jpg","datePublished":"2024-10-11T12:02:16+00:00","dateModified":"2024-11-14T09:41:00+00:00","breadcrumb":{"@id":"https:\/\/www.france.fi\/fr\/sciences-et-universites\/conference-vers-la-6g-les-nouveaux-enjeux-dun-futur-sans-fil\/#breadcrumb"},"inLanguage":"fr-FR","potentialAction":[{"@type":"ReadAction","target":["https:\/\/www.france.fi\/fr\/sciences-et-universites\/conference-vers-la-6g-les-nouveaux-enjeux-dun-futur-sans-fil\/"]}]},{"@type":"ImageObject","inLanguage":"fr-FR","@id":"https:\/\/www.france.fi\/fr\/sciences-et-universites\/conference-vers-la-6g-les-nouveaux-enjeux-dun-futur-sans-fil\/#primaryimage","url":"https:\/\/www.france.fi\/wp-content\/uploads\/2024\/10\/6g-1098x617.jpg","contentUrl":"https:\/\/www.france.fi\/wp-content\/uploads\/2024\/10\/6g-1098x617.jpg","width":1280,"height":720},{"@type":"BreadcrumbList","@id":"https:\/\/www.france.fi\/fr\/sciences-et-universites\/conference-vers-la-6g-les-nouveaux-enjeux-dun-futur-sans-fil\/#breadcrumb","itemListElement":[{"@type":"ListItem","position":1,"name":"Home","item":"https:\/\/www.france.fi\/fr\/"},{"@type":"ListItem","position":2,"name":"Sciences et universit\u00e9s","item":"https:\/\/www.france.fi\/fr\/category\/sciences-et-universites\/"},{"@type":"ListItem","position":3,"name":"Conf\u00e9rence\u202f: Vers la 6G &#8211; les nouveaux enjeux d&rsquo;un futur sans fil"}]},{"@type":"WebSite","@id":"https:\/\/www.france.fi\/#website","url":"https:\/\/www.france.fi\/","name":"Institut fran\u00e7ais de Finlande","description":"","publisher":{"@id":"https:\/\/www.france.fi\/#organization"},"potentialAction":[{"@type":"SearchAction","target":{"@type":"EntryPoint","urlTemplate":"https:\/\/www.france.fi\/?s={search_term_string}"},"query-input":{"@type":"PropertyValueSpecification","valueRequired":true,"valueName":"search_term_string"}}],"inLanguage":"fr-FR"},{"@type":"Organization","@id":"https:\/\/www.france.fi\/#organization","name":"Institut fran\u00e7ais de Finlande","url":"https:\/\/www.france.fi\/","logo":{"@type":"ImageObject","inLanguage":"fr-FR","@id":"https:\/\/www.france.fi\/#\/schema\/logo\/image\/","url":"https:\/\/www.france.fi\/wp-content\/uploads\/2024\/02\/if-logo-1.png","contentUrl":"https:\/\/www.france.fi\/wp-content\/uploads\/2024\/02\/if-logo-1.png","width":687,"height":459,"caption":"Institut fran\u00e7ais de Finlande"},"image":{"@id":"https:\/\/www.france.fi\/#\/schema\/logo\/image\/"},"sameAs":["https:\/\/www.facebook.com\/institutfrancaisfi","https:\/\/x.com\/IFFinlande","https:\/\/www.instagram.com\/iffinlande\/","https:\/\/fr.linkedin.com\/organization-guest\/company\/institut-fran-ais-de-finlande","https:\/\/www.youtube.com\/channel\/UCHAitdpmSbeP78eL49XMotA"]},{"@type":"Person","@id":"https:\/\/www.france.fi\/#\/schema\/person\/ed873f29db1d0af6a3600d15d3b65bfd","name":"Equipe IFF","image":{"@type":"ImageObject","inLanguage":"fr-FR","@id":"https:\/\/secure.gravatar.com\/avatar\/3c4ba80228d01014b25e45e90abb28ce315a02c6572751a7fb2298e4274989fc?s=96&d=mm&r=g","url":"https:\/\/secure.gravatar.com\/avatar\/3c4ba80228d01014b25e45e90abb28ce315a02c6572751a7fb2298e4274989fc?s=96&d=mm&r=g","contentUrl":"https:\/\/secure.gravatar.com\/avatar\/3c4ba80228d01014b25e45e90abb28ce315a02c6572751a7fb2298e4274989fc?s=96&d=mm&r=g","caption":"Equipe IFF"},"url":"https:\/\/www.france.fi\/fr\/author\/iffadmin\/"}]}},"_links":{"self":[{"href":"https:\/\/www.france.fi\/fr\/wp-json\/wp\/v2\/posts\/18026","targetHints":{"allow":["GET"]}}],"collection":[{"href":"https:\/\/www.france.fi\/fr\/wp-json\/wp\/v2\/posts"}],"about":[{"href":"https:\/\/www.france.fi\/fr\/wp-json\/wp\/v2\/types\/post"}],"author":[{"embeddable":true,"href":"https:\/\/www.france.fi\/fr\/wp-json\/wp\/v2\/users\/2"}],"replies":[{"embeddable":true,"href":"https:\/\/www.france.fi\/fr\/wp-json\/wp\/v2\/comments?post=18026"}],"version-history":[{"count":0,"href":"https:\/\/www.france.fi\/fr\/wp-json\/wp\/v2\/posts\/18026\/revisions"}],"wp:featuredmedia":[{"embeddable":true,"href":"https:\/\/www.france.fi\/fr\/wp-json\/wp\/v2\/media\/18027"}],"wp:attachment":[{"href":"https:\/\/www.france.fi\/fr\/wp-json\/wp\/v2\/media?parent=18026"}],"wp:term":[{"taxonomy":"category","embeddable":true,"href":"https:\/\/www.france.fi\/fr\/wp-json\/wp\/v2\/categories?post=18026"},{"taxonomy":"post_tag","embeddable":true,"href":"https:\/\/www.france.fi\/fr\/wp-json\/wp\/v2\/tags?post=18026"}],"curies":[{"name":"wp","href":"https:\/\/api.w.org\/{rel}","templated":true}]}}