{"id":18550,"date":"2024-11-27T10:45:03","date_gmt":"2024-11-27T08:45:03","guid":{"rendered":"https:\/\/www.france.fi\/?p=18550"},"modified":"2025-04-22T10:52:14","modified_gmt":"2025-04-22T07:52:14","slug":"appel-a-candidatures-2025-chaire-dexcellence-france-nokia-tic","status":"publish","type":"post","link":"https:\/\/www.france.fi\/fr\/sciences-et-universites\/appel-a-candidatures-2025-chaire-dexcellence-france-nokia-tic\/","title":{"rendered":"Appel \u00e0 candidatures 2025 : Chaire d&rsquo;Excellence France-Nokia (TIC)"},"content":{"rendered":"<p>La Chaire d&rsquo;Excellence France-Nokia en Technologies de l&rsquo;Information et de la Communication (ICT) offre une opportunit\u00e9 unique \u00e0 d\u2019\u00e9minents universitaires\/chercheurs fran\u00e7ais de s&rsquo;engager dans une collaboration de recherche internationale. Le poste de la Chaire est ouvert aux universitaires et sp\u00e9cialistes des technologies de l&rsquo;information et de la communication, dont la recherche et l\u2019enseignement dans un \u00e9tablissement sup\u00e9rieur ou de recherche en Finlande.<\/p>\n<p>La Chaire d&rsquo;excellence peut permettre de s\u2019investir dans une vari\u00e9t\u00e9 d\u2019activit\u00e9s professionnelles, telles que :<\/p>\n<ul>\n<li>recherche collaborative dans un environnement international,<\/li>\n<li>r\u00e9diger des publications scientifiques conjointes avec des coll\u00e8gues finlandais,<\/li>\n<li>enseignement et s\u00e9minaires,<\/li>\n<li>encadrer les recherches d\u2019\u00e9tudiants au niveau master ou doctoral, et<\/li>\n<li>d\u00e9velopper des collaborations d\u2019\u00e9changes internationaux entre les institutions fran\u00e7aises et finlandaises<\/li>\n<\/ul>\n<p>Le chercheur et l\u2019institution h\u00f4te finlandaise d\u00e9finissent ensemble les activit\u00e9s de la Chaire.<\/p>\n<p>La dur\u00e9e minimale de la visite est de quatre mois. Le chercheur invit\u00e9 venant en Finlande participera g\u00e9n\u00e9ralement \u00e0 des travaux de recherche, donnera des conf\u00e9rences ou, le cas \u00e9ch\u00e9ant, collaborera avec des entreprises finlandaises.<\/p>\n<p>Il est attendu de cette collaboration qu\u2019elle fasse progresser le domaine des TIC. Les candidats doivent \u00eatre d&rsquo;\u00e9minents chercheurs et avoir un palmar\u00e8s reconnu de r\u00e9alisations scientifiques, dont un nombre important de publications. Cette collaboration devra \u00e9galement permettre d&rsquo;explorer les possibilit\u00e9s de coop\u00e9ration \u00e0 plus long terme entre la France et la Finlande.<\/p>\n<p>La Chaire d\u2019Excellence France-Nokia en technologies de l\u2019information et de la communication est cofinanc\u00e9e par la Fondation Nokia (20\u00a0000 \u20ac) et l\u2019institution du chercheur fran\u00e7ais (20\u00a0000 \u20ac). La subvention couvrira les co\u00fbts li\u00e9s au s\u00e9jour en Finlande. Une p\u00e9riode minimale de 4 mois est requise, qui peut \u00eatre divis\u00e9e en deux p\u00e9riodes au maximum. Le chercheur fran\u00e7ais peut rester pour une p\u00e9riode plus longue avec l\u2019accord des institutions d&rsquo;origine et d&rsquo;accueil. La mobilit\u00e9 peut avoir lieu en 2025 ou en 2026 en fonction de la disponibilit\u00e9 du chercheur.<\/p>\n<p>Le chercheur invit\u00e9 ne doit pas n\u00e9cessairement parler finnois ou su\u00e9dois pour pouvoir vivre en Finlande. L&rsquo;anglais est largement parl\u00e9 dans les milieux universitaires et dans l&rsquo;ensemble du pays.<\/p>\n<h5><strong>Comment candidater<\/strong><\/h5>\n<p>L&rsquo;appel \u00e0 candidatures est ouvert du 9 d\u00e9cembre 2024 au 17 avril 2025.<\/p>\n<p>Le formulaire de candidature doit \u00eatre rempli en ligne \u00e0 l\u2019adresse suivante : <a href=\"https:\/\/nokiafoundation.apurahat.net\" target=\"_blank\" rel=\"noopener\">https:\/\/nokiafoundation.apurahat.net<\/a><\/p>\n<p>Les pi\u00e8ces \u00e0 joindre obligatoirement \u00e0 la candidature sont les suivantes :<\/p>\n<ul>\n<li>Plan de travail d\u00e9taill\u00e9 de la visite<\/li>\n<li>Curriculum Vitae du candidat<\/li>\n<li>Lettre d&rsquo;invitation de l\u2019institution d&rsquo;accueil<\/li>\n<li>Lettre de soutien de l\u2019institution d\u2019origine<\/li>\n<li>Lettre d\u2019engagement financier de l\u2019institution sponsor<\/li>\n<\/ul>\n<p>Pour de plus amples informations, veuillez contacter <a href=\"mailto:science@france.fi\">science@france.fi<\/a> ou (en anglais) <a href=\"mailto:leena.tanner@aspicore.com\">leena.tanner@aspicore.com<\/a> .<\/p>\n<p>Vous pouvez t\u00e9l\u00e9charger <strong><a href=\"https:\/\/www.france.fi\/wp-content\/uploads\/2024\/11\/Official-Call_France-Nokia-ICT-Chair-of-Excellence-2025.pdf\" target=\"_blank\" rel=\"noopener\">l\u2019appel officiel en anglais ici.<\/a><\/strong><\/p>\n<p><strong>Date limite de d\u00e9p\u00f4t des candidatures : 17 avril 2025<\/strong>.<\/p>\n<p>Les r\u00e9sultats de la s\u00e9lection seront communiqu\u00e9s en juin 2025.<\/p>\n","protected":false},"excerpt":{"rendered":"<p>Bourse de mobilit\u00e9 pour les chercheurs fran\u00e7ais en technologies de l&rsquo;information et de la communication<\/p>\n","protected":false},"author":2,"featured_media":18554,"comment_status":"closed","ping_status":"open","sticky":false,"template":"","format":"standard","meta":{"footnotes":""},"categories":[4,317],"tags":[],"class_list":["post-18550","post","type-post","status-publish","format-standard","has-post-thumbnail","hentry","category-sciences-et-universites","category-programmes-bourses"],"yoast_head":"<!-- This site is optimized with the Yoast SEO plugin v27.4 - https:\/\/yoast.com\/product\/yoast-seo-wordpress\/ -->\n<title>Appel \u00e0 candidatures 2025 : Chaire d&#039;Excellence France-Nokia (TIC) - Institut fran\u00e7ais<\/title>\n<meta name=\"robots\" content=\"index, follow, max-snippet:-1, max-image-preview:large, max-video-preview:-1\" \/>\n<link rel=\"canonical\" href=\"https:\/\/www.france.fi\/fr\/sciences-et-universites\/appel-a-candidatures-2025-chaire-dexcellence-france-nokia-tic\/\" \/>\n<meta property=\"og:locale\" content=\"fr_FR\" \/>\n<meta property=\"og:type\" content=\"article\" \/>\n<meta property=\"og:title\" content=\"Appel \u00e0 candidatures 2025 : Chaire d&#039;Excellence France-Nokia (TIC) - Institut fran\u00e7ais\" \/>\n<meta property=\"og:description\" content=\"Bourse de mobilit\u00e9 pour les chercheurs fran\u00e7ais en technologies de l&#039;information et de la communication\" \/>\n<meta property=\"og:url\" content=\"https:\/\/www.france.fi\/fr\/sciences-et-universites\/appel-a-candidatures-2025-chaire-dexcellence-france-nokia-tic\/\" \/>\n<meta property=\"og:site_name\" content=\"Institut fran\u00e7ais\" \/>\n<meta property=\"article:publisher\" content=\"https:\/\/www.facebook.com\/institutfrancaisfi\" \/>\n<meta property=\"article:published_time\" content=\"2024-11-27T08:45:03+00:00\" \/>\n<meta property=\"article:modified_time\" content=\"2025-04-22T07:52:14+00:00\" \/>\n<meta property=\"og:image\" content=\"https:\/\/www.france.fi\/wp-content\/uploads\/2024\/11\/France-Nokia-2024-site-internet-newsletter-1098x617.jpg\" \/>\n\t<meta property=\"og:image:width\" content=\"1280\" \/>\n\t<meta property=\"og:image:height\" content=\"720\" \/>\n\t<meta property=\"og:image:type\" content=\"image\/jpeg\" \/>\n<meta name=\"author\" content=\"Equipe IFF\" \/>\n<meta name=\"twitter:card\" content=\"summary_large_image\" \/>\n<meta name=\"twitter:creator\" content=\"@IFFinlande\" \/>\n<meta name=\"twitter:site\" content=\"@IFFinlande\" \/>\n<meta name=\"twitter:label1\" content=\"\u00c9crit par\" \/>\n\t<meta name=\"twitter:data1\" content=\"Equipe IFF\" \/>\n\t<meta name=\"twitter:label2\" content=\"Dur\u00e9e de lecture estim\u00e9e\" \/>\n\t<meta name=\"twitter:data2\" content=\"3 minutes\" \/>\n<script type=\"application\/ld+json\" class=\"yoast-schema-graph\">{\"@context\":\"https:\\\/\\\/schema.org\",\"@graph\":[{\"@type\":\"Article\",\"@id\":\"https:\\\/\\\/www.france.fi\\\/fr\\\/sciences-et-universites\\\/appel-a-candidatures-2025-chaire-dexcellence-france-nokia-tic\\\/#article\",\"isPartOf\":{\"@id\":\"https:\\\/\\\/www.france.fi\\\/fr\\\/sciences-et-universites\\\/appel-a-candidatures-2025-chaire-dexcellence-france-nokia-tic\\\/\"},\"author\":{\"name\":\"Equipe IFF\",\"@id\":\"https:\\\/\\\/www.france.fi\\\/#\\\/schema\\\/person\\\/ed873f29db1d0af6a3600d15d3b65bfd\"},\"headline\":\"Appel \u00e0 candidatures 2025 : Chaire d&rsquo;Excellence France-Nokia (TIC)\",\"datePublished\":\"2024-11-27T08:45:03+00:00\",\"dateModified\":\"2025-04-22T07:52:14+00:00\",\"mainEntityOfPage\":{\"@id\":\"https:\\\/\\\/www.france.fi\\\/fr\\\/sciences-et-universites\\\/appel-a-candidatures-2025-chaire-dexcellence-france-nokia-tic\\\/\"},\"wordCount\":511,\"publisher\":{\"@id\":\"https:\\\/\\\/www.france.fi\\\/#organization\"},\"image\":{\"@id\":\"https:\\\/\\\/www.france.fi\\\/fr\\\/sciences-et-universites\\\/appel-a-candidatures-2025-chaire-dexcellence-france-nokia-tic\\\/#primaryimage\"},\"thumbnailUrl\":\"https:\\\/\\\/www.france.fi\\\/wp-content\\\/uploads\\\/2024\\\/11\\\/France-Nokia-2024-site-internet-newsletter-1098x617.jpg\",\"articleSection\":[\"Sciences et universit\u00e9s\",\"Programmes &amp; bourses\"],\"inLanguage\":\"fr-FR\"},{\"@type\":\"WebPage\",\"@id\":\"https:\\\/\\\/www.france.fi\\\/fr\\\/sciences-et-universites\\\/appel-a-candidatures-2025-chaire-dexcellence-france-nokia-tic\\\/\",\"url\":\"https:\\\/\\\/www.france.fi\\\/fr\\\/sciences-et-universites\\\/appel-a-candidatures-2025-chaire-dexcellence-france-nokia-tic\\\/\",\"name\":\"Appel \u00e0 candidatures 2025 : Chaire d'Excellence France-Nokia (TIC) - Institut fran\u00e7ais\",\"isPartOf\":{\"@id\":\"https:\\\/\\\/www.france.fi\\\/#website\"},\"primaryImageOfPage\":{\"@id\":\"https:\\\/\\\/www.france.fi\\\/fr\\\/sciences-et-universites\\\/appel-a-candidatures-2025-chaire-dexcellence-france-nokia-tic\\\/#primaryimage\"},\"image\":{\"@id\":\"https:\\\/\\\/www.france.fi\\\/fr\\\/sciences-et-universites\\\/appel-a-candidatures-2025-chaire-dexcellence-france-nokia-tic\\\/#primaryimage\"},\"thumbnailUrl\":\"https:\\\/\\\/www.france.fi\\\/wp-content\\\/uploads\\\/2024\\\/11\\\/France-Nokia-2024-site-internet-newsletter-1098x617.jpg\",\"datePublished\":\"2024-11-27T08:45:03+00:00\",\"dateModified\":\"2025-04-22T07:52:14+00:00\",\"breadcrumb\":{\"@id\":\"https:\\\/\\\/www.france.fi\\\/fr\\\/sciences-et-universites\\\/appel-a-candidatures-2025-chaire-dexcellence-france-nokia-tic\\\/#breadcrumb\"},\"inLanguage\":\"fr-FR\",\"potentialAction\":[{\"@type\":\"ReadAction\",\"target\":[\"https:\\\/\\\/www.france.fi\\\/fr\\\/sciences-et-universites\\\/appel-a-candidatures-2025-chaire-dexcellence-france-nokia-tic\\\/\"]}]},{\"@type\":\"ImageObject\",\"inLanguage\":\"fr-FR\",\"@id\":\"https:\\\/\\\/www.france.fi\\\/fr\\\/sciences-et-universites\\\/appel-a-candidatures-2025-chaire-dexcellence-france-nokia-tic\\\/#primaryimage\",\"url\":\"https:\\\/\\\/www.france.fi\\\/wp-content\\\/uploads\\\/2024\\\/11\\\/France-Nokia-2024-site-internet-newsletter-1098x617.jpg\",\"contentUrl\":\"https:\\\/\\\/www.france.fi\\\/wp-content\\\/uploads\\\/2024\\\/11\\\/France-Nokia-2024-site-internet-newsletter-1098x617.jpg\",\"width\":1280,\"height\":720},{\"@type\":\"BreadcrumbList\",\"@id\":\"https:\\\/\\\/www.france.fi\\\/fr\\\/sciences-et-universites\\\/appel-a-candidatures-2025-chaire-dexcellence-france-nokia-tic\\\/#breadcrumb\",\"itemListElement\":[{\"@type\":\"ListItem\",\"position\":1,\"name\":\"Home\",\"item\":\"https:\\\/\\\/www.france.fi\\\/fr\\\/\"},{\"@type\":\"ListItem\",\"position\":2,\"name\":\"Sciences et universit\u00e9s\",\"item\":\"https:\\\/\\\/www.france.fi\\\/fr\\\/category\\\/sciences-et-universites\\\/\"},{\"@type\":\"ListItem\",\"position\":3,\"name\":\"Appel \u00e0 candidatures 2025 : Chaire d&rsquo;Excellence France-Nokia (TIC)\"}]},{\"@type\":\"WebSite\",\"@id\":\"https:\\\/\\\/www.france.fi\\\/#website\",\"url\":\"https:\\\/\\\/www.france.fi\\\/\",\"name\":\"Institut fran\u00e7ais de Finlande\",\"description\":\"\",\"publisher\":{\"@id\":\"https:\\\/\\\/www.france.fi\\\/#organization\"},\"potentialAction\":[{\"@type\":\"SearchAction\",\"target\":{\"@type\":\"EntryPoint\",\"urlTemplate\":\"https:\\\/\\\/www.france.fi\\\/?s={search_term_string}\"},\"query-input\":{\"@type\":\"PropertyValueSpecification\",\"valueRequired\":true,\"valueName\":\"search_term_string\"}}],\"inLanguage\":\"fr-FR\"},{\"@type\":\"Organization\",\"@id\":\"https:\\\/\\\/www.france.fi\\\/#organization\",\"name\":\"Institut fran\u00e7ais de Finlande\",\"url\":\"https:\\\/\\\/www.france.fi\\\/\",\"logo\":{\"@type\":\"ImageObject\",\"inLanguage\":\"fr-FR\",\"@id\":\"https:\\\/\\\/www.france.fi\\\/#\\\/schema\\\/logo\\\/image\\\/\",\"url\":\"https:\\\/\\\/www.france.fi\\\/wp-content\\\/uploads\\\/2024\\\/02\\\/if-logo-1.png\",\"contentUrl\":\"https:\\\/\\\/www.france.fi\\\/wp-content\\\/uploads\\\/2024\\\/02\\\/if-logo-1.png\",\"width\":687,\"height\":459,\"caption\":\"Institut fran\u00e7ais de Finlande\"},\"image\":{\"@id\":\"https:\\\/\\\/www.france.fi\\\/#\\\/schema\\\/logo\\\/image\\\/\"},\"sameAs\":[\"https:\\\/\\\/www.facebook.com\\\/institutfrancaisfi\",\"https:\\\/\\\/x.com\\\/IFFinlande\",\"https:\\\/\\\/www.instagram.com\\\/iffinlande\\\/\",\"https:\\\/\\\/fr.linkedin.com\\\/organization-guest\\\/company\\\/institut-fran-ais-de-finlande\",\"https:\\\/\\\/www.youtube.com\\\/channel\\\/UCHAitdpmSbeP78eL49XMotA\"]},{\"@type\":\"Person\",\"@id\":\"https:\\\/\\\/www.france.fi\\\/#\\\/schema\\\/person\\\/ed873f29db1d0af6a3600d15d3b65bfd\",\"name\":\"Equipe IFF\",\"image\":{\"@type\":\"ImageObject\",\"inLanguage\":\"fr-FR\",\"@id\":\"https:\\\/\\\/secure.gravatar.com\\\/avatar\\\/3c4ba80228d01014b25e45e90abb28ce315a02c6572751a7fb2298e4274989fc?s=96&d=mm&r=g\",\"url\":\"https:\\\/\\\/secure.gravatar.com\\\/avatar\\\/3c4ba80228d01014b25e45e90abb28ce315a02c6572751a7fb2298e4274989fc?s=96&d=mm&r=g\",\"contentUrl\":\"https:\\\/\\\/secure.gravatar.com\\\/avatar\\\/3c4ba80228d01014b25e45e90abb28ce315a02c6572751a7fb2298e4274989fc?s=96&d=mm&r=g\",\"caption\":\"Equipe IFF\"},\"url\":\"https:\\\/\\\/www.france.fi\\\/fr\\\/author\\\/iffadmin\\\/\"}]}<\/script>\n<!-- \/ Yoast SEO plugin. -->","yoast_head_json":{"title":"Appel \u00e0 candidatures 2025 : Chaire d'Excellence France-Nokia (TIC) - Institut fran\u00e7ais","robots":{"index":"index","follow":"follow","max-snippet":"max-snippet:-1","max-image-preview":"max-image-preview:large","max-video-preview":"max-video-preview:-1"},"canonical":"https:\/\/www.france.fi\/fr\/sciences-et-universites\/appel-a-candidatures-2025-chaire-dexcellence-france-nokia-tic\/","og_locale":"fr_FR","og_type":"article","og_title":"Appel \u00e0 candidatures 2025 : Chaire d'Excellence France-Nokia (TIC) - Institut fran\u00e7ais","og_description":"Bourse de mobilit\u00e9 pour les chercheurs fran\u00e7ais en technologies de l'information et de la communication","og_url":"https:\/\/www.france.fi\/fr\/sciences-et-universites\/appel-a-candidatures-2025-chaire-dexcellence-france-nokia-tic\/","og_site_name":"Institut fran\u00e7ais","article_publisher":"https:\/\/www.facebook.com\/institutfrancaisfi","article_published_time":"2024-11-27T08:45:03+00:00","article_modified_time":"2025-04-22T07:52:14+00:00","og_image":[{"width":1280,"height":720,"url":"https:\/\/www.france.fi\/wp-content\/uploads\/2024\/11\/France-Nokia-2024-site-internet-newsletter-1098x617.jpg","type":"image\/jpeg"}],"author":"Equipe IFF","twitter_card":"summary_large_image","twitter_creator":"@IFFinlande","twitter_site":"@IFFinlande","twitter_misc":{"\u00c9crit par":"Equipe IFF","Dur\u00e9e de lecture estim\u00e9e":"3 minutes"},"schema":{"@context":"https:\/\/schema.org","@graph":[{"@type":"Article","@id":"https:\/\/www.france.fi\/fr\/sciences-et-universites\/appel-a-candidatures-2025-chaire-dexcellence-france-nokia-tic\/#article","isPartOf":{"@id":"https:\/\/www.france.fi\/fr\/sciences-et-universites\/appel-a-candidatures-2025-chaire-dexcellence-france-nokia-tic\/"},"author":{"name":"Equipe IFF","@id":"https:\/\/www.france.fi\/#\/schema\/person\/ed873f29db1d0af6a3600d15d3b65bfd"},"headline":"Appel \u00e0 candidatures 2025 : Chaire d&rsquo;Excellence France-Nokia (TIC)","datePublished":"2024-11-27T08:45:03+00:00","dateModified":"2025-04-22T07:52:14+00:00","mainEntityOfPage":{"@id":"https:\/\/www.france.fi\/fr\/sciences-et-universites\/appel-a-candidatures-2025-chaire-dexcellence-france-nokia-tic\/"},"wordCount":511,"publisher":{"@id":"https:\/\/www.france.fi\/#organization"},"image":{"@id":"https:\/\/www.france.fi\/fr\/sciences-et-universites\/appel-a-candidatures-2025-chaire-dexcellence-france-nokia-tic\/#primaryimage"},"thumbnailUrl":"https:\/\/www.france.fi\/wp-content\/uploads\/2024\/11\/France-Nokia-2024-site-internet-newsletter-1098x617.jpg","articleSection":["Sciences et universit\u00e9s","Programmes &amp; bourses"],"inLanguage":"fr-FR"},{"@type":"WebPage","@id":"https:\/\/www.france.fi\/fr\/sciences-et-universites\/appel-a-candidatures-2025-chaire-dexcellence-france-nokia-tic\/","url":"https:\/\/www.france.fi\/fr\/sciences-et-universites\/appel-a-candidatures-2025-chaire-dexcellence-france-nokia-tic\/","name":"Appel \u00e0 candidatures 2025 : Chaire d'Excellence France-Nokia (TIC) - Institut fran\u00e7ais","isPartOf":{"@id":"https:\/\/www.france.fi\/#website"},"primaryImageOfPage":{"@id":"https:\/\/www.france.fi\/fr\/sciences-et-universites\/appel-a-candidatures-2025-chaire-dexcellence-france-nokia-tic\/#primaryimage"},"image":{"@id":"https:\/\/www.france.fi\/fr\/sciences-et-universites\/appel-a-candidatures-2025-chaire-dexcellence-france-nokia-tic\/#primaryimage"},"thumbnailUrl":"https:\/\/www.france.fi\/wp-content\/uploads\/2024\/11\/France-Nokia-2024-site-internet-newsletter-1098x617.jpg","datePublished":"2024-11-27T08:45:03+00:00","dateModified":"2025-04-22T07:52:14+00:00","breadcrumb":{"@id":"https:\/\/www.france.fi\/fr\/sciences-et-universites\/appel-a-candidatures-2025-chaire-dexcellence-france-nokia-tic\/#breadcrumb"},"inLanguage":"fr-FR","potentialAction":[{"@type":"ReadAction","target":["https:\/\/www.france.fi\/fr\/sciences-et-universites\/appel-a-candidatures-2025-chaire-dexcellence-france-nokia-tic\/"]}]},{"@type":"ImageObject","inLanguage":"fr-FR","@id":"https:\/\/www.france.fi\/fr\/sciences-et-universites\/appel-a-candidatures-2025-chaire-dexcellence-france-nokia-tic\/#primaryimage","url":"https:\/\/www.france.fi\/wp-content\/uploads\/2024\/11\/France-Nokia-2024-site-internet-newsletter-1098x617.jpg","contentUrl":"https:\/\/www.france.fi\/wp-content\/uploads\/2024\/11\/France-Nokia-2024-site-internet-newsletter-1098x617.jpg","width":1280,"height":720},{"@type":"BreadcrumbList","@id":"https:\/\/www.france.fi\/fr\/sciences-et-universites\/appel-a-candidatures-2025-chaire-dexcellence-france-nokia-tic\/#breadcrumb","itemListElement":[{"@type":"ListItem","position":1,"name":"Home","item":"https:\/\/www.france.fi\/fr\/"},{"@type":"ListItem","position":2,"name":"Sciences et universit\u00e9s","item":"https:\/\/www.france.fi\/fr\/category\/sciences-et-universites\/"},{"@type":"ListItem","position":3,"name":"Appel \u00e0 candidatures 2025 : Chaire d&rsquo;Excellence France-Nokia (TIC)"}]},{"@type":"WebSite","@id":"https:\/\/www.france.fi\/#website","url":"https:\/\/www.france.fi\/","name":"Institut fran\u00e7ais de Finlande","description":"","publisher":{"@id":"https:\/\/www.france.fi\/#organization"},"potentialAction":[{"@type":"SearchAction","target":{"@type":"EntryPoint","urlTemplate":"https:\/\/www.france.fi\/?s={search_term_string}"},"query-input":{"@type":"PropertyValueSpecification","valueRequired":true,"valueName":"search_term_string"}}],"inLanguage":"fr-FR"},{"@type":"Organization","@id":"https:\/\/www.france.fi\/#organization","name":"Institut fran\u00e7ais de Finlande","url":"https:\/\/www.france.fi\/","logo":{"@type":"ImageObject","inLanguage":"fr-FR","@id":"https:\/\/www.france.fi\/#\/schema\/logo\/image\/","url":"https:\/\/www.france.fi\/wp-content\/uploads\/2024\/02\/if-logo-1.png","contentUrl":"https:\/\/www.france.fi\/wp-content\/uploads\/2024\/02\/if-logo-1.png","width":687,"height":459,"caption":"Institut fran\u00e7ais de Finlande"},"image":{"@id":"https:\/\/www.france.fi\/#\/schema\/logo\/image\/"},"sameAs":["https:\/\/www.facebook.com\/institutfrancaisfi","https:\/\/x.com\/IFFinlande","https:\/\/www.instagram.com\/iffinlande\/","https:\/\/fr.linkedin.com\/organization-guest\/company\/institut-fran-ais-de-finlande","https:\/\/www.youtube.com\/channel\/UCHAitdpmSbeP78eL49XMotA"]},{"@type":"Person","@id":"https:\/\/www.france.fi\/#\/schema\/person\/ed873f29db1d0af6a3600d15d3b65bfd","name":"Equipe IFF","image":{"@type":"ImageObject","inLanguage":"fr-FR","@id":"https:\/\/secure.gravatar.com\/avatar\/3c4ba80228d01014b25e45e90abb28ce315a02c6572751a7fb2298e4274989fc?s=96&d=mm&r=g","url":"https:\/\/secure.gravatar.com\/avatar\/3c4ba80228d01014b25e45e90abb28ce315a02c6572751a7fb2298e4274989fc?s=96&d=mm&r=g","contentUrl":"https:\/\/secure.gravatar.com\/avatar\/3c4ba80228d01014b25e45e90abb28ce315a02c6572751a7fb2298e4274989fc?s=96&d=mm&r=g","caption":"Equipe IFF"},"url":"https:\/\/www.france.fi\/fr\/author\/iffadmin\/"}]}},"_links":{"self":[{"href":"https:\/\/www.france.fi\/fr\/wp-json\/wp\/v2\/posts\/18550","targetHints":{"allow":["GET"]}}],"collection":[{"href":"https:\/\/www.france.fi\/fr\/wp-json\/wp\/v2\/posts"}],"about":[{"href":"https:\/\/www.france.fi\/fr\/wp-json\/wp\/v2\/types\/post"}],"author":[{"embeddable":true,"href":"https:\/\/www.france.fi\/fr\/wp-json\/wp\/v2\/users\/2"}],"replies":[{"embeddable":true,"href":"https:\/\/www.france.fi\/fr\/wp-json\/wp\/v2\/comments?post=18550"}],"version-history":[{"count":0,"href":"https:\/\/www.france.fi\/fr\/wp-json\/wp\/v2\/posts\/18550\/revisions"}],"wp:featuredmedia":[{"embeddable":true,"href":"https:\/\/www.france.fi\/fr\/wp-json\/wp\/v2\/media\/18554"}],"wp:attachment":[{"href":"https:\/\/www.france.fi\/fr\/wp-json\/wp\/v2\/media?parent=18550"}],"wp:term":[{"taxonomy":"category","embeddable":true,"href":"https:\/\/www.france.fi\/fr\/wp-json\/wp\/v2\/categories?post=18550"},{"taxonomy":"post_tag","embeddable":true,"href":"https:\/\/www.france.fi\/fr\/wp-json\/wp\/v2\/tags?post=18550"}],"curies":[{"name":"wp","href":"https:\/\/api.w.org\/{rel}","templated":true}]}}