{"id":18601,"date":"2024-11-28T12:02:36","date_gmt":"2024-11-28T10:02:36","guid":{"rendered":"https:\/\/www.france.fi\/?p=18601"},"modified":"2025-01-10T14:20:56","modified_gmt":"2025-01-10T12:20:56","slug":"louis-braille-200-ans-dheritage","status":"publish","type":"post","link":"https:\/\/www.france.fi\/fr\/sciences-et-universites\/louis-braille-200-ans-dheritage\/","title":{"rendered":"Louis Braille : 200 ans d\u2019h\u00e9ritage"},"content":{"rendered":"<p>\u00c0 l\u2019occasion de la <a href=\"https:\/\/www.tieteidenyo.fi\/en\" target=\"_blank\" rel=\"noopener\">Nuit de la Science 2025<\/a>, l\u2019Institut fran\u00e7ais de Finlande organise une soir\u00e9e d\u00e9couverte pour marquer les 200 ans de de l\u2019\u00e9criture braille. Pendant l\u2019\u00e9v\u00e9nement, nous parcourrons la vie de son cr\u00e9ateur, Louis Braille, l\u2019invention elle-m\u00eame, ainsi que le r\u00f4le du braille dans l\u2019inclusion sociale des personnes malvoyantes et aveugles.<\/p>\n<p>L\u2019\u00e9v\u00e9nement est compos\u00e9 de plusieurs parties qui abordent la th\u00e9matique des perspectives scientifique, soci\u00e9tale et artistique\u00a0:<\/p>\n<p><strong>Projection de \u00ab\u00a0Louis Braille, un g\u00e9nie 6.0\u00a0\u00bb\u00a0:<\/strong> ce documentaire r\u00e9alis\u00e9 par H\u00e9l\u00e8ne Jousse sera projet\u00e9 puis comment\u00e9 par la r\u00e9alisatrice. \u00c9galement auteure du roman\u00a0\u00ab\u00a0<a href=\"https:\/\/www.babelio.com\/livres\/Jousse-Les-mains-de-Louis-Braille\/1105042\" target=\"_blank\" rel=\"noopener\">Les mains de Louis Braille \u00a0\u00bb<\/a>, elle partagera sa compr\u00e9hension de cette invention et de son h\u00e9ritage.<\/p>\n<p><strong>Le handicap dans la recherche contemporaine\u00a0:<\/strong> nous accueillerons la professeure Hisayo Katsui de l\u2019Universit\u00e9 de Helsinki, qui pr\u00e9sentera ses recherches sur le handicap, les droits des personnes en situation de handicap, et le r\u00f4le qu\u2019elles peuvent jouer dans la transformation de la soci\u00e9t\u00e9.<\/p>\n<p><strong>Rencontre &#8211; Vivre le handicap\u00a0: <\/strong>nous rencontrerons \u00e9galement Tiina Borgman et Susanna Halme, deux \u00e9tudiantes malvoyantes de l\u2019Universit\u00e9 de Helsinki. Elles nous parleront de leur handicap et des ressources qu\u2019elles ont d\u00e9velopp\u00e9es pour y faire face.<\/p>\n<p><strong>Le braille et l\u2019art\u00a0:<\/strong> l\u2019artiste fran\u00e7ais sp\u00e9cialis\u00e9 dans le graffiti en braille, \u00ab The Blind \u00bb, racontera son travail con\u00e7u pour rendre l\u2019art accessible aux personnes aveugles.<\/p>\n<p>L\u2019\u00e9v\u00e9nement sera suivi par un moment de partage convivial, accompagn\u00e9 de vin et de fromage. La soir\u00e9e aura lieu <strong>en anglais et en fran\u00e7ais.<\/strong> Le lieu est accessible pour tous.<\/p>\n<p>Si vous souhaitez\u00a0<strong>assister \u00e0 l\u2019\u00e9v\u00e9nement sur place<\/strong>, veuillez vous inscrire via le lien ci-dessous. Si vous pr\u00e9f\u00e9rez\u00a0<strong>participer en ligne<\/strong>, vous n\u2019avez pas besoin de vous inscrire ; <strong><a href=\"https:\/\/teams.microsoft.com\/l\/meetup-join\/19%3ameeting_NWU2M2JjMTUtYTBmZC00MmI0LWE1NjMtOTE0MTkwZGZlN2Jj%40thread.v2\/0?context=%7b%22Tid%22%3a%22ff5b7e8f-3178-4bc8-8e6f-8476339e9320%22%2c%22Oid%22%3a%220c77ccde-a152-4075-a15a-ff7874d40903%22%7d\" target=\"_blank\" rel=\"noopener\">vous pourrez vous connecter avec ce lien<\/a><\/strong>.<\/p>\n<h5><strong>Programme de l\u2019\u00e9v\u00e9nement <\/strong><\/h5>\n<ul>\n<li><strong>17h00<\/strong> &#8211; Discours de bienvenue<\/li>\n<li><strong>17h05<\/strong> &#8211; Projection du documentaire \u00ab Louis Braille, un g\u00e9nie 6.0 \u00bb &#8211; <em>En fran\u00e7ais avec sous-titres en anglais<\/em><\/li>\n<li><strong>17h30<\/strong> &#8211; Commentaire d&rsquo;H\u00e9l\u00e8ne Jousse, r\u00e9alisatrice du documentaire et autrice du roman \u00ab Les mains de Louis Braille \u00bb &#8211; <em>En fran\u00e7ais (et un peu en anglais)<\/em><\/li>\n<li><strong>18h00<\/strong> \u2013 Regard scientifique : le bonheur, le mouvement des droits des personnes en situation de handicap et leur place en tant qu&rsquo;agents du changement, par Hisayo Katsui, professeur d&rsquo;\u00e9tudes sur le handicap \u00e0 l&rsquo;universit\u00e9 d&rsquo;Helsinki &#8211; <em>En anglais<\/em><\/li>\n<li><strong>18h20<\/strong> &#8211; Perspectives de deux \u00e9tudiantes malvoyantes, Tiina Borgman et Susanna Halme de l&rsquo;universit\u00e9 d&rsquo;Helsinki &#8211; <em>En anglais<\/em><\/li>\n<li><strong>18h40<\/strong> &#8211; Graffiti pour les personnes ayant une d\u00e9ficience visuelle, par l&rsquo;artiste The Blind (Jean-Charles Souliman) &#8211; <em>En fran\u00e7ais (et un peu en anglais)<\/em><\/li>\n<li><strong>19h00<\/strong> &#8211; R\u00e9ception vin et fromage<\/li>\n<\/ul>\n<p><strong><a href=\"https:\/\/www.france.fi\/wp-content\/uploads\/2024\/11\/Flyer-Nuit-de-la-Science-2025_9-janvier_Louis-Braille_Institut-francais_FR.pdf\" target=\"_blank\" rel=\"noopener\">\u21d2Programme en pdf<\/a><\/strong><\/p>\n","protected":false},"excerpt":{"rendered":"<p>Plongez dans l\u2019histoire de Louis Braille et de son syst\u00e8me d\u2019\u00e9criture qui a transform\u00e9 la vie des personnes malvoyantes et aveugles.<\/p>\n","protected":false},"author":2,"featured_media":18605,"comment_status":"closed","ping_status":"open","sticky":false,"template":"","format":"standard","meta":{"footnotes":""},"categories":[4],"tags":[],"class_list":["post-18601","post","type-post","status-publish","format-standard","has-post-thumbnail","hentry","category-sciences-et-universites"],"yoast_head":"<!-- This site is optimized with the Yoast SEO plugin v27.4 - https:\/\/yoast.com\/product\/yoast-seo-wordpress\/ -->\n<title>Louis Braille : 200 ans d\u2019h\u00e9ritage - Institut fran\u00e7ais<\/title>\n<meta name=\"robots\" content=\"index, follow, max-snippet:-1, max-image-preview:large, max-video-preview:-1\" \/>\n<link rel=\"canonical\" href=\"https:\/\/www.france.fi\/fr\/sciences-et-universites\/louis-braille-200-ans-dheritage\/\" \/>\n<meta property=\"og:locale\" content=\"fr_FR\" \/>\n<meta property=\"og:type\" content=\"article\" \/>\n<meta property=\"og:title\" content=\"Louis Braille : 200 ans d\u2019h\u00e9ritage - Institut fran\u00e7ais\" \/>\n<meta property=\"og:description\" content=\"Plongez dans l\u2019histoire de Louis Braille et de son syst\u00e8me d\u2019\u00e9criture qui a transform\u00e9 la vie des personnes malvoyantes et aveugles.\" \/>\n<meta property=\"og:url\" content=\"https:\/\/www.france.fi\/fr\/sciences-et-universites\/louis-braille-200-ans-dheritage\/\" \/>\n<meta property=\"og:site_name\" content=\"Institut fran\u00e7ais\" \/>\n<meta property=\"article:publisher\" content=\"https:\/\/www.facebook.com\/institutfrancaisfi\" \/>\n<meta property=\"article:published_time\" content=\"2024-11-28T10:02:36+00:00\" \/>\n<meta property=\"article:modified_time\" content=\"2025-01-10T12:20:56+00:00\" \/>\n<meta property=\"og:image\" content=\"https:\/\/www.france.fi\/wp-content\/uploads\/2024\/11\/Site-web-1098x617.jpg\" \/>\n\t<meta property=\"og:image:width\" content=\"1280\" \/>\n\t<meta property=\"og:image:height\" content=\"720\" \/>\n\t<meta property=\"og:image:type\" content=\"image\/jpeg\" \/>\n<meta name=\"author\" content=\"Equipe IFF\" \/>\n<meta name=\"twitter:card\" content=\"summary_large_image\" \/>\n<meta name=\"twitter:creator\" content=\"@IFFinlande\" \/>\n<meta name=\"twitter:site\" content=\"@IFFinlande\" \/>\n<meta name=\"twitter:label1\" content=\"\u00c9crit par\" \/>\n\t<meta name=\"twitter:data1\" content=\"Equipe IFF\" \/>\n\t<meta name=\"twitter:label2\" content=\"Dur\u00e9e de lecture estim\u00e9e\" \/>\n\t<meta name=\"twitter:data2\" content=\"3 minutes\" \/>\n<script type=\"application\/ld+json\" class=\"yoast-schema-graph\">{\"@context\":\"https:\\\/\\\/schema.org\",\"@graph\":[{\"@type\":\"Article\",\"@id\":\"https:\\\/\\\/www.france.fi\\\/fr\\\/sciences-et-universites\\\/louis-braille-200-ans-dheritage\\\/#article\",\"isPartOf\":{\"@id\":\"https:\\\/\\\/www.france.fi\\\/fr\\\/sciences-et-universites\\\/louis-braille-200-ans-dheritage\\\/\"},\"author\":{\"name\":\"Equipe IFF\",\"@id\":\"https:\\\/\\\/www.france.fi\\\/#\\\/schema\\\/person\\\/ed873f29db1d0af6a3600d15d3b65bfd\"},\"headline\":\"Louis Braille : 200 ans d\u2019h\u00e9ritage\",\"datePublished\":\"2024-11-28T10:02:36+00:00\",\"dateModified\":\"2025-01-10T12:20:56+00:00\",\"mainEntityOfPage\":{\"@id\":\"https:\\\/\\\/www.france.fi\\\/fr\\\/sciences-et-universites\\\/louis-braille-200-ans-dheritage\\\/\"},\"wordCount\":482,\"publisher\":{\"@id\":\"https:\\\/\\\/www.france.fi\\\/#organization\"},\"image\":{\"@id\":\"https:\\\/\\\/www.france.fi\\\/fr\\\/sciences-et-universites\\\/louis-braille-200-ans-dheritage\\\/#primaryimage\"},\"thumbnailUrl\":\"https:\\\/\\\/www.france.fi\\\/wp-content\\\/uploads\\\/2024\\\/11\\\/Site-web-1098x617.jpg\",\"articleSection\":[\"Sciences et universit\u00e9s\"],\"inLanguage\":\"fr-FR\"},{\"@type\":\"WebPage\",\"@id\":\"https:\\\/\\\/www.france.fi\\\/fr\\\/sciences-et-universites\\\/louis-braille-200-ans-dheritage\\\/\",\"url\":\"https:\\\/\\\/www.france.fi\\\/fr\\\/sciences-et-universites\\\/louis-braille-200-ans-dheritage\\\/\",\"name\":\"Louis Braille : 200 ans d\u2019h\u00e9ritage - Institut fran\u00e7ais\",\"isPartOf\":{\"@id\":\"https:\\\/\\\/www.france.fi\\\/#website\"},\"primaryImageOfPage\":{\"@id\":\"https:\\\/\\\/www.france.fi\\\/fr\\\/sciences-et-universites\\\/louis-braille-200-ans-dheritage\\\/#primaryimage\"},\"image\":{\"@id\":\"https:\\\/\\\/www.france.fi\\\/fr\\\/sciences-et-universites\\\/louis-braille-200-ans-dheritage\\\/#primaryimage\"},\"thumbnailUrl\":\"https:\\\/\\\/www.france.fi\\\/wp-content\\\/uploads\\\/2024\\\/11\\\/Site-web-1098x617.jpg\",\"datePublished\":\"2024-11-28T10:02:36+00:00\",\"dateModified\":\"2025-01-10T12:20:56+00:00\",\"breadcrumb\":{\"@id\":\"https:\\\/\\\/www.france.fi\\\/fr\\\/sciences-et-universites\\\/louis-braille-200-ans-dheritage\\\/#breadcrumb\"},\"inLanguage\":\"fr-FR\",\"potentialAction\":[{\"@type\":\"ReadAction\",\"target\":[\"https:\\\/\\\/www.france.fi\\\/fr\\\/sciences-et-universites\\\/louis-braille-200-ans-dheritage\\\/\"]}]},{\"@type\":\"ImageObject\",\"inLanguage\":\"fr-FR\",\"@id\":\"https:\\\/\\\/www.france.fi\\\/fr\\\/sciences-et-universites\\\/louis-braille-200-ans-dheritage\\\/#primaryimage\",\"url\":\"https:\\\/\\\/www.france.fi\\\/wp-content\\\/uploads\\\/2024\\\/11\\\/Site-web-1098x617.jpg\",\"contentUrl\":\"https:\\\/\\\/www.france.fi\\\/wp-content\\\/uploads\\\/2024\\\/11\\\/Site-web-1098x617.jpg\",\"width\":1280,\"height\":720},{\"@type\":\"BreadcrumbList\",\"@id\":\"https:\\\/\\\/www.france.fi\\\/fr\\\/sciences-et-universites\\\/louis-braille-200-ans-dheritage\\\/#breadcrumb\",\"itemListElement\":[{\"@type\":\"ListItem\",\"position\":1,\"name\":\"Home\",\"item\":\"https:\\\/\\\/www.france.fi\\\/fr\\\/\"},{\"@type\":\"ListItem\",\"position\":2,\"name\":\"Sciences et universit\u00e9s\",\"item\":\"https:\\\/\\\/www.france.fi\\\/fr\\\/category\\\/sciences-et-universites\\\/\"},{\"@type\":\"ListItem\",\"position\":3,\"name\":\"Louis Braille : 200 ans d\u2019h\u00e9ritage\"}]},{\"@type\":\"WebSite\",\"@id\":\"https:\\\/\\\/www.france.fi\\\/#website\",\"url\":\"https:\\\/\\\/www.france.fi\\\/\",\"name\":\"Institut fran\u00e7ais de Finlande\",\"description\":\"\",\"publisher\":{\"@id\":\"https:\\\/\\\/www.france.fi\\\/#organization\"},\"potentialAction\":[{\"@type\":\"SearchAction\",\"target\":{\"@type\":\"EntryPoint\",\"urlTemplate\":\"https:\\\/\\\/www.france.fi\\\/?s={search_term_string}\"},\"query-input\":{\"@type\":\"PropertyValueSpecification\",\"valueRequired\":true,\"valueName\":\"search_term_string\"}}],\"inLanguage\":\"fr-FR\"},{\"@type\":\"Organization\",\"@id\":\"https:\\\/\\\/www.france.fi\\\/#organization\",\"name\":\"Institut fran\u00e7ais de Finlande\",\"url\":\"https:\\\/\\\/www.france.fi\\\/\",\"logo\":{\"@type\":\"ImageObject\",\"inLanguage\":\"fr-FR\",\"@id\":\"https:\\\/\\\/www.france.fi\\\/#\\\/schema\\\/logo\\\/image\\\/\",\"url\":\"https:\\\/\\\/www.france.fi\\\/wp-content\\\/uploads\\\/2024\\\/02\\\/if-logo-1.png\",\"contentUrl\":\"https:\\\/\\\/www.france.fi\\\/wp-content\\\/uploads\\\/2024\\\/02\\\/if-logo-1.png\",\"width\":687,\"height\":459,\"caption\":\"Institut fran\u00e7ais de Finlande\"},\"image\":{\"@id\":\"https:\\\/\\\/www.france.fi\\\/#\\\/schema\\\/logo\\\/image\\\/\"},\"sameAs\":[\"https:\\\/\\\/www.facebook.com\\\/institutfrancaisfi\",\"https:\\\/\\\/x.com\\\/IFFinlande\",\"https:\\\/\\\/www.instagram.com\\\/iffinlande\\\/\",\"https:\\\/\\\/fr.linkedin.com\\\/organization-guest\\\/company\\\/institut-fran-ais-de-finlande\",\"https:\\\/\\\/www.youtube.com\\\/channel\\\/UCHAitdpmSbeP78eL49XMotA\"]},{\"@type\":\"Person\",\"@id\":\"https:\\\/\\\/www.france.fi\\\/#\\\/schema\\\/person\\\/ed873f29db1d0af6a3600d15d3b65bfd\",\"name\":\"Equipe IFF\",\"image\":{\"@type\":\"ImageObject\",\"inLanguage\":\"fr-FR\",\"@id\":\"https:\\\/\\\/secure.gravatar.com\\\/avatar\\\/3c4ba80228d01014b25e45e90abb28ce315a02c6572751a7fb2298e4274989fc?s=96&d=mm&r=g\",\"url\":\"https:\\\/\\\/secure.gravatar.com\\\/avatar\\\/3c4ba80228d01014b25e45e90abb28ce315a02c6572751a7fb2298e4274989fc?s=96&d=mm&r=g\",\"contentUrl\":\"https:\\\/\\\/secure.gravatar.com\\\/avatar\\\/3c4ba80228d01014b25e45e90abb28ce315a02c6572751a7fb2298e4274989fc?s=96&d=mm&r=g\",\"caption\":\"Equipe IFF\"},\"url\":\"https:\\\/\\\/www.france.fi\\\/fr\\\/author\\\/iffadmin\\\/\"}]}<\/script>\n<!-- \/ Yoast SEO plugin. -->","yoast_head_json":{"title":"Louis Braille : 200 ans d\u2019h\u00e9ritage - Institut fran\u00e7ais","robots":{"index":"index","follow":"follow","max-snippet":"max-snippet:-1","max-image-preview":"max-image-preview:large","max-video-preview":"max-video-preview:-1"},"canonical":"https:\/\/www.france.fi\/fr\/sciences-et-universites\/louis-braille-200-ans-dheritage\/","og_locale":"fr_FR","og_type":"article","og_title":"Louis Braille : 200 ans d\u2019h\u00e9ritage - Institut fran\u00e7ais","og_description":"Plongez dans l\u2019histoire de Louis Braille et de son syst\u00e8me d\u2019\u00e9criture qui a transform\u00e9 la vie des personnes malvoyantes et aveugles.","og_url":"https:\/\/www.france.fi\/fr\/sciences-et-universites\/louis-braille-200-ans-dheritage\/","og_site_name":"Institut fran\u00e7ais","article_publisher":"https:\/\/www.facebook.com\/institutfrancaisfi","article_published_time":"2024-11-28T10:02:36+00:00","article_modified_time":"2025-01-10T12:20:56+00:00","og_image":[{"width":1280,"height":720,"url":"https:\/\/www.france.fi\/wp-content\/uploads\/2024\/11\/Site-web-1098x617.jpg","type":"image\/jpeg"}],"author":"Equipe IFF","twitter_card":"summary_large_image","twitter_creator":"@IFFinlande","twitter_site":"@IFFinlande","twitter_misc":{"\u00c9crit par":"Equipe IFF","Dur\u00e9e de lecture estim\u00e9e":"3 minutes"},"schema":{"@context":"https:\/\/schema.org","@graph":[{"@type":"Article","@id":"https:\/\/www.france.fi\/fr\/sciences-et-universites\/louis-braille-200-ans-dheritage\/#article","isPartOf":{"@id":"https:\/\/www.france.fi\/fr\/sciences-et-universites\/louis-braille-200-ans-dheritage\/"},"author":{"name":"Equipe IFF","@id":"https:\/\/www.france.fi\/#\/schema\/person\/ed873f29db1d0af6a3600d15d3b65bfd"},"headline":"Louis Braille : 200 ans d\u2019h\u00e9ritage","datePublished":"2024-11-28T10:02:36+00:00","dateModified":"2025-01-10T12:20:56+00:00","mainEntityOfPage":{"@id":"https:\/\/www.france.fi\/fr\/sciences-et-universites\/louis-braille-200-ans-dheritage\/"},"wordCount":482,"publisher":{"@id":"https:\/\/www.france.fi\/#organization"},"image":{"@id":"https:\/\/www.france.fi\/fr\/sciences-et-universites\/louis-braille-200-ans-dheritage\/#primaryimage"},"thumbnailUrl":"https:\/\/www.france.fi\/wp-content\/uploads\/2024\/11\/Site-web-1098x617.jpg","articleSection":["Sciences et universit\u00e9s"],"inLanguage":"fr-FR"},{"@type":"WebPage","@id":"https:\/\/www.france.fi\/fr\/sciences-et-universites\/louis-braille-200-ans-dheritage\/","url":"https:\/\/www.france.fi\/fr\/sciences-et-universites\/louis-braille-200-ans-dheritage\/","name":"Louis Braille : 200 ans d\u2019h\u00e9ritage - Institut fran\u00e7ais","isPartOf":{"@id":"https:\/\/www.france.fi\/#website"},"primaryImageOfPage":{"@id":"https:\/\/www.france.fi\/fr\/sciences-et-universites\/louis-braille-200-ans-dheritage\/#primaryimage"},"image":{"@id":"https:\/\/www.france.fi\/fr\/sciences-et-universites\/louis-braille-200-ans-dheritage\/#primaryimage"},"thumbnailUrl":"https:\/\/www.france.fi\/wp-content\/uploads\/2024\/11\/Site-web-1098x617.jpg","datePublished":"2024-11-28T10:02:36+00:00","dateModified":"2025-01-10T12:20:56+00:00","breadcrumb":{"@id":"https:\/\/www.france.fi\/fr\/sciences-et-universites\/louis-braille-200-ans-dheritage\/#breadcrumb"},"inLanguage":"fr-FR","potentialAction":[{"@type":"ReadAction","target":["https:\/\/www.france.fi\/fr\/sciences-et-universites\/louis-braille-200-ans-dheritage\/"]}]},{"@type":"ImageObject","inLanguage":"fr-FR","@id":"https:\/\/www.france.fi\/fr\/sciences-et-universites\/louis-braille-200-ans-dheritage\/#primaryimage","url":"https:\/\/www.france.fi\/wp-content\/uploads\/2024\/11\/Site-web-1098x617.jpg","contentUrl":"https:\/\/www.france.fi\/wp-content\/uploads\/2024\/11\/Site-web-1098x617.jpg","width":1280,"height":720},{"@type":"BreadcrumbList","@id":"https:\/\/www.france.fi\/fr\/sciences-et-universites\/louis-braille-200-ans-dheritage\/#breadcrumb","itemListElement":[{"@type":"ListItem","position":1,"name":"Home","item":"https:\/\/www.france.fi\/fr\/"},{"@type":"ListItem","position":2,"name":"Sciences et universit\u00e9s","item":"https:\/\/www.france.fi\/fr\/category\/sciences-et-universites\/"},{"@type":"ListItem","position":3,"name":"Louis Braille : 200 ans d\u2019h\u00e9ritage"}]},{"@type":"WebSite","@id":"https:\/\/www.france.fi\/#website","url":"https:\/\/www.france.fi\/","name":"Institut fran\u00e7ais de Finlande","description":"","publisher":{"@id":"https:\/\/www.france.fi\/#organization"},"potentialAction":[{"@type":"SearchAction","target":{"@type":"EntryPoint","urlTemplate":"https:\/\/www.france.fi\/?s={search_term_string}"},"query-input":{"@type":"PropertyValueSpecification","valueRequired":true,"valueName":"search_term_string"}}],"inLanguage":"fr-FR"},{"@type":"Organization","@id":"https:\/\/www.france.fi\/#organization","name":"Institut fran\u00e7ais de Finlande","url":"https:\/\/www.france.fi\/","logo":{"@type":"ImageObject","inLanguage":"fr-FR","@id":"https:\/\/www.france.fi\/#\/schema\/logo\/image\/","url":"https:\/\/www.france.fi\/wp-content\/uploads\/2024\/02\/if-logo-1.png","contentUrl":"https:\/\/www.france.fi\/wp-content\/uploads\/2024\/02\/if-logo-1.png","width":687,"height":459,"caption":"Institut fran\u00e7ais de Finlande"},"image":{"@id":"https:\/\/www.france.fi\/#\/schema\/logo\/image\/"},"sameAs":["https:\/\/www.facebook.com\/institutfrancaisfi","https:\/\/x.com\/IFFinlande","https:\/\/www.instagram.com\/iffinlande\/","https:\/\/fr.linkedin.com\/organization-guest\/company\/institut-fran-ais-de-finlande","https:\/\/www.youtube.com\/channel\/UCHAitdpmSbeP78eL49XMotA"]},{"@type":"Person","@id":"https:\/\/www.france.fi\/#\/schema\/person\/ed873f29db1d0af6a3600d15d3b65bfd","name":"Equipe IFF","image":{"@type":"ImageObject","inLanguage":"fr-FR","@id":"https:\/\/secure.gravatar.com\/avatar\/3c4ba80228d01014b25e45e90abb28ce315a02c6572751a7fb2298e4274989fc?s=96&d=mm&r=g","url":"https:\/\/secure.gravatar.com\/avatar\/3c4ba80228d01014b25e45e90abb28ce315a02c6572751a7fb2298e4274989fc?s=96&d=mm&r=g","contentUrl":"https:\/\/secure.gravatar.com\/avatar\/3c4ba80228d01014b25e45e90abb28ce315a02c6572751a7fb2298e4274989fc?s=96&d=mm&r=g","caption":"Equipe IFF"},"url":"https:\/\/www.france.fi\/fr\/author\/iffadmin\/"}]}},"_links":{"self":[{"href":"https:\/\/www.france.fi\/fr\/wp-json\/wp\/v2\/posts\/18601","targetHints":{"allow":["GET"]}}],"collection":[{"href":"https:\/\/www.france.fi\/fr\/wp-json\/wp\/v2\/posts"}],"about":[{"href":"https:\/\/www.france.fi\/fr\/wp-json\/wp\/v2\/types\/post"}],"author":[{"embeddable":true,"href":"https:\/\/www.france.fi\/fr\/wp-json\/wp\/v2\/users\/2"}],"replies":[{"embeddable":true,"href":"https:\/\/www.france.fi\/fr\/wp-json\/wp\/v2\/comments?post=18601"}],"version-history":[{"count":0,"href":"https:\/\/www.france.fi\/fr\/wp-json\/wp\/v2\/posts\/18601\/revisions"}],"wp:featuredmedia":[{"embeddable":true,"href":"https:\/\/www.france.fi\/fr\/wp-json\/wp\/v2\/media\/18605"}],"wp:attachment":[{"href":"https:\/\/www.france.fi\/fr\/wp-json\/wp\/v2\/media?parent=18601"}],"wp:term":[{"taxonomy":"category","embeddable":true,"href":"https:\/\/www.france.fi\/fr\/wp-json\/wp\/v2\/categories?post=18601"},{"taxonomy":"post_tag","embeddable":true,"href":"https:\/\/www.france.fi\/fr\/wp-json\/wp\/v2\/tags?post=18601"}],"curies":[{"name":"wp","href":"https:\/\/api.w.org\/{rel}","templated":true}]}}