{"id":1863,"date":"2020-09-21T15:30:53","date_gmt":"2020-09-21T12:30:53","guid":{"rendered":"http:\/\/www.france.fi\/?p=1863"},"modified":"2020-10-02T12:27:38","modified_gmt":"2020-10-02T09:27:38","slug":"chloe-dufresne-dirige-lorchestre-symphonique-de-la-sibelius-academy","status":"publish","type":"post","link":"https:\/\/www.france.fi\/fr\/culture\/chloe-dufresne-dirige-lorchestre-symphonique-de-la-sibelius-academy\/","title":{"rendered":"Chlo\u00e9 Dufresne dirige l\u2019Orchestre Symphonique de la Sibelius Academy"},"content":{"rendered":"\n<p><span data-contrast=\"auto\">Les r\u00eaves, les espoirs\u00a0<\/span><span data-contrast=\"auto\">,<\/span><span data-contrast=\"auto\">\u00a0les souffrances\u00a0<\/span><span data-contrast=\"auto\">q<\/span><span data-contrast=\"auto\">ue\u00a0l\u2019on partage, ont de tout temps inspir\u00e9 les artistes.<\/span><span data-ccp-props=\"{&quot;201341983&quot;:0,&quot;335559739&quot;:160,&quot;335559740&quot;:259}\">\u00a0<\/span><\/p>\n<p><span data-contrast=\"auto\">Apr\u00e8s une longue interruption ce printemps, et c<\/span><span data-contrast=\"auto\">omme\u00a0<\/span><span data-contrast=\"auto\">en leur temps\u00a0<\/span><span data-contrast=\"auto\">Debussy et Mallarm\u00e9 \u00e0 Paris, Chostakovi<\/span><span data-contrast=\"auto\">t<\/span><span data-contrast=\"auto\">ch et Rostropovi<\/span><span data-contrast=\"auto\">t<\/span><span data-contrast=\"auto\">ch \u00e0 Moscou, Rachmaninov et\u00a0Ormandy\u00a0\u00e0 Philadelphie<\/span><span data-contrast=\"auto\">, les \u00e9tudiants de la Sibelius\u00a0Academy, c\u00e9l\u00e8brent\u00a0<\/span><span data-contrast=\"auto\">avec ce concert,\u00a0<\/span><span data-contrast=\"auto\">la puissance de la musique et de la da<\/span><span data-contrast=\"auto\">nse,\u00a0<\/span><span data-contrast=\"auto\">comme source d\u2019amiti\u00e9.\u00a0<\/span><span data-ccp-props=\"{&quot;201341983&quot;:0,&quot;335559739&quot;:160,&quot;335559740&quot;:259}\">\u00a0<\/span><\/p>\n<p><span data-contrast=\"auto\">Direction\u202f: Chlo\u00e9 Dufresne<\/span>\u00a0<br \/><span data-contrast=\"auto\">Orchestre symphonique de l\u2019Acad\u00e9mie Sibelius<\/span>\u00a0<br \/><span data-contrast=\"auto\">Requiem-kuoro<\/span>\u00a0<br \/><span data-contrast=\"auto\">Violoncelle\u202f: Leonardo\u00a0Chiodo<\/span><span data-ccp-props=\"{&quot;201341983&quot;:0,&quot;335559739&quot;:160,&quot;335559740&quot;:259}\">\u00a0<\/span><\/p>\n<p><span data-contrast=\"auto\">Programme\u00a0<\/span>\u00a0<br \/><span data-contrast=\"auto\">Debussy: Pr\u00e9lude \u00e0 l&rsquo;apr\u00e8s midi d&rsquo;un faune<\/span>\u00a0<br \/><span data-contrast=\"auto\">C<\/span><span data-contrast=\"auto\">hostakovi<\/span><span data-contrast=\"auto\">t<\/span><span data-contrast=\"auto\">ch: Cello concerto n. 1<\/span>\u00a0<br \/><span data-contrast=\"auto\">Rachmaninov:\u00a0<\/span><span data-contrast=\"auto\">D<\/span><span data-contrast=\"auto\">anses symphoniques<\/span><span data-ccp-props=\"{&quot;201341983&quot;:0,&quot;335559739&quot;:160,&quot;335559740&quot;:259}\">\u00a0<\/span><\/p>\n<p><span data-contrast=\"auto\">Tickets : 11,50 \/ 23\u00a0eur<\/span>\u00a0<br \/><a href=\"https:\/\/www.musiikkitalo.fi\/fi\/tapahtumat\/2020-09-29\/tribuutti-ystavyydelle\/?nodes=156\" target=\"_blank\" rel=\"noopener noreferrer\"><span data-contrast=\"none\">Information et r\u00e9servation ici<\/span><\/a><span data-ccp-props=\"{&quot;201341983&quot;:0,&quot;335559739&quot;:160,&quot;335559740&quot;:259}\">\u00a0<\/span><\/p>\n","protected":false},"excerpt":{"rendered":"<p>Debussy, Chostakovitch, Rachmaninov, ce concert dirig\u00e9 par Chlo\u00e9 Dufresne, est une ode \u00e0 la musique et \u00e0 l\u2019amiti\u00e9\u202f! <\/p>\n","protected":false},"author":2,"featured_media":1864,"comment_status":"closed","ping_status":"open","sticky":false,"template":"","format":"standard","meta":{"footnotes":""},"categories":[1],"tags":[],"class_list":["post-1863","post","type-post","status-publish","format-standard","has-post-thumbnail","hentry","category-culture"],"yoast_head":"<!-- This site is optimized with the Yoast SEO plugin v27.4 - https:\/\/yoast.com\/product\/yoast-seo-wordpress\/ -->\n<title>Chlo\u00e9 Dufresne dirige l\u2019Orchestre Symphonique de la Sibelius Academy - Institut fran\u00e7ais<\/title>\n<meta name=\"robots\" content=\"index, follow, max-snippet:-1, max-image-preview:large, max-video-preview:-1\" \/>\n<link rel=\"canonical\" href=\"https:\/\/www.france.fi\/fr\/culture\/chloe-dufresne-dirige-lorchestre-symphonique-de-la-sibelius-academy\/\" \/>\n<meta property=\"og:locale\" content=\"fr_FR\" \/>\n<meta property=\"og:type\" content=\"article\" \/>\n<meta property=\"og:title\" content=\"Chlo\u00e9 Dufresne dirige l\u2019Orchestre Symphonique de la Sibelius Academy - Institut fran\u00e7ais\" \/>\n<meta property=\"og:description\" content=\"Debussy, Chostakovitch, Rachmaninov, ce concert dirig\u00e9 par Chlo\u00e9 Dufresne, est une ode \u00e0 la musique et \u00e0 l\u2019amiti\u00e9\u202f!\" \/>\n<meta property=\"og:url\" content=\"https:\/\/www.france.fi\/fr\/culture\/chloe-dufresne-dirige-lorchestre-symphonique-de-la-sibelius-academy\/\" \/>\n<meta property=\"og:site_name\" content=\"Institut fran\u00e7ais\" \/>\n<meta property=\"article:publisher\" content=\"https:\/\/www.facebook.com\/institutfrancaisfi\" \/>\n<meta property=\"article:published_time\" content=\"2020-09-21T12:30:53+00:00\" \/>\n<meta property=\"article:modified_time\" content=\"2020-10-02T09:27:38+00:00\" \/>\n<meta property=\"og:image\" content=\"https:\/\/www.france.fi\/wp-content\/uploads\/2020\/09\/siba-verdi-requiem--1098x617.jpg\" \/>\n\t<meta property=\"og:image:width\" content=\"1280\" \/>\n\t<meta property=\"og:image:height\" content=\"720\" \/>\n\t<meta property=\"og:image:type\" content=\"image\/jpeg\" \/>\n<meta name=\"author\" content=\"Equipe IFF\" \/>\n<meta name=\"twitter:card\" content=\"summary_large_image\" \/>\n<meta name=\"twitter:creator\" content=\"@IFFinlande\" \/>\n<meta name=\"twitter:site\" content=\"@IFFinlande\" \/>\n<meta name=\"twitter:label1\" content=\"\u00c9crit par\" \/>\n\t<meta name=\"twitter:data1\" content=\"Equipe IFF\" \/>\n\t<meta name=\"twitter:label2\" content=\"Dur\u00e9e de lecture estim\u00e9e\" \/>\n\t<meta name=\"twitter:data2\" content=\"1 minute\" \/>\n<script type=\"application\/ld+json\" class=\"yoast-schema-graph\">{\"@context\":\"https:\\\/\\\/schema.org\",\"@graph\":[{\"@type\":\"Article\",\"@id\":\"https:\\\/\\\/www.france.fi\\\/fr\\\/culture\\\/chloe-dufresne-dirige-lorchestre-symphonique-de-la-sibelius-academy\\\/#article\",\"isPartOf\":{\"@id\":\"https:\\\/\\\/www.france.fi\\\/fr\\\/culture\\\/chloe-dufresne-dirige-lorchestre-symphonique-de-la-sibelius-academy\\\/\"},\"author\":{\"name\":\"Equipe IFF\",\"@id\":\"https:\\\/\\\/www.france.fi\\\/#\\\/schema\\\/person\\\/ed873f29db1d0af6a3600d15d3b65bfd\"},\"headline\":\"Chlo\u00e9 Dufresne dirige l\u2019Orchestre Symphonique de la Sibelius Academy\",\"datePublished\":\"2020-09-21T12:30:53+00:00\",\"dateModified\":\"2020-10-02T09:27:38+00:00\",\"mainEntityOfPage\":{\"@id\":\"https:\\\/\\\/www.france.fi\\\/fr\\\/culture\\\/chloe-dufresne-dirige-lorchestre-symphonique-de-la-sibelius-academy\\\/\"},\"wordCount\":127,\"publisher\":{\"@id\":\"https:\\\/\\\/www.france.fi\\\/#organization\"},\"image\":{\"@id\":\"https:\\\/\\\/www.france.fi\\\/fr\\\/culture\\\/chloe-dufresne-dirige-lorchestre-symphonique-de-la-sibelius-academy\\\/#primaryimage\"},\"thumbnailUrl\":\"https:\\\/\\\/www.france.fi\\\/wp-content\\\/uploads\\\/2020\\\/09\\\/siba-verdi-requiem--1098x617.jpg\",\"articleSection\":[\"Culture\"],\"inLanguage\":\"fr-FR\"},{\"@type\":\"WebPage\",\"@id\":\"https:\\\/\\\/www.france.fi\\\/fr\\\/culture\\\/chloe-dufresne-dirige-lorchestre-symphonique-de-la-sibelius-academy\\\/\",\"url\":\"https:\\\/\\\/www.france.fi\\\/fr\\\/culture\\\/chloe-dufresne-dirige-lorchestre-symphonique-de-la-sibelius-academy\\\/\",\"name\":\"Chlo\u00e9 Dufresne dirige l\u2019Orchestre Symphonique de la Sibelius Academy - Institut fran\u00e7ais\",\"isPartOf\":{\"@id\":\"https:\\\/\\\/www.france.fi\\\/#website\"},\"primaryImageOfPage\":{\"@id\":\"https:\\\/\\\/www.france.fi\\\/fr\\\/culture\\\/chloe-dufresne-dirige-lorchestre-symphonique-de-la-sibelius-academy\\\/#primaryimage\"},\"image\":{\"@id\":\"https:\\\/\\\/www.france.fi\\\/fr\\\/culture\\\/chloe-dufresne-dirige-lorchestre-symphonique-de-la-sibelius-academy\\\/#primaryimage\"},\"thumbnailUrl\":\"https:\\\/\\\/www.france.fi\\\/wp-content\\\/uploads\\\/2020\\\/09\\\/siba-verdi-requiem--1098x617.jpg\",\"datePublished\":\"2020-09-21T12:30:53+00:00\",\"dateModified\":\"2020-10-02T09:27:38+00:00\",\"breadcrumb\":{\"@id\":\"https:\\\/\\\/www.france.fi\\\/fr\\\/culture\\\/chloe-dufresne-dirige-lorchestre-symphonique-de-la-sibelius-academy\\\/#breadcrumb\"},\"inLanguage\":\"fr-FR\",\"potentialAction\":[{\"@type\":\"ReadAction\",\"target\":[\"https:\\\/\\\/www.france.fi\\\/fr\\\/culture\\\/chloe-dufresne-dirige-lorchestre-symphonique-de-la-sibelius-academy\\\/\"]}]},{\"@type\":\"ImageObject\",\"inLanguage\":\"fr-FR\",\"@id\":\"https:\\\/\\\/www.france.fi\\\/fr\\\/culture\\\/chloe-dufresne-dirige-lorchestre-symphonique-de-la-sibelius-academy\\\/#primaryimage\",\"url\":\"https:\\\/\\\/www.france.fi\\\/wp-content\\\/uploads\\\/2020\\\/09\\\/siba-verdi-requiem--1098x617.jpg\",\"contentUrl\":\"https:\\\/\\\/www.france.fi\\\/wp-content\\\/uploads\\\/2020\\\/09\\\/siba-verdi-requiem--1098x617.jpg\",\"width\":1280,\"height\":720},{\"@type\":\"BreadcrumbList\",\"@id\":\"https:\\\/\\\/www.france.fi\\\/fr\\\/culture\\\/chloe-dufresne-dirige-lorchestre-symphonique-de-la-sibelius-academy\\\/#breadcrumb\",\"itemListElement\":[{\"@type\":\"ListItem\",\"position\":1,\"name\":\"Home\",\"item\":\"https:\\\/\\\/www.france.fi\\\/fr\\\/\"},{\"@type\":\"ListItem\",\"position\":2,\"name\":\"Culture\",\"item\":\"https:\\\/\\\/www.france.fi\\\/fr\\\/category\\\/culture\\\/\"},{\"@type\":\"ListItem\",\"position\":3,\"name\":\"Chlo\u00e9 Dufresne dirige l\u2019Orchestre Symphonique de la Sibelius Academy\"}]},{\"@type\":\"WebSite\",\"@id\":\"https:\\\/\\\/www.france.fi\\\/#website\",\"url\":\"https:\\\/\\\/www.france.fi\\\/\",\"name\":\"Institut fran\u00e7ais de Finlande\",\"description\":\"\",\"publisher\":{\"@id\":\"https:\\\/\\\/www.france.fi\\\/#organization\"},\"potentialAction\":[{\"@type\":\"SearchAction\",\"target\":{\"@type\":\"EntryPoint\",\"urlTemplate\":\"https:\\\/\\\/www.france.fi\\\/?s={search_term_string}\"},\"query-input\":{\"@type\":\"PropertyValueSpecification\",\"valueRequired\":true,\"valueName\":\"search_term_string\"}}],\"inLanguage\":\"fr-FR\"},{\"@type\":\"Organization\",\"@id\":\"https:\\\/\\\/www.france.fi\\\/#organization\",\"name\":\"Institut fran\u00e7ais de Finlande\",\"url\":\"https:\\\/\\\/www.france.fi\\\/\",\"logo\":{\"@type\":\"ImageObject\",\"inLanguage\":\"fr-FR\",\"@id\":\"https:\\\/\\\/www.france.fi\\\/#\\\/schema\\\/logo\\\/image\\\/\",\"url\":\"https:\\\/\\\/www.france.fi\\\/wp-content\\\/uploads\\\/2024\\\/02\\\/if-logo-1.png\",\"contentUrl\":\"https:\\\/\\\/www.france.fi\\\/wp-content\\\/uploads\\\/2024\\\/02\\\/if-logo-1.png\",\"width\":687,\"height\":459,\"caption\":\"Institut fran\u00e7ais de Finlande\"},\"image\":{\"@id\":\"https:\\\/\\\/www.france.fi\\\/#\\\/schema\\\/logo\\\/image\\\/\"},\"sameAs\":[\"https:\\\/\\\/www.facebook.com\\\/institutfrancaisfi\",\"https:\\\/\\\/x.com\\\/IFFinlande\",\"https:\\\/\\\/www.instagram.com\\\/iffinlande\\\/\",\"https:\\\/\\\/fr.linkedin.com\\\/organization-guest\\\/company\\\/institut-fran-ais-de-finlande\",\"https:\\\/\\\/www.youtube.com\\\/channel\\\/UCHAitdpmSbeP78eL49XMotA\"]},{\"@type\":\"Person\",\"@id\":\"https:\\\/\\\/www.france.fi\\\/#\\\/schema\\\/person\\\/ed873f29db1d0af6a3600d15d3b65bfd\",\"name\":\"Equipe IFF\",\"image\":{\"@type\":\"ImageObject\",\"inLanguage\":\"fr-FR\",\"@id\":\"https:\\\/\\\/secure.gravatar.com\\\/avatar\\\/3c4ba80228d01014b25e45e90abb28ce315a02c6572751a7fb2298e4274989fc?s=96&d=mm&r=g\",\"url\":\"https:\\\/\\\/secure.gravatar.com\\\/avatar\\\/3c4ba80228d01014b25e45e90abb28ce315a02c6572751a7fb2298e4274989fc?s=96&d=mm&r=g\",\"contentUrl\":\"https:\\\/\\\/secure.gravatar.com\\\/avatar\\\/3c4ba80228d01014b25e45e90abb28ce315a02c6572751a7fb2298e4274989fc?s=96&d=mm&r=g\",\"caption\":\"Equipe IFF\"},\"url\":\"https:\\\/\\\/www.france.fi\\\/fr\\\/author\\\/iffadmin\\\/\"}]}<\/script>\n<!-- \/ Yoast SEO plugin. -->","yoast_head_json":{"title":"Chlo\u00e9 Dufresne dirige l\u2019Orchestre Symphonique de la Sibelius Academy - Institut fran\u00e7ais","robots":{"index":"index","follow":"follow","max-snippet":"max-snippet:-1","max-image-preview":"max-image-preview:large","max-video-preview":"max-video-preview:-1"},"canonical":"https:\/\/www.france.fi\/fr\/culture\/chloe-dufresne-dirige-lorchestre-symphonique-de-la-sibelius-academy\/","og_locale":"fr_FR","og_type":"article","og_title":"Chlo\u00e9 Dufresne dirige l\u2019Orchestre Symphonique de la Sibelius Academy - Institut fran\u00e7ais","og_description":"Debussy, Chostakovitch, Rachmaninov, ce concert dirig\u00e9 par Chlo\u00e9 Dufresne, est une ode \u00e0 la musique et \u00e0 l\u2019amiti\u00e9\u202f!","og_url":"https:\/\/www.france.fi\/fr\/culture\/chloe-dufresne-dirige-lorchestre-symphonique-de-la-sibelius-academy\/","og_site_name":"Institut fran\u00e7ais","article_publisher":"https:\/\/www.facebook.com\/institutfrancaisfi","article_published_time":"2020-09-21T12:30:53+00:00","article_modified_time":"2020-10-02T09:27:38+00:00","og_image":[{"width":1280,"height":720,"url":"https:\/\/www.france.fi\/wp-content\/uploads\/2020\/09\/siba-verdi-requiem--1098x617.jpg","type":"image\/jpeg"}],"author":"Equipe IFF","twitter_card":"summary_large_image","twitter_creator":"@IFFinlande","twitter_site":"@IFFinlande","twitter_misc":{"\u00c9crit par":"Equipe IFF","Dur\u00e9e de lecture estim\u00e9e":"1 minute"},"schema":{"@context":"https:\/\/schema.org","@graph":[{"@type":"Article","@id":"https:\/\/www.france.fi\/fr\/culture\/chloe-dufresne-dirige-lorchestre-symphonique-de-la-sibelius-academy\/#article","isPartOf":{"@id":"https:\/\/www.france.fi\/fr\/culture\/chloe-dufresne-dirige-lorchestre-symphonique-de-la-sibelius-academy\/"},"author":{"name":"Equipe IFF","@id":"https:\/\/www.france.fi\/#\/schema\/person\/ed873f29db1d0af6a3600d15d3b65bfd"},"headline":"Chlo\u00e9 Dufresne dirige l\u2019Orchestre Symphonique de la Sibelius Academy","datePublished":"2020-09-21T12:30:53+00:00","dateModified":"2020-10-02T09:27:38+00:00","mainEntityOfPage":{"@id":"https:\/\/www.france.fi\/fr\/culture\/chloe-dufresne-dirige-lorchestre-symphonique-de-la-sibelius-academy\/"},"wordCount":127,"publisher":{"@id":"https:\/\/www.france.fi\/#organization"},"image":{"@id":"https:\/\/www.france.fi\/fr\/culture\/chloe-dufresne-dirige-lorchestre-symphonique-de-la-sibelius-academy\/#primaryimage"},"thumbnailUrl":"https:\/\/www.france.fi\/wp-content\/uploads\/2020\/09\/siba-verdi-requiem--1098x617.jpg","articleSection":["Culture"],"inLanguage":"fr-FR"},{"@type":"WebPage","@id":"https:\/\/www.france.fi\/fr\/culture\/chloe-dufresne-dirige-lorchestre-symphonique-de-la-sibelius-academy\/","url":"https:\/\/www.france.fi\/fr\/culture\/chloe-dufresne-dirige-lorchestre-symphonique-de-la-sibelius-academy\/","name":"Chlo\u00e9 Dufresne dirige l\u2019Orchestre Symphonique de la Sibelius Academy - Institut fran\u00e7ais","isPartOf":{"@id":"https:\/\/www.france.fi\/#website"},"primaryImageOfPage":{"@id":"https:\/\/www.france.fi\/fr\/culture\/chloe-dufresne-dirige-lorchestre-symphonique-de-la-sibelius-academy\/#primaryimage"},"image":{"@id":"https:\/\/www.france.fi\/fr\/culture\/chloe-dufresne-dirige-lorchestre-symphonique-de-la-sibelius-academy\/#primaryimage"},"thumbnailUrl":"https:\/\/www.france.fi\/wp-content\/uploads\/2020\/09\/siba-verdi-requiem--1098x617.jpg","datePublished":"2020-09-21T12:30:53+00:00","dateModified":"2020-10-02T09:27:38+00:00","breadcrumb":{"@id":"https:\/\/www.france.fi\/fr\/culture\/chloe-dufresne-dirige-lorchestre-symphonique-de-la-sibelius-academy\/#breadcrumb"},"inLanguage":"fr-FR","potentialAction":[{"@type":"ReadAction","target":["https:\/\/www.france.fi\/fr\/culture\/chloe-dufresne-dirige-lorchestre-symphonique-de-la-sibelius-academy\/"]}]},{"@type":"ImageObject","inLanguage":"fr-FR","@id":"https:\/\/www.france.fi\/fr\/culture\/chloe-dufresne-dirige-lorchestre-symphonique-de-la-sibelius-academy\/#primaryimage","url":"https:\/\/www.france.fi\/wp-content\/uploads\/2020\/09\/siba-verdi-requiem--1098x617.jpg","contentUrl":"https:\/\/www.france.fi\/wp-content\/uploads\/2020\/09\/siba-verdi-requiem--1098x617.jpg","width":1280,"height":720},{"@type":"BreadcrumbList","@id":"https:\/\/www.france.fi\/fr\/culture\/chloe-dufresne-dirige-lorchestre-symphonique-de-la-sibelius-academy\/#breadcrumb","itemListElement":[{"@type":"ListItem","position":1,"name":"Home","item":"https:\/\/www.france.fi\/fr\/"},{"@type":"ListItem","position":2,"name":"Culture","item":"https:\/\/www.france.fi\/fr\/category\/culture\/"},{"@type":"ListItem","position":3,"name":"Chlo\u00e9 Dufresne dirige l\u2019Orchestre Symphonique de la Sibelius Academy"}]},{"@type":"WebSite","@id":"https:\/\/www.france.fi\/#website","url":"https:\/\/www.france.fi\/","name":"Institut fran\u00e7ais de Finlande","description":"","publisher":{"@id":"https:\/\/www.france.fi\/#organization"},"potentialAction":[{"@type":"SearchAction","target":{"@type":"EntryPoint","urlTemplate":"https:\/\/www.france.fi\/?s={search_term_string}"},"query-input":{"@type":"PropertyValueSpecification","valueRequired":true,"valueName":"search_term_string"}}],"inLanguage":"fr-FR"},{"@type":"Organization","@id":"https:\/\/www.france.fi\/#organization","name":"Institut fran\u00e7ais de Finlande","url":"https:\/\/www.france.fi\/","logo":{"@type":"ImageObject","inLanguage":"fr-FR","@id":"https:\/\/www.france.fi\/#\/schema\/logo\/image\/","url":"https:\/\/www.france.fi\/wp-content\/uploads\/2024\/02\/if-logo-1.png","contentUrl":"https:\/\/www.france.fi\/wp-content\/uploads\/2024\/02\/if-logo-1.png","width":687,"height":459,"caption":"Institut fran\u00e7ais de Finlande"},"image":{"@id":"https:\/\/www.france.fi\/#\/schema\/logo\/image\/"},"sameAs":["https:\/\/www.facebook.com\/institutfrancaisfi","https:\/\/x.com\/IFFinlande","https:\/\/www.instagram.com\/iffinlande\/","https:\/\/fr.linkedin.com\/organization-guest\/company\/institut-fran-ais-de-finlande","https:\/\/www.youtube.com\/channel\/UCHAitdpmSbeP78eL49XMotA"]},{"@type":"Person","@id":"https:\/\/www.france.fi\/#\/schema\/person\/ed873f29db1d0af6a3600d15d3b65bfd","name":"Equipe IFF","image":{"@type":"ImageObject","inLanguage":"fr-FR","@id":"https:\/\/secure.gravatar.com\/avatar\/3c4ba80228d01014b25e45e90abb28ce315a02c6572751a7fb2298e4274989fc?s=96&d=mm&r=g","url":"https:\/\/secure.gravatar.com\/avatar\/3c4ba80228d01014b25e45e90abb28ce315a02c6572751a7fb2298e4274989fc?s=96&d=mm&r=g","contentUrl":"https:\/\/secure.gravatar.com\/avatar\/3c4ba80228d01014b25e45e90abb28ce315a02c6572751a7fb2298e4274989fc?s=96&d=mm&r=g","caption":"Equipe IFF"},"url":"https:\/\/www.france.fi\/fr\/author\/iffadmin\/"}]}},"_links":{"self":[{"href":"https:\/\/www.france.fi\/fr\/wp-json\/wp\/v2\/posts\/1863","targetHints":{"allow":["GET"]}}],"collection":[{"href":"https:\/\/www.france.fi\/fr\/wp-json\/wp\/v2\/posts"}],"about":[{"href":"https:\/\/www.france.fi\/fr\/wp-json\/wp\/v2\/types\/post"}],"author":[{"embeddable":true,"href":"https:\/\/www.france.fi\/fr\/wp-json\/wp\/v2\/users\/2"}],"replies":[{"embeddable":true,"href":"https:\/\/www.france.fi\/fr\/wp-json\/wp\/v2\/comments?post=1863"}],"version-history":[{"count":0,"href":"https:\/\/www.france.fi\/fr\/wp-json\/wp\/v2\/posts\/1863\/revisions"}],"wp:featuredmedia":[{"embeddable":true,"href":"https:\/\/www.france.fi\/fr\/wp-json\/wp\/v2\/media\/1864"}],"wp:attachment":[{"href":"https:\/\/www.france.fi\/fr\/wp-json\/wp\/v2\/media?parent=1863"}],"wp:term":[{"taxonomy":"category","embeddable":true,"href":"https:\/\/www.france.fi\/fr\/wp-json\/wp\/v2\/categories?post=1863"},{"taxonomy":"post_tag","embeddable":true,"href":"https:\/\/www.france.fi\/fr\/wp-json\/wp\/v2\/tags?post=1863"}],"curies":[{"name":"wp","href":"https:\/\/api.w.org\/{rel}","templated":true}]}}