{"id":19247,"date":"2025-02-13T16:48:07","date_gmt":"2025-02-13T14:48:07","guid":{"rendered":"https:\/\/www.france.fi\/?p=19247"},"modified":"2025-03-18T16:40:36","modified_gmt":"2025-03-18T14:40:36","slug":"prix-nordique-de-linstitut-francais-fina-2025-oceans","status":"publish","type":"post","link":"https:\/\/www.france.fi\/fr\/sciences-et-universites\/prix-nordique-de-linstitut-francais-fina-2025-oceans\/","title":{"rendered":"Prix Nordique de l\u2019Institut Fran\u00e7ais (FINA) 2025 \u2013 Oc\u00e9ans"},"content":{"rendered":"<p>Chaque ann\u00e9e depuis 2020, les Instituts fran\u00e7ais du Danemark, d\u2019Estonie, de Finlande, de Norv\u00e8ge et de Su\u00e8de attribuent conjointement un prix \u00e0 cinq jeunes chercheurs nordiques en reconnaissance de leurs r\u00e9ussites. Le <strong>Prix Nordique de l&rsquo;Institut Fran\u00e7ais (FINA)<\/strong> vise \u00e0 promouvoir la coop\u00e9ration scientifique sur un th\u00e8me d\u2019int\u00e9r\u00eat commun entre les pays nordiques et la France.<\/p>\n<p>Les Instituts fran\u00e7ais vous invitent \u00e0 participer au programme de mobilit\u00e9 FINA. Les laur\u00e9ats auront <strong>la chance de voyager en France pendant une semaine et d\u2019assister au Congr\u00e8s One Ocean Science<\/strong> en juin 2025 \u00e0 Nice. En plus du congr\u00e8s, les laur\u00e9ats pourront <strong>visiter des universit\u00e9s, des instituts de recherche et\/ou des laboratoires<\/strong>, avec un programme d\u00e9fini en fonction de leurs domaines d\u2019int\u00e9r\u00eat.<\/p>\n<p><strong>Cliquez ici pour plus d\u2019informations sur le <\/strong><a href=\"https:\/\/one-ocean-science-2025.org\/home.html\"><strong>Congr\u00e8s One Ocean Science<\/strong><\/a><\/p>\n<p>Ne manquez pas cette occasion de renforcer votre r\u00e9seau international !<\/p>\n<h5><strong>Th\u00e8me de l\u2019ann\u00e9e 2025 : Oc\u00e9ans<\/strong><\/h5>\n<p>En tant que ressource mondiale partag\u00e9e, l\u2019oc\u00e9an est essentiel \u00e0 la prosp\u00e9rit\u00e9 et au bien-\u00eatre humain. Il joue un r\u00f4le cl\u00e9 dans la r\u00e9gulation du climat de la Terre et soutient les moyens de subsistance de trois milliards de personnes, dont la majorit\u00e9 vit dans des pays en d\u00e9veloppement. L\u2019oc\u00e9an est un sujet qui englobe de nombreux d\u00e9fis, notamment la protection de l\u2019environnement et du climat, la pr\u00e9servation de la biodiversit\u00e9 marine et des questions soci\u00e9tales plus larges telles que les cadres juridiques et politiques.<\/p>\n<p>En amont de la Conf\u00e9rence des Nations Unies sur les Oc\u00e9ans qui se tiendra \u00e0 Nice en juin 2025, le Congr\u00e8s One Ocean Science r\u00e9unira plus de 2 000 scientifiques pour discuter des enjeux li\u00e9s aux oc\u00e9ans et contribuer aux d\u00e9bats mondiaux.<\/p>\n<p>Dans ce contexte, l\u2019\u00e9dition 2025 du prix FINA vise \u00e0 mettre en valeur le travail de jeunes chercheurs nordiques tout en s\u2019alignant sur la promotion des Objectifs de D\u00e9veloppement Durable suivants :<\/p>\n<ul>\n<li><strong>ODD 13 :<\/strong> Prendre d\u2019urgence des mesures pour lutter contre les changements climatiques et leurs r\u00e9percussions.<\/li>\n<li><strong>ODD 14 :<\/strong> Conserver et exploiter de mani\u00e8re durable les oc\u00e9ans, les mers et les ressources marines aux fins du d\u00e9veloppement durable.<\/li>\n<\/ul>\n<h5><strong>Qui peut candidater ?<\/strong><\/h5>\n<p>Ce programme est ouvert aux doctorants et aux chercheurs ayant obtenu leur doctorat depuis moins de deux ans et menant leurs recherches dans un \u00e9tablissement danois, estonien, finlandais, norv\u00e9gien ou su\u00e9dois (universit\u00e9, institut de recherche du secteur public ou priv\u00e9), sans condition de nationalit\u00e9.<\/p>\n<p>Tous les domaines de recherche, y compris les sciences humaines et sociales, contribuant aux sciences oc\u00e9aniques, sont \u00e9ligibles.<\/p>\n<h5><strong>Proc\u00e9dure de s\u00e9lection<\/strong><\/h5>\n<p>Un laur\u00e9at sera s\u00e9lectionn\u00e9 dans chacun des pays participants (Danemark, Estonie, Finlande, Norv\u00e8ge et Su\u00e8de) par un comit\u00e9 compos\u00e9 des directeurs et attach\u00e9s scientifiques des cinq Instituts fran\u00e7ais.<\/p>\n<h5><strong>Crit\u00e8res de s\u00e9lection<\/strong><\/h5>\n<p>Les crit\u00e8res de s\u00e9lection sont les suivants :<\/p>\n<ul>\n<li><strong>Pertinence du travail de recherche en lien avec le th\u00e8me.<\/strong><\/li>\n<li><strong>Originalit\u00e9 de l\u2019approche du chercheur.<\/strong><\/li>\n<li><strong>Motivation du candidat \u00e0 participer au programme.<\/strong><\/li>\n<\/ul>\n<p>En cas d\u2019ex-aequo dans le processus de s\u00e9lection, la priorit\u00e9 sera donn\u00e9e aux chercheurs les plus jeunes.<\/p>\n<h5><strong>Prix<\/strong><\/h5>\n<p>Le prix FINA reconna\u00eet la qualit\u00e9 et la pertinence des travaux r\u00e9alis\u00e9s par les laur\u00e9ats. Cette mobilit\u00e9 scientifique en France inclut la participation au <strong>Congr\u00e8s One Ocean Science \u00e0 Nice<\/strong>. Cet \u00e9v\u00e9nement, organis\u00e9 par le CNRS et l\u2019IFREMER, se tiendra du <strong>3 au 6 juin<\/strong>, en amont de la Conf\u00e9rence des Nations Unies sur les Oc\u00e9ans 2025.<\/p>\n<p>En plus du congr\u00e8s, les laur\u00e9ats auront l\u2019opportunit\u00e9 de <strong>visiter des universit\u00e9s, instituts de recherche et\/ou laboratoires<\/strong>. Le programme d\u00e9taill\u00e9 sera d\u00e9fini par les Instituts fran\u00e7ais en fonction des domaines d\u2019int\u00e9r\u00eat des laur\u00e9ats.<\/p>\n<p>Les Instituts fran\u00e7ais prendront en charge l\u2019inscription des laur\u00e9ats au congr\u00e8s et r\u00e9serveront leur h\u00e9bergement \u00e0 Nice. Chaque laur\u00e9at recevra une bourse dont le co\u00fbt du logement sera d\u00e9duit.<\/p>\n<p>Chaque laur\u00e9at se verra attribuer les montants suivants, d\u00e9duction faite des frais de s\u00e9jour :<\/p>\n<ul>\n<li><strong>Finlande :<\/strong> 2 000 \u20ac<\/li>\n<li><strong>Danemark :<\/strong> 2 000 \u20ac (environ 14 925 DKK)<\/li>\n<li><strong>Estonie :<\/strong> 2 000 \u20ac<\/li>\n<li><strong>Norv\u00e8ge :<\/strong> 2 000 \u20ac (environ 23 000 NOK)<\/li>\n<li><strong>Su\u00e8de :<\/strong> 20 000 SEK<\/li>\n<\/ul>\n<p>Cette bourse est destin\u00e9e \u00e0 couvrir les frais de transport et de s\u00e9jour.<\/p>\n<p>L\u2019objectif est de permettre aux laur\u00e9ats de d\u00e9velopper leur r\u00e9seau en France lors du congr\u00e8s et gr\u00e2ce aux visites acad\u00e9miques et scientifiques. Cette semaine repr\u00e9sente une opportunit\u00e9 unique pour \u00e9tablir des collaborations scientifiques avec des institutions et chercheurs fran\u00e7ais.<\/p>\n<p>Le s\u00e9jour en France se d\u00e9roulera <strong>du 2 au 9 juin 2025 (dates exactes \u00e0 confirmer)<\/strong>. Les visites se feront en anglais.<\/p>\n<h5><strong>Calendrier<\/strong><\/h5>\n<ul>\n<li><strong>16 mars 2025<\/strong> \u2013 Date limite de d\u00e9p\u00f4t des candidatures<\/li>\n<li><strong>D\u00e9but avril 2025<\/strong> \u2013 Annonce des laur\u00e9ats<\/li>\n<li><strong>Du 2 au 9 juin 2025<\/strong> \u2013 Mobilit\u00e9 en France<\/li>\n<\/ul>\n<h5><strong>Proc\u00e9dure de candidature<\/strong><\/h5>\n<p>Les candidats doivent envoyer les documents suivants :<\/p>\n<ul>\n<li><strong>Un CV scientifique<\/strong> incluant une liste de publications s\u00e9lectionn\u00e9es (1 page max.).<\/li>\n<li><strong>Une pr\u00e9sentation de leurs recherches en cours<\/strong> (2 pages max.).<\/li>\n<li><strong>Une attestation d\u2019affiliation<\/strong> \u00e0 un \u00e9tablissement de recherche ou d\u2019enseignement sup\u00e9rieur.<\/li>\n<\/ul>\n<p>Les candidatures doivent \u00eatre envoy\u00e9es avant le <strong>16 mars 2025<\/strong> \u00e0 l\u2019Institut fran\u00e7ais de leur pays de r\u00e9sidence :<\/p>\n<ul>\n<li><strong>Danemark :<\/strong> <a href=\"mailto:tc@institutfrancais.dk\">tc@institutfrancais.dk<\/a><\/li>\n<li><strong>Estonie :<\/strong> <a href=\"mailto:gabriel.voisin-moncho@ife.ee\">gabriel.voisin-moncho@ife.ee<\/a><\/li>\n<li><strong>Finlande :<\/strong> <a href=\"mailto:science@france.fi\">science@france.fi<\/a><\/li>\n<li><strong>Norv\u00e8ge :<\/strong> <a href=\"mailto:science@france.no\">science@france.no<\/a><\/li>\n<li><strong>Su\u00e8de :<\/strong> formulaire en ligne <a href=\"https:\/\/ifsuede.wufoo.com\/forms\/qg746cx03379x8\/\">ici<\/a><\/li>\n<\/ul>\n<p>Les candidatures doivent \u00eatre soumises en anglais ou en fran\u00e7ais.<\/p>\n<h5><strong>Des questions ?<\/strong><\/h5>\n<ul>\n<li><strong>Danemark :<\/strong> M\u00e9lissa Rahmouni, Attach\u00e9e de Coop\u00e9ration Scientifique et Universitaire \u00e0 l\u2019Institut fran\u00e7ais du Danemark \u2013 <a href=\"mailto:mr@institutfrancais.dk\">mr@institutfrancais.dk<\/a><\/li>\n<li><strong>Estonie :<\/strong> Gabriel Voisin-Moncho, Attach\u00e9 de Coop\u00e9ration Scientifique et Universitaire \u00e0 l\u2019Institut fran\u00e7ais d\u2019Estonie \u2013 <a href=\"mailto:gabriel.voisin-moncho@ife.ee\">gabriel.voisin-moncho@ife.ee<\/a><\/li>\n<li><strong>Finlande :<\/strong> <a href=\"mailto:science@france.fi\">science@france.fi<\/a><\/li>\n<li><strong>Norv\u00e8ge :<\/strong> <a href=\"mailto:tc@institutfrancais.dk\">tc@institutfrancais.dk<\/a><\/li>\n<li><strong>Su\u00e8de :<\/strong> Victor Ducret, Charg\u00e9 de Coop\u00e9ration Scientifique \u00e0 l\u2019Institut fran\u00e7ais et \u00e0 l\u2019Ambassade du Su\u00e8de \u2013 <a href=\"mailto:science@ifsuede.com\">science@ifsuede.com<\/a><\/li>\n<\/ul>\n","protected":false},"excerpt":{"rendered":"<p>L\u2019\u00e9dition 2025 du prix FINA est lanc\u00e9e ! Jeunes chercheurs, envoyez vos candidatures avant le 16 mars 2025, une occasion unique d\u2019assister au Congr\u00e8s One Ocean Science, un \u00e9v\u00e9nement scientifique majeur en amont de la 3\u1d49 Conf\u00e9rence des Nations Unies sur les Oc\u00e9ans !<\/p>\n","protected":false},"author":2,"featured_media":19248,"comment_status":"closed","ping_status":"open","sticky":false,"template":"","format":"standard","meta":{"footnotes":""},"categories":[4,317],"tags":[],"class_list":["post-19247","post","type-post","status-publish","format-standard","has-post-thumbnail","hentry","category-sciences-et-universites","category-programmes-bourses"],"yoast_head":"<!-- This site is optimized with the Yoast SEO plugin v27.4 - https:\/\/yoast.com\/product\/yoast-seo-wordpress\/ -->\n<title>Prix Nordique de l\u2019Institut Fran\u00e7ais (FINA) 2025 \u2013 Oc\u00e9ans - Institut fran\u00e7ais<\/title>\n<meta name=\"robots\" content=\"index, follow, max-snippet:-1, max-image-preview:large, max-video-preview:-1\" \/>\n<link rel=\"canonical\" href=\"https:\/\/www.france.fi\/fr\/sciences-et-universites\/prix-nordique-de-linstitut-francais-fina-2025-oceans\/\" \/>\n<meta property=\"og:locale\" content=\"fr_FR\" \/>\n<meta property=\"og:type\" content=\"article\" \/>\n<meta property=\"og:title\" content=\"Prix Nordique de l\u2019Institut Fran\u00e7ais (FINA) 2025 \u2013 Oc\u00e9ans - Institut fran\u00e7ais\" \/>\n<meta property=\"og:description\" content=\"L\u2019\u00e9dition 2025 du prix FINA est lanc\u00e9e ! Jeunes chercheurs, envoyez vos candidatures avant le 16 mars 2025, une occasion unique d\u2019assister au Congr\u00e8s One Ocean Science, un \u00e9v\u00e9nement scientifique majeur en amont de la 3\u1d49 Conf\u00e9rence des Nations Unies sur les Oc\u00e9ans !\" \/>\n<meta property=\"og:url\" content=\"https:\/\/www.france.fi\/fr\/sciences-et-universites\/prix-nordique-de-linstitut-francais-fina-2025-oceans\/\" \/>\n<meta property=\"og:site_name\" content=\"Institut fran\u00e7ais\" \/>\n<meta property=\"article:publisher\" content=\"https:\/\/www.facebook.com\/institutfrancaisfi\" \/>\n<meta property=\"article:published_time\" content=\"2025-02-13T14:48:07+00:00\" \/>\n<meta property=\"article:modified_time\" content=\"2025-03-18T14:40:36+00:00\" \/>\n<meta property=\"og:image\" content=\"https:\/\/www.france.fi\/wp-content\/uploads\/2025\/02\/Logo-FINA-2025-1098x617.jpg\" \/>\n\t<meta property=\"og:image:width\" content=\"1280\" \/>\n\t<meta property=\"og:image:height\" content=\"720\" \/>\n\t<meta property=\"og:image:type\" content=\"image\/jpeg\" \/>\n<meta name=\"author\" content=\"Equipe IFF\" \/>\n<meta name=\"twitter:card\" content=\"summary_large_image\" \/>\n<meta name=\"twitter:creator\" content=\"@IFFinlande\" \/>\n<meta name=\"twitter:site\" content=\"@IFFinlande\" \/>\n<meta name=\"twitter:label1\" content=\"\u00c9crit par\" \/>\n\t<meta name=\"twitter:data1\" content=\"Equipe IFF\" \/>\n\t<meta name=\"twitter:label2\" content=\"Dur\u00e9e de lecture estim\u00e9e\" \/>\n\t<meta name=\"twitter:data2\" content=\"5 minutes\" \/>\n<script type=\"application\/ld+json\" class=\"yoast-schema-graph\">{\"@context\":\"https:\\\/\\\/schema.org\",\"@graph\":[{\"@type\":\"Article\",\"@id\":\"https:\\\/\\\/www.france.fi\\\/fr\\\/sciences-et-universites\\\/prix-nordique-de-linstitut-francais-fina-2025-oceans\\\/#article\",\"isPartOf\":{\"@id\":\"https:\\\/\\\/www.france.fi\\\/fr\\\/sciences-et-universites\\\/prix-nordique-de-linstitut-francais-fina-2025-oceans\\\/\"},\"author\":{\"name\":\"Equipe IFF\",\"@id\":\"https:\\\/\\\/www.france.fi\\\/#\\\/schema\\\/person\\\/ed873f29db1d0af6a3600d15d3b65bfd\"},\"headline\":\"Prix Nordique de l\u2019Institut Fran\u00e7ais (FINA) 2025 \u2013 Oc\u00e9ans\",\"datePublished\":\"2025-02-13T14:48:07+00:00\",\"dateModified\":\"2025-03-18T14:40:36+00:00\",\"mainEntityOfPage\":{\"@id\":\"https:\\\/\\\/www.france.fi\\\/fr\\\/sciences-et-universites\\\/prix-nordique-de-linstitut-francais-fina-2025-oceans\\\/\"},\"wordCount\":1012,\"publisher\":{\"@id\":\"https:\\\/\\\/www.france.fi\\\/#organization\"},\"image\":{\"@id\":\"https:\\\/\\\/www.france.fi\\\/fr\\\/sciences-et-universites\\\/prix-nordique-de-linstitut-francais-fina-2025-oceans\\\/#primaryimage\"},\"thumbnailUrl\":\"https:\\\/\\\/www.france.fi\\\/wp-content\\\/uploads\\\/2025\\\/02\\\/Logo-FINA-2025-1098x617.jpg\",\"articleSection\":[\"Sciences et universit\u00e9s\",\"Programmes &amp; bourses\"],\"inLanguage\":\"fr-FR\"},{\"@type\":\"WebPage\",\"@id\":\"https:\\\/\\\/www.france.fi\\\/fr\\\/sciences-et-universites\\\/prix-nordique-de-linstitut-francais-fina-2025-oceans\\\/\",\"url\":\"https:\\\/\\\/www.france.fi\\\/fr\\\/sciences-et-universites\\\/prix-nordique-de-linstitut-francais-fina-2025-oceans\\\/\",\"name\":\"Prix Nordique de l\u2019Institut Fran\u00e7ais (FINA) 2025 \u2013 Oc\u00e9ans - Institut fran\u00e7ais\",\"isPartOf\":{\"@id\":\"https:\\\/\\\/www.france.fi\\\/#website\"},\"primaryImageOfPage\":{\"@id\":\"https:\\\/\\\/www.france.fi\\\/fr\\\/sciences-et-universites\\\/prix-nordique-de-linstitut-francais-fina-2025-oceans\\\/#primaryimage\"},\"image\":{\"@id\":\"https:\\\/\\\/www.france.fi\\\/fr\\\/sciences-et-universites\\\/prix-nordique-de-linstitut-francais-fina-2025-oceans\\\/#primaryimage\"},\"thumbnailUrl\":\"https:\\\/\\\/www.france.fi\\\/wp-content\\\/uploads\\\/2025\\\/02\\\/Logo-FINA-2025-1098x617.jpg\",\"datePublished\":\"2025-02-13T14:48:07+00:00\",\"dateModified\":\"2025-03-18T14:40:36+00:00\",\"breadcrumb\":{\"@id\":\"https:\\\/\\\/www.france.fi\\\/fr\\\/sciences-et-universites\\\/prix-nordique-de-linstitut-francais-fina-2025-oceans\\\/#breadcrumb\"},\"inLanguage\":\"fr-FR\",\"potentialAction\":[{\"@type\":\"ReadAction\",\"target\":[\"https:\\\/\\\/www.france.fi\\\/fr\\\/sciences-et-universites\\\/prix-nordique-de-linstitut-francais-fina-2025-oceans\\\/\"]}]},{\"@type\":\"ImageObject\",\"inLanguage\":\"fr-FR\",\"@id\":\"https:\\\/\\\/www.france.fi\\\/fr\\\/sciences-et-universites\\\/prix-nordique-de-linstitut-francais-fina-2025-oceans\\\/#primaryimage\",\"url\":\"https:\\\/\\\/www.france.fi\\\/wp-content\\\/uploads\\\/2025\\\/02\\\/Logo-FINA-2025-1098x617.jpg\",\"contentUrl\":\"https:\\\/\\\/www.france.fi\\\/wp-content\\\/uploads\\\/2025\\\/02\\\/Logo-FINA-2025-1098x617.jpg\",\"width\":1280,\"height\":720},{\"@type\":\"BreadcrumbList\",\"@id\":\"https:\\\/\\\/www.france.fi\\\/fr\\\/sciences-et-universites\\\/prix-nordique-de-linstitut-francais-fina-2025-oceans\\\/#breadcrumb\",\"itemListElement\":[{\"@type\":\"ListItem\",\"position\":1,\"name\":\"Home\",\"item\":\"https:\\\/\\\/www.france.fi\\\/fr\\\/\"},{\"@type\":\"ListItem\",\"position\":2,\"name\":\"Sciences et universit\u00e9s\",\"item\":\"https:\\\/\\\/www.france.fi\\\/fr\\\/category\\\/sciences-et-universites\\\/\"},{\"@type\":\"ListItem\",\"position\":3,\"name\":\"Prix Nordique de l\u2019Institut Fran\u00e7ais (FINA) 2025 \u2013 Oc\u00e9ans\"}]},{\"@type\":\"WebSite\",\"@id\":\"https:\\\/\\\/www.france.fi\\\/#website\",\"url\":\"https:\\\/\\\/www.france.fi\\\/\",\"name\":\"Institut fran\u00e7ais de Finlande\",\"description\":\"\",\"publisher\":{\"@id\":\"https:\\\/\\\/www.france.fi\\\/#organization\"},\"potentialAction\":[{\"@type\":\"SearchAction\",\"target\":{\"@type\":\"EntryPoint\",\"urlTemplate\":\"https:\\\/\\\/www.france.fi\\\/?s={search_term_string}\"},\"query-input\":{\"@type\":\"PropertyValueSpecification\",\"valueRequired\":true,\"valueName\":\"search_term_string\"}}],\"inLanguage\":\"fr-FR\"},{\"@type\":\"Organization\",\"@id\":\"https:\\\/\\\/www.france.fi\\\/#organization\",\"name\":\"Institut fran\u00e7ais de Finlande\",\"url\":\"https:\\\/\\\/www.france.fi\\\/\",\"logo\":{\"@type\":\"ImageObject\",\"inLanguage\":\"fr-FR\",\"@id\":\"https:\\\/\\\/www.france.fi\\\/#\\\/schema\\\/logo\\\/image\\\/\",\"url\":\"https:\\\/\\\/www.france.fi\\\/wp-content\\\/uploads\\\/2024\\\/02\\\/if-logo-1.png\",\"contentUrl\":\"https:\\\/\\\/www.france.fi\\\/wp-content\\\/uploads\\\/2024\\\/02\\\/if-logo-1.png\",\"width\":687,\"height\":459,\"caption\":\"Institut fran\u00e7ais de Finlande\"},\"image\":{\"@id\":\"https:\\\/\\\/www.france.fi\\\/#\\\/schema\\\/logo\\\/image\\\/\"},\"sameAs\":[\"https:\\\/\\\/www.facebook.com\\\/institutfrancaisfi\",\"https:\\\/\\\/x.com\\\/IFFinlande\",\"https:\\\/\\\/www.instagram.com\\\/iffinlande\\\/\",\"https:\\\/\\\/fr.linkedin.com\\\/organization-guest\\\/company\\\/institut-fran-ais-de-finlande\",\"https:\\\/\\\/www.youtube.com\\\/channel\\\/UCHAitdpmSbeP78eL49XMotA\"]},{\"@type\":\"Person\",\"@id\":\"https:\\\/\\\/www.france.fi\\\/#\\\/schema\\\/person\\\/ed873f29db1d0af6a3600d15d3b65bfd\",\"name\":\"Equipe IFF\",\"image\":{\"@type\":\"ImageObject\",\"inLanguage\":\"fr-FR\",\"@id\":\"https:\\\/\\\/secure.gravatar.com\\\/avatar\\\/3c4ba80228d01014b25e45e90abb28ce315a02c6572751a7fb2298e4274989fc?s=96&d=mm&r=g\",\"url\":\"https:\\\/\\\/secure.gravatar.com\\\/avatar\\\/3c4ba80228d01014b25e45e90abb28ce315a02c6572751a7fb2298e4274989fc?s=96&d=mm&r=g\",\"contentUrl\":\"https:\\\/\\\/secure.gravatar.com\\\/avatar\\\/3c4ba80228d01014b25e45e90abb28ce315a02c6572751a7fb2298e4274989fc?s=96&d=mm&r=g\",\"caption\":\"Equipe IFF\"},\"url\":\"https:\\\/\\\/www.france.fi\\\/fr\\\/author\\\/iffadmin\\\/\"}]}<\/script>\n<!-- \/ Yoast SEO plugin. -->","yoast_head_json":{"title":"Prix Nordique de l\u2019Institut Fran\u00e7ais (FINA) 2025 \u2013 Oc\u00e9ans - Institut fran\u00e7ais","robots":{"index":"index","follow":"follow","max-snippet":"max-snippet:-1","max-image-preview":"max-image-preview:large","max-video-preview":"max-video-preview:-1"},"canonical":"https:\/\/www.france.fi\/fr\/sciences-et-universites\/prix-nordique-de-linstitut-francais-fina-2025-oceans\/","og_locale":"fr_FR","og_type":"article","og_title":"Prix Nordique de l\u2019Institut Fran\u00e7ais (FINA) 2025 \u2013 Oc\u00e9ans - Institut fran\u00e7ais","og_description":"L\u2019\u00e9dition 2025 du prix FINA est lanc\u00e9e ! Jeunes chercheurs, envoyez vos candidatures avant le 16 mars 2025, une occasion unique d\u2019assister au Congr\u00e8s One Ocean Science, un \u00e9v\u00e9nement scientifique majeur en amont de la 3\u1d49 Conf\u00e9rence des Nations Unies sur les Oc\u00e9ans !","og_url":"https:\/\/www.france.fi\/fr\/sciences-et-universites\/prix-nordique-de-linstitut-francais-fina-2025-oceans\/","og_site_name":"Institut fran\u00e7ais","article_publisher":"https:\/\/www.facebook.com\/institutfrancaisfi","article_published_time":"2025-02-13T14:48:07+00:00","article_modified_time":"2025-03-18T14:40:36+00:00","og_image":[{"width":1280,"height":720,"url":"https:\/\/www.france.fi\/wp-content\/uploads\/2025\/02\/Logo-FINA-2025-1098x617.jpg","type":"image\/jpeg"}],"author":"Equipe IFF","twitter_card":"summary_large_image","twitter_creator":"@IFFinlande","twitter_site":"@IFFinlande","twitter_misc":{"\u00c9crit par":"Equipe IFF","Dur\u00e9e de lecture estim\u00e9e":"5 minutes"},"schema":{"@context":"https:\/\/schema.org","@graph":[{"@type":"Article","@id":"https:\/\/www.france.fi\/fr\/sciences-et-universites\/prix-nordique-de-linstitut-francais-fina-2025-oceans\/#article","isPartOf":{"@id":"https:\/\/www.france.fi\/fr\/sciences-et-universites\/prix-nordique-de-linstitut-francais-fina-2025-oceans\/"},"author":{"name":"Equipe IFF","@id":"https:\/\/www.france.fi\/#\/schema\/person\/ed873f29db1d0af6a3600d15d3b65bfd"},"headline":"Prix Nordique de l\u2019Institut Fran\u00e7ais (FINA) 2025 \u2013 Oc\u00e9ans","datePublished":"2025-02-13T14:48:07+00:00","dateModified":"2025-03-18T14:40:36+00:00","mainEntityOfPage":{"@id":"https:\/\/www.france.fi\/fr\/sciences-et-universites\/prix-nordique-de-linstitut-francais-fina-2025-oceans\/"},"wordCount":1012,"publisher":{"@id":"https:\/\/www.france.fi\/#organization"},"image":{"@id":"https:\/\/www.france.fi\/fr\/sciences-et-universites\/prix-nordique-de-linstitut-francais-fina-2025-oceans\/#primaryimage"},"thumbnailUrl":"https:\/\/www.france.fi\/wp-content\/uploads\/2025\/02\/Logo-FINA-2025-1098x617.jpg","articleSection":["Sciences et universit\u00e9s","Programmes &amp; bourses"],"inLanguage":"fr-FR"},{"@type":"WebPage","@id":"https:\/\/www.france.fi\/fr\/sciences-et-universites\/prix-nordique-de-linstitut-francais-fina-2025-oceans\/","url":"https:\/\/www.france.fi\/fr\/sciences-et-universites\/prix-nordique-de-linstitut-francais-fina-2025-oceans\/","name":"Prix Nordique de l\u2019Institut Fran\u00e7ais (FINA) 2025 \u2013 Oc\u00e9ans - Institut fran\u00e7ais","isPartOf":{"@id":"https:\/\/www.france.fi\/#website"},"primaryImageOfPage":{"@id":"https:\/\/www.france.fi\/fr\/sciences-et-universites\/prix-nordique-de-linstitut-francais-fina-2025-oceans\/#primaryimage"},"image":{"@id":"https:\/\/www.france.fi\/fr\/sciences-et-universites\/prix-nordique-de-linstitut-francais-fina-2025-oceans\/#primaryimage"},"thumbnailUrl":"https:\/\/www.france.fi\/wp-content\/uploads\/2025\/02\/Logo-FINA-2025-1098x617.jpg","datePublished":"2025-02-13T14:48:07+00:00","dateModified":"2025-03-18T14:40:36+00:00","breadcrumb":{"@id":"https:\/\/www.france.fi\/fr\/sciences-et-universites\/prix-nordique-de-linstitut-francais-fina-2025-oceans\/#breadcrumb"},"inLanguage":"fr-FR","potentialAction":[{"@type":"ReadAction","target":["https:\/\/www.france.fi\/fr\/sciences-et-universites\/prix-nordique-de-linstitut-francais-fina-2025-oceans\/"]}]},{"@type":"ImageObject","inLanguage":"fr-FR","@id":"https:\/\/www.france.fi\/fr\/sciences-et-universites\/prix-nordique-de-linstitut-francais-fina-2025-oceans\/#primaryimage","url":"https:\/\/www.france.fi\/wp-content\/uploads\/2025\/02\/Logo-FINA-2025-1098x617.jpg","contentUrl":"https:\/\/www.france.fi\/wp-content\/uploads\/2025\/02\/Logo-FINA-2025-1098x617.jpg","width":1280,"height":720},{"@type":"BreadcrumbList","@id":"https:\/\/www.france.fi\/fr\/sciences-et-universites\/prix-nordique-de-linstitut-francais-fina-2025-oceans\/#breadcrumb","itemListElement":[{"@type":"ListItem","position":1,"name":"Home","item":"https:\/\/www.france.fi\/fr\/"},{"@type":"ListItem","position":2,"name":"Sciences et universit\u00e9s","item":"https:\/\/www.france.fi\/fr\/category\/sciences-et-universites\/"},{"@type":"ListItem","position":3,"name":"Prix Nordique de l\u2019Institut Fran\u00e7ais (FINA) 2025 \u2013 Oc\u00e9ans"}]},{"@type":"WebSite","@id":"https:\/\/www.france.fi\/#website","url":"https:\/\/www.france.fi\/","name":"Institut fran\u00e7ais de Finlande","description":"","publisher":{"@id":"https:\/\/www.france.fi\/#organization"},"potentialAction":[{"@type":"SearchAction","target":{"@type":"EntryPoint","urlTemplate":"https:\/\/www.france.fi\/?s={search_term_string}"},"query-input":{"@type":"PropertyValueSpecification","valueRequired":true,"valueName":"search_term_string"}}],"inLanguage":"fr-FR"},{"@type":"Organization","@id":"https:\/\/www.france.fi\/#organization","name":"Institut fran\u00e7ais de Finlande","url":"https:\/\/www.france.fi\/","logo":{"@type":"ImageObject","inLanguage":"fr-FR","@id":"https:\/\/www.france.fi\/#\/schema\/logo\/image\/","url":"https:\/\/www.france.fi\/wp-content\/uploads\/2024\/02\/if-logo-1.png","contentUrl":"https:\/\/www.france.fi\/wp-content\/uploads\/2024\/02\/if-logo-1.png","width":687,"height":459,"caption":"Institut fran\u00e7ais de Finlande"},"image":{"@id":"https:\/\/www.france.fi\/#\/schema\/logo\/image\/"},"sameAs":["https:\/\/www.facebook.com\/institutfrancaisfi","https:\/\/x.com\/IFFinlande","https:\/\/www.instagram.com\/iffinlande\/","https:\/\/fr.linkedin.com\/organization-guest\/company\/institut-fran-ais-de-finlande","https:\/\/www.youtube.com\/channel\/UCHAitdpmSbeP78eL49XMotA"]},{"@type":"Person","@id":"https:\/\/www.france.fi\/#\/schema\/person\/ed873f29db1d0af6a3600d15d3b65bfd","name":"Equipe IFF","image":{"@type":"ImageObject","inLanguage":"fr-FR","@id":"https:\/\/secure.gravatar.com\/avatar\/3c4ba80228d01014b25e45e90abb28ce315a02c6572751a7fb2298e4274989fc?s=96&d=mm&r=g","url":"https:\/\/secure.gravatar.com\/avatar\/3c4ba80228d01014b25e45e90abb28ce315a02c6572751a7fb2298e4274989fc?s=96&d=mm&r=g","contentUrl":"https:\/\/secure.gravatar.com\/avatar\/3c4ba80228d01014b25e45e90abb28ce315a02c6572751a7fb2298e4274989fc?s=96&d=mm&r=g","caption":"Equipe IFF"},"url":"https:\/\/www.france.fi\/fr\/author\/iffadmin\/"}]}},"_links":{"self":[{"href":"https:\/\/www.france.fi\/fr\/wp-json\/wp\/v2\/posts\/19247","targetHints":{"allow":["GET"]}}],"collection":[{"href":"https:\/\/www.france.fi\/fr\/wp-json\/wp\/v2\/posts"}],"about":[{"href":"https:\/\/www.france.fi\/fr\/wp-json\/wp\/v2\/types\/post"}],"author":[{"embeddable":true,"href":"https:\/\/www.france.fi\/fr\/wp-json\/wp\/v2\/users\/2"}],"replies":[{"embeddable":true,"href":"https:\/\/www.france.fi\/fr\/wp-json\/wp\/v2\/comments?post=19247"}],"version-history":[{"count":0,"href":"https:\/\/www.france.fi\/fr\/wp-json\/wp\/v2\/posts\/19247\/revisions"}],"wp:featuredmedia":[{"embeddable":true,"href":"https:\/\/www.france.fi\/fr\/wp-json\/wp\/v2\/media\/19248"}],"wp:attachment":[{"href":"https:\/\/www.france.fi\/fr\/wp-json\/wp\/v2\/media?parent=19247"}],"wp:term":[{"taxonomy":"category","embeddable":true,"href":"https:\/\/www.france.fi\/fr\/wp-json\/wp\/v2\/categories?post=19247"},{"taxonomy":"post_tag","embeddable":true,"href":"https:\/\/www.france.fi\/fr\/wp-json\/wp\/v2\/tags?post=19247"}],"curies":[{"name":"wp","href":"https:\/\/api.w.org\/{rel}","templated":true}]}}