{"id":19312,"date":"2025-02-19T10:34:44","date_gmt":"2025-02-19T08:34:44","guid":{"rendered":"https:\/\/www.france.fi\/?p=19312"},"modified":"2025-03-14T08:52:57","modified_gmt":"2025-03-14T06:52:57","slug":"tournee-de-jazz-et-concert-kimmo-pohjonen-eric-echampard","status":"publish","type":"post","link":"https:\/\/www.france.fi\/fr\/culture\/tournee-de-jazz-et-concert-kimmo-pohjonen-eric-echampard\/","title":{"rendered":"Tourn\u00e9e de Jazz et Concert : Kimmo Pohjonen &#038; Eric Echampard"},"content":{"rendered":"<p>Le 12 mars, la sc\u00e8ne de Sellosali d&rsquo;Espoo sera enflamm\u00e9e par le duo franco-finlandais form\u00e9 de Kimmo Pohjonen et Eric Echampard. Le concert commencera \u00e0 19h15 et sera pr\u00e9c\u00e9d\u00e9 d&rsquo;une rencontre avec les artistes de 18h30 \u00e0 19h00 dans le caf\u00e9 du hall du Sellosali.<\/p>\n<p>L&rsquo;accord\u00e9oniste Kimmo Pohjonen et le batteur fran\u00e7ais Eric Echampard ont donn\u00e9 leur premier concert en duo au printemps 2001. Apr\u00e8s une longue collaboration, ce duo, solidifi\u00e9 avec le temps, s\u2019en remet \u00e0 la puissance de l&rsquo;improvisation en cr\u00e9ant une musique unique \u00e0 chaque concert.<\/p>\n<p>Les billets pour le concert de Sellosali sont en vente sur le site lippu.fi. Gr\u00e2ce au code de campagne \u00ab\u00a0friendofsello\u00a0\u00bb via l&rsquo;Institut fran\u00e7ais, vous b\u00e9n\u00e9ficiez de 30 % de r\u00e9duction sur vos billets (billet standard \u00e0 22,75 \u20ac au lieu de 32,50 \u20ac). Voici comment utiliser le code de r\u00e9duction :<\/p>\n<ol>\n<li>Rendez-vous sur la <a href=\"https:\/\/www.lippu.fi\/en\/event\/sellosali-kimmo-pohjonen-eric-echampard-fr-sellosali-19446761\/\">billetterie du concert.<\/a><\/li>\n<li>Entrez le code <strong>friendofsello<\/strong> dans le champ \u00ab Kaverikampanja \u00bb et cliquez sur \u00ab Show promotion \u00bb.<\/li>\n<li>Choisissez votre place et effectuez votre paiement. Le nombre de tickets que vous pouvez acheter avec le code est limit\u00e9 \u00e0 deux par achat.<\/li>\n<\/ol>\n<p>Le concert fait partie de la tourn\u00e9e du duo en Finlande, qui se d\u00e9roulera du 6 au 12 mars. Pour plus d\u2019informations sur la tourn\u00e9e, cliquez <a href=\"https:\/\/www.vapaataanet.fi\/kimmo-pohjonen-eric-echampard-tien-paalla-maaliskuussa-2025\/\">ici<\/a>.<\/p>\n<p>L&rsquo;\u00e9v\u00e9nement est organis\u00e9 par l&rsquo;association de jazz <a href=\"https:\/\/www.vapaataanet.fi\/francais\/\">Vapaat \u00c4\u00e4net<\/a>. L&rsquo;Institut fran\u00e7ais de Finlande soutient l&rsquo;\u00e9v\u00e9nement.<\/p>\n<p>&nbsp;<\/p>\n","protected":false},"excerpt":{"rendered":"<p>L&rsquo;accord\u00e9oniste finlandais Kimmo Pohjonen et le batteur de jazz fran\u00e7ais Eric Echampard s\u2019unissent pour une tourn\u00e9e en Finlande du 6 au 12 mars. Profitez d\u2019une rencontre avec les artistes et de billets \u00e0 prix r\u00e9duit pour le concert d&rsquo;Espoo via l&rsquo;Institut fran\u00e7ais !<\/p>\n","protected":false},"author":8,"featured_media":19308,"comment_status":"closed","ping_status":"closed","sticky":false,"template":"","format":"standard","meta":{"footnotes":""},"categories":[1],"tags":[452,693,694,695,696,697,698,699,700,701,702],"class_list":["post-19312","post","type-post","status-publish","format-standard","has-post-thumbnail","hentry","category-culture","tag-musique","tag-jazz-fr","tag-eric-echampard-fr","tag-kimmo-pohjonen-fr","tag-sellosali-fr","tag-konsertti-fr","tag-musiikki-fr","tag-artistitapaaminen-fr","tag-concert","tag-tournee","tag-espoo"],"yoast_head":"<!-- This site is optimized with the Yoast SEO plugin v27.4 - https:\/\/yoast.com\/product\/yoast-seo-wordpress\/ -->\n<title>Tourn\u00e9e de Jazz et Concert : Kimmo Pohjonen &amp; Eric Echampard - Institut fran\u00e7ais<\/title>\n<meta name=\"description\" content=\"L&#039;accord\u00e9oniste finlandais Kimmo Pohjonen et le batteur fran\u00e7ais Eric Echampard s\u2019unissent pour une tourn\u00e9e en Finlande du 6 au 12 mars !\" \/>\n<meta name=\"robots\" content=\"index, follow, max-snippet:-1, max-image-preview:large, max-video-preview:-1\" \/>\n<link rel=\"canonical\" href=\"https:\/\/www.france.fi\/fr\/culture\/tournee-de-jazz-et-concert-kimmo-pohjonen-eric-echampard\/\" \/>\n<meta property=\"og:locale\" content=\"fr_FR\" \/>\n<meta property=\"og:type\" content=\"article\" \/>\n<meta property=\"og:title\" content=\"Tourn\u00e9e de Jazz et Concert : Kimmo Pohjonen &amp; Eric Echampard - Institut fran\u00e7ais\" \/>\n<meta property=\"og:description\" content=\"L&#039;accord\u00e9oniste finlandais Kimmo Pohjonen et le batteur fran\u00e7ais Eric Echampard s\u2019unissent pour une tourn\u00e9e en Finlande du 6 au 12 mars !\" \/>\n<meta property=\"og:url\" content=\"https:\/\/www.france.fi\/fr\/culture\/tournee-de-jazz-et-concert-kimmo-pohjonen-eric-echampard\/\" \/>\n<meta property=\"og:site_name\" content=\"Institut fran\u00e7ais\" \/>\n<meta property=\"article:publisher\" content=\"https:\/\/www.facebook.com\/institutfrancaisfi\" \/>\n<meta property=\"article:published_time\" content=\"2025-02-19T08:34:44+00:00\" \/>\n<meta property=\"article:modified_time\" content=\"2025-03-14T06:52:57+00:00\" \/>\n<meta property=\"og:image\" content=\"https:\/\/www.france.fi\/wp-content\/uploads\/2025\/02\/Concert-Jazz-Sellosali-Kimmo-Eric-c-Jyrki-Kallio-1098x617.jpg\" \/>\n\t<meta property=\"og:image:width\" content=\"1280\" \/>\n\t<meta property=\"og:image:height\" content=\"720\" \/>\n\t<meta property=\"og:image:type\" content=\"image\/jpeg\" \/>\n<meta name=\"author\" content=\"Katri Jokela\" \/>\n<meta name=\"twitter:card\" content=\"summary_large_image\" \/>\n<meta name=\"twitter:creator\" content=\"@IFFinlande\" \/>\n<meta name=\"twitter:site\" content=\"@IFFinlande\" \/>\n<meta name=\"twitter:label1\" content=\"\u00c9crit par\" \/>\n\t<meta name=\"twitter:data1\" content=\"Katri Jokela\" \/>\n\t<meta name=\"twitter:label2\" content=\"Dur\u00e9e de lecture estim\u00e9e\" \/>\n\t<meta name=\"twitter:data2\" content=\"2 minutes\" \/>\n<script type=\"application\/ld+json\" class=\"yoast-schema-graph\">{\"@context\":\"https:\\\/\\\/schema.org\",\"@graph\":[{\"@type\":\"Article\",\"@id\":\"https:\\\/\\\/www.france.fi\\\/fr\\\/culture\\\/tournee-de-jazz-et-concert-kimmo-pohjonen-eric-echampard\\\/#article\",\"isPartOf\":{\"@id\":\"https:\\\/\\\/www.france.fi\\\/fr\\\/culture\\\/tournee-de-jazz-et-concert-kimmo-pohjonen-eric-echampard\\\/\"},\"author\":{\"name\":\"Katri Jokela\",\"@id\":\"https:\\\/\\\/www.france.fi\\\/#\\\/schema\\\/person\\\/db81697c695313881e27d7a0098b4cfe\"},\"headline\":\"Tourn\u00e9e de Jazz et Concert : Kimmo Pohjonen &#038; Eric Echampard\",\"datePublished\":\"2025-02-19T08:34:44+00:00\",\"dateModified\":\"2025-03-14T06:52:57+00:00\",\"mainEntityOfPage\":{\"@id\":\"https:\\\/\\\/www.france.fi\\\/fr\\\/culture\\\/tournee-de-jazz-et-concert-kimmo-pohjonen-eric-echampard\\\/\"},\"wordCount\":251,\"publisher\":{\"@id\":\"https:\\\/\\\/www.france.fi\\\/#organization\"},\"image\":{\"@id\":\"https:\\\/\\\/www.france.fi\\\/fr\\\/culture\\\/tournee-de-jazz-et-concert-kimmo-pohjonen-eric-echampard\\\/#primaryimage\"},\"thumbnailUrl\":\"https:\\\/\\\/www.france.fi\\\/wp-content\\\/uploads\\\/2025\\\/02\\\/Concert-Jazz-Sellosali-Kimmo-Eric-c-Jyrki-Kallio-1098x617.jpg\",\"keywords\":[\"musique\",\"jazz\",\"Eric Echampard\",\"Kimmo Pohjonen\",\"sellosali\",\"konsertti\",\"musiikki\",\"artistitapaaminen\",\"concert\",\"tourn\u00e9e\",\"espoo\"],\"articleSection\":[\"Culture\"],\"inLanguage\":\"fr-FR\"},{\"@type\":\"WebPage\",\"@id\":\"https:\\\/\\\/www.france.fi\\\/fr\\\/culture\\\/tournee-de-jazz-et-concert-kimmo-pohjonen-eric-echampard\\\/\",\"url\":\"https:\\\/\\\/www.france.fi\\\/fr\\\/culture\\\/tournee-de-jazz-et-concert-kimmo-pohjonen-eric-echampard\\\/\",\"name\":\"Tourn\u00e9e de Jazz et Concert : Kimmo Pohjonen & Eric Echampard - Institut fran\u00e7ais\",\"isPartOf\":{\"@id\":\"https:\\\/\\\/www.france.fi\\\/#website\"},\"primaryImageOfPage\":{\"@id\":\"https:\\\/\\\/www.france.fi\\\/fr\\\/culture\\\/tournee-de-jazz-et-concert-kimmo-pohjonen-eric-echampard\\\/#primaryimage\"},\"image\":{\"@id\":\"https:\\\/\\\/www.france.fi\\\/fr\\\/culture\\\/tournee-de-jazz-et-concert-kimmo-pohjonen-eric-echampard\\\/#primaryimage\"},\"thumbnailUrl\":\"https:\\\/\\\/www.france.fi\\\/wp-content\\\/uploads\\\/2025\\\/02\\\/Concert-Jazz-Sellosali-Kimmo-Eric-c-Jyrki-Kallio-1098x617.jpg\",\"datePublished\":\"2025-02-19T08:34:44+00:00\",\"dateModified\":\"2025-03-14T06:52:57+00:00\",\"description\":\"L'accord\u00e9oniste finlandais Kimmo Pohjonen et le batteur fran\u00e7ais Eric Echampard s\u2019unissent pour une tourn\u00e9e en Finlande du 6 au 12 mars !\",\"breadcrumb\":{\"@id\":\"https:\\\/\\\/www.france.fi\\\/fr\\\/culture\\\/tournee-de-jazz-et-concert-kimmo-pohjonen-eric-echampard\\\/#breadcrumb\"},\"inLanguage\":\"fr-FR\",\"potentialAction\":[{\"@type\":\"ReadAction\",\"target\":[\"https:\\\/\\\/www.france.fi\\\/fr\\\/culture\\\/tournee-de-jazz-et-concert-kimmo-pohjonen-eric-echampard\\\/\"]}]},{\"@type\":\"ImageObject\",\"inLanguage\":\"fr-FR\",\"@id\":\"https:\\\/\\\/www.france.fi\\\/fr\\\/culture\\\/tournee-de-jazz-et-concert-kimmo-pohjonen-eric-echampard\\\/#primaryimage\",\"url\":\"https:\\\/\\\/www.france.fi\\\/wp-content\\\/uploads\\\/2025\\\/02\\\/Concert-Jazz-Sellosali-Kimmo-Eric-c-Jyrki-Kallio-1098x617.jpg\",\"contentUrl\":\"https:\\\/\\\/www.france.fi\\\/wp-content\\\/uploads\\\/2025\\\/02\\\/Concert-Jazz-Sellosali-Kimmo-Eric-c-Jyrki-Kallio-1098x617.jpg\",\"width\":1280,\"height\":720,\"caption\":\"(c) Jyrki Kallio\"},{\"@type\":\"BreadcrumbList\",\"@id\":\"https:\\\/\\\/www.france.fi\\\/fr\\\/culture\\\/tournee-de-jazz-et-concert-kimmo-pohjonen-eric-echampard\\\/#breadcrumb\",\"itemListElement\":[{\"@type\":\"ListItem\",\"position\":1,\"name\":\"Home\",\"item\":\"https:\\\/\\\/www.france.fi\\\/fr\\\/\"},{\"@type\":\"ListItem\",\"position\":2,\"name\":\"Kulttuuri\",\"item\":\"https:\\\/\\\/www.france.fi\\\/category\\\/kulttuuri\\\/\"},{\"@type\":\"ListItem\",\"position\":3,\"name\":\"Tourn\u00e9e de Jazz et Concert : Kimmo Pohjonen &#038; Eric Echampard\"}]},{\"@type\":\"WebSite\",\"@id\":\"https:\\\/\\\/www.france.fi\\\/#website\",\"url\":\"https:\\\/\\\/www.france.fi\\\/\",\"name\":\"Institut fran\u00e7ais de Finlande\",\"description\":\"\",\"publisher\":{\"@id\":\"https:\\\/\\\/www.france.fi\\\/#organization\"},\"potentialAction\":[{\"@type\":\"SearchAction\",\"target\":{\"@type\":\"EntryPoint\",\"urlTemplate\":\"https:\\\/\\\/www.france.fi\\\/?s={search_term_string}\"},\"query-input\":{\"@type\":\"PropertyValueSpecification\",\"valueRequired\":true,\"valueName\":\"search_term_string\"}}],\"inLanguage\":\"fr-FR\"},{\"@type\":\"Organization\",\"@id\":\"https:\\\/\\\/www.france.fi\\\/#organization\",\"name\":\"Institut fran\u00e7ais de Finlande\",\"url\":\"https:\\\/\\\/www.france.fi\\\/\",\"logo\":{\"@type\":\"ImageObject\",\"inLanguage\":\"fr-FR\",\"@id\":\"https:\\\/\\\/www.france.fi\\\/#\\\/schema\\\/logo\\\/image\\\/\",\"url\":\"https:\\\/\\\/www.france.fi\\\/wp-content\\\/uploads\\\/2024\\\/02\\\/if-logo-1.png\",\"contentUrl\":\"https:\\\/\\\/www.france.fi\\\/wp-content\\\/uploads\\\/2024\\\/02\\\/if-logo-1.png\",\"width\":687,\"height\":459,\"caption\":\"Institut fran\u00e7ais de Finlande\"},\"image\":{\"@id\":\"https:\\\/\\\/www.france.fi\\\/#\\\/schema\\\/logo\\\/image\\\/\"},\"sameAs\":[\"https:\\\/\\\/www.facebook.com\\\/institutfrancaisfi\",\"https:\\\/\\\/x.com\\\/IFFinlande\",\"https:\\\/\\\/www.instagram.com\\\/iffinlande\\\/\",\"https:\\\/\\\/fr.linkedin.com\\\/organization-guest\\\/company\\\/institut-fran-ais-de-finlande\",\"https:\\\/\\\/www.youtube.com\\\/channel\\\/UCHAitdpmSbeP78eL49XMotA\"]},{\"@type\":\"Person\",\"@id\":\"https:\\\/\\\/www.france.fi\\\/#\\\/schema\\\/person\\\/db81697c695313881e27d7a0098b4cfe\",\"name\":\"Katri Jokela\",\"image\":{\"@type\":\"ImageObject\",\"inLanguage\":\"fr-FR\",\"@id\":\"https:\\\/\\\/secure.gravatar.com\\\/avatar\\\/396aab495906d349883b262e8f147388dc2e3243e726e288a7b8da2294580805?s=96&d=mm&r=g\",\"url\":\"https:\\\/\\\/secure.gravatar.com\\\/avatar\\\/396aab495906d349883b262e8f147388dc2e3243e726e288a7b8da2294580805?s=96&d=mm&r=g\",\"contentUrl\":\"https:\\\/\\\/secure.gravatar.com\\\/avatar\\\/396aab495906d349883b262e8f147388dc2e3243e726e288a7b8da2294580805?s=96&d=mm&r=g\",\"caption\":\"Katri Jokela\"},\"url\":\"https:\\\/\\\/www.france.fi\\\/fr\\\/author\\\/katri-jokelafrance-fi\\\/\"}]}<\/script>\n<!-- \/ Yoast SEO plugin. -->","yoast_head_json":{"title":"Tourn\u00e9e de Jazz et Concert : Kimmo Pohjonen & Eric Echampard - Institut fran\u00e7ais","description":"L'accord\u00e9oniste finlandais Kimmo Pohjonen et le batteur fran\u00e7ais Eric Echampard s\u2019unissent pour une tourn\u00e9e en Finlande du 6 au 12 mars !","robots":{"index":"index","follow":"follow","max-snippet":"max-snippet:-1","max-image-preview":"max-image-preview:large","max-video-preview":"max-video-preview:-1"},"canonical":"https:\/\/www.france.fi\/fr\/culture\/tournee-de-jazz-et-concert-kimmo-pohjonen-eric-echampard\/","og_locale":"fr_FR","og_type":"article","og_title":"Tourn\u00e9e de Jazz et Concert : Kimmo Pohjonen & Eric Echampard - Institut fran\u00e7ais","og_description":"L'accord\u00e9oniste finlandais Kimmo Pohjonen et le batteur fran\u00e7ais Eric Echampard s\u2019unissent pour une tourn\u00e9e en Finlande du 6 au 12 mars !","og_url":"https:\/\/www.france.fi\/fr\/culture\/tournee-de-jazz-et-concert-kimmo-pohjonen-eric-echampard\/","og_site_name":"Institut fran\u00e7ais","article_publisher":"https:\/\/www.facebook.com\/institutfrancaisfi","article_published_time":"2025-02-19T08:34:44+00:00","article_modified_time":"2025-03-14T06:52:57+00:00","og_image":[{"width":1280,"height":720,"url":"https:\/\/www.france.fi\/wp-content\/uploads\/2025\/02\/Concert-Jazz-Sellosali-Kimmo-Eric-c-Jyrki-Kallio-1098x617.jpg","type":"image\/jpeg"}],"author":"Katri Jokela","twitter_card":"summary_large_image","twitter_creator":"@IFFinlande","twitter_site":"@IFFinlande","twitter_misc":{"\u00c9crit par":"Katri Jokela","Dur\u00e9e de lecture estim\u00e9e":"2 minutes"},"schema":{"@context":"https:\/\/schema.org","@graph":[{"@type":"Article","@id":"https:\/\/www.france.fi\/fr\/culture\/tournee-de-jazz-et-concert-kimmo-pohjonen-eric-echampard\/#article","isPartOf":{"@id":"https:\/\/www.france.fi\/fr\/culture\/tournee-de-jazz-et-concert-kimmo-pohjonen-eric-echampard\/"},"author":{"name":"Katri Jokela","@id":"https:\/\/www.france.fi\/#\/schema\/person\/db81697c695313881e27d7a0098b4cfe"},"headline":"Tourn\u00e9e de Jazz et Concert : Kimmo Pohjonen &#038; Eric Echampard","datePublished":"2025-02-19T08:34:44+00:00","dateModified":"2025-03-14T06:52:57+00:00","mainEntityOfPage":{"@id":"https:\/\/www.france.fi\/fr\/culture\/tournee-de-jazz-et-concert-kimmo-pohjonen-eric-echampard\/"},"wordCount":251,"publisher":{"@id":"https:\/\/www.france.fi\/#organization"},"image":{"@id":"https:\/\/www.france.fi\/fr\/culture\/tournee-de-jazz-et-concert-kimmo-pohjonen-eric-echampard\/#primaryimage"},"thumbnailUrl":"https:\/\/www.france.fi\/wp-content\/uploads\/2025\/02\/Concert-Jazz-Sellosali-Kimmo-Eric-c-Jyrki-Kallio-1098x617.jpg","keywords":["musique","jazz","Eric Echampard","Kimmo Pohjonen","sellosali","konsertti","musiikki","artistitapaaminen","concert","tourn\u00e9e","espoo"],"articleSection":["Culture"],"inLanguage":"fr-FR"},{"@type":"WebPage","@id":"https:\/\/www.france.fi\/fr\/culture\/tournee-de-jazz-et-concert-kimmo-pohjonen-eric-echampard\/","url":"https:\/\/www.france.fi\/fr\/culture\/tournee-de-jazz-et-concert-kimmo-pohjonen-eric-echampard\/","name":"Tourn\u00e9e de Jazz et Concert : Kimmo Pohjonen & Eric Echampard - Institut fran\u00e7ais","isPartOf":{"@id":"https:\/\/www.france.fi\/#website"},"primaryImageOfPage":{"@id":"https:\/\/www.france.fi\/fr\/culture\/tournee-de-jazz-et-concert-kimmo-pohjonen-eric-echampard\/#primaryimage"},"image":{"@id":"https:\/\/www.france.fi\/fr\/culture\/tournee-de-jazz-et-concert-kimmo-pohjonen-eric-echampard\/#primaryimage"},"thumbnailUrl":"https:\/\/www.france.fi\/wp-content\/uploads\/2025\/02\/Concert-Jazz-Sellosali-Kimmo-Eric-c-Jyrki-Kallio-1098x617.jpg","datePublished":"2025-02-19T08:34:44+00:00","dateModified":"2025-03-14T06:52:57+00:00","description":"L'accord\u00e9oniste finlandais Kimmo Pohjonen et le batteur fran\u00e7ais Eric Echampard s\u2019unissent pour une tourn\u00e9e en Finlande du 6 au 12 mars !","breadcrumb":{"@id":"https:\/\/www.france.fi\/fr\/culture\/tournee-de-jazz-et-concert-kimmo-pohjonen-eric-echampard\/#breadcrumb"},"inLanguage":"fr-FR","potentialAction":[{"@type":"ReadAction","target":["https:\/\/www.france.fi\/fr\/culture\/tournee-de-jazz-et-concert-kimmo-pohjonen-eric-echampard\/"]}]},{"@type":"ImageObject","inLanguage":"fr-FR","@id":"https:\/\/www.france.fi\/fr\/culture\/tournee-de-jazz-et-concert-kimmo-pohjonen-eric-echampard\/#primaryimage","url":"https:\/\/www.france.fi\/wp-content\/uploads\/2025\/02\/Concert-Jazz-Sellosali-Kimmo-Eric-c-Jyrki-Kallio-1098x617.jpg","contentUrl":"https:\/\/www.france.fi\/wp-content\/uploads\/2025\/02\/Concert-Jazz-Sellosali-Kimmo-Eric-c-Jyrki-Kallio-1098x617.jpg","width":1280,"height":720,"caption":"(c) Jyrki Kallio"},{"@type":"BreadcrumbList","@id":"https:\/\/www.france.fi\/fr\/culture\/tournee-de-jazz-et-concert-kimmo-pohjonen-eric-echampard\/#breadcrumb","itemListElement":[{"@type":"ListItem","position":1,"name":"Home","item":"https:\/\/www.france.fi\/fr\/"},{"@type":"ListItem","position":2,"name":"Kulttuuri","item":"https:\/\/www.france.fi\/category\/kulttuuri\/"},{"@type":"ListItem","position":3,"name":"Tourn\u00e9e de Jazz et Concert : Kimmo Pohjonen &#038; Eric Echampard"}]},{"@type":"WebSite","@id":"https:\/\/www.france.fi\/#website","url":"https:\/\/www.france.fi\/","name":"Institut fran\u00e7ais de Finlande","description":"","publisher":{"@id":"https:\/\/www.france.fi\/#organization"},"potentialAction":[{"@type":"SearchAction","target":{"@type":"EntryPoint","urlTemplate":"https:\/\/www.france.fi\/?s={search_term_string}"},"query-input":{"@type":"PropertyValueSpecification","valueRequired":true,"valueName":"search_term_string"}}],"inLanguage":"fr-FR"},{"@type":"Organization","@id":"https:\/\/www.france.fi\/#organization","name":"Institut fran\u00e7ais de Finlande","url":"https:\/\/www.france.fi\/","logo":{"@type":"ImageObject","inLanguage":"fr-FR","@id":"https:\/\/www.france.fi\/#\/schema\/logo\/image\/","url":"https:\/\/www.france.fi\/wp-content\/uploads\/2024\/02\/if-logo-1.png","contentUrl":"https:\/\/www.france.fi\/wp-content\/uploads\/2024\/02\/if-logo-1.png","width":687,"height":459,"caption":"Institut fran\u00e7ais de Finlande"},"image":{"@id":"https:\/\/www.france.fi\/#\/schema\/logo\/image\/"},"sameAs":["https:\/\/www.facebook.com\/institutfrancaisfi","https:\/\/x.com\/IFFinlande","https:\/\/www.instagram.com\/iffinlande\/","https:\/\/fr.linkedin.com\/organization-guest\/company\/institut-fran-ais-de-finlande","https:\/\/www.youtube.com\/channel\/UCHAitdpmSbeP78eL49XMotA"]},{"@type":"Person","@id":"https:\/\/www.france.fi\/#\/schema\/person\/db81697c695313881e27d7a0098b4cfe","name":"Katri Jokela","image":{"@type":"ImageObject","inLanguage":"fr-FR","@id":"https:\/\/secure.gravatar.com\/avatar\/396aab495906d349883b262e8f147388dc2e3243e726e288a7b8da2294580805?s=96&d=mm&r=g","url":"https:\/\/secure.gravatar.com\/avatar\/396aab495906d349883b262e8f147388dc2e3243e726e288a7b8da2294580805?s=96&d=mm&r=g","contentUrl":"https:\/\/secure.gravatar.com\/avatar\/396aab495906d349883b262e8f147388dc2e3243e726e288a7b8da2294580805?s=96&d=mm&r=g","caption":"Katri Jokela"},"url":"https:\/\/www.france.fi\/fr\/author\/katri-jokelafrance-fi\/"}]}},"_links":{"self":[{"href":"https:\/\/www.france.fi\/fr\/wp-json\/wp\/v2\/posts\/19312","targetHints":{"allow":["GET"]}}],"collection":[{"href":"https:\/\/www.france.fi\/fr\/wp-json\/wp\/v2\/posts"}],"about":[{"href":"https:\/\/www.france.fi\/fr\/wp-json\/wp\/v2\/types\/post"}],"author":[{"embeddable":true,"href":"https:\/\/www.france.fi\/fr\/wp-json\/wp\/v2\/users\/8"}],"replies":[{"embeddable":true,"href":"https:\/\/www.france.fi\/fr\/wp-json\/wp\/v2\/comments?post=19312"}],"version-history":[{"count":0,"href":"https:\/\/www.france.fi\/fr\/wp-json\/wp\/v2\/posts\/19312\/revisions"}],"wp:featuredmedia":[{"embeddable":true,"href":"https:\/\/www.france.fi\/fr\/wp-json\/wp\/v2\/media\/19308"}],"wp:attachment":[{"href":"https:\/\/www.france.fi\/fr\/wp-json\/wp\/v2\/media?parent=19312"}],"wp:term":[{"taxonomy":"category","embeddable":true,"href":"https:\/\/www.france.fi\/fr\/wp-json\/wp\/v2\/categories?post=19312"},{"taxonomy":"post_tag","embeddable":true,"href":"https:\/\/www.france.fi\/fr\/wp-json\/wp\/v2\/tags?post=19312"}],"curies":[{"name":"wp","href":"https:\/\/api.w.org\/{rel}","templated":true}]}}