{"id":19337,"date":"2025-02-20T13:47:29","date_gmt":"2025-02-20T11:47:29","guid":{"rendered":"https:\/\/www.france.fi\/?p=19337"},"modified":"2025-03-12T09:38:05","modified_gmt":"2025-03-12T07:38:05","slug":"serie-de-films-pour-la-journee-internationale-des-femmes","status":"publish","type":"post","link":"https:\/\/www.france.fi\/fr\/culture\/serie-de-films-pour-la-journee-internationale-des-femmes\/","title":{"rendered":"S\u00e9rie de films fran\u00e7ais pour la Journ\u00e9e internationale des droits des femmes"},"content":{"rendered":"<p>\u00c0 l\u2019occasion de la Journ\u00e9e internationale des droits des femmes le 8 mars, l&rsquo;Institut fran\u00e7ais de Finlande coorganise des projections mettant \u00e0 l\u2019honneur le travail de r\u00e9alisatrices fran\u00e7aises \u00e0 Kino Regina et \u00e0 Cinema Orion (Helsinki).<\/p>\n<p><strong>Au Cinema Orion<\/strong>, \u00ab Les femmes au balcon\u00a0\u00bb\u00a0de No\u00e9mie Merlant sera projet\u00e9e lors <a href=\"https:\/\/cinemaorion.fi\/en\/elokuvat\/the-balconettes\/\" target=\"_blank\" rel=\"noopener\">d\u2019une s\u00e9ance sp\u00e9ciale le 8 mars \u00e0 17h<\/a>. \u00ab Les femmes au balcon \u00bb est une histoire de vengeance f\u00e9ministe dans laquelle trois femmes se retrouvent coinc\u00e9es dans leur appartement \u00e0 Marseille en pleine vague de chaleur. Lorsque leur voisin charmant les invite \u00e0 prendre un verre, ce qui semblait \u00eatre une rencontre amicale tourne rapidement au carnage. La projection sera suivie d&rsquo;une discussion sur la place de femmes dans le cin\u00e9ma.<\/p>\n<p><strong>Kino Regina<\/strong>, de son c\u00f4t\u00e9, proposera toute <a href=\"https:\/\/kinoregina.fi\/teemat\/naistenpaiva-8-3\/\" target=\"_blank\" rel=\"noopener\">une s\u00e9rie de films d\u00e9di\u00e9e \u00e0 la Journ\u00e9e des droits des femmes<\/a>. Ces films mettent en lumi\u00e8re trois productrices fran\u00e7aises dont le travail a eu un impact significatif sur l&rsquo;industrie du cin\u00e9ma :<\/p>\n<ul>\n<li><strong>Alice Guy<\/strong>\u00a0(1873-1968) : Pionni\u00e8re du cin\u00e9ma fran\u00e7ais et am\u00e9ricain, Alice Guy est largement reconnue comme la premi\u00e8re r\u00e9alisatrice de films de fiction de l\u2019histoire du cinema.<\/li>\n<li><strong>Delphine Seyrig<\/strong>\u00a0(1932-1990) : Actrice et r\u00e9alisatrice fran\u00e7aise, Delphine Seyrig a jou\u00e9 un r\u00f4le cl\u00e9 dans le mouvement f\u00e9ministe fran\u00e7ais, \u00e0 la fois devant et derri\u00e8re la cam\u00e9ra.<\/li>\n<li><strong>Audrey Diwan<\/strong>\u00a0(n\u00e9e en 1980) : \u00c9crivaine, journaliste et r\u00e9alisatrice de films fran\u00e7aise, Audrey Diwan est une figure de proue du \u00ab Collectif 50\/50 \u00bb, un mouvement militant pour la diversit\u00e9 et l\u2019\u00e9galit\u00e9 entre hommes et femmes dans le cin\u00e9ma fran\u00e7ais.<\/li>\n<\/ul>\n<p><strong>Programme \u00e0 Kino Regina:<\/strong><\/p>\n<p><strong><u>14h: Courts-m\u00e9trages d\u2019Alice Guy entre 1902 et 1916<\/u><\/strong><\/p>\n<p>Alice Guy a r\u00e9alis\u00e9 plus d\u2019un millier de films, dont de nombreux courts-m\u00e9trages d\u2019une minute. Aucun genre ne lui \u00e9tait \u00e9tranger : elle s\u2019est illustr\u00e9e aussi bien dans le western, le film policier et le fantastique que dans la satire f\u00e9ministe. La s\u00e9ance mettra \u00e0 l\u2019honneur ses films fran\u00e7ais ainsi que ses \u0153uvres pionni\u00e8res tourn\u00e9es aux \u00c9tats-Unis. La projection sera accompagn\u00e9e en musique par la pianiste P\u00e4ivi Takala.<\/p>\n<ul>\n<li>\u00ab Madame a des envies \u00bb (FR 1906)<\/li>\n<li>\u00ab La F\u00e9e aux choux \u00bb (FR 1900)<\/li>\n<li>\u00ab Sage-femme de premi\u00e8re classe \u00bb (FR 1902)<\/li>\n<li>\u00ab Sur la barricade \u00bb (FR 1907)<\/li>\n<li>\u00ab Alice Guy tourne une Phono-Sc\u00e8ne \u00bb (FR 1907)<\/li>\n<li>\u00ab Questions indiscr\u00e8tes \u00bb, film sonore<\/li>\n<li>\u00ab Chapellerie et charcuterie m\u00e9caniques \u00bb (FR 1900)<\/li>\n<li>\u00ab Les R\u00e9sultats du f\u00e9minisme \u00bb (FR 1906)<\/li>\n<li>\u00ab Le Coq dress\u00e9 \u00bb (FR 1910), film sonore<\/li>\n<li>\u00ab Chirurgie fin de si\u00e8cle \u00bb (FR 1900)<\/li>\n<li>\u00ab La Course \u00e0 la saucisse \u00bb (FR 1907)<\/li>\n<\/ul>\n<p><strong><u>15h30: \u00ab Sois belle et tais-toi ! \u00bb (Delphine Seyrig, 1976)<\/u><\/strong><\/p>\n<p>Ce documentaire est une perle f\u00e9ministe r\u00e9unissant des entretiens entre la r\u00e9alisatrice et 23 actrices. Elles y partagent leurs exp\u00e9riences professionnelles, les r\u00f4les qui leur ont \u00e9t\u00e9 propos\u00e9s et leurs relations avec les r\u00e9alisateurs. Red\u00e9couvert r\u00e9cemment, il s\u2019impose comme un v\u00e9ritable film \u00ab MeToo \u00bb, pr\u00e8s de cinquante ans avant l\u2019heure.<\/p>\n<p>Dur\u00e9e: 112 min. Sous-titres en anglais.<\/p>\n<p><strong><u>17h40: \u00ab L\u2019\u00e9v\u00e9nement \u00bb (Audrey Diwan, 2021)<\/u><\/strong><\/p>\n<p>\u00ab L\u2019\u00c9v\u00e9nement \u00bb, adapt\u00e9 du livre de la laur\u00e9ate du prix Nobel Annie Ernaux, raconte l\u2019histoire d\u2019Anne, une jeune \u00e9tudiante qui d\u00e9couvre qu\u2019elle est enceinte. D\u00e9termin\u00e9e \u00e0 poursuivre ses \u00e9tudes, elle n\u2019est pas pr\u00eate \u00e0 devenir m\u00e8re. Mais dans la France catholique des ann\u00e9es 1960, o\u00f9 l\u2019avortement est ill\u00e9gal, elle doit trouver une solution avant qu\u2019il ne soit trop tard. Ce drame poignant a remport\u00e9 le prix principal \u00e0 la Mostra de Venise.<\/p>\n<p>Dur\u00e9e : 100 min. Sous-titres en finnois.<\/p>\n","protected":false},"excerpt":{"rendered":"<p>D\u00e9couvrez les films de c\u00e9l\u00e8bres r\u00e9alisatrices fran\u00e7aises \u00e0 Kino Regina et Cinema Orion !<\/p>\n","protected":false},"author":8,"featured_media":19474,"comment_status":"closed","ping_status":"open","sticky":false,"template":"","format":"standard","meta":{"footnotes":""},"categories":[1],"tags":[206,718,719,720,721,722,723,724],"class_list":["post-19337","post","type-post","status-publish","format-standard","has-post-thumbnail","hentry","category-culture","tag-alice-guy-fr","tag-cinema","tag-film","tag-journee-internationale-des-droits-des-femmes","tag-kino-regina","tag-audrey-diwan","tag-delphine-seyrig","tag-projection"],"yoast_head":"<!-- This site is optimized with the Yoast SEO plugin v27.4 - https:\/\/yoast.com\/product\/yoast-seo-wordpress\/ -->\n<title>S\u00e9rie de films fran\u00e7ais pour la Journ\u00e9e internationale des droits des femmes - Institut fran\u00e7ais<\/title>\n<meta name=\"description\" content=\"D\u00e9couvrez les films r\u00e9volutionnaires de trois r\u00e9alisatrices fran\u00e7aises au Kino Regina le 8 mars !\" \/>\n<meta name=\"robots\" content=\"index, follow, max-snippet:-1, max-image-preview:large, max-video-preview:-1\" \/>\n<link rel=\"canonical\" href=\"https:\/\/www.france.fi\/fr\/culture\/serie-de-films-pour-la-journee-internationale-des-femmes\/\" \/>\n<meta property=\"og:locale\" content=\"fr_FR\" \/>\n<meta property=\"og:type\" content=\"article\" \/>\n<meta property=\"og:title\" content=\"S\u00e9rie de films fran\u00e7ais pour la Journ\u00e9e internationale des droits des femmes - Institut fran\u00e7ais\" \/>\n<meta property=\"og:description\" content=\"D\u00e9couvrez les films r\u00e9volutionnaires de trois r\u00e9alisatrices fran\u00e7aises au Kino Regina le 8 mars !\" \/>\n<meta property=\"og:url\" content=\"https:\/\/www.france.fi\/fr\/culture\/serie-de-films-pour-la-journee-internationale-des-femmes\/\" \/>\n<meta property=\"og:site_name\" content=\"Institut fran\u00e7ais\" \/>\n<meta property=\"article:publisher\" content=\"https:\/\/www.facebook.com\/institutfrancaisfi\" \/>\n<meta property=\"article:published_time\" content=\"2025-02-20T11:47:29+00:00\" \/>\n<meta property=\"article:modified_time\" content=\"2025-03-12T07:38:05+00:00\" \/>\n<meta property=\"og:image\" content=\"https:\/\/www.france.fi\/wp-content\/uploads\/2025\/02\/Kino-regina-2025-8.3-1-1098x617.jpg\" \/>\n\t<meta property=\"og:image:width\" content=\"1280\" \/>\n\t<meta property=\"og:image:height\" content=\"720\" \/>\n\t<meta property=\"og:image:type\" content=\"image\/jpeg\" \/>\n<meta name=\"author\" content=\"Katri Jokela\" \/>\n<meta name=\"twitter:card\" content=\"summary_large_image\" \/>\n<meta name=\"twitter:creator\" content=\"@IFFinlande\" \/>\n<meta name=\"twitter:site\" content=\"@IFFinlande\" \/>\n<meta name=\"twitter:label1\" content=\"\u00c9crit par\" \/>\n\t<meta name=\"twitter:data1\" content=\"Katri Jokela\" \/>\n\t<meta name=\"twitter:label2\" content=\"Dur\u00e9e de lecture estim\u00e9e\" \/>\n\t<meta name=\"twitter:data2\" content=\"4 minutes\" \/>\n<script type=\"application\/ld+json\" class=\"yoast-schema-graph\">{\"@context\":\"https:\\\/\\\/schema.org\",\"@graph\":[{\"@type\":\"Article\",\"@id\":\"https:\\\/\\\/www.france.fi\\\/fr\\\/culture\\\/serie-de-films-pour-la-journee-internationale-des-femmes\\\/#article\",\"isPartOf\":{\"@id\":\"https:\\\/\\\/www.france.fi\\\/fr\\\/culture\\\/serie-de-films-pour-la-journee-internationale-des-femmes\\\/\"},\"author\":{\"name\":\"Katri Jokela\",\"@id\":\"https:\\\/\\\/www.france.fi\\\/#\\\/schema\\\/person\\\/db81697c695313881e27d7a0098b4cfe\"},\"headline\":\"S\u00e9rie de films fran\u00e7ais pour la Journ\u00e9e internationale des droits des femmes\",\"datePublished\":\"2025-02-20T11:47:29+00:00\",\"dateModified\":\"2025-03-12T07:38:05+00:00\",\"mainEntityOfPage\":{\"@id\":\"https:\\\/\\\/www.france.fi\\\/fr\\\/culture\\\/serie-de-films-pour-la-journee-internationale-des-femmes\\\/\"},\"wordCount\":619,\"publisher\":{\"@id\":\"https:\\\/\\\/www.france.fi\\\/#organization\"},\"image\":{\"@id\":\"https:\\\/\\\/www.france.fi\\\/fr\\\/culture\\\/serie-de-films-pour-la-journee-internationale-des-femmes\\\/#primaryimage\"},\"thumbnailUrl\":\"https:\\\/\\\/www.france.fi\\\/wp-content\\\/uploads\\\/2025\\\/02\\\/Kino-regina-2025-8.3-1-1098x617.jpg\",\"keywords\":[\"Alice Guy\",\"cin\u00e9ma\",\"film\",\"journ\u00e9e internationale des droits des femmes\",\"kino regina\",\"audrey diwan\",\"delphine Seyrig\",\"projection\"],\"articleSection\":[\"Culture\"],\"inLanguage\":\"fr-FR\"},{\"@type\":\"WebPage\",\"@id\":\"https:\\\/\\\/www.france.fi\\\/fr\\\/culture\\\/serie-de-films-pour-la-journee-internationale-des-femmes\\\/\",\"url\":\"https:\\\/\\\/www.france.fi\\\/fr\\\/culture\\\/serie-de-films-pour-la-journee-internationale-des-femmes\\\/\",\"name\":\"S\u00e9rie de films fran\u00e7ais pour la Journ\u00e9e internationale des droits des femmes - Institut fran\u00e7ais\",\"isPartOf\":{\"@id\":\"https:\\\/\\\/www.france.fi\\\/#website\"},\"primaryImageOfPage\":{\"@id\":\"https:\\\/\\\/www.france.fi\\\/fr\\\/culture\\\/serie-de-films-pour-la-journee-internationale-des-femmes\\\/#primaryimage\"},\"image\":{\"@id\":\"https:\\\/\\\/www.france.fi\\\/fr\\\/culture\\\/serie-de-films-pour-la-journee-internationale-des-femmes\\\/#primaryimage\"},\"thumbnailUrl\":\"https:\\\/\\\/www.france.fi\\\/wp-content\\\/uploads\\\/2025\\\/02\\\/Kino-regina-2025-8.3-1-1098x617.jpg\",\"datePublished\":\"2025-02-20T11:47:29+00:00\",\"dateModified\":\"2025-03-12T07:38:05+00:00\",\"description\":\"D\u00e9couvrez les films r\u00e9volutionnaires de trois r\u00e9alisatrices fran\u00e7aises au Kino Regina le 8 mars !\",\"breadcrumb\":{\"@id\":\"https:\\\/\\\/www.france.fi\\\/fr\\\/culture\\\/serie-de-films-pour-la-journee-internationale-des-femmes\\\/#breadcrumb\"},\"inLanguage\":\"fr-FR\",\"potentialAction\":[{\"@type\":\"ReadAction\",\"target\":[\"https:\\\/\\\/www.france.fi\\\/fr\\\/culture\\\/serie-de-films-pour-la-journee-internationale-des-femmes\\\/\"]}]},{\"@type\":\"ImageObject\",\"inLanguage\":\"fr-FR\",\"@id\":\"https:\\\/\\\/www.france.fi\\\/fr\\\/culture\\\/serie-de-films-pour-la-journee-internationale-des-femmes\\\/#primaryimage\",\"url\":\"https:\\\/\\\/www.france.fi\\\/wp-content\\\/uploads\\\/2025\\\/02\\\/Kino-regina-2025-8.3-1-1098x617.jpg\",\"contentUrl\":\"https:\\\/\\\/www.france.fi\\\/wp-content\\\/uploads\\\/2025\\\/02\\\/Kino-regina-2025-8.3-1-1098x617.jpg\",\"width\":1280,\"height\":720},{\"@type\":\"BreadcrumbList\",\"@id\":\"https:\\\/\\\/www.france.fi\\\/fr\\\/culture\\\/serie-de-films-pour-la-journee-internationale-des-femmes\\\/#breadcrumb\",\"itemListElement\":[{\"@type\":\"ListItem\",\"position\":1,\"name\":\"Home\",\"item\":\"https:\\\/\\\/www.france.fi\\\/fr\\\/\"},{\"@type\":\"ListItem\",\"position\":2,\"name\":\"Culture\",\"item\":\"https:\\\/\\\/www.france.fi\\\/fr\\\/category\\\/culture\\\/\"},{\"@type\":\"ListItem\",\"position\":3,\"name\":\"S\u00e9rie de films fran\u00e7ais pour la Journ\u00e9e internationale des droits des femmes\"}]},{\"@type\":\"WebSite\",\"@id\":\"https:\\\/\\\/www.france.fi\\\/#website\",\"url\":\"https:\\\/\\\/www.france.fi\\\/\",\"name\":\"Institut fran\u00e7ais de Finlande\",\"description\":\"\",\"publisher\":{\"@id\":\"https:\\\/\\\/www.france.fi\\\/#organization\"},\"potentialAction\":[{\"@type\":\"SearchAction\",\"target\":{\"@type\":\"EntryPoint\",\"urlTemplate\":\"https:\\\/\\\/www.france.fi\\\/?s={search_term_string}\"},\"query-input\":{\"@type\":\"PropertyValueSpecification\",\"valueRequired\":true,\"valueName\":\"search_term_string\"}}],\"inLanguage\":\"fr-FR\"},{\"@type\":\"Organization\",\"@id\":\"https:\\\/\\\/www.france.fi\\\/#organization\",\"name\":\"Institut fran\u00e7ais de Finlande\",\"url\":\"https:\\\/\\\/www.france.fi\\\/\",\"logo\":{\"@type\":\"ImageObject\",\"inLanguage\":\"fr-FR\",\"@id\":\"https:\\\/\\\/www.france.fi\\\/#\\\/schema\\\/logo\\\/image\\\/\",\"url\":\"https:\\\/\\\/www.france.fi\\\/wp-content\\\/uploads\\\/2024\\\/02\\\/if-logo-1.png\",\"contentUrl\":\"https:\\\/\\\/www.france.fi\\\/wp-content\\\/uploads\\\/2024\\\/02\\\/if-logo-1.png\",\"width\":687,\"height\":459,\"caption\":\"Institut fran\u00e7ais de Finlande\"},\"image\":{\"@id\":\"https:\\\/\\\/www.france.fi\\\/#\\\/schema\\\/logo\\\/image\\\/\"},\"sameAs\":[\"https:\\\/\\\/www.facebook.com\\\/institutfrancaisfi\",\"https:\\\/\\\/x.com\\\/IFFinlande\",\"https:\\\/\\\/www.instagram.com\\\/iffinlande\\\/\",\"https:\\\/\\\/fr.linkedin.com\\\/organization-guest\\\/company\\\/institut-fran-ais-de-finlande\",\"https:\\\/\\\/www.youtube.com\\\/channel\\\/UCHAitdpmSbeP78eL49XMotA\"]},{\"@type\":\"Person\",\"@id\":\"https:\\\/\\\/www.france.fi\\\/#\\\/schema\\\/person\\\/db81697c695313881e27d7a0098b4cfe\",\"name\":\"Katri Jokela\",\"image\":{\"@type\":\"ImageObject\",\"inLanguage\":\"fr-FR\",\"@id\":\"https:\\\/\\\/secure.gravatar.com\\\/avatar\\\/396aab495906d349883b262e8f147388dc2e3243e726e288a7b8da2294580805?s=96&d=mm&r=g\",\"url\":\"https:\\\/\\\/secure.gravatar.com\\\/avatar\\\/396aab495906d349883b262e8f147388dc2e3243e726e288a7b8da2294580805?s=96&d=mm&r=g\",\"contentUrl\":\"https:\\\/\\\/secure.gravatar.com\\\/avatar\\\/396aab495906d349883b262e8f147388dc2e3243e726e288a7b8da2294580805?s=96&d=mm&r=g\",\"caption\":\"Katri Jokela\"},\"url\":\"https:\\\/\\\/www.france.fi\\\/fr\\\/author\\\/katri-jokelafrance-fi\\\/\"}]}<\/script>\n<!-- \/ Yoast SEO plugin. -->","yoast_head_json":{"title":"S\u00e9rie de films fran\u00e7ais pour la Journ\u00e9e internationale des droits des femmes - Institut fran\u00e7ais","description":"D\u00e9couvrez les films r\u00e9volutionnaires de trois r\u00e9alisatrices fran\u00e7aises au Kino Regina le 8 mars !","robots":{"index":"index","follow":"follow","max-snippet":"max-snippet:-1","max-image-preview":"max-image-preview:large","max-video-preview":"max-video-preview:-1"},"canonical":"https:\/\/www.france.fi\/fr\/culture\/serie-de-films-pour-la-journee-internationale-des-femmes\/","og_locale":"fr_FR","og_type":"article","og_title":"S\u00e9rie de films fran\u00e7ais pour la Journ\u00e9e internationale des droits des femmes - Institut fran\u00e7ais","og_description":"D\u00e9couvrez les films r\u00e9volutionnaires de trois r\u00e9alisatrices fran\u00e7aises au Kino Regina le 8 mars !","og_url":"https:\/\/www.france.fi\/fr\/culture\/serie-de-films-pour-la-journee-internationale-des-femmes\/","og_site_name":"Institut fran\u00e7ais","article_publisher":"https:\/\/www.facebook.com\/institutfrancaisfi","article_published_time":"2025-02-20T11:47:29+00:00","article_modified_time":"2025-03-12T07:38:05+00:00","og_image":[{"width":1280,"height":720,"url":"https:\/\/www.france.fi\/wp-content\/uploads\/2025\/02\/Kino-regina-2025-8.3-1-1098x617.jpg","type":"image\/jpeg"}],"author":"Katri Jokela","twitter_card":"summary_large_image","twitter_creator":"@IFFinlande","twitter_site":"@IFFinlande","twitter_misc":{"\u00c9crit par":"Katri Jokela","Dur\u00e9e de lecture estim\u00e9e":"4 minutes"},"schema":{"@context":"https:\/\/schema.org","@graph":[{"@type":"Article","@id":"https:\/\/www.france.fi\/fr\/culture\/serie-de-films-pour-la-journee-internationale-des-femmes\/#article","isPartOf":{"@id":"https:\/\/www.france.fi\/fr\/culture\/serie-de-films-pour-la-journee-internationale-des-femmes\/"},"author":{"name":"Katri Jokela","@id":"https:\/\/www.france.fi\/#\/schema\/person\/db81697c695313881e27d7a0098b4cfe"},"headline":"S\u00e9rie de films fran\u00e7ais pour la Journ\u00e9e internationale des droits des femmes","datePublished":"2025-02-20T11:47:29+00:00","dateModified":"2025-03-12T07:38:05+00:00","mainEntityOfPage":{"@id":"https:\/\/www.france.fi\/fr\/culture\/serie-de-films-pour-la-journee-internationale-des-femmes\/"},"wordCount":619,"publisher":{"@id":"https:\/\/www.france.fi\/#organization"},"image":{"@id":"https:\/\/www.france.fi\/fr\/culture\/serie-de-films-pour-la-journee-internationale-des-femmes\/#primaryimage"},"thumbnailUrl":"https:\/\/www.france.fi\/wp-content\/uploads\/2025\/02\/Kino-regina-2025-8.3-1-1098x617.jpg","keywords":["Alice Guy","cin\u00e9ma","film","journ\u00e9e internationale des droits des femmes","kino regina","audrey diwan","delphine Seyrig","projection"],"articleSection":["Culture"],"inLanguage":"fr-FR"},{"@type":"WebPage","@id":"https:\/\/www.france.fi\/fr\/culture\/serie-de-films-pour-la-journee-internationale-des-femmes\/","url":"https:\/\/www.france.fi\/fr\/culture\/serie-de-films-pour-la-journee-internationale-des-femmes\/","name":"S\u00e9rie de films fran\u00e7ais pour la Journ\u00e9e internationale des droits des femmes - Institut fran\u00e7ais","isPartOf":{"@id":"https:\/\/www.france.fi\/#website"},"primaryImageOfPage":{"@id":"https:\/\/www.france.fi\/fr\/culture\/serie-de-films-pour-la-journee-internationale-des-femmes\/#primaryimage"},"image":{"@id":"https:\/\/www.france.fi\/fr\/culture\/serie-de-films-pour-la-journee-internationale-des-femmes\/#primaryimage"},"thumbnailUrl":"https:\/\/www.france.fi\/wp-content\/uploads\/2025\/02\/Kino-regina-2025-8.3-1-1098x617.jpg","datePublished":"2025-02-20T11:47:29+00:00","dateModified":"2025-03-12T07:38:05+00:00","description":"D\u00e9couvrez les films r\u00e9volutionnaires de trois r\u00e9alisatrices fran\u00e7aises au Kino Regina le 8 mars !","breadcrumb":{"@id":"https:\/\/www.france.fi\/fr\/culture\/serie-de-films-pour-la-journee-internationale-des-femmes\/#breadcrumb"},"inLanguage":"fr-FR","potentialAction":[{"@type":"ReadAction","target":["https:\/\/www.france.fi\/fr\/culture\/serie-de-films-pour-la-journee-internationale-des-femmes\/"]}]},{"@type":"ImageObject","inLanguage":"fr-FR","@id":"https:\/\/www.france.fi\/fr\/culture\/serie-de-films-pour-la-journee-internationale-des-femmes\/#primaryimage","url":"https:\/\/www.france.fi\/wp-content\/uploads\/2025\/02\/Kino-regina-2025-8.3-1-1098x617.jpg","contentUrl":"https:\/\/www.france.fi\/wp-content\/uploads\/2025\/02\/Kino-regina-2025-8.3-1-1098x617.jpg","width":1280,"height":720},{"@type":"BreadcrumbList","@id":"https:\/\/www.france.fi\/fr\/culture\/serie-de-films-pour-la-journee-internationale-des-femmes\/#breadcrumb","itemListElement":[{"@type":"ListItem","position":1,"name":"Home","item":"https:\/\/www.france.fi\/fr\/"},{"@type":"ListItem","position":2,"name":"Culture","item":"https:\/\/www.france.fi\/fr\/category\/culture\/"},{"@type":"ListItem","position":3,"name":"S\u00e9rie de films fran\u00e7ais pour la Journ\u00e9e internationale des droits des femmes"}]},{"@type":"WebSite","@id":"https:\/\/www.france.fi\/#website","url":"https:\/\/www.france.fi\/","name":"Institut fran\u00e7ais de Finlande","description":"","publisher":{"@id":"https:\/\/www.france.fi\/#organization"},"potentialAction":[{"@type":"SearchAction","target":{"@type":"EntryPoint","urlTemplate":"https:\/\/www.france.fi\/?s={search_term_string}"},"query-input":{"@type":"PropertyValueSpecification","valueRequired":true,"valueName":"search_term_string"}}],"inLanguage":"fr-FR"},{"@type":"Organization","@id":"https:\/\/www.france.fi\/#organization","name":"Institut fran\u00e7ais de Finlande","url":"https:\/\/www.france.fi\/","logo":{"@type":"ImageObject","inLanguage":"fr-FR","@id":"https:\/\/www.france.fi\/#\/schema\/logo\/image\/","url":"https:\/\/www.france.fi\/wp-content\/uploads\/2024\/02\/if-logo-1.png","contentUrl":"https:\/\/www.france.fi\/wp-content\/uploads\/2024\/02\/if-logo-1.png","width":687,"height":459,"caption":"Institut fran\u00e7ais de Finlande"},"image":{"@id":"https:\/\/www.france.fi\/#\/schema\/logo\/image\/"},"sameAs":["https:\/\/www.facebook.com\/institutfrancaisfi","https:\/\/x.com\/IFFinlande","https:\/\/www.instagram.com\/iffinlande\/","https:\/\/fr.linkedin.com\/organization-guest\/company\/institut-fran-ais-de-finlande","https:\/\/www.youtube.com\/channel\/UCHAitdpmSbeP78eL49XMotA"]},{"@type":"Person","@id":"https:\/\/www.france.fi\/#\/schema\/person\/db81697c695313881e27d7a0098b4cfe","name":"Katri Jokela","image":{"@type":"ImageObject","inLanguage":"fr-FR","@id":"https:\/\/secure.gravatar.com\/avatar\/396aab495906d349883b262e8f147388dc2e3243e726e288a7b8da2294580805?s=96&d=mm&r=g","url":"https:\/\/secure.gravatar.com\/avatar\/396aab495906d349883b262e8f147388dc2e3243e726e288a7b8da2294580805?s=96&d=mm&r=g","contentUrl":"https:\/\/secure.gravatar.com\/avatar\/396aab495906d349883b262e8f147388dc2e3243e726e288a7b8da2294580805?s=96&d=mm&r=g","caption":"Katri Jokela"},"url":"https:\/\/www.france.fi\/fr\/author\/katri-jokelafrance-fi\/"}]}},"_links":{"self":[{"href":"https:\/\/www.france.fi\/fr\/wp-json\/wp\/v2\/posts\/19337","targetHints":{"allow":["GET"]}}],"collection":[{"href":"https:\/\/www.france.fi\/fr\/wp-json\/wp\/v2\/posts"}],"about":[{"href":"https:\/\/www.france.fi\/fr\/wp-json\/wp\/v2\/types\/post"}],"author":[{"embeddable":true,"href":"https:\/\/www.france.fi\/fr\/wp-json\/wp\/v2\/users\/8"}],"replies":[{"embeddable":true,"href":"https:\/\/www.france.fi\/fr\/wp-json\/wp\/v2\/comments?post=19337"}],"version-history":[{"count":0,"href":"https:\/\/www.france.fi\/fr\/wp-json\/wp\/v2\/posts\/19337\/revisions"}],"wp:featuredmedia":[{"embeddable":true,"href":"https:\/\/www.france.fi\/fr\/wp-json\/wp\/v2\/media\/19474"}],"wp:attachment":[{"href":"https:\/\/www.france.fi\/fr\/wp-json\/wp\/v2\/media?parent=19337"}],"wp:term":[{"taxonomy":"category","embeddable":true,"href":"https:\/\/www.france.fi\/fr\/wp-json\/wp\/v2\/categories?post=19337"},{"taxonomy":"post_tag","embeddable":true,"href":"https:\/\/www.france.fi\/fr\/wp-json\/wp\/v2\/tags?post=19337"}],"curies":[{"name":"wp","href":"https:\/\/api.w.org\/{rel}","templated":true}]}}