{"id":19777,"date":"2025-03-27T13:31:25","date_gmt":"2025-03-27T11:31:25","guid":{"rendered":"https:\/\/www.france.fi\/?p=19777"},"modified":"2025-08-22T08:40:45","modified_gmt":"2025-08-22T05:40:45","slug":"guarding-the-baltic-sea","status":"publish","type":"post","link":"https:\/\/www.france.fi\/fr\/culture\/guarding-the-baltic-sea\/","title":{"rendered":"Guarding the Baltic Sea"},"content":{"rendered":"<p><a href=\"https:\/\/www.goethe.de\/ins\/fi\/en\/kul\/sup\/bal.html\">Guarding the Baltic Sea<\/a> est un projet artistique pluridisciplinaire situ\u00e9 sur l&rsquo;\u00eele de Vartiosaari, dans l&rsquo;archipel de Helsinki, en Finlande.<\/p>\n<p>R\u00e9unissant des artistes de Finlande, de France, d&rsquo;Allemagne, d&rsquo;Estonie et de Pologne, ce projet explore des pratiques artistiques alliant savoir, empathie et action pour sensibiliser aux d\u00e9fis \u00e9cologiques auxquels font face la mer Baltique et d&rsquo;autres \u00e9tendues d&rsquo;eau.<\/p>\n<p>Les artistes fran\u00e7ais s\u00e9lectionn\u00e9s pour ce programme sont <a href=\"https:\/\/www.instagram.com\/lefebvrezisswiller\/\" target=\"_blank\" rel=\"noopener\">le duo de cin\u00e9astes Camille Zisswiller et Nicolas Lefebvre<\/a>.<\/p>\n<p>L&rsquo;initiative comprend cinq r\u00e9sidences artistiques sur l&rsquo;\u00eele de Vartiosaari entre mai et septembre 2025. Ces \u00e9changes donneront lieu \u00e0 des ateliers, des discussions publiques et une exposition finale, accompagn\u00e9e d&rsquo;une conf\u00e9rence pluridisciplinaire sur les enjeux environnementaux des mers et des oc\u00e9ans, en particulier de la mer Baltique.<\/p>\n<p>Retrouvez <a href=\"https:\/\/www.goethe.de\/ins\/fi\/en\/kul\/sup\/bal.html\" target=\"_blank\" rel=\"noopener\">la page du projet sur le site du Goethe-Institut Finnland<\/a> pour en savoir plus !<\/p>\n<p>Guarding the Baltic Sea est un projet men\u00e9 par EUNIC Finlande, le Goethe-Institut Finnland, l&rsquo;Institut fran\u00e7ais de Finlande, l&rsquo;Ambassade de Pologne \u00e0 Helsinki et l&rsquo;Ambassade d&rsquo;Estonie \u00e0 Helsinki.<\/p>\n<p>EUNIC (European Union National Institutes for Culture) est le r\u00e9seau europ\u00e9en des instituts et organisations culturels nationaux, rassemblant 39 membres issus de tous les \u00c9tats membres de l&rsquo;UE et des pays associ\u00e9s.<\/p>\n<table style=\"border-collapse: collapse; width: 100%;\">\n<tbody>\n<tr>\n<td style=\"width: 20%; border-style: hidden;\"><img loading=\"lazy\" decoding=\"async\" class=\"alignnone size-full wp-image-19784\" style=\"font-family: NonBreakingSpaceOverride, 'Hoefler Text', 'Noto Serif', Garamond, 'Times New Roman', serif; font-size: 21px; letter-spacing: normal;\" src=\"https:\/\/www.france.fi\/wp-content\/uploads\/2025\/03\/ambassade-pologne.jpg\" alt=\"\" width=\"283\" height=\"201\" \/><\/td>\n<td style=\"width: 20%; border-style: hidden;\"><img loading=\"lazy\" decoding=\"async\" class=\"alignnone size-full wp-image-19787\" style=\"font-family: NonBreakingSpaceOverride, 'Hoefler Text', 'Noto Serif', Garamond, 'Times New Roman', serif; font-size: 21px; letter-spacing: normal;\" src=\"https:\/\/www.france.fi\/wp-content\/uploads\/2025\/03\/iff.png\" alt=\"\" width=\"295\" height=\"218\" \/><\/td>\n<td style=\"width: 20%; border-style: hidden;\"><img loading=\"lazy\" decoding=\"async\" class=\"alignnone size-full wp-image-19781\" style=\"font-family: NonBreakingSpaceOverride, 'Hoefler Text', 'Noto Serif', Garamond, 'Times New Roman', serif; font-size: 21px; letter-spacing: normal;\" src=\"https:\/\/www.france.fi\/wp-content\/uploads\/2025\/03\/estonie.jpg\" alt=\"\" width=\"345\" height=\"138\" srcset=\"https:\/\/www.france.fi\/wp-content\/uploads\/2025\/03\/estonie.jpg 345w, https:\/\/www.france.fi\/wp-content\/uploads\/2025\/03\/estonie-300x120.jpg 300w\" sizes=\"auto, (max-width: 345px) 100vw, 345px\" \/><\/td>\n<td style=\"width: 20%; border-style: hidden;\"><img loading=\"lazy\" decoding=\"async\" class=\"alignnone size-full wp-image-19778\" style=\"font-family: NonBreakingSpaceOverride, 'Hoefler Text', 'Noto Serif', Garamond, 'Times New Roman', serif; font-size: 21px; letter-spacing: normal;\" src=\"https:\/\/www.france.fi\/wp-content\/uploads\/2025\/03\/goethe.png\" alt=\"\" width=\"303\" height=\"171\" srcset=\"https:\/\/www.france.fi\/wp-content\/uploads\/2025\/03\/goethe.png 303w, https:\/\/www.france.fi\/wp-content\/uploads\/2025\/03\/goethe-300x169.png 300w\" sizes=\"auto, (max-width: 303px) 100vw, 303px\" \/><\/td>\n<td style=\"width: 20%; border-style: hidden;\"><img loading=\"lazy\" decoding=\"async\" class=\"alignnone size-full wp-image-19790\" style=\"font-family: NonBreakingSpaceOverride, 'Hoefler Text', 'Noto Serif', Garamond, 'Times New Roman', serif; font-size: 21px; letter-spacing: normal;\" src=\"https:\/\/www.france.fi\/wp-content\/uploads\/2025\/03\/eunic.png\" alt=\"\" width=\"319\" height=\"101\" srcset=\"https:\/\/www.france.fi\/wp-content\/uploads\/2025\/03\/eunic.png 319w, https:\/\/www.france.fi\/wp-content\/uploads\/2025\/03\/eunic-300x95.png 300w\" sizes=\"auto, (max-width: 319px) 100vw, 319px\" \/><\/td>\n<\/tr>\n<\/tbody>\n<\/table>\n","protected":false},"excerpt":{"rendered":"<p>Un nouveau projet artistique pluridisciplinaire pour prot\u00e9ger les mers !<\/p>\n","protected":false},"author":2,"featured_media":19794,"comment_status":"closed","ping_status":"open","sticky":false,"template":"","format":"standard","meta":{"footnotes":""},"categories":[1],"tags":[],"class_list":["post-19777","post","type-post","status-publish","format-standard","has-post-thumbnail","hentry","category-culture"],"yoast_head":"<!-- This site is optimized with the Yoast SEO plugin v27.4 - https:\/\/yoast.com\/product\/yoast-seo-wordpress\/ -->\n<title>Guarding the Baltic Sea - Institut fran\u00e7ais<\/title>\n<meta name=\"robots\" content=\"index, follow, max-snippet:-1, max-image-preview:large, max-video-preview:-1\" \/>\n<link rel=\"canonical\" href=\"https:\/\/www.france.fi\/fr\/culture\/guarding-the-baltic-sea\/\" \/>\n<meta property=\"og:locale\" content=\"fr_FR\" \/>\n<meta property=\"og:type\" content=\"article\" \/>\n<meta property=\"og:title\" content=\"Guarding the Baltic Sea - Institut fran\u00e7ais\" \/>\n<meta property=\"og:description\" content=\"Un nouveau projet artistique pluridisciplinaire pour prot\u00e9ger les mers !\" \/>\n<meta property=\"og:url\" content=\"https:\/\/www.france.fi\/fr\/culture\/guarding-the-baltic-sea\/\" \/>\n<meta property=\"og:site_name\" content=\"Institut fran\u00e7ais\" \/>\n<meta property=\"article:publisher\" content=\"https:\/\/www.facebook.com\/institutfrancaisfi\" \/>\n<meta property=\"article:published_time\" content=\"2025-03-27T11:31:25+00:00\" \/>\n<meta property=\"article:modified_time\" content=\"2025-08-22T05:40:45+00:00\" \/>\n<meta property=\"og:image\" content=\"https:\/\/www.france.fi\/wp-content\/uploads\/2025\/03\/guarding-the-baltic-sea-1098x617.jpg\" \/>\n\t<meta property=\"og:image:width\" content=\"1920\" \/>\n\t<meta property=\"og:image:height\" content=\"1080\" \/>\n\t<meta property=\"og:image:type\" content=\"image\/jpeg\" \/>\n<meta name=\"author\" content=\"Equipe IFF\" \/>\n<meta name=\"twitter:card\" content=\"summary_large_image\" \/>\n<meta name=\"twitter:creator\" content=\"@IFFinlande\" \/>\n<meta name=\"twitter:site\" content=\"@IFFinlande\" \/>\n<meta name=\"twitter:label1\" content=\"\u00c9crit par\" \/>\n\t<meta name=\"twitter:data1\" content=\"Equipe IFF\" \/>\n\t<meta name=\"twitter:label2\" content=\"Dur\u00e9e de lecture estim\u00e9e\" \/>\n\t<meta name=\"twitter:data2\" content=\"3 minutes\" \/>\n<script type=\"application\/ld+json\" class=\"yoast-schema-graph\">{\"@context\":\"https:\\\/\\\/schema.org\",\"@graph\":[{\"@type\":\"Article\",\"@id\":\"https:\\\/\\\/www.france.fi\\\/fr\\\/culture\\\/guarding-the-baltic-sea\\\/#article\",\"isPartOf\":{\"@id\":\"https:\\\/\\\/www.france.fi\\\/fr\\\/culture\\\/guarding-the-baltic-sea\\\/\"},\"author\":{\"name\":\"Equipe IFF\",\"@id\":\"https:\\\/\\\/www.france.fi\\\/#\\\/schema\\\/person\\\/ed873f29db1d0af6a3600d15d3b65bfd\"},\"headline\":\"Guarding the Baltic Sea\",\"datePublished\":\"2025-03-27T11:31:25+00:00\",\"dateModified\":\"2025-08-22T05:40:45+00:00\",\"mainEntityOfPage\":{\"@id\":\"https:\\\/\\\/www.france.fi\\\/fr\\\/culture\\\/guarding-the-baltic-sea\\\/\"},\"wordCount\":224,\"publisher\":{\"@id\":\"https:\\\/\\\/www.france.fi\\\/#organization\"},\"image\":{\"@id\":\"https:\\\/\\\/www.france.fi\\\/fr\\\/culture\\\/guarding-the-baltic-sea\\\/#primaryimage\"},\"thumbnailUrl\":\"https:\\\/\\\/www.france.fi\\\/wp-content\\\/uploads\\\/2025\\\/03\\\/guarding-the-baltic-sea-1098x617.jpg\",\"articleSection\":[\"Culture\"],\"inLanguage\":\"fr-FR\"},{\"@type\":\"WebPage\",\"@id\":\"https:\\\/\\\/www.france.fi\\\/fr\\\/culture\\\/guarding-the-baltic-sea\\\/\",\"url\":\"https:\\\/\\\/www.france.fi\\\/fr\\\/culture\\\/guarding-the-baltic-sea\\\/\",\"name\":\"Guarding the Baltic Sea - Institut fran\u00e7ais\",\"isPartOf\":{\"@id\":\"https:\\\/\\\/www.france.fi\\\/#website\"},\"primaryImageOfPage\":{\"@id\":\"https:\\\/\\\/www.france.fi\\\/fr\\\/culture\\\/guarding-the-baltic-sea\\\/#primaryimage\"},\"image\":{\"@id\":\"https:\\\/\\\/www.france.fi\\\/fr\\\/culture\\\/guarding-the-baltic-sea\\\/#primaryimage\"},\"thumbnailUrl\":\"https:\\\/\\\/www.france.fi\\\/wp-content\\\/uploads\\\/2025\\\/03\\\/guarding-the-baltic-sea-1098x617.jpg\",\"datePublished\":\"2025-03-27T11:31:25+00:00\",\"dateModified\":\"2025-08-22T05:40:45+00:00\",\"breadcrumb\":{\"@id\":\"https:\\\/\\\/www.france.fi\\\/fr\\\/culture\\\/guarding-the-baltic-sea\\\/#breadcrumb\"},\"inLanguage\":\"fr-FR\",\"potentialAction\":[{\"@type\":\"ReadAction\",\"target\":[\"https:\\\/\\\/www.france.fi\\\/fr\\\/culture\\\/guarding-the-baltic-sea\\\/\"]}]},{\"@type\":\"ImageObject\",\"inLanguage\":\"fr-FR\",\"@id\":\"https:\\\/\\\/www.france.fi\\\/fr\\\/culture\\\/guarding-the-baltic-sea\\\/#primaryimage\",\"url\":\"https:\\\/\\\/www.france.fi\\\/wp-content\\\/uploads\\\/2025\\\/03\\\/guarding-the-baltic-sea-1098x617.jpg\",\"contentUrl\":\"https:\\\/\\\/www.france.fi\\\/wp-content\\\/uploads\\\/2025\\\/03\\\/guarding-the-baltic-sea-1098x617.jpg\",\"width\":1920,\"height\":1080},{\"@type\":\"BreadcrumbList\",\"@id\":\"https:\\\/\\\/www.france.fi\\\/fr\\\/culture\\\/guarding-the-baltic-sea\\\/#breadcrumb\",\"itemListElement\":[{\"@type\":\"ListItem\",\"position\":1,\"name\":\"Home\",\"item\":\"https:\\\/\\\/www.france.fi\\\/fr\\\/\"},{\"@type\":\"ListItem\",\"position\":2,\"name\":\"Culture\",\"item\":\"https:\\\/\\\/www.france.fi\\\/fr\\\/category\\\/culture\\\/\"},{\"@type\":\"ListItem\",\"position\":3,\"name\":\"Guarding the Baltic Sea\"}]},{\"@type\":\"WebSite\",\"@id\":\"https:\\\/\\\/www.france.fi\\\/#website\",\"url\":\"https:\\\/\\\/www.france.fi\\\/\",\"name\":\"Institut fran\u00e7ais de Finlande\",\"description\":\"\",\"publisher\":{\"@id\":\"https:\\\/\\\/www.france.fi\\\/#organization\"},\"potentialAction\":[{\"@type\":\"SearchAction\",\"target\":{\"@type\":\"EntryPoint\",\"urlTemplate\":\"https:\\\/\\\/www.france.fi\\\/?s={search_term_string}\"},\"query-input\":{\"@type\":\"PropertyValueSpecification\",\"valueRequired\":true,\"valueName\":\"search_term_string\"}}],\"inLanguage\":\"fr-FR\"},{\"@type\":\"Organization\",\"@id\":\"https:\\\/\\\/www.france.fi\\\/#organization\",\"name\":\"Institut fran\u00e7ais de Finlande\",\"url\":\"https:\\\/\\\/www.france.fi\\\/\",\"logo\":{\"@type\":\"ImageObject\",\"inLanguage\":\"fr-FR\",\"@id\":\"https:\\\/\\\/www.france.fi\\\/#\\\/schema\\\/logo\\\/image\\\/\",\"url\":\"https:\\\/\\\/www.france.fi\\\/wp-content\\\/uploads\\\/2024\\\/02\\\/if-logo-1.png\",\"contentUrl\":\"https:\\\/\\\/www.france.fi\\\/wp-content\\\/uploads\\\/2024\\\/02\\\/if-logo-1.png\",\"width\":687,\"height\":459,\"caption\":\"Institut fran\u00e7ais de Finlande\"},\"image\":{\"@id\":\"https:\\\/\\\/www.france.fi\\\/#\\\/schema\\\/logo\\\/image\\\/\"},\"sameAs\":[\"https:\\\/\\\/www.facebook.com\\\/institutfrancaisfi\",\"https:\\\/\\\/x.com\\\/IFFinlande\",\"https:\\\/\\\/www.instagram.com\\\/iffinlande\\\/\",\"https:\\\/\\\/fr.linkedin.com\\\/organization-guest\\\/company\\\/institut-fran-ais-de-finlande\",\"https:\\\/\\\/www.youtube.com\\\/channel\\\/UCHAitdpmSbeP78eL49XMotA\"]},{\"@type\":\"Person\",\"@id\":\"https:\\\/\\\/www.france.fi\\\/#\\\/schema\\\/person\\\/ed873f29db1d0af6a3600d15d3b65bfd\",\"name\":\"Equipe IFF\",\"image\":{\"@type\":\"ImageObject\",\"inLanguage\":\"fr-FR\",\"@id\":\"https:\\\/\\\/secure.gravatar.com\\\/avatar\\\/3c4ba80228d01014b25e45e90abb28ce315a02c6572751a7fb2298e4274989fc?s=96&d=mm&r=g\",\"url\":\"https:\\\/\\\/secure.gravatar.com\\\/avatar\\\/3c4ba80228d01014b25e45e90abb28ce315a02c6572751a7fb2298e4274989fc?s=96&d=mm&r=g\",\"contentUrl\":\"https:\\\/\\\/secure.gravatar.com\\\/avatar\\\/3c4ba80228d01014b25e45e90abb28ce315a02c6572751a7fb2298e4274989fc?s=96&d=mm&r=g\",\"caption\":\"Equipe IFF\"},\"url\":\"https:\\\/\\\/www.france.fi\\\/fr\\\/author\\\/iffadmin\\\/\"}]}<\/script>\n<!-- \/ Yoast SEO plugin. -->","yoast_head_json":{"title":"Guarding the Baltic Sea - Institut fran\u00e7ais","robots":{"index":"index","follow":"follow","max-snippet":"max-snippet:-1","max-image-preview":"max-image-preview:large","max-video-preview":"max-video-preview:-1"},"canonical":"https:\/\/www.france.fi\/fr\/culture\/guarding-the-baltic-sea\/","og_locale":"fr_FR","og_type":"article","og_title":"Guarding the Baltic Sea - Institut fran\u00e7ais","og_description":"Un nouveau projet artistique pluridisciplinaire pour prot\u00e9ger les mers !","og_url":"https:\/\/www.france.fi\/fr\/culture\/guarding-the-baltic-sea\/","og_site_name":"Institut fran\u00e7ais","article_publisher":"https:\/\/www.facebook.com\/institutfrancaisfi","article_published_time":"2025-03-27T11:31:25+00:00","article_modified_time":"2025-08-22T05:40:45+00:00","og_image":[{"width":1920,"height":1080,"url":"https:\/\/www.france.fi\/wp-content\/uploads\/2025\/03\/guarding-the-baltic-sea-1098x617.jpg","type":"image\/jpeg"}],"author":"Equipe IFF","twitter_card":"summary_large_image","twitter_creator":"@IFFinlande","twitter_site":"@IFFinlande","twitter_misc":{"\u00c9crit par":"Equipe IFF","Dur\u00e9e de lecture estim\u00e9e":"3 minutes"},"schema":{"@context":"https:\/\/schema.org","@graph":[{"@type":"Article","@id":"https:\/\/www.france.fi\/fr\/culture\/guarding-the-baltic-sea\/#article","isPartOf":{"@id":"https:\/\/www.france.fi\/fr\/culture\/guarding-the-baltic-sea\/"},"author":{"name":"Equipe IFF","@id":"https:\/\/www.france.fi\/#\/schema\/person\/ed873f29db1d0af6a3600d15d3b65bfd"},"headline":"Guarding the Baltic Sea","datePublished":"2025-03-27T11:31:25+00:00","dateModified":"2025-08-22T05:40:45+00:00","mainEntityOfPage":{"@id":"https:\/\/www.france.fi\/fr\/culture\/guarding-the-baltic-sea\/"},"wordCount":224,"publisher":{"@id":"https:\/\/www.france.fi\/#organization"},"image":{"@id":"https:\/\/www.france.fi\/fr\/culture\/guarding-the-baltic-sea\/#primaryimage"},"thumbnailUrl":"https:\/\/www.france.fi\/wp-content\/uploads\/2025\/03\/guarding-the-baltic-sea-1098x617.jpg","articleSection":["Culture"],"inLanguage":"fr-FR"},{"@type":"WebPage","@id":"https:\/\/www.france.fi\/fr\/culture\/guarding-the-baltic-sea\/","url":"https:\/\/www.france.fi\/fr\/culture\/guarding-the-baltic-sea\/","name":"Guarding the Baltic Sea - Institut fran\u00e7ais","isPartOf":{"@id":"https:\/\/www.france.fi\/#website"},"primaryImageOfPage":{"@id":"https:\/\/www.france.fi\/fr\/culture\/guarding-the-baltic-sea\/#primaryimage"},"image":{"@id":"https:\/\/www.france.fi\/fr\/culture\/guarding-the-baltic-sea\/#primaryimage"},"thumbnailUrl":"https:\/\/www.france.fi\/wp-content\/uploads\/2025\/03\/guarding-the-baltic-sea-1098x617.jpg","datePublished":"2025-03-27T11:31:25+00:00","dateModified":"2025-08-22T05:40:45+00:00","breadcrumb":{"@id":"https:\/\/www.france.fi\/fr\/culture\/guarding-the-baltic-sea\/#breadcrumb"},"inLanguage":"fr-FR","potentialAction":[{"@type":"ReadAction","target":["https:\/\/www.france.fi\/fr\/culture\/guarding-the-baltic-sea\/"]}]},{"@type":"ImageObject","inLanguage":"fr-FR","@id":"https:\/\/www.france.fi\/fr\/culture\/guarding-the-baltic-sea\/#primaryimage","url":"https:\/\/www.france.fi\/wp-content\/uploads\/2025\/03\/guarding-the-baltic-sea-1098x617.jpg","contentUrl":"https:\/\/www.france.fi\/wp-content\/uploads\/2025\/03\/guarding-the-baltic-sea-1098x617.jpg","width":1920,"height":1080},{"@type":"BreadcrumbList","@id":"https:\/\/www.france.fi\/fr\/culture\/guarding-the-baltic-sea\/#breadcrumb","itemListElement":[{"@type":"ListItem","position":1,"name":"Home","item":"https:\/\/www.france.fi\/fr\/"},{"@type":"ListItem","position":2,"name":"Culture","item":"https:\/\/www.france.fi\/fr\/category\/culture\/"},{"@type":"ListItem","position":3,"name":"Guarding the Baltic Sea"}]},{"@type":"WebSite","@id":"https:\/\/www.france.fi\/#website","url":"https:\/\/www.france.fi\/","name":"Institut fran\u00e7ais de Finlande","description":"","publisher":{"@id":"https:\/\/www.france.fi\/#organization"},"potentialAction":[{"@type":"SearchAction","target":{"@type":"EntryPoint","urlTemplate":"https:\/\/www.france.fi\/?s={search_term_string}"},"query-input":{"@type":"PropertyValueSpecification","valueRequired":true,"valueName":"search_term_string"}}],"inLanguage":"fr-FR"},{"@type":"Organization","@id":"https:\/\/www.france.fi\/#organization","name":"Institut fran\u00e7ais de Finlande","url":"https:\/\/www.france.fi\/","logo":{"@type":"ImageObject","inLanguage":"fr-FR","@id":"https:\/\/www.france.fi\/#\/schema\/logo\/image\/","url":"https:\/\/www.france.fi\/wp-content\/uploads\/2024\/02\/if-logo-1.png","contentUrl":"https:\/\/www.france.fi\/wp-content\/uploads\/2024\/02\/if-logo-1.png","width":687,"height":459,"caption":"Institut fran\u00e7ais de Finlande"},"image":{"@id":"https:\/\/www.france.fi\/#\/schema\/logo\/image\/"},"sameAs":["https:\/\/www.facebook.com\/institutfrancaisfi","https:\/\/x.com\/IFFinlande","https:\/\/www.instagram.com\/iffinlande\/","https:\/\/fr.linkedin.com\/organization-guest\/company\/institut-fran-ais-de-finlande","https:\/\/www.youtube.com\/channel\/UCHAitdpmSbeP78eL49XMotA"]},{"@type":"Person","@id":"https:\/\/www.france.fi\/#\/schema\/person\/ed873f29db1d0af6a3600d15d3b65bfd","name":"Equipe IFF","image":{"@type":"ImageObject","inLanguage":"fr-FR","@id":"https:\/\/secure.gravatar.com\/avatar\/3c4ba80228d01014b25e45e90abb28ce315a02c6572751a7fb2298e4274989fc?s=96&d=mm&r=g","url":"https:\/\/secure.gravatar.com\/avatar\/3c4ba80228d01014b25e45e90abb28ce315a02c6572751a7fb2298e4274989fc?s=96&d=mm&r=g","contentUrl":"https:\/\/secure.gravatar.com\/avatar\/3c4ba80228d01014b25e45e90abb28ce315a02c6572751a7fb2298e4274989fc?s=96&d=mm&r=g","caption":"Equipe IFF"},"url":"https:\/\/www.france.fi\/fr\/author\/iffadmin\/"}]}},"_links":{"self":[{"href":"https:\/\/www.france.fi\/fr\/wp-json\/wp\/v2\/posts\/19777","targetHints":{"allow":["GET"]}}],"collection":[{"href":"https:\/\/www.france.fi\/fr\/wp-json\/wp\/v2\/posts"}],"about":[{"href":"https:\/\/www.france.fi\/fr\/wp-json\/wp\/v2\/types\/post"}],"author":[{"embeddable":true,"href":"https:\/\/www.france.fi\/fr\/wp-json\/wp\/v2\/users\/2"}],"replies":[{"embeddable":true,"href":"https:\/\/www.france.fi\/fr\/wp-json\/wp\/v2\/comments?post=19777"}],"version-history":[{"count":0,"href":"https:\/\/www.france.fi\/fr\/wp-json\/wp\/v2\/posts\/19777\/revisions"}],"wp:featuredmedia":[{"embeddable":true,"href":"https:\/\/www.france.fi\/fr\/wp-json\/wp\/v2\/media\/19794"}],"wp:attachment":[{"href":"https:\/\/www.france.fi\/fr\/wp-json\/wp\/v2\/media?parent=19777"}],"wp:term":[{"taxonomy":"category","embeddable":true,"href":"https:\/\/www.france.fi\/fr\/wp-json\/wp\/v2\/categories?post=19777"},{"taxonomy":"post_tag","embeddable":true,"href":"https:\/\/www.france.fi\/fr\/wp-json\/wp\/v2\/tags?post=19777"}],"curies":[{"name":"wp","href":"https:\/\/api.w.org\/{rel}","templated":true}]}}