{"id":20516,"date":"2025-06-18T14:43:56","date_gmt":"2025-06-18T11:43:56","guid":{"rendered":"https:\/\/www.france.fi\/?p=20516"},"modified":"2026-06-15T09:50:14","modified_gmt":"2026-06-15T06:50:14","slug":"lappel-a-projets-franco-finlandais-maupertuis-2026-est-ouvert","status":"publish","type":"post","link":"https:\/\/www.france.fi\/fr\/archives\/lappel-a-projets-franco-finlandais-maupertuis-2026-est-ouvert\/","title":{"rendered":"L&rsquo;appel \u00e0 projets franco-finlandais Maupertuis 2026 est ouvert !"},"content":{"rendered":"<p><span class=\"TextRun SCXW165976676 BCX0\" lang=\"FR-FR\" style=\"font-size: 12pt;\" xml:lang=\"FR-FR\" data-contrast=\"none\"><span class=\"NormalTextRun SCXW165976676 BCX0\">Pierre Louis Moreau de Maupertuis \u00e9tait un math\u00e9maticien, philosophe et homme de lettres fran\u00e7ais. Il a men\u00e9 avec succ\u00e8s une exp\u00e9dition en Laponie pour d\u00e9terminer la forme de la Terre.\u00a0\u00a0<\/span><\/span><span class=\"EOP SCXW165976676 BCX0\" data-ccp-props=\"{&quot;335551550&quot;:6,&quot;335551620&quot;:6}\">\u00a0<\/span><\/p>\n<p><span data-contrast=\"none\">Tous les ans, l&rsquo;Institut fran\u00e7ais de Finlande, le minist\u00e8re fran\u00e7ais de l&rsquo;Enseignement sup\u00e9rieur et de la Recherche et la Soci\u00e9t\u00e9 finlandaise des sciences et des lettres lancent l\u2019appel \u00e0 projets Maupertuis pour initier et renforcer la coop\u00e9ration bilat\u00e9rale dans les domaines de la science, de l&rsquo;innovation et de l&rsquo;enseignement sup\u00e9rieur. L\u2019appel \u00e0 projets est ouvert \u00e0 tous les disciplines.<\/span><span data-ccp-props=\"{&quot;335551550&quot;:6,&quot;335551620&quot;:6}\">\u00a0<\/span><\/p>\n<h4><strong>Deux sous-appels sont ouverts :\u00a0<\/strong><\/h4>\n<ol>\n<li data-leveltext=\"%1.\" data-font=\"Calibri\" data-listid=\"3\" data-list-defn-props=\"{&quot;335552541&quot;:0,&quot;335559685&quot;:1080,&quot;335559991&quot;:720,&quot;469769226&quot;:&quot;Calibri&quot;,&quot;469769242&quot;:[65533,0],&quot;469777803&quot;:&quot;left&quot;,&quot;469777804&quot;:&quot;%1.&quot;,&quot;469777815&quot;:&quot;hybridMultilevel&quot;}\" aria-setsize=\"-1\" data-aria-posinset=\"1\" data-aria-level=\"1\"><strong>Mobilit\u00e9 courte des chercheurs (RSM)\u00a0<\/strong><span data-ccp-props=\"{&quot;335551550&quot;:6,&quot;335551620&quot;:6}\"><br \/>\n<\/span>Afin d&rsquo;initier ou de renforcer la coop\u00e9ration dans les domaines de la science, de l&rsquo;innovation et de l&rsquo;enseignement sup\u00e9rieur dans toutes les disciplines, ce sous-appel permet aux chercheurs s\u00e9lectionn\u00e9s, jeunes ou confirm\u00e9s, de Finlande et de France (dans les deux sens) de rendre visite \u00e0 leurs homologues pour une courte p\u00e9riode allant de quelques jours \u00e0 quelques semaines.\u00a0<span data-ccp-props=\"{&quot;335551550&quot;:6,&quot;335551620&quot;:6}\"><br \/>\n<\/span>Les doctorants et les jeunes chercheurs sont encourag\u00e9s \u00e0 d\u00e9poser leur candidature.<span data-ccp-props=\"{&quot;335551550&quot;:6,&quot;335551620&quot;:6}\"><br \/>\n<\/span>Les financements iront de 1 200 \u00e0 2 400 euros selon la dur\u00e9e de la mobilit\u00e9 et couvriront les frais de voyage, d&rsquo;h\u00e9bergement et de s\u00e9jour.<span data-ccp-props=\"{&quot;335551550&quot;:6,&quot;335551620&quot;:6}\">\u00a0<\/span><\/li>\n<li data-leveltext=\"%1.\" data-font=\"Calibri\" data-listid=\"3\" data-list-defn-props=\"{&quot;335552541&quot;:0,&quot;335559685&quot;:1080,&quot;335559991&quot;:720,&quot;469769226&quot;:&quot;Calibri&quot;,&quot;469769242&quot;:[65533,0],&quot;469777803&quot;:&quot;left&quot;,&quot;469777804&quot;:&quot;%1.&quot;,&quot;469777815&quot;:&quot;hybridMultilevel&quot;}\" aria-setsize=\"-1\" data-aria-posinset=\"1\" data-aria-level=\"1\"><strong>Atelier \u00ab\u00a0Enseignement sup\u00e9rieur, recherche et innovation\u00a0\u00bb (ERI-W)\u00a0<\/strong><span data-ccp-props=\"{&quot;335551550&quot;:6,&quot;335551620&quot;:6}\"><br \/>\n<\/span>Le sous-appel ERI-W vise \u00e0 renforcer les collaborations entre chercheurs fran\u00e7ais et finlandais de toutes disciplines par le biais d&rsquo;un workshop de quelques jours impliquant plusieurs chercheurs (une quinzaine) qui peut avoir lieu en Finlande ou en France. L&rsquo;atelier doit \u00eatre cibl\u00e9 et concret. Le format de l&rsquo;atelier peut \u00eatre multilat\u00e9ral plut\u00f4t que bilat\u00e9ral, notamment en vue d&rsquo;une future candidature Horizon Europe ou ERASMUS+.\u00a0<span data-ccp-props=\"{&quot;335551550&quot;:6,&quot;335551620&quot;:6}\"><br \/>\n<\/span>Les financements s&rsquo;\u00e9l\u00e8veront \u00e0 un maximum de 6 000 euros.<span data-ccp-props=\"{&quot;335551550&quot;:6,&quot;335551620&quot;:6}\">\u00a0<\/span><\/li>\n<\/ol>\n<h4><b><span data-contrast=\"none\">Modalit\u00e9s des subventions<\/span><\/b><span data-ccp-props=\"{&quot;335551550&quot;:6,&quot;335551620&quot;:6}\">\u00a0<\/span><\/h4>\n<p><span data-contrast=\"none\">Les mobilit\u00e9s et les workshops doivent \u00eatre planifi\u00e9s entre mars 2026 et le 15 d\u00e9cembre 2026. Il est \u00e9galement possible de les tenir en 2027 si cela s&rsquo;av\u00e8re pertinent.<\/span><span data-ccp-props=\"{&quot;335551550&quot;:6,&quot;335551620&quot;:6}\">\u00a0<\/span><\/p>\n<p><span data-contrast=\"none\">Les candidatures seront examin\u00e9es par la Finlande et la France. La s\u00e9lection suivra les recommandations d&rsquo;un comit\u00e9 conjoint compos\u00e9 de repr\u00e9sentants des bailleurs. Les r\u00e9sultats de la s\u00e9lection seront transmis aux candidats en f\u00e9vrier 2026.<\/span><span data-ccp-props=\"{&quot;335551550&quot;:6,&quot;335551620&quot;:6}\">\u00a0<\/span><\/p>\n<h4><b><span data-contrast=\"none\">Documents de l&rsquo;appel\u00a0<\/span><\/b><span data-ccp-props=\"{&quot;335551550&quot;:6,&quot;335551620&quot;:6}\">\u00a0<\/span><\/h4>\n<ul>\n<li data-leveltext=\"\uf0b7\" data-font=\"Symbol\" data-listid=\"2\" data-list-defn-props=\"{&quot;335552541&quot;:1,&quot;335559685&quot;:720,&quot;335559991&quot;:360,&quot;469769226&quot;:&quot;Symbol&quot;,&quot;469769242&quot;:[8226],&quot;469777803&quot;:&quot;left&quot;,&quot;469777804&quot;:&quot;\uf0b7&quot;,&quot;469777815&quot;:&quot;hybridMultilevel&quot;}\" aria-setsize=\"-1\" data-aria-posinset=\"1\" data-aria-level=\"1\"><a href=\"https:\/\/www.france.fi\/wp-content\/uploads\/2025\/06\/Maupertuis-2026-Call-Text-EN.pdf\" target=\"_blank\" rel=\"noopener\">Maupertuis 2026 &#8211; Texte de l&rsquo;appel\u00a0<\/a><\/li>\n<\/ul>\n<ul>\n<li data-leveltext=\"\uf0b7\" data-font=\"Symbol\" data-listid=\"2\" data-list-defn-props=\"{&quot;335552541&quot;:1,&quot;335559685&quot;:720,&quot;335559991&quot;:360,&quot;469769226&quot;:&quot;Symbol&quot;,&quot;469769242&quot;:[8226],&quot;469777803&quot;:&quot;left&quot;,&quot;469777804&quot;:&quot;\uf0b7&quot;,&quot;469777815&quot;:&quot;hybridMultilevel&quot;}\" aria-setsize=\"-1\" data-aria-posinset=\"2\" data-aria-level=\"1\"><a href=\"https:\/\/www.france.fi\/wp-content\/uploads\/2025\/06\/Maupertuis-2026-Application-Template-RSM.docx\">Maupertuis 2026 &#8211; Mod\u00e8le de candidature RSM\u00a0<\/a><\/li>\n<\/ul>\n<ul>\n<li data-leveltext=\"\uf0b7\" data-font=\"Symbol\" data-listid=\"2\" data-list-defn-props=\"{&quot;335552541&quot;:1,&quot;335559685&quot;:720,&quot;335559991&quot;:360,&quot;469769226&quot;:&quot;Symbol&quot;,&quot;469769242&quot;:[8226],&quot;469777803&quot;:&quot;left&quot;,&quot;469777804&quot;:&quot;\uf0b7&quot;,&quot;469777815&quot;:&quot;hybridMultilevel&quot;}\" aria-setsize=\"-1\" data-aria-posinset=\"3\" data-aria-level=\"1\"><span data-ccp-props=\"{&quot;335551550&quot;:6,&quot;335551620&quot;:6}\"><a href=\"https:\/\/www.france.fi\/wp-content\/uploads\/2025\/06\/Maupertuis-2026-Application-Template-ERI-W.docx\">Maupertuis 2026 &#8211; Mod\u00e8le de candidature ERI-W<\/a>\u00a0<\/span><\/li>\n<\/ul>\n<h4><b><span data-contrast=\"none\">Candidature\u00a0<\/span><\/b><span data-ccp-props=\"{&quot;335551550&quot;:6,&quot;335551620&quot;:6}\">\u00a0<\/span><\/h4>\n<p><span data-contrast=\"none\">Les mod\u00e8les de candidature (voir section ci-dessus) d\u00e9crivent les informations et documents n\u00e9cessaires \u00e0 la constitution de votre dossier de candidature. Les candidatures sont soumises \u00e0 l&rsquo;aide des formulaires en ligne suivants :<\/span><span data-ccp-props=\"{&quot;335551550&quot;:6,&quot;335551620&quot;:6}\">\u00a0<\/span><\/p>\n<ul>\n<li data-leveltext=\"\uf0b7\" data-font=\"Symbol\" data-listid=\"1\" data-list-defn-props=\"{&quot;335552541&quot;:1,&quot;335559685&quot;:720,&quot;335559991&quot;:360,&quot;469769226&quot;:&quot;Symbol&quot;,&quot;469769242&quot;:[8226],&quot;469777803&quot;:&quot;left&quot;,&quot;469777804&quot;:&quot;\uf0b7&quot;,&quot;469777815&quot;:&quot;hybridMultilevel&quot;}\" aria-setsize=\"-1\" data-aria-posinset=\"1\" data-aria-level=\"1\"><a href=\"https:\/\/forms.gle\/aB7uMpJ5asRRLvWe9\" target=\"_blank\" rel=\"noopener\"><span data-contrast=\"none\">Maupertuis 2026 &#8211; Formulaire de candidature en ligne RSM<\/span><\/a><span data-ccp-props=\"{&quot;335551550&quot;:6,&quot;335551620&quot;:6}\">\u00a0<\/span><\/li>\n<\/ul>\n<ul>\n<li data-leveltext=\"\uf0b7\" data-font=\"Symbol\" data-listid=\"1\" data-list-defn-props=\"{&quot;335552541&quot;:1,&quot;335559685&quot;:720,&quot;335559991&quot;:360,&quot;469769226&quot;:&quot;Symbol&quot;,&quot;469769242&quot;:[8226],&quot;469777803&quot;:&quot;left&quot;,&quot;469777804&quot;:&quot;\uf0b7&quot;,&quot;469777815&quot;:&quot;hybridMultilevel&quot;}\" aria-setsize=\"-1\" data-aria-posinset=\"2\" data-aria-level=\"1\"><a href=\"https:\/\/forms.gle\/sGwWkpWRdNGubKju9\" target=\"_blank\" rel=\"noopener\"><span data-contrast=\"none\">Maupertuis 2026 &#8211; Formulaire de candidature en ligne ERI-W<\/span><\/a><span data-ccp-props=\"{&quot;335551550&quot;:6,&quot;335551620&quot;:6}\">\u00a0<\/span><\/li>\n<\/ul>\n<h4><b><span data-contrast=\"none\">Contact<\/span><\/b><span data-ccp-props=\"{&quot;335551550&quot;:6,&quot;335551620&quot;:6}\">\u00a0<\/span><\/h4>\n<p><strong><a href=\"mailto:science@france.fi\">science@france.fi<\/a><\/strong><span data-contrast=\"none\"><strong>\u00a0<\/strong>\u00a0<\/span><span data-ccp-props=\"{&quot;335551550&quot;:6,&quot;335551620&quot;:6}\">\u00a0<\/span><\/p>\n","protected":false},"excerpt":{"rendered":"<p>Envie d\u2019effectuer un projet de mobilit\u00e9 et de recherche entre la France et la Finlande ? Candidatez pour le programme Maupertuis au plus tard le 22 septembre 2025 ! <\/p>\n","protected":false},"author":2,"featured_media":13095,"comment_status":"closed","ping_status":"open","sticky":false,"template":"","format":"standard","meta":{"_acf_changed":false,"_kad_post_transparent":"","_kad_post_title":"","_kad_post_layout":"","_kad_post_sidebar_id":"","_kad_post_content_style":"","_kad_post_vertical_padding":"","_kad_post_feature":"","_kad_post_feature_position":"","_kad_post_header":false,"_kad_post_footer":false,"_kad_post_classname":"","footnotes":""},"categories":[1],"tags":[],"class_list":["post-20516","post","type-post","status-publish","format-standard","has-post-thumbnail","hentry","category-archives"],"acf":[],"yoast_head":"<!-- This site is optimized with the Yoast SEO plugin v28.3 - https:\/\/yoast.com\/product\/yoast-seo-wordpress\/ -->\n<title>L&#039;appel \u00e0 projets franco-finlandais Maupertuis 2026 est ouvert ! - Institut fran\u00e7ais de Finlande<\/title>\n<meta name=\"robots\" content=\"index, follow, max-snippet:-1, max-image-preview:large, max-video-preview:-1\" \/>\n<link rel=\"canonical\" href=\"https:\/\/www.france.fi\/fr\/archives\/lappel-a-projets-franco-finlandais-maupertuis-2026-est-ouvert\/\" \/>\n<meta property=\"og:locale\" content=\"fr_FR\" \/>\n<meta property=\"og:type\" content=\"article\" \/>\n<meta property=\"og:title\" content=\"L&#039;appel \u00e0 projets franco-finlandais Maupertuis 2026 est ouvert ! - Institut fran\u00e7ais de Finlande\" \/>\n<meta property=\"og:description\" content=\"Envie d\u2019effectuer un projet de mobilit\u00e9 et de recherche entre la France et la Finlande ? Candidatez pour le programme Maupertuis au plus tard le 22 septembre 2025 !\" \/>\n<meta property=\"og:url\" content=\"https:\/\/www.france.fi\/fr\/archives\/lappel-a-projets-franco-finlandais-maupertuis-2026-est-ouvert\/\" \/>\n<meta property=\"og:site_name\" content=\"Institut fran\u00e7ais de Finlande\" \/>\n<meta property=\"article:publisher\" content=\"https:\/\/www.facebook.com\/institutfrancaisfi\" \/>\n<meta property=\"article:published_time\" content=\"2025-06-18T11:43:56+00:00\" \/>\n<meta property=\"article:modified_time\" content=\"2026-06-15T06:50:14+00:00\" \/>\n<meta property=\"og:image\" content=\"https:\/\/www.france.fi\/wp-content\/uploads\/2023\/05\/Maupertuis-1098x617.jpg\" \/>\n\t<meta property=\"og:image:width\" content=\"1280\" \/>\n\t<meta property=\"og:image:height\" content=\"720\" \/>\n\t<meta property=\"og:image:type\" content=\"image\/jpeg\" \/>\n<meta name=\"author\" content=\"Equipe IFF\" \/>\n<meta name=\"twitter:card\" content=\"summary_large_image\" \/>\n<meta name=\"twitter:creator\" content=\"@IFFinlande\" \/>\n<meta name=\"twitter:site\" content=\"@IFFinlande\" \/>\n<meta name=\"twitter:label1\" content=\"\u00c9crit par\" \/>\n\t<meta name=\"twitter:data1\" content=\"Equipe IFF\" \/>\n\t<meta name=\"twitter:label2\" content=\"Dur\u00e9e de lecture estim\u00e9e\" \/>\n\t<meta name=\"twitter:data2\" content=\"3 minutes\" \/>\n<script type=\"application\/ld+json\" class=\"yoast-schema-graph\">{\"@context\":\"https:\\\/\\\/schema.org\",\"@graph\":[{\"@type\":\"Article\",\"@id\":\"https:\\\/\\\/www.france.fi\\\/fr\\\/archives\\\/lappel-a-projets-franco-finlandais-maupertuis-2026-est-ouvert\\\/#article\",\"isPartOf\":{\"@id\":\"https:\\\/\\\/www.france.fi\\\/fr\\\/archives\\\/lappel-a-projets-franco-finlandais-maupertuis-2026-est-ouvert\\\/\"},\"author\":{\"name\":\"Equipe IFF\",\"@id\":\"https:\\\/\\\/www.france.fi\\\/#\\\/schema\\\/person\\\/ed873f29db1d0af6a3600d15d3b65bfd\"},\"headline\":\"L&rsquo;appel \u00e0 projets franco-finlandais Maupertuis 2026 est ouvert !\",\"datePublished\":\"2025-06-18T11:43:56+00:00\",\"dateModified\":\"2026-06-15T06:50:14+00:00\",\"mainEntityOfPage\":{\"@id\":\"https:\\\/\\\/www.france.fi\\\/fr\\\/archives\\\/lappel-a-projets-franco-finlandais-maupertuis-2026-est-ouvert\\\/\"},\"wordCount\":466,\"publisher\":{\"@id\":\"https:\\\/\\\/www.france.fi\\\/#organization\"},\"image\":{\"@id\":\"https:\\\/\\\/www.france.fi\\\/fr\\\/archives\\\/lappel-a-projets-franco-finlandais-maupertuis-2026-est-ouvert\\\/#primaryimage\"},\"thumbnailUrl\":\"https:\\\/\\\/www.france.fi\\\/wp-content\\\/uploads\\\/2023\\\/05\\\/Maupertuis-1098x617.jpg\",\"articleSection\":[\"Archives\"],\"inLanguage\":\"fr-FR\"},{\"@type\":\"WebPage\",\"@id\":\"https:\\\/\\\/www.france.fi\\\/fr\\\/archives\\\/lappel-a-projets-franco-finlandais-maupertuis-2026-est-ouvert\\\/\",\"url\":\"https:\\\/\\\/www.france.fi\\\/fr\\\/archives\\\/lappel-a-projets-franco-finlandais-maupertuis-2026-est-ouvert\\\/\",\"name\":\"L'appel \u00e0 projets franco-finlandais Maupertuis 2026 est ouvert ! - Institut fran\u00e7ais de Finlande\",\"isPartOf\":{\"@id\":\"https:\\\/\\\/www.france.fi\\\/#website\"},\"primaryImageOfPage\":{\"@id\":\"https:\\\/\\\/www.france.fi\\\/fr\\\/archives\\\/lappel-a-projets-franco-finlandais-maupertuis-2026-est-ouvert\\\/#primaryimage\"},\"image\":{\"@id\":\"https:\\\/\\\/www.france.fi\\\/fr\\\/archives\\\/lappel-a-projets-franco-finlandais-maupertuis-2026-est-ouvert\\\/#primaryimage\"},\"thumbnailUrl\":\"https:\\\/\\\/www.france.fi\\\/wp-content\\\/uploads\\\/2023\\\/05\\\/Maupertuis-1098x617.jpg\",\"datePublished\":\"2025-06-18T11:43:56+00:00\",\"dateModified\":\"2026-06-15T06:50:14+00:00\",\"breadcrumb\":{\"@id\":\"https:\\\/\\\/www.france.fi\\\/fr\\\/archives\\\/lappel-a-projets-franco-finlandais-maupertuis-2026-est-ouvert\\\/#breadcrumb\"},\"inLanguage\":\"fr-FR\",\"potentialAction\":[{\"@type\":\"ReadAction\",\"target\":[\"https:\\\/\\\/www.france.fi\\\/fr\\\/archives\\\/lappel-a-projets-franco-finlandais-maupertuis-2026-est-ouvert\\\/\"]}]},{\"@type\":\"ImageObject\",\"inLanguage\":\"fr-FR\",\"@id\":\"https:\\\/\\\/www.france.fi\\\/fr\\\/archives\\\/lappel-a-projets-franco-finlandais-maupertuis-2026-est-ouvert\\\/#primaryimage\",\"url\":\"https:\\\/\\\/www.france.fi\\\/wp-content\\\/uploads\\\/2023\\\/05\\\/Maupertuis-1098x617.jpg\",\"contentUrl\":\"https:\\\/\\\/www.france.fi\\\/wp-content\\\/uploads\\\/2023\\\/05\\\/Maupertuis-1098x617.jpg\",\"width\":1280,\"height\":720},{\"@type\":\"BreadcrumbList\",\"@id\":\"https:\\\/\\\/www.france.fi\\\/fr\\\/archives\\\/lappel-a-projets-franco-finlandais-maupertuis-2026-est-ouvert\\\/#breadcrumb\",\"itemListElement\":[{\"@type\":\"ListItem\",\"position\":1,\"name\":\"Kotisivu\",\"item\":\"https:\\\/\\\/www.france.fi\\\/fr\\\/\"},{\"@type\":\"ListItem\",\"position\":2,\"name\":\"Sciences et universit\u00e9s\",\"item\":\"https:\\\/\\\/www.france.fi\\\/fr\\\/category\\\/sciences-et-universites\\\/\"},{\"@type\":\"ListItem\",\"position\":3,\"name\":\"L&rsquo;appel \u00e0 projets franco-finlandais Maupertuis 2026 est ouvert !\"}]},{\"@type\":\"WebSite\",\"@id\":\"https:\\\/\\\/www.france.fi\\\/#website\",\"url\":\"https:\\\/\\\/www.france.fi\\\/\",\"name\":\"Institut fran\u00e7ais de Finlande\",\"description\":\"\",\"publisher\":{\"@id\":\"https:\\\/\\\/www.france.fi\\\/#organization\"},\"potentialAction\":[{\"@type\":\"SearchAction\",\"target\":{\"@type\":\"EntryPoint\",\"urlTemplate\":\"https:\\\/\\\/www.france.fi\\\/?s={search_term_string}\"},\"query-input\":{\"@type\":\"PropertyValueSpecification\",\"valueRequired\":true,\"valueName\":\"search_term_string\"}}],\"inLanguage\":\"fr-FR\"},{\"@type\":\"Organization\",\"@id\":\"https:\\\/\\\/www.france.fi\\\/#organization\",\"name\":\"Institut fran\u00e7ais de Finlande\",\"url\":\"https:\\\/\\\/www.france.fi\\\/\",\"logo\":{\"@type\":\"ImageObject\",\"inLanguage\":\"fr-FR\",\"@id\":\"https:\\\/\\\/www.france.fi\\\/#\\\/schema\\\/logo\\\/image\\\/\",\"url\":\"https:\\\/\\\/www.france.fi\\\/wp-content\\\/uploads\\\/2026\\\/06\\\/cropped-Logo-IFF.png\",\"contentUrl\":\"https:\\\/\\\/www.france.fi\\\/wp-content\\\/uploads\\\/2026\\\/06\\\/cropped-Logo-IFF.png\",\"width\":527,\"height\":190,\"caption\":\"Institut fran\u00e7ais de Finlande\"},\"image\":{\"@id\":\"https:\\\/\\\/www.france.fi\\\/#\\\/schema\\\/logo\\\/image\\\/\"},\"sameAs\":[\"https:\\\/\\\/www.facebook.com\\\/institutfrancaisfi\",\"https:\\\/\\\/x.com\\\/IFFinlande\",\"https:\\\/\\\/www.instagram.com\\\/iffinlande\\\/\",\"https:\\\/\\\/fr.linkedin.com\\\/organization-guest\\\/company\\\/institut-fran-ais-de-finlande\",\"https:\\\/\\\/www.youtube.com\\\/channel\\\/UCHAitdpmSbeP78eL49XMotA\"]},{\"@type\":\"Person\",\"@id\":\"https:\\\/\\\/www.france.fi\\\/#\\\/schema\\\/person\\\/ed873f29db1d0af6a3600d15d3b65bfd\",\"name\":\"Equipe IFF\",\"image\":{\"@type\":\"ImageObject\",\"inLanguage\":\"fr-FR\",\"@id\":\"https:\\\/\\\/secure.gravatar.com\\\/avatar\\\/3c4ba80228d01014b25e45e90abb28ce315a02c6572751a7fb2298e4274989fc?s=96&d=mm&r=g\",\"url\":\"https:\\\/\\\/secure.gravatar.com\\\/avatar\\\/3c4ba80228d01014b25e45e90abb28ce315a02c6572751a7fb2298e4274989fc?s=96&d=mm&r=g\",\"contentUrl\":\"https:\\\/\\\/secure.gravatar.com\\\/avatar\\\/3c4ba80228d01014b25e45e90abb28ce315a02c6572751a7fb2298e4274989fc?s=96&d=mm&r=g\",\"caption\":\"Equipe IFF\"},\"url\":\"https:\\\/\\\/www.france.fi\\\/fr\\\/author\\\/iffadmin\\\/\"}]}<\/script>\n<!-- \/ Yoast SEO plugin. -->","yoast_head_json":{"title":"L'appel \u00e0 projets franco-finlandais Maupertuis 2026 est ouvert ! - Institut fran\u00e7ais de Finlande","robots":{"index":"index","follow":"follow","max-snippet":"max-snippet:-1","max-image-preview":"max-image-preview:large","max-video-preview":"max-video-preview:-1"},"canonical":"https:\/\/www.france.fi\/fr\/archives\/lappel-a-projets-franco-finlandais-maupertuis-2026-est-ouvert\/","og_locale":"fr_FR","og_type":"article","og_title":"L'appel \u00e0 projets franco-finlandais Maupertuis 2026 est ouvert ! - Institut fran\u00e7ais de Finlande","og_description":"Envie d\u2019effectuer un projet de mobilit\u00e9 et de recherche entre la France et la Finlande ? Candidatez pour le programme Maupertuis au plus tard le 22 septembre 2025 !","og_url":"https:\/\/www.france.fi\/fr\/archives\/lappel-a-projets-franco-finlandais-maupertuis-2026-est-ouvert\/","og_site_name":"Institut fran\u00e7ais de Finlande","article_publisher":"https:\/\/www.facebook.com\/institutfrancaisfi","article_published_time":"2025-06-18T11:43:56+00:00","article_modified_time":"2026-06-15T06:50:14+00:00","og_image":[{"width":1280,"height":720,"url":"https:\/\/www.france.fi\/wp-content\/uploads\/2023\/05\/Maupertuis-1098x617.jpg","type":"image\/jpeg"}],"author":"Equipe IFF","twitter_card":"summary_large_image","twitter_creator":"@IFFinlande","twitter_site":"@IFFinlande","twitter_misc":{"\u00c9crit par":"Equipe IFF","Dur\u00e9e de lecture estim\u00e9e":"3 minutes"},"schema":{"@context":"https:\/\/schema.org","@graph":[{"@type":"Article","@id":"https:\/\/www.france.fi\/fr\/archives\/lappel-a-projets-franco-finlandais-maupertuis-2026-est-ouvert\/#article","isPartOf":{"@id":"https:\/\/www.france.fi\/fr\/archives\/lappel-a-projets-franco-finlandais-maupertuis-2026-est-ouvert\/"},"author":{"name":"Equipe IFF","@id":"https:\/\/www.france.fi\/#\/schema\/person\/ed873f29db1d0af6a3600d15d3b65bfd"},"headline":"L&rsquo;appel \u00e0 projets franco-finlandais Maupertuis 2026 est ouvert !","datePublished":"2025-06-18T11:43:56+00:00","dateModified":"2026-06-15T06:50:14+00:00","mainEntityOfPage":{"@id":"https:\/\/www.france.fi\/fr\/archives\/lappel-a-projets-franco-finlandais-maupertuis-2026-est-ouvert\/"},"wordCount":466,"publisher":{"@id":"https:\/\/www.france.fi\/#organization"},"image":{"@id":"https:\/\/www.france.fi\/fr\/archives\/lappel-a-projets-franco-finlandais-maupertuis-2026-est-ouvert\/#primaryimage"},"thumbnailUrl":"https:\/\/www.france.fi\/wp-content\/uploads\/2023\/05\/Maupertuis-1098x617.jpg","articleSection":["Archives"],"inLanguage":"fr-FR"},{"@type":"WebPage","@id":"https:\/\/www.france.fi\/fr\/archives\/lappel-a-projets-franco-finlandais-maupertuis-2026-est-ouvert\/","url":"https:\/\/www.france.fi\/fr\/archives\/lappel-a-projets-franco-finlandais-maupertuis-2026-est-ouvert\/","name":"L'appel \u00e0 projets franco-finlandais Maupertuis 2026 est ouvert ! - Institut fran\u00e7ais de Finlande","isPartOf":{"@id":"https:\/\/www.france.fi\/#website"},"primaryImageOfPage":{"@id":"https:\/\/www.france.fi\/fr\/archives\/lappel-a-projets-franco-finlandais-maupertuis-2026-est-ouvert\/#primaryimage"},"image":{"@id":"https:\/\/www.france.fi\/fr\/archives\/lappel-a-projets-franco-finlandais-maupertuis-2026-est-ouvert\/#primaryimage"},"thumbnailUrl":"https:\/\/www.france.fi\/wp-content\/uploads\/2023\/05\/Maupertuis-1098x617.jpg","datePublished":"2025-06-18T11:43:56+00:00","dateModified":"2026-06-15T06:50:14+00:00","breadcrumb":{"@id":"https:\/\/www.france.fi\/fr\/archives\/lappel-a-projets-franco-finlandais-maupertuis-2026-est-ouvert\/#breadcrumb"},"inLanguage":"fr-FR","potentialAction":[{"@type":"ReadAction","target":["https:\/\/www.france.fi\/fr\/archives\/lappel-a-projets-franco-finlandais-maupertuis-2026-est-ouvert\/"]}]},{"@type":"ImageObject","inLanguage":"fr-FR","@id":"https:\/\/www.france.fi\/fr\/archives\/lappel-a-projets-franco-finlandais-maupertuis-2026-est-ouvert\/#primaryimage","url":"https:\/\/www.france.fi\/wp-content\/uploads\/2023\/05\/Maupertuis-1098x617.jpg","contentUrl":"https:\/\/www.france.fi\/wp-content\/uploads\/2023\/05\/Maupertuis-1098x617.jpg","width":1280,"height":720},{"@type":"BreadcrumbList","@id":"https:\/\/www.france.fi\/fr\/archives\/lappel-a-projets-franco-finlandais-maupertuis-2026-est-ouvert\/#breadcrumb","itemListElement":[{"@type":"ListItem","position":1,"name":"Kotisivu","item":"https:\/\/www.france.fi\/fr\/"},{"@type":"ListItem","position":2,"name":"Sciences et universit\u00e9s","item":"https:\/\/www.france.fi\/fr\/category\/sciences-et-universites\/"},{"@type":"ListItem","position":3,"name":"L&rsquo;appel \u00e0 projets franco-finlandais Maupertuis 2026 est ouvert !"}]},{"@type":"WebSite","@id":"https:\/\/www.france.fi\/#website","url":"https:\/\/www.france.fi\/","name":"Institut fran\u00e7ais de Finlande","description":"","publisher":{"@id":"https:\/\/www.france.fi\/#organization"},"potentialAction":[{"@type":"SearchAction","target":{"@type":"EntryPoint","urlTemplate":"https:\/\/www.france.fi\/?s={search_term_string}"},"query-input":{"@type":"PropertyValueSpecification","valueRequired":true,"valueName":"search_term_string"}}],"inLanguage":"fr-FR"},{"@type":"Organization","@id":"https:\/\/www.france.fi\/#organization","name":"Institut fran\u00e7ais de Finlande","url":"https:\/\/www.france.fi\/","logo":{"@type":"ImageObject","inLanguage":"fr-FR","@id":"https:\/\/www.france.fi\/#\/schema\/logo\/image\/","url":"https:\/\/www.france.fi\/wp-content\/uploads\/2026\/06\/cropped-Logo-IFF.png","contentUrl":"https:\/\/www.france.fi\/wp-content\/uploads\/2026\/06\/cropped-Logo-IFF.png","width":527,"height":190,"caption":"Institut fran\u00e7ais de Finlande"},"image":{"@id":"https:\/\/www.france.fi\/#\/schema\/logo\/image\/"},"sameAs":["https:\/\/www.facebook.com\/institutfrancaisfi","https:\/\/x.com\/IFFinlande","https:\/\/www.instagram.com\/iffinlande\/","https:\/\/fr.linkedin.com\/organization-guest\/company\/institut-fran-ais-de-finlande","https:\/\/www.youtube.com\/channel\/UCHAitdpmSbeP78eL49XMotA"]},{"@type":"Person","@id":"https:\/\/www.france.fi\/#\/schema\/person\/ed873f29db1d0af6a3600d15d3b65bfd","name":"Equipe IFF","image":{"@type":"ImageObject","inLanguage":"fr-FR","@id":"https:\/\/secure.gravatar.com\/avatar\/3c4ba80228d01014b25e45e90abb28ce315a02c6572751a7fb2298e4274989fc?s=96&d=mm&r=g","url":"https:\/\/secure.gravatar.com\/avatar\/3c4ba80228d01014b25e45e90abb28ce315a02c6572751a7fb2298e4274989fc?s=96&d=mm&r=g","contentUrl":"https:\/\/secure.gravatar.com\/avatar\/3c4ba80228d01014b25e45e90abb28ce315a02c6572751a7fb2298e4274989fc?s=96&d=mm&r=g","caption":"Equipe IFF"},"url":"https:\/\/www.france.fi\/fr\/author\/iffadmin\/"}]}},"_links":{"self":[{"href":"https:\/\/www.france.fi\/fr\/wp-json\/wp\/v2\/posts\/20516","targetHints":{"allow":["GET"]}}],"collection":[{"href":"https:\/\/www.france.fi\/fr\/wp-json\/wp\/v2\/posts"}],"about":[{"href":"https:\/\/www.france.fi\/fr\/wp-json\/wp\/v2\/types\/post"}],"author":[{"embeddable":true,"href":"https:\/\/www.france.fi\/fr\/wp-json\/wp\/v2\/users\/2"}],"replies":[{"embeddable":true,"href":"https:\/\/www.france.fi\/fr\/wp-json\/wp\/v2\/comments?post=20516"}],"version-history":[{"count":1,"href":"https:\/\/www.france.fi\/fr\/wp-json\/wp\/v2\/posts\/20516\/revisions"}],"predecessor-version":[{"id":25896,"href":"https:\/\/www.france.fi\/fr\/wp-json\/wp\/v2\/posts\/20516\/revisions\/25896"}],"wp:featuredmedia":[{"embeddable":true,"href":"https:\/\/www.france.fi\/fr\/wp-json\/wp\/v2\/media\/13095"}],"wp:attachment":[{"href":"https:\/\/www.france.fi\/fr\/wp-json\/wp\/v2\/media?parent=20516"}],"wp:term":[{"taxonomy":"category","embeddable":true,"href":"https:\/\/www.france.fi\/fr\/wp-json\/wp\/v2\/categories?post=20516"},{"taxonomy":"post_tag","embeddable":true,"href":"https:\/\/www.france.fi\/fr\/wp-json\/wp\/v2\/tags?post=20516"}],"curies":[{"name":"wp","href":"https:\/\/api.w.org\/{rel}","templated":true}]}}