{"id":22143,"date":"2025-10-22T10:05:28","date_gmt":"2025-10-22T07:05:28","guid":{"rendered":"https:\/\/www.france.fi\/?p=22143"},"modified":"2025-11-07T08:56:21","modified_gmt":"2025-11-07T06:56:21","slug":"film-francais-du-mois-vingt-dieux","status":"publish","type":"post","link":"https:\/\/www.france.fi\/fr\/culture\/film-francais-du-mois-vingt-dieux\/","title":{"rendered":"Film fran\u00e7ais du mois : \u00ab Vingt Dieux \u00bb"},"content":{"rendered":"<p><span data-contrast=\"auto\">Pour notre deuxi\u00e8me rendez-vous du \u00ab Film fran\u00e7ais du mois \u00bb, d\u00e9couvrez \u00ab Vingt Dieux \u00bb (Louise Courvoisier, 2024), qui suit les aventures (et m\u00e9saventures) de Totone, un jeune de la campagne, contraint de s\u2019occuper de sa petite s\u0153ur apr\u00e8s la mort de leur p\u00e8re dans un accident de voiture. Une histoire d\u2019amour, d\u2019entraide et de d\u00e9brouille, qui a re\u00e7u le prix jeunesse de la section <\/span><i><span data-contrast=\"auto\">Un certain regard<\/span><\/i><span data-contrast=\"auto\"> au festival de Cannes 2024.\u00a0<\/span><span data-ccp-props=\"{}\">\u00a0<\/span><\/p>\n<p><i><span data-contrast=\"auto\">Synopsis :<\/span><\/i><span data-contrast=\"auto\"> Totone, 18 ans, passe le plus clair de son temps \u00e0 boire des bi\u00e8res et \u00e9cumer les bals du Jura avec sa bande de potes. Mais la r\u00e9alit\u00e9 le rattrape : il doit s\u2019occuper de sa petite s\u0153ur de 7 ans et trouver un moyen de gagner sa vie. Il se met alors en te\u0302te de fabriquer le meilleur comt\u00e9 de la r\u00e9gion, celui avec lequel il remporterait la m\u00e9daille d&rsquo;or du concours agricole et 30 000 euros.<\/span><span data-ccp-props=\"{}\">\u00a0<\/span><\/p>\n<p><span data-contrast=\"auto\">Dur\u00e9e : 1h30\u00a0<\/span><span data-ccp-props=\"{}\"><br \/>\n<\/span><span data-contrast=\"auto\">Langues : Fran\u00e7ais, sous-titr\u00e9 en anglais\u00a0<\/span><span data-ccp-props=\"{}\">\u00a0<\/span><\/p>\n<p><span data-contrast=\"auto\">Les billets sont disponibles <\/span><a href=\"https:\/\/cinemaorion.fi\/elokuvat\/vingt-dieux\/\" target=\"_blank\" rel=\"noopener\"><span data-contrast=\"none\">sur la page du cin\u00e9ma Orion<\/span><\/a><span data-contrast=\"auto\"> (9,5\u20ac &#8211; 12\u20ac).<\/span><span data-ccp-props=\"{}\">\u00a0<\/span><\/p>\n<blockquote><p><span data-contrast=\"auto\">La s\u00e9rie \u00ab Film fran\u00e7ais du mois \u00bb est une collaboration entre<img loading=\"lazy\" decoding=\"async\" class=\" wp-image-22144 alignright\" src=\"https:\/\/www.france.fi\/wp-content\/uploads\/2025\/10\/fleur-288x300.png\" alt=\"\" width=\"158\" height=\"164\" srcset=\"https:\/\/www.france.fi\/wp-content\/uploads\/2025\/10\/fleur-288x300.png 288w, https:\/\/www.france.fi\/wp-content\/uploads\/2025\/10\/fleur.png 338w\" sizes=\"auto, (max-width: 158px) 100vw, 158px\" \/> l\u2019Institut fran\u00e7ais de Finlande et le Cinema Orion. Chaque mois, elle met \u00e0 l\u2019honneur un film fran\u00e7ais, des nouveaut\u00e9s aux grands classiques. Une belle occasion de (re)d\u00e9couvrir la richesse du cin\u00e9ma fran\u00e7ais sur grand \u00e9cran.<\/span><span data-ccp-props=\"{}\">\u00a0<\/span><\/p><\/blockquote>\n","protected":false},"excerpt":{"rendered":"<p>Faire du fromage pour sauver sa petite s\u0153ur : c\u2019est le pari de Totone, 18 ans, dans le premier long-m\u00e9trage de Louise Courvoisier. <\/p>\n","protected":false},"author":2,"featured_media":22148,"comment_status":"closed","ping_status":"open","sticky":false,"template":"","format":"standard","meta":{"footnotes":""},"categories":[1],"tags":[],"class_list":["post-22143","post","type-post","status-publish","format-standard","has-post-thumbnail","hentry","category-culture"],"yoast_head":"<!-- This site is optimized with the Yoast SEO plugin v27.4 - https:\/\/yoast.com\/product\/yoast-seo-wordpress\/ -->\n<title>Film fran\u00e7ais du mois : \u00ab Vingt Dieux \u00bb - Institut fran\u00e7ais<\/title>\n<meta name=\"robots\" content=\"index, follow, max-snippet:-1, max-image-preview:large, max-video-preview:-1\" \/>\n<link rel=\"canonical\" href=\"https:\/\/www.france.fi\/fr\/culture\/film-francais-du-mois-vingt-dieux\/\" \/>\n<meta property=\"og:locale\" content=\"fr_FR\" \/>\n<meta property=\"og:type\" content=\"article\" \/>\n<meta property=\"og:title\" content=\"Film fran\u00e7ais du mois : \u00ab Vingt Dieux \u00bb - Institut fran\u00e7ais\" \/>\n<meta property=\"og:description\" content=\"Faire du fromage pour sauver sa petite s\u0153ur : c\u2019est le pari de Totone, 18 ans, dans le premier long-m\u00e9trage de Louise Courvoisier.\" \/>\n<meta property=\"og:url\" content=\"https:\/\/www.france.fi\/fr\/culture\/film-francais-du-mois-vingt-dieux\/\" \/>\n<meta property=\"og:site_name\" content=\"Institut fran\u00e7ais\" \/>\n<meta property=\"article:publisher\" content=\"https:\/\/www.facebook.com\/institutfrancaisfi\" \/>\n<meta property=\"article:published_time\" content=\"2025-10-22T07:05:28+00:00\" \/>\n<meta property=\"article:modified_time\" content=\"2025-11-07T06:56:21+00:00\" \/>\n<meta property=\"og:image\" content=\"https:\/\/www.france.fi\/wp-content\/uploads\/2025\/10\/Vingt-Dieux.jpg\" \/>\n\t<meta property=\"og:image:width\" content=\"1920\" \/>\n\t<meta property=\"og:image:height\" content=\"1080\" \/>\n\t<meta property=\"og:image:type\" content=\"image\/jpeg\" \/>\n<meta name=\"author\" content=\"Equipe IFF\" \/>\n<meta name=\"twitter:card\" content=\"summary_large_image\" \/>\n<meta name=\"twitter:creator\" content=\"@IFFinlande\" \/>\n<meta name=\"twitter:site\" content=\"@IFFinlande\" \/>\n<meta name=\"twitter:label1\" content=\"\u00c9crit par\" \/>\n\t<meta name=\"twitter:data1\" content=\"Equipe IFF\" \/>\n\t<meta name=\"twitter:label2\" content=\"Dur\u00e9e de lecture estim\u00e9e\" \/>\n\t<meta name=\"twitter:data2\" content=\"2 minutes\" \/>\n<script type=\"application\/ld+json\" class=\"yoast-schema-graph\">{\"@context\":\"https:\\\/\\\/schema.org\",\"@graph\":[{\"@type\":\"Article\",\"@id\":\"https:\\\/\\\/www.france.fi\\\/fr\\\/culture\\\/film-francais-du-mois-vingt-dieux\\\/#article\",\"isPartOf\":{\"@id\":\"https:\\\/\\\/www.france.fi\\\/fr\\\/culture\\\/film-francais-du-mois-vingt-dieux\\\/\"},\"author\":{\"name\":\"Equipe IFF\",\"@id\":\"https:\\\/\\\/www.france.fi\\\/#\\\/schema\\\/person\\\/ed873f29db1d0af6a3600d15d3b65bfd\"},\"headline\":\"Film fran\u00e7ais du mois : \u00ab Vingt Dieux \u00bb\",\"datePublished\":\"2025-10-22T07:05:28+00:00\",\"dateModified\":\"2025-11-07T06:56:21+00:00\",\"mainEntityOfPage\":{\"@id\":\"https:\\\/\\\/www.france.fi\\\/fr\\\/culture\\\/film-francais-du-mois-vingt-dieux\\\/\"},\"wordCount\":244,\"publisher\":{\"@id\":\"https:\\\/\\\/www.france.fi\\\/#organization\"},\"image\":{\"@id\":\"https:\\\/\\\/www.france.fi\\\/fr\\\/culture\\\/film-francais-du-mois-vingt-dieux\\\/#primaryimage\"},\"thumbnailUrl\":\"https:\\\/\\\/www.france.fi\\\/wp-content\\\/uploads\\\/2025\\\/10\\\/Vingt-Dieux.jpg\",\"articleSection\":[\"Culture\"],\"inLanguage\":\"fr-FR\"},{\"@type\":\"WebPage\",\"@id\":\"https:\\\/\\\/www.france.fi\\\/fr\\\/culture\\\/film-francais-du-mois-vingt-dieux\\\/\",\"url\":\"https:\\\/\\\/www.france.fi\\\/fr\\\/culture\\\/film-francais-du-mois-vingt-dieux\\\/\",\"name\":\"Film fran\u00e7ais du mois : \u00ab Vingt Dieux \u00bb - Institut fran\u00e7ais\",\"isPartOf\":{\"@id\":\"https:\\\/\\\/www.france.fi\\\/#website\"},\"primaryImageOfPage\":{\"@id\":\"https:\\\/\\\/www.france.fi\\\/fr\\\/culture\\\/film-francais-du-mois-vingt-dieux\\\/#primaryimage\"},\"image\":{\"@id\":\"https:\\\/\\\/www.france.fi\\\/fr\\\/culture\\\/film-francais-du-mois-vingt-dieux\\\/#primaryimage\"},\"thumbnailUrl\":\"https:\\\/\\\/www.france.fi\\\/wp-content\\\/uploads\\\/2025\\\/10\\\/Vingt-Dieux.jpg\",\"datePublished\":\"2025-10-22T07:05:28+00:00\",\"dateModified\":\"2025-11-07T06:56:21+00:00\",\"breadcrumb\":{\"@id\":\"https:\\\/\\\/www.france.fi\\\/fr\\\/culture\\\/film-francais-du-mois-vingt-dieux\\\/#breadcrumb\"},\"inLanguage\":\"fr-FR\",\"potentialAction\":[{\"@type\":\"ReadAction\",\"target\":[\"https:\\\/\\\/www.france.fi\\\/fr\\\/culture\\\/film-francais-du-mois-vingt-dieux\\\/\"]}]},{\"@type\":\"ImageObject\",\"inLanguage\":\"fr-FR\",\"@id\":\"https:\\\/\\\/www.france.fi\\\/fr\\\/culture\\\/film-francais-du-mois-vingt-dieux\\\/#primaryimage\",\"url\":\"https:\\\/\\\/www.france.fi\\\/wp-content\\\/uploads\\\/2025\\\/10\\\/Vingt-Dieux.jpg\",\"contentUrl\":\"https:\\\/\\\/www.france.fi\\\/wp-content\\\/uploads\\\/2025\\\/10\\\/Vingt-Dieux.jpg\",\"width\":1920,\"height\":1080},{\"@type\":\"BreadcrumbList\",\"@id\":\"https:\\\/\\\/www.france.fi\\\/fr\\\/culture\\\/film-francais-du-mois-vingt-dieux\\\/#breadcrumb\",\"itemListElement\":[{\"@type\":\"ListItem\",\"position\":1,\"name\":\"Home\",\"item\":\"https:\\\/\\\/www.france.fi\\\/fr\\\/\"},{\"@type\":\"ListItem\",\"position\":2,\"name\":\"Culture\",\"item\":\"https:\\\/\\\/www.france.fi\\\/fr\\\/category\\\/culture\\\/\"},{\"@type\":\"ListItem\",\"position\":3,\"name\":\"Film fran\u00e7ais du mois : \u00ab Vingt Dieux \u00bb\"}]},{\"@type\":\"WebSite\",\"@id\":\"https:\\\/\\\/www.france.fi\\\/#website\",\"url\":\"https:\\\/\\\/www.france.fi\\\/\",\"name\":\"Institut fran\u00e7ais de Finlande\",\"description\":\"\",\"publisher\":{\"@id\":\"https:\\\/\\\/www.france.fi\\\/#organization\"},\"potentialAction\":[{\"@type\":\"SearchAction\",\"target\":{\"@type\":\"EntryPoint\",\"urlTemplate\":\"https:\\\/\\\/www.france.fi\\\/?s={search_term_string}\"},\"query-input\":{\"@type\":\"PropertyValueSpecification\",\"valueRequired\":true,\"valueName\":\"search_term_string\"}}],\"inLanguage\":\"fr-FR\"},{\"@type\":\"Organization\",\"@id\":\"https:\\\/\\\/www.france.fi\\\/#organization\",\"name\":\"Institut fran\u00e7ais de Finlande\",\"url\":\"https:\\\/\\\/www.france.fi\\\/\",\"logo\":{\"@type\":\"ImageObject\",\"inLanguage\":\"fr-FR\",\"@id\":\"https:\\\/\\\/www.france.fi\\\/#\\\/schema\\\/logo\\\/image\\\/\",\"url\":\"https:\\\/\\\/www.france.fi\\\/wp-content\\\/uploads\\\/2024\\\/02\\\/if-logo-1.png\",\"contentUrl\":\"https:\\\/\\\/www.france.fi\\\/wp-content\\\/uploads\\\/2024\\\/02\\\/if-logo-1.png\",\"width\":687,\"height\":459,\"caption\":\"Institut fran\u00e7ais de Finlande\"},\"image\":{\"@id\":\"https:\\\/\\\/www.france.fi\\\/#\\\/schema\\\/logo\\\/image\\\/\"},\"sameAs\":[\"https:\\\/\\\/www.facebook.com\\\/institutfrancaisfi\",\"https:\\\/\\\/x.com\\\/IFFinlande\",\"https:\\\/\\\/www.instagram.com\\\/iffinlande\\\/\",\"https:\\\/\\\/fr.linkedin.com\\\/organization-guest\\\/company\\\/institut-fran-ais-de-finlande\",\"https:\\\/\\\/www.youtube.com\\\/channel\\\/UCHAitdpmSbeP78eL49XMotA\"]},{\"@type\":\"Person\",\"@id\":\"https:\\\/\\\/www.france.fi\\\/#\\\/schema\\\/person\\\/ed873f29db1d0af6a3600d15d3b65bfd\",\"name\":\"Equipe IFF\",\"image\":{\"@type\":\"ImageObject\",\"inLanguage\":\"fr-FR\",\"@id\":\"https:\\\/\\\/secure.gravatar.com\\\/avatar\\\/3c4ba80228d01014b25e45e90abb28ce315a02c6572751a7fb2298e4274989fc?s=96&d=mm&r=g\",\"url\":\"https:\\\/\\\/secure.gravatar.com\\\/avatar\\\/3c4ba80228d01014b25e45e90abb28ce315a02c6572751a7fb2298e4274989fc?s=96&d=mm&r=g\",\"contentUrl\":\"https:\\\/\\\/secure.gravatar.com\\\/avatar\\\/3c4ba80228d01014b25e45e90abb28ce315a02c6572751a7fb2298e4274989fc?s=96&d=mm&r=g\",\"caption\":\"Equipe IFF\"},\"url\":\"https:\\\/\\\/www.france.fi\\\/fr\\\/author\\\/iffadmin\\\/\"}]}<\/script>\n<!-- \/ Yoast SEO plugin. -->","yoast_head_json":{"title":"Film fran\u00e7ais du mois : \u00ab Vingt Dieux \u00bb - Institut fran\u00e7ais","robots":{"index":"index","follow":"follow","max-snippet":"max-snippet:-1","max-image-preview":"max-image-preview:large","max-video-preview":"max-video-preview:-1"},"canonical":"https:\/\/www.france.fi\/fr\/culture\/film-francais-du-mois-vingt-dieux\/","og_locale":"fr_FR","og_type":"article","og_title":"Film fran\u00e7ais du mois : \u00ab Vingt Dieux \u00bb - Institut fran\u00e7ais","og_description":"Faire du fromage pour sauver sa petite s\u0153ur : c\u2019est le pari de Totone, 18 ans, dans le premier long-m\u00e9trage de Louise Courvoisier.","og_url":"https:\/\/www.france.fi\/fr\/culture\/film-francais-du-mois-vingt-dieux\/","og_site_name":"Institut fran\u00e7ais","article_publisher":"https:\/\/www.facebook.com\/institutfrancaisfi","article_published_time":"2025-10-22T07:05:28+00:00","article_modified_time":"2025-11-07T06:56:21+00:00","og_image":[{"width":1920,"height":1080,"url":"https:\/\/www.france.fi\/wp-content\/uploads\/2025\/10\/Vingt-Dieux.jpg","type":"image\/jpeg"}],"author":"Equipe IFF","twitter_card":"summary_large_image","twitter_creator":"@IFFinlande","twitter_site":"@IFFinlande","twitter_misc":{"\u00c9crit par":"Equipe IFF","Dur\u00e9e de lecture estim\u00e9e":"2 minutes"},"schema":{"@context":"https:\/\/schema.org","@graph":[{"@type":"Article","@id":"https:\/\/www.france.fi\/fr\/culture\/film-francais-du-mois-vingt-dieux\/#article","isPartOf":{"@id":"https:\/\/www.france.fi\/fr\/culture\/film-francais-du-mois-vingt-dieux\/"},"author":{"name":"Equipe IFF","@id":"https:\/\/www.france.fi\/#\/schema\/person\/ed873f29db1d0af6a3600d15d3b65bfd"},"headline":"Film fran\u00e7ais du mois : \u00ab Vingt Dieux \u00bb","datePublished":"2025-10-22T07:05:28+00:00","dateModified":"2025-11-07T06:56:21+00:00","mainEntityOfPage":{"@id":"https:\/\/www.france.fi\/fr\/culture\/film-francais-du-mois-vingt-dieux\/"},"wordCount":244,"publisher":{"@id":"https:\/\/www.france.fi\/#organization"},"image":{"@id":"https:\/\/www.france.fi\/fr\/culture\/film-francais-du-mois-vingt-dieux\/#primaryimage"},"thumbnailUrl":"https:\/\/www.france.fi\/wp-content\/uploads\/2025\/10\/Vingt-Dieux.jpg","articleSection":["Culture"],"inLanguage":"fr-FR"},{"@type":"WebPage","@id":"https:\/\/www.france.fi\/fr\/culture\/film-francais-du-mois-vingt-dieux\/","url":"https:\/\/www.france.fi\/fr\/culture\/film-francais-du-mois-vingt-dieux\/","name":"Film fran\u00e7ais du mois : \u00ab Vingt Dieux \u00bb - Institut fran\u00e7ais","isPartOf":{"@id":"https:\/\/www.france.fi\/#website"},"primaryImageOfPage":{"@id":"https:\/\/www.france.fi\/fr\/culture\/film-francais-du-mois-vingt-dieux\/#primaryimage"},"image":{"@id":"https:\/\/www.france.fi\/fr\/culture\/film-francais-du-mois-vingt-dieux\/#primaryimage"},"thumbnailUrl":"https:\/\/www.france.fi\/wp-content\/uploads\/2025\/10\/Vingt-Dieux.jpg","datePublished":"2025-10-22T07:05:28+00:00","dateModified":"2025-11-07T06:56:21+00:00","breadcrumb":{"@id":"https:\/\/www.france.fi\/fr\/culture\/film-francais-du-mois-vingt-dieux\/#breadcrumb"},"inLanguage":"fr-FR","potentialAction":[{"@type":"ReadAction","target":["https:\/\/www.france.fi\/fr\/culture\/film-francais-du-mois-vingt-dieux\/"]}]},{"@type":"ImageObject","inLanguage":"fr-FR","@id":"https:\/\/www.france.fi\/fr\/culture\/film-francais-du-mois-vingt-dieux\/#primaryimage","url":"https:\/\/www.france.fi\/wp-content\/uploads\/2025\/10\/Vingt-Dieux.jpg","contentUrl":"https:\/\/www.france.fi\/wp-content\/uploads\/2025\/10\/Vingt-Dieux.jpg","width":1920,"height":1080},{"@type":"BreadcrumbList","@id":"https:\/\/www.france.fi\/fr\/culture\/film-francais-du-mois-vingt-dieux\/#breadcrumb","itemListElement":[{"@type":"ListItem","position":1,"name":"Home","item":"https:\/\/www.france.fi\/fr\/"},{"@type":"ListItem","position":2,"name":"Culture","item":"https:\/\/www.france.fi\/fr\/category\/culture\/"},{"@type":"ListItem","position":3,"name":"Film fran\u00e7ais du mois : \u00ab Vingt Dieux \u00bb"}]},{"@type":"WebSite","@id":"https:\/\/www.france.fi\/#website","url":"https:\/\/www.france.fi\/","name":"Institut fran\u00e7ais de Finlande","description":"","publisher":{"@id":"https:\/\/www.france.fi\/#organization"},"potentialAction":[{"@type":"SearchAction","target":{"@type":"EntryPoint","urlTemplate":"https:\/\/www.france.fi\/?s={search_term_string}"},"query-input":{"@type":"PropertyValueSpecification","valueRequired":true,"valueName":"search_term_string"}}],"inLanguage":"fr-FR"},{"@type":"Organization","@id":"https:\/\/www.france.fi\/#organization","name":"Institut fran\u00e7ais de Finlande","url":"https:\/\/www.france.fi\/","logo":{"@type":"ImageObject","inLanguage":"fr-FR","@id":"https:\/\/www.france.fi\/#\/schema\/logo\/image\/","url":"https:\/\/www.france.fi\/wp-content\/uploads\/2024\/02\/if-logo-1.png","contentUrl":"https:\/\/www.france.fi\/wp-content\/uploads\/2024\/02\/if-logo-1.png","width":687,"height":459,"caption":"Institut fran\u00e7ais de Finlande"},"image":{"@id":"https:\/\/www.france.fi\/#\/schema\/logo\/image\/"},"sameAs":["https:\/\/www.facebook.com\/institutfrancaisfi","https:\/\/x.com\/IFFinlande","https:\/\/www.instagram.com\/iffinlande\/","https:\/\/fr.linkedin.com\/organization-guest\/company\/institut-fran-ais-de-finlande","https:\/\/www.youtube.com\/channel\/UCHAitdpmSbeP78eL49XMotA"]},{"@type":"Person","@id":"https:\/\/www.france.fi\/#\/schema\/person\/ed873f29db1d0af6a3600d15d3b65bfd","name":"Equipe IFF","image":{"@type":"ImageObject","inLanguage":"fr-FR","@id":"https:\/\/secure.gravatar.com\/avatar\/3c4ba80228d01014b25e45e90abb28ce315a02c6572751a7fb2298e4274989fc?s=96&d=mm&r=g","url":"https:\/\/secure.gravatar.com\/avatar\/3c4ba80228d01014b25e45e90abb28ce315a02c6572751a7fb2298e4274989fc?s=96&d=mm&r=g","contentUrl":"https:\/\/secure.gravatar.com\/avatar\/3c4ba80228d01014b25e45e90abb28ce315a02c6572751a7fb2298e4274989fc?s=96&d=mm&r=g","caption":"Equipe IFF"},"url":"https:\/\/www.france.fi\/fr\/author\/iffadmin\/"}]}},"_links":{"self":[{"href":"https:\/\/www.france.fi\/fr\/wp-json\/wp\/v2\/posts\/22143","targetHints":{"allow":["GET"]}}],"collection":[{"href":"https:\/\/www.france.fi\/fr\/wp-json\/wp\/v2\/posts"}],"about":[{"href":"https:\/\/www.france.fi\/fr\/wp-json\/wp\/v2\/types\/post"}],"author":[{"embeddable":true,"href":"https:\/\/www.france.fi\/fr\/wp-json\/wp\/v2\/users\/2"}],"replies":[{"embeddable":true,"href":"https:\/\/www.france.fi\/fr\/wp-json\/wp\/v2\/comments?post=22143"}],"version-history":[{"count":0,"href":"https:\/\/www.france.fi\/fr\/wp-json\/wp\/v2\/posts\/22143\/revisions"}],"wp:featuredmedia":[{"embeddable":true,"href":"https:\/\/www.france.fi\/fr\/wp-json\/wp\/v2\/media\/22148"}],"wp:attachment":[{"href":"https:\/\/www.france.fi\/fr\/wp-json\/wp\/v2\/media?parent=22143"}],"wp:term":[{"taxonomy":"category","embeddable":true,"href":"https:\/\/www.france.fi\/fr\/wp-json\/wp\/v2\/categories?post=22143"},{"taxonomy":"post_tag","embeddable":true,"href":"https:\/\/www.france.fi\/fr\/wp-json\/wp\/v2\/tags?post=22143"}],"curies":[{"name":"wp","href":"https:\/\/api.w.org\/{rel}","templated":true}]}}