{"id":22292,"date":"2025-10-29T10:09:58","date_gmt":"2025-10-29T08:09:58","guid":{"rendered":"https:\/\/www.france.fi\/?p=22292"},"modified":"2025-12-15T09:39:34","modified_gmt":"2025-12-15T07:39:34","slug":"saison-des-films-francais","status":"publish","type":"post","link":"https:\/\/www.france.fi\/fr\/culture\/saison-des-films-francais\/","title":{"rendered":"Saison des films fran\u00e7ais"},"content":{"rendered":"<p><span data-contrast=\"auto\">Des avant-premi\u00e8res aux classiques, en passant par le tout nouveau cin\u00e9ma Sheryl, les films fran\u00e7ais seront partout en novembre et en d\u00e9cembre dans la r\u00e9gion de Helsinki !<\/span><span data-ccp-props=\"{}\">\u00a0<\/span><\/p>\n<p><span data-contrast=\"auto\">Pour vous aider \u00e0 faire votre choix, voici un r\u00e9capitulatif des s\u00e9ances \u00e0 ne pas manquer :<\/span><span data-ccp-props=\"{}\">\u00a0<\/span><\/p>\n<h4><a href=\"https:\/\/cinemaorion.fi\/en\/\" target=\"_blank\" rel=\"noopener\"><span data-contrast=\"none\">23 novembre : La Haine (Cinema Orion)<\/span><\/a><span data-ccp-props=\"{}\">\u00a0<\/span><\/h4>\n<p><span data-contrast=\"auto\">Trente ans apr\u00e8s sa premi\u00e8re au Festival de Cannes, le classique intemporel de Mathieu Kassovitz, \u00ab La Haine \u00bb, continue de marquer le cin\u00e9ma fran\u00e7ais. Fort de son succ\u00e8s cet \u00e9t\u00e9 au cin\u00e9ma Orion, le film revient pour une deuxi\u00e8me projection.<\/span><span data-ccp-props=\"{}\">\u00a0<\/span><\/p>\n<p><span data-contrast=\"auto\">Le film suit Vinz, Sa\u00efd et Hubert, trois jeunes d\u2019une banlieue parisienne en tension, pendant vingt-quatre heures de col\u00e8re et de d\u00e9sillusion, au lendemain d\u2019\u00e9meutes d\u00e9clench\u00e9es par les violences polici\u00e8res.<\/span><span data-ccp-props=\"{}\">\u00a0<\/span><\/p>\n<h4><a href=\"https:\/\/cinemaorion.fi\/en\/\" target=\"_blank\" rel=\"noopener\"><span data-contrast=\"none\">27 novembre : Avant-premi\u00e8re &#8211; Vie priv\u00e9e (Cinema Orion)<\/span><\/a><span data-ccp-props=\"{}\">\u00a0<\/span><\/h4>\n<p><span data-contrast=\"auto\">Soyez parmi les premiers en Finlande \u00e0 d\u00e9couvrir en avant-premi\u00e8re le nouveau film policier de Rebecca Zlotowski !\u00a0<\/span><span data-ccp-props=\"{}\">\u00a0<\/span><\/p>\n<p><span data-contrast=\"auto\">Au c\u0153ur du film, Lilian Steiner, une psychiatre reconnue. Quand elle apprend la mort de l\u2019une de ses patientes, elle se persuade qu\u2019il s\u2019agit d\u2019un meurtre. Troubl\u00e9e, elle d\u00e9cide de mener son enqu\u00eate.<\/span><span data-ccp-props=\"{}\">\u00a0<\/span><\/p>\n<h4><a href=\"https:\/\/sheryl.fi\/\" target=\"_blank\" rel=\"noopener\"><span data-contrast=\"none\">6 et 14 d\u00e9cembre : France (Cin\u00e9ma Sheryl)<\/span><\/a><span data-ccp-props=\"{}\">\u00a0<\/span><\/h4>\n<p><span data-contrast=\"auto\">Dans le tout nouveau cin\u00e9ma Sheryl, g\u00e9r\u00e9 par des \u00e9tudiants, vous aurez l\u2019occasion de d\u00e9couvrir \u00ab France \u00bb, l&rsquo;\u0153uvre r\u00e9cente de Bruno Dumont, pr\u00e9sent\u00e9e dans le cadre de la s\u00e9rie cin\u00e9matographique \u00ab Deux classiques fran\u00e7ais : le pass\u00e9 et le pr\u00e9sent \u00bb.<\/span><span data-ccp-props=\"{}\">\u00a0<\/span><\/p>\n<p><span data-contrast=\"auto\">Le film met en sc\u00e8ne la vie d&rsquo;une journaliste vedette de la t\u00e9l\u00e9vision, prise dans une spirale d&rsquo;\u00e9v\u00e9nements qui entra\u00eeneront sa chute. Entre drame et com\u00e9die, France cherche \u00e0 mettre en parall\u00e8le la crise intime et publique d&rsquo;une jeune femme avec en toile de fond la France contemporaine. Le film se veut notamment une satire du traitement de l\u2019information par les cha\u00eenes t\u00e9l\u00e9vis\u00e9es.<\/span><span data-ccp-props=\"{}\">\u00a0<\/span><\/p>\n<h4><strong><a href=\"https:\/\/sheryl.fi\/\" target=\"_blank\" rel=\"noopener\">7 et 13 d\u00e9cembre : \u00c0 bout de souffle (Cin\u00e9ma Sheryl)<\/a>\u00a0<\/strong><\/h4>\n<p><span data-contrast=\"auto\">Toujours au cin\u00e9ma Sheryl, vous aurez l\u2019occasion de (re)d\u00e9couvrir \u00ab \u00c0 bout de souffle \u00bb, un classique de l\u2019histoire du cin\u00e9ma, pr\u00e9sent\u00e9 dans le cadre de la s\u00e9rie \u00ab Deux classiques fran\u00e7ais : le pass\u00e9 et le pr\u00e9sent \u00bb.<\/span><span data-ccp-props=\"{}\">\u00a0<\/span><\/p>\n<p><span data-contrast=\"auto\">Le film d\u00e9bute lorsque Michel Poiccard vole une voiture \u00e0 Marseille et abat un policier au bord de la route. \u00c0 Paris, il retrouve Patricia, une jeune am\u00e9ricaine qui vend le New York Herald Tribune sur les Champs \u00c9lys\u00e9es. Elle l&rsquo;h\u00e9berge, ils errent d&rsquo;une rive \u00e0 l&rsquo;autre, il cherche de l&rsquo;argent aupr\u00e8s de ses anciens amis. La police le traque, Patricia le d\u00e9nonce. Une histoire d\u2019amour et de fuite, port\u00e9e par une tension croissante, dont l\u2019issue ne promet rien de bon.<\/span><span data-ccp-props=\"{}\">\u00a0<\/span><\/p>\n<p><span data-contrast=\"auto\">Vous retrouverez bient\u00f4t toutes les informations sur chaque film ainsi que la billetterie sur les pages web des cin\u00e9mas.<\/span><span data-ccp-props=\"{}\">\u00a0<\/span><\/p>\n<blockquote><p><span data-contrast=\"auto\">En plus de ces s\u00e9ances, n\u2019oubliez pas notre nouvelle s\u00e9rie \u00ab Film<img loading=\"lazy\" decoding=\"async\" class=\" wp-image-22297 alignright\" src=\"https:\/\/www.france.fi\/wp-content\/uploads\/2025\/10\/nuage.png\" alt=\"\" width=\"204\" height=\"165\" \/> fran\u00e7ais du mois \u00bb, qui met chaque mois \u00e0 l\u2019honneur un film fran\u00e7ais au cin\u00e9ma Orion. <\/span><a href=\"https:\/\/france.fi\/fr\/culture\/film-francais-du-mois-vingt-dieux\/\"><span data-contrast=\"none\">Le film de novembre<\/span><\/a><span data-contrast=\"auto\"> a d\u00e9j\u00e0 \u00e9t\u00e9 d\u00e9voil\u00e9, mais restez \u00e0 l\u2019\u00e9coute pour d\u00e9couvrir bient\u00f4t celui qui sera projet\u00e9 le 16 d\u00e9cembre.<\/span><span data-ccp-props=\"{}\">\u00a0<\/span><\/p>\n<p>&nbsp;<\/p>\n<p><span data-contrast=\"auto\">Bonne(s) projection(s) !<\/span><span data-ccp-props=\"{}\">\u00a0<\/span><\/p><\/blockquote>\n","protected":false},"excerpt":{"rendered":"<p>Cette fin d\u2019ann\u00e9e, on g\u00e2te les passionn\u00e9s de cin\u00e9ma avec une vaste offre de films fran\u00e7ais ! <\/p>\n","protected":false},"author":2,"featured_media":22293,"comment_status":"closed","ping_status":"open","sticky":false,"template":"","format":"standard","meta":{"footnotes":""},"categories":[1],"tags":[],"class_list":["post-22292","post","type-post","status-publish","format-standard","has-post-thumbnail","hentry","category-culture"],"yoast_head":"<!-- This site is optimized with the Yoast SEO plugin v27.4 - https:\/\/yoast.com\/product\/yoast-seo-wordpress\/ -->\n<title>Saison des films fran\u00e7ais - Institut fran\u00e7ais<\/title>\n<meta name=\"robots\" content=\"index, follow, max-snippet:-1, max-image-preview:large, max-video-preview:-1\" \/>\n<link rel=\"canonical\" href=\"https:\/\/www.france.fi\/fr\/culture\/saison-des-films-francais\/\" \/>\n<meta property=\"og:locale\" content=\"fr_FR\" \/>\n<meta property=\"og:type\" content=\"article\" \/>\n<meta property=\"og:title\" content=\"Saison des films fran\u00e7ais - Institut fran\u00e7ais\" \/>\n<meta property=\"og:description\" content=\"Cette fin d\u2019ann\u00e9e, on g\u00e2te les passionn\u00e9s de cin\u00e9ma avec une vaste offre de films fran\u00e7ais !\" \/>\n<meta property=\"og:url\" content=\"https:\/\/www.france.fi\/fr\/culture\/saison-des-films-francais\/\" \/>\n<meta property=\"og:site_name\" content=\"Institut fran\u00e7ais\" \/>\n<meta property=\"article:publisher\" content=\"https:\/\/www.facebook.com\/institutfrancaisfi\" \/>\n<meta property=\"article:published_time\" content=\"2025-10-29T08:09:58+00:00\" \/>\n<meta property=\"article:modified_time\" content=\"2025-12-15T07:39:34+00:00\" \/>\n<meta property=\"og:image\" content=\"https:\/\/www.france.fi\/wp-content\/uploads\/2025\/10\/Films-FR-site-web.jpg\" \/>\n\t<meta property=\"og:image:width\" content=\"1920\" \/>\n\t<meta property=\"og:image:height\" content=\"1080\" \/>\n\t<meta property=\"og:image:type\" content=\"image\/jpeg\" \/>\n<meta name=\"author\" content=\"Equipe IFF\" \/>\n<meta name=\"twitter:card\" content=\"summary_large_image\" \/>\n<meta name=\"twitter:creator\" content=\"@IFFinlande\" \/>\n<meta name=\"twitter:site\" content=\"@IFFinlande\" \/>\n<meta name=\"twitter:label1\" content=\"\u00c9crit par\" \/>\n\t<meta name=\"twitter:data1\" content=\"Equipe IFF\" \/>\n\t<meta name=\"twitter:label2\" content=\"Dur\u00e9e de lecture estim\u00e9e\" \/>\n\t<meta name=\"twitter:data2\" content=\"3 minutes\" \/>\n<script type=\"application\/ld+json\" class=\"yoast-schema-graph\">{\"@context\":\"https:\\\/\\\/schema.org\",\"@graph\":[{\"@type\":\"Article\",\"@id\":\"https:\\\/\\\/www.france.fi\\\/fr\\\/culture\\\/saison-des-films-francais\\\/#article\",\"isPartOf\":{\"@id\":\"https:\\\/\\\/www.france.fi\\\/fr\\\/culture\\\/saison-des-films-francais\\\/\"},\"author\":{\"name\":\"Equipe IFF\",\"@id\":\"https:\\\/\\\/www.france.fi\\\/#\\\/schema\\\/person\\\/ed873f29db1d0af6a3600d15d3b65bfd\"},\"headline\":\"Saison des films fran\u00e7ais\",\"datePublished\":\"2025-10-29T08:09:58+00:00\",\"dateModified\":\"2025-12-15T07:39:34+00:00\",\"mainEntityOfPage\":{\"@id\":\"https:\\\/\\\/www.france.fi\\\/fr\\\/culture\\\/saison-des-films-francais\\\/\"},\"wordCount\":570,\"publisher\":{\"@id\":\"https:\\\/\\\/www.france.fi\\\/#organization\"},\"image\":{\"@id\":\"https:\\\/\\\/www.france.fi\\\/fr\\\/culture\\\/saison-des-films-francais\\\/#primaryimage\"},\"thumbnailUrl\":\"https:\\\/\\\/www.france.fi\\\/wp-content\\\/uploads\\\/2025\\\/10\\\/Films-FR-site-web.jpg\",\"articleSection\":[\"Culture\"],\"inLanguage\":\"fr-FR\"},{\"@type\":\"WebPage\",\"@id\":\"https:\\\/\\\/www.france.fi\\\/fr\\\/culture\\\/saison-des-films-francais\\\/\",\"url\":\"https:\\\/\\\/www.france.fi\\\/fr\\\/culture\\\/saison-des-films-francais\\\/\",\"name\":\"Saison des films fran\u00e7ais - Institut fran\u00e7ais\",\"isPartOf\":{\"@id\":\"https:\\\/\\\/www.france.fi\\\/#website\"},\"primaryImageOfPage\":{\"@id\":\"https:\\\/\\\/www.france.fi\\\/fr\\\/culture\\\/saison-des-films-francais\\\/#primaryimage\"},\"image\":{\"@id\":\"https:\\\/\\\/www.france.fi\\\/fr\\\/culture\\\/saison-des-films-francais\\\/#primaryimage\"},\"thumbnailUrl\":\"https:\\\/\\\/www.france.fi\\\/wp-content\\\/uploads\\\/2025\\\/10\\\/Films-FR-site-web.jpg\",\"datePublished\":\"2025-10-29T08:09:58+00:00\",\"dateModified\":\"2025-12-15T07:39:34+00:00\",\"breadcrumb\":{\"@id\":\"https:\\\/\\\/www.france.fi\\\/fr\\\/culture\\\/saison-des-films-francais\\\/#breadcrumb\"},\"inLanguage\":\"fr-FR\",\"potentialAction\":[{\"@type\":\"ReadAction\",\"target\":[\"https:\\\/\\\/www.france.fi\\\/fr\\\/culture\\\/saison-des-films-francais\\\/\"]}]},{\"@type\":\"ImageObject\",\"inLanguage\":\"fr-FR\",\"@id\":\"https:\\\/\\\/www.france.fi\\\/fr\\\/culture\\\/saison-des-films-francais\\\/#primaryimage\",\"url\":\"https:\\\/\\\/www.france.fi\\\/wp-content\\\/uploads\\\/2025\\\/10\\\/Films-FR-site-web.jpg\",\"contentUrl\":\"https:\\\/\\\/www.france.fi\\\/wp-content\\\/uploads\\\/2025\\\/10\\\/Films-FR-site-web.jpg\",\"width\":1920,\"height\":1080,\"caption\":\"Credits: IF Cinema & George Lechaptois\"},{\"@type\":\"BreadcrumbList\",\"@id\":\"https:\\\/\\\/www.france.fi\\\/fr\\\/culture\\\/saison-des-films-francais\\\/#breadcrumb\",\"itemListElement\":[{\"@type\":\"ListItem\",\"position\":1,\"name\":\"Home\",\"item\":\"https:\\\/\\\/www.france.fi\\\/fr\\\/\"},{\"@type\":\"ListItem\",\"position\":2,\"name\":\"Culture\",\"item\":\"https:\\\/\\\/www.france.fi\\\/fr\\\/category\\\/culture\\\/\"},{\"@type\":\"ListItem\",\"position\":3,\"name\":\"Saison des films fran\u00e7ais\"}]},{\"@type\":\"WebSite\",\"@id\":\"https:\\\/\\\/www.france.fi\\\/#website\",\"url\":\"https:\\\/\\\/www.france.fi\\\/\",\"name\":\"Institut fran\u00e7ais de Finlande\",\"description\":\"\",\"publisher\":{\"@id\":\"https:\\\/\\\/www.france.fi\\\/#organization\"},\"potentialAction\":[{\"@type\":\"SearchAction\",\"target\":{\"@type\":\"EntryPoint\",\"urlTemplate\":\"https:\\\/\\\/www.france.fi\\\/?s={search_term_string}\"},\"query-input\":{\"@type\":\"PropertyValueSpecification\",\"valueRequired\":true,\"valueName\":\"search_term_string\"}}],\"inLanguage\":\"fr-FR\"},{\"@type\":\"Organization\",\"@id\":\"https:\\\/\\\/www.france.fi\\\/#organization\",\"name\":\"Institut fran\u00e7ais de Finlande\",\"url\":\"https:\\\/\\\/www.france.fi\\\/\",\"logo\":{\"@type\":\"ImageObject\",\"inLanguage\":\"fr-FR\",\"@id\":\"https:\\\/\\\/www.france.fi\\\/#\\\/schema\\\/logo\\\/image\\\/\",\"url\":\"https:\\\/\\\/www.france.fi\\\/wp-content\\\/uploads\\\/2024\\\/02\\\/if-logo-1.png\",\"contentUrl\":\"https:\\\/\\\/www.france.fi\\\/wp-content\\\/uploads\\\/2024\\\/02\\\/if-logo-1.png\",\"width\":687,\"height\":459,\"caption\":\"Institut fran\u00e7ais de Finlande\"},\"image\":{\"@id\":\"https:\\\/\\\/www.france.fi\\\/#\\\/schema\\\/logo\\\/image\\\/\"},\"sameAs\":[\"https:\\\/\\\/www.facebook.com\\\/institutfrancaisfi\",\"https:\\\/\\\/x.com\\\/IFFinlande\",\"https:\\\/\\\/www.instagram.com\\\/iffinlande\\\/\",\"https:\\\/\\\/fr.linkedin.com\\\/organization-guest\\\/company\\\/institut-fran-ais-de-finlande\",\"https:\\\/\\\/www.youtube.com\\\/channel\\\/UCHAitdpmSbeP78eL49XMotA\"]},{\"@type\":\"Person\",\"@id\":\"https:\\\/\\\/www.france.fi\\\/#\\\/schema\\\/person\\\/ed873f29db1d0af6a3600d15d3b65bfd\",\"name\":\"Equipe IFF\",\"image\":{\"@type\":\"ImageObject\",\"inLanguage\":\"fr-FR\",\"@id\":\"https:\\\/\\\/secure.gravatar.com\\\/avatar\\\/3c4ba80228d01014b25e45e90abb28ce315a02c6572751a7fb2298e4274989fc?s=96&d=mm&r=g\",\"url\":\"https:\\\/\\\/secure.gravatar.com\\\/avatar\\\/3c4ba80228d01014b25e45e90abb28ce315a02c6572751a7fb2298e4274989fc?s=96&d=mm&r=g\",\"contentUrl\":\"https:\\\/\\\/secure.gravatar.com\\\/avatar\\\/3c4ba80228d01014b25e45e90abb28ce315a02c6572751a7fb2298e4274989fc?s=96&d=mm&r=g\",\"caption\":\"Equipe IFF\"},\"url\":\"https:\\\/\\\/www.france.fi\\\/fr\\\/author\\\/iffadmin\\\/\"}]}<\/script>\n<!-- \/ Yoast SEO plugin. -->","yoast_head_json":{"title":"Saison des films fran\u00e7ais - Institut fran\u00e7ais","robots":{"index":"index","follow":"follow","max-snippet":"max-snippet:-1","max-image-preview":"max-image-preview:large","max-video-preview":"max-video-preview:-1"},"canonical":"https:\/\/www.france.fi\/fr\/culture\/saison-des-films-francais\/","og_locale":"fr_FR","og_type":"article","og_title":"Saison des films fran\u00e7ais - Institut fran\u00e7ais","og_description":"Cette fin d\u2019ann\u00e9e, on g\u00e2te les passionn\u00e9s de cin\u00e9ma avec une vaste offre de films fran\u00e7ais !","og_url":"https:\/\/www.france.fi\/fr\/culture\/saison-des-films-francais\/","og_site_name":"Institut fran\u00e7ais","article_publisher":"https:\/\/www.facebook.com\/institutfrancaisfi","article_published_time":"2025-10-29T08:09:58+00:00","article_modified_time":"2025-12-15T07:39:34+00:00","og_image":[{"width":1920,"height":1080,"url":"https:\/\/www.france.fi\/wp-content\/uploads\/2025\/10\/Films-FR-site-web.jpg","type":"image\/jpeg"}],"author":"Equipe IFF","twitter_card":"summary_large_image","twitter_creator":"@IFFinlande","twitter_site":"@IFFinlande","twitter_misc":{"\u00c9crit par":"Equipe IFF","Dur\u00e9e de lecture estim\u00e9e":"3 minutes"},"schema":{"@context":"https:\/\/schema.org","@graph":[{"@type":"Article","@id":"https:\/\/www.france.fi\/fr\/culture\/saison-des-films-francais\/#article","isPartOf":{"@id":"https:\/\/www.france.fi\/fr\/culture\/saison-des-films-francais\/"},"author":{"name":"Equipe IFF","@id":"https:\/\/www.france.fi\/#\/schema\/person\/ed873f29db1d0af6a3600d15d3b65bfd"},"headline":"Saison des films fran\u00e7ais","datePublished":"2025-10-29T08:09:58+00:00","dateModified":"2025-12-15T07:39:34+00:00","mainEntityOfPage":{"@id":"https:\/\/www.france.fi\/fr\/culture\/saison-des-films-francais\/"},"wordCount":570,"publisher":{"@id":"https:\/\/www.france.fi\/#organization"},"image":{"@id":"https:\/\/www.france.fi\/fr\/culture\/saison-des-films-francais\/#primaryimage"},"thumbnailUrl":"https:\/\/www.france.fi\/wp-content\/uploads\/2025\/10\/Films-FR-site-web.jpg","articleSection":["Culture"],"inLanguage":"fr-FR"},{"@type":"WebPage","@id":"https:\/\/www.france.fi\/fr\/culture\/saison-des-films-francais\/","url":"https:\/\/www.france.fi\/fr\/culture\/saison-des-films-francais\/","name":"Saison des films fran\u00e7ais - Institut fran\u00e7ais","isPartOf":{"@id":"https:\/\/www.france.fi\/#website"},"primaryImageOfPage":{"@id":"https:\/\/www.france.fi\/fr\/culture\/saison-des-films-francais\/#primaryimage"},"image":{"@id":"https:\/\/www.france.fi\/fr\/culture\/saison-des-films-francais\/#primaryimage"},"thumbnailUrl":"https:\/\/www.france.fi\/wp-content\/uploads\/2025\/10\/Films-FR-site-web.jpg","datePublished":"2025-10-29T08:09:58+00:00","dateModified":"2025-12-15T07:39:34+00:00","breadcrumb":{"@id":"https:\/\/www.france.fi\/fr\/culture\/saison-des-films-francais\/#breadcrumb"},"inLanguage":"fr-FR","potentialAction":[{"@type":"ReadAction","target":["https:\/\/www.france.fi\/fr\/culture\/saison-des-films-francais\/"]}]},{"@type":"ImageObject","inLanguage":"fr-FR","@id":"https:\/\/www.france.fi\/fr\/culture\/saison-des-films-francais\/#primaryimage","url":"https:\/\/www.france.fi\/wp-content\/uploads\/2025\/10\/Films-FR-site-web.jpg","contentUrl":"https:\/\/www.france.fi\/wp-content\/uploads\/2025\/10\/Films-FR-site-web.jpg","width":1920,"height":1080,"caption":"Credits: IF Cinema & George Lechaptois"},{"@type":"BreadcrumbList","@id":"https:\/\/www.france.fi\/fr\/culture\/saison-des-films-francais\/#breadcrumb","itemListElement":[{"@type":"ListItem","position":1,"name":"Home","item":"https:\/\/www.france.fi\/fr\/"},{"@type":"ListItem","position":2,"name":"Culture","item":"https:\/\/www.france.fi\/fr\/category\/culture\/"},{"@type":"ListItem","position":3,"name":"Saison des films fran\u00e7ais"}]},{"@type":"WebSite","@id":"https:\/\/www.france.fi\/#website","url":"https:\/\/www.france.fi\/","name":"Institut fran\u00e7ais de Finlande","description":"","publisher":{"@id":"https:\/\/www.france.fi\/#organization"},"potentialAction":[{"@type":"SearchAction","target":{"@type":"EntryPoint","urlTemplate":"https:\/\/www.france.fi\/?s={search_term_string}"},"query-input":{"@type":"PropertyValueSpecification","valueRequired":true,"valueName":"search_term_string"}}],"inLanguage":"fr-FR"},{"@type":"Organization","@id":"https:\/\/www.france.fi\/#organization","name":"Institut fran\u00e7ais de Finlande","url":"https:\/\/www.france.fi\/","logo":{"@type":"ImageObject","inLanguage":"fr-FR","@id":"https:\/\/www.france.fi\/#\/schema\/logo\/image\/","url":"https:\/\/www.france.fi\/wp-content\/uploads\/2024\/02\/if-logo-1.png","contentUrl":"https:\/\/www.france.fi\/wp-content\/uploads\/2024\/02\/if-logo-1.png","width":687,"height":459,"caption":"Institut fran\u00e7ais de Finlande"},"image":{"@id":"https:\/\/www.france.fi\/#\/schema\/logo\/image\/"},"sameAs":["https:\/\/www.facebook.com\/institutfrancaisfi","https:\/\/x.com\/IFFinlande","https:\/\/www.instagram.com\/iffinlande\/","https:\/\/fr.linkedin.com\/organization-guest\/company\/institut-fran-ais-de-finlande","https:\/\/www.youtube.com\/channel\/UCHAitdpmSbeP78eL49XMotA"]},{"@type":"Person","@id":"https:\/\/www.france.fi\/#\/schema\/person\/ed873f29db1d0af6a3600d15d3b65bfd","name":"Equipe IFF","image":{"@type":"ImageObject","inLanguage":"fr-FR","@id":"https:\/\/secure.gravatar.com\/avatar\/3c4ba80228d01014b25e45e90abb28ce315a02c6572751a7fb2298e4274989fc?s=96&d=mm&r=g","url":"https:\/\/secure.gravatar.com\/avatar\/3c4ba80228d01014b25e45e90abb28ce315a02c6572751a7fb2298e4274989fc?s=96&d=mm&r=g","contentUrl":"https:\/\/secure.gravatar.com\/avatar\/3c4ba80228d01014b25e45e90abb28ce315a02c6572751a7fb2298e4274989fc?s=96&d=mm&r=g","caption":"Equipe IFF"},"url":"https:\/\/www.france.fi\/fr\/author\/iffadmin\/"}]}},"_links":{"self":[{"href":"https:\/\/www.france.fi\/fr\/wp-json\/wp\/v2\/posts\/22292","targetHints":{"allow":["GET"]}}],"collection":[{"href":"https:\/\/www.france.fi\/fr\/wp-json\/wp\/v2\/posts"}],"about":[{"href":"https:\/\/www.france.fi\/fr\/wp-json\/wp\/v2\/types\/post"}],"author":[{"embeddable":true,"href":"https:\/\/www.france.fi\/fr\/wp-json\/wp\/v2\/users\/2"}],"replies":[{"embeddable":true,"href":"https:\/\/www.france.fi\/fr\/wp-json\/wp\/v2\/comments?post=22292"}],"version-history":[{"count":0,"href":"https:\/\/www.france.fi\/fr\/wp-json\/wp\/v2\/posts\/22292\/revisions"}],"wp:featuredmedia":[{"embeddable":true,"href":"https:\/\/www.france.fi\/fr\/wp-json\/wp\/v2\/media\/22293"}],"wp:attachment":[{"href":"https:\/\/www.france.fi\/fr\/wp-json\/wp\/v2\/media?parent=22292"}],"wp:term":[{"taxonomy":"category","embeddable":true,"href":"https:\/\/www.france.fi\/fr\/wp-json\/wp\/v2\/categories?post=22292"},{"taxonomy":"post_tag","embeddable":true,"href":"https:\/\/www.france.fi\/fr\/wp-json\/wp\/v2\/tags?post=22292"}],"curies":[{"name":"wp","href":"https:\/\/api.w.org\/{rel}","templated":true}]}}