{"id":22325,"date":"2025-10-30T10:28:03","date_gmt":"2025-10-30T08:28:03","guid":{"rendered":"https:\/\/www.france.fi\/?p=22325"},"modified":"2025-11-28T12:10:16","modified_gmt":"2025-11-28T10:10:16","slug":"le-francais-dans-tous-ses-etats-edition-2025","status":"publish","type":"post","link":"https:\/\/www.france.fi\/fr\/langue-francaise\/le-francais-dans-tous-ses-etats-edition-2025\/","title":{"rendered":"Le fran\u00e7ais dans tous ses \u00e9tats &#8211; \u00c9dition 2025"},"content":{"rendered":"<p><span data-contrast=\"auto\">Comme chaque ann\u00e9e, nous vous invitons \u00e0 notre soir\u00e9e francophone consacr\u00e9e \u00e0 la langue fran\u00e7aise, <\/span><i><span data-contrast=\"auto\">Le Fran\u00e7ais dans tous ses \u00c9tats<\/span><\/i><span data-contrast=\"auto\">, avec cette fois-ci un focus particulier sur l\u2019impact des langues sur le cerveau.<\/span><span data-ccp-props=\"{}\">\u00a0<\/span><\/p>\n<p><span data-contrast=\"auto\">Au programme : d\u00e9couvertes, \u00e9changes et pr\u00e9sentations inspirantes autour du fran\u00e7ais et du multilinguisme.<\/span><span data-ccp-props=\"{}\">\u00a0<\/span><\/p>\n<p><span data-contrast=\"auto\">En deuxi\u00e8me partie de soir\u00e9e, les professeurs laur\u00e9ats des meilleurs projets de classe viendront pr\u00e9senter leur travail en cinq minutes.<\/span><span data-ccp-props=\"{}\">\u00a0<\/span><\/p>\n<h4><b><span data-contrast=\"auto\">Programme<\/span><\/b><span data-ccp-props=\"{}\">\u00a0<\/span><\/h4>\n<ul>\n<li aria-setsize=\"-1\" data-leveltext=\"\uf0a7\" data-font=\"Wingdings\" data-listid=\"1\" data-list-defn-props=\"{&quot;335552541&quot;:1,&quot;335559685&quot;:720,&quot;335559991&quot;:360,&quot;469769226&quot;:&quot;Wingdings&quot;,&quot;469769242&quot;:[9642],&quot;469777803&quot;:&quot;left&quot;,&quot;469777804&quot;:&quot;\uf0a7&quot;,&quot;469777815&quot;:&quot;multilevel&quot;}\" data-aria-posinset=\"1\" data-aria-level=\"1\"><span data-contrast=\"auto\">17h00\u202f: Ouverture<\/span><span data-ccp-props=\"{}\">\u00a0<\/span><\/li>\n<li aria-setsize=\"-1\" data-leveltext=\"\uf0a7\" data-font=\"Wingdings\" data-listid=\"1\" data-list-defn-props=\"{&quot;335552541&quot;:1,&quot;335559685&quot;:720,&quot;335559991&quot;:360,&quot;469769226&quot;:&quot;Wingdings&quot;,&quot;469769242&quot;:[9642],&quot;469777803&quot;:&quot;left&quot;,&quot;469777804&quot;:&quot;\uf0a7&quot;,&quot;469777815&quot;:&quot;multilevel&quot;}\" data-aria-posinset=\"1\" data-aria-level=\"1\"><span data-contrast=\"auto\">17h10\u202f: \u00ab\u202fLe Brain Boost\u202f: Comment l&rsquo;apprentissage des langues am\u00e9liore les comp\u00e9tences cognitives\u202f\u00bb &#8211; Pr\u00e9sentation Jasmine Lefran\u00e7ois, St\u00e9phane Alati (Institut fran\u00e7ais de Finlande)<\/span><span data-ccp-props=\"{}\">\u00a0<\/span><\/li>\n<li aria-setsize=\"-1\" data-leveltext=\"\uf0a7\" data-font=\"Wingdings\" data-listid=\"1\" data-list-defn-props=\"{&quot;335552541&quot;:1,&quot;335559685&quot;:720,&quot;335559991&quot;:360,&quot;469769226&quot;:&quot;Wingdings&quot;,&quot;469769242&quot;:[9642],&quot;469777803&quot;:&quot;left&quot;,&quot;469777804&quot;:&quot;\uf0a7&quot;,&quot;469777815&quot;:&quot;multilevel&quot;}\" data-aria-posinset=\"1\" data-aria-level=\"1\"><span data-contrast=\"auto\">17h30\u202f: \u00ab\u202fLe langage inclusif \u00e0 travers le cerveau\u202f\u00bb Pr\u00e9sentation Johanna Isos\u00e4vi (Universit\u00e9 de Helsinki)<\/span><span data-ccp-props=\"{}\">\u00a0<\/span><\/li>\n<li aria-setsize=\"-1\" data-leveltext=\"\uf0a7\" data-font=\"Wingdings\" data-listid=\"1\" data-list-defn-props=\"{&quot;335552541&quot;:1,&quot;335559685&quot;:720,&quot;335559991&quot;:360,&quot;469769226&quot;:&quot;Wingdings&quot;,&quot;469769242&quot;:[9642],&quot;469777803&quot;:&quot;left&quot;,&quot;469777804&quot;:&quot;\uf0a7&quot;,&quot;469777815&quot;:&quot;multilevel&quot;}\" data-aria-posinset=\"1\" data-aria-level=\"1\"><span data-contrast=\"auto\">18h00\u202f: La parole aux professeurs\u202fde Finlande : Projets innovants en classe de fran\u00e7ais<\/span><span data-ccp-props=\"{}\">\u00a0<\/span><\/li>\n<li aria-setsize=\"-1\" data-leveltext=\"\uf0a7\" data-font=\"Wingdings\" data-listid=\"1\" data-list-defn-props=\"{&quot;335552541&quot;:1,&quot;335559685&quot;:720,&quot;335559991&quot;:360,&quot;469769226&quot;:&quot;Wingdings&quot;,&quot;469769242&quot;:[9642],&quot;469777803&quot;:&quot;left&quot;,&quot;469777804&quot;:&quot;\uf0a7&quot;,&quot;469777815&quot;:&quot;multilevel&quot;}\" data-aria-posinset=\"1\" data-aria-level=\"1\"><span data-contrast=\"auto\">18h30\u202f: Cl\u00f4ture<\/span><span data-ccp-props=\"{}\">\u00a0<\/span><\/li>\n<\/ul>\n<blockquote><p><span data-contrast=\"auto\">La soir\u00e9e est ouverte au grand public et elle sera maintenue en<img loading=\"lazy\" decoding=\"async\" class=\" wp-image-22329 alignright\" src=\"https:\/\/www.france.fi\/wp-content\/uploads\/2025\/10\/FR-dans-tous-ses-etats.png\" alt=\"\" width=\"184\" height=\"184\" srcset=\"https:\/\/www.france.fi\/wp-content\/uploads\/2025\/10\/FR-dans-tous-ses-etats.png 250w, https:\/\/www.france.fi\/wp-content\/uploads\/2025\/10\/FR-dans-tous-ses-etats-150x150.png 150w\" sizes=\"auto, (max-width: 184px) 100vw, 184px\" \/> fran\u00e7ais.\u00a0<\/span><span data-ccp-props=\"{}\">\u00a0<\/span><\/p>\n<p><span data-contrast=\"auto\">Si la France, le fran\u00e7ais, et la culture fran\u00e7aise vous int\u00e9ressent, vous \u00eates les bienvenu(e)s !<\/span><span data-ccp-props=\"{}\">\u00a0<\/span><\/p>\n<p><strong>Entr\u00e9e libre sur r\u00e9servation.\u00a0<\/strong><\/p><\/blockquote>\n","protected":false},"excerpt":{"rendered":"<p>Venez c\u00e9l\u00e9brer la langue fran\u00e7aise et d\u00e9couvrir les laur\u00e9ats de notre bourse qui font vivre le fran\u00e7ais dans les \u00e9coles !  <\/p>\n","protected":false},"author":2,"featured_media":22326,"comment_status":"closed","ping_status":"open","sticky":false,"template":"","format":"standard","meta":{"footnotes":""},"categories":[45],"tags":[],"class_list":["post-22325","post","type-post","status-publish","format-standard","has-post-thumbnail","hentry","category-langue-francaise"],"yoast_head":"<!-- This site is optimized with the Yoast SEO plugin v27.4 - https:\/\/yoast.com\/product\/yoast-seo-wordpress\/ -->\n<title>Le fran\u00e7ais dans tous ses \u00e9tats - \u00c9dition 2025 - Institut fran\u00e7ais<\/title>\n<meta name=\"robots\" content=\"index, follow, max-snippet:-1, max-image-preview:large, max-video-preview:-1\" \/>\n<link rel=\"canonical\" href=\"https:\/\/www.france.fi\/fr\/langue-francaise\/le-francais-dans-tous-ses-etats-edition-2025\/\" \/>\n<meta property=\"og:locale\" content=\"fr_FR\" \/>\n<meta property=\"og:type\" content=\"article\" \/>\n<meta property=\"og:title\" content=\"Le fran\u00e7ais dans tous ses \u00e9tats - \u00c9dition 2025 - Institut fran\u00e7ais\" \/>\n<meta property=\"og:description\" content=\"Venez c\u00e9l\u00e9brer la langue fran\u00e7aise et d\u00e9couvrir les laur\u00e9ats de notre bourse qui font vivre le fran\u00e7ais dans les \u00e9coles !\" \/>\n<meta property=\"og:url\" content=\"https:\/\/www.france.fi\/fr\/langue-francaise\/le-francais-dans-tous-ses-etats-edition-2025\/\" \/>\n<meta property=\"og:site_name\" content=\"Institut fran\u00e7ais\" \/>\n<meta property=\"article:publisher\" content=\"https:\/\/www.facebook.com\/institutfrancaisfi\" \/>\n<meta property=\"article:published_time\" content=\"2025-10-30T08:28:03+00:00\" \/>\n<meta property=\"article:modified_time\" content=\"2025-11-28T10:10:16+00:00\" \/>\n<meta property=\"og:image\" content=\"https:\/\/www.france.fi\/wp-content\/uploads\/2025\/10\/FR-dans-tous-ses-etats.jpg\" \/>\n\t<meta property=\"og:image:width\" content=\"1920\" \/>\n\t<meta property=\"og:image:height\" content=\"1080\" \/>\n\t<meta property=\"og:image:type\" content=\"image\/jpeg\" \/>\n<meta name=\"author\" content=\"Equipe IFF\" \/>\n<meta name=\"twitter:card\" content=\"summary_large_image\" \/>\n<meta name=\"twitter:creator\" content=\"@IFFinlande\" \/>\n<meta name=\"twitter:site\" content=\"@IFFinlande\" \/>\n<meta name=\"twitter:label1\" content=\"\u00c9crit par\" \/>\n\t<meta name=\"twitter:data1\" content=\"Equipe IFF\" \/>\n\t<meta name=\"twitter:label2\" content=\"Dur\u00e9e de lecture estim\u00e9e\" \/>\n\t<meta name=\"twitter:data2\" content=\"1 minute\" \/>\n<script type=\"application\/ld+json\" class=\"yoast-schema-graph\">{\"@context\":\"https:\\\/\\\/schema.org\",\"@graph\":[{\"@type\":\"Article\",\"@id\":\"https:\\\/\\\/www.france.fi\\\/fr\\\/langue-francaise\\\/le-francais-dans-tous-ses-etats-edition-2025\\\/#article\",\"isPartOf\":{\"@id\":\"https:\\\/\\\/www.france.fi\\\/fr\\\/langue-francaise\\\/le-francais-dans-tous-ses-etats-edition-2025\\\/\"},\"author\":{\"name\":\"Equipe IFF\",\"@id\":\"https:\\\/\\\/www.france.fi\\\/#\\\/schema\\\/person\\\/ed873f29db1d0af6a3600d15d3b65bfd\"},\"headline\":\"Le fran\u00e7ais dans tous ses \u00e9tats &#8211; \u00c9dition 2025\",\"datePublished\":\"2025-10-30T08:28:03+00:00\",\"dateModified\":\"2025-11-28T10:10:16+00:00\",\"mainEntityOfPage\":{\"@id\":\"https:\\\/\\\/www.france.fi\\\/fr\\\/langue-francaise\\\/le-francais-dans-tous-ses-etats-edition-2025\\\/\"},\"wordCount\":192,\"publisher\":{\"@id\":\"https:\\\/\\\/www.france.fi\\\/#organization\"},\"image\":{\"@id\":\"https:\\\/\\\/www.france.fi\\\/fr\\\/langue-francaise\\\/le-francais-dans-tous-ses-etats-edition-2025\\\/#primaryimage\"},\"thumbnailUrl\":\"https:\\\/\\\/www.france.fi\\\/wp-content\\\/uploads\\\/2025\\\/10\\\/FR-dans-tous-ses-etats.jpg\",\"articleSection\":[\"Langue fran\u00e7aise\"],\"inLanguage\":\"fr-FR\"},{\"@type\":\"WebPage\",\"@id\":\"https:\\\/\\\/www.france.fi\\\/fr\\\/langue-francaise\\\/le-francais-dans-tous-ses-etats-edition-2025\\\/\",\"url\":\"https:\\\/\\\/www.france.fi\\\/fr\\\/langue-francaise\\\/le-francais-dans-tous-ses-etats-edition-2025\\\/\",\"name\":\"Le fran\u00e7ais dans tous ses \u00e9tats - \u00c9dition 2025 - Institut fran\u00e7ais\",\"isPartOf\":{\"@id\":\"https:\\\/\\\/www.france.fi\\\/#website\"},\"primaryImageOfPage\":{\"@id\":\"https:\\\/\\\/www.france.fi\\\/fr\\\/langue-francaise\\\/le-francais-dans-tous-ses-etats-edition-2025\\\/#primaryimage\"},\"image\":{\"@id\":\"https:\\\/\\\/www.france.fi\\\/fr\\\/langue-francaise\\\/le-francais-dans-tous-ses-etats-edition-2025\\\/#primaryimage\"},\"thumbnailUrl\":\"https:\\\/\\\/www.france.fi\\\/wp-content\\\/uploads\\\/2025\\\/10\\\/FR-dans-tous-ses-etats.jpg\",\"datePublished\":\"2025-10-30T08:28:03+00:00\",\"dateModified\":\"2025-11-28T10:10:16+00:00\",\"breadcrumb\":{\"@id\":\"https:\\\/\\\/www.france.fi\\\/fr\\\/langue-francaise\\\/le-francais-dans-tous-ses-etats-edition-2025\\\/#breadcrumb\"},\"inLanguage\":\"fr-FR\",\"potentialAction\":[{\"@type\":\"ReadAction\",\"target\":[\"https:\\\/\\\/www.france.fi\\\/fr\\\/langue-francaise\\\/le-francais-dans-tous-ses-etats-edition-2025\\\/\"]}]},{\"@type\":\"ImageObject\",\"inLanguage\":\"fr-FR\",\"@id\":\"https:\\\/\\\/www.france.fi\\\/fr\\\/langue-francaise\\\/le-francais-dans-tous-ses-etats-edition-2025\\\/#primaryimage\",\"url\":\"https:\\\/\\\/www.france.fi\\\/wp-content\\\/uploads\\\/2025\\\/10\\\/FR-dans-tous-ses-etats.jpg\",\"contentUrl\":\"https:\\\/\\\/www.france.fi\\\/wp-content\\\/uploads\\\/2025\\\/10\\\/FR-dans-tous-ses-etats.jpg\",\"width\":1920,\"height\":1080},{\"@type\":\"BreadcrumbList\",\"@id\":\"https:\\\/\\\/www.france.fi\\\/fr\\\/langue-francaise\\\/le-francais-dans-tous-ses-etats-edition-2025\\\/#breadcrumb\",\"itemListElement\":[{\"@type\":\"ListItem\",\"position\":1,\"name\":\"Home\",\"item\":\"https:\\\/\\\/www.france.fi\\\/fr\\\/\"},{\"@type\":\"ListItem\",\"position\":2,\"name\":\"Langue fran\u00e7aise\",\"item\":\"https:\\\/\\\/www.france.fi\\\/fr\\\/category\\\/langue-francaise\\\/\"},{\"@type\":\"ListItem\",\"position\":3,\"name\":\"Le fran\u00e7ais dans tous ses \u00e9tats &#8211; \u00c9dition 2025\"}]},{\"@type\":\"WebSite\",\"@id\":\"https:\\\/\\\/www.france.fi\\\/#website\",\"url\":\"https:\\\/\\\/www.france.fi\\\/\",\"name\":\"Institut fran\u00e7ais de Finlande\",\"description\":\"\",\"publisher\":{\"@id\":\"https:\\\/\\\/www.france.fi\\\/#organization\"},\"potentialAction\":[{\"@type\":\"SearchAction\",\"target\":{\"@type\":\"EntryPoint\",\"urlTemplate\":\"https:\\\/\\\/www.france.fi\\\/?s={search_term_string}\"},\"query-input\":{\"@type\":\"PropertyValueSpecification\",\"valueRequired\":true,\"valueName\":\"search_term_string\"}}],\"inLanguage\":\"fr-FR\"},{\"@type\":\"Organization\",\"@id\":\"https:\\\/\\\/www.france.fi\\\/#organization\",\"name\":\"Institut fran\u00e7ais de Finlande\",\"url\":\"https:\\\/\\\/www.france.fi\\\/\",\"logo\":{\"@type\":\"ImageObject\",\"inLanguage\":\"fr-FR\",\"@id\":\"https:\\\/\\\/www.france.fi\\\/#\\\/schema\\\/logo\\\/image\\\/\",\"url\":\"https:\\\/\\\/www.france.fi\\\/wp-content\\\/uploads\\\/2024\\\/02\\\/if-logo-1.png\",\"contentUrl\":\"https:\\\/\\\/www.france.fi\\\/wp-content\\\/uploads\\\/2024\\\/02\\\/if-logo-1.png\",\"width\":687,\"height\":459,\"caption\":\"Institut fran\u00e7ais de Finlande\"},\"image\":{\"@id\":\"https:\\\/\\\/www.france.fi\\\/#\\\/schema\\\/logo\\\/image\\\/\"},\"sameAs\":[\"https:\\\/\\\/www.facebook.com\\\/institutfrancaisfi\",\"https:\\\/\\\/x.com\\\/IFFinlande\",\"https:\\\/\\\/www.instagram.com\\\/iffinlande\\\/\",\"https:\\\/\\\/fr.linkedin.com\\\/organization-guest\\\/company\\\/institut-fran-ais-de-finlande\",\"https:\\\/\\\/www.youtube.com\\\/channel\\\/UCHAitdpmSbeP78eL49XMotA\"]},{\"@type\":\"Person\",\"@id\":\"https:\\\/\\\/www.france.fi\\\/#\\\/schema\\\/person\\\/ed873f29db1d0af6a3600d15d3b65bfd\",\"name\":\"Equipe IFF\",\"image\":{\"@type\":\"ImageObject\",\"inLanguage\":\"fr-FR\",\"@id\":\"https:\\\/\\\/secure.gravatar.com\\\/avatar\\\/3c4ba80228d01014b25e45e90abb28ce315a02c6572751a7fb2298e4274989fc?s=96&d=mm&r=g\",\"url\":\"https:\\\/\\\/secure.gravatar.com\\\/avatar\\\/3c4ba80228d01014b25e45e90abb28ce315a02c6572751a7fb2298e4274989fc?s=96&d=mm&r=g\",\"contentUrl\":\"https:\\\/\\\/secure.gravatar.com\\\/avatar\\\/3c4ba80228d01014b25e45e90abb28ce315a02c6572751a7fb2298e4274989fc?s=96&d=mm&r=g\",\"caption\":\"Equipe IFF\"},\"url\":\"https:\\\/\\\/www.france.fi\\\/fr\\\/author\\\/iffadmin\\\/\"}]}<\/script>\n<!-- \/ Yoast SEO plugin. -->","yoast_head_json":{"title":"Le fran\u00e7ais dans tous ses \u00e9tats - \u00c9dition 2025 - Institut fran\u00e7ais","robots":{"index":"index","follow":"follow","max-snippet":"max-snippet:-1","max-image-preview":"max-image-preview:large","max-video-preview":"max-video-preview:-1"},"canonical":"https:\/\/www.france.fi\/fr\/langue-francaise\/le-francais-dans-tous-ses-etats-edition-2025\/","og_locale":"fr_FR","og_type":"article","og_title":"Le fran\u00e7ais dans tous ses \u00e9tats - \u00c9dition 2025 - Institut fran\u00e7ais","og_description":"Venez c\u00e9l\u00e9brer la langue fran\u00e7aise et d\u00e9couvrir les laur\u00e9ats de notre bourse qui font vivre le fran\u00e7ais dans les \u00e9coles !","og_url":"https:\/\/www.france.fi\/fr\/langue-francaise\/le-francais-dans-tous-ses-etats-edition-2025\/","og_site_name":"Institut fran\u00e7ais","article_publisher":"https:\/\/www.facebook.com\/institutfrancaisfi","article_published_time":"2025-10-30T08:28:03+00:00","article_modified_time":"2025-11-28T10:10:16+00:00","og_image":[{"width":1920,"height":1080,"url":"https:\/\/www.france.fi\/wp-content\/uploads\/2025\/10\/FR-dans-tous-ses-etats.jpg","type":"image\/jpeg"}],"author":"Equipe IFF","twitter_card":"summary_large_image","twitter_creator":"@IFFinlande","twitter_site":"@IFFinlande","twitter_misc":{"\u00c9crit par":"Equipe IFF","Dur\u00e9e de lecture estim\u00e9e":"1 minute"},"schema":{"@context":"https:\/\/schema.org","@graph":[{"@type":"Article","@id":"https:\/\/www.france.fi\/fr\/langue-francaise\/le-francais-dans-tous-ses-etats-edition-2025\/#article","isPartOf":{"@id":"https:\/\/www.france.fi\/fr\/langue-francaise\/le-francais-dans-tous-ses-etats-edition-2025\/"},"author":{"name":"Equipe IFF","@id":"https:\/\/www.france.fi\/#\/schema\/person\/ed873f29db1d0af6a3600d15d3b65bfd"},"headline":"Le fran\u00e7ais dans tous ses \u00e9tats &#8211; \u00c9dition 2025","datePublished":"2025-10-30T08:28:03+00:00","dateModified":"2025-11-28T10:10:16+00:00","mainEntityOfPage":{"@id":"https:\/\/www.france.fi\/fr\/langue-francaise\/le-francais-dans-tous-ses-etats-edition-2025\/"},"wordCount":192,"publisher":{"@id":"https:\/\/www.france.fi\/#organization"},"image":{"@id":"https:\/\/www.france.fi\/fr\/langue-francaise\/le-francais-dans-tous-ses-etats-edition-2025\/#primaryimage"},"thumbnailUrl":"https:\/\/www.france.fi\/wp-content\/uploads\/2025\/10\/FR-dans-tous-ses-etats.jpg","articleSection":["Langue fran\u00e7aise"],"inLanguage":"fr-FR"},{"@type":"WebPage","@id":"https:\/\/www.france.fi\/fr\/langue-francaise\/le-francais-dans-tous-ses-etats-edition-2025\/","url":"https:\/\/www.france.fi\/fr\/langue-francaise\/le-francais-dans-tous-ses-etats-edition-2025\/","name":"Le fran\u00e7ais dans tous ses \u00e9tats - \u00c9dition 2025 - Institut fran\u00e7ais","isPartOf":{"@id":"https:\/\/www.france.fi\/#website"},"primaryImageOfPage":{"@id":"https:\/\/www.france.fi\/fr\/langue-francaise\/le-francais-dans-tous-ses-etats-edition-2025\/#primaryimage"},"image":{"@id":"https:\/\/www.france.fi\/fr\/langue-francaise\/le-francais-dans-tous-ses-etats-edition-2025\/#primaryimage"},"thumbnailUrl":"https:\/\/www.france.fi\/wp-content\/uploads\/2025\/10\/FR-dans-tous-ses-etats.jpg","datePublished":"2025-10-30T08:28:03+00:00","dateModified":"2025-11-28T10:10:16+00:00","breadcrumb":{"@id":"https:\/\/www.france.fi\/fr\/langue-francaise\/le-francais-dans-tous-ses-etats-edition-2025\/#breadcrumb"},"inLanguage":"fr-FR","potentialAction":[{"@type":"ReadAction","target":["https:\/\/www.france.fi\/fr\/langue-francaise\/le-francais-dans-tous-ses-etats-edition-2025\/"]}]},{"@type":"ImageObject","inLanguage":"fr-FR","@id":"https:\/\/www.france.fi\/fr\/langue-francaise\/le-francais-dans-tous-ses-etats-edition-2025\/#primaryimage","url":"https:\/\/www.france.fi\/wp-content\/uploads\/2025\/10\/FR-dans-tous-ses-etats.jpg","contentUrl":"https:\/\/www.france.fi\/wp-content\/uploads\/2025\/10\/FR-dans-tous-ses-etats.jpg","width":1920,"height":1080},{"@type":"BreadcrumbList","@id":"https:\/\/www.france.fi\/fr\/langue-francaise\/le-francais-dans-tous-ses-etats-edition-2025\/#breadcrumb","itemListElement":[{"@type":"ListItem","position":1,"name":"Home","item":"https:\/\/www.france.fi\/fr\/"},{"@type":"ListItem","position":2,"name":"Langue fran\u00e7aise","item":"https:\/\/www.france.fi\/fr\/category\/langue-francaise\/"},{"@type":"ListItem","position":3,"name":"Le fran\u00e7ais dans tous ses \u00e9tats &#8211; \u00c9dition 2025"}]},{"@type":"WebSite","@id":"https:\/\/www.france.fi\/#website","url":"https:\/\/www.france.fi\/","name":"Institut fran\u00e7ais de Finlande","description":"","publisher":{"@id":"https:\/\/www.france.fi\/#organization"},"potentialAction":[{"@type":"SearchAction","target":{"@type":"EntryPoint","urlTemplate":"https:\/\/www.france.fi\/?s={search_term_string}"},"query-input":{"@type":"PropertyValueSpecification","valueRequired":true,"valueName":"search_term_string"}}],"inLanguage":"fr-FR"},{"@type":"Organization","@id":"https:\/\/www.france.fi\/#organization","name":"Institut fran\u00e7ais de Finlande","url":"https:\/\/www.france.fi\/","logo":{"@type":"ImageObject","inLanguage":"fr-FR","@id":"https:\/\/www.france.fi\/#\/schema\/logo\/image\/","url":"https:\/\/www.france.fi\/wp-content\/uploads\/2024\/02\/if-logo-1.png","contentUrl":"https:\/\/www.france.fi\/wp-content\/uploads\/2024\/02\/if-logo-1.png","width":687,"height":459,"caption":"Institut fran\u00e7ais de Finlande"},"image":{"@id":"https:\/\/www.france.fi\/#\/schema\/logo\/image\/"},"sameAs":["https:\/\/www.facebook.com\/institutfrancaisfi","https:\/\/x.com\/IFFinlande","https:\/\/www.instagram.com\/iffinlande\/","https:\/\/fr.linkedin.com\/organization-guest\/company\/institut-fran-ais-de-finlande","https:\/\/www.youtube.com\/channel\/UCHAitdpmSbeP78eL49XMotA"]},{"@type":"Person","@id":"https:\/\/www.france.fi\/#\/schema\/person\/ed873f29db1d0af6a3600d15d3b65bfd","name":"Equipe IFF","image":{"@type":"ImageObject","inLanguage":"fr-FR","@id":"https:\/\/secure.gravatar.com\/avatar\/3c4ba80228d01014b25e45e90abb28ce315a02c6572751a7fb2298e4274989fc?s=96&d=mm&r=g","url":"https:\/\/secure.gravatar.com\/avatar\/3c4ba80228d01014b25e45e90abb28ce315a02c6572751a7fb2298e4274989fc?s=96&d=mm&r=g","contentUrl":"https:\/\/secure.gravatar.com\/avatar\/3c4ba80228d01014b25e45e90abb28ce315a02c6572751a7fb2298e4274989fc?s=96&d=mm&r=g","caption":"Equipe IFF"},"url":"https:\/\/www.france.fi\/fr\/author\/iffadmin\/"}]}},"_links":{"self":[{"href":"https:\/\/www.france.fi\/fr\/wp-json\/wp\/v2\/posts\/22325","targetHints":{"allow":["GET"]}}],"collection":[{"href":"https:\/\/www.france.fi\/fr\/wp-json\/wp\/v2\/posts"}],"about":[{"href":"https:\/\/www.france.fi\/fr\/wp-json\/wp\/v2\/types\/post"}],"author":[{"embeddable":true,"href":"https:\/\/www.france.fi\/fr\/wp-json\/wp\/v2\/users\/2"}],"replies":[{"embeddable":true,"href":"https:\/\/www.france.fi\/fr\/wp-json\/wp\/v2\/comments?post=22325"}],"version-history":[{"count":0,"href":"https:\/\/www.france.fi\/fr\/wp-json\/wp\/v2\/posts\/22325\/revisions"}],"wp:featuredmedia":[{"embeddable":true,"href":"https:\/\/www.france.fi\/fr\/wp-json\/wp\/v2\/media\/22326"}],"wp:attachment":[{"href":"https:\/\/www.france.fi\/fr\/wp-json\/wp\/v2\/media?parent=22325"}],"wp:term":[{"taxonomy":"category","embeddable":true,"href":"https:\/\/www.france.fi\/fr\/wp-json\/wp\/v2\/categories?post=22325"},{"taxonomy":"post_tag","embeddable":true,"href":"https:\/\/www.france.fi\/fr\/wp-json\/wp\/v2\/tags?post=22325"}],"curies":[{"name":"wp","href":"https:\/\/api.w.org\/{rel}","templated":true}]}}