{"id":22599,"date":"2025-12-11T10:39:14","date_gmt":"2025-12-11T08:39:14","guid":{"rendered":"https:\/\/www.france.fi\/culture\/keskustelu-ensimmaisen-aallon-feminismi-suomessa\/"},"modified":"2026-01-09T09:32:56","modified_gmt":"2026-01-09T07:32:56","slug":"discussion-la-premiere-vague-feministe-en-finlande","status":"publish","type":"post","link":"https:\/\/www.france.fi\/fr\/culture\/discussion-la-premiere-vague-feministe-en-finlande\/","title":{"rendered":"Table ronde : \u00e9chos de la premi\u00e8re vague f\u00e9ministe en Finlande"},"content":{"rendered":"<p>Dans le cadre du festival LUX, l\u2019Institut fran\u00e7ais de Finlande accueillera deux \u0153uvres, dont une r\u00e9alis\u00e9e par l\u2019artiste francais Pascal Li\u00e8vre. Dans sa cr\u00e9ation vid\u00e9o, intitul\u00e9e <a href=\"https:\/\/luxhelsinki.fi\/en\/event\/institut-francais-de-finlande\/\">Dreaming the Dark in Finland<\/a>, il transcrit la visibilit\u00e9 et l\u2019invisibilit\u00e9 des f\u00e9ministes \u00e0 travers l\u2019histoire. En mettant en sc\u00e8ne les noms de 41 f\u00e9ministes pionni\u00e8res \u2014 \u00e9crits puis effac\u00e9s sur de la paillette noire \u2014 l\u2019artiste rend hommage \u00e0 ces Finlandaises qu\u2019il consid\u00e8re comme des figures majeures du f\u00e9minisme occidental.<\/p>\n<p>Mais quel est l\u2019h\u00e9ritage concret des premi\u00e8res f\u00e9ministes finlandaises, et quel lien avec les f\u00e9minismes d\u2019aujourd\u2019hui ? Quelle place pour l\u2019art dans les combats pour l\u2019\u00e9galit\u00e9 ?<\/p>\n<p>L\u2019Institut fran\u00e7ais de Finlande invite quatre intervenants pour apporter leurs r\u00e9ponses \u00e0 toutes ces questions, \u00e0 l&rsquo;occasion d&rsquo;une table ronde d\u00e9di\u00e9e \u00e0 l\u2019h\u00e9ritage laiss\u00e9 par la premi\u00e8re vague f\u00e9ministe en Finlande.<\/p>\n<p>INTERVENANTS<\/p>\n<ul style=\"list-style-type: disc;\">\n<li aria-setsize=\"-1\" data-leveltext=\"-\" data-font=\"Aptos\" data-listid=\"3\" data-list-defn-props=\"{&quot;335552541&quot;:1,&quot;335559685&quot;:720,&quot;335559991&quot;:360,&quot;469769226&quot;:&quot;Aptos&quot;,&quot;469769242&quot;:[8226],&quot;469777803&quot;:&quot;left&quot;,&quot;469777804&quot;:&quot;-&quot;,&quot;469777815&quot;:&quot;hybridMultilevel&quot;}\" data-aria-posinset=\"3\" data-aria-level=\"1\"><span data-contrast=\"auto\">Oona Foster, Advocacy Expert, Conseil national des femmes en Finlande<\/span><\/li>\n<\/ul>\n<ul style=\"list-style-type: disc;\">\n<li aria-setsize=\"-1\" data-leveltext=\"-\" data-font=\"Aptos\" data-listid=\"1\" data-list-defn-props=\"{&quot;335552541&quot;:1,&quot;335559685&quot;:720,&quot;335559991&quot;:360,&quot;469769226&quot;:&quot;Aptos&quot;,&quot;469769242&quot;:[8226],&quot;469777803&quot;:&quot;left&quot;,&quot;469777804&quot;:&quot;-&quot;,&quot;469777815&quot;:&quot;hybridMultilevel&quot;}\" data-aria-posinset=\"7\" data-aria-level=\"1\"><span data-contrast=\"auto\">Pascal Li\u00e8vre, artiste<\/span><\/li>\n<\/ul>\n<ul style=\"list-style-type: disc;\">\n<li aria-setsize=\"-1\" data-leveltext=\"-\" data-font=\"Aptos\" data-listid=\"1\" data-list-defn-props=\"{&quot;335552541&quot;:1,&quot;335559685&quot;:720,&quot;335559991&quot;:360,&quot;469769226&quot;:&quot;Aptos&quot;,&quot;469769242&quot;:[8226],&quot;469777803&quot;:&quot;left&quot;,&quot;469777804&quot;:&quot;-&quot;,&quot;469777815&quot;:&quot;hybridMultilevel&quot;}\" data-aria-posinset=\"8\" data-aria-level=\"1\"><span data-contrast=\"auto\">Tuuli Hongisto, Conseil de l&rsquo;association f\u00e9ministe Unioni<\/span><span data-ccp-props=\"{}\">\u00a0<\/span><\/li>\n<\/ul>\n<ul style=\"list-style-type: disc;\">\n<li aria-setsize=\"-1\" data-leveltext=\"-\" data-font=\"Aptos\" data-listid=\"1\" data-list-defn-props=\"{&quot;335552541&quot;:1,&quot;335559685&quot;:720,&quot;335559991&quot;:360,&quot;469769226&quot;:&quot;Aptos&quot;,&quot;469769242&quot;:[8226],&quot;469777803&quot;:&quot;left&quot;,&quot;469777804&quot;:&quot;-&quot;,&quot;469777815&quot;:&quot;hybridMultilevel&quot;}\" data-aria-posinset=\"9\" data-aria-level=\"1\"><span data-contrast=\"auto\">Juha Sepp\u00e4, de l\u2019association Miehet ry<\/span><\/li>\n<\/ul>\n<p>&nbsp;<\/p>\n<p><span class=\"EOP SCXW243179308 BCX0\" data-ccp-props=\"{}\">La discussion se d\u00e9roulera en anglais. Entr\u00e9e libre sur inscription. Veuillez noter les instructions d&rsquo;arriv\u00e9e \u00e0 l&rsquo;Institut en bas de page.<\/span><\/p>\n<p>&nbsp;<\/p>\n","protected":false},"excerpt":{"rendered":"<p>Dans le cadre de LUX, nous vous proposons de d\u00e9couvrir la th\u00e9matique d\u2019une des \u0153uvres du festival : l\u2019h\u00e9ritage des premi\u00e8res f\u00e9ministes finlandaises.<\/p>\n","protected":false},"author":8,"featured_media":22593,"comment_status":"closed","ping_status":"closed","sticky":false,"template":"","format":"standard","meta":{"footnotes":""},"categories":[1],"tags":[260,377,867,883,884,885,886,887,888,889],"class_list":["post-22599","post","type-post","status-publish","format-standard","has-post-thumbnail","hentry","category-culture","tag-feminisme","tag-art","tag-lux","tag-paneelikeskustelu","tag-feminismi","tag-pascal-lievre","tag-historia","tag-tasa-arvo","tag-table-ronde","tag-egalite"],"yoast_head":"<!-- This site is optimized with the Yoast SEO plugin v27.4 - https:\/\/yoast.com\/product\/yoast-seo-wordpress\/ -->\n<title>Table ronde : \u00e9chos de la premi\u00e8re vague f\u00e9ministe en Finlande - Institut fran\u00e7ais<\/title>\n<meta name=\"description\" content=\"Dans le cadre de LUX, nous vous proposons de d\u00e9couvrir la th\u00e9matique d\u2019une des \u0153uvres du festival : l\u2019h\u00e9ritage des premi\u00e8res f\u00e9ministes finlandaises.\" \/>\n<meta name=\"robots\" content=\"index, follow, max-snippet:-1, max-image-preview:large, max-video-preview:-1\" \/>\n<link rel=\"canonical\" href=\"https:\/\/www.france.fi\/fr\/culture\/discussion-la-premiere-vague-feministe-en-finlande\/\" \/>\n<meta property=\"og:locale\" content=\"fr_FR\" \/>\n<meta property=\"og:type\" content=\"article\" \/>\n<meta property=\"og:title\" content=\"Table ronde : \u00e9chos de la premi\u00e8re vague f\u00e9ministe en Finlande - Institut fran\u00e7ais\" \/>\n<meta property=\"og:description\" content=\"Dans le cadre de LUX, nous vous proposons de d\u00e9couvrir la th\u00e9matique d\u2019une des \u0153uvres du festival : l\u2019h\u00e9ritage des premi\u00e8res f\u00e9ministes finlandaises.\" \/>\n<meta property=\"og:url\" content=\"https:\/\/www.france.fi\/fr\/culture\/discussion-la-premiere-vague-feministe-en-finlande\/\" \/>\n<meta property=\"og:site_name\" content=\"Institut fran\u00e7ais\" \/>\n<meta property=\"article:publisher\" content=\"https:\/\/www.facebook.com\/institutfrancaisfi\" \/>\n<meta property=\"article:published_time\" content=\"2025-12-11T08:39:14+00:00\" \/>\n<meta property=\"article:modified_time\" content=\"2026-01-09T07:32:56+00:00\" \/>\n<meta property=\"og:image\" content=\"https:\/\/www.france.fi\/wp-content\/uploads\/2025\/12\/1.jpg\" \/>\n\t<meta property=\"og:image:width\" content=\"1920\" \/>\n\t<meta property=\"og:image:height\" content=\"1080\" \/>\n\t<meta property=\"og:image:type\" content=\"image\/jpeg\" \/>\n<meta name=\"author\" content=\"Katri Jokela\" \/>\n<meta name=\"twitter:card\" content=\"summary_large_image\" \/>\n<meta name=\"twitter:creator\" content=\"@IFFinlande\" \/>\n<meta name=\"twitter:site\" content=\"@IFFinlande\" \/>\n<meta name=\"twitter:label1\" content=\"\u00c9crit par\" \/>\n\t<meta name=\"twitter:data1\" content=\"Katri Jokela\" \/>\n\t<meta name=\"twitter:label2\" content=\"Dur\u00e9e de lecture estim\u00e9e\" \/>\n\t<meta name=\"twitter:data2\" content=\"2 minutes\" \/>\n<script type=\"application\/ld+json\" class=\"yoast-schema-graph\">{\"@context\":\"https:\\\/\\\/schema.org\",\"@graph\":[{\"@type\":\"Article\",\"@id\":\"https:\\\/\\\/www.france.fi\\\/fr\\\/culture\\\/discussion-la-premiere-vague-feministe-en-finlande\\\/#article\",\"isPartOf\":{\"@id\":\"https:\\\/\\\/www.france.fi\\\/fr\\\/culture\\\/discussion-la-premiere-vague-feministe-en-finlande\\\/\"},\"author\":{\"name\":\"Katri Jokela\",\"@id\":\"https:\\\/\\\/www.france.fi\\\/#\\\/schema\\\/person\\\/db81697c695313881e27d7a0098b4cfe\"},\"headline\":\"Table ronde : \u00e9chos de la premi\u00e8re vague f\u00e9ministe en Finlande\",\"datePublished\":\"2025-12-11T08:39:14+00:00\",\"dateModified\":\"2026-01-09T07:32:56+00:00\",\"mainEntityOfPage\":{\"@id\":\"https:\\\/\\\/www.france.fi\\\/fr\\\/culture\\\/discussion-la-premiere-vague-feministe-en-finlande\\\/\"},\"wordCount\":235,\"publisher\":{\"@id\":\"https:\\\/\\\/www.france.fi\\\/#organization\"},\"image\":{\"@id\":\"https:\\\/\\\/www.france.fi\\\/fr\\\/culture\\\/discussion-la-premiere-vague-feministe-en-finlande\\\/#primaryimage\"},\"thumbnailUrl\":\"https:\\\/\\\/www.france.fi\\\/wp-content\\\/uploads\\\/2025\\\/12\\\/1.jpg\",\"keywords\":[\"f\u00e9minisme\",\"Art\",\"lux\",\"paneelikeskustelu\",\"feminismi\",\"pascal li\u00e8vre\",\"historia\",\"tasa-arvo\",\"table ronde\",\"\u00e9galit\u00e9\"],\"articleSection\":[\"Culture\"],\"inLanguage\":\"fr-FR\"},{\"@type\":\"WebPage\",\"@id\":\"https:\\\/\\\/www.france.fi\\\/fr\\\/culture\\\/discussion-la-premiere-vague-feministe-en-finlande\\\/\",\"url\":\"https:\\\/\\\/www.france.fi\\\/fr\\\/culture\\\/discussion-la-premiere-vague-feministe-en-finlande\\\/\",\"name\":\"Table ronde : \u00e9chos de la premi\u00e8re vague f\u00e9ministe en Finlande - Institut fran\u00e7ais\",\"isPartOf\":{\"@id\":\"https:\\\/\\\/www.france.fi\\\/#website\"},\"primaryImageOfPage\":{\"@id\":\"https:\\\/\\\/www.france.fi\\\/fr\\\/culture\\\/discussion-la-premiere-vague-feministe-en-finlande\\\/#primaryimage\"},\"image\":{\"@id\":\"https:\\\/\\\/www.france.fi\\\/fr\\\/culture\\\/discussion-la-premiere-vague-feministe-en-finlande\\\/#primaryimage\"},\"thumbnailUrl\":\"https:\\\/\\\/www.france.fi\\\/wp-content\\\/uploads\\\/2025\\\/12\\\/1.jpg\",\"datePublished\":\"2025-12-11T08:39:14+00:00\",\"dateModified\":\"2026-01-09T07:32:56+00:00\",\"description\":\"Dans le cadre de LUX, nous vous proposons de d\u00e9couvrir la th\u00e9matique d\u2019une des \u0153uvres du festival : l\u2019h\u00e9ritage des premi\u00e8res f\u00e9ministes finlandaises.\",\"breadcrumb\":{\"@id\":\"https:\\\/\\\/www.france.fi\\\/fr\\\/culture\\\/discussion-la-premiere-vague-feministe-en-finlande\\\/#breadcrumb\"},\"inLanguage\":\"fr-FR\",\"potentialAction\":[{\"@type\":\"ReadAction\",\"target\":[\"https:\\\/\\\/www.france.fi\\\/fr\\\/culture\\\/discussion-la-premiere-vague-feministe-en-finlande\\\/\"]}]},{\"@type\":\"ImageObject\",\"inLanguage\":\"fr-FR\",\"@id\":\"https:\\\/\\\/www.france.fi\\\/fr\\\/culture\\\/discussion-la-premiere-vague-feministe-en-finlande\\\/#primaryimage\",\"url\":\"https:\\\/\\\/www.france.fi\\\/wp-content\\\/uploads\\\/2025\\\/12\\\/1.jpg\",\"contentUrl\":\"https:\\\/\\\/www.france.fi\\\/wp-content\\\/uploads\\\/2025\\\/12\\\/1.jpg\",\"width\":1920,\"height\":1080,\"caption\":\"(C):\"},{\"@type\":\"BreadcrumbList\",\"@id\":\"https:\\\/\\\/www.france.fi\\\/fr\\\/culture\\\/discussion-la-premiere-vague-feministe-en-finlande\\\/#breadcrumb\",\"itemListElement\":[{\"@type\":\"ListItem\",\"position\":1,\"name\":\"Home\",\"item\":\"https:\\\/\\\/www.france.fi\\\/fr\\\/\"},{\"@type\":\"ListItem\",\"position\":2,\"name\":\"Kulttuuri\",\"item\":\"https:\\\/\\\/www.france.fi\\\/category\\\/kulttuuri\\\/\"},{\"@type\":\"ListItem\",\"position\":3,\"name\":\"Table ronde : \u00e9chos de la premi\u00e8re vague f\u00e9ministe en Finlande\"}]},{\"@type\":\"WebSite\",\"@id\":\"https:\\\/\\\/www.france.fi\\\/#website\",\"url\":\"https:\\\/\\\/www.france.fi\\\/\",\"name\":\"Institut fran\u00e7ais de Finlande\",\"description\":\"\",\"publisher\":{\"@id\":\"https:\\\/\\\/www.france.fi\\\/#organization\"},\"potentialAction\":[{\"@type\":\"SearchAction\",\"target\":{\"@type\":\"EntryPoint\",\"urlTemplate\":\"https:\\\/\\\/www.france.fi\\\/?s={search_term_string}\"},\"query-input\":{\"@type\":\"PropertyValueSpecification\",\"valueRequired\":true,\"valueName\":\"search_term_string\"}}],\"inLanguage\":\"fr-FR\"},{\"@type\":\"Organization\",\"@id\":\"https:\\\/\\\/www.france.fi\\\/#organization\",\"name\":\"Institut fran\u00e7ais de Finlande\",\"url\":\"https:\\\/\\\/www.france.fi\\\/\",\"logo\":{\"@type\":\"ImageObject\",\"inLanguage\":\"fr-FR\",\"@id\":\"https:\\\/\\\/www.france.fi\\\/#\\\/schema\\\/logo\\\/image\\\/\",\"url\":\"https:\\\/\\\/www.france.fi\\\/wp-content\\\/uploads\\\/2024\\\/02\\\/if-logo-1.png\",\"contentUrl\":\"https:\\\/\\\/www.france.fi\\\/wp-content\\\/uploads\\\/2024\\\/02\\\/if-logo-1.png\",\"width\":687,\"height\":459,\"caption\":\"Institut fran\u00e7ais de Finlande\"},\"image\":{\"@id\":\"https:\\\/\\\/www.france.fi\\\/#\\\/schema\\\/logo\\\/image\\\/\"},\"sameAs\":[\"https:\\\/\\\/www.facebook.com\\\/institutfrancaisfi\",\"https:\\\/\\\/x.com\\\/IFFinlande\",\"https:\\\/\\\/www.instagram.com\\\/iffinlande\\\/\",\"https:\\\/\\\/fr.linkedin.com\\\/organization-guest\\\/company\\\/institut-fran-ais-de-finlande\",\"https:\\\/\\\/www.youtube.com\\\/channel\\\/UCHAitdpmSbeP78eL49XMotA\"]},{\"@type\":\"Person\",\"@id\":\"https:\\\/\\\/www.france.fi\\\/#\\\/schema\\\/person\\\/db81697c695313881e27d7a0098b4cfe\",\"name\":\"Katri Jokela\",\"image\":{\"@type\":\"ImageObject\",\"inLanguage\":\"fr-FR\",\"@id\":\"https:\\\/\\\/secure.gravatar.com\\\/avatar\\\/396aab495906d349883b262e8f147388dc2e3243e726e288a7b8da2294580805?s=96&d=mm&r=g\",\"url\":\"https:\\\/\\\/secure.gravatar.com\\\/avatar\\\/396aab495906d349883b262e8f147388dc2e3243e726e288a7b8da2294580805?s=96&d=mm&r=g\",\"contentUrl\":\"https:\\\/\\\/secure.gravatar.com\\\/avatar\\\/396aab495906d349883b262e8f147388dc2e3243e726e288a7b8da2294580805?s=96&d=mm&r=g\",\"caption\":\"Katri Jokela\"},\"url\":\"https:\\\/\\\/www.france.fi\\\/fr\\\/author\\\/katri-jokelafrance-fi\\\/\"}]}<\/script>\n<!-- \/ Yoast SEO plugin. -->","yoast_head_json":{"title":"Table ronde : \u00e9chos de la premi\u00e8re vague f\u00e9ministe en Finlande - Institut fran\u00e7ais","description":"Dans le cadre de LUX, nous vous proposons de d\u00e9couvrir la th\u00e9matique d\u2019une des \u0153uvres du festival : l\u2019h\u00e9ritage des premi\u00e8res f\u00e9ministes finlandaises.","robots":{"index":"index","follow":"follow","max-snippet":"max-snippet:-1","max-image-preview":"max-image-preview:large","max-video-preview":"max-video-preview:-1"},"canonical":"https:\/\/www.france.fi\/fr\/culture\/discussion-la-premiere-vague-feministe-en-finlande\/","og_locale":"fr_FR","og_type":"article","og_title":"Table ronde : \u00e9chos de la premi\u00e8re vague f\u00e9ministe en Finlande - Institut fran\u00e7ais","og_description":"Dans le cadre de LUX, nous vous proposons de d\u00e9couvrir la th\u00e9matique d\u2019une des \u0153uvres du festival : l\u2019h\u00e9ritage des premi\u00e8res f\u00e9ministes finlandaises.","og_url":"https:\/\/www.france.fi\/fr\/culture\/discussion-la-premiere-vague-feministe-en-finlande\/","og_site_name":"Institut fran\u00e7ais","article_publisher":"https:\/\/www.facebook.com\/institutfrancaisfi","article_published_time":"2025-12-11T08:39:14+00:00","article_modified_time":"2026-01-09T07:32:56+00:00","og_image":[{"width":1920,"height":1080,"url":"https:\/\/www.france.fi\/wp-content\/uploads\/2025\/12\/1.jpg","type":"image\/jpeg"}],"author":"Katri Jokela","twitter_card":"summary_large_image","twitter_creator":"@IFFinlande","twitter_site":"@IFFinlande","twitter_misc":{"\u00c9crit par":"Katri Jokela","Dur\u00e9e de lecture estim\u00e9e":"2 minutes"},"schema":{"@context":"https:\/\/schema.org","@graph":[{"@type":"Article","@id":"https:\/\/www.france.fi\/fr\/culture\/discussion-la-premiere-vague-feministe-en-finlande\/#article","isPartOf":{"@id":"https:\/\/www.france.fi\/fr\/culture\/discussion-la-premiere-vague-feministe-en-finlande\/"},"author":{"name":"Katri Jokela","@id":"https:\/\/www.france.fi\/#\/schema\/person\/db81697c695313881e27d7a0098b4cfe"},"headline":"Table ronde : \u00e9chos de la premi\u00e8re vague f\u00e9ministe en Finlande","datePublished":"2025-12-11T08:39:14+00:00","dateModified":"2026-01-09T07:32:56+00:00","mainEntityOfPage":{"@id":"https:\/\/www.france.fi\/fr\/culture\/discussion-la-premiere-vague-feministe-en-finlande\/"},"wordCount":235,"publisher":{"@id":"https:\/\/www.france.fi\/#organization"},"image":{"@id":"https:\/\/www.france.fi\/fr\/culture\/discussion-la-premiere-vague-feministe-en-finlande\/#primaryimage"},"thumbnailUrl":"https:\/\/www.france.fi\/wp-content\/uploads\/2025\/12\/1.jpg","keywords":["f\u00e9minisme","Art","lux","paneelikeskustelu","feminismi","pascal li\u00e8vre","historia","tasa-arvo","table ronde","\u00e9galit\u00e9"],"articleSection":["Culture"],"inLanguage":"fr-FR"},{"@type":"WebPage","@id":"https:\/\/www.france.fi\/fr\/culture\/discussion-la-premiere-vague-feministe-en-finlande\/","url":"https:\/\/www.france.fi\/fr\/culture\/discussion-la-premiere-vague-feministe-en-finlande\/","name":"Table ronde : \u00e9chos de la premi\u00e8re vague f\u00e9ministe en Finlande - Institut fran\u00e7ais","isPartOf":{"@id":"https:\/\/www.france.fi\/#website"},"primaryImageOfPage":{"@id":"https:\/\/www.france.fi\/fr\/culture\/discussion-la-premiere-vague-feministe-en-finlande\/#primaryimage"},"image":{"@id":"https:\/\/www.france.fi\/fr\/culture\/discussion-la-premiere-vague-feministe-en-finlande\/#primaryimage"},"thumbnailUrl":"https:\/\/www.france.fi\/wp-content\/uploads\/2025\/12\/1.jpg","datePublished":"2025-12-11T08:39:14+00:00","dateModified":"2026-01-09T07:32:56+00:00","description":"Dans le cadre de LUX, nous vous proposons de d\u00e9couvrir la th\u00e9matique d\u2019une des \u0153uvres du festival : l\u2019h\u00e9ritage des premi\u00e8res f\u00e9ministes finlandaises.","breadcrumb":{"@id":"https:\/\/www.france.fi\/fr\/culture\/discussion-la-premiere-vague-feministe-en-finlande\/#breadcrumb"},"inLanguage":"fr-FR","potentialAction":[{"@type":"ReadAction","target":["https:\/\/www.france.fi\/fr\/culture\/discussion-la-premiere-vague-feministe-en-finlande\/"]}]},{"@type":"ImageObject","inLanguage":"fr-FR","@id":"https:\/\/www.france.fi\/fr\/culture\/discussion-la-premiere-vague-feministe-en-finlande\/#primaryimage","url":"https:\/\/www.france.fi\/wp-content\/uploads\/2025\/12\/1.jpg","contentUrl":"https:\/\/www.france.fi\/wp-content\/uploads\/2025\/12\/1.jpg","width":1920,"height":1080,"caption":"(C):"},{"@type":"BreadcrumbList","@id":"https:\/\/www.france.fi\/fr\/culture\/discussion-la-premiere-vague-feministe-en-finlande\/#breadcrumb","itemListElement":[{"@type":"ListItem","position":1,"name":"Home","item":"https:\/\/www.france.fi\/fr\/"},{"@type":"ListItem","position":2,"name":"Kulttuuri","item":"https:\/\/www.france.fi\/category\/kulttuuri\/"},{"@type":"ListItem","position":3,"name":"Table ronde : \u00e9chos de la premi\u00e8re vague f\u00e9ministe en Finlande"}]},{"@type":"WebSite","@id":"https:\/\/www.france.fi\/#website","url":"https:\/\/www.france.fi\/","name":"Institut fran\u00e7ais de Finlande","description":"","publisher":{"@id":"https:\/\/www.france.fi\/#organization"},"potentialAction":[{"@type":"SearchAction","target":{"@type":"EntryPoint","urlTemplate":"https:\/\/www.france.fi\/?s={search_term_string}"},"query-input":{"@type":"PropertyValueSpecification","valueRequired":true,"valueName":"search_term_string"}}],"inLanguage":"fr-FR"},{"@type":"Organization","@id":"https:\/\/www.france.fi\/#organization","name":"Institut fran\u00e7ais de Finlande","url":"https:\/\/www.france.fi\/","logo":{"@type":"ImageObject","inLanguage":"fr-FR","@id":"https:\/\/www.france.fi\/#\/schema\/logo\/image\/","url":"https:\/\/www.france.fi\/wp-content\/uploads\/2024\/02\/if-logo-1.png","contentUrl":"https:\/\/www.france.fi\/wp-content\/uploads\/2024\/02\/if-logo-1.png","width":687,"height":459,"caption":"Institut fran\u00e7ais de Finlande"},"image":{"@id":"https:\/\/www.france.fi\/#\/schema\/logo\/image\/"},"sameAs":["https:\/\/www.facebook.com\/institutfrancaisfi","https:\/\/x.com\/IFFinlande","https:\/\/www.instagram.com\/iffinlande\/","https:\/\/fr.linkedin.com\/organization-guest\/company\/institut-fran-ais-de-finlande","https:\/\/www.youtube.com\/channel\/UCHAitdpmSbeP78eL49XMotA"]},{"@type":"Person","@id":"https:\/\/www.france.fi\/#\/schema\/person\/db81697c695313881e27d7a0098b4cfe","name":"Katri Jokela","image":{"@type":"ImageObject","inLanguage":"fr-FR","@id":"https:\/\/secure.gravatar.com\/avatar\/396aab495906d349883b262e8f147388dc2e3243e726e288a7b8da2294580805?s=96&d=mm&r=g","url":"https:\/\/secure.gravatar.com\/avatar\/396aab495906d349883b262e8f147388dc2e3243e726e288a7b8da2294580805?s=96&d=mm&r=g","contentUrl":"https:\/\/secure.gravatar.com\/avatar\/396aab495906d349883b262e8f147388dc2e3243e726e288a7b8da2294580805?s=96&d=mm&r=g","caption":"Katri Jokela"},"url":"https:\/\/www.france.fi\/fr\/author\/katri-jokelafrance-fi\/"}]}},"_links":{"self":[{"href":"https:\/\/www.france.fi\/fr\/wp-json\/wp\/v2\/posts\/22599","targetHints":{"allow":["GET"]}}],"collection":[{"href":"https:\/\/www.france.fi\/fr\/wp-json\/wp\/v2\/posts"}],"about":[{"href":"https:\/\/www.france.fi\/fr\/wp-json\/wp\/v2\/types\/post"}],"author":[{"embeddable":true,"href":"https:\/\/www.france.fi\/fr\/wp-json\/wp\/v2\/users\/8"}],"replies":[{"embeddable":true,"href":"https:\/\/www.france.fi\/fr\/wp-json\/wp\/v2\/comments?post=22599"}],"version-history":[{"count":0,"href":"https:\/\/www.france.fi\/fr\/wp-json\/wp\/v2\/posts\/22599\/revisions"}],"wp:featuredmedia":[{"embeddable":true,"href":"https:\/\/www.france.fi\/fr\/wp-json\/wp\/v2\/media\/22593"}],"wp:attachment":[{"href":"https:\/\/www.france.fi\/fr\/wp-json\/wp\/v2\/media?parent=22599"}],"wp:term":[{"taxonomy":"category","embeddable":true,"href":"https:\/\/www.france.fi\/fr\/wp-json\/wp\/v2\/categories?post=22599"},{"taxonomy":"post_tag","embeddable":true,"href":"https:\/\/www.france.fi\/fr\/wp-json\/wp\/v2\/tags?post=22599"}],"curies":[{"name":"wp","href":"https:\/\/api.w.org\/{rel}","templated":true}]}}