{"id":22653,"date":"2025-12-16T14:04:33","date_gmt":"2025-12-16T12:04:33","guid":{"rendered":"https:\/\/www.france.fi\/culture\/tieteiden-yo-2026-valokuvauksen-200-vuotisjuhla\/"},"modified":"2026-01-23T08:53:04","modified_gmt":"2026-01-23T06:53:04","slug":"nuit-de-la-science-2026-bicentenaire-de-la-photo","status":"publish","type":"post","link":"https:\/\/www.france.fi\/fr\/sciences-et-universites\/nuit-de-la-science-2026-bicentenaire-de-la-photo\/","title":{"rendered":"Nuit de la science 2026 : 200 ans de photographie"},"content":{"rendered":"<p>En 2026, nous prenons tous des photos tous les jours sans y penser : un glissement, un clic, et un instant est grav\u00e9 dans notre m\u00e9moire. Deux cents ans plus t\u00f4t, en 1826, l&rsquo;inventeur fran\u00e7ais Nic\u00e9phore Ni\u00e9pce r\u00e9alisait la premi\u00e8re photographie de l&rsquo;histoire, le c\u00e9l\u00e8bre <em><a href=\"https:\/\/fr.wikipedia.org\/wiki\/Point_de_vue_du_Gras\">Point de vue du Gras<\/a><\/em>, apr\u00e8s des ann\u00e9es d&rsquo;exp\u00e9rimentations et de raffinement chimique.<\/p>\n<p>\u00c0 l&rsquo;occasion de la Nuit de la science 2026, nous vous invitons \u00e0 ralentir le rythme et \u00e0 red\u00e9couvrir la photographie en tant que science et art.<\/p>\n<p>Au fil de la soir\u00e9e, vous d\u00e9couvrirez comment cette premi\u00e8re photographie, une vue calme et apparemment banale, r\u00e9v\u00e8le le monde en mutation de l&rsquo;\u00e9poque de Ni\u00e9pce, vous explorerez les d\u00e9buts de l&rsquo;art photographique en Finlande, vous d\u00e9couvrirez la photographie contemporaine bas\u00e9e sur des techniques anciennes ou sans appareil photo, et vous vous initierez m\u00eame \u00e0 ces proc\u00e9d\u00e9s. Partagez votre propre Point de vue du Gras et exp\u00e9rimentez le d\u00e9veloppement photo instantan\u00e9.<\/p>\n<h3>PROGRAMME<\/h3>\n<ul>\n<li>Documentaire : \u00ab Objectif Ni\u00e9pce \u00bb, Constance Production (r\u00e9alisateur : Christophe Henry)<\/li>\n<li>Analyse historique du Point de vue du Gras, Dr. Jan Middelbos, Universit\u00e9 de Rennes 2<\/li>\n<li>En qu\u00eate de la couleur : premiers autochromes de la collection du Mus\u00e9e finlandais de la photographie, Max Fritze, Mus\u00e9e finlandais de la photographie<\/li>\n<li>Photographie contemporaine bas\u00e9e sur des techniques anciennes, J\u00e9r\u00e9my Barrois, artiste photographe<\/li>\n<li>Le jardin h\u00e9liographique : photogrammes, chimigrammes et autres techniques photosensibles sans appareil photo, Dr. Tuula N\u00e4rhinen, Uniarts Helsinki<\/li>\n<li>Exposition pop-up participative, <em>Le point de vue depuis ma fen\u00eatre<\/em><\/li>\n<li>D\u00e9ambulation \u00e0 l&rsquo;Institut fran\u00e7ais, \u00e9change direct avec les intervenants sur les \u0153uvres photographiques ou initiation \u00e0 la prise de photo instantan\u00e9e<\/li>\n<\/ul>\n<p>Le programme complet est disponible <a href=\"https:\/\/www.france.fi\/wp-content\/uploads\/2025\/12\/Night-of-Science-2026-Programme-MAJ.pdf\">ICI<\/a>.<\/p>\n<h3>\u00c0 VOUS DE JOUER\u202f! EXPOSITION POP-UP : <em>LE POINT DE VUE DEPUIS MA FEN\u00caTRE\u00a0<\/em><\/h3>\n<p>En plus de pr\u00e9sentations fascinantes, la soir\u00e9e propose une exposition participative Le point de vue depuis ma fen\u00eatre en hommage \u00e0 Nic\u00e9phore Ni\u00e9pce et \u00e0 la premi\u00e8re photo de l\u2019histoire, <a href=\"https:\/\/fr.wikipedia.org\/wiki\/Point_de_vue_du_Gras\">Le point de vue du Gras<\/a>.<\/p>\n<p><strong>Le d\u00e9fi ?<\/strong> Nous envoyer une photo prise depuis la fen\u00eatre de chez vous. \u00c0 quoi ressemble le monde vu de votre fen\u00eatre ? Nous recherchons des photos qui capturent notre \u00e9poque : une lumi\u00e8re saisissante, l&rsquo;architecture urbaine ou des moments fugaces de la vie quotidienne. Le cadre de la fen\u00eatre doit servir de toile, faisant \u00e9cho \u00e0 la perspective historique de Ni\u00e9pce.<\/p>\n<p><strong>Comment participer\u202f?<\/strong> Envoyez votre photo avant le 20 janvier 2026 \u00e0 science@france.fi (JPG ou PNG, haute r\u00e9solution, avec les cr\u00e9dits complets). Les images les plus marquantes seront expos\u00e9es \u00e0 l&rsquo;Institut lors de notre \u00e9v\u00e9nement sp\u00e9cial.<\/p>\n<p>Capturez la lumi\u00e8re. Entrez dans l&rsquo;histoire. Commencez \u00e0 photographier !<\/p>\n<h3><span class=\"EOP SCXW4518148 BCX0\" data-ccp-props=\"{&quot;134233117&quot;:false,&quot;134233118&quot;:false,&quot;201341983&quot;:0,&quot;335551550&quot;:1,&quot;335551620&quot;:1,&quot;335559685&quot;:0,&quot;335559737&quot;:0,&quot;335559738&quot;:0,&quot;335559739&quot;:0,&quot;335559740&quot;:278}\"><span class=\"TextRun SCXW49789524 BCX0\" lang=\"FR-FR\" xml:lang=\"FR-FR\" data-contrast=\"auto\"><span class=\"NormalTextRun SCXW49789524 BCX0\">INFORMATIONS PRATIQUES<\/span><\/span><\/span><\/h3>\n<p>\u00c9v\u00e9nement en fran\u00e7ais et en anglais : les pr\u00e9sentations en fran\u00e7ais sont sous-titr\u00e9es en anglais et vice-versa.<\/p>\n<p>L \u2019acc\u00e8s et l\u2019espace de l\u2019Institut sont accessibles aux personnes \u00e0 mobilit\u00e9 r\u00e9duite. Cependant, veuillez noter que la rampe menant \u00e0 la porte pr\u00e9sente une inclinaison prononc\u00e9e et n\u00e9cessite l\u2019assistance d\u2019un accompagnant pour les personnes en fauteuil roulant. Les toilettes ne sont pas accessibles aux personnes \u00e0 mobilit\u00e9 r\u00e9duite.<\/p>\n<p>L\u2019entr\u00e9e est libre sur inscription \u00e0 travers le lien ci-dessous.<\/p>\n<p>&nbsp;<\/p>\n","protected":false},"excerpt":{"rendered":"<p>Lors de cette soir\u00e9e immersive, red\u00e9couvrez l\u2019histoire et l\u2019art de la capture de la lumi\u00e8re \u00e0 l\u2019occasion du bicentenaire de la premi\u00e8re photographie, au-del\u00e0 du simple clic.<\/p>\n","protected":false},"author":8,"featured_media":22647,"comment_status":"closed","ping_status":"closed","sticky":false,"template":"","format":"standard","meta":{"footnotes":""},"categories":[4],"tags":[321,897,898,899,900],"class_list":["post-22653","post","type-post","status-publish","format-standard","has-post-thumbnail","hentry","category-sciences-et-universites","tag-photographie","tag-valokuvaus","tag-tieteiden-yo-2026","tag-nicephore-niepce","tag-nuit-de-la-science-2026"],"yoast_head":"<!-- This site is optimized with the Yoast SEO plugin v27.4 - https:\/\/yoast.com\/product\/yoast-seo-wordpress\/ -->\n<title>Nuit de la science 2026 : 200 ans de photographie - Institut fran\u00e7ais<\/title>\n<meta name=\"description\" content=\"Lors de cette soir\u00e9e immersive, red\u00e9couvrez l\u2019histoire et l\u2019art de la capture de la lumi\u00e8re \u00e0 l\u2019occasion du bicentenaire de la premi\u00e8re photographie, au-del\u00e0 du simple clic.\" \/>\n<meta name=\"robots\" content=\"index, follow, max-snippet:-1, max-image-preview:large, max-video-preview:-1\" \/>\n<link rel=\"canonical\" href=\"https:\/\/www.france.fi\/fr\/sciences-et-universites\/nuit-de-la-science-2026-bicentenaire-de-la-photo\/\" \/>\n<meta property=\"og:locale\" content=\"fr_FR\" \/>\n<meta property=\"og:type\" content=\"article\" \/>\n<meta property=\"og:title\" content=\"Nuit de la science 2026 : 200 ans de photographie - Institut fran\u00e7ais\" \/>\n<meta property=\"og:description\" content=\"Lors de cette soir\u00e9e immersive, red\u00e9couvrez l\u2019histoire et l\u2019art de la capture de la lumi\u00e8re \u00e0 l\u2019occasion du bicentenaire de la premi\u00e8re photographie, au-del\u00e0 du simple clic.\" \/>\n<meta property=\"og:url\" content=\"https:\/\/www.france.fi\/fr\/sciences-et-universites\/nuit-de-la-science-2026-bicentenaire-de-la-photo\/\" \/>\n<meta property=\"og:site_name\" content=\"Institut fran\u00e7ais\" \/>\n<meta property=\"article:publisher\" content=\"https:\/\/www.facebook.com\/institutfrancaisfi\" \/>\n<meta property=\"article:published_time\" content=\"2025-12-16T12:04:33+00:00\" \/>\n<meta property=\"article:modified_time\" content=\"2026-01-23T06:53:04+00:00\" \/>\n<meta property=\"og:image\" content=\"https:\/\/www.france.fi\/wp-content\/uploads\/2025\/12\/Visuel.jpg\" \/>\n\t<meta property=\"og:image:width\" content=\"1920\" \/>\n\t<meta property=\"og:image:height\" content=\"1080\" \/>\n\t<meta property=\"og:image:type\" content=\"image\/jpeg\" \/>\n<meta name=\"author\" content=\"Katri Jokela\" \/>\n<meta name=\"twitter:card\" content=\"summary_large_image\" \/>\n<meta name=\"twitter:creator\" content=\"@IFFinlande\" \/>\n<meta name=\"twitter:site\" content=\"@IFFinlande\" \/>\n<meta name=\"twitter:label1\" content=\"\u00c9crit par\" \/>\n\t<meta name=\"twitter:data1\" content=\"Katri Jokela\" \/>\n\t<meta name=\"twitter:label2\" content=\"Dur\u00e9e de lecture estim\u00e9e\" \/>\n\t<meta name=\"twitter:data2\" content=\"3 minutes\" \/>\n<script type=\"application\/ld+json\" class=\"yoast-schema-graph\">{\"@context\":\"https:\\\/\\\/schema.org\",\"@graph\":[{\"@type\":\"Article\",\"@id\":\"https:\\\/\\\/www.france.fi\\\/fr\\\/sciences-et-universites\\\/nuit-de-la-science-2026-bicentenaire-de-la-photo\\\/#article\",\"isPartOf\":{\"@id\":\"https:\\\/\\\/www.france.fi\\\/fr\\\/sciences-et-universites\\\/nuit-de-la-science-2026-bicentenaire-de-la-photo\\\/\"},\"author\":{\"name\":\"Katri Jokela\",\"@id\":\"https:\\\/\\\/www.france.fi\\\/#\\\/schema\\\/person\\\/db81697c695313881e27d7a0098b4cfe\"},\"headline\":\"Nuit de la science 2026 : 200 ans de photographie\",\"datePublished\":\"2025-12-16T12:04:33+00:00\",\"dateModified\":\"2026-01-23T06:53:04+00:00\",\"mainEntityOfPage\":{\"@id\":\"https:\\\/\\\/www.france.fi\\\/fr\\\/sciences-et-universites\\\/nuit-de-la-science-2026-bicentenaire-de-la-photo\\\/\"},\"wordCount\":571,\"publisher\":{\"@id\":\"https:\\\/\\\/www.france.fi\\\/#organization\"},\"image\":{\"@id\":\"https:\\\/\\\/www.france.fi\\\/fr\\\/sciences-et-universites\\\/nuit-de-la-science-2026-bicentenaire-de-la-photo\\\/#primaryimage\"},\"thumbnailUrl\":\"https:\\\/\\\/www.france.fi\\\/wp-content\\\/uploads\\\/2025\\\/12\\\/Visuel.jpg\",\"keywords\":[\"photographie\",\"valokuvaus\",\"tieteiden y\u00f6 2026\",\"nic\u00e9phore ni\u00e9pce\",\"nuit de la science 2026\"],\"articleSection\":[\"Sciences et universit\u00e9s\"],\"inLanguage\":\"fr-FR\"},{\"@type\":\"WebPage\",\"@id\":\"https:\\\/\\\/www.france.fi\\\/fr\\\/sciences-et-universites\\\/nuit-de-la-science-2026-bicentenaire-de-la-photo\\\/\",\"url\":\"https:\\\/\\\/www.france.fi\\\/fr\\\/sciences-et-universites\\\/nuit-de-la-science-2026-bicentenaire-de-la-photo\\\/\",\"name\":\"Nuit de la science 2026 : 200 ans de photographie - Institut fran\u00e7ais\",\"isPartOf\":{\"@id\":\"https:\\\/\\\/www.france.fi\\\/#website\"},\"primaryImageOfPage\":{\"@id\":\"https:\\\/\\\/www.france.fi\\\/fr\\\/sciences-et-universites\\\/nuit-de-la-science-2026-bicentenaire-de-la-photo\\\/#primaryimage\"},\"image\":{\"@id\":\"https:\\\/\\\/www.france.fi\\\/fr\\\/sciences-et-universites\\\/nuit-de-la-science-2026-bicentenaire-de-la-photo\\\/#primaryimage\"},\"thumbnailUrl\":\"https:\\\/\\\/www.france.fi\\\/wp-content\\\/uploads\\\/2025\\\/12\\\/Visuel.jpg\",\"datePublished\":\"2025-12-16T12:04:33+00:00\",\"dateModified\":\"2026-01-23T06:53:04+00:00\",\"description\":\"Lors de cette soir\u00e9e immersive, red\u00e9couvrez l\u2019histoire et l\u2019art de la capture de la lumi\u00e8re \u00e0 l\u2019occasion du bicentenaire de la premi\u00e8re photographie, au-del\u00e0 du simple clic.\",\"breadcrumb\":{\"@id\":\"https:\\\/\\\/www.france.fi\\\/fr\\\/sciences-et-universites\\\/nuit-de-la-science-2026-bicentenaire-de-la-photo\\\/#breadcrumb\"},\"inLanguage\":\"fr-FR\",\"potentialAction\":[{\"@type\":\"ReadAction\",\"target\":[\"https:\\\/\\\/www.france.fi\\\/fr\\\/sciences-et-universites\\\/nuit-de-la-science-2026-bicentenaire-de-la-photo\\\/\"]}]},{\"@type\":\"ImageObject\",\"inLanguage\":\"fr-FR\",\"@id\":\"https:\\\/\\\/www.france.fi\\\/fr\\\/sciences-et-universites\\\/nuit-de-la-science-2026-bicentenaire-de-la-photo\\\/#primaryimage\",\"url\":\"https:\\\/\\\/www.france.fi\\\/wp-content\\\/uploads\\\/2025\\\/12\\\/Visuel.jpg\",\"contentUrl\":\"https:\\\/\\\/www.france.fi\\\/wp-content\\\/uploads\\\/2025\\\/12\\\/Visuel.jpg\",\"width\":1920,\"height\":1080},{\"@type\":\"BreadcrumbList\",\"@id\":\"https:\\\/\\\/www.france.fi\\\/fr\\\/sciences-et-universites\\\/nuit-de-la-science-2026-bicentenaire-de-la-photo\\\/#breadcrumb\",\"itemListElement\":[{\"@type\":\"ListItem\",\"position\":1,\"name\":\"Home\",\"item\":\"https:\\\/\\\/www.france.fi\\\/fr\\\/\"},{\"@type\":\"ListItem\",\"position\":2,\"name\":\"Tiede ja korkeakoulu\",\"item\":\"https:\\\/\\\/www.france.fi\\\/category\\\/tiede-ja-korkeakoulu\\\/\"},{\"@type\":\"ListItem\",\"position\":3,\"name\":\"Nuit de la science 2026 : 200 ans de photographie\"}]},{\"@type\":\"WebSite\",\"@id\":\"https:\\\/\\\/www.france.fi\\\/#website\",\"url\":\"https:\\\/\\\/www.france.fi\\\/\",\"name\":\"Institut fran\u00e7ais de Finlande\",\"description\":\"\",\"publisher\":{\"@id\":\"https:\\\/\\\/www.france.fi\\\/#organization\"},\"potentialAction\":[{\"@type\":\"SearchAction\",\"target\":{\"@type\":\"EntryPoint\",\"urlTemplate\":\"https:\\\/\\\/www.france.fi\\\/?s={search_term_string}\"},\"query-input\":{\"@type\":\"PropertyValueSpecification\",\"valueRequired\":true,\"valueName\":\"search_term_string\"}}],\"inLanguage\":\"fr-FR\"},{\"@type\":\"Organization\",\"@id\":\"https:\\\/\\\/www.france.fi\\\/#organization\",\"name\":\"Institut fran\u00e7ais de Finlande\",\"url\":\"https:\\\/\\\/www.france.fi\\\/\",\"logo\":{\"@type\":\"ImageObject\",\"inLanguage\":\"fr-FR\",\"@id\":\"https:\\\/\\\/www.france.fi\\\/#\\\/schema\\\/logo\\\/image\\\/\",\"url\":\"https:\\\/\\\/www.france.fi\\\/wp-content\\\/uploads\\\/2024\\\/02\\\/if-logo-1.png\",\"contentUrl\":\"https:\\\/\\\/www.france.fi\\\/wp-content\\\/uploads\\\/2024\\\/02\\\/if-logo-1.png\",\"width\":687,\"height\":459,\"caption\":\"Institut fran\u00e7ais de Finlande\"},\"image\":{\"@id\":\"https:\\\/\\\/www.france.fi\\\/#\\\/schema\\\/logo\\\/image\\\/\"},\"sameAs\":[\"https:\\\/\\\/www.facebook.com\\\/institutfrancaisfi\",\"https:\\\/\\\/x.com\\\/IFFinlande\",\"https:\\\/\\\/www.instagram.com\\\/iffinlande\\\/\",\"https:\\\/\\\/fr.linkedin.com\\\/organization-guest\\\/company\\\/institut-fran-ais-de-finlande\",\"https:\\\/\\\/www.youtube.com\\\/channel\\\/UCHAitdpmSbeP78eL49XMotA\"]},{\"@type\":\"Person\",\"@id\":\"https:\\\/\\\/www.france.fi\\\/#\\\/schema\\\/person\\\/db81697c695313881e27d7a0098b4cfe\",\"name\":\"Katri Jokela\",\"image\":{\"@type\":\"ImageObject\",\"inLanguage\":\"fr-FR\",\"@id\":\"https:\\\/\\\/secure.gravatar.com\\\/avatar\\\/396aab495906d349883b262e8f147388dc2e3243e726e288a7b8da2294580805?s=96&d=mm&r=g\",\"url\":\"https:\\\/\\\/secure.gravatar.com\\\/avatar\\\/396aab495906d349883b262e8f147388dc2e3243e726e288a7b8da2294580805?s=96&d=mm&r=g\",\"contentUrl\":\"https:\\\/\\\/secure.gravatar.com\\\/avatar\\\/396aab495906d349883b262e8f147388dc2e3243e726e288a7b8da2294580805?s=96&d=mm&r=g\",\"caption\":\"Katri Jokela\"},\"url\":\"https:\\\/\\\/www.france.fi\\\/fr\\\/author\\\/katri-jokelafrance-fi\\\/\"}]}<\/script>\n<!-- \/ Yoast SEO plugin. -->","yoast_head_json":{"title":"Nuit de la science 2026 : 200 ans de photographie - Institut fran\u00e7ais","description":"Lors de cette soir\u00e9e immersive, red\u00e9couvrez l\u2019histoire et l\u2019art de la capture de la lumi\u00e8re \u00e0 l\u2019occasion du bicentenaire de la premi\u00e8re photographie, au-del\u00e0 du simple clic.","robots":{"index":"index","follow":"follow","max-snippet":"max-snippet:-1","max-image-preview":"max-image-preview:large","max-video-preview":"max-video-preview:-1"},"canonical":"https:\/\/www.france.fi\/fr\/sciences-et-universites\/nuit-de-la-science-2026-bicentenaire-de-la-photo\/","og_locale":"fr_FR","og_type":"article","og_title":"Nuit de la science 2026 : 200 ans de photographie - Institut fran\u00e7ais","og_description":"Lors de cette soir\u00e9e immersive, red\u00e9couvrez l\u2019histoire et l\u2019art de la capture de la lumi\u00e8re \u00e0 l\u2019occasion du bicentenaire de la premi\u00e8re photographie, au-del\u00e0 du simple clic.","og_url":"https:\/\/www.france.fi\/fr\/sciences-et-universites\/nuit-de-la-science-2026-bicentenaire-de-la-photo\/","og_site_name":"Institut fran\u00e7ais","article_publisher":"https:\/\/www.facebook.com\/institutfrancaisfi","article_published_time":"2025-12-16T12:04:33+00:00","article_modified_time":"2026-01-23T06:53:04+00:00","og_image":[{"width":1920,"height":1080,"url":"https:\/\/www.france.fi\/wp-content\/uploads\/2025\/12\/Visuel.jpg","type":"image\/jpeg"}],"author":"Katri Jokela","twitter_card":"summary_large_image","twitter_creator":"@IFFinlande","twitter_site":"@IFFinlande","twitter_misc":{"\u00c9crit par":"Katri Jokela","Dur\u00e9e de lecture estim\u00e9e":"3 minutes"},"schema":{"@context":"https:\/\/schema.org","@graph":[{"@type":"Article","@id":"https:\/\/www.france.fi\/fr\/sciences-et-universites\/nuit-de-la-science-2026-bicentenaire-de-la-photo\/#article","isPartOf":{"@id":"https:\/\/www.france.fi\/fr\/sciences-et-universites\/nuit-de-la-science-2026-bicentenaire-de-la-photo\/"},"author":{"name":"Katri Jokela","@id":"https:\/\/www.france.fi\/#\/schema\/person\/db81697c695313881e27d7a0098b4cfe"},"headline":"Nuit de la science 2026 : 200 ans de photographie","datePublished":"2025-12-16T12:04:33+00:00","dateModified":"2026-01-23T06:53:04+00:00","mainEntityOfPage":{"@id":"https:\/\/www.france.fi\/fr\/sciences-et-universites\/nuit-de-la-science-2026-bicentenaire-de-la-photo\/"},"wordCount":571,"publisher":{"@id":"https:\/\/www.france.fi\/#organization"},"image":{"@id":"https:\/\/www.france.fi\/fr\/sciences-et-universites\/nuit-de-la-science-2026-bicentenaire-de-la-photo\/#primaryimage"},"thumbnailUrl":"https:\/\/www.france.fi\/wp-content\/uploads\/2025\/12\/Visuel.jpg","keywords":["photographie","valokuvaus","tieteiden y\u00f6 2026","nic\u00e9phore ni\u00e9pce","nuit de la science 2026"],"articleSection":["Sciences et universit\u00e9s"],"inLanguage":"fr-FR"},{"@type":"WebPage","@id":"https:\/\/www.france.fi\/fr\/sciences-et-universites\/nuit-de-la-science-2026-bicentenaire-de-la-photo\/","url":"https:\/\/www.france.fi\/fr\/sciences-et-universites\/nuit-de-la-science-2026-bicentenaire-de-la-photo\/","name":"Nuit de la science 2026 : 200 ans de photographie - Institut fran\u00e7ais","isPartOf":{"@id":"https:\/\/www.france.fi\/#website"},"primaryImageOfPage":{"@id":"https:\/\/www.france.fi\/fr\/sciences-et-universites\/nuit-de-la-science-2026-bicentenaire-de-la-photo\/#primaryimage"},"image":{"@id":"https:\/\/www.france.fi\/fr\/sciences-et-universites\/nuit-de-la-science-2026-bicentenaire-de-la-photo\/#primaryimage"},"thumbnailUrl":"https:\/\/www.france.fi\/wp-content\/uploads\/2025\/12\/Visuel.jpg","datePublished":"2025-12-16T12:04:33+00:00","dateModified":"2026-01-23T06:53:04+00:00","description":"Lors de cette soir\u00e9e immersive, red\u00e9couvrez l\u2019histoire et l\u2019art de la capture de la lumi\u00e8re \u00e0 l\u2019occasion du bicentenaire de la premi\u00e8re photographie, au-del\u00e0 du simple clic.","breadcrumb":{"@id":"https:\/\/www.france.fi\/fr\/sciences-et-universites\/nuit-de-la-science-2026-bicentenaire-de-la-photo\/#breadcrumb"},"inLanguage":"fr-FR","potentialAction":[{"@type":"ReadAction","target":["https:\/\/www.france.fi\/fr\/sciences-et-universites\/nuit-de-la-science-2026-bicentenaire-de-la-photo\/"]}]},{"@type":"ImageObject","inLanguage":"fr-FR","@id":"https:\/\/www.france.fi\/fr\/sciences-et-universites\/nuit-de-la-science-2026-bicentenaire-de-la-photo\/#primaryimage","url":"https:\/\/www.france.fi\/wp-content\/uploads\/2025\/12\/Visuel.jpg","contentUrl":"https:\/\/www.france.fi\/wp-content\/uploads\/2025\/12\/Visuel.jpg","width":1920,"height":1080},{"@type":"BreadcrumbList","@id":"https:\/\/www.france.fi\/fr\/sciences-et-universites\/nuit-de-la-science-2026-bicentenaire-de-la-photo\/#breadcrumb","itemListElement":[{"@type":"ListItem","position":1,"name":"Home","item":"https:\/\/www.france.fi\/fr\/"},{"@type":"ListItem","position":2,"name":"Tiede ja korkeakoulu","item":"https:\/\/www.france.fi\/category\/tiede-ja-korkeakoulu\/"},{"@type":"ListItem","position":3,"name":"Nuit de la science 2026 : 200 ans de photographie"}]},{"@type":"WebSite","@id":"https:\/\/www.france.fi\/#website","url":"https:\/\/www.france.fi\/","name":"Institut fran\u00e7ais de Finlande","description":"","publisher":{"@id":"https:\/\/www.france.fi\/#organization"},"potentialAction":[{"@type":"SearchAction","target":{"@type":"EntryPoint","urlTemplate":"https:\/\/www.france.fi\/?s={search_term_string}"},"query-input":{"@type":"PropertyValueSpecification","valueRequired":true,"valueName":"search_term_string"}}],"inLanguage":"fr-FR"},{"@type":"Organization","@id":"https:\/\/www.france.fi\/#organization","name":"Institut fran\u00e7ais de Finlande","url":"https:\/\/www.france.fi\/","logo":{"@type":"ImageObject","inLanguage":"fr-FR","@id":"https:\/\/www.france.fi\/#\/schema\/logo\/image\/","url":"https:\/\/www.france.fi\/wp-content\/uploads\/2024\/02\/if-logo-1.png","contentUrl":"https:\/\/www.france.fi\/wp-content\/uploads\/2024\/02\/if-logo-1.png","width":687,"height":459,"caption":"Institut fran\u00e7ais de Finlande"},"image":{"@id":"https:\/\/www.france.fi\/#\/schema\/logo\/image\/"},"sameAs":["https:\/\/www.facebook.com\/institutfrancaisfi","https:\/\/x.com\/IFFinlande","https:\/\/www.instagram.com\/iffinlande\/","https:\/\/fr.linkedin.com\/organization-guest\/company\/institut-fran-ais-de-finlande","https:\/\/www.youtube.com\/channel\/UCHAitdpmSbeP78eL49XMotA"]},{"@type":"Person","@id":"https:\/\/www.france.fi\/#\/schema\/person\/db81697c695313881e27d7a0098b4cfe","name":"Katri Jokela","image":{"@type":"ImageObject","inLanguage":"fr-FR","@id":"https:\/\/secure.gravatar.com\/avatar\/396aab495906d349883b262e8f147388dc2e3243e726e288a7b8da2294580805?s=96&d=mm&r=g","url":"https:\/\/secure.gravatar.com\/avatar\/396aab495906d349883b262e8f147388dc2e3243e726e288a7b8da2294580805?s=96&d=mm&r=g","contentUrl":"https:\/\/secure.gravatar.com\/avatar\/396aab495906d349883b262e8f147388dc2e3243e726e288a7b8da2294580805?s=96&d=mm&r=g","caption":"Katri Jokela"},"url":"https:\/\/www.france.fi\/fr\/author\/katri-jokelafrance-fi\/"}]}},"_links":{"self":[{"href":"https:\/\/www.france.fi\/fr\/wp-json\/wp\/v2\/posts\/22653","targetHints":{"allow":["GET"]}}],"collection":[{"href":"https:\/\/www.france.fi\/fr\/wp-json\/wp\/v2\/posts"}],"about":[{"href":"https:\/\/www.france.fi\/fr\/wp-json\/wp\/v2\/types\/post"}],"author":[{"embeddable":true,"href":"https:\/\/www.france.fi\/fr\/wp-json\/wp\/v2\/users\/8"}],"replies":[{"embeddable":true,"href":"https:\/\/www.france.fi\/fr\/wp-json\/wp\/v2\/comments?post=22653"}],"version-history":[{"count":0,"href":"https:\/\/www.france.fi\/fr\/wp-json\/wp\/v2\/posts\/22653\/revisions"}],"wp:featuredmedia":[{"embeddable":true,"href":"https:\/\/www.france.fi\/fr\/wp-json\/wp\/v2\/media\/22647"}],"wp:attachment":[{"href":"https:\/\/www.france.fi\/fr\/wp-json\/wp\/v2\/media?parent=22653"}],"wp:term":[{"taxonomy":"category","embeddable":true,"href":"https:\/\/www.france.fi\/fr\/wp-json\/wp\/v2\/categories?post=22653"},{"taxonomy":"post_tag","embeddable":true,"href":"https:\/\/www.france.fi\/fr\/wp-json\/wp\/v2\/tags?post=22653"}],"curies":[{"name":"wp","href":"https:\/\/api.w.org\/{rel}","templated":true}]}}