{"id":2282,"date":"2020-10-29T17:16:08","date_gmt":"2020-10-29T15:16:08","guid":{"rendered":"http:\/\/www.france.fi\/?p=2282"},"modified":"2020-11-30T09:43:55","modified_gmt":"2020-11-30T07:43:55","slug":"temoignez-et-gagnez-une-formation","status":"publish","type":"post","link":"https:\/\/www.france.fi\/fr\/langue-francaise\/temoignez-et-gagnez-une-formation\/","title":{"rendered":"T\u00e9moignez et gagnez une formation !"},"content":{"rendered":"\n<p>Vous avez r\u00e9alis\u00e9 une webradio en fran\u00e7ais avec votre classe\u00a0?\u00a0<\/p>\n<p>Vous utilisez les r\u00e9seaux sociaux en classe de fran\u00e7ais pour stimuler la motivation de vos \u00e9l\u00e8ves\u00a0?\u00a0<\/p>\n<p>Vous avez mont\u00e9 un projet motivant avec votre classe de fran\u00e7ais\u00a0?\u00a0<\/p>\n<p>Vous utilisez un nouveau logiciel, un outil num\u00e9rique, une technologie sp\u00e9cifique pour travailler une comp\u00e9tence linguistique\u00a0? \u00a0<\/p>\n<p>Vous avez fait une exp\u00e9rience r\u00e9ussie qui a chang\u00e9 vos pratiques d\u2019enseignant de fran\u00e7ais pendant l\u2019enseignement \u00e0 distance\u00a0? \u00a0<\/p>\n<p>Partagez et transmettez vos exp\u00e9riences pour les faire conna\u00eetre\u00a0! Vos t\u00e9moignages seront publi\u00e9s sur le site de l\u2019Institut fran\u00e7ais de Finlande\u00a0!\u00a0<\/p>\n<p>Ce t\u00e9moignage peut prendre les formes suivantes\u00a0: \u00a0<\/p>\n<ol>\n<li>un t\u00e9moignage direct de l\u2019enseignant pr\u00e9sentant son initiative\u00a0<\/li>\n<li>des r\u00e9alisations d\u2019\u00e9l\u00e8ves, pr\u00e9c\u00e9d\u00e9es d\u2019une pr\u00e9sentation rapide par l\u2019enseignant expliquant le cadre p\u00e9dagogique\u00a0<\/li>\n<\/ol>\n<p>Les enseignants de fran\u00e7ais qui enverront un t\u00e9moignage gagneront <span style=\"color: #99ccff;\"><strong>une formation distance d\u00e9di\u00e9e aux enjeux actuels de la soci\u00e9t\u00e9 fran\u00e7aise<\/strong><\/span>, et dispens\u00e9e par le Cavilam\u00a0! Cette formation aura lieu du lundi 30 novembre au vendredi 4 d\u00e9cembre 2020, de 16h30 \u00e0 18h\u00a0!\u00a0<\/p>\n<p>\u00a0<\/p>\n<p>Les t\u00e9moignages sont \u00e0 envoyer <span style=\"color: #99ccff;\"><strong>avant le 20 novembre 2020 \u00e0<\/strong><\/span><\/p>\n<p><img loading=\"lazy\" decoding=\"async\" class=\"alignnone size-full wp-image-1745\" src=\"http:\/\/www.france.fi\/wp-content\/uploads\/2020\/09\/alr.jpg\" alt=\"\" width=\"269\" height=\"20\" \/><\/p>\n","protected":false},"excerpt":{"rendered":"<p>Pour c\u00e9l\u00e9brer la journ\u00e9e internationale du professeur de fran\u00e7ais, le 26 novembre 2020, envoyez un t\u00e9moignage audio, vid\u00e9o ou textuel sur une innovation technique et\/ ou p\u00e9dagogique que vous avez exp\u00e9riment\u00e9e en classe !  <\/p>\n","protected":false},"author":2,"featured_media":2284,"comment_status":"closed","ping_status":"open","sticky":false,"template":"","format":"standard","meta":{"footnotes":""},"categories":[45],"tags":[],"class_list":["post-2282","post","type-post","status-publish","format-standard","has-post-thumbnail","hentry","category-langue-francaise"],"yoast_head":"<!-- This site is optimized with the Yoast SEO plugin v27.4 - https:\/\/yoast.com\/product\/yoast-seo-wordpress\/ -->\n<title>T\u00e9moignez et gagnez une formation ! - Institut fran\u00e7ais<\/title>\n<meta name=\"robots\" content=\"index, follow, max-snippet:-1, max-image-preview:large, max-video-preview:-1\" \/>\n<link rel=\"canonical\" href=\"https:\/\/www.france.fi\/fr\/langue-francaise\/temoignez-et-gagnez-une-formation\/\" \/>\n<meta property=\"og:locale\" content=\"fr_FR\" \/>\n<meta property=\"og:type\" content=\"article\" \/>\n<meta property=\"og:title\" content=\"T\u00e9moignez et gagnez une formation ! - Institut fran\u00e7ais\" \/>\n<meta property=\"og:description\" content=\"Pour c\u00e9l\u00e9brer la journ\u00e9e internationale du professeur de fran\u00e7ais, le 26 novembre 2020, envoyez un t\u00e9moignage audio, vid\u00e9o ou textuel sur une innovation technique et\/ ou p\u00e9dagogique que vous avez exp\u00e9riment\u00e9e en classe !\" \/>\n<meta property=\"og:url\" content=\"https:\/\/www.france.fi\/fr\/langue-francaise\/temoignez-et-gagnez-une-formation\/\" \/>\n<meta property=\"og:site_name\" content=\"Institut fran\u00e7ais\" \/>\n<meta property=\"article:publisher\" content=\"https:\/\/www.facebook.com\/institutfrancaisfi\" \/>\n<meta property=\"article:published_time\" content=\"2020-10-29T15:16:08+00:00\" \/>\n<meta property=\"article:modified_time\" content=\"2020-11-30T07:43:55+00:00\" \/>\n<meta property=\"og:image\" content=\"https:\/\/www.france.fi\/wp-content\/uploads\/2020\/10\/gagnez-une-formation-a-distance-1098x617.jpg\" \/>\n\t<meta property=\"og:image:width\" content=\"1280\" \/>\n\t<meta property=\"og:image:height\" content=\"720\" \/>\n\t<meta property=\"og:image:type\" content=\"image\/jpeg\" \/>\n<meta name=\"author\" content=\"Equipe IFF\" \/>\n<meta name=\"twitter:card\" content=\"summary_large_image\" \/>\n<meta name=\"twitter:creator\" content=\"@IFFinlande\" \/>\n<meta name=\"twitter:site\" content=\"@IFFinlande\" \/>\n<meta name=\"twitter:label1\" content=\"\u00c9crit par\" \/>\n\t<meta name=\"twitter:data1\" content=\"Equipe IFF\" \/>\n\t<meta name=\"twitter:label2\" content=\"Dur\u00e9e de lecture estim\u00e9e\" \/>\n\t<meta name=\"twitter:data2\" content=\"1 minute\" \/>\n<script type=\"application\/ld+json\" class=\"yoast-schema-graph\">{\"@context\":\"https:\\\/\\\/schema.org\",\"@graph\":[{\"@type\":\"Article\",\"@id\":\"https:\\\/\\\/www.france.fi\\\/fr\\\/langue-francaise\\\/temoignez-et-gagnez-une-formation\\\/#article\",\"isPartOf\":{\"@id\":\"https:\\\/\\\/www.france.fi\\\/fr\\\/langue-francaise\\\/temoignez-et-gagnez-une-formation\\\/\"},\"author\":{\"name\":\"Equipe IFF\",\"@id\":\"https:\\\/\\\/www.france.fi\\\/#\\\/schema\\\/person\\\/ed873f29db1d0af6a3600d15d3b65bfd\"},\"headline\":\"T\u00e9moignez et gagnez une formation !\",\"datePublished\":\"2020-10-29T15:16:08+00:00\",\"dateModified\":\"2020-11-30T07:43:55+00:00\",\"mainEntityOfPage\":{\"@id\":\"https:\\\/\\\/www.france.fi\\\/fr\\\/langue-francaise\\\/temoignez-et-gagnez-une-formation\\\/\"},\"wordCount\":213,\"publisher\":{\"@id\":\"https:\\\/\\\/www.france.fi\\\/#organization\"},\"image\":{\"@id\":\"https:\\\/\\\/www.france.fi\\\/fr\\\/langue-francaise\\\/temoignez-et-gagnez-une-formation\\\/#primaryimage\"},\"thumbnailUrl\":\"https:\\\/\\\/www.france.fi\\\/wp-content\\\/uploads\\\/2020\\\/10\\\/gagnez-une-formation-a-distance-1098x617.jpg\",\"articleSection\":[\"Langue fran\u00e7aise\"],\"inLanguage\":\"fr-FR\"},{\"@type\":\"WebPage\",\"@id\":\"https:\\\/\\\/www.france.fi\\\/fr\\\/langue-francaise\\\/temoignez-et-gagnez-une-formation\\\/\",\"url\":\"https:\\\/\\\/www.france.fi\\\/fr\\\/langue-francaise\\\/temoignez-et-gagnez-une-formation\\\/\",\"name\":\"T\u00e9moignez et gagnez une formation ! - Institut fran\u00e7ais\",\"isPartOf\":{\"@id\":\"https:\\\/\\\/www.france.fi\\\/#website\"},\"primaryImageOfPage\":{\"@id\":\"https:\\\/\\\/www.france.fi\\\/fr\\\/langue-francaise\\\/temoignez-et-gagnez-une-formation\\\/#primaryimage\"},\"image\":{\"@id\":\"https:\\\/\\\/www.france.fi\\\/fr\\\/langue-francaise\\\/temoignez-et-gagnez-une-formation\\\/#primaryimage\"},\"thumbnailUrl\":\"https:\\\/\\\/www.france.fi\\\/wp-content\\\/uploads\\\/2020\\\/10\\\/gagnez-une-formation-a-distance-1098x617.jpg\",\"datePublished\":\"2020-10-29T15:16:08+00:00\",\"dateModified\":\"2020-11-30T07:43:55+00:00\",\"breadcrumb\":{\"@id\":\"https:\\\/\\\/www.france.fi\\\/fr\\\/langue-francaise\\\/temoignez-et-gagnez-une-formation\\\/#breadcrumb\"},\"inLanguage\":\"fr-FR\",\"potentialAction\":[{\"@type\":\"ReadAction\",\"target\":[\"https:\\\/\\\/www.france.fi\\\/fr\\\/langue-francaise\\\/temoignez-et-gagnez-une-formation\\\/\"]}]},{\"@type\":\"ImageObject\",\"inLanguage\":\"fr-FR\",\"@id\":\"https:\\\/\\\/www.france.fi\\\/fr\\\/langue-francaise\\\/temoignez-et-gagnez-une-formation\\\/#primaryimage\",\"url\":\"https:\\\/\\\/www.france.fi\\\/wp-content\\\/uploads\\\/2020\\\/10\\\/gagnez-une-formation-a-distance-1098x617.jpg\",\"contentUrl\":\"https:\\\/\\\/www.france.fi\\\/wp-content\\\/uploads\\\/2020\\\/10\\\/gagnez-une-formation-a-distance-1098x617.jpg\",\"width\":1280,\"height\":720},{\"@type\":\"BreadcrumbList\",\"@id\":\"https:\\\/\\\/www.france.fi\\\/fr\\\/langue-francaise\\\/temoignez-et-gagnez-une-formation\\\/#breadcrumb\",\"itemListElement\":[{\"@type\":\"ListItem\",\"position\":1,\"name\":\"Home\",\"item\":\"https:\\\/\\\/www.france.fi\\\/fr\\\/\"},{\"@type\":\"ListItem\",\"position\":2,\"name\":\"Langue fran\u00e7aise\",\"item\":\"https:\\\/\\\/www.france.fi\\\/fr\\\/category\\\/langue-francaise\\\/\"},{\"@type\":\"ListItem\",\"position\":3,\"name\":\"T\u00e9moignez et gagnez une formation !\"}]},{\"@type\":\"WebSite\",\"@id\":\"https:\\\/\\\/www.france.fi\\\/#website\",\"url\":\"https:\\\/\\\/www.france.fi\\\/\",\"name\":\"Institut fran\u00e7ais de Finlande\",\"description\":\"\",\"publisher\":{\"@id\":\"https:\\\/\\\/www.france.fi\\\/#organization\"},\"potentialAction\":[{\"@type\":\"SearchAction\",\"target\":{\"@type\":\"EntryPoint\",\"urlTemplate\":\"https:\\\/\\\/www.france.fi\\\/?s={search_term_string}\"},\"query-input\":{\"@type\":\"PropertyValueSpecification\",\"valueRequired\":true,\"valueName\":\"search_term_string\"}}],\"inLanguage\":\"fr-FR\"},{\"@type\":\"Organization\",\"@id\":\"https:\\\/\\\/www.france.fi\\\/#organization\",\"name\":\"Institut fran\u00e7ais de Finlande\",\"url\":\"https:\\\/\\\/www.france.fi\\\/\",\"logo\":{\"@type\":\"ImageObject\",\"inLanguage\":\"fr-FR\",\"@id\":\"https:\\\/\\\/www.france.fi\\\/#\\\/schema\\\/logo\\\/image\\\/\",\"url\":\"https:\\\/\\\/www.france.fi\\\/wp-content\\\/uploads\\\/2024\\\/02\\\/if-logo-1.png\",\"contentUrl\":\"https:\\\/\\\/www.france.fi\\\/wp-content\\\/uploads\\\/2024\\\/02\\\/if-logo-1.png\",\"width\":687,\"height\":459,\"caption\":\"Institut fran\u00e7ais de Finlande\"},\"image\":{\"@id\":\"https:\\\/\\\/www.france.fi\\\/#\\\/schema\\\/logo\\\/image\\\/\"},\"sameAs\":[\"https:\\\/\\\/www.facebook.com\\\/institutfrancaisfi\",\"https:\\\/\\\/x.com\\\/IFFinlande\",\"https:\\\/\\\/www.instagram.com\\\/iffinlande\\\/\",\"https:\\\/\\\/fr.linkedin.com\\\/organization-guest\\\/company\\\/institut-fran-ais-de-finlande\",\"https:\\\/\\\/www.youtube.com\\\/channel\\\/UCHAitdpmSbeP78eL49XMotA\"]},{\"@type\":\"Person\",\"@id\":\"https:\\\/\\\/www.france.fi\\\/#\\\/schema\\\/person\\\/ed873f29db1d0af6a3600d15d3b65bfd\",\"name\":\"Equipe IFF\",\"image\":{\"@type\":\"ImageObject\",\"inLanguage\":\"fr-FR\",\"@id\":\"https:\\\/\\\/secure.gravatar.com\\\/avatar\\\/3c4ba80228d01014b25e45e90abb28ce315a02c6572751a7fb2298e4274989fc?s=96&d=mm&r=g\",\"url\":\"https:\\\/\\\/secure.gravatar.com\\\/avatar\\\/3c4ba80228d01014b25e45e90abb28ce315a02c6572751a7fb2298e4274989fc?s=96&d=mm&r=g\",\"contentUrl\":\"https:\\\/\\\/secure.gravatar.com\\\/avatar\\\/3c4ba80228d01014b25e45e90abb28ce315a02c6572751a7fb2298e4274989fc?s=96&d=mm&r=g\",\"caption\":\"Equipe IFF\"},\"url\":\"https:\\\/\\\/www.france.fi\\\/fr\\\/author\\\/iffadmin\\\/\"}]}<\/script>\n<!-- \/ Yoast SEO plugin. -->","yoast_head_json":{"title":"T\u00e9moignez et gagnez une formation ! - Institut fran\u00e7ais","robots":{"index":"index","follow":"follow","max-snippet":"max-snippet:-1","max-image-preview":"max-image-preview:large","max-video-preview":"max-video-preview:-1"},"canonical":"https:\/\/www.france.fi\/fr\/langue-francaise\/temoignez-et-gagnez-une-formation\/","og_locale":"fr_FR","og_type":"article","og_title":"T\u00e9moignez et gagnez une formation ! - Institut fran\u00e7ais","og_description":"Pour c\u00e9l\u00e9brer la journ\u00e9e internationale du professeur de fran\u00e7ais, le 26 novembre 2020, envoyez un t\u00e9moignage audio, vid\u00e9o ou textuel sur une innovation technique et\/ ou p\u00e9dagogique que vous avez exp\u00e9riment\u00e9e en classe !","og_url":"https:\/\/www.france.fi\/fr\/langue-francaise\/temoignez-et-gagnez-une-formation\/","og_site_name":"Institut fran\u00e7ais","article_publisher":"https:\/\/www.facebook.com\/institutfrancaisfi","article_published_time":"2020-10-29T15:16:08+00:00","article_modified_time":"2020-11-30T07:43:55+00:00","og_image":[{"width":1280,"height":720,"url":"https:\/\/www.france.fi\/wp-content\/uploads\/2020\/10\/gagnez-une-formation-a-distance-1098x617.jpg","type":"image\/jpeg"}],"author":"Equipe IFF","twitter_card":"summary_large_image","twitter_creator":"@IFFinlande","twitter_site":"@IFFinlande","twitter_misc":{"\u00c9crit par":"Equipe IFF","Dur\u00e9e de lecture estim\u00e9e":"1 minute"},"schema":{"@context":"https:\/\/schema.org","@graph":[{"@type":"Article","@id":"https:\/\/www.france.fi\/fr\/langue-francaise\/temoignez-et-gagnez-une-formation\/#article","isPartOf":{"@id":"https:\/\/www.france.fi\/fr\/langue-francaise\/temoignez-et-gagnez-une-formation\/"},"author":{"name":"Equipe IFF","@id":"https:\/\/www.france.fi\/#\/schema\/person\/ed873f29db1d0af6a3600d15d3b65bfd"},"headline":"T\u00e9moignez et gagnez une formation !","datePublished":"2020-10-29T15:16:08+00:00","dateModified":"2020-11-30T07:43:55+00:00","mainEntityOfPage":{"@id":"https:\/\/www.france.fi\/fr\/langue-francaise\/temoignez-et-gagnez-une-formation\/"},"wordCount":213,"publisher":{"@id":"https:\/\/www.france.fi\/#organization"},"image":{"@id":"https:\/\/www.france.fi\/fr\/langue-francaise\/temoignez-et-gagnez-une-formation\/#primaryimage"},"thumbnailUrl":"https:\/\/www.france.fi\/wp-content\/uploads\/2020\/10\/gagnez-une-formation-a-distance-1098x617.jpg","articleSection":["Langue fran\u00e7aise"],"inLanguage":"fr-FR"},{"@type":"WebPage","@id":"https:\/\/www.france.fi\/fr\/langue-francaise\/temoignez-et-gagnez-une-formation\/","url":"https:\/\/www.france.fi\/fr\/langue-francaise\/temoignez-et-gagnez-une-formation\/","name":"T\u00e9moignez et gagnez une formation ! - Institut fran\u00e7ais","isPartOf":{"@id":"https:\/\/www.france.fi\/#website"},"primaryImageOfPage":{"@id":"https:\/\/www.france.fi\/fr\/langue-francaise\/temoignez-et-gagnez-une-formation\/#primaryimage"},"image":{"@id":"https:\/\/www.france.fi\/fr\/langue-francaise\/temoignez-et-gagnez-une-formation\/#primaryimage"},"thumbnailUrl":"https:\/\/www.france.fi\/wp-content\/uploads\/2020\/10\/gagnez-une-formation-a-distance-1098x617.jpg","datePublished":"2020-10-29T15:16:08+00:00","dateModified":"2020-11-30T07:43:55+00:00","breadcrumb":{"@id":"https:\/\/www.france.fi\/fr\/langue-francaise\/temoignez-et-gagnez-une-formation\/#breadcrumb"},"inLanguage":"fr-FR","potentialAction":[{"@type":"ReadAction","target":["https:\/\/www.france.fi\/fr\/langue-francaise\/temoignez-et-gagnez-une-formation\/"]}]},{"@type":"ImageObject","inLanguage":"fr-FR","@id":"https:\/\/www.france.fi\/fr\/langue-francaise\/temoignez-et-gagnez-une-formation\/#primaryimage","url":"https:\/\/www.france.fi\/wp-content\/uploads\/2020\/10\/gagnez-une-formation-a-distance-1098x617.jpg","contentUrl":"https:\/\/www.france.fi\/wp-content\/uploads\/2020\/10\/gagnez-une-formation-a-distance-1098x617.jpg","width":1280,"height":720},{"@type":"BreadcrumbList","@id":"https:\/\/www.france.fi\/fr\/langue-francaise\/temoignez-et-gagnez-une-formation\/#breadcrumb","itemListElement":[{"@type":"ListItem","position":1,"name":"Home","item":"https:\/\/www.france.fi\/fr\/"},{"@type":"ListItem","position":2,"name":"Langue fran\u00e7aise","item":"https:\/\/www.france.fi\/fr\/category\/langue-francaise\/"},{"@type":"ListItem","position":3,"name":"T\u00e9moignez et gagnez une formation !"}]},{"@type":"WebSite","@id":"https:\/\/www.france.fi\/#website","url":"https:\/\/www.france.fi\/","name":"Institut fran\u00e7ais de Finlande","description":"","publisher":{"@id":"https:\/\/www.france.fi\/#organization"},"potentialAction":[{"@type":"SearchAction","target":{"@type":"EntryPoint","urlTemplate":"https:\/\/www.france.fi\/?s={search_term_string}"},"query-input":{"@type":"PropertyValueSpecification","valueRequired":true,"valueName":"search_term_string"}}],"inLanguage":"fr-FR"},{"@type":"Organization","@id":"https:\/\/www.france.fi\/#organization","name":"Institut fran\u00e7ais de Finlande","url":"https:\/\/www.france.fi\/","logo":{"@type":"ImageObject","inLanguage":"fr-FR","@id":"https:\/\/www.france.fi\/#\/schema\/logo\/image\/","url":"https:\/\/www.france.fi\/wp-content\/uploads\/2024\/02\/if-logo-1.png","contentUrl":"https:\/\/www.france.fi\/wp-content\/uploads\/2024\/02\/if-logo-1.png","width":687,"height":459,"caption":"Institut fran\u00e7ais de Finlande"},"image":{"@id":"https:\/\/www.france.fi\/#\/schema\/logo\/image\/"},"sameAs":["https:\/\/www.facebook.com\/institutfrancaisfi","https:\/\/x.com\/IFFinlande","https:\/\/www.instagram.com\/iffinlande\/","https:\/\/fr.linkedin.com\/organization-guest\/company\/institut-fran-ais-de-finlande","https:\/\/www.youtube.com\/channel\/UCHAitdpmSbeP78eL49XMotA"]},{"@type":"Person","@id":"https:\/\/www.france.fi\/#\/schema\/person\/ed873f29db1d0af6a3600d15d3b65bfd","name":"Equipe IFF","image":{"@type":"ImageObject","inLanguage":"fr-FR","@id":"https:\/\/secure.gravatar.com\/avatar\/3c4ba80228d01014b25e45e90abb28ce315a02c6572751a7fb2298e4274989fc?s=96&d=mm&r=g","url":"https:\/\/secure.gravatar.com\/avatar\/3c4ba80228d01014b25e45e90abb28ce315a02c6572751a7fb2298e4274989fc?s=96&d=mm&r=g","contentUrl":"https:\/\/secure.gravatar.com\/avatar\/3c4ba80228d01014b25e45e90abb28ce315a02c6572751a7fb2298e4274989fc?s=96&d=mm&r=g","caption":"Equipe IFF"},"url":"https:\/\/www.france.fi\/fr\/author\/iffadmin\/"}]}},"_links":{"self":[{"href":"https:\/\/www.france.fi\/fr\/wp-json\/wp\/v2\/posts\/2282","targetHints":{"allow":["GET"]}}],"collection":[{"href":"https:\/\/www.france.fi\/fr\/wp-json\/wp\/v2\/posts"}],"about":[{"href":"https:\/\/www.france.fi\/fr\/wp-json\/wp\/v2\/types\/post"}],"author":[{"embeddable":true,"href":"https:\/\/www.france.fi\/fr\/wp-json\/wp\/v2\/users\/2"}],"replies":[{"embeddable":true,"href":"https:\/\/www.france.fi\/fr\/wp-json\/wp\/v2\/comments?post=2282"}],"version-history":[{"count":0,"href":"https:\/\/www.france.fi\/fr\/wp-json\/wp\/v2\/posts\/2282\/revisions"}],"wp:featuredmedia":[{"embeddable":true,"href":"https:\/\/www.france.fi\/fr\/wp-json\/wp\/v2\/media\/2284"}],"wp:attachment":[{"href":"https:\/\/www.france.fi\/fr\/wp-json\/wp\/v2\/media?parent=2282"}],"wp:term":[{"taxonomy":"category","embeddable":true,"href":"https:\/\/www.france.fi\/fr\/wp-json\/wp\/v2\/categories?post=2282"},{"taxonomy":"post_tag","embeddable":true,"href":"https:\/\/www.france.fi\/fr\/wp-json\/wp\/v2\/tags?post=2282"}],"curies":[{"name":"wp","href":"https:\/\/api.w.org\/{rel}","templated":true}]}}