{"id":2317,"date":"2020-11-02T12:25:04","date_gmt":"2020-11-02T10:25:04","guid":{"rendered":"http:\/\/www.france.fi\/?p=2317"},"modified":"2020-11-30T09:49:33","modified_gmt":"2020-11-30T07:49:33","slug":"voici-les-4-laureates-du-prix-fina","status":"publish","type":"post","link":"https:\/\/www.france.fi\/fr\/sciences-et-universites\/voici-les-4-laureates-du-prix-fina\/","title":{"rendered":"Voici les 4 laur\u00e9ates du Prix FINA"},"content":{"rendered":"\n<p>Quatre laur\u00e9ats ont \u00e9t\u00e9 s\u00e9lectionn\u00e9s et se rendront donc \u00e0 Marseille pour assister au Congr\u00e8s de l\u2019UICN et participer aux Espaces G\u00e9n\u00e9ration Nature o\u00f9 ils pourront pr\u00e9senter leurs recherches et interagir avec le public ainsi qu\u2019avec d\u2019autres institutions de recherche.\u00a0Un webinaire ouvert \u00e0 tous se tiendra le 14 janvier 2021 pour pr\u00e9senter nos quatre chercheuses et leur recherche<em>\u00a0(plus d\u2019information \u00e0 venir).<\/em><\/p>\n<p>La premi\u00e8re \u00e9dition de FINA \u00e9tait ax\u00e9e en 2020 sur la jeunesse et l\u2019innovation verte. Voici les 4 laur\u00e9ates :<\/p>\n<p>\u00a0<\/p>\n<h5><u>Helena Tukiainen \u2013 Finland<\/u><\/h5>\n<p>Research centre:\u00a0<a href=\"https:\/\/www.oulu.fi\/geography\/\">Geography Research Unit<\/a>, University of Oulu<\/p>\n<p>I am a geographer from the University of Oulu, Finland. My research focuses on the dynamics of geodiversity and biodiversity, and especially to their mutual relationships. In the current <a href=\"https:\/\/www.researchgate.net\/project\/Improved-geodiversity-information-in-assessing-and-conserving-biodiversity-iGEOBIO\">iGeoBio<\/a>\u00a0project which I work in as a postdoctoral researcher, we are exploring new empirical evidence for this relationship on different spatial and temporal scales. One of my key motivations to study this topic is to find new advantages for nature conservation, especially for halting the biodiversity loss in changing climate. Geodiversity, or the abiotic diversity of the earth\u00b4s surface (including variation in rock, soil, hydrology, topography and geomorphology) has conservation value itself but also a great potential to be used as a coarse filter strategy for biodiversity conservation. The FINA award offers me an excellent opportunity to attend to the IUCN conference, where I would like to share our findings about geodiversity- biodiversity relationships and discuss how geodiversity information could be utilized and considered in nature conservation.<\/p>\n<p>\u00a0<\/p>\n<h5><u>Annabel Mempel \u2013 Norway<\/u><\/h5>\n<p>Research centre:\u00a0<a href=\"https:\/\/www.sum.uio.no\/english\/\">Center for Development and the Environment<\/a>\u00a0(SUM), University of Oslo<\/p>\n<p>Through my studies at the Center for Development and the Environment (SUM) at the University of Oslo, I have developed an interest in finding connections between different fields of research. This is why I focus on nature conservation in connection with international cooperation in my research for my master thesis. The European Green Belt is an excellent example of this connection between environmental values and personal relationships. The conservation of nature is increasingly becoming more important, but also more global. With my research, I hope to evaluate this need for transboundary cooperation and support conservation policies with international cooperation. The FINA 2020 enables me to connect with people from different backgrounds and provide more perspectives for my research.<\/p>\n<p>\u00a0<\/p>\n<p>\u00a0<\/p>\n<h5><u>Justine Ramage \u2013 Sweden<\/u><\/h5>\n<p>Research centre:\u00a0<a href=\"https:\/\/nordregio.org\/\">Nordregio<\/a><\/p>\n<p>As a physical geographer, I focus on understanding the impact of climate change on the landscapes and the people living in the Arctic. Permafrost, or frozen ground, is a key component for the Arctic ecosystems. Permafrost thaws in response to climate change and dramatically alters the livelihood of the residents of the Arctic region. In my most recent work within the project <a href=\"https:\/\/nunataryuk.org\/about\/project-description\">Nunataryuk<\/a>, I investigate how permafrost thaw affects the quality of ecosystem services in the Arctic. This knowledge will help communities affected by permafrost thaw to find pan-Arctic solutions to better cope with the change. The FINA prize is a unique opportunity for me to attend the IUCN congress and to share the latest results of my research as well as to meet and link with other people involved on related topics.<\/p>\n<p>\u00a0<\/p>\n<p>\u00a0<\/p>\n<h5><u>Julie Strand \u2013 Danmark<\/u><\/h5>\n<p>Research centre:\u00a0<a href=\"https:\/\/www.en.bio.aau.dk\/\" target=\"_blank\" rel=\"noopener noreferrer\">Aalborg University, Department of Chemistry and Bioscience<\/a><\/p>\n<p>Biodiversity and genetic diversity are the major drivers of my research, and due to the accelerating biodiversity crisis, it has never been more imperative in terms of species conservation. Biobanking is a technique to safeguard and preserve genetics through collection of biological material from threatened and endangered species. My research focus is on developing and improving technologies within biobanking, especially focusing on establishing and characterizing viable cell lines from amphibians and reptiles. Viable cell lines are one of the most versatile genetic resources and can play an important role in both in situ and ex situ conservation. Cell lines banked in liquid nitrogen can be main\u00adtained indefinitely and provide a continual source of ge\u00adnetic material to complement future research and conservation strategies. The FINA prize provides a rare opportunity to share my research and results at the IUCN congress, with the potential to reach out globally to discuss future strategies within this area.<\/p>\n<p>Source: <a href=\"https:\/\/institutfrancais-suede.com\/decouvrez-les-4-laureats-du-prix-fina\/\" target=\"_blank\" rel=\"noopener noreferrer\">https:\/\/institutfrancais-suede.com\/decouvrez-les-4-laureats-du-prix-fina\/<\/a><\/p>\n","protected":false},"excerpt":{"rendered":"<p>Les quatre instituts fran\u00e7ais de la r\u00e9gion nordique (Danemark, Su\u00e8de, Norv\u00e8ge et Finlande) ont lanc\u00e9 en 2020 le prix French Institute Nordic Award (FINA). Ce prix vise \u00e0 promouvoir la coop\u00e9ration culturelle et scientifique entre la France et les pays nordiques et \u00e0 r\u00e9compenser les r\u00e9alisations remarquables dans ce domaine.<\/p>\n","protected":false},"author":2,"featured_media":2320,"comment_status":"closed","ping_status":"open","sticky":false,"template":"","format":"standard","meta":{"footnotes":""},"categories":[4],"tags":[],"class_list":["post-2317","post","type-post","status-publish","format-standard","has-post-thumbnail","hentry","category-sciences-et-universites"],"yoast_head":"<!-- This site is optimized with the Yoast SEO plugin v27.4 - https:\/\/yoast.com\/product\/yoast-seo-wordpress\/ -->\n<title>Voici les 4 laur\u00e9ates du Prix FINA - Institut fran\u00e7ais<\/title>\n<meta name=\"robots\" content=\"index, follow, max-snippet:-1, max-image-preview:large, max-video-preview:-1\" \/>\n<link rel=\"canonical\" href=\"https:\/\/www.france.fi\/fr\/sciences-et-universites\/voici-les-4-laureates-du-prix-fina\/\" \/>\n<meta property=\"og:locale\" content=\"fr_FR\" \/>\n<meta property=\"og:type\" content=\"article\" \/>\n<meta property=\"og:title\" content=\"Voici les 4 laur\u00e9ates du Prix FINA - Institut fran\u00e7ais\" \/>\n<meta property=\"og:description\" content=\"Les quatre instituts fran\u00e7ais de la r\u00e9gion nordique (Danemark, Su\u00e8de, Norv\u00e8ge et Finlande) ont lanc\u00e9 en 2020 le prix French Institute Nordic Award (FINA). Ce prix vise \u00e0 promouvoir la coop\u00e9ration culturelle et scientifique entre la France et les pays nordiques et \u00e0 r\u00e9compenser les r\u00e9alisations remarquables dans ce domaine.\" \/>\n<meta property=\"og:url\" content=\"https:\/\/www.france.fi\/fr\/sciences-et-universites\/voici-les-4-laureates-du-prix-fina\/\" \/>\n<meta property=\"og:site_name\" content=\"Institut fran\u00e7ais\" \/>\n<meta property=\"article:publisher\" content=\"https:\/\/www.facebook.com\/institutfrancaisfi\" \/>\n<meta property=\"article:published_time\" content=\"2020-11-02T10:25:04+00:00\" \/>\n<meta property=\"article:modified_time\" content=\"2020-11-30T07:49:33+00:00\" \/>\n<meta property=\"og:image\" content=\"https:\/\/www.france.fi\/wp-content\/uploads\/2020\/11\/FINA-1098x617.jpg\" \/>\n\t<meta property=\"og:image:width\" content=\"1280\" \/>\n\t<meta property=\"og:image:height\" content=\"720\" \/>\n\t<meta property=\"og:image:type\" content=\"image\/jpeg\" \/>\n<meta name=\"author\" content=\"Equipe IFF\" \/>\n<meta name=\"twitter:card\" content=\"summary_large_image\" \/>\n<meta name=\"twitter:creator\" content=\"@IFFinlande\" \/>\n<meta name=\"twitter:site\" content=\"@IFFinlande\" \/>\n<meta name=\"twitter:label1\" content=\"\u00c9crit par\" \/>\n\t<meta name=\"twitter:data1\" content=\"Equipe IFF\" \/>\n\t<meta name=\"twitter:label2\" content=\"Dur\u00e9e de lecture estim\u00e9e\" \/>\n\t<meta name=\"twitter:data2\" content=\"4 minutes\" \/>\n<script type=\"application\/ld+json\" class=\"yoast-schema-graph\">{\"@context\":\"https:\\\/\\\/schema.org\",\"@graph\":[{\"@type\":\"Article\",\"@id\":\"https:\\\/\\\/www.france.fi\\\/fr\\\/sciences-et-universites\\\/voici-les-4-laureates-du-prix-fina\\\/#article\",\"isPartOf\":{\"@id\":\"https:\\\/\\\/www.france.fi\\\/fr\\\/sciences-et-universites\\\/voici-les-4-laureates-du-prix-fina\\\/\"},\"author\":{\"name\":\"Equipe IFF\",\"@id\":\"https:\\\/\\\/www.france.fi\\\/#\\\/schema\\\/person\\\/ed873f29db1d0af6a3600d15d3b65bfd\"},\"headline\":\"Voici les 4 laur\u00e9ates du Prix FINA\",\"datePublished\":\"2020-11-02T10:25:04+00:00\",\"dateModified\":\"2020-11-30T07:49:33+00:00\",\"mainEntityOfPage\":{\"@id\":\"https:\\\/\\\/www.france.fi\\\/fr\\\/sciences-et-universites\\\/voici-les-4-laureates-du-prix-fina\\\/\"},\"wordCount\":711,\"publisher\":{\"@id\":\"https:\\\/\\\/www.france.fi\\\/#organization\"},\"image\":{\"@id\":\"https:\\\/\\\/www.france.fi\\\/fr\\\/sciences-et-universites\\\/voici-les-4-laureates-du-prix-fina\\\/#primaryimage\"},\"thumbnailUrl\":\"https:\\\/\\\/www.france.fi\\\/wp-content\\\/uploads\\\/2020\\\/11\\\/FINA-1098x617.jpg\",\"articleSection\":[\"Sciences et universit\u00e9s\"],\"inLanguage\":\"fr-FR\"},{\"@type\":\"WebPage\",\"@id\":\"https:\\\/\\\/www.france.fi\\\/fr\\\/sciences-et-universites\\\/voici-les-4-laureates-du-prix-fina\\\/\",\"url\":\"https:\\\/\\\/www.france.fi\\\/fr\\\/sciences-et-universites\\\/voici-les-4-laureates-du-prix-fina\\\/\",\"name\":\"Voici les 4 laur\u00e9ates du Prix FINA - Institut fran\u00e7ais\",\"isPartOf\":{\"@id\":\"https:\\\/\\\/www.france.fi\\\/#website\"},\"primaryImageOfPage\":{\"@id\":\"https:\\\/\\\/www.france.fi\\\/fr\\\/sciences-et-universites\\\/voici-les-4-laureates-du-prix-fina\\\/#primaryimage\"},\"image\":{\"@id\":\"https:\\\/\\\/www.france.fi\\\/fr\\\/sciences-et-universites\\\/voici-les-4-laureates-du-prix-fina\\\/#primaryimage\"},\"thumbnailUrl\":\"https:\\\/\\\/www.france.fi\\\/wp-content\\\/uploads\\\/2020\\\/11\\\/FINA-1098x617.jpg\",\"datePublished\":\"2020-11-02T10:25:04+00:00\",\"dateModified\":\"2020-11-30T07:49:33+00:00\",\"breadcrumb\":{\"@id\":\"https:\\\/\\\/www.france.fi\\\/fr\\\/sciences-et-universites\\\/voici-les-4-laureates-du-prix-fina\\\/#breadcrumb\"},\"inLanguage\":\"fr-FR\",\"potentialAction\":[{\"@type\":\"ReadAction\",\"target\":[\"https:\\\/\\\/www.france.fi\\\/fr\\\/sciences-et-universites\\\/voici-les-4-laureates-du-prix-fina\\\/\"]}]},{\"@type\":\"ImageObject\",\"inLanguage\":\"fr-FR\",\"@id\":\"https:\\\/\\\/www.france.fi\\\/fr\\\/sciences-et-universites\\\/voici-les-4-laureates-du-prix-fina\\\/#primaryimage\",\"url\":\"https:\\\/\\\/www.france.fi\\\/wp-content\\\/uploads\\\/2020\\\/11\\\/FINA-1098x617.jpg\",\"contentUrl\":\"https:\\\/\\\/www.france.fi\\\/wp-content\\\/uploads\\\/2020\\\/11\\\/FINA-1098x617.jpg\",\"width\":1280,\"height\":720},{\"@type\":\"BreadcrumbList\",\"@id\":\"https:\\\/\\\/www.france.fi\\\/fr\\\/sciences-et-universites\\\/voici-les-4-laureates-du-prix-fina\\\/#breadcrumb\",\"itemListElement\":[{\"@type\":\"ListItem\",\"position\":1,\"name\":\"Home\",\"item\":\"https:\\\/\\\/www.france.fi\\\/fr\\\/\"},{\"@type\":\"ListItem\",\"position\":2,\"name\":\"Sciences et universit\u00e9s\",\"item\":\"https:\\\/\\\/www.france.fi\\\/fr\\\/category\\\/sciences-et-universites\\\/\"},{\"@type\":\"ListItem\",\"position\":3,\"name\":\"Voici les 4 laur\u00e9ates du Prix FINA\"}]},{\"@type\":\"WebSite\",\"@id\":\"https:\\\/\\\/www.france.fi\\\/#website\",\"url\":\"https:\\\/\\\/www.france.fi\\\/\",\"name\":\"Institut fran\u00e7ais de Finlande\",\"description\":\"\",\"publisher\":{\"@id\":\"https:\\\/\\\/www.france.fi\\\/#organization\"},\"potentialAction\":[{\"@type\":\"SearchAction\",\"target\":{\"@type\":\"EntryPoint\",\"urlTemplate\":\"https:\\\/\\\/www.france.fi\\\/?s={search_term_string}\"},\"query-input\":{\"@type\":\"PropertyValueSpecification\",\"valueRequired\":true,\"valueName\":\"search_term_string\"}}],\"inLanguage\":\"fr-FR\"},{\"@type\":\"Organization\",\"@id\":\"https:\\\/\\\/www.france.fi\\\/#organization\",\"name\":\"Institut fran\u00e7ais de Finlande\",\"url\":\"https:\\\/\\\/www.france.fi\\\/\",\"logo\":{\"@type\":\"ImageObject\",\"inLanguage\":\"fr-FR\",\"@id\":\"https:\\\/\\\/www.france.fi\\\/#\\\/schema\\\/logo\\\/image\\\/\",\"url\":\"https:\\\/\\\/www.france.fi\\\/wp-content\\\/uploads\\\/2024\\\/02\\\/if-logo-1.png\",\"contentUrl\":\"https:\\\/\\\/www.france.fi\\\/wp-content\\\/uploads\\\/2024\\\/02\\\/if-logo-1.png\",\"width\":687,\"height\":459,\"caption\":\"Institut fran\u00e7ais de Finlande\"},\"image\":{\"@id\":\"https:\\\/\\\/www.france.fi\\\/#\\\/schema\\\/logo\\\/image\\\/\"},\"sameAs\":[\"https:\\\/\\\/www.facebook.com\\\/institutfrancaisfi\",\"https:\\\/\\\/x.com\\\/IFFinlande\",\"https:\\\/\\\/www.instagram.com\\\/iffinlande\\\/\",\"https:\\\/\\\/fr.linkedin.com\\\/organization-guest\\\/company\\\/institut-fran-ais-de-finlande\",\"https:\\\/\\\/www.youtube.com\\\/channel\\\/UCHAitdpmSbeP78eL49XMotA\"]},{\"@type\":\"Person\",\"@id\":\"https:\\\/\\\/www.france.fi\\\/#\\\/schema\\\/person\\\/ed873f29db1d0af6a3600d15d3b65bfd\",\"name\":\"Equipe IFF\",\"image\":{\"@type\":\"ImageObject\",\"inLanguage\":\"fr-FR\",\"@id\":\"https:\\\/\\\/secure.gravatar.com\\\/avatar\\\/3c4ba80228d01014b25e45e90abb28ce315a02c6572751a7fb2298e4274989fc?s=96&d=mm&r=g\",\"url\":\"https:\\\/\\\/secure.gravatar.com\\\/avatar\\\/3c4ba80228d01014b25e45e90abb28ce315a02c6572751a7fb2298e4274989fc?s=96&d=mm&r=g\",\"contentUrl\":\"https:\\\/\\\/secure.gravatar.com\\\/avatar\\\/3c4ba80228d01014b25e45e90abb28ce315a02c6572751a7fb2298e4274989fc?s=96&d=mm&r=g\",\"caption\":\"Equipe IFF\"},\"url\":\"https:\\\/\\\/www.france.fi\\\/fr\\\/author\\\/iffadmin\\\/\"}]}<\/script>\n<!-- \/ Yoast SEO plugin. -->","yoast_head_json":{"title":"Voici les 4 laur\u00e9ates du Prix FINA - Institut fran\u00e7ais","robots":{"index":"index","follow":"follow","max-snippet":"max-snippet:-1","max-image-preview":"max-image-preview:large","max-video-preview":"max-video-preview:-1"},"canonical":"https:\/\/www.france.fi\/fr\/sciences-et-universites\/voici-les-4-laureates-du-prix-fina\/","og_locale":"fr_FR","og_type":"article","og_title":"Voici les 4 laur\u00e9ates du Prix FINA - Institut fran\u00e7ais","og_description":"Les quatre instituts fran\u00e7ais de la r\u00e9gion nordique (Danemark, Su\u00e8de, Norv\u00e8ge et Finlande) ont lanc\u00e9 en 2020 le prix French Institute Nordic Award (FINA). Ce prix vise \u00e0 promouvoir la coop\u00e9ration culturelle et scientifique entre la France et les pays nordiques et \u00e0 r\u00e9compenser les r\u00e9alisations remarquables dans ce domaine.","og_url":"https:\/\/www.france.fi\/fr\/sciences-et-universites\/voici-les-4-laureates-du-prix-fina\/","og_site_name":"Institut fran\u00e7ais","article_publisher":"https:\/\/www.facebook.com\/institutfrancaisfi","article_published_time":"2020-11-02T10:25:04+00:00","article_modified_time":"2020-11-30T07:49:33+00:00","og_image":[{"width":1280,"height":720,"url":"https:\/\/www.france.fi\/wp-content\/uploads\/2020\/11\/FINA-1098x617.jpg","type":"image\/jpeg"}],"author":"Equipe IFF","twitter_card":"summary_large_image","twitter_creator":"@IFFinlande","twitter_site":"@IFFinlande","twitter_misc":{"\u00c9crit par":"Equipe IFF","Dur\u00e9e de lecture estim\u00e9e":"4 minutes"},"schema":{"@context":"https:\/\/schema.org","@graph":[{"@type":"Article","@id":"https:\/\/www.france.fi\/fr\/sciences-et-universites\/voici-les-4-laureates-du-prix-fina\/#article","isPartOf":{"@id":"https:\/\/www.france.fi\/fr\/sciences-et-universites\/voici-les-4-laureates-du-prix-fina\/"},"author":{"name":"Equipe IFF","@id":"https:\/\/www.france.fi\/#\/schema\/person\/ed873f29db1d0af6a3600d15d3b65bfd"},"headline":"Voici les 4 laur\u00e9ates du Prix FINA","datePublished":"2020-11-02T10:25:04+00:00","dateModified":"2020-11-30T07:49:33+00:00","mainEntityOfPage":{"@id":"https:\/\/www.france.fi\/fr\/sciences-et-universites\/voici-les-4-laureates-du-prix-fina\/"},"wordCount":711,"publisher":{"@id":"https:\/\/www.france.fi\/#organization"},"image":{"@id":"https:\/\/www.france.fi\/fr\/sciences-et-universites\/voici-les-4-laureates-du-prix-fina\/#primaryimage"},"thumbnailUrl":"https:\/\/www.france.fi\/wp-content\/uploads\/2020\/11\/FINA-1098x617.jpg","articleSection":["Sciences et universit\u00e9s"],"inLanguage":"fr-FR"},{"@type":"WebPage","@id":"https:\/\/www.france.fi\/fr\/sciences-et-universites\/voici-les-4-laureates-du-prix-fina\/","url":"https:\/\/www.france.fi\/fr\/sciences-et-universites\/voici-les-4-laureates-du-prix-fina\/","name":"Voici les 4 laur\u00e9ates du Prix FINA - Institut fran\u00e7ais","isPartOf":{"@id":"https:\/\/www.france.fi\/#website"},"primaryImageOfPage":{"@id":"https:\/\/www.france.fi\/fr\/sciences-et-universites\/voici-les-4-laureates-du-prix-fina\/#primaryimage"},"image":{"@id":"https:\/\/www.france.fi\/fr\/sciences-et-universites\/voici-les-4-laureates-du-prix-fina\/#primaryimage"},"thumbnailUrl":"https:\/\/www.france.fi\/wp-content\/uploads\/2020\/11\/FINA-1098x617.jpg","datePublished":"2020-11-02T10:25:04+00:00","dateModified":"2020-11-30T07:49:33+00:00","breadcrumb":{"@id":"https:\/\/www.france.fi\/fr\/sciences-et-universites\/voici-les-4-laureates-du-prix-fina\/#breadcrumb"},"inLanguage":"fr-FR","potentialAction":[{"@type":"ReadAction","target":["https:\/\/www.france.fi\/fr\/sciences-et-universites\/voici-les-4-laureates-du-prix-fina\/"]}]},{"@type":"ImageObject","inLanguage":"fr-FR","@id":"https:\/\/www.france.fi\/fr\/sciences-et-universites\/voici-les-4-laureates-du-prix-fina\/#primaryimage","url":"https:\/\/www.france.fi\/wp-content\/uploads\/2020\/11\/FINA-1098x617.jpg","contentUrl":"https:\/\/www.france.fi\/wp-content\/uploads\/2020\/11\/FINA-1098x617.jpg","width":1280,"height":720},{"@type":"BreadcrumbList","@id":"https:\/\/www.france.fi\/fr\/sciences-et-universites\/voici-les-4-laureates-du-prix-fina\/#breadcrumb","itemListElement":[{"@type":"ListItem","position":1,"name":"Home","item":"https:\/\/www.france.fi\/fr\/"},{"@type":"ListItem","position":2,"name":"Sciences et universit\u00e9s","item":"https:\/\/www.france.fi\/fr\/category\/sciences-et-universites\/"},{"@type":"ListItem","position":3,"name":"Voici les 4 laur\u00e9ates du Prix FINA"}]},{"@type":"WebSite","@id":"https:\/\/www.france.fi\/#website","url":"https:\/\/www.france.fi\/","name":"Institut fran\u00e7ais de Finlande","description":"","publisher":{"@id":"https:\/\/www.france.fi\/#organization"},"potentialAction":[{"@type":"SearchAction","target":{"@type":"EntryPoint","urlTemplate":"https:\/\/www.france.fi\/?s={search_term_string}"},"query-input":{"@type":"PropertyValueSpecification","valueRequired":true,"valueName":"search_term_string"}}],"inLanguage":"fr-FR"},{"@type":"Organization","@id":"https:\/\/www.france.fi\/#organization","name":"Institut fran\u00e7ais de Finlande","url":"https:\/\/www.france.fi\/","logo":{"@type":"ImageObject","inLanguage":"fr-FR","@id":"https:\/\/www.france.fi\/#\/schema\/logo\/image\/","url":"https:\/\/www.france.fi\/wp-content\/uploads\/2024\/02\/if-logo-1.png","contentUrl":"https:\/\/www.france.fi\/wp-content\/uploads\/2024\/02\/if-logo-1.png","width":687,"height":459,"caption":"Institut fran\u00e7ais de Finlande"},"image":{"@id":"https:\/\/www.france.fi\/#\/schema\/logo\/image\/"},"sameAs":["https:\/\/www.facebook.com\/institutfrancaisfi","https:\/\/x.com\/IFFinlande","https:\/\/www.instagram.com\/iffinlande\/","https:\/\/fr.linkedin.com\/organization-guest\/company\/institut-fran-ais-de-finlande","https:\/\/www.youtube.com\/channel\/UCHAitdpmSbeP78eL49XMotA"]},{"@type":"Person","@id":"https:\/\/www.france.fi\/#\/schema\/person\/ed873f29db1d0af6a3600d15d3b65bfd","name":"Equipe IFF","image":{"@type":"ImageObject","inLanguage":"fr-FR","@id":"https:\/\/secure.gravatar.com\/avatar\/3c4ba80228d01014b25e45e90abb28ce315a02c6572751a7fb2298e4274989fc?s=96&d=mm&r=g","url":"https:\/\/secure.gravatar.com\/avatar\/3c4ba80228d01014b25e45e90abb28ce315a02c6572751a7fb2298e4274989fc?s=96&d=mm&r=g","contentUrl":"https:\/\/secure.gravatar.com\/avatar\/3c4ba80228d01014b25e45e90abb28ce315a02c6572751a7fb2298e4274989fc?s=96&d=mm&r=g","caption":"Equipe IFF"},"url":"https:\/\/www.france.fi\/fr\/author\/iffadmin\/"}]}},"_links":{"self":[{"href":"https:\/\/www.france.fi\/fr\/wp-json\/wp\/v2\/posts\/2317","targetHints":{"allow":["GET"]}}],"collection":[{"href":"https:\/\/www.france.fi\/fr\/wp-json\/wp\/v2\/posts"}],"about":[{"href":"https:\/\/www.france.fi\/fr\/wp-json\/wp\/v2\/types\/post"}],"author":[{"embeddable":true,"href":"https:\/\/www.france.fi\/fr\/wp-json\/wp\/v2\/users\/2"}],"replies":[{"embeddable":true,"href":"https:\/\/www.france.fi\/fr\/wp-json\/wp\/v2\/comments?post=2317"}],"version-history":[{"count":0,"href":"https:\/\/www.france.fi\/fr\/wp-json\/wp\/v2\/posts\/2317\/revisions"}],"wp:featuredmedia":[{"embeddable":true,"href":"https:\/\/www.france.fi\/fr\/wp-json\/wp\/v2\/media\/2320"}],"wp:attachment":[{"href":"https:\/\/www.france.fi\/fr\/wp-json\/wp\/v2\/media?parent=2317"}],"wp:term":[{"taxonomy":"category","embeddable":true,"href":"https:\/\/www.france.fi\/fr\/wp-json\/wp\/v2\/categories?post=2317"},{"taxonomy":"post_tag","embeddable":true,"href":"https:\/\/www.france.fi\/fr\/wp-json\/wp\/v2\/tags?post=2317"}],"curies":[{"name":"wp","href":"https:\/\/api.w.org\/{rel}","templated":true}]}}