{"id":23295,"date":"2026-01-29T10:11:27","date_gmt":"2026-01-29T08:11:27","guid":{"rendered":"https:\/\/www.france.fi\/?p=23295"},"modified":"2026-03-20T11:38:18","modified_gmt":"2026-03-20T09:38:18","slug":"concert-de-jazz-abysskiss","status":"publish","type":"post","link":"https:\/\/www.france.fi\/fr\/francophonie\/concert-de-jazz-abysskiss\/","title":{"rendered":"Concert de jazz : Abysskiss"},"content":{"rendered":"<p><span data-contrast=\"auto\">Cette ann\u00e9e, le mois de la Francophonie en Finlande fait peau neuve, et nous avons le grand plaisir de vous annoncer le premier \u00e9v\u00e9nement du programme : le concert d\u2019Abysskiss\u00a0\u00e0 l\u2019Institut fran\u00e7ais de Finlande\u00a0!<\/span><span data-ccp-props=\"{}\">\u00a0<\/span><\/p>\n<p><span data-contrast=\"auto\">R\u00e9v\u00e9lation de la sc\u00e8ne jazz fran\u00e7aise, ce quartet\u00a0r\u00e9trofuturiste\u00a0a sorti son premier album en 2022 et s\u2019est d\u00e9j\u00e0 distingu\u00e9 en recevant des prix de l\u2019Acad\u00e9mie fran\u00e7aise de jazz ainsi que de la prestigieuse revue Jazz Magazine.<\/span><span data-ccp-props=\"{}\">\u00a0<\/span><\/p>\n<p><span data-contrast=\"auto\">Ma\u00eetrisant cinq instruments diff\u00e9rents, les musiciens d\u00e9ploient une palette sonore \u00e9tonnante et forment un v\u00e9ritable orchestre de poche, port\u00e9 par une musique \u00e0 la fois profonde et d\u2019une grande l\u00e9g\u00e8ret\u00e9.\u00a0\u00a0Il s\u2019agit avant tout d\u2019une musique d\u2019orf\u00e8vre o\u00f9 le\u00a0jazz fait la part belle \u00e0 la chanson, au folk \u00e0 la musique contemporaine. Une musique qui veut faire du bien, selon les termes m\u00eame de ses protagonistes.<\/span><span data-ccp-props=\"{}\">\u00a0<\/span><\/p>\n<div class=\"epyt-video-wrapper\"><iframe loading=\"lazy\"  id=\"_ytid_50204\"  width=\"580\" height=\"326\"  data-origwidth=\"580\" data-origheight=\"326\" src=\"https:\/\/www.youtube.com\/embed\/AyhXGfjEArM?enablejsapi=1&#038;autoplay=0&#038;cc_load_policy=0&#038;cc_lang_pref=&#038;iv_load_policy=1&#038;loop=0&#038;rel=1&#038;fs=1&#038;playsinline=0&#038;autohide=2&#038;theme=dark&#038;color=red&#038;controls=1&#038;disablekb=0&#038;\" class=\"__youtube_prefs__  epyt-is-override  no-lazyload\" title=\"YouTube player\"  allow=\"fullscreen; accelerometer; autoplay; clipboard-write; encrypted-media; gyroscope; picture-in-picture; web-share\" referrerpolicy=\"strict-origin-when-cross-origin\" allowfullscreen data-no-lazy=\"1\" data-skipgform_ajax_framebjll=\"\"><\/iframe><\/div>\n<p><b><span data-contrast=\"auto\">CONCERT\u00a0\u00c0 L\u2019INSTITUT LE 19 MARS<\/span><\/b><span data-ccp-props=\"{}\">\u00a0<\/span><\/p>\n<ul>\n<li><span data-contrast=\"auto\">17h30 : Ouverture des portes<\/span><\/li>\n<li>18h-19h15 : Concert<span data-ccp-props=\"{&quot;335559685&quot;:0}\">\u00a0<\/span><\/li>\n<\/ul>\n<p><span data-contrast=\"auto\">Billets :\u00a020\/10\u20ac.\u00a0Acc\u00e9dez \u00e0 la billetterie via le bouton en bas de page.<\/span><span data-ccp-props=\"{&quot;335559685&quot;:0}\">\u00a0<\/span><\/p>\n<p><i><span data-contrast=\"auto\">Camille\u00a0Maussion\u00a0: saxophones\u00a0tenor\u00a0et soprano, voix, compositions<\/span><\/i><br \/>\n<i><span data-contrast=\"auto\">Pierre\u00a0T\u00e9reygeol\u00a0: guitare baryton, voix, compositions<\/span><\/i><br \/>\n<i><span data-contrast=\"auto\">Victor Auffray : euphonium,\u00a0flugabone, voix<\/span><\/i><br \/>\n<i><span data-contrast=\"auto\">Illya Amar :\u00a0 vibraphone<\/span><\/i><span data-ccp-props=\"{&quot;335559685&quot;:0}\">\u00a0<\/span><\/p>\n<p><span data-contrast=\"auto\">Le concert\u00a0\u00e0 l\u2019Institut est le point culminant\u00a0d\u2019une\u00a0<\/span><a href=\"https:\/\/www.vapaataanet.fi\/abysskiss-retrofuturistinen-taskuorkesteri\/\"><span data-contrast=\"none\">tourn\u00e9e\u00a0de la\u00a0Francophonie<\/span><\/a><span data-contrast=\"auto\">\u00a0\u00e0 travers la Finlande\u00a0qui a lieu entre le 10 et le 19 mars 2026.<\/span><\/p>\n<blockquote><p><img loading=\"lazy\" decoding=\"async\" class=\"alignleft size-full wp-image-23305\" src=\"https:\/\/www.france.fi\/wp-content\/uploads\/2026\/01\/francophonie-2026.jpg\" alt=\"\" width=\"100\" height=\"100\" \/> <img loading=\"lazy\" decoding=\"async\" class=\"alignleft size-full wp-image-23308\" src=\"https:\/\/www.france.fi\/wp-content\/uploads\/2026\/01\/vappat-aanet.jpg\" alt=\"\" width=\"177\" height=\"100\" \/> <img loading=\"lazy\" decoding=\"async\" class=\"alignleft size-full wp-image-23311\" src=\"https:\/\/www.france.fi\/wp-content\/uploads\/2026\/01\/Helsinki-jazz.jpg\" alt=\"\" width=\"177\" height=\"100\" \/><\/p><\/blockquote>\n","protected":false},"excerpt":{"rendered":"<p>Dans le cadre du mois de la Francophonie, le quartet Abyskiss vous invite en voyage onirique lors du tout premier concert jamais organis\u00e9 au nouvel Institut ! <\/p>\n","protected":false},"author":2,"featured_media":23297,"comment_status":"closed","ping_status":"open","sticky":false,"template":"","format":"standard","meta":{"footnotes":""},"categories":[934],"tags":[],"class_list":["post-23295","post","type-post","status-publish","format-standard","has-post-thumbnail","hentry","category-francophonie"],"yoast_head":"<!-- This site is optimized with the Yoast SEO plugin v27.4 - https:\/\/yoast.com\/product\/yoast-seo-wordpress\/ -->\n<title>Concert de jazz : Abysskiss - Institut fran\u00e7ais<\/title>\n<meta name=\"robots\" content=\"index, follow, max-snippet:-1, max-image-preview:large, max-video-preview:-1\" \/>\n<link rel=\"canonical\" href=\"https:\/\/www.france.fi\/fr\/francophonie\/concert-de-jazz-abysskiss\/\" \/>\n<meta property=\"og:locale\" content=\"fr_FR\" \/>\n<meta property=\"og:type\" content=\"article\" \/>\n<meta property=\"og:title\" content=\"Concert de jazz : Abysskiss - Institut fran\u00e7ais\" \/>\n<meta property=\"og:description\" content=\"Dans le cadre du mois de la Francophonie, le quartet Abyskiss vous invite en voyage onirique lors du tout premier concert jamais organis\u00e9 au nouvel Institut !\" \/>\n<meta property=\"og:url\" content=\"https:\/\/www.france.fi\/fr\/francophonie\/concert-de-jazz-abysskiss\/\" \/>\n<meta property=\"og:site_name\" content=\"Institut fran\u00e7ais\" \/>\n<meta property=\"article:publisher\" content=\"https:\/\/www.facebook.com\/institutfrancaisfi\" \/>\n<meta property=\"article:published_time\" content=\"2026-01-29T08:11:27+00:00\" \/>\n<meta property=\"article:modified_time\" content=\"2026-03-20T09:38:18+00:00\" \/>\n<meta property=\"og:image\" content=\"https:\/\/www.france.fi\/wp-content\/uploads\/2026\/01\/C-JulienVaugelade.jpg\" \/>\n\t<meta property=\"og:image:width\" content=\"1920\" \/>\n\t<meta property=\"og:image:height\" content=\"1080\" \/>\n\t<meta property=\"og:image:type\" content=\"image\/jpeg\" \/>\n<meta name=\"author\" content=\"Equipe IFF\" \/>\n<meta name=\"twitter:card\" content=\"summary_large_image\" \/>\n<meta name=\"twitter:creator\" content=\"@IFFinlande\" \/>\n<meta name=\"twitter:site\" content=\"@IFFinlande\" \/>\n<meta name=\"twitter:label1\" content=\"\u00c9crit par\" \/>\n\t<meta name=\"twitter:data1\" content=\"Equipe IFF\" \/>\n\t<meta name=\"twitter:label2\" content=\"Dur\u00e9e de lecture estim\u00e9e\" \/>\n\t<meta name=\"twitter:data2\" content=\"2 minutes\" \/>\n<script type=\"application\/ld+json\" class=\"yoast-schema-graph\">{\"@context\":\"https:\\\/\\\/schema.org\",\"@graph\":[{\"@type\":\"Article\",\"@id\":\"https:\\\/\\\/www.france.fi\\\/fr\\\/francophonie\\\/concert-de-jazz-abysskiss\\\/#article\",\"isPartOf\":{\"@id\":\"https:\\\/\\\/www.france.fi\\\/fr\\\/francophonie\\\/concert-de-jazz-abysskiss\\\/\"},\"author\":{\"name\":\"Equipe IFF\",\"@id\":\"https:\\\/\\\/www.france.fi\\\/#\\\/schema\\\/person\\\/ed873f29db1d0af6a3600d15d3b65bfd\"},\"headline\":\"Concert de jazz : Abysskiss\",\"datePublished\":\"2026-01-29T08:11:27+00:00\",\"dateModified\":\"2026-03-20T09:38:18+00:00\",\"mainEntityOfPage\":{\"@id\":\"https:\\\/\\\/www.france.fi\\\/fr\\\/francophonie\\\/concert-de-jazz-abysskiss\\\/\"},\"wordCount\":244,\"publisher\":{\"@id\":\"https:\\\/\\\/www.france.fi\\\/#organization\"},\"image\":{\"@id\":\"https:\\\/\\\/www.france.fi\\\/fr\\\/francophonie\\\/concert-de-jazz-abysskiss\\\/#primaryimage\"},\"thumbnailUrl\":\"https:\\\/\\\/www.france.fi\\\/wp-content\\\/uploads\\\/2026\\\/01\\\/C-JulienVaugelade.jpg\",\"articleSection\":[\"Francophonie\"],\"inLanguage\":\"fr-FR\"},{\"@type\":\"WebPage\",\"@id\":\"https:\\\/\\\/www.france.fi\\\/fr\\\/francophonie\\\/concert-de-jazz-abysskiss\\\/\",\"url\":\"https:\\\/\\\/www.france.fi\\\/fr\\\/francophonie\\\/concert-de-jazz-abysskiss\\\/\",\"name\":\"Concert de jazz : Abysskiss - Institut fran\u00e7ais\",\"isPartOf\":{\"@id\":\"https:\\\/\\\/www.france.fi\\\/#website\"},\"primaryImageOfPage\":{\"@id\":\"https:\\\/\\\/www.france.fi\\\/fr\\\/francophonie\\\/concert-de-jazz-abysskiss\\\/#primaryimage\"},\"image\":{\"@id\":\"https:\\\/\\\/www.france.fi\\\/fr\\\/francophonie\\\/concert-de-jazz-abysskiss\\\/#primaryimage\"},\"thumbnailUrl\":\"https:\\\/\\\/www.france.fi\\\/wp-content\\\/uploads\\\/2026\\\/01\\\/C-JulienVaugelade.jpg\",\"datePublished\":\"2026-01-29T08:11:27+00:00\",\"dateModified\":\"2026-03-20T09:38:18+00:00\",\"breadcrumb\":{\"@id\":\"https:\\\/\\\/www.france.fi\\\/fr\\\/francophonie\\\/concert-de-jazz-abysskiss\\\/#breadcrumb\"},\"inLanguage\":\"fr-FR\",\"potentialAction\":[{\"@type\":\"ReadAction\",\"target\":[\"https:\\\/\\\/www.france.fi\\\/fr\\\/francophonie\\\/concert-de-jazz-abysskiss\\\/\"]}]},{\"@type\":\"ImageObject\",\"inLanguage\":\"fr-FR\",\"@id\":\"https:\\\/\\\/www.france.fi\\\/fr\\\/francophonie\\\/concert-de-jazz-abysskiss\\\/#primaryimage\",\"url\":\"https:\\\/\\\/www.france.fi\\\/wp-content\\\/uploads\\\/2026\\\/01\\\/C-JulienVaugelade.jpg\",\"contentUrl\":\"https:\\\/\\\/www.france.fi\\\/wp-content\\\/uploads\\\/2026\\\/01\\\/C-JulienVaugelade.jpg\",\"width\":1920,\"height\":1080,\"caption\":\"(C) JulienVaugelade\"},{\"@type\":\"BreadcrumbList\",\"@id\":\"https:\\\/\\\/www.france.fi\\\/fr\\\/francophonie\\\/concert-de-jazz-abysskiss\\\/#breadcrumb\",\"itemListElement\":[{\"@type\":\"ListItem\",\"position\":1,\"name\":\"Home\",\"item\":\"https:\\\/\\\/www.france.fi\\\/fr\\\/\"},{\"@type\":\"ListItem\",\"position\":2,\"name\":\"Francophonie\",\"item\":\"https:\\\/\\\/www.france.fi\\\/fr\\\/category\\\/francophonie\\\/\"},{\"@type\":\"ListItem\",\"position\":3,\"name\":\"Concert de jazz : Abysskiss\"}]},{\"@type\":\"WebSite\",\"@id\":\"https:\\\/\\\/www.france.fi\\\/#website\",\"url\":\"https:\\\/\\\/www.france.fi\\\/\",\"name\":\"Institut fran\u00e7ais de Finlande\",\"description\":\"\",\"publisher\":{\"@id\":\"https:\\\/\\\/www.france.fi\\\/#organization\"},\"potentialAction\":[{\"@type\":\"SearchAction\",\"target\":{\"@type\":\"EntryPoint\",\"urlTemplate\":\"https:\\\/\\\/www.france.fi\\\/?s={search_term_string}\"},\"query-input\":{\"@type\":\"PropertyValueSpecification\",\"valueRequired\":true,\"valueName\":\"search_term_string\"}}],\"inLanguage\":\"fr-FR\"},{\"@type\":\"Organization\",\"@id\":\"https:\\\/\\\/www.france.fi\\\/#organization\",\"name\":\"Institut fran\u00e7ais de Finlande\",\"url\":\"https:\\\/\\\/www.france.fi\\\/\",\"logo\":{\"@type\":\"ImageObject\",\"inLanguage\":\"fr-FR\",\"@id\":\"https:\\\/\\\/www.france.fi\\\/#\\\/schema\\\/logo\\\/image\\\/\",\"url\":\"https:\\\/\\\/www.france.fi\\\/wp-content\\\/uploads\\\/2024\\\/02\\\/if-logo-1.png\",\"contentUrl\":\"https:\\\/\\\/www.france.fi\\\/wp-content\\\/uploads\\\/2024\\\/02\\\/if-logo-1.png\",\"width\":687,\"height\":459,\"caption\":\"Institut fran\u00e7ais de Finlande\"},\"image\":{\"@id\":\"https:\\\/\\\/www.france.fi\\\/#\\\/schema\\\/logo\\\/image\\\/\"},\"sameAs\":[\"https:\\\/\\\/www.facebook.com\\\/institutfrancaisfi\",\"https:\\\/\\\/x.com\\\/IFFinlande\",\"https:\\\/\\\/www.instagram.com\\\/iffinlande\\\/\",\"https:\\\/\\\/fr.linkedin.com\\\/organization-guest\\\/company\\\/institut-fran-ais-de-finlande\",\"https:\\\/\\\/www.youtube.com\\\/channel\\\/UCHAitdpmSbeP78eL49XMotA\"]},{\"@type\":\"Person\",\"@id\":\"https:\\\/\\\/www.france.fi\\\/#\\\/schema\\\/person\\\/ed873f29db1d0af6a3600d15d3b65bfd\",\"name\":\"Equipe IFF\",\"image\":{\"@type\":\"ImageObject\",\"inLanguage\":\"fr-FR\",\"@id\":\"https:\\\/\\\/secure.gravatar.com\\\/avatar\\\/3c4ba80228d01014b25e45e90abb28ce315a02c6572751a7fb2298e4274989fc?s=96&d=mm&r=g\",\"url\":\"https:\\\/\\\/secure.gravatar.com\\\/avatar\\\/3c4ba80228d01014b25e45e90abb28ce315a02c6572751a7fb2298e4274989fc?s=96&d=mm&r=g\",\"contentUrl\":\"https:\\\/\\\/secure.gravatar.com\\\/avatar\\\/3c4ba80228d01014b25e45e90abb28ce315a02c6572751a7fb2298e4274989fc?s=96&d=mm&r=g\",\"caption\":\"Equipe IFF\"},\"url\":\"https:\\\/\\\/www.france.fi\\\/fr\\\/author\\\/iffadmin\\\/\"}]}<\/script>\n<!-- \/ Yoast SEO plugin. -->","yoast_head_json":{"title":"Concert de jazz : Abysskiss - Institut fran\u00e7ais","robots":{"index":"index","follow":"follow","max-snippet":"max-snippet:-1","max-image-preview":"max-image-preview:large","max-video-preview":"max-video-preview:-1"},"canonical":"https:\/\/www.france.fi\/fr\/francophonie\/concert-de-jazz-abysskiss\/","og_locale":"fr_FR","og_type":"article","og_title":"Concert de jazz : Abysskiss - Institut fran\u00e7ais","og_description":"Dans le cadre du mois de la Francophonie, le quartet Abyskiss vous invite en voyage onirique lors du tout premier concert jamais organis\u00e9 au nouvel Institut !","og_url":"https:\/\/www.france.fi\/fr\/francophonie\/concert-de-jazz-abysskiss\/","og_site_name":"Institut fran\u00e7ais","article_publisher":"https:\/\/www.facebook.com\/institutfrancaisfi","article_published_time":"2026-01-29T08:11:27+00:00","article_modified_time":"2026-03-20T09:38:18+00:00","og_image":[{"width":1920,"height":1080,"url":"https:\/\/www.france.fi\/wp-content\/uploads\/2026\/01\/C-JulienVaugelade.jpg","type":"image\/jpeg"}],"author":"Equipe IFF","twitter_card":"summary_large_image","twitter_creator":"@IFFinlande","twitter_site":"@IFFinlande","twitter_misc":{"\u00c9crit par":"Equipe IFF","Dur\u00e9e de lecture estim\u00e9e":"2 minutes"},"schema":{"@context":"https:\/\/schema.org","@graph":[{"@type":"Article","@id":"https:\/\/www.france.fi\/fr\/francophonie\/concert-de-jazz-abysskiss\/#article","isPartOf":{"@id":"https:\/\/www.france.fi\/fr\/francophonie\/concert-de-jazz-abysskiss\/"},"author":{"name":"Equipe IFF","@id":"https:\/\/www.france.fi\/#\/schema\/person\/ed873f29db1d0af6a3600d15d3b65bfd"},"headline":"Concert de jazz : Abysskiss","datePublished":"2026-01-29T08:11:27+00:00","dateModified":"2026-03-20T09:38:18+00:00","mainEntityOfPage":{"@id":"https:\/\/www.france.fi\/fr\/francophonie\/concert-de-jazz-abysskiss\/"},"wordCount":244,"publisher":{"@id":"https:\/\/www.france.fi\/#organization"},"image":{"@id":"https:\/\/www.france.fi\/fr\/francophonie\/concert-de-jazz-abysskiss\/#primaryimage"},"thumbnailUrl":"https:\/\/www.france.fi\/wp-content\/uploads\/2026\/01\/C-JulienVaugelade.jpg","articleSection":["Francophonie"],"inLanguage":"fr-FR"},{"@type":"WebPage","@id":"https:\/\/www.france.fi\/fr\/francophonie\/concert-de-jazz-abysskiss\/","url":"https:\/\/www.france.fi\/fr\/francophonie\/concert-de-jazz-abysskiss\/","name":"Concert de jazz : Abysskiss - Institut fran\u00e7ais","isPartOf":{"@id":"https:\/\/www.france.fi\/#website"},"primaryImageOfPage":{"@id":"https:\/\/www.france.fi\/fr\/francophonie\/concert-de-jazz-abysskiss\/#primaryimage"},"image":{"@id":"https:\/\/www.france.fi\/fr\/francophonie\/concert-de-jazz-abysskiss\/#primaryimage"},"thumbnailUrl":"https:\/\/www.france.fi\/wp-content\/uploads\/2026\/01\/C-JulienVaugelade.jpg","datePublished":"2026-01-29T08:11:27+00:00","dateModified":"2026-03-20T09:38:18+00:00","breadcrumb":{"@id":"https:\/\/www.france.fi\/fr\/francophonie\/concert-de-jazz-abysskiss\/#breadcrumb"},"inLanguage":"fr-FR","potentialAction":[{"@type":"ReadAction","target":["https:\/\/www.france.fi\/fr\/francophonie\/concert-de-jazz-abysskiss\/"]}]},{"@type":"ImageObject","inLanguage":"fr-FR","@id":"https:\/\/www.france.fi\/fr\/francophonie\/concert-de-jazz-abysskiss\/#primaryimage","url":"https:\/\/www.france.fi\/wp-content\/uploads\/2026\/01\/C-JulienVaugelade.jpg","contentUrl":"https:\/\/www.france.fi\/wp-content\/uploads\/2026\/01\/C-JulienVaugelade.jpg","width":1920,"height":1080,"caption":"(C) JulienVaugelade"},{"@type":"BreadcrumbList","@id":"https:\/\/www.france.fi\/fr\/francophonie\/concert-de-jazz-abysskiss\/#breadcrumb","itemListElement":[{"@type":"ListItem","position":1,"name":"Home","item":"https:\/\/www.france.fi\/fr\/"},{"@type":"ListItem","position":2,"name":"Francophonie","item":"https:\/\/www.france.fi\/fr\/category\/francophonie\/"},{"@type":"ListItem","position":3,"name":"Concert de jazz : Abysskiss"}]},{"@type":"WebSite","@id":"https:\/\/www.france.fi\/#website","url":"https:\/\/www.france.fi\/","name":"Institut fran\u00e7ais de Finlande","description":"","publisher":{"@id":"https:\/\/www.france.fi\/#organization"},"potentialAction":[{"@type":"SearchAction","target":{"@type":"EntryPoint","urlTemplate":"https:\/\/www.france.fi\/?s={search_term_string}"},"query-input":{"@type":"PropertyValueSpecification","valueRequired":true,"valueName":"search_term_string"}}],"inLanguage":"fr-FR"},{"@type":"Organization","@id":"https:\/\/www.france.fi\/#organization","name":"Institut fran\u00e7ais de Finlande","url":"https:\/\/www.france.fi\/","logo":{"@type":"ImageObject","inLanguage":"fr-FR","@id":"https:\/\/www.france.fi\/#\/schema\/logo\/image\/","url":"https:\/\/www.france.fi\/wp-content\/uploads\/2024\/02\/if-logo-1.png","contentUrl":"https:\/\/www.france.fi\/wp-content\/uploads\/2024\/02\/if-logo-1.png","width":687,"height":459,"caption":"Institut fran\u00e7ais de Finlande"},"image":{"@id":"https:\/\/www.france.fi\/#\/schema\/logo\/image\/"},"sameAs":["https:\/\/www.facebook.com\/institutfrancaisfi","https:\/\/x.com\/IFFinlande","https:\/\/www.instagram.com\/iffinlande\/","https:\/\/fr.linkedin.com\/organization-guest\/company\/institut-fran-ais-de-finlande","https:\/\/www.youtube.com\/channel\/UCHAitdpmSbeP78eL49XMotA"]},{"@type":"Person","@id":"https:\/\/www.france.fi\/#\/schema\/person\/ed873f29db1d0af6a3600d15d3b65bfd","name":"Equipe IFF","image":{"@type":"ImageObject","inLanguage":"fr-FR","@id":"https:\/\/secure.gravatar.com\/avatar\/3c4ba80228d01014b25e45e90abb28ce315a02c6572751a7fb2298e4274989fc?s=96&d=mm&r=g","url":"https:\/\/secure.gravatar.com\/avatar\/3c4ba80228d01014b25e45e90abb28ce315a02c6572751a7fb2298e4274989fc?s=96&d=mm&r=g","contentUrl":"https:\/\/secure.gravatar.com\/avatar\/3c4ba80228d01014b25e45e90abb28ce315a02c6572751a7fb2298e4274989fc?s=96&d=mm&r=g","caption":"Equipe IFF"},"url":"https:\/\/www.france.fi\/fr\/author\/iffadmin\/"}]}},"_links":{"self":[{"href":"https:\/\/www.france.fi\/fr\/wp-json\/wp\/v2\/posts\/23295","targetHints":{"allow":["GET"]}}],"collection":[{"href":"https:\/\/www.france.fi\/fr\/wp-json\/wp\/v2\/posts"}],"about":[{"href":"https:\/\/www.france.fi\/fr\/wp-json\/wp\/v2\/types\/post"}],"author":[{"embeddable":true,"href":"https:\/\/www.france.fi\/fr\/wp-json\/wp\/v2\/users\/2"}],"replies":[{"embeddable":true,"href":"https:\/\/www.france.fi\/fr\/wp-json\/wp\/v2\/comments?post=23295"}],"version-history":[{"count":1,"href":"https:\/\/www.france.fi\/fr\/wp-json\/wp\/v2\/posts\/23295\/revisions"}],"predecessor-version":[{"id":24374,"href":"https:\/\/www.france.fi\/fr\/wp-json\/wp\/v2\/posts\/23295\/revisions\/24374"}],"wp:featuredmedia":[{"embeddable":true,"href":"https:\/\/www.france.fi\/fr\/wp-json\/wp\/v2\/media\/23297"}],"wp:attachment":[{"href":"https:\/\/www.france.fi\/fr\/wp-json\/wp\/v2\/media?parent=23295"}],"wp:term":[{"taxonomy":"category","embeddable":true,"href":"https:\/\/www.france.fi\/fr\/wp-json\/wp\/v2\/categories?post=23295"},{"taxonomy":"post_tag","embeddable":true,"href":"https:\/\/www.france.fi\/fr\/wp-json\/wp\/v2\/tags?post=23295"}],"curies":[{"name":"wp","href":"https:\/\/api.w.org\/{rel}","templated":true}]}}