{"id":24849,"date":"2026-04-27T10:43:47","date_gmt":"2026-04-27T07:43:47","guid":{"rendered":"https:\/\/www.france.fi\/?p=24849"},"modified":"2026-04-27T10:43:47","modified_gmt":"2026-04-27T07:43:47","slug":"film-francais-du-mois-la-petite-derniere","status":"publish","type":"post","link":"https:\/\/www.france.fi\/fr\/culture\/film-francais-du-mois-la-petite-derniere\/","title":{"rendered":"Film fran\u00e7ais du mois : La petite derni\u00e8re"},"content":{"rendered":"<p>Le film fran\u00e7ais du mois de mai, \u00ab La Petite Derni\u00e8re \u00bb (Hafsia Herzi, 2025), dresse le portrait d\u2019une jeune femme musulmane, Fatima, issue de la banlieue parisienne, partag\u00e9e entre tradition et libert\u00e9. En plus de la Queer Palm, Nadia Melliti &#8211; l\u2019actrice principale &#8211; a remport\u00e9 le prix de la meilleure interpr\u00e9tation f\u00e9minine pour son r\u00f4le de Fatima.<\/p>\n<p>SYNOPSIS : Fatima, 17 ans, est la petite derni\u00e8re. Elle vit en banlieue avec ses s\u0153urs, dans une famille joyeuse et aimante. Bonne \u00e9l\u00e8ve, elle int\u00e8gre une fac de philosophie \u00e0 Paris et d\u00e9couvre un tout nouveau monde. Alors que d\u00e9bute sa vie de jeune femme, elle s\u2019\u00e9mancipe de sa famille et ses traditions. Fatima se met alors \u00e0 questionner son identit\u00e9. Comment concilier sa foi avec ses d\u00e9sirs naissants ?<\/p>\n<figure class=\"wp-block-embed wp-block-embed-youtube is-type-video is-provider-youtube epyt-figure\"><div class=\"wp-block-embed__wrapper\"><div class=\"epyt-video-wrapper\"><iframe loading=\"lazy\"  id=\"_ytid_70127\"  width=\"580\" height=\"326\"  data-origwidth=\"580\" data-origheight=\"326\" src=\"https:\/\/www.youtube.com\/embed\/aHntkAmfiNs?enablejsapi=1&autoplay=0&cc_load_policy=0&cc_lang_pref=&iv_load_policy=1&loop=0&rel=1&fs=1&playsinline=0&autohide=2&theme=dark&color=red&controls=1&disablekb=0&\" class=\"__youtube_prefs__  no-lazyload\" title=\"YouTube player\"  allow=\"fullscreen; accelerometer; autoplay; clipboard-write; encrypted-media; gyroscope; picture-in-picture; web-share\" referrerpolicy=\"strict-origin-when-cross-origin\" allowfullscreen data-no-lazy=\"1\" data-skipgform_ajax_framebjll=\"\"><\/iframe><\/div><\/div><\/figure>\n<p><span data-contrast=\"auto\">Langue : fran\u00e7ais<\/span><\/p>\n<p><span data-contrast=\"auto\">Sous-titres\u00a0: anglais<\/span><span data-ccp-props=\"{}\">\u00a0<\/span><\/p>\n<p><span data-contrast=\"auto\">Dur\u00e9e :\u00a01h47min<\/span><span data-ccp-props=\"{}\">\u00a0<\/span><\/p>\n<p>Le film a \u00e9t\u00e9 choisi \u00e0 l\u2019occasion de la Journ\u00e9e internationale contre l\u2019homophobie, la transphobie et la biphobie, qui aura lieu le 17 mai.<\/p>\n<p>Les billets seront bient\u00f4t disponibles sur la page du<a href=\"https:\/\/cinemaorion.fi\/\"> Cin\u00e9ma Orion<\/a> !<\/p>\n","protected":false},"excerpt":{"rendered":"<p>Entre la pression culturelle et la d\u00e9couverte de soi, suivez la jeune Fatima lorsqu\u2019elle d\u00e9m\u00e9nage \u00e0 Paris pour commencer sa vie d\u2019adulte. Film prim\u00e9 \u00e0 la Queer Palm 2025 au Festival de Cannes. <\/p>\n","protected":false},"author":8,"featured_media":24851,"comment_status":"closed","ping_status":"open","sticky":true,"template":"","format":"standard","meta":{"footnotes":""},"categories":[1],"tags":[598,977,982,1004,1005],"class_list":["post-24849","post","type-post","status-publish","format-standard","has-post-thumbnail","hentry","category-culture","tag-film-francais","tag-cinema-orion","tag-film-francais-du-mois","tag-la-petite-derniere","tag-hafsia-herzi"],"yoast_head":"<!-- This site is optimized with the Yoast SEO plugin v27.4 - https:\/\/yoast.com\/product\/yoast-seo-wordpress\/ -->\n<title>Film fran\u00e7ais du mois : La petite derni\u00e8re - Institut fran\u00e7ais<\/title>\n<meta name=\"description\" content=\"Entre la pression culturelle et la d\u00e9couverte de soi, suivez la jeune Fatima lorsqu\u2019elle d\u00e9m\u00e9nage \u00e0 Paris pour commencer sa vie d\u2019adulte. Film prim\u00e9 \u00e0 la Queer Palm 2025 au Festival de Cannes.\" \/>\n<meta name=\"robots\" content=\"index, follow, max-snippet:-1, max-image-preview:large, max-video-preview:-1\" \/>\n<link rel=\"canonical\" href=\"https:\/\/www.france.fi\/fr\/culture\/film-francais-du-mois-la-petite-derniere\/\" \/>\n<meta property=\"og:locale\" content=\"fr_FR\" \/>\n<meta property=\"og:type\" content=\"article\" \/>\n<meta property=\"og:title\" content=\"Film fran\u00e7ais du mois : La petite derni\u00e8re - Institut fran\u00e7ais\" \/>\n<meta property=\"og:description\" content=\"Entre la pression culturelle et la d\u00e9couverte de soi, suivez la jeune Fatima lorsqu\u2019elle d\u00e9m\u00e9nage \u00e0 Paris pour commencer sa vie d\u2019adulte. Film prim\u00e9 \u00e0 la Queer Palm 2025 au Festival de Cannes.\" \/>\n<meta property=\"og:url\" content=\"https:\/\/www.france.fi\/fr\/culture\/film-francais-du-mois-la-petite-derniere\/\" \/>\n<meta property=\"og:site_name\" content=\"Institut fran\u00e7ais\" \/>\n<meta property=\"article:publisher\" content=\"https:\/\/www.facebook.com\/institutfrancaisfi\" \/>\n<meta property=\"article:published_time\" content=\"2026-04-27T07:43:47+00:00\" \/>\n<meta property=\"og:image\" content=\"https:\/\/www.france.fi\/wp-content\/uploads\/2026\/04\/La-Petite-Derniere.png\" \/>\n\t<meta property=\"og:image:width\" content=\"1920\" \/>\n\t<meta property=\"og:image:height\" content=\"1080\" \/>\n\t<meta property=\"og:image:type\" content=\"image\/png\" \/>\n<meta name=\"author\" content=\"Katri Jokela\" \/>\n<meta name=\"twitter:card\" content=\"summary_large_image\" \/>\n<meta name=\"twitter:creator\" content=\"@IFFinlande\" \/>\n<meta name=\"twitter:site\" content=\"@IFFinlande\" \/>\n<meta name=\"twitter:label1\" content=\"\u00c9crit par\" \/>\n\t<meta name=\"twitter:data1\" content=\"Katri Jokela\" \/>\n\t<meta name=\"twitter:label2\" content=\"Dur\u00e9e de lecture estim\u00e9e\" \/>\n\t<meta name=\"twitter:data2\" content=\"2 minutes\" \/>\n<script type=\"application\/ld+json\" class=\"yoast-schema-graph\">{\"@context\":\"https:\\\/\\\/schema.org\",\"@graph\":[{\"@type\":\"Article\",\"@id\":\"https:\\\/\\\/www.france.fi\\\/fr\\\/culture\\\/film-francais-du-mois-la-petite-derniere\\\/#article\",\"isPartOf\":{\"@id\":\"https:\\\/\\\/www.france.fi\\\/fr\\\/culture\\\/film-francais-du-mois-la-petite-derniere\\\/\"},\"author\":{\"name\":\"Katri Jokela\",\"@id\":\"https:\\\/\\\/www.france.fi\\\/#\\\/schema\\\/person\\\/db81697c695313881e27d7a0098b4cfe\"},\"headline\":\"Film fran\u00e7ais du mois : La petite derni\u00e8re\",\"datePublished\":\"2026-04-27T07:43:47+00:00\",\"mainEntityOfPage\":{\"@id\":\"https:\\\/\\\/www.france.fi\\\/fr\\\/culture\\\/film-francais-du-mois-la-petite-derniere\\\/\"},\"wordCount\":203,\"publisher\":{\"@id\":\"https:\\\/\\\/www.france.fi\\\/#organization\"},\"image\":{\"@id\":\"https:\\\/\\\/www.france.fi\\\/fr\\\/culture\\\/film-francais-du-mois-la-petite-derniere\\\/#primaryimage\"},\"thumbnailUrl\":\"https:\\\/\\\/www.france.fi\\\/wp-content\\\/uploads\\\/2026\\\/04\\\/La-Petite-Derniere.png\",\"keywords\":[\"film fran\u00e7ais\",\"cinema orion\",\"film fran\u00e7ais du mois\",\"la petite derni\u00e8re\",\"Hafsia Herzi\"],\"articleSection\":[\"Culture\"],\"inLanguage\":\"fr-FR\"},{\"@type\":\"WebPage\",\"@id\":\"https:\\\/\\\/www.france.fi\\\/fr\\\/culture\\\/film-francais-du-mois-la-petite-derniere\\\/\",\"url\":\"https:\\\/\\\/www.france.fi\\\/fr\\\/culture\\\/film-francais-du-mois-la-petite-derniere\\\/\",\"name\":\"Film fran\u00e7ais du mois : La petite derni\u00e8re - Institut fran\u00e7ais\",\"isPartOf\":{\"@id\":\"https:\\\/\\\/www.france.fi\\\/#website\"},\"primaryImageOfPage\":{\"@id\":\"https:\\\/\\\/www.france.fi\\\/fr\\\/culture\\\/film-francais-du-mois-la-petite-derniere\\\/#primaryimage\"},\"image\":{\"@id\":\"https:\\\/\\\/www.france.fi\\\/fr\\\/culture\\\/film-francais-du-mois-la-petite-derniere\\\/#primaryimage\"},\"thumbnailUrl\":\"https:\\\/\\\/www.france.fi\\\/wp-content\\\/uploads\\\/2026\\\/04\\\/La-Petite-Derniere.png\",\"datePublished\":\"2026-04-27T07:43:47+00:00\",\"description\":\"Entre la pression culturelle et la d\u00e9couverte de soi, suivez la jeune Fatima lorsqu\u2019elle d\u00e9m\u00e9nage \u00e0 Paris pour commencer sa vie d\u2019adulte. Film prim\u00e9 \u00e0 la Queer Palm 2025 au Festival de Cannes.\",\"breadcrumb\":{\"@id\":\"https:\\\/\\\/www.france.fi\\\/fr\\\/culture\\\/film-francais-du-mois-la-petite-derniere\\\/#breadcrumb\"},\"inLanguage\":\"fr-FR\",\"potentialAction\":[{\"@type\":\"ReadAction\",\"target\":[\"https:\\\/\\\/www.france.fi\\\/fr\\\/culture\\\/film-francais-du-mois-la-petite-derniere\\\/\"]}]},{\"@type\":\"ImageObject\",\"inLanguage\":\"fr-FR\",\"@id\":\"https:\\\/\\\/www.france.fi\\\/fr\\\/culture\\\/film-francais-du-mois-la-petite-derniere\\\/#primaryimage\",\"url\":\"https:\\\/\\\/www.france.fi\\\/wp-content\\\/uploads\\\/2026\\\/04\\\/La-Petite-Derniere.png\",\"contentUrl\":\"https:\\\/\\\/www.france.fi\\\/wp-content\\\/uploads\\\/2026\\\/04\\\/La-Petite-Derniere.png\",\"width\":1920,\"height\":1080},{\"@type\":\"BreadcrumbList\",\"@id\":\"https:\\\/\\\/www.france.fi\\\/fr\\\/culture\\\/film-francais-du-mois-la-petite-derniere\\\/#breadcrumb\",\"itemListElement\":[{\"@type\":\"ListItem\",\"position\":1,\"name\":\"Home\",\"item\":\"https:\\\/\\\/www.france.fi\\\/fr\\\/\"},{\"@type\":\"ListItem\",\"position\":2,\"name\":\"Culture\",\"item\":\"https:\\\/\\\/www.france.fi\\\/fr\\\/category\\\/culture\\\/\"},{\"@type\":\"ListItem\",\"position\":3,\"name\":\"Film fran\u00e7ais du mois : La petite derni\u00e8re\"}]},{\"@type\":\"WebSite\",\"@id\":\"https:\\\/\\\/www.france.fi\\\/#website\",\"url\":\"https:\\\/\\\/www.france.fi\\\/\",\"name\":\"Institut fran\u00e7ais de Finlande\",\"description\":\"\",\"publisher\":{\"@id\":\"https:\\\/\\\/www.france.fi\\\/#organization\"},\"potentialAction\":[{\"@type\":\"SearchAction\",\"target\":{\"@type\":\"EntryPoint\",\"urlTemplate\":\"https:\\\/\\\/www.france.fi\\\/?s={search_term_string}\"},\"query-input\":{\"@type\":\"PropertyValueSpecification\",\"valueRequired\":true,\"valueName\":\"search_term_string\"}}],\"inLanguage\":\"fr-FR\"},{\"@type\":\"Organization\",\"@id\":\"https:\\\/\\\/www.france.fi\\\/#organization\",\"name\":\"Institut fran\u00e7ais de Finlande\",\"url\":\"https:\\\/\\\/www.france.fi\\\/\",\"logo\":{\"@type\":\"ImageObject\",\"inLanguage\":\"fr-FR\",\"@id\":\"https:\\\/\\\/www.france.fi\\\/#\\\/schema\\\/logo\\\/image\\\/\",\"url\":\"https:\\\/\\\/www.france.fi\\\/wp-content\\\/uploads\\\/2024\\\/02\\\/if-logo-1.png\",\"contentUrl\":\"https:\\\/\\\/www.france.fi\\\/wp-content\\\/uploads\\\/2024\\\/02\\\/if-logo-1.png\",\"width\":687,\"height\":459,\"caption\":\"Institut fran\u00e7ais de Finlande\"},\"image\":{\"@id\":\"https:\\\/\\\/www.france.fi\\\/#\\\/schema\\\/logo\\\/image\\\/\"},\"sameAs\":[\"https:\\\/\\\/www.facebook.com\\\/institutfrancaisfi\",\"https:\\\/\\\/x.com\\\/IFFinlande\",\"https:\\\/\\\/www.instagram.com\\\/iffinlande\\\/\",\"https:\\\/\\\/fr.linkedin.com\\\/organization-guest\\\/company\\\/institut-fran-ais-de-finlande\",\"https:\\\/\\\/www.youtube.com\\\/channel\\\/UCHAitdpmSbeP78eL49XMotA\"]},{\"@type\":\"Person\",\"@id\":\"https:\\\/\\\/www.france.fi\\\/#\\\/schema\\\/person\\\/db81697c695313881e27d7a0098b4cfe\",\"name\":\"Katri Jokela\",\"image\":{\"@type\":\"ImageObject\",\"inLanguage\":\"fr-FR\",\"@id\":\"https:\\\/\\\/secure.gravatar.com\\\/avatar\\\/396aab495906d349883b262e8f147388dc2e3243e726e288a7b8da2294580805?s=96&d=mm&r=g\",\"url\":\"https:\\\/\\\/secure.gravatar.com\\\/avatar\\\/396aab495906d349883b262e8f147388dc2e3243e726e288a7b8da2294580805?s=96&d=mm&r=g\",\"contentUrl\":\"https:\\\/\\\/secure.gravatar.com\\\/avatar\\\/396aab495906d349883b262e8f147388dc2e3243e726e288a7b8da2294580805?s=96&d=mm&r=g\",\"caption\":\"Katri Jokela\"},\"url\":\"https:\\\/\\\/www.france.fi\\\/fr\\\/author\\\/katri-jokelafrance-fi\\\/\"}]}<\/script>\n<!-- \/ Yoast SEO plugin. -->","yoast_head_json":{"title":"Film fran\u00e7ais du mois : La petite derni\u00e8re - Institut fran\u00e7ais","description":"Entre la pression culturelle et la d\u00e9couverte de soi, suivez la jeune Fatima lorsqu\u2019elle d\u00e9m\u00e9nage \u00e0 Paris pour commencer sa vie d\u2019adulte. Film prim\u00e9 \u00e0 la Queer Palm 2025 au Festival de Cannes.","robots":{"index":"index","follow":"follow","max-snippet":"max-snippet:-1","max-image-preview":"max-image-preview:large","max-video-preview":"max-video-preview:-1"},"canonical":"https:\/\/www.france.fi\/fr\/culture\/film-francais-du-mois-la-petite-derniere\/","og_locale":"fr_FR","og_type":"article","og_title":"Film fran\u00e7ais du mois : La petite derni\u00e8re - Institut fran\u00e7ais","og_description":"Entre la pression culturelle et la d\u00e9couverte de soi, suivez la jeune Fatima lorsqu\u2019elle d\u00e9m\u00e9nage \u00e0 Paris pour commencer sa vie d\u2019adulte. Film prim\u00e9 \u00e0 la Queer Palm 2025 au Festival de Cannes.","og_url":"https:\/\/www.france.fi\/fr\/culture\/film-francais-du-mois-la-petite-derniere\/","og_site_name":"Institut fran\u00e7ais","article_publisher":"https:\/\/www.facebook.com\/institutfrancaisfi","article_published_time":"2026-04-27T07:43:47+00:00","og_image":[{"width":1920,"height":1080,"url":"https:\/\/www.france.fi\/wp-content\/uploads\/2026\/04\/La-Petite-Derniere.png","type":"image\/png"}],"author":"Katri Jokela","twitter_card":"summary_large_image","twitter_creator":"@IFFinlande","twitter_site":"@IFFinlande","twitter_misc":{"\u00c9crit par":"Katri Jokela","Dur\u00e9e de lecture estim\u00e9e":"2 minutes"},"schema":{"@context":"https:\/\/schema.org","@graph":[{"@type":"Article","@id":"https:\/\/www.france.fi\/fr\/culture\/film-francais-du-mois-la-petite-derniere\/#article","isPartOf":{"@id":"https:\/\/www.france.fi\/fr\/culture\/film-francais-du-mois-la-petite-derniere\/"},"author":{"name":"Katri Jokela","@id":"https:\/\/www.france.fi\/#\/schema\/person\/db81697c695313881e27d7a0098b4cfe"},"headline":"Film fran\u00e7ais du mois : La petite derni\u00e8re","datePublished":"2026-04-27T07:43:47+00:00","mainEntityOfPage":{"@id":"https:\/\/www.france.fi\/fr\/culture\/film-francais-du-mois-la-petite-derniere\/"},"wordCount":203,"publisher":{"@id":"https:\/\/www.france.fi\/#organization"},"image":{"@id":"https:\/\/www.france.fi\/fr\/culture\/film-francais-du-mois-la-petite-derniere\/#primaryimage"},"thumbnailUrl":"https:\/\/www.france.fi\/wp-content\/uploads\/2026\/04\/La-Petite-Derniere.png","keywords":["film fran\u00e7ais","cinema orion","film fran\u00e7ais du mois","la petite derni\u00e8re","Hafsia Herzi"],"articleSection":["Culture"],"inLanguage":"fr-FR"},{"@type":"WebPage","@id":"https:\/\/www.france.fi\/fr\/culture\/film-francais-du-mois-la-petite-derniere\/","url":"https:\/\/www.france.fi\/fr\/culture\/film-francais-du-mois-la-petite-derniere\/","name":"Film fran\u00e7ais du mois : La petite derni\u00e8re - Institut fran\u00e7ais","isPartOf":{"@id":"https:\/\/www.france.fi\/#website"},"primaryImageOfPage":{"@id":"https:\/\/www.france.fi\/fr\/culture\/film-francais-du-mois-la-petite-derniere\/#primaryimage"},"image":{"@id":"https:\/\/www.france.fi\/fr\/culture\/film-francais-du-mois-la-petite-derniere\/#primaryimage"},"thumbnailUrl":"https:\/\/www.france.fi\/wp-content\/uploads\/2026\/04\/La-Petite-Derniere.png","datePublished":"2026-04-27T07:43:47+00:00","description":"Entre la pression culturelle et la d\u00e9couverte de soi, suivez la jeune Fatima lorsqu\u2019elle d\u00e9m\u00e9nage \u00e0 Paris pour commencer sa vie d\u2019adulte. Film prim\u00e9 \u00e0 la Queer Palm 2025 au Festival de Cannes.","breadcrumb":{"@id":"https:\/\/www.france.fi\/fr\/culture\/film-francais-du-mois-la-petite-derniere\/#breadcrumb"},"inLanguage":"fr-FR","potentialAction":[{"@type":"ReadAction","target":["https:\/\/www.france.fi\/fr\/culture\/film-francais-du-mois-la-petite-derniere\/"]}]},{"@type":"ImageObject","inLanguage":"fr-FR","@id":"https:\/\/www.france.fi\/fr\/culture\/film-francais-du-mois-la-petite-derniere\/#primaryimage","url":"https:\/\/www.france.fi\/wp-content\/uploads\/2026\/04\/La-Petite-Derniere.png","contentUrl":"https:\/\/www.france.fi\/wp-content\/uploads\/2026\/04\/La-Petite-Derniere.png","width":1920,"height":1080},{"@type":"BreadcrumbList","@id":"https:\/\/www.france.fi\/fr\/culture\/film-francais-du-mois-la-petite-derniere\/#breadcrumb","itemListElement":[{"@type":"ListItem","position":1,"name":"Home","item":"https:\/\/www.france.fi\/fr\/"},{"@type":"ListItem","position":2,"name":"Culture","item":"https:\/\/www.france.fi\/fr\/category\/culture\/"},{"@type":"ListItem","position":3,"name":"Film fran\u00e7ais du mois : La petite derni\u00e8re"}]},{"@type":"WebSite","@id":"https:\/\/www.france.fi\/#website","url":"https:\/\/www.france.fi\/","name":"Institut fran\u00e7ais de Finlande","description":"","publisher":{"@id":"https:\/\/www.france.fi\/#organization"},"potentialAction":[{"@type":"SearchAction","target":{"@type":"EntryPoint","urlTemplate":"https:\/\/www.france.fi\/?s={search_term_string}"},"query-input":{"@type":"PropertyValueSpecification","valueRequired":true,"valueName":"search_term_string"}}],"inLanguage":"fr-FR"},{"@type":"Organization","@id":"https:\/\/www.france.fi\/#organization","name":"Institut fran\u00e7ais de Finlande","url":"https:\/\/www.france.fi\/","logo":{"@type":"ImageObject","inLanguage":"fr-FR","@id":"https:\/\/www.france.fi\/#\/schema\/logo\/image\/","url":"https:\/\/www.france.fi\/wp-content\/uploads\/2024\/02\/if-logo-1.png","contentUrl":"https:\/\/www.france.fi\/wp-content\/uploads\/2024\/02\/if-logo-1.png","width":687,"height":459,"caption":"Institut fran\u00e7ais de Finlande"},"image":{"@id":"https:\/\/www.france.fi\/#\/schema\/logo\/image\/"},"sameAs":["https:\/\/www.facebook.com\/institutfrancaisfi","https:\/\/x.com\/IFFinlande","https:\/\/www.instagram.com\/iffinlande\/","https:\/\/fr.linkedin.com\/organization-guest\/company\/institut-fran-ais-de-finlande","https:\/\/www.youtube.com\/channel\/UCHAitdpmSbeP78eL49XMotA"]},{"@type":"Person","@id":"https:\/\/www.france.fi\/#\/schema\/person\/db81697c695313881e27d7a0098b4cfe","name":"Katri Jokela","image":{"@type":"ImageObject","inLanguage":"fr-FR","@id":"https:\/\/secure.gravatar.com\/avatar\/396aab495906d349883b262e8f147388dc2e3243e726e288a7b8da2294580805?s=96&d=mm&r=g","url":"https:\/\/secure.gravatar.com\/avatar\/396aab495906d349883b262e8f147388dc2e3243e726e288a7b8da2294580805?s=96&d=mm&r=g","contentUrl":"https:\/\/secure.gravatar.com\/avatar\/396aab495906d349883b262e8f147388dc2e3243e726e288a7b8da2294580805?s=96&d=mm&r=g","caption":"Katri Jokela"},"url":"https:\/\/www.france.fi\/fr\/author\/katri-jokelafrance-fi\/"}]}},"_links":{"self":[{"href":"https:\/\/www.france.fi\/fr\/wp-json\/wp\/v2\/posts\/24849","targetHints":{"allow":["GET"]}}],"collection":[{"href":"https:\/\/www.france.fi\/fr\/wp-json\/wp\/v2\/posts"}],"about":[{"href":"https:\/\/www.france.fi\/fr\/wp-json\/wp\/v2\/types\/post"}],"author":[{"embeddable":true,"href":"https:\/\/www.france.fi\/fr\/wp-json\/wp\/v2\/users\/8"}],"replies":[{"embeddable":true,"href":"https:\/\/www.france.fi\/fr\/wp-json\/wp\/v2\/comments?post=24849"}],"version-history":[{"count":2,"href":"https:\/\/www.france.fi\/fr\/wp-json\/wp\/v2\/posts\/24849\/revisions"}],"predecessor-version":[{"id":24854,"href":"https:\/\/www.france.fi\/fr\/wp-json\/wp\/v2\/posts\/24849\/revisions\/24854"}],"wp:featuredmedia":[{"embeddable":true,"href":"https:\/\/www.france.fi\/fr\/wp-json\/wp\/v2\/media\/24851"}],"wp:attachment":[{"href":"https:\/\/www.france.fi\/fr\/wp-json\/wp\/v2\/media?parent=24849"}],"wp:term":[{"taxonomy":"category","embeddable":true,"href":"https:\/\/www.france.fi\/fr\/wp-json\/wp\/v2\/categories?post=24849"},{"taxonomy":"post_tag","embeddable":true,"href":"https:\/\/www.france.fi\/fr\/wp-json\/wp\/v2\/tags?post=24849"}],"curies":[{"name":"wp","href":"https:\/\/api.w.org\/{rel}","templated":true}]}}