{"id":24867,"date":"2026-04-28T09:55:05","date_gmt":"2026-04-28T06:55:05","guid":{"rendered":"https:\/\/www.france.fi\/culture\/dansons-tanssitaan\/"},"modified":"2026-04-28T09:58:57","modified_gmt":"2026-04-28T06:58:57","slug":"dansons-tanssitaan","status":"publish","type":"post","link":"https:\/\/www.france.fi\/fr\/culture\/dansons-tanssitaan\/","title":{"rendered":"Dansons ! x Tanssitaan !"},"content":{"rendered":"<p>\u00c0 l&rsquo;occasion du Helsinki-p\u00e4iv\u00e4 (la F\u00eate de Helsinki), l\u2019Institut Fran\u00e7ais de Finlande propose des ateliers de danse contemporaine anim\u00e9s par Inka Auvinen, danseuse professionnelle dipl\u00f4m\u00e9e de l\u2019Universit\u00e9 des Arts (Helsinki) et du Trinity Laban Conservatoire of Music and Dance (Londres).<\/p>\n<p>Les ateliers commenceront par un \u00e9chauffement, durant lequel vous vous familiariserez avec l\u2019espace et les autres participants. Ensuite, place aux workshops pour apprendre \u00e0 suivre la musique \u00e0 travers l\u2019improvisation. Il n\u2019est pas n\u00e9cessaire d\u2019avoir une exp\u00e9rience en danse pour rejoindre les ateliers.<\/p>\n<p>La th\u00e9matique de la journ\u00e9e \u00e9tant \u00ab\u202fpour des jeunes par des jeunes\u202f\u00bb les ateliers sont prioritairement destin\u00e9s aux 15 \u2013 28 ans.<\/p>\n<p>Inka parle couramment finnois, fran\u00e7ais et anglais.<\/p>\n<p>Entr\u00e9e libre sur inscription. Les cr\u00e9neaux pr\u00e9cis et les liens d\u2019inscription seront publi\u00e9s prochainement sur cette page.<\/p>\n<p>Rendez-vous \u00e0 l\u2019Institut pour c\u00e9l\u00e9brer cette journ\u00e9e en dansant !<\/p>\n","protected":false},"excerpt":{"rendered":"<p>C\u00e9l\u00e9brons l\u2019arriv\u00e9e de l\u2019\u00e9t\u00e9 en dansant pour Helsinki-p\u00e4iv\u00e4\u202f!<\/p>\n","protected":false},"author":8,"featured_media":24864,"comment_status":"closed","ping_status":"open","sticky":false,"template":"","format":"standard","meta":{"footnotes":""},"categories":[1],"tags":[1023,1024,1025,1026],"class_list":["post-24867","post","type-post","status-publish","format-standard","has-post-thumbnail","hentry","category-culture","tag-helsinki-paiva","tag-dance","tag-inka-auvinen","tag-helsinki-day"],"yoast_head":"<!-- This site is optimized with the Yoast SEO plugin v27.4 - https:\/\/yoast.com\/product\/yoast-seo-wordpress\/ -->\n<title>Dansons ! x Tanssitaan ! - Institut fran\u00e7ais<\/title>\n<meta name=\"description\" content=\"C\u00e9l\u00e9brons l\u2019arriv\u00e9e de l\u2019\u00e9t\u00e9 en dansant pour Helsinki-p\u00e4iv\u00e4\u202f!\" \/>\n<meta name=\"robots\" content=\"index, follow, max-snippet:-1, max-image-preview:large, max-video-preview:-1\" \/>\n<link rel=\"canonical\" href=\"https:\/\/www.france.fi\/fr\/culture\/dansons-tanssitaan\/\" \/>\n<meta property=\"og:locale\" content=\"fr_FR\" \/>\n<meta property=\"og:type\" content=\"article\" \/>\n<meta property=\"og:title\" content=\"Dansons ! x Tanssitaan ! - Institut fran\u00e7ais\" \/>\n<meta property=\"og:description\" content=\"C\u00e9l\u00e9brons l\u2019arriv\u00e9e de l\u2019\u00e9t\u00e9 en dansant pour Helsinki-p\u00e4iv\u00e4\u202f!\" \/>\n<meta property=\"og:url\" content=\"https:\/\/www.france.fi\/fr\/culture\/dansons-tanssitaan\/\" \/>\n<meta property=\"og:site_name\" content=\"Institut fran\u00e7ais\" \/>\n<meta property=\"article:publisher\" content=\"https:\/\/www.facebook.com\/institutfrancaisfi\" \/>\n<meta property=\"article:published_time\" content=\"2026-04-28T06:55:05+00:00\" \/>\n<meta property=\"article:modified_time\" content=\"2026-04-28T06:58:57+00:00\" \/>\n<meta property=\"og:image\" content=\"https:\/\/www.france.fi\/wp-content\/uploads\/2026\/04\/Helsinki-paiva.jpg\" \/>\n\t<meta property=\"og:image:width\" content=\"1920\" \/>\n\t<meta property=\"og:image:height\" content=\"1080\" \/>\n\t<meta property=\"og:image:type\" content=\"image\/jpeg\" \/>\n<meta name=\"author\" content=\"Katri Jokela\" \/>\n<meta name=\"twitter:card\" content=\"summary_large_image\" \/>\n<meta name=\"twitter:creator\" content=\"@IFFinlande\" \/>\n<meta name=\"twitter:site\" content=\"@IFFinlande\" \/>\n<meta name=\"twitter:label1\" content=\"\u00c9crit par\" \/>\n\t<meta name=\"twitter:data1\" content=\"Katri Jokela\" \/>\n\t<meta name=\"twitter:label2\" content=\"Dur\u00e9e de lecture estim\u00e9e\" \/>\n\t<meta name=\"twitter:data2\" content=\"2 minutes\" \/>\n<script type=\"application\/ld+json\" class=\"yoast-schema-graph\">{\"@context\":\"https:\\\/\\\/schema.org\",\"@graph\":[{\"@type\":\"Article\",\"@id\":\"https:\\\/\\\/www.france.fi\\\/fr\\\/culture\\\/dansons-tanssitaan\\\/#article\",\"isPartOf\":{\"@id\":\"https:\\\/\\\/www.france.fi\\\/fr\\\/culture\\\/dansons-tanssitaan\\\/\"},\"author\":{\"name\":\"Katri Jokela\",\"@id\":\"https:\\\/\\\/www.france.fi\\\/#\\\/schema\\\/person\\\/db81697c695313881e27d7a0098b4cfe\"},\"headline\":\"Dansons ! x Tanssitaan !\",\"datePublished\":\"2026-04-28T06:55:05+00:00\",\"dateModified\":\"2026-04-28T06:58:57+00:00\",\"mainEntityOfPage\":{\"@id\":\"https:\\\/\\\/www.france.fi\\\/fr\\\/culture\\\/dansons-tanssitaan\\\/\"},\"wordCount\":162,\"publisher\":{\"@id\":\"https:\\\/\\\/www.france.fi\\\/#organization\"},\"image\":{\"@id\":\"https:\\\/\\\/www.france.fi\\\/fr\\\/culture\\\/dansons-tanssitaan\\\/#primaryimage\"},\"thumbnailUrl\":\"https:\\\/\\\/www.france.fi\\\/wp-content\\\/uploads\\\/2026\\\/04\\\/Helsinki-paiva.jpg\",\"keywords\":[\"helsinki-p\u00e4iv\u00e4\",\"dance\",\"inka auvinen\",\"helsinki day\"],\"articleSection\":[\"Culture\"],\"inLanguage\":\"fr-FR\"},{\"@type\":\"WebPage\",\"@id\":\"https:\\\/\\\/www.france.fi\\\/fr\\\/culture\\\/dansons-tanssitaan\\\/\",\"url\":\"https:\\\/\\\/www.france.fi\\\/fr\\\/culture\\\/dansons-tanssitaan\\\/\",\"name\":\"Dansons ! x Tanssitaan ! - Institut fran\u00e7ais\",\"isPartOf\":{\"@id\":\"https:\\\/\\\/www.france.fi\\\/#website\"},\"primaryImageOfPage\":{\"@id\":\"https:\\\/\\\/www.france.fi\\\/fr\\\/culture\\\/dansons-tanssitaan\\\/#primaryimage\"},\"image\":{\"@id\":\"https:\\\/\\\/www.france.fi\\\/fr\\\/culture\\\/dansons-tanssitaan\\\/#primaryimage\"},\"thumbnailUrl\":\"https:\\\/\\\/www.france.fi\\\/wp-content\\\/uploads\\\/2026\\\/04\\\/Helsinki-paiva.jpg\",\"datePublished\":\"2026-04-28T06:55:05+00:00\",\"dateModified\":\"2026-04-28T06:58:57+00:00\",\"description\":\"C\u00e9l\u00e9brons l\u2019arriv\u00e9e de l\u2019\u00e9t\u00e9 en dansant pour Helsinki-p\u00e4iv\u00e4\u202f!\",\"breadcrumb\":{\"@id\":\"https:\\\/\\\/www.france.fi\\\/fr\\\/culture\\\/dansons-tanssitaan\\\/#breadcrumb\"},\"inLanguage\":\"fr-FR\",\"potentialAction\":[{\"@type\":\"ReadAction\",\"target\":[\"https:\\\/\\\/www.france.fi\\\/fr\\\/culture\\\/dansons-tanssitaan\\\/\"]}]},{\"@type\":\"ImageObject\",\"inLanguage\":\"fr-FR\",\"@id\":\"https:\\\/\\\/www.france.fi\\\/fr\\\/culture\\\/dansons-tanssitaan\\\/#primaryimage\",\"url\":\"https:\\\/\\\/www.france.fi\\\/wp-content\\\/uploads\\\/2026\\\/04\\\/Helsinki-paiva.jpg\",\"contentUrl\":\"https:\\\/\\\/www.france.fi\\\/wp-content\\\/uploads\\\/2026\\\/04\\\/Helsinki-paiva.jpg\",\"width\":1920,\"height\":1080,\"caption\":\"(C):\"},{\"@type\":\"BreadcrumbList\",\"@id\":\"https:\\\/\\\/www.france.fi\\\/fr\\\/culture\\\/dansons-tanssitaan\\\/#breadcrumb\",\"itemListElement\":[{\"@type\":\"ListItem\",\"position\":1,\"name\":\"Home\",\"item\":\"https:\\\/\\\/www.france.fi\\\/fr\\\/\"},{\"@type\":\"ListItem\",\"position\":2,\"name\":\"Culture\",\"item\":\"https:\\\/\\\/www.france.fi\\\/fr\\\/category\\\/culture\\\/\"},{\"@type\":\"ListItem\",\"position\":3,\"name\":\"Dansons ! x Tanssitaan !\"}]},{\"@type\":\"WebSite\",\"@id\":\"https:\\\/\\\/www.france.fi\\\/#website\",\"url\":\"https:\\\/\\\/www.france.fi\\\/\",\"name\":\"Institut fran\u00e7ais de Finlande\",\"description\":\"\",\"publisher\":{\"@id\":\"https:\\\/\\\/www.france.fi\\\/#organization\"},\"potentialAction\":[{\"@type\":\"SearchAction\",\"target\":{\"@type\":\"EntryPoint\",\"urlTemplate\":\"https:\\\/\\\/www.france.fi\\\/?s={search_term_string}\"},\"query-input\":{\"@type\":\"PropertyValueSpecification\",\"valueRequired\":true,\"valueName\":\"search_term_string\"}}],\"inLanguage\":\"fr-FR\"},{\"@type\":\"Organization\",\"@id\":\"https:\\\/\\\/www.france.fi\\\/#organization\",\"name\":\"Institut fran\u00e7ais de Finlande\",\"url\":\"https:\\\/\\\/www.france.fi\\\/\",\"logo\":{\"@type\":\"ImageObject\",\"inLanguage\":\"fr-FR\",\"@id\":\"https:\\\/\\\/www.france.fi\\\/#\\\/schema\\\/logo\\\/image\\\/\",\"url\":\"https:\\\/\\\/www.france.fi\\\/wp-content\\\/uploads\\\/2024\\\/02\\\/if-logo-1.png\",\"contentUrl\":\"https:\\\/\\\/www.france.fi\\\/wp-content\\\/uploads\\\/2024\\\/02\\\/if-logo-1.png\",\"width\":687,\"height\":459,\"caption\":\"Institut fran\u00e7ais de Finlande\"},\"image\":{\"@id\":\"https:\\\/\\\/www.france.fi\\\/#\\\/schema\\\/logo\\\/image\\\/\"},\"sameAs\":[\"https:\\\/\\\/www.facebook.com\\\/institutfrancaisfi\",\"https:\\\/\\\/x.com\\\/IFFinlande\",\"https:\\\/\\\/www.instagram.com\\\/iffinlande\\\/\",\"https:\\\/\\\/fr.linkedin.com\\\/organization-guest\\\/company\\\/institut-fran-ais-de-finlande\",\"https:\\\/\\\/www.youtube.com\\\/channel\\\/UCHAitdpmSbeP78eL49XMotA\"]},{\"@type\":\"Person\",\"@id\":\"https:\\\/\\\/www.france.fi\\\/#\\\/schema\\\/person\\\/db81697c695313881e27d7a0098b4cfe\",\"name\":\"Katri Jokela\",\"image\":{\"@type\":\"ImageObject\",\"inLanguage\":\"fr-FR\",\"@id\":\"https:\\\/\\\/secure.gravatar.com\\\/avatar\\\/396aab495906d349883b262e8f147388dc2e3243e726e288a7b8da2294580805?s=96&d=mm&r=g\",\"url\":\"https:\\\/\\\/secure.gravatar.com\\\/avatar\\\/396aab495906d349883b262e8f147388dc2e3243e726e288a7b8da2294580805?s=96&d=mm&r=g\",\"contentUrl\":\"https:\\\/\\\/secure.gravatar.com\\\/avatar\\\/396aab495906d349883b262e8f147388dc2e3243e726e288a7b8da2294580805?s=96&d=mm&r=g\",\"caption\":\"Katri Jokela\"},\"url\":\"https:\\\/\\\/www.france.fi\\\/fr\\\/author\\\/katri-jokelafrance-fi\\\/\"}]}<\/script>\n<!-- \/ Yoast SEO plugin. -->","yoast_head_json":{"title":"Dansons ! x Tanssitaan ! - Institut fran\u00e7ais","description":"C\u00e9l\u00e9brons l\u2019arriv\u00e9e de l\u2019\u00e9t\u00e9 en dansant pour Helsinki-p\u00e4iv\u00e4\u202f!","robots":{"index":"index","follow":"follow","max-snippet":"max-snippet:-1","max-image-preview":"max-image-preview:large","max-video-preview":"max-video-preview:-1"},"canonical":"https:\/\/www.france.fi\/fr\/culture\/dansons-tanssitaan\/","og_locale":"fr_FR","og_type":"article","og_title":"Dansons ! x Tanssitaan ! - Institut fran\u00e7ais","og_description":"C\u00e9l\u00e9brons l\u2019arriv\u00e9e de l\u2019\u00e9t\u00e9 en dansant pour Helsinki-p\u00e4iv\u00e4\u202f!","og_url":"https:\/\/www.france.fi\/fr\/culture\/dansons-tanssitaan\/","og_site_name":"Institut fran\u00e7ais","article_publisher":"https:\/\/www.facebook.com\/institutfrancaisfi","article_published_time":"2026-04-28T06:55:05+00:00","article_modified_time":"2026-04-28T06:58:57+00:00","og_image":[{"width":1920,"height":1080,"url":"https:\/\/www.france.fi\/wp-content\/uploads\/2026\/04\/Helsinki-paiva.jpg","type":"image\/jpeg"}],"author":"Katri Jokela","twitter_card":"summary_large_image","twitter_creator":"@IFFinlande","twitter_site":"@IFFinlande","twitter_misc":{"\u00c9crit par":"Katri Jokela","Dur\u00e9e de lecture estim\u00e9e":"2 minutes"},"schema":{"@context":"https:\/\/schema.org","@graph":[{"@type":"Article","@id":"https:\/\/www.france.fi\/fr\/culture\/dansons-tanssitaan\/#article","isPartOf":{"@id":"https:\/\/www.france.fi\/fr\/culture\/dansons-tanssitaan\/"},"author":{"name":"Katri Jokela","@id":"https:\/\/www.france.fi\/#\/schema\/person\/db81697c695313881e27d7a0098b4cfe"},"headline":"Dansons ! x Tanssitaan !","datePublished":"2026-04-28T06:55:05+00:00","dateModified":"2026-04-28T06:58:57+00:00","mainEntityOfPage":{"@id":"https:\/\/www.france.fi\/fr\/culture\/dansons-tanssitaan\/"},"wordCount":162,"publisher":{"@id":"https:\/\/www.france.fi\/#organization"},"image":{"@id":"https:\/\/www.france.fi\/fr\/culture\/dansons-tanssitaan\/#primaryimage"},"thumbnailUrl":"https:\/\/www.france.fi\/wp-content\/uploads\/2026\/04\/Helsinki-paiva.jpg","keywords":["helsinki-p\u00e4iv\u00e4","dance","inka auvinen","helsinki day"],"articleSection":["Culture"],"inLanguage":"fr-FR"},{"@type":"WebPage","@id":"https:\/\/www.france.fi\/fr\/culture\/dansons-tanssitaan\/","url":"https:\/\/www.france.fi\/fr\/culture\/dansons-tanssitaan\/","name":"Dansons ! x Tanssitaan ! - Institut fran\u00e7ais","isPartOf":{"@id":"https:\/\/www.france.fi\/#website"},"primaryImageOfPage":{"@id":"https:\/\/www.france.fi\/fr\/culture\/dansons-tanssitaan\/#primaryimage"},"image":{"@id":"https:\/\/www.france.fi\/fr\/culture\/dansons-tanssitaan\/#primaryimage"},"thumbnailUrl":"https:\/\/www.france.fi\/wp-content\/uploads\/2026\/04\/Helsinki-paiva.jpg","datePublished":"2026-04-28T06:55:05+00:00","dateModified":"2026-04-28T06:58:57+00:00","description":"C\u00e9l\u00e9brons l\u2019arriv\u00e9e de l\u2019\u00e9t\u00e9 en dansant pour Helsinki-p\u00e4iv\u00e4\u202f!","breadcrumb":{"@id":"https:\/\/www.france.fi\/fr\/culture\/dansons-tanssitaan\/#breadcrumb"},"inLanguage":"fr-FR","potentialAction":[{"@type":"ReadAction","target":["https:\/\/www.france.fi\/fr\/culture\/dansons-tanssitaan\/"]}]},{"@type":"ImageObject","inLanguage":"fr-FR","@id":"https:\/\/www.france.fi\/fr\/culture\/dansons-tanssitaan\/#primaryimage","url":"https:\/\/www.france.fi\/wp-content\/uploads\/2026\/04\/Helsinki-paiva.jpg","contentUrl":"https:\/\/www.france.fi\/wp-content\/uploads\/2026\/04\/Helsinki-paiva.jpg","width":1920,"height":1080,"caption":"(C):"},{"@type":"BreadcrumbList","@id":"https:\/\/www.france.fi\/fr\/culture\/dansons-tanssitaan\/#breadcrumb","itemListElement":[{"@type":"ListItem","position":1,"name":"Home","item":"https:\/\/www.france.fi\/fr\/"},{"@type":"ListItem","position":2,"name":"Culture","item":"https:\/\/www.france.fi\/fr\/category\/culture\/"},{"@type":"ListItem","position":3,"name":"Dansons ! x Tanssitaan !"}]},{"@type":"WebSite","@id":"https:\/\/www.france.fi\/#website","url":"https:\/\/www.france.fi\/","name":"Institut fran\u00e7ais de Finlande","description":"","publisher":{"@id":"https:\/\/www.france.fi\/#organization"},"potentialAction":[{"@type":"SearchAction","target":{"@type":"EntryPoint","urlTemplate":"https:\/\/www.france.fi\/?s={search_term_string}"},"query-input":{"@type":"PropertyValueSpecification","valueRequired":true,"valueName":"search_term_string"}}],"inLanguage":"fr-FR"},{"@type":"Organization","@id":"https:\/\/www.france.fi\/#organization","name":"Institut fran\u00e7ais de Finlande","url":"https:\/\/www.france.fi\/","logo":{"@type":"ImageObject","inLanguage":"fr-FR","@id":"https:\/\/www.france.fi\/#\/schema\/logo\/image\/","url":"https:\/\/www.france.fi\/wp-content\/uploads\/2024\/02\/if-logo-1.png","contentUrl":"https:\/\/www.france.fi\/wp-content\/uploads\/2024\/02\/if-logo-1.png","width":687,"height":459,"caption":"Institut fran\u00e7ais de Finlande"},"image":{"@id":"https:\/\/www.france.fi\/#\/schema\/logo\/image\/"},"sameAs":["https:\/\/www.facebook.com\/institutfrancaisfi","https:\/\/x.com\/IFFinlande","https:\/\/www.instagram.com\/iffinlande\/","https:\/\/fr.linkedin.com\/organization-guest\/company\/institut-fran-ais-de-finlande","https:\/\/www.youtube.com\/channel\/UCHAitdpmSbeP78eL49XMotA"]},{"@type":"Person","@id":"https:\/\/www.france.fi\/#\/schema\/person\/db81697c695313881e27d7a0098b4cfe","name":"Katri Jokela","image":{"@type":"ImageObject","inLanguage":"fr-FR","@id":"https:\/\/secure.gravatar.com\/avatar\/396aab495906d349883b262e8f147388dc2e3243e726e288a7b8da2294580805?s=96&d=mm&r=g","url":"https:\/\/secure.gravatar.com\/avatar\/396aab495906d349883b262e8f147388dc2e3243e726e288a7b8da2294580805?s=96&d=mm&r=g","contentUrl":"https:\/\/secure.gravatar.com\/avatar\/396aab495906d349883b262e8f147388dc2e3243e726e288a7b8da2294580805?s=96&d=mm&r=g","caption":"Katri Jokela"},"url":"https:\/\/www.france.fi\/fr\/author\/katri-jokelafrance-fi\/"}]}},"_links":{"self":[{"href":"https:\/\/www.france.fi\/fr\/wp-json\/wp\/v2\/posts\/24867","targetHints":{"allow":["GET"]}}],"collection":[{"href":"https:\/\/www.france.fi\/fr\/wp-json\/wp\/v2\/posts"}],"about":[{"href":"https:\/\/www.france.fi\/fr\/wp-json\/wp\/v2\/types\/post"}],"author":[{"embeddable":true,"href":"https:\/\/www.france.fi\/fr\/wp-json\/wp\/v2\/users\/8"}],"replies":[{"embeddable":true,"href":"https:\/\/www.france.fi\/fr\/wp-json\/wp\/v2\/comments?post=24867"}],"version-history":[{"count":1,"href":"https:\/\/www.france.fi\/fr\/wp-json\/wp\/v2\/posts\/24867\/revisions"}],"predecessor-version":[{"id":24870,"href":"https:\/\/www.france.fi\/fr\/wp-json\/wp\/v2\/posts\/24867\/revisions\/24870"}],"wp:featuredmedia":[{"embeddable":true,"href":"https:\/\/www.france.fi\/fr\/wp-json\/wp\/v2\/media\/24864"}],"wp:attachment":[{"href":"https:\/\/www.france.fi\/fr\/wp-json\/wp\/v2\/media?parent=24867"}],"wp:term":[{"taxonomy":"category","embeddable":true,"href":"https:\/\/www.france.fi\/fr\/wp-json\/wp\/v2\/categories?post=24867"},{"taxonomy":"post_tag","embeddable":true,"href":"https:\/\/www.france.fi\/fr\/wp-json\/wp\/v2\/tags?post=24867"}],"curies":[{"name":"wp","href":"https:\/\/api.w.org\/{rel}","templated":true}]}}