{"id":24872,"date":"2026-04-28T13:21:15","date_gmt":"2026-04-28T10:21:15","guid":{"rendered":"https:\/\/www.france.fi\/?p=24872"},"modified":"2026-04-28T13:21:15","modified_gmt":"2026-04-28T10:21:15","slug":"cours-intensifs-dete","status":"publish","type":"post","link":"https:\/\/www.france.fi\/fr\/langue-francaise\/cours-intensifs-dete\/","title":{"rendered":"Cours intensifs d\u2019\u00e9t\u00e9"},"content":{"rendered":"<p><span data-contrast=\"auto\">Vous pr\u00e9voyez de voyager dans un pays francophone cet \u00e9t\u00e9 ? Ou vous avez tout simplement envie de renforcer vos comp\u00e9tences orales ?<\/span><span data-ccp-props=\"{&quot;134233117&quot;:false,&quot;134233118&quot;:false,&quot;201341983&quot;:0,&quot;335551550&quot;:1,&quot;335551620&quot;:1,&quot;335559685&quot;:0,&quot;335559737&quot;:0,&quot;335559738&quot;:0,&quot;335559739&quot;:160,&quot;335559740&quot;:279}\">\u00a0<\/span><\/p>\n<p><span data-contrast=\"auto\">Vous avez encore le temps de vous inscrire \u00e0 nos cours\u00a0intensifs d\u2019\u00e9t\u00e9 !<\/span><span data-ccp-props=\"{&quot;134233117&quot;:false,&quot;134233118&quot;:false,&quot;201341983&quot;:0,&quot;335551550&quot;:1,&quot;335551620&quot;:1,&quot;335559685&quot;:0,&quot;335559737&quot;:0,&quot;335559738&quot;:0,&quot;335559739&quot;:160,&quot;335559740&quot;:279}\">\u00a0<\/span><\/p>\n<p><span data-contrast=\"auto\">Nos cours intensifs, organis\u00e9s en pr\u00e9sentiel \u00e0 l\u2019Institut, s\u2019adressent aux apprenants de niveaux A1 \u00e0 B2. Deux formats sont propos\u00e9s :<\/span><span data-ccp-props=\"{&quot;134233117&quot;:false,&quot;134233118&quot;:false,&quot;201341983&quot;:0,&quot;335551550&quot;:1,&quot;335551620&quot;:1,&quot;335559685&quot;:0,&quot;335559737&quot;:0,&quot;335559738&quot;:0,&quot;335559739&quot;:160,&quot;335559740&quot;:279}\">\u00a0<\/span><\/p>\n<p><b><span data-contrast=\"auto\">Caf\u00e9 Croissant (A1\u2013A2)\u00a0<\/span><\/b><span data-contrast=\"auto\">: travaillez votre expression orale dans des situations du quotidien pour gagner en fluidit\u00e9 et enrichir votre vocabulaire. Cours matinal accompagn\u00e9 d\u2019un caf\u00e9 et d\u2019un croissant.<\/span><span data-ccp-props=\"{&quot;134233117&quot;:false,&quot;134233118&quot;:false,&quot;201341983&quot;:0,&quot;335551550&quot;:1,&quot;335551620&quot;:1,&quot;335559685&quot;:0,&quot;335559737&quot;:0,&quot;335559738&quot;:0,&quot;335559739&quot;:160,&quot;335559740&quot;:279}\">\u00a0<\/span><\/p>\n<p><b><span data-contrast=\"auto\">Ap\u00e9ro Actualit\u00e9s (B1\u2013B2)\u00a0<\/span><\/b><span data-contrast=\"auto\">: renforcez votre expression orale autour de sujets d\u2019actualit\u00e9 francophone et apprenez \u00e0 mieux structurer votre discours. Un verre de vin est servi \u00e0 chaque s\u00e9ance !<\/span><span data-ccp-props=\"{&quot;134233117&quot;:false,&quot;134233118&quot;:false,&quot;201341983&quot;:0,&quot;335551550&quot;:1,&quot;335551620&quot;:1,&quot;335559685&quot;:0,&quot;335559737&quot;:0,&quot;335559738&quot;:0,&quot;335559739&quot;:160,&quot;335559740&quot;:279}\">\u00a0<\/span><\/p>\n<p><span data-contrast=\"auto\">Comme toujours, nos petits groupes garantissent une participation active et des retours personnalis\u00e9s.<\/span><span data-ccp-props=\"{&quot;134233117&quot;:false,&quot;134233118&quot;:false,&quot;201341983&quot;:0,&quot;335551550&quot;:1,&quot;335551620&quot;:1,&quot;335559685&quot;:0,&quot;335559737&quot;:0,&quot;335559738&quot;:0,&quot;335559739&quot;:160,&quot;335559740&quot;:279}\">\u00a0<\/span><\/p>\n<p><span data-contrast=\"auto\">Inscrivez-vous via le menu ci-dessous !<\/span><\/p>\n<div class='kiosque-aec'><div\n data-module='classes'\n data-action='courses-catalog'\n data-param-etablishment-branch-id=''\n data-param-period-id=''\n data-param-classification-id=''\n data-param-subject-id=''\n data-param-class-type-id='2'\n data-param-level-id=''\n data-param-learning-pace=''\n data-param-sidebar=''\n data-param-class-format-id=''\n data-param-localization=''\n data-param-show-filter-choices=''\n data-param-lang='fr_FR'><\/div><\/div>\n","protected":false},"excerpt":{"rendered":"<p>4 jours pour am\u00e9liorer vos comp\u00e9tences orales en fran\u00e7ais : rejoignez nos cours intensifs en juin ! <\/p>\n","protected":false},"author":8,"featured_media":24873,"comment_status":"closed","ping_status":"open","sticky":false,"template":"","format":"standard","meta":{"footnotes":""},"categories":[45],"tags":[247,1028,1029],"class_list":["post-24872","post","type-post","status-publish","format-standard","has-post-thumbnail","hentry","category-langue-francaise","tag-cours-de-francais","tag-cours-intensifs","tag-ete"],"yoast_head":"<!-- This site is optimized with the Yoast SEO plugin v27.4 - https:\/\/yoast.com\/product\/yoast-seo-wordpress\/ -->\n<title>Cours intensifs d\u2019\u00e9t\u00e9 - Institut fran\u00e7ais<\/title>\n<meta name=\"description\" content=\"4 jours pour am\u00e9liorer vos comp\u00e9tences orales en fran\u00e7ais : rejoignez nos cours intensifs en juin !\" \/>\n<meta name=\"robots\" content=\"index, follow, max-snippet:-1, max-image-preview:large, max-video-preview:-1\" \/>\n<link rel=\"canonical\" href=\"https:\/\/www.france.fi\/fr\/langue-francaise\/cours-intensifs-dete\/\" \/>\n<meta property=\"og:locale\" content=\"fr_FR\" \/>\n<meta property=\"og:type\" content=\"article\" \/>\n<meta property=\"og:title\" content=\"Cours intensifs d\u2019\u00e9t\u00e9 - Institut fran\u00e7ais\" \/>\n<meta property=\"og:description\" content=\"4 jours pour am\u00e9liorer vos comp\u00e9tences orales en fran\u00e7ais : rejoignez nos cours intensifs en juin !\" \/>\n<meta property=\"og:url\" content=\"https:\/\/www.france.fi\/fr\/langue-francaise\/cours-intensifs-dete\/\" \/>\n<meta property=\"og:site_name\" content=\"Institut fran\u00e7ais\" \/>\n<meta property=\"article:publisher\" content=\"https:\/\/www.facebook.com\/institutfrancaisfi\" \/>\n<meta property=\"article:published_time\" content=\"2026-04-28T10:21:15+00:00\" \/>\n<meta property=\"og:image\" content=\"https:\/\/www.france.fi\/wp-content\/uploads\/2026\/04\/Cours-intensifs.png\" \/>\n\t<meta property=\"og:image:width\" content=\"1920\" \/>\n\t<meta property=\"og:image:height\" content=\"1080\" \/>\n\t<meta property=\"og:image:type\" content=\"image\/png\" \/>\n<meta name=\"author\" content=\"Katri Jokela\" \/>\n<meta name=\"twitter:card\" content=\"summary_large_image\" \/>\n<meta name=\"twitter:creator\" content=\"@IFFinlande\" \/>\n<meta name=\"twitter:site\" content=\"@IFFinlande\" \/>\n<meta name=\"twitter:label1\" content=\"\u00c9crit par\" \/>\n\t<meta name=\"twitter:data1\" content=\"Katri Jokela\" \/>\n\t<meta name=\"twitter:label2\" content=\"Dur\u00e9e de lecture estim\u00e9e\" \/>\n\t<meta name=\"twitter:data2\" content=\"2 minutes\" \/>\n<script type=\"application\/ld+json\" class=\"yoast-schema-graph\">{\"@context\":\"https:\\\/\\\/schema.org\",\"@graph\":[{\"@type\":\"Article\",\"@id\":\"https:\\\/\\\/www.france.fi\\\/fr\\\/langue-francaise\\\/cours-intensifs-dete\\\/#article\",\"isPartOf\":{\"@id\":\"https:\\\/\\\/www.france.fi\\\/fr\\\/langue-francaise\\\/cours-intensifs-dete\\\/\"},\"author\":{\"name\":\"Katri Jokela\",\"@id\":\"https:\\\/\\\/www.france.fi\\\/#\\\/schema\\\/person\\\/db81697c695313881e27d7a0098b4cfe\"},\"headline\":\"Cours intensifs d\u2019\u00e9t\u00e9\",\"datePublished\":\"2026-04-28T10:21:15+00:00\",\"mainEntityOfPage\":{\"@id\":\"https:\\\/\\\/www.france.fi\\\/fr\\\/langue-francaise\\\/cours-intensifs-dete\\\/\"},\"wordCount\":148,\"publisher\":{\"@id\":\"https:\\\/\\\/www.france.fi\\\/#organization\"},\"image\":{\"@id\":\"https:\\\/\\\/www.france.fi\\\/fr\\\/langue-francaise\\\/cours-intensifs-dete\\\/#primaryimage\"},\"thumbnailUrl\":\"https:\\\/\\\/www.france.fi\\\/wp-content\\\/uploads\\\/2026\\\/04\\\/Cours-intensifs.png\",\"keywords\":[\"Cours de fran\u00e7ais\",\"cours intensifs\",\"\u00e9t\u00e9\"],\"articleSection\":[\"Langue fran\u00e7aise\"],\"inLanguage\":\"fr-FR\"},{\"@type\":\"WebPage\",\"@id\":\"https:\\\/\\\/www.france.fi\\\/fr\\\/langue-francaise\\\/cours-intensifs-dete\\\/\",\"url\":\"https:\\\/\\\/www.france.fi\\\/fr\\\/langue-francaise\\\/cours-intensifs-dete\\\/\",\"name\":\"Cours intensifs d\u2019\u00e9t\u00e9 - Institut fran\u00e7ais\",\"isPartOf\":{\"@id\":\"https:\\\/\\\/www.france.fi\\\/#website\"},\"primaryImageOfPage\":{\"@id\":\"https:\\\/\\\/www.france.fi\\\/fr\\\/langue-francaise\\\/cours-intensifs-dete\\\/#primaryimage\"},\"image\":{\"@id\":\"https:\\\/\\\/www.france.fi\\\/fr\\\/langue-francaise\\\/cours-intensifs-dete\\\/#primaryimage\"},\"thumbnailUrl\":\"https:\\\/\\\/www.france.fi\\\/wp-content\\\/uploads\\\/2026\\\/04\\\/Cours-intensifs.png\",\"datePublished\":\"2026-04-28T10:21:15+00:00\",\"description\":\"4 jours pour am\u00e9liorer vos comp\u00e9tences orales en fran\u00e7ais : rejoignez nos cours intensifs en juin !\",\"breadcrumb\":{\"@id\":\"https:\\\/\\\/www.france.fi\\\/fr\\\/langue-francaise\\\/cours-intensifs-dete\\\/#breadcrumb\"},\"inLanguage\":\"fr-FR\",\"potentialAction\":[{\"@type\":\"ReadAction\",\"target\":[\"https:\\\/\\\/www.france.fi\\\/fr\\\/langue-francaise\\\/cours-intensifs-dete\\\/\"]}]},{\"@type\":\"ImageObject\",\"inLanguage\":\"fr-FR\",\"@id\":\"https:\\\/\\\/www.france.fi\\\/fr\\\/langue-francaise\\\/cours-intensifs-dete\\\/#primaryimage\",\"url\":\"https:\\\/\\\/www.france.fi\\\/wp-content\\\/uploads\\\/2026\\\/04\\\/Cours-intensifs.png\",\"contentUrl\":\"https:\\\/\\\/www.france.fi\\\/wp-content\\\/uploads\\\/2026\\\/04\\\/Cours-intensifs.png\",\"width\":1920,\"height\":1080},{\"@type\":\"BreadcrumbList\",\"@id\":\"https:\\\/\\\/www.france.fi\\\/fr\\\/langue-francaise\\\/cours-intensifs-dete\\\/#breadcrumb\",\"itemListElement\":[{\"@type\":\"ListItem\",\"position\":1,\"name\":\"Home\",\"item\":\"https:\\\/\\\/www.france.fi\\\/fr\\\/\"},{\"@type\":\"ListItem\",\"position\":2,\"name\":\"Langue fran\u00e7aise\",\"item\":\"https:\\\/\\\/www.france.fi\\\/fr\\\/category\\\/langue-francaise\\\/\"},{\"@type\":\"ListItem\",\"position\":3,\"name\":\"Cours intensifs d\u2019\u00e9t\u00e9\"}]},{\"@type\":\"WebSite\",\"@id\":\"https:\\\/\\\/www.france.fi\\\/#website\",\"url\":\"https:\\\/\\\/www.france.fi\\\/\",\"name\":\"Institut fran\u00e7ais de Finlande\",\"description\":\"\",\"publisher\":{\"@id\":\"https:\\\/\\\/www.france.fi\\\/#organization\"},\"potentialAction\":[{\"@type\":\"SearchAction\",\"target\":{\"@type\":\"EntryPoint\",\"urlTemplate\":\"https:\\\/\\\/www.france.fi\\\/?s={search_term_string}\"},\"query-input\":{\"@type\":\"PropertyValueSpecification\",\"valueRequired\":true,\"valueName\":\"search_term_string\"}}],\"inLanguage\":\"fr-FR\"},{\"@type\":\"Organization\",\"@id\":\"https:\\\/\\\/www.france.fi\\\/#organization\",\"name\":\"Institut fran\u00e7ais de Finlande\",\"url\":\"https:\\\/\\\/www.france.fi\\\/\",\"logo\":{\"@type\":\"ImageObject\",\"inLanguage\":\"fr-FR\",\"@id\":\"https:\\\/\\\/www.france.fi\\\/#\\\/schema\\\/logo\\\/image\\\/\",\"url\":\"https:\\\/\\\/www.france.fi\\\/wp-content\\\/uploads\\\/2024\\\/02\\\/if-logo-1.png\",\"contentUrl\":\"https:\\\/\\\/www.france.fi\\\/wp-content\\\/uploads\\\/2024\\\/02\\\/if-logo-1.png\",\"width\":687,\"height\":459,\"caption\":\"Institut fran\u00e7ais de Finlande\"},\"image\":{\"@id\":\"https:\\\/\\\/www.france.fi\\\/#\\\/schema\\\/logo\\\/image\\\/\"},\"sameAs\":[\"https:\\\/\\\/www.facebook.com\\\/institutfrancaisfi\",\"https:\\\/\\\/x.com\\\/IFFinlande\",\"https:\\\/\\\/www.instagram.com\\\/iffinlande\\\/\",\"https:\\\/\\\/fr.linkedin.com\\\/organization-guest\\\/company\\\/institut-fran-ais-de-finlande\",\"https:\\\/\\\/www.youtube.com\\\/channel\\\/UCHAitdpmSbeP78eL49XMotA\"]},{\"@type\":\"Person\",\"@id\":\"https:\\\/\\\/www.france.fi\\\/#\\\/schema\\\/person\\\/db81697c695313881e27d7a0098b4cfe\",\"name\":\"Katri Jokela\",\"image\":{\"@type\":\"ImageObject\",\"inLanguage\":\"fr-FR\",\"@id\":\"https:\\\/\\\/secure.gravatar.com\\\/avatar\\\/396aab495906d349883b262e8f147388dc2e3243e726e288a7b8da2294580805?s=96&d=mm&r=g\",\"url\":\"https:\\\/\\\/secure.gravatar.com\\\/avatar\\\/396aab495906d349883b262e8f147388dc2e3243e726e288a7b8da2294580805?s=96&d=mm&r=g\",\"contentUrl\":\"https:\\\/\\\/secure.gravatar.com\\\/avatar\\\/396aab495906d349883b262e8f147388dc2e3243e726e288a7b8da2294580805?s=96&d=mm&r=g\",\"caption\":\"Katri Jokela\"},\"url\":\"https:\\\/\\\/www.france.fi\\\/fr\\\/author\\\/katri-jokelafrance-fi\\\/\"}]}<\/script>\n<!-- \/ Yoast SEO plugin. -->","yoast_head_json":{"title":"Cours intensifs d\u2019\u00e9t\u00e9 - Institut fran\u00e7ais","description":"4 jours pour am\u00e9liorer vos comp\u00e9tences orales en fran\u00e7ais : rejoignez nos cours intensifs en juin !","robots":{"index":"index","follow":"follow","max-snippet":"max-snippet:-1","max-image-preview":"max-image-preview:large","max-video-preview":"max-video-preview:-1"},"canonical":"https:\/\/www.france.fi\/fr\/langue-francaise\/cours-intensifs-dete\/","og_locale":"fr_FR","og_type":"article","og_title":"Cours intensifs d\u2019\u00e9t\u00e9 - Institut fran\u00e7ais","og_description":"4 jours pour am\u00e9liorer vos comp\u00e9tences orales en fran\u00e7ais : rejoignez nos cours intensifs en juin !","og_url":"https:\/\/www.france.fi\/fr\/langue-francaise\/cours-intensifs-dete\/","og_site_name":"Institut fran\u00e7ais","article_publisher":"https:\/\/www.facebook.com\/institutfrancaisfi","article_published_time":"2026-04-28T10:21:15+00:00","og_image":[{"width":1920,"height":1080,"url":"https:\/\/www.france.fi\/wp-content\/uploads\/2026\/04\/Cours-intensifs.png","type":"image\/png"}],"author":"Katri Jokela","twitter_card":"summary_large_image","twitter_creator":"@IFFinlande","twitter_site":"@IFFinlande","twitter_misc":{"\u00c9crit par":"Katri Jokela","Dur\u00e9e de lecture estim\u00e9e":"2 minutes"},"schema":{"@context":"https:\/\/schema.org","@graph":[{"@type":"Article","@id":"https:\/\/www.france.fi\/fr\/langue-francaise\/cours-intensifs-dete\/#article","isPartOf":{"@id":"https:\/\/www.france.fi\/fr\/langue-francaise\/cours-intensifs-dete\/"},"author":{"name":"Katri Jokela","@id":"https:\/\/www.france.fi\/#\/schema\/person\/db81697c695313881e27d7a0098b4cfe"},"headline":"Cours intensifs d\u2019\u00e9t\u00e9","datePublished":"2026-04-28T10:21:15+00:00","mainEntityOfPage":{"@id":"https:\/\/www.france.fi\/fr\/langue-francaise\/cours-intensifs-dete\/"},"wordCount":148,"publisher":{"@id":"https:\/\/www.france.fi\/#organization"},"image":{"@id":"https:\/\/www.france.fi\/fr\/langue-francaise\/cours-intensifs-dete\/#primaryimage"},"thumbnailUrl":"https:\/\/www.france.fi\/wp-content\/uploads\/2026\/04\/Cours-intensifs.png","keywords":["Cours de fran\u00e7ais","cours intensifs","\u00e9t\u00e9"],"articleSection":["Langue fran\u00e7aise"],"inLanguage":"fr-FR"},{"@type":"WebPage","@id":"https:\/\/www.france.fi\/fr\/langue-francaise\/cours-intensifs-dete\/","url":"https:\/\/www.france.fi\/fr\/langue-francaise\/cours-intensifs-dete\/","name":"Cours intensifs d\u2019\u00e9t\u00e9 - Institut fran\u00e7ais","isPartOf":{"@id":"https:\/\/www.france.fi\/#website"},"primaryImageOfPage":{"@id":"https:\/\/www.france.fi\/fr\/langue-francaise\/cours-intensifs-dete\/#primaryimage"},"image":{"@id":"https:\/\/www.france.fi\/fr\/langue-francaise\/cours-intensifs-dete\/#primaryimage"},"thumbnailUrl":"https:\/\/www.france.fi\/wp-content\/uploads\/2026\/04\/Cours-intensifs.png","datePublished":"2026-04-28T10:21:15+00:00","description":"4 jours pour am\u00e9liorer vos comp\u00e9tences orales en fran\u00e7ais : rejoignez nos cours intensifs en juin !","breadcrumb":{"@id":"https:\/\/www.france.fi\/fr\/langue-francaise\/cours-intensifs-dete\/#breadcrumb"},"inLanguage":"fr-FR","potentialAction":[{"@type":"ReadAction","target":["https:\/\/www.france.fi\/fr\/langue-francaise\/cours-intensifs-dete\/"]}]},{"@type":"ImageObject","inLanguage":"fr-FR","@id":"https:\/\/www.france.fi\/fr\/langue-francaise\/cours-intensifs-dete\/#primaryimage","url":"https:\/\/www.france.fi\/wp-content\/uploads\/2026\/04\/Cours-intensifs.png","contentUrl":"https:\/\/www.france.fi\/wp-content\/uploads\/2026\/04\/Cours-intensifs.png","width":1920,"height":1080},{"@type":"BreadcrumbList","@id":"https:\/\/www.france.fi\/fr\/langue-francaise\/cours-intensifs-dete\/#breadcrumb","itemListElement":[{"@type":"ListItem","position":1,"name":"Home","item":"https:\/\/www.france.fi\/fr\/"},{"@type":"ListItem","position":2,"name":"Langue fran\u00e7aise","item":"https:\/\/www.france.fi\/fr\/category\/langue-francaise\/"},{"@type":"ListItem","position":3,"name":"Cours intensifs d\u2019\u00e9t\u00e9"}]},{"@type":"WebSite","@id":"https:\/\/www.france.fi\/#website","url":"https:\/\/www.france.fi\/","name":"Institut fran\u00e7ais de Finlande","description":"","publisher":{"@id":"https:\/\/www.france.fi\/#organization"},"potentialAction":[{"@type":"SearchAction","target":{"@type":"EntryPoint","urlTemplate":"https:\/\/www.france.fi\/?s={search_term_string}"},"query-input":{"@type":"PropertyValueSpecification","valueRequired":true,"valueName":"search_term_string"}}],"inLanguage":"fr-FR"},{"@type":"Organization","@id":"https:\/\/www.france.fi\/#organization","name":"Institut fran\u00e7ais de Finlande","url":"https:\/\/www.france.fi\/","logo":{"@type":"ImageObject","inLanguage":"fr-FR","@id":"https:\/\/www.france.fi\/#\/schema\/logo\/image\/","url":"https:\/\/www.france.fi\/wp-content\/uploads\/2024\/02\/if-logo-1.png","contentUrl":"https:\/\/www.france.fi\/wp-content\/uploads\/2024\/02\/if-logo-1.png","width":687,"height":459,"caption":"Institut fran\u00e7ais de Finlande"},"image":{"@id":"https:\/\/www.france.fi\/#\/schema\/logo\/image\/"},"sameAs":["https:\/\/www.facebook.com\/institutfrancaisfi","https:\/\/x.com\/IFFinlande","https:\/\/www.instagram.com\/iffinlande\/","https:\/\/fr.linkedin.com\/organization-guest\/company\/institut-fran-ais-de-finlande","https:\/\/www.youtube.com\/channel\/UCHAitdpmSbeP78eL49XMotA"]},{"@type":"Person","@id":"https:\/\/www.france.fi\/#\/schema\/person\/db81697c695313881e27d7a0098b4cfe","name":"Katri Jokela","image":{"@type":"ImageObject","inLanguage":"fr-FR","@id":"https:\/\/secure.gravatar.com\/avatar\/396aab495906d349883b262e8f147388dc2e3243e726e288a7b8da2294580805?s=96&d=mm&r=g","url":"https:\/\/secure.gravatar.com\/avatar\/396aab495906d349883b262e8f147388dc2e3243e726e288a7b8da2294580805?s=96&d=mm&r=g","contentUrl":"https:\/\/secure.gravatar.com\/avatar\/396aab495906d349883b262e8f147388dc2e3243e726e288a7b8da2294580805?s=96&d=mm&r=g","caption":"Katri Jokela"},"url":"https:\/\/www.france.fi\/fr\/author\/katri-jokelafrance-fi\/"}]}},"_links":{"self":[{"href":"https:\/\/www.france.fi\/fr\/wp-json\/wp\/v2\/posts\/24872","targetHints":{"allow":["GET"]}}],"collection":[{"href":"https:\/\/www.france.fi\/fr\/wp-json\/wp\/v2\/posts"}],"about":[{"href":"https:\/\/www.france.fi\/fr\/wp-json\/wp\/v2\/types\/post"}],"author":[{"embeddable":true,"href":"https:\/\/www.france.fi\/fr\/wp-json\/wp\/v2\/users\/8"}],"replies":[{"embeddable":true,"href":"https:\/\/www.france.fi\/fr\/wp-json\/wp\/v2\/comments?post=24872"}],"version-history":[{"count":1,"href":"https:\/\/www.france.fi\/fr\/wp-json\/wp\/v2\/posts\/24872\/revisions"}],"predecessor-version":[{"id":24876,"href":"https:\/\/www.france.fi\/fr\/wp-json\/wp\/v2\/posts\/24872\/revisions\/24876"}],"wp:featuredmedia":[{"embeddable":true,"href":"https:\/\/www.france.fi\/fr\/wp-json\/wp\/v2\/media\/24873"}],"wp:attachment":[{"href":"https:\/\/www.france.fi\/fr\/wp-json\/wp\/v2\/media?parent=24872"}],"wp:term":[{"taxonomy":"category","embeddable":true,"href":"https:\/\/www.france.fi\/fr\/wp-json\/wp\/v2\/categories?post=24872"},{"taxonomy":"post_tag","embeddable":true,"href":"https:\/\/www.france.fi\/fr\/wp-json\/wp\/v2\/tags?post=24872"}],"curies":[{"name":"wp","href":"https:\/\/api.w.org\/{rel}","templated":true}]}}