{"id":28223,"date":"2026-08-31T09:30:05","date_gmt":"2026-08-31T06:30:05","guid":{"rendered":"https:\/\/www.france.fi\/?p=28223"},"modified":"2026-08-31T09:36:41","modified_gmt":"2026-08-31T06:36:41","slug":"ateliers-dimprovisation-theatrale-avec-aleksi-moine-apprendre-le-francais-autrement","status":"publish","type":"post","link":"https:\/\/www.france.fi\/fr\/en-ce-moment\/ateliers-dimprovisation-theatrale-avec-aleksi-moine-apprendre-le-francais-autrement\/","title":{"rendered":"Ateliers d&rsquo;improvisation th\u00e9\u00e2trale avec Aleksi Moine : apprendre le fran\u00e7ais autrement !"},"content":{"rendered":"\n<p class=\"wp-block-paragraph\">Envie de pratiquer le fran\u00e7ais sans avoir peur de faire des erreurs ? Venez d\u00e9couvrir l\u2019improvisation th\u00e9\u00e2trale \u00e0 travers des jeux, des exercices et de petites sc\u00e8nes inspir\u00e9es de la vie quotidienne !<\/p>\n\n\n\n<p class=\"wp-block-paragraph\">Pendant une heure, vous am\u00e9liorerez votre prononciation, enrichirez votre vocabulaire et prendrez surtout confiance \u00e0 l\u2019oral, dans une ambiance conviviale et bienveillante. Pas besoin d\u2019\u00eatre com\u00e9dien\u00b7ne ni de ma\u00eetriser parfaitement le fran\u00e7ais : ici, les gestes, les expressions et la cr\u00e9ativit\u00e9 ont aussi leur place !<\/p>\n\n\n\n<p class=\"wp-block-paragraph\">Au mois de septembre, deux rendez-vous vous seront propos\u00e9s dans les locaux de l&rsquo;Institut : le samedi 19 et le samedi 26 septembre, de 13h \u00e0 14h. Participez \u00e0 l\u2019un des deux ateliers ou profitez des deux pour explorer encore plus le fran\u00e7ais \u00e0 travers l\u2019improvisation !<\/p>\n\n\n\n<p class=\"wp-block-paragraph\">L&rsquo;atelier est gratuit sur inscription : places limit\u00e9es, r\u00e9servez rapidement la votre !<\/p>\n\n\n\n<p class=\"wp-block-paragraph\">\u00c2ge minimum : 16 ans<\/p>\n\n\n\n<div class=\"wp-block-buttons is-content-justification-center is-layout-flex wp-container-core-buttons-is-layout-fe48e5de wp-block-buttons-is-layout-flex\">\n<div class=\"wp-block-button\"><a class=\"wp-block-button__link has-theme-palette-3-background-color has-background wp-element-button\" href=\"https:\/\/buytickets.at\/institutfranaisdefinlande\/2389215\" target=\"_blank\" rel=\"noopener\"><strong>Inscription : samedi 19 septembre 2026, 13h \u2013 14h<\/strong><\/a><\/div>\n<\/div>\n\n\n\n<div class=\"wp-block-buttons is-content-justification-center is-layout-flex wp-container-core-buttons-is-layout-fe48e5de wp-block-buttons-is-layout-flex\">\n<div class=\"wp-block-button\"><a class=\"wp-block-button__link has-theme-palette-3-background-color has-background wp-element-button\" href=\"https:\/\/buytickets.at\/institutfranaisdefinlande\/2389219\" target=\"_blank\" rel=\"noopener\"><strong>Inscription: samedi 26 septembre 2026, 13h \u2013 14h<\/strong><\/a><\/div>\n<\/div>\n\n\n\n<p class=\"wp-block-paragraph\"><strong>Aleksi Moine:<\/strong><\/p>\n\n\n\n<p class=\"wp-block-paragraph\"><em>Artiste franco-finlandais, Aleksi Moine m\u00eale pratique th\u00e9\u00e2trale et enseignement des langues. Il a \u00e9tudi\u00e9 le th\u00e9\u00e2tre physique, notamment le mime, \u00e0 Helsinki (Teatteri Metamorfoosi, Teatterikorkeakoulu) et la p\u00e9dagogie du th\u00e9\u00e2tre (Teatterikorkeakoulu), mais a aussi enseign\u00e9 le fran\u00e7ais pendant plusieurs ann\u00e9es en Finlande. Iel est aussi membre fondateur et metteur en sc\u00e8ne du Th\u00e9\u00e2tre francophone d\u2019Helsinki, qui produit des spectacles en fran\u00e7ais \u00e0 Helsinki depuis 2020.<\/em><\/p>\n","protected":false},"excerpt":{"rendered":"<p>Cet automne, l&rsquo;IFF vous proposera deux ateliers ludiques et gratuits pour pratiquer le fran\u00e7ais oral, s\u2019amuser et prendre confiance !<\/p>\n","protected":false},"author":2,"featured_media":28224,"comment_status":"closed","ping_status":"open","sticky":false,"template":"","format":"standard","meta":{"_acf_changed":false,"_kad_post_transparent":"","_kad_post_title":"","_kad_post_layout":"","_kad_post_sidebar_id":"","_kad_post_content_style":"","_kad_post_vertical_padding":"","_kad_post_feature":"","_kad_post_feature_position":"","_kad_post_header":false,"_kad_post_footer":false,"_kad_post_classname":"","footnotes":""},"categories":[1037],"tags":[],"class_list":["post-28223","post","type-post","status-publish","format-standard","has-post-thumbnail","hentry","category-en-ce-moment"],"acf":[],"yoast_head":"<!-- This site is optimized with the Yoast SEO plugin v28.3 - https:\/\/yoast.com\/product\/yoast-seo-wordpress\/ -->\n<title>Ateliers d&#039;improvisation th\u00e9\u00e2trale avec Aleksi Moine : apprendre le fran\u00e7ais autrement ! - Institut fran\u00e7ais de Finlande<\/title>\n<meta name=\"robots\" content=\"index, follow, max-snippet:-1, max-image-preview:large, max-video-preview:-1\" \/>\n<link rel=\"canonical\" href=\"https:\/\/www.france.fi\/fr\/en-ce-moment\/ateliers-dimprovisation-theatrale-avec-aleksi-moine-apprendre-le-francais-autrement\/\" \/>\n<meta property=\"og:locale\" content=\"fr_FR\" \/>\n<meta property=\"og:type\" content=\"article\" \/>\n<meta property=\"og:title\" content=\"Ateliers d&#039;improvisation th\u00e9\u00e2trale avec Aleksi Moine : apprendre le fran\u00e7ais autrement ! - Institut fran\u00e7ais de Finlande\" \/>\n<meta property=\"og:description\" content=\"Cet automne, l&#039;IFF vous proposera deux ateliers ludiques et gratuits pour pratiquer le fran\u00e7ais oral, s\u2019amuser et prendre confiance !\" \/>\n<meta property=\"og:url\" content=\"https:\/\/www.france.fi\/fr\/en-ce-moment\/ateliers-dimprovisation-theatrale-avec-aleksi-moine-apprendre-le-francais-autrement\/\" \/>\n<meta property=\"og:site_name\" content=\"Institut fran\u00e7ais de Finlande\" \/>\n<meta property=\"article:publisher\" content=\"https:\/\/www.facebook.com\/institutfrancaisfi\" \/>\n<meta property=\"article:published_time\" content=\"2026-08-31T06:30:05+00:00\" \/>\n<meta property=\"article:modified_time\" content=\"2026-08-31T06:36:41+00:00\" \/>\n<meta property=\"og:image\" content=\"https:\/\/www.france.fi\/wp-content\/uploads\/2026\/08\/improvisation.jpg\" \/>\n\t<meta property=\"og:image:width\" content=\"1920\" \/>\n\t<meta property=\"og:image:height\" content=\"1080\" \/>\n\t<meta property=\"og:image:type\" content=\"image\/jpeg\" \/>\n<meta name=\"author\" content=\"Equipe IFF\" \/>\n<meta name=\"twitter:card\" content=\"summary_large_image\" \/>\n<meta name=\"twitter:creator\" content=\"@IFFinlande\" \/>\n<meta name=\"twitter:site\" content=\"@IFFinlande\" \/>\n<meta name=\"twitter:label1\" content=\"\u00c9crit par\" \/>\n\t<meta name=\"twitter:data1\" content=\"Equipe IFF\" \/>\n\t<meta name=\"twitter:label2\" content=\"Dur\u00e9e de lecture estim\u00e9e\" \/>\n\t<meta name=\"twitter:data2\" content=\"2 minutes\" \/>\n<script type=\"application\/ld+json\" class=\"yoast-schema-graph\">{\"@context\":\"https:\\\/\\\/schema.org\",\"@graph\":[{\"@type\":\"Article\",\"@id\":\"https:\\\/\\\/www.france.fi\\\/fr\\\/en-ce-moment\\\/ateliers-dimprovisation-theatrale-avec-aleksi-moine-apprendre-le-francais-autrement\\\/#article\",\"isPartOf\":{\"@id\":\"https:\\\/\\\/www.france.fi\\\/fr\\\/en-ce-moment\\\/ateliers-dimprovisation-theatrale-avec-aleksi-moine-apprendre-le-francais-autrement\\\/\"},\"author\":{\"name\":\"Equipe IFF\",\"@id\":\"https:\\\/\\\/www.france.fi\\\/#\\\/schema\\\/person\\\/ed873f29db1d0af6a3600d15d3b65bfd\"},\"headline\":\"Ateliers d&rsquo;improvisation th\u00e9\u00e2trale avec Aleksi Moine : apprendre le fran\u00e7ais autrement !\",\"datePublished\":\"2026-08-31T06:30:05+00:00\",\"dateModified\":\"2026-08-31T06:36:41+00:00\",\"mainEntityOfPage\":{\"@id\":\"https:\\\/\\\/www.france.fi\\\/fr\\\/en-ce-moment\\\/ateliers-dimprovisation-theatrale-avec-aleksi-moine-apprendre-le-francais-autrement\\\/\"},\"wordCount\":247,\"publisher\":{\"@id\":\"https:\\\/\\\/www.france.fi\\\/#organization\"},\"image\":{\"@id\":\"https:\\\/\\\/www.france.fi\\\/fr\\\/en-ce-moment\\\/ateliers-dimprovisation-theatrale-avec-aleksi-moine-apprendre-le-francais-autrement\\\/#primaryimage\"},\"thumbnailUrl\":\"https:\\\/\\\/www.france.fi\\\/wp-content\\\/uploads\\\/2026\\\/08\\\/improvisation.jpg\",\"articleSection\":[\"En ce moment\"],\"inLanguage\":\"fr-FR\"},{\"@type\":\"WebPage\",\"@id\":\"https:\\\/\\\/www.france.fi\\\/fr\\\/en-ce-moment\\\/ateliers-dimprovisation-theatrale-avec-aleksi-moine-apprendre-le-francais-autrement\\\/\",\"url\":\"https:\\\/\\\/www.france.fi\\\/fr\\\/en-ce-moment\\\/ateliers-dimprovisation-theatrale-avec-aleksi-moine-apprendre-le-francais-autrement\\\/\",\"name\":\"Ateliers d'improvisation th\u00e9\u00e2trale avec Aleksi Moine : apprendre le fran\u00e7ais autrement ! - Institut fran\u00e7ais de Finlande\",\"isPartOf\":{\"@id\":\"https:\\\/\\\/www.france.fi\\\/#website\"},\"primaryImageOfPage\":{\"@id\":\"https:\\\/\\\/www.france.fi\\\/fr\\\/en-ce-moment\\\/ateliers-dimprovisation-theatrale-avec-aleksi-moine-apprendre-le-francais-autrement\\\/#primaryimage\"},\"image\":{\"@id\":\"https:\\\/\\\/www.france.fi\\\/fr\\\/en-ce-moment\\\/ateliers-dimprovisation-theatrale-avec-aleksi-moine-apprendre-le-francais-autrement\\\/#primaryimage\"},\"thumbnailUrl\":\"https:\\\/\\\/www.france.fi\\\/wp-content\\\/uploads\\\/2026\\\/08\\\/improvisation.jpg\",\"datePublished\":\"2026-08-31T06:30:05+00:00\",\"dateModified\":\"2026-08-31T06:36:41+00:00\",\"breadcrumb\":{\"@id\":\"https:\\\/\\\/www.france.fi\\\/fr\\\/en-ce-moment\\\/ateliers-dimprovisation-theatrale-avec-aleksi-moine-apprendre-le-francais-autrement\\\/#breadcrumb\"},\"inLanguage\":\"fr-FR\",\"potentialAction\":[{\"@type\":\"ReadAction\",\"target\":[\"https:\\\/\\\/www.france.fi\\\/fr\\\/en-ce-moment\\\/ateliers-dimprovisation-theatrale-avec-aleksi-moine-apprendre-le-francais-autrement\\\/\"]}]},{\"@type\":\"ImageObject\",\"inLanguage\":\"fr-FR\",\"@id\":\"https:\\\/\\\/www.france.fi\\\/fr\\\/en-ce-moment\\\/ateliers-dimprovisation-theatrale-avec-aleksi-moine-apprendre-le-francais-autrement\\\/#primaryimage\",\"url\":\"https:\\\/\\\/www.france.fi\\\/wp-content\\\/uploads\\\/2026\\\/08\\\/improvisation.jpg\",\"contentUrl\":\"https:\\\/\\\/www.france.fi\\\/wp-content\\\/uploads\\\/2026\\\/08\\\/improvisation.jpg\",\"width\":1920,\"height\":1080},{\"@type\":\"BreadcrumbList\",\"@id\":\"https:\\\/\\\/www.france.fi\\\/fr\\\/en-ce-moment\\\/ateliers-dimprovisation-theatrale-avec-aleksi-moine-apprendre-le-francais-autrement\\\/#breadcrumb\",\"itemListElement\":[{\"@type\":\"ListItem\",\"position\":1,\"name\":\"Kotisivu\",\"item\":\"https:\\\/\\\/www.france.fi\\\/fr\\\/\"},{\"@type\":\"ListItem\",\"position\":2,\"name\":\"En ce moment\",\"item\":\"https:\\\/\\\/www.france.fi\\\/fr\\\/category\\\/en-ce-moment\\\/\"},{\"@type\":\"ListItem\",\"position\":3,\"name\":\"Ateliers d&rsquo;improvisation th\u00e9\u00e2trale avec Aleksi Moine : apprendre le fran\u00e7ais autrement !\"}]},{\"@type\":\"WebSite\",\"@id\":\"https:\\\/\\\/www.france.fi\\\/#website\",\"url\":\"https:\\\/\\\/www.france.fi\\\/\",\"name\":\"Institut fran\u00e7ais de Finlande\",\"description\":\"\",\"publisher\":{\"@id\":\"https:\\\/\\\/www.france.fi\\\/#organization\"},\"potentialAction\":[{\"@type\":\"SearchAction\",\"target\":{\"@type\":\"EntryPoint\",\"urlTemplate\":\"https:\\\/\\\/www.france.fi\\\/?s={search_term_string}\"},\"query-input\":{\"@type\":\"PropertyValueSpecification\",\"valueRequired\":true,\"valueName\":\"search_term_string\"}}],\"inLanguage\":\"fr-FR\"},{\"@type\":\"Organization\",\"@id\":\"https:\\\/\\\/www.france.fi\\\/#organization\",\"name\":\"Institut fran\u00e7ais de Finlande\",\"url\":\"https:\\\/\\\/www.france.fi\\\/\",\"logo\":{\"@type\":\"ImageObject\",\"inLanguage\":\"fr-FR\",\"@id\":\"https:\\\/\\\/www.france.fi\\\/#\\\/schema\\\/logo\\\/image\\\/\",\"url\":\"https:\\\/\\\/www.france.fi\\\/wp-content\\\/uploads\\\/2026\\\/06\\\/cropped-Logo-IFF.png\",\"contentUrl\":\"https:\\\/\\\/www.france.fi\\\/wp-content\\\/uploads\\\/2026\\\/06\\\/cropped-Logo-IFF.png\",\"width\":527,\"height\":190,\"caption\":\"Institut fran\u00e7ais de Finlande\"},\"image\":{\"@id\":\"https:\\\/\\\/www.france.fi\\\/#\\\/schema\\\/logo\\\/image\\\/\"},\"sameAs\":[\"https:\\\/\\\/www.facebook.com\\\/institutfrancaisfi\",\"https:\\\/\\\/x.com\\\/IFFinlande\",\"https:\\\/\\\/www.instagram.com\\\/iffinlande\\\/\",\"https:\\\/\\\/fr.linkedin.com\\\/organization-guest\\\/company\\\/institut-fran-ais-de-finlande\",\"https:\\\/\\\/www.youtube.com\\\/channel\\\/UCHAitdpmSbeP78eL49XMotA\"]},{\"@type\":\"Person\",\"@id\":\"https:\\\/\\\/www.france.fi\\\/#\\\/schema\\\/person\\\/ed873f29db1d0af6a3600d15d3b65bfd\",\"name\":\"Equipe IFF\",\"image\":{\"@type\":\"ImageObject\",\"inLanguage\":\"fr-FR\",\"@id\":\"https:\\\/\\\/secure.gravatar.com\\\/avatar\\\/3c4ba80228d01014b25e45e90abb28ce315a02c6572751a7fb2298e4274989fc?s=96&d=mm&r=g\",\"url\":\"https:\\\/\\\/secure.gravatar.com\\\/avatar\\\/3c4ba80228d01014b25e45e90abb28ce315a02c6572751a7fb2298e4274989fc?s=96&d=mm&r=g\",\"contentUrl\":\"https:\\\/\\\/secure.gravatar.com\\\/avatar\\\/3c4ba80228d01014b25e45e90abb28ce315a02c6572751a7fb2298e4274989fc?s=96&d=mm&r=g\",\"caption\":\"Equipe IFF\"},\"url\":\"https:\\\/\\\/www.france.fi\\\/fr\\\/author\\\/iffadmin\\\/\"}]}<\/script>\n<!-- \/ Yoast SEO plugin. -->","yoast_head_json":{"title":"Ateliers d'improvisation th\u00e9\u00e2trale avec Aleksi Moine : apprendre le fran\u00e7ais autrement ! - Institut fran\u00e7ais de Finlande","robots":{"index":"index","follow":"follow","max-snippet":"max-snippet:-1","max-image-preview":"max-image-preview:large","max-video-preview":"max-video-preview:-1"},"canonical":"https:\/\/www.france.fi\/fr\/en-ce-moment\/ateliers-dimprovisation-theatrale-avec-aleksi-moine-apprendre-le-francais-autrement\/","og_locale":"fr_FR","og_type":"article","og_title":"Ateliers d'improvisation th\u00e9\u00e2trale avec Aleksi Moine : apprendre le fran\u00e7ais autrement ! - Institut fran\u00e7ais de Finlande","og_description":"Cet automne, l'IFF vous proposera deux ateliers ludiques et gratuits pour pratiquer le fran\u00e7ais oral, s\u2019amuser et prendre confiance !","og_url":"https:\/\/www.france.fi\/fr\/en-ce-moment\/ateliers-dimprovisation-theatrale-avec-aleksi-moine-apprendre-le-francais-autrement\/","og_site_name":"Institut fran\u00e7ais de Finlande","article_publisher":"https:\/\/www.facebook.com\/institutfrancaisfi","article_published_time":"2026-08-31T06:30:05+00:00","article_modified_time":"2026-08-31T06:36:41+00:00","og_image":[{"width":1920,"height":1080,"url":"https:\/\/www.france.fi\/wp-content\/uploads\/2026\/08\/improvisation.jpg","type":"image\/jpeg"}],"author":"Equipe IFF","twitter_card":"summary_large_image","twitter_creator":"@IFFinlande","twitter_site":"@IFFinlande","twitter_misc":{"\u00c9crit par":"Equipe IFF","Dur\u00e9e de lecture estim\u00e9e":"2 minutes"},"schema":{"@context":"https:\/\/schema.org","@graph":[{"@type":"Article","@id":"https:\/\/www.france.fi\/fr\/en-ce-moment\/ateliers-dimprovisation-theatrale-avec-aleksi-moine-apprendre-le-francais-autrement\/#article","isPartOf":{"@id":"https:\/\/www.france.fi\/fr\/en-ce-moment\/ateliers-dimprovisation-theatrale-avec-aleksi-moine-apprendre-le-francais-autrement\/"},"author":{"name":"Equipe IFF","@id":"https:\/\/www.france.fi\/#\/schema\/person\/ed873f29db1d0af6a3600d15d3b65bfd"},"headline":"Ateliers d&rsquo;improvisation th\u00e9\u00e2trale avec Aleksi Moine : apprendre le fran\u00e7ais autrement !","datePublished":"2026-08-31T06:30:05+00:00","dateModified":"2026-08-31T06:36:41+00:00","mainEntityOfPage":{"@id":"https:\/\/www.france.fi\/fr\/en-ce-moment\/ateliers-dimprovisation-theatrale-avec-aleksi-moine-apprendre-le-francais-autrement\/"},"wordCount":247,"publisher":{"@id":"https:\/\/www.france.fi\/#organization"},"image":{"@id":"https:\/\/www.france.fi\/fr\/en-ce-moment\/ateliers-dimprovisation-theatrale-avec-aleksi-moine-apprendre-le-francais-autrement\/#primaryimage"},"thumbnailUrl":"https:\/\/www.france.fi\/wp-content\/uploads\/2026\/08\/improvisation.jpg","articleSection":["En ce moment"],"inLanguage":"fr-FR"},{"@type":"WebPage","@id":"https:\/\/www.france.fi\/fr\/en-ce-moment\/ateliers-dimprovisation-theatrale-avec-aleksi-moine-apprendre-le-francais-autrement\/","url":"https:\/\/www.france.fi\/fr\/en-ce-moment\/ateliers-dimprovisation-theatrale-avec-aleksi-moine-apprendre-le-francais-autrement\/","name":"Ateliers d'improvisation th\u00e9\u00e2trale avec Aleksi Moine : apprendre le fran\u00e7ais autrement ! - Institut fran\u00e7ais de Finlande","isPartOf":{"@id":"https:\/\/www.france.fi\/#website"},"primaryImageOfPage":{"@id":"https:\/\/www.france.fi\/fr\/en-ce-moment\/ateliers-dimprovisation-theatrale-avec-aleksi-moine-apprendre-le-francais-autrement\/#primaryimage"},"image":{"@id":"https:\/\/www.france.fi\/fr\/en-ce-moment\/ateliers-dimprovisation-theatrale-avec-aleksi-moine-apprendre-le-francais-autrement\/#primaryimage"},"thumbnailUrl":"https:\/\/www.france.fi\/wp-content\/uploads\/2026\/08\/improvisation.jpg","datePublished":"2026-08-31T06:30:05+00:00","dateModified":"2026-08-31T06:36:41+00:00","breadcrumb":{"@id":"https:\/\/www.france.fi\/fr\/en-ce-moment\/ateliers-dimprovisation-theatrale-avec-aleksi-moine-apprendre-le-francais-autrement\/#breadcrumb"},"inLanguage":"fr-FR","potentialAction":[{"@type":"ReadAction","target":["https:\/\/www.france.fi\/fr\/en-ce-moment\/ateliers-dimprovisation-theatrale-avec-aleksi-moine-apprendre-le-francais-autrement\/"]}]},{"@type":"ImageObject","inLanguage":"fr-FR","@id":"https:\/\/www.france.fi\/fr\/en-ce-moment\/ateliers-dimprovisation-theatrale-avec-aleksi-moine-apprendre-le-francais-autrement\/#primaryimage","url":"https:\/\/www.france.fi\/wp-content\/uploads\/2026\/08\/improvisation.jpg","contentUrl":"https:\/\/www.france.fi\/wp-content\/uploads\/2026\/08\/improvisation.jpg","width":1920,"height":1080},{"@type":"BreadcrumbList","@id":"https:\/\/www.france.fi\/fr\/en-ce-moment\/ateliers-dimprovisation-theatrale-avec-aleksi-moine-apprendre-le-francais-autrement\/#breadcrumb","itemListElement":[{"@type":"ListItem","position":1,"name":"Kotisivu","item":"https:\/\/www.france.fi\/fr\/"},{"@type":"ListItem","position":2,"name":"En ce moment","item":"https:\/\/www.france.fi\/fr\/category\/en-ce-moment\/"},{"@type":"ListItem","position":3,"name":"Ateliers d&rsquo;improvisation th\u00e9\u00e2trale avec Aleksi Moine : apprendre le fran\u00e7ais autrement !"}]},{"@type":"WebSite","@id":"https:\/\/www.france.fi\/#website","url":"https:\/\/www.france.fi\/","name":"Institut fran\u00e7ais de Finlande","description":"","publisher":{"@id":"https:\/\/www.france.fi\/#organization"},"potentialAction":[{"@type":"SearchAction","target":{"@type":"EntryPoint","urlTemplate":"https:\/\/www.france.fi\/?s={search_term_string}"},"query-input":{"@type":"PropertyValueSpecification","valueRequired":true,"valueName":"search_term_string"}}],"inLanguage":"fr-FR"},{"@type":"Organization","@id":"https:\/\/www.france.fi\/#organization","name":"Institut fran\u00e7ais de Finlande","url":"https:\/\/www.france.fi\/","logo":{"@type":"ImageObject","inLanguage":"fr-FR","@id":"https:\/\/www.france.fi\/#\/schema\/logo\/image\/","url":"https:\/\/www.france.fi\/wp-content\/uploads\/2026\/06\/cropped-Logo-IFF.png","contentUrl":"https:\/\/www.france.fi\/wp-content\/uploads\/2026\/06\/cropped-Logo-IFF.png","width":527,"height":190,"caption":"Institut fran\u00e7ais de Finlande"},"image":{"@id":"https:\/\/www.france.fi\/#\/schema\/logo\/image\/"},"sameAs":["https:\/\/www.facebook.com\/institutfrancaisfi","https:\/\/x.com\/IFFinlande","https:\/\/www.instagram.com\/iffinlande\/","https:\/\/fr.linkedin.com\/organization-guest\/company\/institut-fran-ais-de-finlande","https:\/\/www.youtube.com\/channel\/UCHAitdpmSbeP78eL49XMotA"]},{"@type":"Person","@id":"https:\/\/www.france.fi\/#\/schema\/person\/ed873f29db1d0af6a3600d15d3b65bfd","name":"Equipe IFF","image":{"@type":"ImageObject","inLanguage":"fr-FR","@id":"https:\/\/secure.gravatar.com\/avatar\/3c4ba80228d01014b25e45e90abb28ce315a02c6572751a7fb2298e4274989fc?s=96&d=mm&r=g","url":"https:\/\/secure.gravatar.com\/avatar\/3c4ba80228d01014b25e45e90abb28ce315a02c6572751a7fb2298e4274989fc?s=96&d=mm&r=g","contentUrl":"https:\/\/secure.gravatar.com\/avatar\/3c4ba80228d01014b25e45e90abb28ce315a02c6572751a7fb2298e4274989fc?s=96&d=mm&r=g","caption":"Equipe IFF"},"url":"https:\/\/www.france.fi\/fr\/author\/iffadmin\/"}]}},"_links":{"self":[{"href":"https:\/\/www.france.fi\/fr\/wp-json\/wp\/v2\/posts\/28223","targetHints":{"allow":["GET"]}}],"collection":[{"href":"https:\/\/www.france.fi\/fr\/wp-json\/wp\/v2\/posts"}],"about":[{"href":"https:\/\/www.france.fi\/fr\/wp-json\/wp\/v2\/types\/post"}],"author":[{"embeddable":true,"href":"https:\/\/www.france.fi\/fr\/wp-json\/wp\/v2\/users\/2"}],"replies":[{"embeddable":true,"href":"https:\/\/www.france.fi\/fr\/wp-json\/wp\/v2\/comments?post=28223"}],"version-history":[{"count":6,"href":"https:\/\/www.france.fi\/fr\/wp-json\/wp\/v2\/posts\/28223\/revisions"}],"predecessor-version":[{"id":28238,"href":"https:\/\/www.france.fi\/fr\/wp-json\/wp\/v2\/posts\/28223\/revisions\/28238"}],"wp:featuredmedia":[{"embeddable":true,"href":"https:\/\/www.france.fi\/fr\/wp-json\/wp\/v2\/media\/28224"}],"wp:attachment":[{"href":"https:\/\/www.france.fi\/fr\/wp-json\/wp\/v2\/media?parent=28223"}],"wp:term":[{"taxonomy":"category","embeddable":true,"href":"https:\/\/www.france.fi\/fr\/wp-json\/wp\/v2\/categories?post=28223"},{"taxonomy":"post_tag","embeddable":true,"href":"https:\/\/www.france.fi\/fr\/wp-json\/wp\/v2\/tags?post=28223"}],"curies":[{"name":"wp","href":"https:\/\/api.w.org\/{rel}","templated":true}]}}