{"id":2864,"date":"2020-11-30T11:14:29","date_gmt":"2020-11-30T09:14:29","guid":{"rendered":"http:\/\/www.france.fi\/?p=2864"},"modified":"2020-12-07T08:44:37","modified_gmt":"2020-12-07T06:44:37","slug":"formation-anl-approche-neurolinguistique","status":"publish","type":"post","link":"https:\/\/www.france.fi\/fr\/langue-francaise\/formation-anl-approche-neurolinguistique\/","title":{"rendered":"Formation ANL (Approche Neurolinguistique)"},"content":{"rendered":"\n<p><strong>L\u2019Approche Neurolinguistique d\u2019enseignement des langues<br \/><\/strong><strong>Par Olivier Mass\u00e9, formateur certifi\u00e9 en ANL (<\/strong><a href=\"https:\/\/cifran.org\/\"><strong>CiFRAN<\/strong><\/a><strong>)<br \/><\/strong><strong>Vendredi 4 d\u00e9cembre 2020\u00a0<br \/><\/strong><strong>De 16h \u00e0 18h<\/strong><\/p>\n<h4><strong>L\u2019ANL en quelques lignes\u00a0<\/strong><\/h4>\n<p>L\u2019approche neurolinguistique (ANL) est un nouveau paradigme pour l\u2019enseignement et l\u2019apprentissage d\u2019une langue seconde ou \u00e9trang\u00e8re en milieu institutionnel. Cette approche a \u00e9t\u00e9 con\u00e7ue par Claude Germain et Joan Netten au Canada dans le contexte de l\u2019influence \u00e9mergente des neurosciences en \u00e9ducation.<\/p>\n<ul>\n<li><a href=\"https:\/\/cifran.org\/portfolio\/lapproche-neurolinguistique-encyclopedie-en-ligne-wikipedia\/\" target=\"_blank\" rel=\"noopener noreferrer\">Article de Wikipedia<\/a><\/li>\n<li><a href=\"https:\/\/cifran.org\/portfolio\/dossier-sur-lanl-par-le-fdlm-le-francais-en-tete\/\" target=\"_blank\" rel=\"noopener noreferrer\">Dossier sp\u00e9cial du FDLM<\/a><\/li>\n<li><a href=\"https:\/\/cifran.org\/produit\/lapproche-neurolinguistique-anl-foire-aux-questions\/\" target=\"_blank\" rel=\"noopener noreferrer\"><em>L\u2019approche Neurolinguistique, Foire aux questions<\/em><\/a>, par Claude Germain<\/li>\n<\/ul>\n<h4><strong>T\u00e9moignages d\u2019enseignants des Instituts Fran\u00e7ais<\/strong><\/h4>\n<ul>\n<li><a href=\"https:\/\/cifran.org\/lanl-a-t-elle-sa-place-dans-les-instituts-francais\/\" target=\"_blank\" rel=\"noopener noreferrer\">L\u2019ANL a-t-elle sa place dans les Instituts fran\u00e7ais\u00a0?<\/a><\/li>\n<li><a href=\"https:\/\/cifran.org\/je-ne-mattendais-pas-a-ca\/\" target=\"_blank\" rel=\"noopener noreferrer\">Je ne m\u2019attendais pas \u00e0 \u00e7a\u2026<\/a><\/li>\n<\/ul>\n<h4><strong>L\u2019intervenant<\/strong><\/h4>\n<p><strong>Olivier Mass\u00e9 <\/strong>a commenc\u00e9 \u00e0 s\u2019int\u00e9resser \u00e0 l&rsquo;Approche Neurolinguistique (ANL) alors qu\u2019il \u00e9tait encore enseignant de langue \u00e0 l\u2019Institut Fran\u00e7ais du Japon en 2008. Habilit\u00e9 depuis 2018 \u00e0 former des enseignants et \u00e0 organiser des formations de formateurs conform\u00e9ment aux principes et strat\u00e9gies de l\u2019ANL, il est actuellement directeur p\u00e9dagogique du CiFRAN, le Centre International de Formation et de Recherche en Approche Neurolinguistique et neuro\u00e9ducation, institution bas\u00e9e \u00e0 Qu\u00e9bec et qui a pour vocation \u00e0 faire conna\u00eetre cette d\u00e9marche p\u00e9dagogique novatrice n\u00e9e au Canada il y a vingt ans.\u00a0<\/p>\n<h4><strong>Information compl\u00e9mentaires\u00a0<\/strong><\/h4>\n<ul>\n<li><a href=\"https:\/\/cifran.org\/\" target=\"_blank\" rel=\"noopener noreferrer\">Site du CiFRAN<\/a><\/li>\n<li><a href=\"https:\/\/www.youtube.com\/playlist?list=PLcORpJFB0ZBkriEF8-pRJtkeI4kRWf1qs\" target=\"_blank\" rel=\"noopener noreferrer\">YouTube<\/a> (CiFRAN)\u00a0<\/li>\n<\/ul>\n<h4><strong>CONFERENCE SUR ZOOM<br \/><\/strong><\/h4>\n<p>Inscription obligatoire aupr\u00e8s de<br \/><img loading=\"lazy\" decoding=\"async\" class=\"alignnone size-full wp-image-1745\" src=\"http:\/\/www.france.fi\/wp-content\/uploads\/2020\/09\/alr.jpg\" alt=\"\" width=\"269\" height=\"20\" \/><\/p>\n<p><strong>Avant la conf\u00e9rence, \u00e9crivez toutes les questions que vous pouvez vous poser sur l\u2019ANL sur le document en acc\u00e8s <a href=\"https:\/\/docs.google.com\/document\/d\/1i97Kcc8XQHLdewHh5tQ8OEa6mY4sX6WO4sIoHrULJjs\/edit?usp=sharing\" target=\"_blank\" rel=\"noopener noreferrer\">ici<\/a><\/strong><\/p>\n<p>\u00a0<\/p>\n","protected":false},"excerpt":{"rendered":"<p>L\u2019institut Fran\u00e7ais d\u2019Estonie propose aux enseignants de fran\u00e7ais d\u2019Estonie et de Finlande une conf\u00e9rence d\u2019introduction \u00e0 l\u2019ANL assur\u00e9e par Olivier Mass\u00e9.<\/p>\n","protected":false},"author":2,"featured_media":2868,"comment_status":"closed","ping_status":"open","sticky":false,"template":"","format":"standard","meta":{"footnotes":""},"categories":[45],"tags":[],"class_list":["post-2864","post","type-post","status-publish","format-standard","has-post-thumbnail","hentry","category-langue-francaise"],"yoast_head":"<!-- This site is optimized with the Yoast SEO plugin v27.4 - https:\/\/yoast.com\/product\/yoast-seo-wordpress\/ -->\n<title>Formation ANL (Approche Neurolinguistique) - Institut fran\u00e7ais<\/title>\n<meta name=\"robots\" content=\"index, follow, max-snippet:-1, max-image-preview:large, max-video-preview:-1\" \/>\n<link rel=\"canonical\" href=\"https:\/\/www.france.fi\/fr\/langue-francaise\/formation-anl-approche-neurolinguistique\/\" \/>\n<meta property=\"og:locale\" content=\"fr_FR\" \/>\n<meta property=\"og:type\" content=\"article\" \/>\n<meta property=\"og:title\" content=\"Formation ANL (Approche Neurolinguistique) - Institut fran\u00e7ais\" \/>\n<meta property=\"og:description\" content=\"L\u2019institut Fran\u00e7ais d\u2019Estonie propose aux enseignants de fran\u00e7ais d\u2019Estonie et de Finlande une conf\u00e9rence d\u2019introduction \u00e0 l\u2019ANL assur\u00e9e par Olivier Mass\u00e9.\" \/>\n<meta property=\"og:url\" content=\"https:\/\/www.france.fi\/fr\/langue-francaise\/formation-anl-approche-neurolinguistique\/\" \/>\n<meta property=\"og:site_name\" content=\"Institut fran\u00e7ais\" \/>\n<meta property=\"article:publisher\" content=\"https:\/\/www.facebook.com\/institutfrancaisfi\" \/>\n<meta property=\"article:published_time\" content=\"2020-11-30T09:14:29+00:00\" \/>\n<meta property=\"article:modified_time\" content=\"2020-12-07T06:44:37+00:00\" \/>\n<meta property=\"og:image\" content=\"https:\/\/www.france.fi\/wp-content\/uploads\/2020\/11\/ANL-1098x617.jpg\" \/>\n\t<meta property=\"og:image:width\" content=\"1280\" \/>\n\t<meta property=\"og:image:height\" content=\"720\" \/>\n\t<meta property=\"og:image:type\" content=\"image\/jpeg\" \/>\n<meta name=\"author\" content=\"Equipe IFF\" \/>\n<meta name=\"twitter:card\" content=\"summary_large_image\" \/>\n<meta name=\"twitter:creator\" content=\"@IFFinlande\" \/>\n<meta name=\"twitter:site\" content=\"@IFFinlande\" \/>\n<meta name=\"twitter:label1\" content=\"\u00c9crit par\" \/>\n\t<meta name=\"twitter:data1\" content=\"Equipe IFF\" \/>\n\t<meta name=\"twitter:label2\" content=\"Dur\u00e9e de lecture estim\u00e9e\" \/>\n\t<meta name=\"twitter:data2\" content=\"1 minute\" \/>\n<script type=\"application\/ld+json\" class=\"yoast-schema-graph\">{\"@context\":\"https:\\\/\\\/schema.org\",\"@graph\":[{\"@type\":\"Article\",\"@id\":\"https:\\\/\\\/www.france.fi\\\/fr\\\/langue-francaise\\\/formation-anl-approche-neurolinguistique\\\/#article\",\"isPartOf\":{\"@id\":\"https:\\\/\\\/www.france.fi\\\/fr\\\/langue-francaise\\\/formation-anl-approche-neurolinguistique\\\/\"},\"author\":{\"name\":\"Equipe IFF\",\"@id\":\"https:\\\/\\\/www.france.fi\\\/#\\\/schema\\\/person\\\/ed873f29db1d0af6a3600d15d3b65bfd\"},\"headline\":\"Formation ANL (Approche Neurolinguistique)\",\"datePublished\":\"2020-11-30T09:14:29+00:00\",\"dateModified\":\"2020-12-07T06:44:37+00:00\",\"mainEntityOfPage\":{\"@id\":\"https:\\\/\\\/www.france.fi\\\/fr\\\/langue-francaise\\\/formation-anl-approche-neurolinguistique\\\/\"},\"wordCount\":258,\"publisher\":{\"@id\":\"https:\\\/\\\/www.france.fi\\\/#organization\"},\"image\":{\"@id\":\"https:\\\/\\\/www.france.fi\\\/fr\\\/langue-francaise\\\/formation-anl-approche-neurolinguistique\\\/#primaryimage\"},\"thumbnailUrl\":\"https:\\\/\\\/www.france.fi\\\/wp-content\\\/uploads\\\/2020\\\/11\\\/ANL-1098x617.jpg\",\"articleSection\":[\"Langue fran\u00e7aise\"],\"inLanguage\":\"fr-FR\"},{\"@type\":\"WebPage\",\"@id\":\"https:\\\/\\\/www.france.fi\\\/fr\\\/langue-francaise\\\/formation-anl-approche-neurolinguistique\\\/\",\"url\":\"https:\\\/\\\/www.france.fi\\\/fr\\\/langue-francaise\\\/formation-anl-approche-neurolinguistique\\\/\",\"name\":\"Formation ANL (Approche Neurolinguistique) - Institut fran\u00e7ais\",\"isPartOf\":{\"@id\":\"https:\\\/\\\/www.france.fi\\\/#website\"},\"primaryImageOfPage\":{\"@id\":\"https:\\\/\\\/www.france.fi\\\/fr\\\/langue-francaise\\\/formation-anl-approche-neurolinguistique\\\/#primaryimage\"},\"image\":{\"@id\":\"https:\\\/\\\/www.france.fi\\\/fr\\\/langue-francaise\\\/formation-anl-approche-neurolinguistique\\\/#primaryimage\"},\"thumbnailUrl\":\"https:\\\/\\\/www.france.fi\\\/wp-content\\\/uploads\\\/2020\\\/11\\\/ANL-1098x617.jpg\",\"datePublished\":\"2020-11-30T09:14:29+00:00\",\"dateModified\":\"2020-12-07T06:44:37+00:00\",\"breadcrumb\":{\"@id\":\"https:\\\/\\\/www.france.fi\\\/fr\\\/langue-francaise\\\/formation-anl-approche-neurolinguistique\\\/#breadcrumb\"},\"inLanguage\":\"fr-FR\",\"potentialAction\":[{\"@type\":\"ReadAction\",\"target\":[\"https:\\\/\\\/www.france.fi\\\/fr\\\/langue-francaise\\\/formation-anl-approche-neurolinguistique\\\/\"]}]},{\"@type\":\"ImageObject\",\"inLanguage\":\"fr-FR\",\"@id\":\"https:\\\/\\\/www.france.fi\\\/fr\\\/langue-francaise\\\/formation-anl-approche-neurolinguistique\\\/#primaryimage\",\"url\":\"https:\\\/\\\/www.france.fi\\\/wp-content\\\/uploads\\\/2020\\\/11\\\/ANL-1098x617.jpg\",\"contentUrl\":\"https:\\\/\\\/www.france.fi\\\/wp-content\\\/uploads\\\/2020\\\/11\\\/ANL-1098x617.jpg\",\"width\":1280,\"height\":720},{\"@type\":\"BreadcrumbList\",\"@id\":\"https:\\\/\\\/www.france.fi\\\/fr\\\/langue-francaise\\\/formation-anl-approche-neurolinguistique\\\/#breadcrumb\",\"itemListElement\":[{\"@type\":\"ListItem\",\"position\":1,\"name\":\"Home\",\"item\":\"https:\\\/\\\/www.france.fi\\\/fr\\\/\"},{\"@type\":\"ListItem\",\"position\":2,\"name\":\"Langue fran\u00e7aise\",\"item\":\"https:\\\/\\\/www.france.fi\\\/fr\\\/category\\\/langue-francaise\\\/\"},{\"@type\":\"ListItem\",\"position\":3,\"name\":\"Formation ANL (Approche Neurolinguistique)\"}]},{\"@type\":\"WebSite\",\"@id\":\"https:\\\/\\\/www.france.fi\\\/#website\",\"url\":\"https:\\\/\\\/www.france.fi\\\/\",\"name\":\"Institut fran\u00e7ais de Finlande\",\"description\":\"\",\"publisher\":{\"@id\":\"https:\\\/\\\/www.france.fi\\\/#organization\"},\"potentialAction\":[{\"@type\":\"SearchAction\",\"target\":{\"@type\":\"EntryPoint\",\"urlTemplate\":\"https:\\\/\\\/www.france.fi\\\/?s={search_term_string}\"},\"query-input\":{\"@type\":\"PropertyValueSpecification\",\"valueRequired\":true,\"valueName\":\"search_term_string\"}}],\"inLanguage\":\"fr-FR\"},{\"@type\":\"Organization\",\"@id\":\"https:\\\/\\\/www.france.fi\\\/#organization\",\"name\":\"Institut fran\u00e7ais de Finlande\",\"url\":\"https:\\\/\\\/www.france.fi\\\/\",\"logo\":{\"@type\":\"ImageObject\",\"inLanguage\":\"fr-FR\",\"@id\":\"https:\\\/\\\/www.france.fi\\\/#\\\/schema\\\/logo\\\/image\\\/\",\"url\":\"https:\\\/\\\/www.france.fi\\\/wp-content\\\/uploads\\\/2024\\\/02\\\/if-logo-1.png\",\"contentUrl\":\"https:\\\/\\\/www.france.fi\\\/wp-content\\\/uploads\\\/2024\\\/02\\\/if-logo-1.png\",\"width\":687,\"height\":459,\"caption\":\"Institut fran\u00e7ais de Finlande\"},\"image\":{\"@id\":\"https:\\\/\\\/www.france.fi\\\/#\\\/schema\\\/logo\\\/image\\\/\"},\"sameAs\":[\"https:\\\/\\\/www.facebook.com\\\/institutfrancaisfi\",\"https:\\\/\\\/x.com\\\/IFFinlande\",\"https:\\\/\\\/www.instagram.com\\\/iffinlande\\\/\",\"https:\\\/\\\/fr.linkedin.com\\\/organization-guest\\\/company\\\/institut-fran-ais-de-finlande\",\"https:\\\/\\\/www.youtube.com\\\/channel\\\/UCHAitdpmSbeP78eL49XMotA\"]},{\"@type\":\"Person\",\"@id\":\"https:\\\/\\\/www.france.fi\\\/#\\\/schema\\\/person\\\/ed873f29db1d0af6a3600d15d3b65bfd\",\"name\":\"Equipe IFF\",\"image\":{\"@type\":\"ImageObject\",\"inLanguage\":\"fr-FR\",\"@id\":\"https:\\\/\\\/secure.gravatar.com\\\/avatar\\\/3c4ba80228d01014b25e45e90abb28ce315a02c6572751a7fb2298e4274989fc?s=96&d=mm&r=g\",\"url\":\"https:\\\/\\\/secure.gravatar.com\\\/avatar\\\/3c4ba80228d01014b25e45e90abb28ce315a02c6572751a7fb2298e4274989fc?s=96&d=mm&r=g\",\"contentUrl\":\"https:\\\/\\\/secure.gravatar.com\\\/avatar\\\/3c4ba80228d01014b25e45e90abb28ce315a02c6572751a7fb2298e4274989fc?s=96&d=mm&r=g\",\"caption\":\"Equipe IFF\"},\"url\":\"https:\\\/\\\/www.france.fi\\\/fr\\\/author\\\/iffadmin\\\/\"}]}<\/script>\n<!-- \/ Yoast SEO plugin. -->","yoast_head_json":{"title":"Formation ANL (Approche Neurolinguistique) - Institut fran\u00e7ais","robots":{"index":"index","follow":"follow","max-snippet":"max-snippet:-1","max-image-preview":"max-image-preview:large","max-video-preview":"max-video-preview:-1"},"canonical":"https:\/\/www.france.fi\/fr\/langue-francaise\/formation-anl-approche-neurolinguistique\/","og_locale":"fr_FR","og_type":"article","og_title":"Formation ANL (Approche Neurolinguistique) - Institut fran\u00e7ais","og_description":"L\u2019institut Fran\u00e7ais d\u2019Estonie propose aux enseignants de fran\u00e7ais d\u2019Estonie et de Finlande une conf\u00e9rence d\u2019introduction \u00e0 l\u2019ANL assur\u00e9e par Olivier Mass\u00e9.","og_url":"https:\/\/www.france.fi\/fr\/langue-francaise\/formation-anl-approche-neurolinguistique\/","og_site_name":"Institut fran\u00e7ais","article_publisher":"https:\/\/www.facebook.com\/institutfrancaisfi","article_published_time":"2020-11-30T09:14:29+00:00","article_modified_time":"2020-12-07T06:44:37+00:00","og_image":[{"width":1280,"height":720,"url":"https:\/\/www.france.fi\/wp-content\/uploads\/2020\/11\/ANL-1098x617.jpg","type":"image\/jpeg"}],"author":"Equipe IFF","twitter_card":"summary_large_image","twitter_creator":"@IFFinlande","twitter_site":"@IFFinlande","twitter_misc":{"\u00c9crit par":"Equipe IFF","Dur\u00e9e de lecture estim\u00e9e":"1 minute"},"schema":{"@context":"https:\/\/schema.org","@graph":[{"@type":"Article","@id":"https:\/\/www.france.fi\/fr\/langue-francaise\/formation-anl-approche-neurolinguistique\/#article","isPartOf":{"@id":"https:\/\/www.france.fi\/fr\/langue-francaise\/formation-anl-approche-neurolinguistique\/"},"author":{"name":"Equipe IFF","@id":"https:\/\/www.france.fi\/#\/schema\/person\/ed873f29db1d0af6a3600d15d3b65bfd"},"headline":"Formation ANL (Approche Neurolinguistique)","datePublished":"2020-11-30T09:14:29+00:00","dateModified":"2020-12-07T06:44:37+00:00","mainEntityOfPage":{"@id":"https:\/\/www.france.fi\/fr\/langue-francaise\/formation-anl-approche-neurolinguistique\/"},"wordCount":258,"publisher":{"@id":"https:\/\/www.france.fi\/#organization"},"image":{"@id":"https:\/\/www.france.fi\/fr\/langue-francaise\/formation-anl-approche-neurolinguistique\/#primaryimage"},"thumbnailUrl":"https:\/\/www.france.fi\/wp-content\/uploads\/2020\/11\/ANL-1098x617.jpg","articleSection":["Langue fran\u00e7aise"],"inLanguage":"fr-FR"},{"@type":"WebPage","@id":"https:\/\/www.france.fi\/fr\/langue-francaise\/formation-anl-approche-neurolinguistique\/","url":"https:\/\/www.france.fi\/fr\/langue-francaise\/formation-anl-approche-neurolinguistique\/","name":"Formation ANL (Approche Neurolinguistique) - Institut fran\u00e7ais","isPartOf":{"@id":"https:\/\/www.france.fi\/#website"},"primaryImageOfPage":{"@id":"https:\/\/www.france.fi\/fr\/langue-francaise\/formation-anl-approche-neurolinguistique\/#primaryimage"},"image":{"@id":"https:\/\/www.france.fi\/fr\/langue-francaise\/formation-anl-approche-neurolinguistique\/#primaryimage"},"thumbnailUrl":"https:\/\/www.france.fi\/wp-content\/uploads\/2020\/11\/ANL-1098x617.jpg","datePublished":"2020-11-30T09:14:29+00:00","dateModified":"2020-12-07T06:44:37+00:00","breadcrumb":{"@id":"https:\/\/www.france.fi\/fr\/langue-francaise\/formation-anl-approche-neurolinguistique\/#breadcrumb"},"inLanguage":"fr-FR","potentialAction":[{"@type":"ReadAction","target":["https:\/\/www.france.fi\/fr\/langue-francaise\/formation-anl-approche-neurolinguistique\/"]}]},{"@type":"ImageObject","inLanguage":"fr-FR","@id":"https:\/\/www.france.fi\/fr\/langue-francaise\/formation-anl-approche-neurolinguistique\/#primaryimage","url":"https:\/\/www.france.fi\/wp-content\/uploads\/2020\/11\/ANL-1098x617.jpg","contentUrl":"https:\/\/www.france.fi\/wp-content\/uploads\/2020\/11\/ANL-1098x617.jpg","width":1280,"height":720},{"@type":"BreadcrumbList","@id":"https:\/\/www.france.fi\/fr\/langue-francaise\/formation-anl-approche-neurolinguistique\/#breadcrumb","itemListElement":[{"@type":"ListItem","position":1,"name":"Home","item":"https:\/\/www.france.fi\/fr\/"},{"@type":"ListItem","position":2,"name":"Langue fran\u00e7aise","item":"https:\/\/www.france.fi\/fr\/category\/langue-francaise\/"},{"@type":"ListItem","position":3,"name":"Formation ANL (Approche Neurolinguistique)"}]},{"@type":"WebSite","@id":"https:\/\/www.france.fi\/#website","url":"https:\/\/www.france.fi\/","name":"Institut fran\u00e7ais de Finlande","description":"","publisher":{"@id":"https:\/\/www.france.fi\/#organization"},"potentialAction":[{"@type":"SearchAction","target":{"@type":"EntryPoint","urlTemplate":"https:\/\/www.france.fi\/?s={search_term_string}"},"query-input":{"@type":"PropertyValueSpecification","valueRequired":true,"valueName":"search_term_string"}}],"inLanguage":"fr-FR"},{"@type":"Organization","@id":"https:\/\/www.france.fi\/#organization","name":"Institut fran\u00e7ais de Finlande","url":"https:\/\/www.france.fi\/","logo":{"@type":"ImageObject","inLanguage":"fr-FR","@id":"https:\/\/www.france.fi\/#\/schema\/logo\/image\/","url":"https:\/\/www.france.fi\/wp-content\/uploads\/2024\/02\/if-logo-1.png","contentUrl":"https:\/\/www.france.fi\/wp-content\/uploads\/2024\/02\/if-logo-1.png","width":687,"height":459,"caption":"Institut fran\u00e7ais de Finlande"},"image":{"@id":"https:\/\/www.france.fi\/#\/schema\/logo\/image\/"},"sameAs":["https:\/\/www.facebook.com\/institutfrancaisfi","https:\/\/x.com\/IFFinlande","https:\/\/www.instagram.com\/iffinlande\/","https:\/\/fr.linkedin.com\/organization-guest\/company\/institut-fran-ais-de-finlande","https:\/\/www.youtube.com\/channel\/UCHAitdpmSbeP78eL49XMotA"]},{"@type":"Person","@id":"https:\/\/www.france.fi\/#\/schema\/person\/ed873f29db1d0af6a3600d15d3b65bfd","name":"Equipe IFF","image":{"@type":"ImageObject","inLanguage":"fr-FR","@id":"https:\/\/secure.gravatar.com\/avatar\/3c4ba80228d01014b25e45e90abb28ce315a02c6572751a7fb2298e4274989fc?s=96&d=mm&r=g","url":"https:\/\/secure.gravatar.com\/avatar\/3c4ba80228d01014b25e45e90abb28ce315a02c6572751a7fb2298e4274989fc?s=96&d=mm&r=g","contentUrl":"https:\/\/secure.gravatar.com\/avatar\/3c4ba80228d01014b25e45e90abb28ce315a02c6572751a7fb2298e4274989fc?s=96&d=mm&r=g","caption":"Equipe IFF"},"url":"https:\/\/www.france.fi\/fr\/author\/iffadmin\/"}]}},"_links":{"self":[{"href":"https:\/\/www.france.fi\/fr\/wp-json\/wp\/v2\/posts\/2864","targetHints":{"allow":["GET"]}}],"collection":[{"href":"https:\/\/www.france.fi\/fr\/wp-json\/wp\/v2\/posts"}],"about":[{"href":"https:\/\/www.france.fi\/fr\/wp-json\/wp\/v2\/types\/post"}],"author":[{"embeddable":true,"href":"https:\/\/www.france.fi\/fr\/wp-json\/wp\/v2\/users\/2"}],"replies":[{"embeddable":true,"href":"https:\/\/www.france.fi\/fr\/wp-json\/wp\/v2\/comments?post=2864"}],"version-history":[{"count":0,"href":"https:\/\/www.france.fi\/fr\/wp-json\/wp\/v2\/posts\/2864\/revisions"}],"wp:featuredmedia":[{"embeddable":true,"href":"https:\/\/www.france.fi\/fr\/wp-json\/wp\/v2\/media\/2868"}],"wp:attachment":[{"href":"https:\/\/www.france.fi\/fr\/wp-json\/wp\/v2\/media?parent=2864"}],"wp:term":[{"taxonomy":"category","embeddable":true,"href":"https:\/\/www.france.fi\/fr\/wp-json\/wp\/v2\/categories?post=2864"},{"taxonomy":"post_tag","embeddable":true,"href":"https:\/\/www.france.fi\/fr\/wp-json\/wp\/v2\/tags?post=2864"}],"curies":[{"name":"wp","href":"https:\/\/api.w.org\/{rel}","templated":true}]}}