{"id":2883,"date":"2020-11-30T12:38:07","date_gmt":"2020-11-30T10:38:07","guid":{"rendered":"http:\/\/www.france.fi\/?p=2883"},"modified":"2021-01-15T12:34:00","modified_gmt":"2021-01-15T10:34:00","slug":"la-nuit-de-la-science","status":"publish","type":"post","link":"https:\/\/www.france.fi\/fr\/sciences-et-universites\/la-nuit-de-la-science\/","title":{"rendered":"La Nuit de la science"},"content":{"rendered":"\n<p>Four young scientists, laureates of the French Institute Nordic Award, will present their research work aimed at understanding and preventing nature conservation and biodiversity.<\/p>\n<p>Helena Tukiainen (Finland), Justine Ramage (Sweden), Julie Strand (Denmark) and Annabel Mempel (Norway) will discuss the dynamics of geodiversity and biodiversity, the impact of climate change on the landscapes and the people, the safeguard of genetics and the connections between nature conservation and international cooperation.<\/p>\n<p>\u00c9v\u00e9nement en anglais.<\/p>\n<hr \/>\n<p><img loading=\"lazy\" decoding=\"async\" class=\"size-thumbnail wp-image-3737 aligncenter\" src=\"http:\/\/www.france.fi\/wp-content\/uploads\/2020\/11\/HT-150x150.jpg\" alt=\"\" width=\"150\" height=\"150\" \/><\/p>\n<p><strong><u>Helena Tukiainen<\/u><\/strong><br \/>I am a geographer from the University of Oulu, Finland. My research focuses on the dynamics of geodiversity and biodiversity, and especially to their mutual relationships. In the current\u00a0<a href=\"https:\/\/www.researchgate.net\/project\/Improved-geodiversity-information-in-assessing-and-conserving-biodiversity-iGEOBIO\">iGeoBio<\/a>\u00a0project which I work in as a postdoctoral researcher, we are exploring new empirical evidence for this relationship on different spatial and temporal scales. One of my key motivations to study this topic is to find new advantages for nature conservation, especially for halting the biodiversity loss in changing climate. Geodiversity, or the abiotic diversity of the earth\u00b4s surface (including variation in rock, soil, hydrology, topography and geomorphology) has conservation value itself but also a great potential to be used as a coarse filter strategy for biodiversity conservation. The FINA award offers me an excellent opportunity to attend to the IUCN conference, where I would like to share our findings about geodiversity- biodiversity relationships and discuss how geodiversity information could be utilized and considered in nature conservation.<\/p>\n<p><a href=\"https:\/\/www.tieteidenyo.fi\/en\" target=\"_blank\" rel=\"noopener noreferrer\">Voir le programme de la Nuit de la science<\/a><\/p>\n\n\n\n<p><\/p>\n","protected":false},"excerpt":{"rendered":"<p>Webinaire \u00ab\u00a0Multidisciplinary approaches to nature and biodiversity conservation\u00a0\u00bb<\/p>\n","protected":false},"author":2,"featured_media":2884,"comment_status":"closed","ping_status":"open","sticky":false,"template":"","format":"standard","meta":{"footnotes":""},"categories":[4],"tags":[],"class_list":["post-2883","post","type-post","status-publish","format-standard","has-post-thumbnail","hentry","category-sciences-et-universites"],"yoast_head":"<!-- This site is optimized with the Yoast SEO plugin v27.4 - https:\/\/yoast.com\/product\/yoast-seo-wordpress\/ -->\n<title>La Nuit de la science - Institut fran\u00e7ais<\/title>\n<meta name=\"robots\" content=\"index, follow, max-snippet:-1, max-image-preview:large, max-video-preview:-1\" \/>\n<link rel=\"canonical\" href=\"https:\/\/www.france.fi\/fr\/sciences-et-universites\/la-nuit-de-la-science\/\" \/>\n<meta property=\"og:locale\" content=\"fr_FR\" \/>\n<meta property=\"og:type\" content=\"article\" \/>\n<meta property=\"og:title\" content=\"La Nuit de la science - Institut fran\u00e7ais\" \/>\n<meta property=\"og:description\" content=\"Webinaire &quot;Multidisciplinary approaches to nature and biodiversity conservation&quot;\" \/>\n<meta property=\"og:url\" content=\"https:\/\/www.france.fi\/fr\/sciences-et-universites\/la-nuit-de-la-science\/\" \/>\n<meta property=\"og:site_name\" content=\"Institut fran\u00e7ais\" \/>\n<meta property=\"article:publisher\" content=\"https:\/\/www.facebook.com\/institutfrancaisfi\" \/>\n<meta property=\"article:published_time\" content=\"2020-11-30T10:38:07+00:00\" \/>\n<meta property=\"article:modified_time\" content=\"2021-01-15T10:34:00+00:00\" \/>\n<meta property=\"og:image\" content=\"https:\/\/www.france.fi\/wp-content\/uploads\/2020\/11\/nuit-des-sciences-1098x617.jpg\" \/>\n\t<meta property=\"og:image:width\" content=\"1280\" \/>\n\t<meta property=\"og:image:height\" content=\"720\" \/>\n\t<meta property=\"og:image:type\" content=\"image\/jpeg\" \/>\n<meta name=\"author\" content=\"Equipe IFF\" \/>\n<meta name=\"twitter:card\" content=\"summary_large_image\" \/>\n<meta name=\"twitter:creator\" content=\"@IFFinlande\" \/>\n<meta name=\"twitter:site\" content=\"@IFFinlande\" \/>\n<meta name=\"twitter:label1\" content=\"\u00c9crit par\" \/>\n\t<meta name=\"twitter:data1\" content=\"Equipe IFF\" \/>\n\t<meta name=\"twitter:label2\" content=\"Dur\u00e9e de lecture estim\u00e9e\" \/>\n\t<meta name=\"twitter:data2\" content=\"2 minutes\" \/>\n<script type=\"application\/ld+json\" class=\"yoast-schema-graph\">{\"@context\":\"https:\\\/\\\/schema.org\",\"@graph\":[{\"@type\":\"Article\",\"@id\":\"https:\\\/\\\/www.france.fi\\\/fr\\\/sciences-et-universites\\\/la-nuit-de-la-science\\\/#article\",\"isPartOf\":{\"@id\":\"https:\\\/\\\/www.france.fi\\\/fr\\\/sciences-et-universites\\\/la-nuit-de-la-science\\\/\"},\"author\":{\"name\":\"Equipe IFF\",\"@id\":\"https:\\\/\\\/www.france.fi\\\/#\\\/schema\\\/person\\\/ed873f29db1d0af6a3600d15d3b65bfd\"},\"headline\":\"La Nuit de la science\",\"datePublished\":\"2020-11-30T10:38:07+00:00\",\"dateModified\":\"2021-01-15T10:34:00+00:00\",\"mainEntityOfPage\":{\"@id\":\"https:\\\/\\\/www.france.fi\\\/fr\\\/sciences-et-universites\\\/la-nuit-de-la-science\\\/\"},\"wordCount\":247,\"publisher\":{\"@id\":\"https:\\\/\\\/www.france.fi\\\/#organization\"},\"image\":{\"@id\":\"https:\\\/\\\/www.france.fi\\\/fr\\\/sciences-et-universites\\\/la-nuit-de-la-science\\\/#primaryimage\"},\"thumbnailUrl\":\"https:\\\/\\\/www.france.fi\\\/wp-content\\\/uploads\\\/2020\\\/11\\\/nuit-des-sciences-1098x617.jpg\",\"articleSection\":[\"Sciences et universit\u00e9s\"],\"inLanguage\":\"fr-FR\"},{\"@type\":\"WebPage\",\"@id\":\"https:\\\/\\\/www.france.fi\\\/fr\\\/sciences-et-universites\\\/la-nuit-de-la-science\\\/\",\"url\":\"https:\\\/\\\/www.france.fi\\\/fr\\\/sciences-et-universites\\\/la-nuit-de-la-science\\\/\",\"name\":\"La Nuit de la science - Institut fran\u00e7ais\",\"isPartOf\":{\"@id\":\"https:\\\/\\\/www.france.fi\\\/#website\"},\"primaryImageOfPage\":{\"@id\":\"https:\\\/\\\/www.france.fi\\\/fr\\\/sciences-et-universites\\\/la-nuit-de-la-science\\\/#primaryimage\"},\"image\":{\"@id\":\"https:\\\/\\\/www.france.fi\\\/fr\\\/sciences-et-universites\\\/la-nuit-de-la-science\\\/#primaryimage\"},\"thumbnailUrl\":\"https:\\\/\\\/www.france.fi\\\/wp-content\\\/uploads\\\/2020\\\/11\\\/nuit-des-sciences-1098x617.jpg\",\"datePublished\":\"2020-11-30T10:38:07+00:00\",\"dateModified\":\"2021-01-15T10:34:00+00:00\",\"breadcrumb\":{\"@id\":\"https:\\\/\\\/www.france.fi\\\/fr\\\/sciences-et-universites\\\/la-nuit-de-la-science\\\/#breadcrumb\"},\"inLanguage\":\"fr-FR\",\"potentialAction\":[{\"@type\":\"ReadAction\",\"target\":[\"https:\\\/\\\/www.france.fi\\\/fr\\\/sciences-et-universites\\\/la-nuit-de-la-science\\\/\"]}]},{\"@type\":\"ImageObject\",\"inLanguage\":\"fr-FR\",\"@id\":\"https:\\\/\\\/www.france.fi\\\/fr\\\/sciences-et-universites\\\/la-nuit-de-la-science\\\/#primaryimage\",\"url\":\"https:\\\/\\\/www.france.fi\\\/wp-content\\\/uploads\\\/2020\\\/11\\\/nuit-des-sciences-1098x617.jpg\",\"contentUrl\":\"https:\\\/\\\/www.france.fi\\\/wp-content\\\/uploads\\\/2020\\\/11\\\/nuit-des-sciences-1098x617.jpg\",\"width\":1280,\"height\":720},{\"@type\":\"BreadcrumbList\",\"@id\":\"https:\\\/\\\/www.france.fi\\\/fr\\\/sciences-et-universites\\\/la-nuit-de-la-science\\\/#breadcrumb\",\"itemListElement\":[{\"@type\":\"ListItem\",\"position\":1,\"name\":\"Home\",\"item\":\"https:\\\/\\\/www.france.fi\\\/fr\\\/\"},{\"@type\":\"ListItem\",\"position\":2,\"name\":\"Sciences et universit\u00e9s\",\"item\":\"https:\\\/\\\/www.france.fi\\\/fr\\\/category\\\/sciences-et-universites\\\/\"},{\"@type\":\"ListItem\",\"position\":3,\"name\":\"La Nuit de la science\"}]},{\"@type\":\"WebSite\",\"@id\":\"https:\\\/\\\/www.france.fi\\\/#website\",\"url\":\"https:\\\/\\\/www.france.fi\\\/\",\"name\":\"Institut fran\u00e7ais de Finlande\",\"description\":\"\",\"publisher\":{\"@id\":\"https:\\\/\\\/www.france.fi\\\/#organization\"},\"potentialAction\":[{\"@type\":\"SearchAction\",\"target\":{\"@type\":\"EntryPoint\",\"urlTemplate\":\"https:\\\/\\\/www.france.fi\\\/?s={search_term_string}\"},\"query-input\":{\"@type\":\"PropertyValueSpecification\",\"valueRequired\":true,\"valueName\":\"search_term_string\"}}],\"inLanguage\":\"fr-FR\"},{\"@type\":\"Organization\",\"@id\":\"https:\\\/\\\/www.france.fi\\\/#organization\",\"name\":\"Institut fran\u00e7ais de Finlande\",\"url\":\"https:\\\/\\\/www.france.fi\\\/\",\"logo\":{\"@type\":\"ImageObject\",\"inLanguage\":\"fr-FR\",\"@id\":\"https:\\\/\\\/www.france.fi\\\/#\\\/schema\\\/logo\\\/image\\\/\",\"url\":\"https:\\\/\\\/www.france.fi\\\/wp-content\\\/uploads\\\/2024\\\/02\\\/if-logo-1.png\",\"contentUrl\":\"https:\\\/\\\/www.france.fi\\\/wp-content\\\/uploads\\\/2024\\\/02\\\/if-logo-1.png\",\"width\":687,\"height\":459,\"caption\":\"Institut fran\u00e7ais de Finlande\"},\"image\":{\"@id\":\"https:\\\/\\\/www.france.fi\\\/#\\\/schema\\\/logo\\\/image\\\/\"},\"sameAs\":[\"https:\\\/\\\/www.facebook.com\\\/institutfrancaisfi\",\"https:\\\/\\\/x.com\\\/IFFinlande\",\"https:\\\/\\\/www.instagram.com\\\/iffinlande\\\/\",\"https:\\\/\\\/fr.linkedin.com\\\/organization-guest\\\/company\\\/institut-fran-ais-de-finlande\",\"https:\\\/\\\/www.youtube.com\\\/channel\\\/UCHAitdpmSbeP78eL49XMotA\"]},{\"@type\":\"Person\",\"@id\":\"https:\\\/\\\/www.france.fi\\\/#\\\/schema\\\/person\\\/ed873f29db1d0af6a3600d15d3b65bfd\",\"name\":\"Equipe IFF\",\"image\":{\"@type\":\"ImageObject\",\"inLanguage\":\"fr-FR\",\"@id\":\"https:\\\/\\\/secure.gravatar.com\\\/avatar\\\/3c4ba80228d01014b25e45e90abb28ce315a02c6572751a7fb2298e4274989fc?s=96&d=mm&r=g\",\"url\":\"https:\\\/\\\/secure.gravatar.com\\\/avatar\\\/3c4ba80228d01014b25e45e90abb28ce315a02c6572751a7fb2298e4274989fc?s=96&d=mm&r=g\",\"contentUrl\":\"https:\\\/\\\/secure.gravatar.com\\\/avatar\\\/3c4ba80228d01014b25e45e90abb28ce315a02c6572751a7fb2298e4274989fc?s=96&d=mm&r=g\",\"caption\":\"Equipe IFF\"},\"url\":\"https:\\\/\\\/www.france.fi\\\/fr\\\/author\\\/iffadmin\\\/\"}]}<\/script>\n<!-- \/ Yoast SEO plugin. -->","yoast_head_json":{"title":"La Nuit de la science - Institut fran\u00e7ais","robots":{"index":"index","follow":"follow","max-snippet":"max-snippet:-1","max-image-preview":"max-image-preview:large","max-video-preview":"max-video-preview:-1"},"canonical":"https:\/\/www.france.fi\/fr\/sciences-et-universites\/la-nuit-de-la-science\/","og_locale":"fr_FR","og_type":"article","og_title":"La Nuit de la science - Institut fran\u00e7ais","og_description":"Webinaire \"Multidisciplinary approaches to nature and biodiversity conservation\"","og_url":"https:\/\/www.france.fi\/fr\/sciences-et-universites\/la-nuit-de-la-science\/","og_site_name":"Institut fran\u00e7ais","article_publisher":"https:\/\/www.facebook.com\/institutfrancaisfi","article_published_time":"2020-11-30T10:38:07+00:00","article_modified_time":"2021-01-15T10:34:00+00:00","og_image":[{"width":1280,"height":720,"url":"https:\/\/www.france.fi\/wp-content\/uploads\/2020\/11\/nuit-des-sciences-1098x617.jpg","type":"image\/jpeg"}],"author":"Equipe IFF","twitter_card":"summary_large_image","twitter_creator":"@IFFinlande","twitter_site":"@IFFinlande","twitter_misc":{"\u00c9crit par":"Equipe IFF","Dur\u00e9e de lecture estim\u00e9e":"2 minutes"},"schema":{"@context":"https:\/\/schema.org","@graph":[{"@type":"Article","@id":"https:\/\/www.france.fi\/fr\/sciences-et-universites\/la-nuit-de-la-science\/#article","isPartOf":{"@id":"https:\/\/www.france.fi\/fr\/sciences-et-universites\/la-nuit-de-la-science\/"},"author":{"name":"Equipe IFF","@id":"https:\/\/www.france.fi\/#\/schema\/person\/ed873f29db1d0af6a3600d15d3b65bfd"},"headline":"La Nuit de la science","datePublished":"2020-11-30T10:38:07+00:00","dateModified":"2021-01-15T10:34:00+00:00","mainEntityOfPage":{"@id":"https:\/\/www.france.fi\/fr\/sciences-et-universites\/la-nuit-de-la-science\/"},"wordCount":247,"publisher":{"@id":"https:\/\/www.france.fi\/#organization"},"image":{"@id":"https:\/\/www.france.fi\/fr\/sciences-et-universites\/la-nuit-de-la-science\/#primaryimage"},"thumbnailUrl":"https:\/\/www.france.fi\/wp-content\/uploads\/2020\/11\/nuit-des-sciences-1098x617.jpg","articleSection":["Sciences et universit\u00e9s"],"inLanguage":"fr-FR"},{"@type":"WebPage","@id":"https:\/\/www.france.fi\/fr\/sciences-et-universites\/la-nuit-de-la-science\/","url":"https:\/\/www.france.fi\/fr\/sciences-et-universites\/la-nuit-de-la-science\/","name":"La Nuit de la science - Institut fran\u00e7ais","isPartOf":{"@id":"https:\/\/www.france.fi\/#website"},"primaryImageOfPage":{"@id":"https:\/\/www.france.fi\/fr\/sciences-et-universites\/la-nuit-de-la-science\/#primaryimage"},"image":{"@id":"https:\/\/www.france.fi\/fr\/sciences-et-universites\/la-nuit-de-la-science\/#primaryimage"},"thumbnailUrl":"https:\/\/www.france.fi\/wp-content\/uploads\/2020\/11\/nuit-des-sciences-1098x617.jpg","datePublished":"2020-11-30T10:38:07+00:00","dateModified":"2021-01-15T10:34:00+00:00","breadcrumb":{"@id":"https:\/\/www.france.fi\/fr\/sciences-et-universites\/la-nuit-de-la-science\/#breadcrumb"},"inLanguage":"fr-FR","potentialAction":[{"@type":"ReadAction","target":["https:\/\/www.france.fi\/fr\/sciences-et-universites\/la-nuit-de-la-science\/"]}]},{"@type":"ImageObject","inLanguage":"fr-FR","@id":"https:\/\/www.france.fi\/fr\/sciences-et-universites\/la-nuit-de-la-science\/#primaryimage","url":"https:\/\/www.france.fi\/wp-content\/uploads\/2020\/11\/nuit-des-sciences-1098x617.jpg","contentUrl":"https:\/\/www.france.fi\/wp-content\/uploads\/2020\/11\/nuit-des-sciences-1098x617.jpg","width":1280,"height":720},{"@type":"BreadcrumbList","@id":"https:\/\/www.france.fi\/fr\/sciences-et-universites\/la-nuit-de-la-science\/#breadcrumb","itemListElement":[{"@type":"ListItem","position":1,"name":"Home","item":"https:\/\/www.france.fi\/fr\/"},{"@type":"ListItem","position":2,"name":"Sciences et universit\u00e9s","item":"https:\/\/www.france.fi\/fr\/category\/sciences-et-universites\/"},{"@type":"ListItem","position":3,"name":"La Nuit de la science"}]},{"@type":"WebSite","@id":"https:\/\/www.france.fi\/#website","url":"https:\/\/www.france.fi\/","name":"Institut fran\u00e7ais de Finlande","description":"","publisher":{"@id":"https:\/\/www.france.fi\/#organization"},"potentialAction":[{"@type":"SearchAction","target":{"@type":"EntryPoint","urlTemplate":"https:\/\/www.france.fi\/?s={search_term_string}"},"query-input":{"@type":"PropertyValueSpecification","valueRequired":true,"valueName":"search_term_string"}}],"inLanguage":"fr-FR"},{"@type":"Organization","@id":"https:\/\/www.france.fi\/#organization","name":"Institut fran\u00e7ais de Finlande","url":"https:\/\/www.france.fi\/","logo":{"@type":"ImageObject","inLanguage":"fr-FR","@id":"https:\/\/www.france.fi\/#\/schema\/logo\/image\/","url":"https:\/\/www.france.fi\/wp-content\/uploads\/2024\/02\/if-logo-1.png","contentUrl":"https:\/\/www.france.fi\/wp-content\/uploads\/2024\/02\/if-logo-1.png","width":687,"height":459,"caption":"Institut fran\u00e7ais de Finlande"},"image":{"@id":"https:\/\/www.france.fi\/#\/schema\/logo\/image\/"},"sameAs":["https:\/\/www.facebook.com\/institutfrancaisfi","https:\/\/x.com\/IFFinlande","https:\/\/www.instagram.com\/iffinlande\/","https:\/\/fr.linkedin.com\/organization-guest\/company\/institut-fran-ais-de-finlande","https:\/\/www.youtube.com\/channel\/UCHAitdpmSbeP78eL49XMotA"]},{"@type":"Person","@id":"https:\/\/www.france.fi\/#\/schema\/person\/ed873f29db1d0af6a3600d15d3b65bfd","name":"Equipe IFF","image":{"@type":"ImageObject","inLanguage":"fr-FR","@id":"https:\/\/secure.gravatar.com\/avatar\/3c4ba80228d01014b25e45e90abb28ce315a02c6572751a7fb2298e4274989fc?s=96&d=mm&r=g","url":"https:\/\/secure.gravatar.com\/avatar\/3c4ba80228d01014b25e45e90abb28ce315a02c6572751a7fb2298e4274989fc?s=96&d=mm&r=g","contentUrl":"https:\/\/secure.gravatar.com\/avatar\/3c4ba80228d01014b25e45e90abb28ce315a02c6572751a7fb2298e4274989fc?s=96&d=mm&r=g","caption":"Equipe IFF"},"url":"https:\/\/www.france.fi\/fr\/author\/iffadmin\/"}]}},"_links":{"self":[{"href":"https:\/\/www.france.fi\/fr\/wp-json\/wp\/v2\/posts\/2883","targetHints":{"allow":["GET"]}}],"collection":[{"href":"https:\/\/www.france.fi\/fr\/wp-json\/wp\/v2\/posts"}],"about":[{"href":"https:\/\/www.france.fi\/fr\/wp-json\/wp\/v2\/types\/post"}],"author":[{"embeddable":true,"href":"https:\/\/www.france.fi\/fr\/wp-json\/wp\/v2\/users\/2"}],"replies":[{"embeddable":true,"href":"https:\/\/www.france.fi\/fr\/wp-json\/wp\/v2\/comments?post=2883"}],"version-history":[{"count":0,"href":"https:\/\/www.france.fi\/fr\/wp-json\/wp\/v2\/posts\/2883\/revisions"}],"wp:featuredmedia":[{"embeddable":true,"href":"https:\/\/www.france.fi\/fr\/wp-json\/wp\/v2\/media\/2884"}],"wp:attachment":[{"href":"https:\/\/www.france.fi\/fr\/wp-json\/wp\/v2\/media?parent=2883"}],"wp:term":[{"taxonomy":"category","embeddable":true,"href":"https:\/\/www.france.fi\/fr\/wp-json\/wp\/v2\/categories?post=2883"},{"taxonomy":"post_tag","embeddable":true,"href":"https:\/\/www.france.fi\/fr\/wp-json\/wp\/v2\/tags?post=2883"}],"curies":[{"name":"wp","href":"https:\/\/api.w.org\/{rel}","templated":true}]}}