{"id":2947,"date":"2020-12-09T09:54:42","date_gmt":"2020-12-09T07:54:42","guid":{"rendered":"http:\/\/www.france.fi\/?p=2947"},"modified":"2021-01-14T09:31:46","modified_gmt":"2021-01-14T07:31:46","slug":"valery-giscard-destaing","status":"publish","type":"post","link":"https:\/\/www.france.fi\/fr\/culture\/valery-giscard-destaing\/","title":{"rendered":"Val\u00e9ry Giscard d&rsquo;Estaing"},"content":{"rendered":"\n<p class=\"has-text-align-center\" style=\"font-size:15px\"><em>photo DR<\/em><\/p>\n\n\n\n<p>Si on retiendra de Val\u00e9ry Giscard d\u2019Estaing la loi Veil sur l&rsquo;avortement, le divorce par libre consentement, ou encore la r\u00e9forme du conseil constitutionnel, son septennat a aussi laiss\u00e9 une trace dans le monde de la culture.\u00a0<\/p>\n<p>Dans le domaine du patrimoine, entre autres, Val\u00e9ry Giscard d&rsquo;Estaing veut des transformations visibles et \u00e9videntes pour le public. Sa politique culturelle va s&rsquo;atteler \u00e0 r\u00e9habiliter plusieurs grands b\u00e2timents. La cr\u00e9ation du mus\u00e9e Picasso est d\u00e9cid\u00e9e en 1974, avant un concours d&rsquo;architectes en 1976. Le mus\u00e9e n&rsquo;accueillera du public qu&rsquo;\u00e0 partir de 1985. Le mus\u00e9e de la Renaissance d&rsquo;Ecouen, install\u00e9 dans le ch\u00e2teau enti\u00e8rement r\u00e9nov\u00e9 et inaugur\u00e9 en 1977, devient un des symboles de la politique culturelle pr\u00e9sidentielle. Un des plus grands projets culturels du septennat de Val\u00e9ry Giscard d&rsquo;Estaing restera la transformation de la gare d&rsquo;Orsay en mus\u00e9e. Class\u00e9 monument historique en 1978, le mus\u00e9e n&rsquo;ouvrira ses portes qu&rsquo;en 1986, durant le septennat de Fran\u00e7ois Mitterrand. \u00a0<\/p>\n<p>L&rsquo;autre gros chantier du mandat de Val\u00e9ry Giscard d&rsquo;Estaing est la m\u00e9tamorphose du quartier parisien de La Villette. Les abattoirs existants depuis la fin du 19\u00e8me si\u00e8cle ferment d\u00e9finitivement en 1974. Cinq ans plus tard, en 1979, le site est r\u00e9am\u00e9nag\u00e9 en un complexe unique au monde. Baptis\u00e9 Parc de La Villette, il ouvre ses portes au public en 1987 et regroupe architecture, nature, culture, et loisirs sur 55 hectares. Deux lieux sont, aujourd&rsquo;hui encore, les t\u00e9moins de l&rsquo;\u00e9poque r\u00e9volue des abattoirs et des march\u00e9s aux bestiaux\u00a0: la grande halle et la halle aux cuirs, cette derni\u00e8re \u00e9tant devenue un lieu de cr\u00e9ation artistique. \u00a0\u00a0\u00a0<\/p>\n<p>De nombreuses universit\u00e9s lui ont d\u00e9cern\u00e9 un doctorat honoris causa. Depuis 1995, il \u00e9tait membre de la Real Academia de Ciencias Economicas y Financieras (Espagne). En 2001, il a re\u00e7u la m\u00e9daille d\u2019or de la Fondation Jean Monnet pour l\u2019Europe. En 2002, le prix Charlemagne lui a \u00e9t\u00e9 d\u00e9cern\u00e9 par la ville d\u2019Aix-la-Chapelle, et en 2006, avec Helmut Schmidt, le prix De Gaulle-Adenauer \u00e0 Berlin. Il a \u00e9t\u00e9 \u00e9lu, en avril 2006, membre associ\u00e9 de l\u2019Acad\u00e9mie Royale de Belgique.<\/p>\n<p>Val\u00e9ry Giscard d\u2019Estaing, dont Maupassant et Baudelaire furent les guides ind\u00e9passables, \u00e9tait enfin un homme de lettres. Auteur d\u2019essais, de romans et de m\u00e9moires, il fut \u00e9lu \u00e0 l\u2019Acad\u00e9mie fran\u00e7aise en 2003 et ne cessa jamais de cultiver l\u2019amour de notre langue.Il est entr\u00e9 \u00e0 l\u2019Acad\u00e9mie fran\u00e7aise, le 11 d\u00e9cembre 2003, au fauteuil de L\u00e9opold S\u00e9dar Senghor (16<sup>e<\/sup>\u00a0fauteuil).<\/p>\n<h5>\u0152uvres<\/h5>\n<p>1976<em>D\u00e9mocratie fran\u00e7aise<\/em>\u00a0(Fayard)<\/p>\n<p>1984<em>Deux Fran\u00e7ais sur trois<\/em>\u00a0(C12)<\/p>\n<p>1988<em>Le Pouvoir et la Vie<\/em>\u00a0&#8211; &#8211; tome I \u00ab\u00a0La Rencontre\u00a0\u00bb (C12)<\/p>\n<p>1991<em>Le Pouvoir et la Vie<\/em>\u00a0&#8211; &#8211; tome II \u00ab\u00a0L\u2019Affrontement\u00a0\u00bb (C12)<\/p>\n<p>1994<em>Le Passage<\/em>\u00a0(Robert Laffont)<\/p>\n<p>1995<em>Dans cinq ans, l\u2019an 2000<\/em>\u00a0(C12)<\/p>\n<p>2000<em>Les Fran\u00e7ais, r\u00e9flexions sur le destin d\u2019un peuple<\/em>\u00a0(C12)<\/p>\n<p>2001<em>Giscard d\u2019Estaing &#8211; Entretien avec Agathe Fourgnaud<\/em>\u00a0(Flammarion)<\/p>\n<p>2003<em>Giscard d\u2019Estaing pr\u00e9sente la Constitution pour l\u2019Europe<\/em>\u00a0(Albin Michel)<\/p>\n<p>2006<em>Le Pouvoir et la Vie<\/em>\u00a0&#8211; tome III \u00ab\u00a0Choisir\u00a0\u00bb (C12)<\/p>\n<p>2010<em>La Victoire de la Grande Arm\u00e9e<\/em>\u00a0(Plon)<\/p>\n<p>2011<em>Mathilda<\/em><\/p>\n<p>2014<em>Europa : la derni\u00e8re chance de l&rsquo;Europe<\/em>\u00a0(XO \u00e9ditions)<\/p>\n<p>2020<em>Loin du bruit du monde<\/em>\u00a0(XO \u00e9ditions)<\/p>\n<p>*Divers sources dont le site de l\u2019Elys\u00e9e <a href=\"https:\/\/www.elysee.fr\/emmanuel-macron\/2020\/12\/03\/deces-de-valery-giscard-destaing\">https:\/\/www.elysee.fr\/emmanuel-macron\/2020\/12\/03\/deces-de-valery-giscard-destaing<\/a> et celui de France Musique <a href=\"https:\/\/www.francemusique.fr\/\">https:\/\/www.francemusique.fr\/<\/a><\/p>\n<p style=\"text-align: center;\"><img loading=\"lazy\" decoding=\"async\" class=\"size-full wp-image-2967 aligncenter\" src=\"http:\/\/www.france.fi\/wp-content\/uploads\/2020\/12\/2-giscard3-1098x617.jpg\" alt=\"\" width=\"580\" height=\"326\" srcset=\"https:\/\/www.france.fi\/wp-content\/uploads\/2020\/12\/2-giscard3-1098x617.jpg 1098w, https:\/\/www.france.fi\/wp-content\/uploads\/2020\/12\/2-giscard3-300x169.jpg 300w, https:\/\/www.france.fi\/wp-content\/uploads\/2020\/12\/2-giscard3-1024x576.jpg 1024w, https:\/\/www.france.fi\/wp-content\/uploads\/2020\/12\/2-giscard3-768x432.jpg 768w, https:\/\/www.france.fi\/wp-content\/uploads\/2020\/12\/2-giscard3-730x411.jpg 730w, https:\/\/www.france.fi\/wp-content\/uploads\/2020\/12\/2-giscard3-355x200.jpg 355w, https:\/\/www.france.fi\/wp-content\/uploads\/2020\/12\/2-giscard3-1200x675.jpg 1200w, https:\/\/www.france.fi\/wp-content\/uploads\/2020\/12\/2-giscard3.jpg 1280w\" sizes=\"auto, (max-width: 580px) 100vw, 580px\" \/><br \/><em>photo DR<\/em><\/p>\n\n\n\n<p><\/p>\n","protected":false},"excerpt":{"rendered":"<p>Val\u00e9ry Giscard d&rsquo;Estaing est d\u00e9c\u00e9d\u00e9 dans la nuit du 2 d\u00e9cembre \u00e0 l&rsquo;\u00e2ge de 94 ans. Une journ\u00e9e de deuil national a \u00e9t\u00e9 d\u00e9cr\u00e9t\u00e9e jeudi 9 d\u00e9cembre afin de lui rendre hommage.<\/p>\n","protected":false},"author":2,"featured_media":2964,"comment_status":"closed","ping_status":"open","sticky":false,"template":"","format":"standard","meta":{"footnotes":""},"categories":[1],"tags":[],"class_list":["post-2947","post","type-post","status-publish","format-standard","has-post-thumbnail","hentry","category-culture"],"yoast_head":"<!-- This site is optimized with the Yoast SEO plugin v27.4 - https:\/\/yoast.com\/product\/yoast-seo-wordpress\/ -->\n<title>Val\u00e9ry Giscard d&#039;Estaing - Institut fran\u00e7ais<\/title>\n<meta name=\"robots\" content=\"index, follow, max-snippet:-1, max-image-preview:large, max-video-preview:-1\" \/>\n<link rel=\"canonical\" href=\"https:\/\/www.france.fi\/fr\/culture\/valery-giscard-destaing\/\" \/>\n<meta property=\"og:locale\" content=\"fr_FR\" \/>\n<meta property=\"og:type\" content=\"article\" \/>\n<meta property=\"og:title\" content=\"Val\u00e9ry Giscard d&#039;Estaing - Institut fran\u00e7ais\" \/>\n<meta property=\"og:description\" content=\"Val\u00e9ry Giscard d&#039;Estaing est d\u00e9c\u00e9d\u00e9 dans la nuit du 2 d\u00e9cembre \u00e0 l&#039;\u00e2ge de 94 ans. Une journ\u00e9e de deuil national a \u00e9t\u00e9 d\u00e9cr\u00e9t\u00e9e jeudi 9 d\u00e9cembre afin de lui rendre hommage.\" \/>\n<meta property=\"og:url\" content=\"https:\/\/www.france.fi\/fr\/culture\/valery-giscard-destaing\/\" \/>\n<meta property=\"og:site_name\" content=\"Institut fran\u00e7ais\" \/>\n<meta property=\"article:publisher\" content=\"https:\/\/www.facebook.com\/institutfrancaisfi\" \/>\n<meta property=\"article:published_time\" content=\"2020-12-09T07:54:42+00:00\" \/>\n<meta property=\"article:modified_time\" content=\"2021-01-14T07:31:46+00:00\" \/>\n<meta property=\"og:image\" content=\"https:\/\/www.france.fi\/wp-content\/uploads\/2020\/12\/2-giscard1-1098x617.jpg\" \/>\n\t<meta property=\"og:image:width\" content=\"1280\" \/>\n\t<meta property=\"og:image:height\" content=\"720\" \/>\n\t<meta property=\"og:image:type\" content=\"image\/jpeg\" \/>\n<meta name=\"author\" content=\"Equipe IFF\" \/>\n<meta name=\"twitter:card\" content=\"summary_large_image\" \/>\n<meta name=\"twitter:creator\" content=\"@IFFinlande\" \/>\n<meta name=\"twitter:site\" content=\"@IFFinlande\" \/>\n<meta name=\"twitter:label1\" content=\"\u00c9crit par\" \/>\n\t<meta name=\"twitter:data1\" content=\"Equipe IFF\" \/>\n\t<meta name=\"twitter:label2\" content=\"Dur\u00e9e de lecture estim\u00e9e\" \/>\n\t<meta name=\"twitter:data2\" content=\"3 minutes\" \/>\n<script type=\"application\/ld+json\" class=\"yoast-schema-graph\">{\"@context\":\"https:\\\/\\\/schema.org\",\"@graph\":[{\"@type\":\"Article\",\"@id\":\"https:\\\/\\\/www.france.fi\\\/fr\\\/culture\\\/valery-giscard-destaing\\\/#article\",\"isPartOf\":{\"@id\":\"https:\\\/\\\/www.france.fi\\\/fr\\\/culture\\\/valery-giscard-destaing\\\/\"},\"author\":{\"name\":\"Equipe IFF\",\"@id\":\"https:\\\/\\\/www.france.fi\\\/#\\\/schema\\\/person\\\/ed873f29db1d0af6a3600d15d3b65bfd\"},\"headline\":\"Val\u00e9ry Giscard d&rsquo;Estaing\",\"datePublished\":\"2020-12-09T07:54:42+00:00\",\"dateModified\":\"2021-01-14T07:31:46+00:00\",\"mainEntityOfPage\":{\"@id\":\"https:\\\/\\\/www.france.fi\\\/fr\\\/culture\\\/valery-giscard-destaing\\\/\"},\"wordCount\":593,\"publisher\":{\"@id\":\"https:\\\/\\\/www.france.fi\\\/#organization\"},\"image\":{\"@id\":\"https:\\\/\\\/www.france.fi\\\/fr\\\/culture\\\/valery-giscard-destaing\\\/#primaryimage\"},\"thumbnailUrl\":\"https:\\\/\\\/www.france.fi\\\/wp-content\\\/uploads\\\/2020\\\/12\\\/2-giscard1-1098x617.jpg\",\"articleSection\":[\"Culture\"],\"inLanguage\":\"fr-FR\"},{\"@type\":\"WebPage\",\"@id\":\"https:\\\/\\\/www.france.fi\\\/fr\\\/culture\\\/valery-giscard-destaing\\\/\",\"url\":\"https:\\\/\\\/www.france.fi\\\/fr\\\/culture\\\/valery-giscard-destaing\\\/\",\"name\":\"Val\u00e9ry Giscard d'Estaing - Institut fran\u00e7ais\",\"isPartOf\":{\"@id\":\"https:\\\/\\\/www.france.fi\\\/#website\"},\"primaryImageOfPage\":{\"@id\":\"https:\\\/\\\/www.france.fi\\\/fr\\\/culture\\\/valery-giscard-destaing\\\/#primaryimage\"},\"image\":{\"@id\":\"https:\\\/\\\/www.france.fi\\\/fr\\\/culture\\\/valery-giscard-destaing\\\/#primaryimage\"},\"thumbnailUrl\":\"https:\\\/\\\/www.france.fi\\\/wp-content\\\/uploads\\\/2020\\\/12\\\/2-giscard1-1098x617.jpg\",\"datePublished\":\"2020-12-09T07:54:42+00:00\",\"dateModified\":\"2021-01-14T07:31:46+00:00\",\"breadcrumb\":{\"@id\":\"https:\\\/\\\/www.france.fi\\\/fr\\\/culture\\\/valery-giscard-destaing\\\/#breadcrumb\"},\"inLanguage\":\"fr-FR\",\"potentialAction\":[{\"@type\":\"ReadAction\",\"target\":[\"https:\\\/\\\/www.france.fi\\\/fr\\\/culture\\\/valery-giscard-destaing\\\/\"]}]},{\"@type\":\"ImageObject\",\"inLanguage\":\"fr-FR\",\"@id\":\"https:\\\/\\\/www.france.fi\\\/fr\\\/culture\\\/valery-giscard-destaing\\\/#primaryimage\",\"url\":\"https:\\\/\\\/www.france.fi\\\/wp-content\\\/uploads\\\/2020\\\/12\\\/2-giscard1-1098x617.jpg\",\"contentUrl\":\"https:\\\/\\\/www.france.fi\\\/wp-content\\\/uploads\\\/2020\\\/12\\\/2-giscard1-1098x617.jpg\",\"width\":1280,\"height\":720},{\"@type\":\"BreadcrumbList\",\"@id\":\"https:\\\/\\\/www.france.fi\\\/fr\\\/culture\\\/valery-giscard-destaing\\\/#breadcrumb\",\"itemListElement\":[{\"@type\":\"ListItem\",\"position\":1,\"name\":\"Home\",\"item\":\"https:\\\/\\\/www.france.fi\\\/fr\\\/\"},{\"@type\":\"ListItem\",\"position\":2,\"name\":\"Culture\",\"item\":\"https:\\\/\\\/www.france.fi\\\/fr\\\/category\\\/culture\\\/\"},{\"@type\":\"ListItem\",\"position\":3,\"name\":\"Val\u00e9ry Giscard d&rsquo;Estaing\"}]},{\"@type\":\"WebSite\",\"@id\":\"https:\\\/\\\/www.france.fi\\\/#website\",\"url\":\"https:\\\/\\\/www.france.fi\\\/\",\"name\":\"Institut fran\u00e7ais de Finlande\",\"description\":\"\",\"publisher\":{\"@id\":\"https:\\\/\\\/www.france.fi\\\/#organization\"},\"potentialAction\":[{\"@type\":\"SearchAction\",\"target\":{\"@type\":\"EntryPoint\",\"urlTemplate\":\"https:\\\/\\\/www.france.fi\\\/?s={search_term_string}\"},\"query-input\":{\"@type\":\"PropertyValueSpecification\",\"valueRequired\":true,\"valueName\":\"search_term_string\"}}],\"inLanguage\":\"fr-FR\"},{\"@type\":\"Organization\",\"@id\":\"https:\\\/\\\/www.france.fi\\\/#organization\",\"name\":\"Institut fran\u00e7ais de Finlande\",\"url\":\"https:\\\/\\\/www.france.fi\\\/\",\"logo\":{\"@type\":\"ImageObject\",\"inLanguage\":\"fr-FR\",\"@id\":\"https:\\\/\\\/www.france.fi\\\/#\\\/schema\\\/logo\\\/image\\\/\",\"url\":\"https:\\\/\\\/www.france.fi\\\/wp-content\\\/uploads\\\/2024\\\/02\\\/if-logo-1.png\",\"contentUrl\":\"https:\\\/\\\/www.france.fi\\\/wp-content\\\/uploads\\\/2024\\\/02\\\/if-logo-1.png\",\"width\":687,\"height\":459,\"caption\":\"Institut fran\u00e7ais de Finlande\"},\"image\":{\"@id\":\"https:\\\/\\\/www.france.fi\\\/#\\\/schema\\\/logo\\\/image\\\/\"},\"sameAs\":[\"https:\\\/\\\/www.facebook.com\\\/institutfrancaisfi\",\"https:\\\/\\\/x.com\\\/IFFinlande\",\"https:\\\/\\\/www.instagram.com\\\/iffinlande\\\/\",\"https:\\\/\\\/fr.linkedin.com\\\/organization-guest\\\/company\\\/institut-fran-ais-de-finlande\",\"https:\\\/\\\/www.youtube.com\\\/channel\\\/UCHAitdpmSbeP78eL49XMotA\"]},{\"@type\":\"Person\",\"@id\":\"https:\\\/\\\/www.france.fi\\\/#\\\/schema\\\/person\\\/ed873f29db1d0af6a3600d15d3b65bfd\",\"name\":\"Equipe IFF\",\"image\":{\"@type\":\"ImageObject\",\"inLanguage\":\"fr-FR\",\"@id\":\"https:\\\/\\\/secure.gravatar.com\\\/avatar\\\/3c4ba80228d01014b25e45e90abb28ce315a02c6572751a7fb2298e4274989fc?s=96&d=mm&r=g\",\"url\":\"https:\\\/\\\/secure.gravatar.com\\\/avatar\\\/3c4ba80228d01014b25e45e90abb28ce315a02c6572751a7fb2298e4274989fc?s=96&d=mm&r=g\",\"contentUrl\":\"https:\\\/\\\/secure.gravatar.com\\\/avatar\\\/3c4ba80228d01014b25e45e90abb28ce315a02c6572751a7fb2298e4274989fc?s=96&d=mm&r=g\",\"caption\":\"Equipe IFF\"},\"url\":\"https:\\\/\\\/www.france.fi\\\/fr\\\/author\\\/iffadmin\\\/\"}]}<\/script>\n<!-- \/ Yoast SEO plugin. -->","yoast_head_json":{"title":"Val\u00e9ry Giscard d'Estaing - Institut fran\u00e7ais","robots":{"index":"index","follow":"follow","max-snippet":"max-snippet:-1","max-image-preview":"max-image-preview:large","max-video-preview":"max-video-preview:-1"},"canonical":"https:\/\/www.france.fi\/fr\/culture\/valery-giscard-destaing\/","og_locale":"fr_FR","og_type":"article","og_title":"Val\u00e9ry Giscard d'Estaing - Institut fran\u00e7ais","og_description":"Val\u00e9ry Giscard d'Estaing est d\u00e9c\u00e9d\u00e9 dans la nuit du 2 d\u00e9cembre \u00e0 l'\u00e2ge de 94 ans. Une journ\u00e9e de deuil national a \u00e9t\u00e9 d\u00e9cr\u00e9t\u00e9e jeudi 9 d\u00e9cembre afin de lui rendre hommage.","og_url":"https:\/\/www.france.fi\/fr\/culture\/valery-giscard-destaing\/","og_site_name":"Institut fran\u00e7ais","article_publisher":"https:\/\/www.facebook.com\/institutfrancaisfi","article_published_time":"2020-12-09T07:54:42+00:00","article_modified_time":"2021-01-14T07:31:46+00:00","og_image":[{"width":1280,"height":720,"url":"https:\/\/www.france.fi\/wp-content\/uploads\/2020\/12\/2-giscard1-1098x617.jpg","type":"image\/jpeg"}],"author":"Equipe IFF","twitter_card":"summary_large_image","twitter_creator":"@IFFinlande","twitter_site":"@IFFinlande","twitter_misc":{"\u00c9crit par":"Equipe IFF","Dur\u00e9e de lecture estim\u00e9e":"3 minutes"},"schema":{"@context":"https:\/\/schema.org","@graph":[{"@type":"Article","@id":"https:\/\/www.france.fi\/fr\/culture\/valery-giscard-destaing\/#article","isPartOf":{"@id":"https:\/\/www.france.fi\/fr\/culture\/valery-giscard-destaing\/"},"author":{"name":"Equipe IFF","@id":"https:\/\/www.france.fi\/#\/schema\/person\/ed873f29db1d0af6a3600d15d3b65bfd"},"headline":"Val\u00e9ry Giscard d&rsquo;Estaing","datePublished":"2020-12-09T07:54:42+00:00","dateModified":"2021-01-14T07:31:46+00:00","mainEntityOfPage":{"@id":"https:\/\/www.france.fi\/fr\/culture\/valery-giscard-destaing\/"},"wordCount":593,"publisher":{"@id":"https:\/\/www.france.fi\/#organization"},"image":{"@id":"https:\/\/www.france.fi\/fr\/culture\/valery-giscard-destaing\/#primaryimage"},"thumbnailUrl":"https:\/\/www.france.fi\/wp-content\/uploads\/2020\/12\/2-giscard1-1098x617.jpg","articleSection":["Culture"],"inLanguage":"fr-FR"},{"@type":"WebPage","@id":"https:\/\/www.france.fi\/fr\/culture\/valery-giscard-destaing\/","url":"https:\/\/www.france.fi\/fr\/culture\/valery-giscard-destaing\/","name":"Val\u00e9ry Giscard d'Estaing - Institut fran\u00e7ais","isPartOf":{"@id":"https:\/\/www.france.fi\/#website"},"primaryImageOfPage":{"@id":"https:\/\/www.france.fi\/fr\/culture\/valery-giscard-destaing\/#primaryimage"},"image":{"@id":"https:\/\/www.france.fi\/fr\/culture\/valery-giscard-destaing\/#primaryimage"},"thumbnailUrl":"https:\/\/www.france.fi\/wp-content\/uploads\/2020\/12\/2-giscard1-1098x617.jpg","datePublished":"2020-12-09T07:54:42+00:00","dateModified":"2021-01-14T07:31:46+00:00","breadcrumb":{"@id":"https:\/\/www.france.fi\/fr\/culture\/valery-giscard-destaing\/#breadcrumb"},"inLanguage":"fr-FR","potentialAction":[{"@type":"ReadAction","target":["https:\/\/www.france.fi\/fr\/culture\/valery-giscard-destaing\/"]}]},{"@type":"ImageObject","inLanguage":"fr-FR","@id":"https:\/\/www.france.fi\/fr\/culture\/valery-giscard-destaing\/#primaryimage","url":"https:\/\/www.france.fi\/wp-content\/uploads\/2020\/12\/2-giscard1-1098x617.jpg","contentUrl":"https:\/\/www.france.fi\/wp-content\/uploads\/2020\/12\/2-giscard1-1098x617.jpg","width":1280,"height":720},{"@type":"BreadcrumbList","@id":"https:\/\/www.france.fi\/fr\/culture\/valery-giscard-destaing\/#breadcrumb","itemListElement":[{"@type":"ListItem","position":1,"name":"Home","item":"https:\/\/www.france.fi\/fr\/"},{"@type":"ListItem","position":2,"name":"Culture","item":"https:\/\/www.france.fi\/fr\/category\/culture\/"},{"@type":"ListItem","position":3,"name":"Val\u00e9ry Giscard d&rsquo;Estaing"}]},{"@type":"WebSite","@id":"https:\/\/www.france.fi\/#website","url":"https:\/\/www.france.fi\/","name":"Institut fran\u00e7ais de Finlande","description":"","publisher":{"@id":"https:\/\/www.france.fi\/#organization"},"potentialAction":[{"@type":"SearchAction","target":{"@type":"EntryPoint","urlTemplate":"https:\/\/www.france.fi\/?s={search_term_string}"},"query-input":{"@type":"PropertyValueSpecification","valueRequired":true,"valueName":"search_term_string"}}],"inLanguage":"fr-FR"},{"@type":"Organization","@id":"https:\/\/www.france.fi\/#organization","name":"Institut fran\u00e7ais de Finlande","url":"https:\/\/www.france.fi\/","logo":{"@type":"ImageObject","inLanguage":"fr-FR","@id":"https:\/\/www.france.fi\/#\/schema\/logo\/image\/","url":"https:\/\/www.france.fi\/wp-content\/uploads\/2024\/02\/if-logo-1.png","contentUrl":"https:\/\/www.france.fi\/wp-content\/uploads\/2024\/02\/if-logo-1.png","width":687,"height":459,"caption":"Institut fran\u00e7ais de Finlande"},"image":{"@id":"https:\/\/www.france.fi\/#\/schema\/logo\/image\/"},"sameAs":["https:\/\/www.facebook.com\/institutfrancaisfi","https:\/\/x.com\/IFFinlande","https:\/\/www.instagram.com\/iffinlande\/","https:\/\/fr.linkedin.com\/organization-guest\/company\/institut-fran-ais-de-finlande","https:\/\/www.youtube.com\/channel\/UCHAitdpmSbeP78eL49XMotA"]},{"@type":"Person","@id":"https:\/\/www.france.fi\/#\/schema\/person\/ed873f29db1d0af6a3600d15d3b65bfd","name":"Equipe IFF","image":{"@type":"ImageObject","inLanguage":"fr-FR","@id":"https:\/\/secure.gravatar.com\/avatar\/3c4ba80228d01014b25e45e90abb28ce315a02c6572751a7fb2298e4274989fc?s=96&d=mm&r=g","url":"https:\/\/secure.gravatar.com\/avatar\/3c4ba80228d01014b25e45e90abb28ce315a02c6572751a7fb2298e4274989fc?s=96&d=mm&r=g","contentUrl":"https:\/\/secure.gravatar.com\/avatar\/3c4ba80228d01014b25e45e90abb28ce315a02c6572751a7fb2298e4274989fc?s=96&d=mm&r=g","caption":"Equipe IFF"},"url":"https:\/\/www.france.fi\/fr\/author\/iffadmin\/"}]}},"_links":{"self":[{"href":"https:\/\/www.france.fi\/fr\/wp-json\/wp\/v2\/posts\/2947","targetHints":{"allow":["GET"]}}],"collection":[{"href":"https:\/\/www.france.fi\/fr\/wp-json\/wp\/v2\/posts"}],"about":[{"href":"https:\/\/www.france.fi\/fr\/wp-json\/wp\/v2\/types\/post"}],"author":[{"embeddable":true,"href":"https:\/\/www.france.fi\/fr\/wp-json\/wp\/v2\/users\/2"}],"replies":[{"embeddable":true,"href":"https:\/\/www.france.fi\/fr\/wp-json\/wp\/v2\/comments?post=2947"}],"version-history":[{"count":0,"href":"https:\/\/www.france.fi\/fr\/wp-json\/wp\/v2\/posts\/2947\/revisions"}],"wp:featuredmedia":[{"embeddable":true,"href":"https:\/\/www.france.fi\/fr\/wp-json\/wp\/v2\/media\/2964"}],"wp:attachment":[{"href":"https:\/\/www.france.fi\/fr\/wp-json\/wp\/v2\/media?parent=2947"}],"wp:term":[{"taxonomy":"category","embeddable":true,"href":"https:\/\/www.france.fi\/fr\/wp-json\/wp\/v2\/categories?post=2947"},{"taxonomy":"post_tag","embeddable":true,"href":"https:\/\/www.france.fi\/fr\/wp-json\/wp\/v2\/tags?post=2947"}],"curies":[{"name":"wp","href":"https:\/\/api.w.org\/{rel}","templated":true}]}}