{"id":3575,"date":"2021-01-11T11:38:52","date_gmt":"2021-01-11T09:38:52","guid":{"rendered":"http:\/\/www.france.fi\/?p=3575"},"modified":"2021-04-06T11:36:48","modified_gmt":"2021-04-06T08:36:48","slug":"films-francais-sur-yle-ce-printemps","status":"publish","type":"post","link":"https:\/\/www.france.fi\/fr\/culture\/films-francais-sur-yle-ce-printemps\/","title":{"rendered":"Films fran\u00e7ais sur Yle ce printemps"},"content":{"rendered":"\n<div class=\"_2zX2caDms6Dyd9Ch--6tVn\">\n<div class=\"gtzQx-8i8SadO4I0iX1Yy JWNdg1hee9_Rz6bIGvG1c allowTextSelection\">\n<div dir=\"ltr\">\n<div dir=\"ltr\">\n<div>Les films sont rediffus\u00e9s pendant 30-90 jours sur Yle Areena.\n<div>\u00a0<\/div>\nVoici le programme :<\/div>\n<div>\u00a0<\/div>\n<div>\n<div><span style=\"font-family: Roboto, sans-serif; font-size: inherit; letter-spacing: normal;\">TV2 16.1 klo 20 <strong><a href=\"https:\/\/areena.yle.fi\/1-4673554\" target=\"_blank\" rel=\"noopener\">(+30 vrk Areenassa)<\/a><\/strong><br \/><\/span><b style=\"font-family: Roboto, sans-serif; font-size: inherit; letter-spacing: normal;\">Pingviinien matka 2<br \/><\/b><span style=\"font-family: Roboto, sans-serif; font-size: inherit; letter-spacing: normal;\">Luontodokumentissa nuori keisaripingviini l\u00e4htee ensimm\u00e4iselle pitk\u00e4lle vaellukselleen, vaistonsa ajamana kohti suurta tuntematonta. Kertojana Heikki Kinnunen. (L\u2019empereur, Ranska 2017)<\/span><\/div>\n<div>\n<div>\n<p dir=\"ltr\">Teema 22.1 klo 21.15 <strong><a href=\"https:\/\/areena.yle.fi\/1-4267233\" target=\"_blank\" rel=\"noopener\">(+30 vrk Areenassa)<\/a><\/strong><br \/><b>Niin kauan kuin syd\u00e4n ly\u00f6<br \/><\/b>Koskettavassa, koukuttavassa draamassa 19-vuotias Simon joutuu auto-onnettomuuteen ja h\u00e4nen vanhempiensa on teht\u00e4v\u00e4 nopeasti vaikein p\u00e4\u00e4t\u00f6s &#8211; yritt\u00e4\u00e4k\u00f6 pelastaa nuoren miehen el\u00e4m\u00e4ll\u00e4 toisen, vieraan ihmisen kohtalo. (R\u00e9parer les vivants, Ranska 2016)<\/p>\n<\/div>\n<div>\n<p dir=\"ltr\">Teema 29.1 klo 21 <strong><a href=\"https:\/\/areena.yle.fi\/1-50500898\" target=\"_blank\" rel=\"noopener\">(+90 vrk Areenassa)<\/a><\/strong><br \/><b>Viimeinen keisari<br \/><\/b>Yhdeks\u00e4ll\u00e4 Oscarilla palkittu Bernardo Bertoluccin suurelokuva Kiinan keisarikunnan viimeisest\u00e4 hallitsijasta 1900-luvun suurten muutosten keskell\u00e4. P\u00e4\u00e4osissa John Lone, Joan Chen ja Peter O\u2019Toole. (The Last Emperor, Ranska\/Englanti\/Kiina 1987)<br \/><span style=\"color: black; font-family: Arial;\">Englanninkielinen yhteistuotanto.\u00a0<br \/><\/span><\/p>\n<p>P\u00e4\u00e4si\u00e4isen\u00e4 3.4. Yle Teeman teemalauantai, joka on omistettu\u00a0Michel Legrandille:\u00a0<\/p>\n<\/div>\n<\/div>\n<\/div>\n<div>\n<div>\n<p><span style=\"color: black; font-family: Arial;\"><strong>Le samedi 3 avril est d\u00e9di\u00e9 au compositeur de films Michel Legrand :<\/strong><br \/><\/span><\/p>\n<\/div>\n<\/div>\n<\/div>\n<\/div>\n<\/div>\n<\/div>\n<div class=\"_2zX2caDms6Dyd9Ch--6tVn\">\n<div class=\"_21bgioiEBbnVoXvYXjL3tH JWNdg1hee9_Rz6bIGvG1c allowTextSelection\">\n<div>\n<div>\n<div dir=\"ltr\">\n<div dir=\"ltr\">\n<div>\n<div>\n<p dir=\"ltr\"><b>Michel Legrand, <a href=\"https:\/\/areena.yle.fi\/1-50364551\" target=\"_blank\" rel=\"noopener\">elokuvamusiikin mestari<\/a><\/b><br \/>Henkil\u00f6kuva Michel Legrandista (1946\u20132019), yhdest\u00e4 elokuvamusiikin suurimmista mestareista. Ohjaus Gr\u00e9gory Monro. Ensiesitys. (Michel Legrand, sans demi-mesure, Ranska 2018)<\/p>\n<p dir=\"ltr\"><b>Cherbourgin sateenvarjot<\/b>\u00a0<strong><a href=\"https:\/\/areena.yle.fi\/1-92607\" target=\"_blank\" rel=\"noopener\">(+90 vrk Areenassa)<\/a><\/strong><br \/>Michel Legrandin iki-ihanin s\u00e4velin soiva haikea musikaaliklassikko, jossa kaupanmyyj\u00e4 rakastaa k\u00f6yh\u00e4\u00e4 mekaanikkoa, vaikka \u00e4iti patistaa rikkaisiin naimisiin. P\u00e4\u00e4osissa Catherine Deneuve, Nino Castelnuovo. Ohjaus Jacques Demy. (Les Parapluies de Cherbourg, Ranska 1964)\u00a0<\/p>\n<p dir=\"ltr\"><b>Cleo viidest\u00e4 seitsem\u00e4\u00e4n<\/b>\u00a0<strong><a href=\"https:\/\/areena.yle.fi\/1-74445\" target=\"_blank\" rel=\"noopener\">(+30 vrk Areenassa<\/a><\/strong>)<br \/>Ranskan uuden aallon mestariteos kertoo kahdesta t\u00e4rke\u00e4st\u00e4 tunnista laulajattaren el\u00e4m\u00e4ss\u00e4. Ohjaus Agn\u00e8s Varda. P\u00e4\u00e4osissa Corinne Marchand, Antoine Bourseiller ja Michel Legrand, joka teki my\u00f6s elokuvan musiikin. (Cleo de 5 \u00e0 7, Ranska 1962)<\/p>\n<\/div>\n<\/div>\n<\/div>\n<\/div>\n<\/div>\n<\/div>\n<\/div>\n<\/div>\n\n\n\n<p><\/p>\n","protected":false},"excerpt":{"rendered":"<p>Au printemps, Yle proposera de nouveaux films fran\u00e7ais !<br \/>\nPar exemple, pour le samedi de P\u00e2ques, le c\u00e9l\u00e8bre compositeur de films Michel Legrand sera \u00e0 l\u2019honneur.<\/p>\n","protected":false},"author":2,"featured_media":3576,"comment_status":"closed","ping_status":"open","sticky":false,"template":"","format":"standard","meta":{"footnotes":""},"categories":[1],"tags":[],"class_list":["post-3575","post","type-post","status-publish","format-standard","has-post-thumbnail","hentry","category-culture"],"yoast_head":"<!-- This site is optimized with the Yoast SEO plugin v27.4 - https:\/\/yoast.com\/product\/yoast-seo-wordpress\/ -->\n<title>Films fran\u00e7ais sur Yle ce printemps - Institut fran\u00e7ais<\/title>\n<meta name=\"robots\" content=\"index, follow, max-snippet:-1, max-image-preview:large, max-video-preview:-1\" \/>\n<link rel=\"canonical\" href=\"https:\/\/www.france.fi\/fr\/culture\/films-francais-sur-yle-ce-printemps\/\" \/>\n<meta property=\"og:locale\" content=\"fr_FR\" \/>\n<meta property=\"og:type\" content=\"article\" \/>\n<meta property=\"og:title\" content=\"Films fran\u00e7ais sur Yle ce printemps - Institut fran\u00e7ais\" \/>\n<meta property=\"og:description\" content=\"Au printemps, Yle proposera de nouveaux films fran\u00e7ais ! Par exemple, pour le samedi de P\u00e2ques, le c\u00e9l\u00e8bre compositeur de films Michel Legrand sera \u00e0 l\u2019honneur.\" \/>\n<meta property=\"og:url\" content=\"https:\/\/www.france.fi\/fr\/culture\/films-francais-sur-yle-ce-printemps\/\" \/>\n<meta property=\"og:site_name\" content=\"Institut fran\u00e7ais\" \/>\n<meta property=\"article:publisher\" content=\"https:\/\/www.facebook.com\/institutfrancaisfi\" \/>\n<meta property=\"article:published_time\" content=\"2021-01-11T09:38:52+00:00\" \/>\n<meta property=\"article:modified_time\" content=\"2021-04-06T08:36:48+00:00\" \/>\n<meta property=\"og:image\" content=\"https:\/\/www.france.fi\/wp-content\/uploads\/2021\/01\/lpdc-1098x617.jpg\" \/>\n\t<meta property=\"og:image:width\" content=\"1280\" \/>\n\t<meta property=\"og:image:height\" content=\"720\" \/>\n\t<meta property=\"og:image:type\" content=\"image\/jpeg\" \/>\n<meta name=\"author\" content=\"Equipe IFF\" \/>\n<meta name=\"twitter:card\" content=\"summary_large_image\" \/>\n<meta name=\"twitter:creator\" content=\"@IFFinlande\" \/>\n<meta name=\"twitter:site\" content=\"@IFFinlande\" \/>\n<meta name=\"twitter:label1\" content=\"\u00c9crit par\" \/>\n\t<meta name=\"twitter:data1\" content=\"Equipe IFF\" \/>\n\t<meta name=\"twitter:label2\" content=\"Dur\u00e9e de lecture estim\u00e9e\" \/>\n\t<meta name=\"twitter:data2\" content=\"2 minutes\" \/>\n<script type=\"application\/ld+json\" class=\"yoast-schema-graph\">{\"@context\":\"https:\\\/\\\/schema.org\",\"@graph\":[{\"@type\":\"Article\",\"@id\":\"https:\\\/\\\/www.france.fi\\\/fr\\\/culture\\\/films-francais-sur-yle-ce-printemps\\\/#article\",\"isPartOf\":{\"@id\":\"https:\\\/\\\/www.france.fi\\\/fr\\\/culture\\\/films-francais-sur-yle-ce-printemps\\\/\"},\"author\":{\"name\":\"Equipe IFF\",\"@id\":\"https:\\\/\\\/www.france.fi\\\/#\\\/schema\\\/person\\\/ed873f29db1d0af6a3600d15d3b65bfd\"},\"headline\":\"Films fran\u00e7ais sur Yle ce printemps\",\"datePublished\":\"2021-01-11T09:38:52+00:00\",\"dateModified\":\"2021-04-06T08:36:48+00:00\",\"mainEntityOfPage\":{\"@id\":\"https:\\\/\\\/www.france.fi\\\/fr\\\/culture\\\/films-francais-sur-yle-ce-printemps\\\/\"},\"wordCount\":258,\"publisher\":{\"@id\":\"https:\\\/\\\/www.france.fi\\\/#organization\"},\"image\":{\"@id\":\"https:\\\/\\\/www.france.fi\\\/fr\\\/culture\\\/films-francais-sur-yle-ce-printemps\\\/#primaryimage\"},\"thumbnailUrl\":\"https:\\\/\\\/www.france.fi\\\/wp-content\\\/uploads\\\/2021\\\/01\\\/lpdc-1098x617.jpg\",\"articleSection\":[\"Culture\"],\"inLanguage\":\"fr-FR\"},{\"@type\":\"WebPage\",\"@id\":\"https:\\\/\\\/www.france.fi\\\/fr\\\/culture\\\/films-francais-sur-yle-ce-printemps\\\/\",\"url\":\"https:\\\/\\\/www.france.fi\\\/fr\\\/culture\\\/films-francais-sur-yle-ce-printemps\\\/\",\"name\":\"Films fran\u00e7ais sur Yle ce printemps - Institut fran\u00e7ais\",\"isPartOf\":{\"@id\":\"https:\\\/\\\/www.france.fi\\\/#website\"},\"primaryImageOfPage\":{\"@id\":\"https:\\\/\\\/www.france.fi\\\/fr\\\/culture\\\/films-francais-sur-yle-ce-printemps\\\/#primaryimage\"},\"image\":{\"@id\":\"https:\\\/\\\/www.france.fi\\\/fr\\\/culture\\\/films-francais-sur-yle-ce-printemps\\\/#primaryimage\"},\"thumbnailUrl\":\"https:\\\/\\\/www.france.fi\\\/wp-content\\\/uploads\\\/2021\\\/01\\\/lpdc-1098x617.jpg\",\"datePublished\":\"2021-01-11T09:38:52+00:00\",\"dateModified\":\"2021-04-06T08:36:48+00:00\",\"breadcrumb\":{\"@id\":\"https:\\\/\\\/www.france.fi\\\/fr\\\/culture\\\/films-francais-sur-yle-ce-printemps\\\/#breadcrumb\"},\"inLanguage\":\"fr-FR\",\"potentialAction\":[{\"@type\":\"ReadAction\",\"target\":[\"https:\\\/\\\/www.france.fi\\\/fr\\\/culture\\\/films-francais-sur-yle-ce-printemps\\\/\"]}]},{\"@type\":\"ImageObject\",\"inLanguage\":\"fr-FR\",\"@id\":\"https:\\\/\\\/www.france.fi\\\/fr\\\/culture\\\/films-francais-sur-yle-ce-printemps\\\/#primaryimage\",\"url\":\"https:\\\/\\\/www.france.fi\\\/wp-content\\\/uploads\\\/2021\\\/01\\\/lpdc-1098x617.jpg\",\"contentUrl\":\"https:\\\/\\\/www.france.fi\\\/wp-content\\\/uploads\\\/2021\\\/01\\\/lpdc-1098x617.jpg\",\"width\":1280,\"height\":720},{\"@type\":\"BreadcrumbList\",\"@id\":\"https:\\\/\\\/www.france.fi\\\/fr\\\/culture\\\/films-francais-sur-yle-ce-printemps\\\/#breadcrumb\",\"itemListElement\":[{\"@type\":\"ListItem\",\"position\":1,\"name\":\"Home\",\"item\":\"https:\\\/\\\/www.france.fi\\\/fr\\\/\"},{\"@type\":\"ListItem\",\"position\":2,\"name\":\"Culture\",\"item\":\"https:\\\/\\\/www.france.fi\\\/fr\\\/category\\\/culture\\\/\"},{\"@type\":\"ListItem\",\"position\":3,\"name\":\"Films fran\u00e7ais sur Yle ce printemps\"}]},{\"@type\":\"WebSite\",\"@id\":\"https:\\\/\\\/www.france.fi\\\/#website\",\"url\":\"https:\\\/\\\/www.france.fi\\\/\",\"name\":\"Institut fran\u00e7ais de Finlande\",\"description\":\"\",\"publisher\":{\"@id\":\"https:\\\/\\\/www.france.fi\\\/#organization\"},\"potentialAction\":[{\"@type\":\"SearchAction\",\"target\":{\"@type\":\"EntryPoint\",\"urlTemplate\":\"https:\\\/\\\/www.france.fi\\\/?s={search_term_string}\"},\"query-input\":{\"@type\":\"PropertyValueSpecification\",\"valueRequired\":true,\"valueName\":\"search_term_string\"}}],\"inLanguage\":\"fr-FR\"},{\"@type\":\"Organization\",\"@id\":\"https:\\\/\\\/www.france.fi\\\/#organization\",\"name\":\"Institut fran\u00e7ais de Finlande\",\"url\":\"https:\\\/\\\/www.france.fi\\\/\",\"logo\":{\"@type\":\"ImageObject\",\"inLanguage\":\"fr-FR\",\"@id\":\"https:\\\/\\\/www.france.fi\\\/#\\\/schema\\\/logo\\\/image\\\/\",\"url\":\"https:\\\/\\\/www.france.fi\\\/wp-content\\\/uploads\\\/2024\\\/02\\\/if-logo-1.png\",\"contentUrl\":\"https:\\\/\\\/www.france.fi\\\/wp-content\\\/uploads\\\/2024\\\/02\\\/if-logo-1.png\",\"width\":687,\"height\":459,\"caption\":\"Institut fran\u00e7ais de Finlande\"},\"image\":{\"@id\":\"https:\\\/\\\/www.france.fi\\\/#\\\/schema\\\/logo\\\/image\\\/\"},\"sameAs\":[\"https:\\\/\\\/www.facebook.com\\\/institutfrancaisfi\",\"https:\\\/\\\/x.com\\\/IFFinlande\",\"https:\\\/\\\/www.instagram.com\\\/iffinlande\\\/\",\"https:\\\/\\\/fr.linkedin.com\\\/organization-guest\\\/company\\\/institut-fran-ais-de-finlande\",\"https:\\\/\\\/www.youtube.com\\\/channel\\\/UCHAitdpmSbeP78eL49XMotA\"]},{\"@type\":\"Person\",\"@id\":\"https:\\\/\\\/www.france.fi\\\/#\\\/schema\\\/person\\\/ed873f29db1d0af6a3600d15d3b65bfd\",\"name\":\"Equipe IFF\",\"image\":{\"@type\":\"ImageObject\",\"inLanguage\":\"fr-FR\",\"@id\":\"https:\\\/\\\/secure.gravatar.com\\\/avatar\\\/3c4ba80228d01014b25e45e90abb28ce315a02c6572751a7fb2298e4274989fc?s=96&d=mm&r=g\",\"url\":\"https:\\\/\\\/secure.gravatar.com\\\/avatar\\\/3c4ba80228d01014b25e45e90abb28ce315a02c6572751a7fb2298e4274989fc?s=96&d=mm&r=g\",\"contentUrl\":\"https:\\\/\\\/secure.gravatar.com\\\/avatar\\\/3c4ba80228d01014b25e45e90abb28ce315a02c6572751a7fb2298e4274989fc?s=96&d=mm&r=g\",\"caption\":\"Equipe IFF\"},\"url\":\"https:\\\/\\\/www.france.fi\\\/fr\\\/author\\\/iffadmin\\\/\"}]}<\/script>\n<!-- \/ Yoast SEO plugin. -->","yoast_head_json":{"title":"Films fran\u00e7ais sur Yle ce printemps - Institut fran\u00e7ais","robots":{"index":"index","follow":"follow","max-snippet":"max-snippet:-1","max-image-preview":"max-image-preview:large","max-video-preview":"max-video-preview:-1"},"canonical":"https:\/\/www.france.fi\/fr\/culture\/films-francais-sur-yle-ce-printemps\/","og_locale":"fr_FR","og_type":"article","og_title":"Films fran\u00e7ais sur Yle ce printemps - Institut fran\u00e7ais","og_description":"Au printemps, Yle proposera de nouveaux films fran\u00e7ais ! Par exemple, pour le samedi de P\u00e2ques, le c\u00e9l\u00e8bre compositeur de films Michel Legrand sera \u00e0 l\u2019honneur.","og_url":"https:\/\/www.france.fi\/fr\/culture\/films-francais-sur-yle-ce-printemps\/","og_site_name":"Institut fran\u00e7ais","article_publisher":"https:\/\/www.facebook.com\/institutfrancaisfi","article_published_time":"2021-01-11T09:38:52+00:00","article_modified_time":"2021-04-06T08:36:48+00:00","og_image":[{"width":1280,"height":720,"url":"https:\/\/www.france.fi\/wp-content\/uploads\/2021\/01\/lpdc-1098x617.jpg","type":"image\/jpeg"}],"author":"Equipe IFF","twitter_card":"summary_large_image","twitter_creator":"@IFFinlande","twitter_site":"@IFFinlande","twitter_misc":{"\u00c9crit par":"Equipe IFF","Dur\u00e9e de lecture estim\u00e9e":"2 minutes"},"schema":{"@context":"https:\/\/schema.org","@graph":[{"@type":"Article","@id":"https:\/\/www.france.fi\/fr\/culture\/films-francais-sur-yle-ce-printemps\/#article","isPartOf":{"@id":"https:\/\/www.france.fi\/fr\/culture\/films-francais-sur-yle-ce-printemps\/"},"author":{"name":"Equipe IFF","@id":"https:\/\/www.france.fi\/#\/schema\/person\/ed873f29db1d0af6a3600d15d3b65bfd"},"headline":"Films fran\u00e7ais sur Yle ce printemps","datePublished":"2021-01-11T09:38:52+00:00","dateModified":"2021-04-06T08:36:48+00:00","mainEntityOfPage":{"@id":"https:\/\/www.france.fi\/fr\/culture\/films-francais-sur-yle-ce-printemps\/"},"wordCount":258,"publisher":{"@id":"https:\/\/www.france.fi\/#organization"},"image":{"@id":"https:\/\/www.france.fi\/fr\/culture\/films-francais-sur-yle-ce-printemps\/#primaryimage"},"thumbnailUrl":"https:\/\/www.france.fi\/wp-content\/uploads\/2021\/01\/lpdc-1098x617.jpg","articleSection":["Culture"],"inLanguage":"fr-FR"},{"@type":"WebPage","@id":"https:\/\/www.france.fi\/fr\/culture\/films-francais-sur-yle-ce-printemps\/","url":"https:\/\/www.france.fi\/fr\/culture\/films-francais-sur-yle-ce-printemps\/","name":"Films fran\u00e7ais sur Yle ce printemps - Institut fran\u00e7ais","isPartOf":{"@id":"https:\/\/www.france.fi\/#website"},"primaryImageOfPage":{"@id":"https:\/\/www.france.fi\/fr\/culture\/films-francais-sur-yle-ce-printemps\/#primaryimage"},"image":{"@id":"https:\/\/www.france.fi\/fr\/culture\/films-francais-sur-yle-ce-printemps\/#primaryimage"},"thumbnailUrl":"https:\/\/www.france.fi\/wp-content\/uploads\/2021\/01\/lpdc-1098x617.jpg","datePublished":"2021-01-11T09:38:52+00:00","dateModified":"2021-04-06T08:36:48+00:00","breadcrumb":{"@id":"https:\/\/www.france.fi\/fr\/culture\/films-francais-sur-yle-ce-printemps\/#breadcrumb"},"inLanguage":"fr-FR","potentialAction":[{"@type":"ReadAction","target":["https:\/\/www.france.fi\/fr\/culture\/films-francais-sur-yle-ce-printemps\/"]}]},{"@type":"ImageObject","inLanguage":"fr-FR","@id":"https:\/\/www.france.fi\/fr\/culture\/films-francais-sur-yle-ce-printemps\/#primaryimage","url":"https:\/\/www.france.fi\/wp-content\/uploads\/2021\/01\/lpdc-1098x617.jpg","contentUrl":"https:\/\/www.france.fi\/wp-content\/uploads\/2021\/01\/lpdc-1098x617.jpg","width":1280,"height":720},{"@type":"BreadcrumbList","@id":"https:\/\/www.france.fi\/fr\/culture\/films-francais-sur-yle-ce-printemps\/#breadcrumb","itemListElement":[{"@type":"ListItem","position":1,"name":"Home","item":"https:\/\/www.france.fi\/fr\/"},{"@type":"ListItem","position":2,"name":"Culture","item":"https:\/\/www.france.fi\/fr\/category\/culture\/"},{"@type":"ListItem","position":3,"name":"Films fran\u00e7ais sur Yle ce printemps"}]},{"@type":"WebSite","@id":"https:\/\/www.france.fi\/#website","url":"https:\/\/www.france.fi\/","name":"Institut fran\u00e7ais de Finlande","description":"","publisher":{"@id":"https:\/\/www.france.fi\/#organization"},"potentialAction":[{"@type":"SearchAction","target":{"@type":"EntryPoint","urlTemplate":"https:\/\/www.france.fi\/?s={search_term_string}"},"query-input":{"@type":"PropertyValueSpecification","valueRequired":true,"valueName":"search_term_string"}}],"inLanguage":"fr-FR"},{"@type":"Organization","@id":"https:\/\/www.france.fi\/#organization","name":"Institut fran\u00e7ais de Finlande","url":"https:\/\/www.france.fi\/","logo":{"@type":"ImageObject","inLanguage":"fr-FR","@id":"https:\/\/www.france.fi\/#\/schema\/logo\/image\/","url":"https:\/\/www.france.fi\/wp-content\/uploads\/2024\/02\/if-logo-1.png","contentUrl":"https:\/\/www.france.fi\/wp-content\/uploads\/2024\/02\/if-logo-1.png","width":687,"height":459,"caption":"Institut fran\u00e7ais de Finlande"},"image":{"@id":"https:\/\/www.france.fi\/#\/schema\/logo\/image\/"},"sameAs":["https:\/\/www.facebook.com\/institutfrancaisfi","https:\/\/x.com\/IFFinlande","https:\/\/www.instagram.com\/iffinlande\/","https:\/\/fr.linkedin.com\/organization-guest\/company\/institut-fran-ais-de-finlande","https:\/\/www.youtube.com\/channel\/UCHAitdpmSbeP78eL49XMotA"]},{"@type":"Person","@id":"https:\/\/www.france.fi\/#\/schema\/person\/ed873f29db1d0af6a3600d15d3b65bfd","name":"Equipe IFF","image":{"@type":"ImageObject","inLanguage":"fr-FR","@id":"https:\/\/secure.gravatar.com\/avatar\/3c4ba80228d01014b25e45e90abb28ce315a02c6572751a7fb2298e4274989fc?s=96&d=mm&r=g","url":"https:\/\/secure.gravatar.com\/avatar\/3c4ba80228d01014b25e45e90abb28ce315a02c6572751a7fb2298e4274989fc?s=96&d=mm&r=g","contentUrl":"https:\/\/secure.gravatar.com\/avatar\/3c4ba80228d01014b25e45e90abb28ce315a02c6572751a7fb2298e4274989fc?s=96&d=mm&r=g","caption":"Equipe IFF"},"url":"https:\/\/www.france.fi\/fr\/author\/iffadmin\/"}]}},"_links":{"self":[{"href":"https:\/\/www.france.fi\/fr\/wp-json\/wp\/v2\/posts\/3575","targetHints":{"allow":["GET"]}}],"collection":[{"href":"https:\/\/www.france.fi\/fr\/wp-json\/wp\/v2\/posts"}],"about":[{"href":"https:\/\/www.france.fi\/fr\/wp-json\/wp\/v2\/types\/post"}],"author":[{"embeddable":true,"href":"https:\/\/www.france.fi\/fr\/wp-json\/wp\/v2\/users\/2"}],"replies":[{"embeddable":true,"href":"https:\/\/www.france.fi\/fr\/wp-json\/wp\/v2\/comments?post=3575"}],"version-history":[{"count":0,"href":"https:\/\/www.france.fi\/fr\/wp-json\/wp\/v2\/posts\/3575\/revisions"}],"wp:featuredmedia":[{"embeddable":true,"href":"https:\/\/www.france.fi\/fr\/wp-json\/wp\/v2\/media\/3576"}],"wp:attachment":[{"href":"https:\/\/www.france.fi\/fr\/wp-json\/wp\/v2\/media?parent=3575"}],"wp:term":[{"taxonomy":"category","embeddable":true,"href":"https:\/\/www.france.fi\/fr\/wp-json\/wp\/v2\/categories?post=3575"},{"taxonomy":"post_tag","embeddable":true,"href":"https:\/\/www.france.fi\/fr\/wp-json\/wp\/v2\/tags?post=3575"}],"curies":[{"name":"wp","href":"https:\/\/api.w.org\/{rel}","templated":true}]}}