{"id":4687,"date":"2022-02-04T15:44:00","date_gmt":"2022-02-04T13:44:00","guid":{"rendered":"http:\/\/www.france.fi\/?p=4687"},"modified":"2022-03-08T09:03:44","modified_gmt":"2022-03-08T07:03:44","slug":"et-si-on-parlait-francais","status":"publish","type":"post","link":"https:\/\/www.france.fi\/fr\/langue-francaise\/et-si-on-parlait-francais\/","title":{"rendered":"Et si on parlait fran\u00e7ais ?"},"content":{"rendered":"\n<p>L\u2019\u00e9cole Jules Verne offre \u00e0 vos enfants la possibilit\u00e9 de devenir bilingue dans un \u00a0environnement chaleureux. Pas besoin de parler fran\u00e7ais pour commencer. L\u2019apprentissage se fait progressivement avec le personnel francophone. Des activit\u00e9s quotidiennes sont propos\u00e9es en petit groupe.<\/p>\n<p>Notre p\u00e9dagogie prend en compte le d\u00e9veloppement individuel de l\u2019enfant et renforce ses aptitudes naturelles.<\/p>\n<p>Nos familles b\u00e9n\u00e9ficient des services de Kela.<\/p>\n<p><b>Inscrivez-vous aux portes ouvertes virtuelles !<\/b><\/p>\n<p><b>Mardi 15 f\u00e9vrier 2022 \u00e0 17h (en finnois)<\/b><\/p>\n<p><b>Mercredi 16 f\u00e9vrier 2022 \u00e0 17h (en anglais)<\/b><\/p>\n<p>Pour plus d\u2019informations:\u00a0<br \/><u><a tabindex=\"-1\" title=\"mailto:info@ecolejulesverne.fi\" href=\"mailto:info@ecolejulesverne.fi\" target=\"_blank\" rel=\"noopener noreferrer\" aria-label=\"Lien info@ecolejulesverne.fi\">info@ecolejulesverne.fi<\/a><\/u>\u00a0<br \/>+358 9 565 1926<br \/>ou\u00a0\u00a0<strong><u><a tabindex=\"-1\" title=\"http:\/\/www.ecolejulesverne.fi\/\" href=\"http:\/\/www.ecolejulesverne.fi\/\" target=\"_blank\" rel=\"noopener noreferrer\" aria-label=\"Lien www.ecolejulesverne.fi\">www.ecolejulesverne.fi<\/a><\/u><\/strong><\/p>\n","protected":false},"excerpt":{"rendered":"<p>Journ\u00e9e portes ouvertes \u00e0 Jules Verne: une \u00e9cole au c\u0153ur d&rsquo;Helsinki<\/p>\n","protected":false},"author":2,"featured_media":4698,"comment_status":"closed","ping_status":"open","sticky":false,"template":"","format":"standard","meta":{"footnotes":""},"categories":[45],"tags":[],"class_list":["post-4687","post","type-post","status-publish","format-standard","has-post-thumbnail","hentry","category-langue-francaise"],"yoast_head":"<!-- This site is optimized with the Yoast SEO plugin v27.4 - https:\/\/yoast.com\/product\/yoast-seo-wordpress\/ -->\n<title>Et si on parlait fran\u00e7ais ? - Institut fran\u00e7ais<\/title>\n<meta name=\"robots\" content=\"index, follow, max-snippet:-1, max-image-preview:large, max-video-preview:-1\" \/>\n<link rel=\"canonical\" href=\"https:\/\/www.france.fi\/fr\/langue-francaise\/et-si-on-parlait-francais\/\" \/>\n<meta property=\"og:locale\" content=\"fr_FR\" \/>\n<meta property=\"og:type\" content=\"article\" \/>\n<meta property=\"og:title\" content=\"Et si on parlait fran\u00e7ais ? - Institut fran\u00e7ais\" \/>\n<meta property=\"og:description\" content=\"Journ\u00e9e portes ouvertes \u00e0 Jules Verne: une \u00e9cole au c\u0153ur d&#039;Helsinki\" \/>\n<meta property=\"og:url\" content=\"https:\/\/www.france.fi\/fr\/langue-francaise\/et-si-on-parlait-francais\/\" \/>\n<meta property=\"og:site_name\" content=\"Institut fran\u00e7ais\" \/>\n<meta property=\"article:publisher\" content=\"https:\/\/www.facebook.com\/institutfrancaisfi\" \/>\n<meta property=\"article:published_time\" content=\"2022-02-04T13:44:00+00:00\" \/>\n<meta property=\"article:modified_time\" content=\"2022-03-08T07:03:44+00:00\" \/>\n<meta property=\"og:image\" content=\"https:\/\/www.france.fi\/wp-content\/uploads\/2021\/03\/Ecole-Jules-Verne-1098x617.jpg\" \/>\n\t<meta property=\"og:image:width\" content=\"1280\" \/>\n\t<meta property=\"og:image:height\" content=\"720\" \/>\n\t<meta property=\"og:image:type\" content=\"image\/jpeg\" \/>\n<meta name=\"author\" content=\"Equipe IFF\" \/>\n<meta name=\"twitter:card\" content=\"summary_large_image\" \/>\n<meta name=\"twitter:creator\" content=\"@IFFinlande\" \/>\n<meta name=\"twitter:site\" content=\"@IFFinlande\" \/>\n<meta name=\"twitter:label1\" content=\"\u00c9crit par\" \/>\n\t<meta name=\"twitter:data1\" content=\"Equipe IFF\" \/>\n\t<meta name=\"twitter:label2\" content=\"Dur\u00e9e de lecture estim\u00e9e\" \/>\n\t<meta name=\"twitter:data2\" content=\"1 minute\" \/>\n<script type=\"application\/ld+json\" class=\"yoast-schema-graph\">{\"@context\":\"https:\\\/\\\/schema.org\",\"@graph\":[{\"@type\":\"Article\",\"@id\":\"https:\\\/\\\/www.france.fi\\\/fr\\\/langue-francaise\\\/et-si-on-parlait-francais\\\/#article\",\"isPartOf\":{\"@id\":\"https:\\\/\\\/www.france.fi\\\/fr\\\/langue-francaise\\\/et-si-on-parlait-francais\\\/\"},\"author\":{\"name\":\"Equipe IFF\",\"@id\":\"https:\\\/\\\/www.france.fi\\\/#\\\/schema\\\/person\\\/ed873f29db1d0af6a3600d15d3b65bfd\"},\"headline\":\"Et si on parlait fran\u00e7ais ?\",\"datePublished\":\"2022-02-04T13:44:00+00:00\",\"dateModified\":\"2022-03-08T07:03:44+00:00\",\"mainEntityOfPage\":{\"@id\":\"https:\\\/\\\/www.france.fi\\\/fr\\\/langue-francaise\\\/et-si-on-parlait-francais\\\/\"},\"wordCount\":104,\"publisher\":{\"@id\":\"https:\\\/\\\/www.france.fi\\\/#organization\"},\"image\":{\"@id\":\"https:\\\/\\\/www.france.fi\\\/fr\\\/langue-francaise\\\/et-si-on-parlait-francais\\\/#primaryimage\"},\"thumbnailUrl\":\"https:\\\/\\\/www.france.fi\\\/wp-content\\\/uploads\\\/2021\\\/03\\\/Ecole-Jules-Verne-1098x617.jpg\",\"articleSection\":[\"Langue fran\u00e7aise\"],\"inLanguage\":\"fr-FR\"},{\"@type\":\"WebPage\",\"@id\":\"https:\\\/\\\/www.france.fi\\\/fr\\\/langue-francaise\\\/et-si-on-parlait-francais\\\/\",\"url\":\"https:\\\/\\\/www.france.fi\\\/fr\\\/langue-francaise\\\/et-si-on-parlait-francais\\\/\",\"name\":\"Et si on parlait fran\u00e7ais ? - Institut fran\u00e7ais\",\"isPartOf\":{\"@id\":\"https:\\\/\\\/www.france.fi\\\/#website\"},\"primaryImageOfPage\":{\"@id\":\"https:\\\/\\\/www.france.fi\\\/fr\\\/langue-francaise\\\/et-si-on-parlait-francais\\\/#primaryimage\"},\"image\":{\"@id\":\"https:\\\/\\\/www.france.fi\\\/fr\\\/langue-francaise\\\/et-si-on-parlait-francais\\\/#primaryimage\"},\"thumbnailUrl\":\"https:\\\/\\\/www.france.fi\\\/wp-content\\\/uploads\\\/2021\\\/03\\\/Ecole-Jules-Verne-1098x617.jpg\",\"datePublished\":\"2022-02-04T13:44:00+00:00\",\"dateModified\":\"2022-03-08T07:03:44+00:00\",\"breadcrumb\":{\"@id\":\"https:\\\/\\\/www.france.fi\\\/fr\\\/langue-francaise\\\/et-si-on-parlait-francais\\\/#breadcrumb\"},\"inLanguage\":\"fr-FR\",\"potentialAction\":[{\"@type\":\"ReadAction\",\"target\":[\"https:\\\/\\\/www.france.fi\\\/fr\\\/langue-francaise\\\/et-si-on-parlait-francais\\\/\"]}]},{\"@type\":\"ImageObject\",\"inLanguage\":\"fr-FR\",\"@id\":\"https:\\\/\\\/www.france.fi\\\/fr\\\/langue-francaise\\\/et-si-on-parlait-francais\\\/#primaryimage\",\"url\":\"https:\\\/\\\/www.france.fi\\\/wp-content\\\/uploads\\\/2021\\\/03\\\/Ecole-Jules-Verne-1098x617.jpg\",\"contentUrl\":\"https:\\\/\\\/www.france.fi\\\/wp-content\\\/uploads\\\/2021\\\/03\\\/Ecole-Jules-Verne-1098x617.jpg\",\"width\":1280,\"height\":720},{\"@type\":\"BreadcrumbList\",\"@id\":\"https:\\\/\\\/www.france.fi\\\/fr\\\/langue-francaise\\\/et-si-on-parlait-francais\\\/#breadcrumb\",\"itemListElement\":[{\"@type\":\"ListItem\",\"position\":1,\"name\":\"Home\",\"item\":\"https:\\\/\\\/www.france.fi\\\/fr\\\/\"},{\"@type\":\"ListItem\",\"position\":2,\"name\":\"Langue fran\u00e7aise\",\"item\":\"https:\\\/\\\/www.france.fi\\\/fr\\\/category\\\/langue-francaise\\\/\"},{\"@type\":\"ListItem\",\"position\":3,\"name\":\"Et si on parlait fran\u00e7ais ?\"}]},{\"@type\":\"WebSite\",\"@id\":\"https:\\\/\\\/www.france.fi\\\/#website\",\"url\":\"https:\\\/\\\/www.france.fi\\\/\",\"name\":\"Institut fran\u00e7ais de Finlande\",\"description\":\"\",\"publisher\":{\"@id\":\"https:\\\/\\\/www.france.fi\\\/#organization\"},\"potentialAction\":[{\"@type\":\"SearchAction\",\"target\":{\"@type\":\"EntryPoint\",\"urlTemplate\":\"https:\\\/\\\/www.france.fi\\\/?s={search_term_string}\"},\"query-input\":{\"@type\":\"PropertyValueSpecification\",\"valueRequired\":true,\"valueName\":\"search_term_string\"}}],\"inLanguage\":\"fr-FR\"},{\"@type\":\"Organization\",\"@id\":\"https:\\\/\\\/www.france.fi\\\/#organization\",\"name\":\"Institut fran\u00e7ais de Finlande\",\"url\":\"https:\\\/\\\/www.france.fi\\\/\",\"logo\":{\"@type\":\"ImageObject\",\"inLanguage\":\"fr-FR\",\"@id\":\"https:\\\/\\\/www.france.fi\\\/#\\\/schema\\\/logo\\\/image\\\/\",\"url\":\"https:\\\/\\\/www.france.fi\\\/wp-content\\\/uploads\\\/2024\\\/02\\\/if-logo-1.png\",\"contentUrl\":\"https:\\\/\\\/www.france.fi\\\/wp-content\\\/uploads\\\/2024\\\/02\\\/if-logo-1.png\",\"width\":687,\"height\":459,\"caption\":\"Institut fran\u00e7ais de Finlande\"},\"image\":{\"@id\":\"https:\\\/\\\/www.france.fi\\\/#\\\/schema\\\/logo\\\/image\\\/\"},\"sameAs\":[\"https:\\\/\\\/www.facebook.com\\\/institutfrancaisfi\",\"https:\\\/\\\/x.com\\\/IFFinlande\",\"https:\\\/\\\/www.instagram.com\\\/iffinlande\\\/\",\"https:\\\/\\\/fr.linkedin.com\\\/organization-guest\\\/company\\\/institut-fran-ais-de-finlande\",\"https:\\\/\\\/www.youtube.com\\\/channel\\\/UCHAitdpmSbeP78eL49XMotA\"]},{\"@type\":\"Person\",\"@id\":\"https:\\\/\\\/www.france.fi\\\/#\\\/schema\\\/person\\\/ed873f29db1d0af6a3600d15d3b65bfd\",\"name\":\"Equipe IFF\",\"image\":{\"@type\":\"ImageObject\",\"inLanguage\":\"fr-FR\",\"@id\":\"https:\\\/\\\/secure.gravatar.com\\\/avatar\\\/3c4ba80228d01014b25e45e90abb28ce315a02c6572751a7fb2298e4274989fc?s=96&d=mm&r=g\",\"url\":\"https:\\\/\\\/secure.gravatar.com\\\/avatar\\\/3c4ba80228d01014b25e45e90abb28ce315a02c6572751a7fb2298e4274989fc?s=96&d=mm&r=g\",\"contentUrl\":\"https:\\\/\\\/secure.gravatar.com\\\/avatar\\\/3c4ba80228d01014b25e45e90abb28ce315a02c6572751a7fb2298e4274989fc?s=96&d=mm&r=g\",\"caption\":\"Equipe IFF\"},\"url\":\"https:\\\/\\\/www.france.fi\\\/fr\\\/author\\\/iffadmin\\\/\"}]}<\/script>\n<!-- \/ Yoast SEO plugin. -->","yoast_head_json":{"title":"Et si on parlait fran\u00e7ais ? - Institut fran\u00e7ais","robots":{"index":"index","follow":"follow","max-snippet":"max-snippet:-1","max-image-preview":"max-image-preview:large","max-video-preview":"max-video-preview:-1"},"canonical":"https:\/\/www.france.fi\/fr\/langue-francaise\/et-si-on-parlait-francais\/","og_locale":"fr_FR","og_type":"article","og_title":"Et si on parlait fran\u00e7ais ? - Institut fran\u00e7ais","og_description":"Journ\u00e9e portes ouvertes \u00e0 Jules Verne: une \u00e9cole au c\u0153ur d'Helsinki","og_url":"https:\/\/www.france.fi\/fr\/langue-francaise\/et-si-on-parlait-francais\/","og_site_name":"Institut fran\u00e7ais","article_publisher":"https:\/\/www.facebook.com\/institutfrancaisfi","article_published_time":"2022-02-04T13:44:00+00:00","article_modified_time":"2022-03-08T07:03:44+00:00","og_image":[{"width":1280,"height":720,"url":"https:\/\/www.france.fi\/wp-content\/uploads\/2021\/03\/Ecole-Jules-Verne-1098x617.jpg","type":"image\/jpeg"}],"author":"Equipe IFF","twitter_card":"summary_large_image","twitter_creator":"@IFFinlande","twitter_site":"@IFFinlande","twitter_misc":{"\u00c9crit par":"Equipe IFF","Dur\u00e9e de lecture estim\u00e9e":"1 minute"},"schema":{"@context":"https:\/\/schema.org","@graph":[{"@type":"Article","@id":"https:\/\/www.france.fi\/fr\/langue-francaise\/et-si-on-parlait-francais\/#article","isPartOf":{"@id":"https:\/\/www.france.fi\/fr\/langue-francaise\/et-si-on-parlait-francais\/"},"author":{"name":"Equipe IFF","@id":"https:\/\/www.france.fi\/#\/schema\/person\/ed873f29db1d0af6a3600d15d3b65bfd"},"headline":"Et si on parlait fran\u00e7ais ?","datePublished":"2022-02-04T13:44:00+00:00","dateModified":"2022-03-08T07:03:44+00:00","mainEntityOfPage":{"@id":"https:\/\/www.france.fi\/fr\/langue-francaise\/et-si-on-parlait-francais\/"},"wordCount":104,"publisher":{"@id":"https:\/\/www.france.fi\/#organization"},"image":{"@id":"https:\/\/www.france.fi\/fr\/langue-francaise\/et-si-on-parlait-francais\/#primaryimage"},"thumbnailUrl":"https:\/\/www.france.fi\/wp-content\/uploads\/2021\/03\/Ecole-Jules-Verne-1098x617.jpg","articleSection":["Langue fran\u00e7aise"],"inLanguage":"fr-FR"},{"@type":"WebPage","@id":"https:\/\/www.france.fi\/fr\/langue-francaise\/et-si-on-parlait-francais\/","url":"https:\/\/www.france.fi\/fr\/langue-francaise\/et-si-on-parlait-francais\/","name":"Et si on parlait fran\u00e7ais ? - Institut fran\u00e7ais","isPartOf":{"@id":"https:\/\/www.france.fi\/#website"},"primaryImageOfPage":{"@id":"https:\/\/www.france.fi\/fr\/langue-francaise\/et-si-on-parlait-francais\/#primaryimage"},"image":{"@id":"https:\/\/www.france.fi\/fr\/langue-francaise\/et-si-on-parlait-francais\/#primaryimage"},"thumbnailUrl":"https:\/\/www.france.fi\/wp-content\/uploads\/2021\/03\/Ecole-Jules-Verne-1098x617.jpg","datePublished":"2022-02-04T13:44:00+00:00","dateModified":"2022-03-08T07:03:44+00:00","breadcrumb":{"@id":"https:\/\/www.france.fi\/fr\/langue-francaise\/et-si-on-parlait-francais\/#breadcrumb"},"inLanguage":"fr-FR","potentialAction":[{"@type":"ReadAction","target":["https:\/\/www.france.fi\/fr\/langue-francaise\/et-si-on-parlait-francais\/"]}]},{"@type":"ImageObject","inLanguage":"fr-FR","@id":"https:\/\/www.france.fi\/fr\/langue-francaise\/et-si-on-parlait-francais\/#primaryimage","url":"https:\/\/www.france.fi\/wp-content\/uploads\/2021\/03\/Ecole-Jules-Verne-1098x617.jpg","contentUrl":"https:\/\/www.france.fi\/wp-content\/uploads\/2021\/03\/Ecole-Jules-Verne-1098x617.jpg","width":1280,"height":720},{"@type":"BreadcrumbList","@id":"https:\/\/www.france.fi\/fr\/langue-francaise\/et-si-on-parlait-francais\/#breadcrumb","itemListElement":[{"@type":"ListItem","position":1,"name":"Home","item":"https:\/\/www.france.fi\/fr\/"},{"@type":"ListItem","position":2,"name":"Langue fran\u00e7aise","item":"https:\/\/www.france.fi\/fr\/category\/langue-francaise\/"},{"@type":"ListItem","position":3,"name":"Et si on parlait fran\u00e7ais ?"}]},{"@type":"WebSite","@id":"https:\/\/www.france.fi\/#website","url":"https:\/\/www.france.fi\/","name":"Institut fran\u00e7ais de Finlande","description":"","publisher":{"@id":"https:\/\/www.france.fi\/#organization"},"potentialAction":[{"@type":"SearchAction","target":{"@type":"EntryPoint","urlTemplate":"https:\/\/www.france.fi\/?s={search_term_string}"},"query-input":{"@type":"PropertyValueSpecification","valueRequired":true,"valueName":"search_term_string"}}],"inLanguage":"fr-FR"},{"@type":"Organization","@id":"https:\/\/www.france.fi\/#organization","name":"Institut fran\u00e7ais de Finlande","url":"https:\/\/www.france.fi\/","logo":{"@type":"ImageObject","inLanguage":"fr-FR","@id":"https:\/\/www.france.fi\/#\/schema\/logo\/image\/","url":"https:\/\/www.france.fi\/wp-content\/uploads\/2024\/02\/if-logo-1.png","contentUrl":"https:\/\/www.france.fi\/wp-content\/uploads\/2024\/02\/if-logo-1.png","width":687,"height":459,"caption":"Institut fran\u00e7ais de Finlande"},"image":{"@id":"https:\/\/www.france.fi\/#\/schema\/logo\/image\/"},"sameAs":["https:\/\/www.facebook.com\/institutfrancaisfi","https:\/\/x.com\/IFFinlande","https:\/\/www.instagram.com\/iffinlande\/","https:\/\/fr.linkedin.com\/organization-guest\/company\/institut-fran-ais-de-finlande","https:\/\/www.youtube.com\/channel\/UCHAitdpmSbeP78eL49XMotA"]},{"@type":"Person","@id":"https:\/\/www.france.fi\/#\/schema\/person\/ed873f29db1d0af6a3600d15d3b65bfd","name":"Equipe IFF","image":{"@type":"ImageObject","inLanguage":"fr-FR","@id":"https:\/\/secure.gravatar.com\/avatar\/3c4ba80228d01014b25e45e90abb28ce315a02c6572751a7fb2298e4274989fc?s=96&d=mm&r=g","url":"https:\/\/secure.gravatar.com\/avatar\/3c4ba80228d01014b25e45e90abb28ce315a02c6572751a7fb2298e4274989fc?s=96&d=mm&r=g","contentUrl":"https:\/\/secure.gravatar.com\/avatar\/3c4ba80228d01014b25e45e90abb28ce315a02c6572751a7fb2298e4274989fc?s=96&d=mm&r=g","caption":"Equipe IFF"},"url":"https:\/\/www.france.fi\/fr\/author\/iffadmin\/"}]}},"_links":{"self":[{"href":"https:\/\/www.france.fi\/fr\/wp-json\/wp\/v2\/posts\/4687","targetHints":{"allow":["GET"]}}],"collection":[{"href":"https:\/\/www.france.fi\/fr\/wp-json\/wp\/v2\/posts"}],"about":[{"href":"https:\/\/www.france.fi\/fr\/wp-json\/wp\/v2\/types\/post"}],"author":[{"embeddable":true,"href":"https:\/\/www.france.fi\/fr\/wp-json\/wp\/v2\/users\/2"}],"replies":[{"embeddable":true,"href":"https:\/\/www.france.fi\/fr\/wp-json\/wp\/v2\/comments?post=4687"}],"version-history":[{"count":0,"href":"https:\/\/www.france.fi\/fr\/wp-json\/wp\/v2\/posts\/4687\/revisions"}],"wp:featuredmedia":[{"embeddable":true,"href":"https:\/\/www.france.fi\/fr\/wp-json\/wp\/v2\/media\/4698"}],"wp:attachment":[{"href":"https:\/\/www.france.fi\/fr\/wp-json\/wp\/v2\/media?parent=4687"}],"wp:term":[{"taxonomy":"category","embeddable":true,"href":"https:\/\/www.france.fi\/fr\/wp-json\/wp\/v2\/categories?post=4687"},{"taxonomy":"post_tag","embeddable":true,"href":"https:\/\/www.france.fi\/fr\/wp-json\/wp\/v2\/tags?post=4687"}],"curies":[{"name":"wp","href":"https:\/\/api.w.org\/{rel}","templated":true}]}}