{"id":5046,"date":"2021-05-03T15:43:11","date_gmt":"2021-05-03T12:43:11","guid":{"rendered":"http:\/\/www.france.fi\/?p=5046"},"modified":"2021-05-11T13:43:21","modified_gmt":"2021-05-11T10:43:21","slug":"films-francophones-au-season-film-festival","status":"publish","type":"post","link":"https:\/\/www.france.fi\/fr\/culture\/films-francophones-au-season-film-festival\/","title":{"rendered":"Films francophones au Season Film Festival"},"content":{"rendered":"\n<p><strong>Courts-m\u00e9trages : Wonder Moms<\/strong><\/p>\n<h4><strong>Famille nucl\u00e9aire, Faustine Crespy, Belgique<\/strong><\/h4>\n<p>Jules, 18 ans, passe ses vacances \u00e0 contrec\u0153ur dans le camping naturiste de son enfance. Il est tiraill\u00e9 entre son attirance pour le beau Karim, saisonnier sur la plage des textiles, et la d\u00e9pression de sa m\u00e8re Ad\u00e8le, qui refuse de le laisser grandir.<\/p>\n<h4><strong>A la mer poussi\u00e8re, H\u00e9lo\u00efse Ferlay, 2020, France, 12\u2019<\/strong><\/h4>\n<p>Livre\u0301s a\u0300 eux-me\u0302mes dans le profond de l&rsquo;e\u0301te\u0301, Malo et Zoe\u0301 tentent vaille que vaille d&rsquo;attirer le regard fuyant de leur maman.<\/p>\n<p><a href=\"https:\/\/hiff.fi\/en\/elokuvat\/happy-bubble-wonder-moms\/\">https:\/\/hiff.fi\/en\/elokuvat\/happy-bubble-wonder-moms\/<\/a><\/p>\n<h4><strong>Deux, Filippo Meneghetti, 2019, 1h39<\/strong><\/h4>\n<p>Nina et Madeleine sont profond\u00e9ment amoureuses l\u2019une de l\u2019autre. Aux yeux de tous, elles ne sont que de simples voisines vivant au dernier \u00e9tage de leur immeuble. Au quotidien, elles vont et viennent entre leurs deux appartements et partagent leurs vies ensemble. Personne ne les conna\u00eet vraiment, pas m\u00eame Anne, la fille attentionn\u00e9e de Madeleine. Jusqu\u2019au jour o\u00f9 un \u00e9v\u00e9nement tragique fait tout basculer\u2026<\/p>\n<p><a href=\"https:\/\/hiff.fi\/elokuvat\/riemukupla-yhdessa\/\">https:\/\/hiff.fi\/elokuvat\/riemukupla-yhdessa\/<\/a><\/p>\n<h4><strong>Slalom, Charl\u00e8ne Favier, 2020, 1h32<\/strong><\/h4>\n<p>Lyz, 15 ans, vient d&rsquo;int\u00e9grer une prestigieuse section ski-\u00e9tudes du lyc\u00e9e de Bourg-Saint-Maurice. Fred, ex-champion et d\u00e9sormais entra\u00eeneur, d\u00e9cide de tout miser sur sa nouvelle recrue. Galvanis\u00e9e par son soutien, Lyz s&rsquo;investit \u00e0 corps perdu, physiquement et \u00e9motionnellement. Elle encha\u00eene les succ\u00e8s mais bascule rapidement sous l&#8217;emprise absolue de Fred&#8230;<\/p>\n<p><a href=\"https:\/\/hiff.fi\/elokuvat\/slalom\/\">https:\/\/hiff.fi\/elokuvat\/slalom\/<br \/><br \/><\/a><\/p>\n","protected":false},"excerpt":{"rendered":"<p>Le Festival du film de printemps d\u2019Helsinki revient avec les courts et longs-m\u00e9trages  qui ont fait l\u2019actualit\u00e9s l\u2019an dernier ! <\/p>\n","protected":false},"author":2,"featured_media":5047,"comment_status":"closed","ping_status":"open","sticky":false,"template":"","format":"standard","meta":{"footnotes":""},"categories":[1],"tags":[],"class_list":["post-5046","post","type-post","status-publish","format-standard","has-post-thumbnail","hentry","category-culture"],"yoast_head":"<!-- This site is optimized with the Yoast SEO plugin v27.4 - https:\/\/yoast.com\/product\/yoast-seo-wordpress\/ -->\n<title>Films francophones au Season Film Festival - Institut fran\u00e7ais<\/title>\n<meta name=\"robots\" content=\"index, follow, max-snippet:-1, max-image-preview:large, max-video-preview:-1\" \/>\n<link rel=\"canonical\" href=\"https:\/\/www.france.fi\/fr\/culture\/films-francophones-au-season-film-festival\/\" \/>\n<meta property=\"og:locale\" content=\"fr_FR\" \/>\n<meta property=\"og:type\" content=\"article\" \/>\n<meta property=\"og:title\" content=\"Films francophones au Season Film Festival - Institut fran\u00e7ais\" \/>\n<meta property=\"og:description\" content=\"Le Festival du film de printemps d\u2019Helsinki revient avec les courts et longs-m\u00e9trages qui ont fait l\u2019actualit\u00e9s l\u2019an dernier !\" \/>\n<meta property=\"og:url\" content=\"https:\/\/www.france.fi\/fr\/culture\/films-francophones-au-season-film-festival\/\" \/>\n<meta property=\"og:site_name\" content=\"Institut fran\u00e7ais\" \/>\n<meta property=\"article:publisher\" content=\"https:\/\/www.facebook.com\/institutfrancaisfi\" \/>\n<meta property=\"article:published_time\" content=\"2021-05-03T12:43:11+00:00\" \/>\n<meta property=\"article:modified_time\" content=\"2021-05-11T10:43:21+00:00\" \/>\n<meta property=\"og:image\" content=\"https:\/\/www.france.fi\/wp-content\/uploads\/2021\/05\/season-film-festival-1098x617.png\" \/>\n\t<meta property=\"og:image:width\" content=\"1280\" \/>\n\t<meta property=\"og:image:height\" content=\"720\" \/>\n\t<meta property=\"og:image:type\" content=\"image\/png\" \/>\n<meta name=\"author\" content=\"Equipe IFF\" \/>\n<meta name=\"twitter:card\" content=\"summary_large_image\" \/>\n<meta name=\"twitter:creator\" content=\"@IFFinlande\" \/>\n<meta name=\"twitter:site\" content=\"@IFFinlande\" \/>\n<meta name=\"twitter:label1\" content=\"\u00c9crit par\" \/>\n\t<meta name=\"twitter:data1\" content=\"Equipe IFF\" \/>\n\t<meta name=\"twitter:label2\" content=\"Dur\u00e9e de lecture estim\u00e9e\" \/>\n\t<meta name=\"twitter:data2\" content=\"1 minute\" \/>\n<script type=\"application\/ld+json\" class=\"yoast-schema-graph\">{\"@context\":\"https:\\\/\\\/schema.org\",\"@graph\":[{\"@type\":\"Article\",\"@id\":\"https:\\\/\\\/www.france.fi\\\/fr\\\/culture\\\/films-francophones-au-season-film-festival\\\/#article\",\"isPartOf\":{\"@id\":\"https:\\\/\\\/www.france.fi\\\/fr\\\/culture\\\/films-francophones-au-season-film-festival\\\/\"},\"author\":{\"name\":\"Equipe IFF\",\"@id\":\"https:\\\/\\\/www.france.fi\\\/#\\\/schema\\\/person\\\/ed873f29db1d0af6a3600d15d3b65bfd\"},\"headline\":\"Films francophones au Season Film Festival\",\"datePublished\":\"2021-05-03T12:43:11+00:00\",\"dateModified\":\"2021-05-11T10:43:21+00:00\",\"mainEntityOfPage\":{\"@id\":\"https:\\\/\\\/www.france.fi\\\/fr\\\/culture\\\/films-francophones-au-season-film-festival\\\/\"},\"wordCount\":256,\"publisher\":{\"@id\":\"https:\\\/\\\/www.france.fi\\\/#organization\"},\"image\":{\"@id\":\"https:\\\/\\\/www.france.fi\\\/fr\\\/culture\\\/films-francophones-au-season-film-festival\\\/#primaryimage\"},\"thumbnailUrl\":\"https:\\\/\\\/www.france.fi\\\/wp-content\\\/uploads\\\/2021\\\/05\\\/season-film-festival-1098x617.png\",\"articleSection\":[\"Culture\"],\"inLanguage\":\"fr-FR\"},{\"@type\":\"WebPage\",\"@id\":\"https:\\\/\\\/www.france.fi\\\/fr\\\/culture\\\/films-francophones-au-season-film-festival\\\/\",\"url\":\"https:\\\/\\\/www.france.fi\\\/fr\\\/culture\\\/films-francophones-au-season-film-festival\\\/\",\"name\":\"Films francophones au Season Film Festival - Institut fran\u00e7ais\",\"isPartOf\":{\"@id\":\"https:\\\/\\\/www.france.fi\\\/#website\"},\"primaryImageOfPage\":{\"@id\":\"https:\\\/\\\/www.france.fi\\\/fr\\\/culture\\\/films-francophones-au-season-film-festival\\\/#primaryimage\"},\"image\":{\"@id\":\"https:\\\/\\\/www.france.fi\\\/fr\\\/culture\\\/films-francophones-au-season-film-festival\\\/#primaryimage\"},\"thumbnailUrl\":\"https:\\\/\\\/www.france.fi\\\/wp-content\\\/uploads\\\/2021\\\/05\\\/season-film-festival-1098x617.png\",\"datePublished\":\"2021-05-03T12:43:11+00:00\",\"dateModified\":\"2021-05-11T10:43:21+00:00\",\"breadcrumb\":{\"@id\":\"https:\\\/\\\/www.france.fi\\\/fr\\\/culture\\\/films-francophones-au-season-film-festival\\\/#breadcrumb\"},\"inLanguage\":\"fr-FR\",\"potentialAction\":[{\"@type\":\"ReadAction\",\"target\":[\"https:\\\/\\\/www.france.fi\\\/fr\\\/culture\\\/films-francophones-au-season-film-festival\\\/\"]}]},{\"@type\":\"ImageObject\",\"inLanguage\":\"fr-FR\",\"@id\":\"https:\\\/\\\/www.france.fi\\\/fr\\\/culture\\\/films-francophones-au-season-film-festival\\\/#primaryimage\",\"url\":\"https:\\\/\\\/www.france.fi\\\/wp-content\\\/uploads\\\/2021\\\/05\\\/season-film-festival-1098x617.png\",\"contentUrl\":\"https:\\\/\\\/www.france.fi\\\/wp-content\\\/uploads\\\/2021\\\/05\\\/season-film-festival-1098x617.png\",\"width\":1280,\"height\":720},{\"@type\":\"BreadcrumbList\",\"@id\":\"https:\\\/\\\/www.france.fi\\\/fr\\\/culture\\\/films-francophones-au-season-film-festival\\\/#breadcrumb\",\"itemListElement\":[{\"@type\":\"ListItem\",\"position\":1,\"name\":\"Home\",\"item\":\"https:\\\/\\\/www.france.fi\\\/fr\\\/\"},{\"@type\":\"ListItem\",\"position\":2,\"name\":\"Culture\",\"item\":\"https:\\\/\\\/www.france.fi\\\/fr\\\/category\\\/culture\\\/\"},{\"@type\":\"ListItem\",\"position\":3,\"name\":\"Films francophones au Season Film Festival\"}]},{\"@type\":\"WebSite\",\"@id\":\"https:\\\/\\\/www.france.fi\\\/#website\",\"url\":\"https:\\\/\\\/www.france.fi\\\/\",\"name\":\"Institut fran\u00e7ais de Finlande\",\"description\":\"\",\"publisher\":{\"@id\":\"https:\\\/\\\/www.france.fi\\\/#organization\"},\"potentialAction\":[{\"@type\":\"SearchAction\",\"target\":{\"@type\":\"EntryPoint\",\"urlTemplate\":\"https:\\\/\\\/www.france.fi\\\/?s={search_term_string}\"},\"query-input\":{\"@type\":\"PropertyValueSpecification\",\"valueRequired\":true,\"valueName\":\"search_term_string\"}}],\"inLanguage\":\"fr-FR\"},{\"@type\":\"Organization\",\"@id\":\"https:\\\/\\\/www.france.fi\\\/#organization\",\"name\":\"Institut fran\u00e7ais de Finlande\",\"url\":\"https:\\\/\\\/www.france.fi\\\/\",\"logo\":{\"@type\":\"ImageObject\",\"inLanguage\":\"fr-FR\",\"@id\":\"https:\\\/\\\/www.france.fi\\\/#\\\/schema\\\/logo\\\/image\\\/\",\"url\":\"https:\\\/\\\/www.france.fi\\\/wp-content\\\/uploads\\\/2024\\\/02\\\/if-logo-1.png\",\"contentUrl\":\"https:\\\/\\\/www.france.fi\\\/wp-content\\\/uploads\\\/2024\\\/02\\\/if-logo-1.png\",\"width\":687,\"height\":459,\"caption\":\"Institut fran\u00e7ais de Finlande\"},\"image\":{\"@id\":\"https:\\\/\\\/www.france.fi\\\/#\\\/schema\\\/logo\\\/image\\\/\"},\"sameAs\":[\"https:\\\/\\\/www.facebook.com\\\/institutfrancaisfi\",\"https:\\\/\\\/x.com\\\/IFFinlande\",\"https:\\\/\\\/www.instagram.com\\\/iffinlande\\\/\",\"https:\\\/\\\/fr.linkedin.com\\\/organization-guest\\\/company\\\/institut-fran-ais-de-finlande\",\"https:\\\/\\\/www.youtube.com\\\/channel\\\/UCHAitdpmSbeP78eL49XMotA\"]},{\"@type\":\"Person\",\"@id\":\"https:\\\/\\\/www.france.fi\\\/#\\\/schema\\\/person\\\/ed873f29db1d0af6a3600d15d3b65bfd\",\"name\":\"Equipe IFF\",\"image\":{\"@type\":\"ImageObject\",\"inLanguage\":\"fr-FR\",\"@id\":\"https:\\\/\\\/secure.gravatar.com\\\/avatar\\\/3c4ba80228d01014b25e45e90abb28ce315a02c6572751a7fb2298e4274989fc?s=96&d=mm&r=g\",\"url\":\"https:\\\/\\\/secure.gravatar.com\\\/avatar\\\/3c4ba80228d01014b25e45e90abb28ce315a02c6572751a7fb2298e4274989fc?s=96&d=mm&r=g\",\"contentUrl\":\"https:\\\/\\\/secure.gravatar.com\\\/avatar\\\/3c4ba80228d01014b25e45e90abb28ce315a02c6572751a7fb2298e4274989fc?s=96&d=mm&r=g\",\"caption\":\"Equipe IFF\"},\"url\":\"https:\\\/\\\/www.france.fi\\\/fr\\\/author\\\/iffadmin\\\/\"}]}<\/script>\n<!-- \/ Yoast SEO plugin. -->","yoast_head_json":{"title":"Films francophones au Season Film Festival - Institut fran\u00e7ais","robots":{"index":"index","follow":"follow","max-snippet":"max-snippet:-1","max-image-preview":"max-image-preview:large","max-video-preview":"max-video-preview:-1"},"canonical":"https:\/\/www.france.fi\/fr\/culture\/films-francophones-au-season-film-festival\/","og_locale":"fr_FR","og_type":"article","og_title":"Films francophones au Season Film Festival - Institut fran\u00e7ais","og_description":"Le Festival du film de printemps d\u2019Helsinki revient avec les courts et longs-m\u00e9trages qui ont fait l\u2019actualit\u00e9s l\u2019an dernier !","og_url":"https:\/\/www.france.fi\/fr\/culture\/films-francophones-au-season-film-festival\/","og_site_name":"Institut fran\u00e7ais","article_publisher":"https:\/\/www.facebook.com\/institutfrancaisfi","article_published_time":"2021-05-03T12:43:11+00:00","article_modified_time":"2021-05-11T10:43:21+00:00","og_image":[{"width":1280,"height":720,"url":"https:\/\/www.france.fi\/wp-content\/uploads\/2021\/05\/season-film-festival-1098x617.png","type":"image\/png"}],"author":"Equipe IFF","twitter_card":"summary_large_image","twitter_creator":"@IFFinlande","twitter_site":"@IFFinlande","twitter_misc":{"\u00c9crit par":"Equipe IFF","Dur\u00e9e de lecture estim\u00e9e":"1 minute"},"schema":{"@context":"https:\/\/schema.org","@graph":[{"@type":"Article","@id":"https:\/\/www.france.fi\/fr\/culture\/films-francophones-au-season-film-festival\/#article","isPartOf":{"@id":"https:\/\/www.france.fi\/fr\/culture\/films-francophones-au-season-film-festival\/"},"author":{"name":"Equipe IFF","@id":"https:\/\/www.france.fi\/#\/schema\/person\/ed873f29db1d0af6a3600d15d3b65bfd"},"headline":"Films francophones au Season Film Festival","datePublished":"2021-05-03T12:43:11+00:00","dateModified":"2021-05-11T10:43:21+00:00","mainEntityOfPage":{"@id":"https:\/\/www.france.fi\/fr\/culture\/films-francophones-au-season-film-festival\/"},"wordCount":256,"publisher":{"@id":"https:\/\/www.france.fi\/#organization"},"image":{"@id":"https:\/\/www.france.fi\/fr\/culture\/films-francophones-au-season-film-festival\/#primaryimage"},"thumbnailUrl":"https:\/\/www.france.fi\/wp-content\/uploads\/2021\/05\/season-film-festival-1098x617.png","articleSection":["Culture"],"inLanguage":"fr-FR"},{"@type":"WebPage","@id":"https:\/\/www.france.fi\/fr\/culture\/films-francophones-au-season-film-festival\/","url":"https:\/\/www.france.fi\/fr\/culture\/films-francophones-au-season-film-festival\/","name":"Films francophones au Season Film Festival - Institut fran\u00e7ais","isPartOf":{"@id":"https:\/\/www.france.fi\/#website"},"primaryImageOfPage":{"@id":"https:\/\/www.france.fi\/fr\/culture\/films-francophones-au-season-film-festival\/#primaryimage"},"image":{"@id":"https:\/\/www.france.fi\/fr\/culture\/films-francophones-au-season-film-festival\/#primaryimage"},"thumbnailUrl":"https:\/\/www.france.fi\/wp-content\/uploads\/2021\/05\/season-film-festival-1098x617.png","datePublished":"2021-05-03T12:43:11+00:00","dateModified":"2021-05-11T10:43:21+00:00","breadcrumb":{"@id":"https:\/\/www.france.fi\/fr\/culture\/films-francophones-au-season-film-festival\/#breadcrumb"},"inLanguage":"fr-FR","potentialAction":[{"@type":"ReadAction","target":["https:\/\/www.france.fi\/fr\/culture\/films-francophones-au-season-film-festival\/"]}]},{"@type":"ImageObject","inLanguage":"fr-FR","@id":"https:\/\/www.france.fi\/fr\/culture\/films-francophones-au-season-film-festival\/#primaryimage","url":"https:\/\/www.france.fi\/wp-content\/uploads\/2021\/05\/season-film-festival-1098x617.png","contentUrl":"https:\/\/www.france.fi\/wp-content\/uploads\/2021\/05\/season-film-festival-1098x617.png","width":1280,"height":720},{"@type":"BreadcrumbList","@id":"https:\/\/www.france.fi\/fr\/culture\/films-francophones-au-season-film-festival\/#breadcrumb","itemListElement":[{"@type":"ListItem","position":1,"name":"Home","item":"https:\/\/www.france.fi\/fr\/"},{"@type":"ListItem","position":2,"name":"Culture","item":"https:\/\/www.france.fi\/fr\/category\/culture\/"},{"@type":"ListItem","position":3,"name":"Films francophones au Season Film Festival"}]},{"@type":"WebSite","@id":"https:\/\/www.france.fi\/#website","url":"https:\/\/www.france.fi\/","name":"Institut fran\u00e7ais de Finlande","description":"","publisher":{"@id":"https:\/\/www.france.fi\/#organization"},"potentialAction":[{"@type":"SearchAction","target":{"@type":"EntryPoint","urlTemplate":"https:\/\/www.france.fi\/?s={search_term_string}"},"query-input":{"@type":"PropertyValueSpecification","valueRequired":true,"valueName":"search_term_string"}}],"inLanguage":"fr-FR"},{"@type":"Organization","@id":"https:\/\/www.france.fi\/#organization","name":"Institut fran\u00e7ais de Finlande","url":"https:\/\/www.france.fi\/","logo":{"@type":"ImageObject","inLanguage":"fr-FR","@id":"https:\/\/www.france.fi\/#\/schema\/logo\/image\/","url":"https:\/\/www.france.fi\/wp-content\/uploads\/2024\/02\/if-logo-1.png","contentUrl":"https:\/\/www.france.fi\/wp-content\/uploads\/2024\/02\/if-logo-1.png","width":687,"height":459,"caption":"Institut fran\u00e7ais de Finlande"},"image":{"@id":"https:\/\/www.france.fi\/#\/schema\/logo\/image\/"},"sameAs":["https:\/\/www.facebook.com\/institutfrancaisfi","https:\/\/x.com\/IFFinlande","https:\/\/www.instagram.com\/iffinlande\/","https:\/\/fr.linkedin.com\/organization-guest\/company\/institut-fran-ais-de-finlande","https:\/\/www.youtube.com\/channel\/UCHAitdpmSbeP78eL49XMotA"]},{"@type":"Person","@id":"https:\/\/www.france.fi\/#\/schema\/person\/ed873f29db1d0af6a3600d15d3b65bfd","name":"Equipe IFF","image":{"@type":"ImageObject","inLanguage":"fr-FR","@id":"https:\/\/secure.gravatar.com\/avatar\/3c4ba80228d01014b25e45e90abb28ce315a02c6572751a7fb2298e4274989fc?s=96&d=mm&r=g","url":"https:\/\/secure.gravatar.com\/avatar\/3c4ba80228d01014b25e45e90abb28ce315a02c6572751a7fb2298e4274989fc?s=96&d=mm&r=g","contentUrl":"https:\/\/secure.gravatar.com\/avatar\/3c4ba80228d01014b25e45e90abb28ce315a02c6572751a7fb2298e4274989fc?s=96&d=mm&r=g","caption":"Equipe IFF"},"url":"https:\/\/www.france.fi\/fr\/author\/iffadmin\/"}]}},"_links":{"self":[{"href":"https:\/\/www.france.fi\/fr\/wp-json\/wp\/v2\/posts\/5046","targetHints":{"allow":["GET"]}}],"collection":[{"href":"https:\/\/www.france.fi\/fr\/wp-json\/wp\/v2\/posts"}],"about":[{"href":"https:\/\/www.france.fi\/fr\/wp-json\/wp\/v2\/types\/post"}],"author":[{"embeddable":true,"href":"https:\/\/www.france.fi\/fr\/wp-json\/wp\/v2\/users\/2"}],"replies":[{"embeddable":true,"href":"https:\/\/www.france.fi\/fr\/wp-json\/wp\/v2\/comments?post=5046"}],"version-history":[{"count":0,"href":"https:\/\/www.france.fi\/fr\/wp-json\/wp\/v2\/posts\/5046\/revisions"}],"wp:featuredmedia":[{"embeddable":true,"href":"https:\/\/www.france.fi\/fr\/wp-json\/wp\/v2\/media\/5047"}],"wp:attachment":[{"href":"https:\/\/www.france.fi\/fr\/wp-json\/wp\/v2\/media?parent=5046"}],"wp:term":[{"taxonomy":"category","embeddable":true,"href":"https:\/\/www.france.fi\/fr\/wp-json\/wp\/v2\/categories?post=5046"},{"taxonomy":"post_tag","embeddable":true,"href":"https:\/\/www.france.fi\/fr\/wp-json\/wp\/v2\/tags?post=5046"}],"curies":[{"name":"wp","href":"https:\/\/api.w.org\/{rel}","templated":true}]}}