{"id":5251,"date":"2021-05-11T15:51:54","date_gmt":"2021-05-11T12:51:54","guid":{"rendered":"http:\/\/www.france.fi\/?p=5251"},"modified":"2021-09-16T16:21:35","modified_gmt":"2021-09-16T13:21:35","slug":"le-sarcophage-de-napoleon-est-en-finlande%e2%80%af","status":"publish","type":"post","link":"https:\/\/www.france.fi\/fr\/culture\/le-sarcophage-de-napoleon-est-en-finlande%e2%80%af\/","title":{"rendered":"Le sarcophage de Napol\u00e9on est en Finlande\u202f !"},"content":{"rendered":"\n<p><span data-contrast=\"auto\">La France comm\u00e9more cette ann\u00e9e le\u00a0<\/span><span data-contrast=\"auto\">bicentenaire<\/span><span data-contrast=\"auto\"> de la mort de Napol\u00e9on Bonaparte et il se trouve que la derni\u00e8re demeure du plus illustre des Corses, devant laquelle Emmanuel Macron se recueillait la semaine derni\u00e8re, est li\u00e9e par l\u2019histoire \u00e0 la Finlande.<\/span><span data-ccp-props=\"{}\">\u00a0<\/span><\/p>\n<p><span data-contrast=\"auto\">La s\u00e9pulture, con\u00e7ue par Louis Visconti, devait en effet \u00eatre construite en granit extrait des carri\u00e8res d\u2019<\/span><span data-contrast=\"auto\">Onas<\/span><span data-contrast=\"auto\">\u00a0\u00e0 proximit\u00e9 de\u00a0<\/span><span data-contrast=\"auto\">Porvoo<\/span><span data-contrast=\"auto\">.\u00a0<\/span><span data-ccp-props=\"{}\">\u00a0<\/span><\/p>\n<p><span data-contrast=\"auto\">Finalement,\u00a0<\/span><span data-contrast=\"auto\">on choisit<\/span><span data-contrast=\"auto\">\u00a0<\/span><span data-contrast=\"auto\">un\u00a0<\/span><span data-contrast=\"auto\">gr<\/span><span data-contrast=\"auto\">\u00e8s de Car\u00e9lie<\/span><span data-contrast=\"auto\">\u202f<\/span><span data-contrast=\"auto\">russe\u00a0<\/span><span data-contrast=\"auto\">&#8211;\u00a0<\/span><span data-contrast=\"auto\">le<\/span><span data-contrast=\"auto\">\u00a0Quartzite de\u00a0<\/span><span data-contrast=\"auto\">Chokcha<\/span><span data-contrast=\"auto\">\u00a0&#8211;\u00a0<\/span><span data-contrast=\"auto\">et c<\/span><span data-contrast=\"auto\">\u2019est le diplomate Louis-Antoine\u00a0<\/span><span data-contrast=\"auto\">L\u00e9ouzon<\/span><span data-contrast=\"auto\">\u00a0Le Duc, ami de la Finlande<\/span><span data-contrast=\"auto\">\u00a0<\/span><span data-contrast=\"auto\">et<\/span><span data-contrast=\"auto\">\u00a0premier traducteur du Kalevala en fran\u00e7ais, qui fut\u00a0<\/span><span data-contrast=\"auto\">d\u00e9p\u00each\u00e9<\/span><span data-contrast=\"auto\">\u00a0<\/span><span data-contrast=\"auto\">pour ramener la pierre depuis<\/span><span data-contrast=\"auto\">\u00a0les\u00a0<\/span><span data-contrast=\"auto\">rives<\/span><span data-contrast=\"auto\">\u00a0<\/span><span data-contrast=\"auto\">du lac Onega<\/span><span data-contrast=\"auto\">\u00a0en 1846<\/span><span data-contrast=\"auto\">.<\/span><\/p>\n<p><span data-contrast=\"auto\">Le sarcophage\u00a0<\/span><span data-contrast=\"auto\">ne\u00a0<\/span><span data-contrast=\"auto\">fut\u00a0<\/span><span data-contrast=\"auto\">inaugur\u00e9<\/span><span data-contrast=\"auto\">\u00a0<\/span><span data-contrast=\"auto\">qu\u2019<\/span><span data-contrast=\"auto\">en 1861<\/span><span data-contrast=\"auto\">, 21 ans apr\u00e8s le retour de la d\u00e9pouille de l\u2019Empereur \u00e0 Paris.<\/span><span data-ccp-props=\"{}\">\u00a0<\/span><\/p>\n<p><span data-contrast=\"auto\">Si le quartzite car\u00e9lien a finalement \u00e9t\u00e9 pr\u00e9f\u00e9r\u00e9 au granit finlandais,\u00a0<\/span><span data-contrast=\"auto\">la l\u00e9gende raconte que\u00a0<\/span><span data-contrast=\"auto\">le\u00a0<\/span><span data-contrast=\"auto\">monolithe<\/span><span data-contrast=\"auto\">\u00a0originalement pr\u00e9vu pour l<\/span><span data-contrast=\"auto\">e tombeau des Invalides se trouve encore sur <\/span><span data-contrast=\"auto\">les c\u00f4tes finlandaises<\/span><span data-contrast=\"auto\">.\u00a0<\/span><span data-contrast=\"auto\">Les\u00a0<\/span><span data-contrast=\"auto\">voyageurs qui longent les\u00a0<\/span><span data-contrast=\"auto\">rivages de l\u2019\u00eele d\u2019<\/span><span data-contrast=\"auto\">Onas<\/span><span data-contrast=\"auto\">\u00a0<\/span><span data-contrast=\"auto\">pourront voir un \u00e9norme bloc de granit massif \u00e9chou\u00e9 sur la c\u00f4te.<\/span><span data-contrast=\"auto\">\u00a0Encore aujourd\u2019hui, cette pierre a pour nom \u00ab\u202f<\/span><span data-contrast=\"auto\">Napoleonin<\/span><span data-contrast=\"auto\">\u00a0<\/span><span data-contrast=\"auto\">sarkofagi<\/span><span data-contrast=\"auto\">\u202f\u00bb, le sarcophage de Napol\u00e9on.<\/span><span data-ccp-props=\"{}\">\u00a0<\/span><\/p>\n<p><span data-contrast=\"auto\">Pour\u00a0<\/span><span data-contrast=\"auto\">en savoir plus sur un des personnages les plus importants de l\u2019histoire de France\u202f:<\/span>\u00a0<\/p>\n<p><div class=\"rve\" data-content-width=\"580\"><iframe loading=\"lazy\" title=\"S\u00e9rie NAPOL\u00c9ON\" width=\"580\" height=\"326\" src=\"https:\/\/www.youtube.com\/embed\/videoseries?list=PLyuGiG7aDPuD2K9HFwABuDZdQPJoZ1QZU\" frameborder=\"0\" allow=\"accelerometer; autoplay; clipboard-write; encrypted-media; gyroscope; picture-in-picture; web-share\" referrerpolicy=\"strict-origin-when-cross-origin\" allowfullscreen><\/iframe><\/div><!-- Responsive Video Embeds plugin by www.kevinleary.net --><\/p>\n","protected":false},"excerpt":{"rendered":"<p>Saviez-vous que le sarcophage de Napol\u00e9on se trouvait (aussi) sur les c\u00f4tes de Finlande ? <\/p>\n","protected":false},"author":2,"featured_media":5252,"comment_status":"closed","ping_status":"open","sticky":false,"template":"","format":"standard","meta":{"footnotes":""},"categories":[1],"tags":[],"class_list":["post-5251","post","type-post","status-publish","format-standard","has-post-thumbnail","hentry","category-culture"],"yoast_head":"<!-- This site is optimized with the Yoast SEO plugin v27.4 - https:\/\/yoast.com\/product\/yoast-seo-wordpress\/ -->\n<title>Le sarcophage de Napol\u00e9on est en Finlande\u202f ! - Institut fran\u00e7ais<\/title>\n<meta name=\"robots\" content=\"index, follow, max-snippet:-1, max-image-preview:large, max-video-preview:-1\" \/>\n<link rel=\"canonical\" href=\"https:\/\/www.france.fi\/fr\/culture\/le-sarcophage-de-napoleon-est-en-finlande\u202f\/\" \/>\n<meta property=\"og:locale\" content=\"fr_FR\" \/>\n<meta property=\"og:type\" content=\"article\" \/>\n<meta property=\"og:title\" content=\"Le sarcophage de Napol\u00e9on est en Finlande\u202f ! - Institut fran\u00e7ais\" \/>\n<meta property=\"og:description\" content=\"Saviez-vous que le sarcophage de Napol\u00e9on se trouvait (aussi) sur les c\u00f4tes de Finlande ?\" \/>\n<meta property=\"og:url\" content=\"https:\/\/www.france.fi\/fr\/culture\/le-sarcophage-de-napoleon-est-en-finlande\u202f\/\" \/>\n<meta property=\"og:site_name\" content=\"Institut fran\u00e7ais\" \/>\n<meta property=\"article:publisher\" content=\"https:\/\/www.facebook.com\/institutfrancaisfi\" \/>\n<meta property=\"article:published_time\" content=\"2021-05-11T12:51:54+00:00\" \/>\n<meta property=\"article:modified_time\" content=\"2021-09-16T13:21:35+00:00\" \/>\n<meta property=\"og:image\" content=\"https:\/\/www.france.fi\/wp-content\/uploads\/2021\/05\/Napoleon-finlande-1098x617.jpg\" \/>\n\t<meta property=\"og:image:width\" content=\"1280\" \/>\n\t<meta property=\"og:image:height\" content=\"720\" \/>\n\t<meta property=\"og:image:type\" content=\"image\/jpeg\" \/>\n<meta name=\"author\" content=\"Equipe IFF\" \/>\n<meta name=\"twitter:card\" content=\"summary_large_image\" \/>\n<meta name=\"twitter:creator\" content=\"@IFFinlande\" \/>\n<meta name=\"twitter:site\" content=\"@IFFinlande\" \/>\n<meta name=\"twitter:label1\" content=\"\u00c9crit par\" \/>\n\t<meta name=\"twitter:data1\" content=\"Equipe IFF\" \/>\n\t<meta name=\"twitter:label2\" content=\"Dur\u00e9e de lecture estim\u00e9e\" \/>\n\t<meta name=\"twitter:data2\" content=\"1 minute\" \/>\n<script type=\"application\/ld+json\" class=\"yoast-schema-graph\">{\"@context\":\"https:\\\/\\\/schema.org\",\"@graph\":[{\"@type\":\"Article\",\"@id\":\"https:\\\/\\\/www.france.fi\\\/fr\\\/culture\\\/le-sarcophage-de-napoleon-est-en-finlande%e2%80%af\\\/#article\",\"isPartOf\":{\"@id\":\"https:\\\/\\\/www.france.fi\\\/fr\\\/culture\\\/le-sarcophage-de-napoleon-est-en-finlande%e2%80%af\\\/\"},\"author\":{\"name\":\"Equipe IFF\",\"@id\":\"https:\\\/\\\/www.france.fi\\\/#\\\/schema\\\/person\\\/ed873f29db1d0af6a3600d15d3b65bfd\"},\"headline\":\"Le sarcophage de Napol\u00e9on est en Finlande\u202f !\",\"datePublished\":\"2021-05-11T12:51:54+00:00\",\"dateModified\":\"2021-09-16T13:21:35+00:00\",\"mainEntityOfPage\":{\"@id\":\"https:\\\/\\\/www.france.fi\\\/fr\\\/culture\\\/le-sarcophage-de-napoleon-est-en-finlande%e2%80%af\\\/\"},\"wordCount\":258,\"publisher\":{\"@id\":\"https:\\\/\\\/www.france.fi\\\/#organization\"},\"image\":{\"@id\":\"https:\\\/\\\/www.france.fi\\\/fr\\\/culture\\\/le-sarcophage-de-napoleon-est-en-finlande%e2%80%af\\\/#primaryimage\"},\"thumbnailUrl\":\"https:\\\/\\\/www.france.fi\\\/wp-content\\\/uploads\\\/2021\\\/05\\\/Napoleon-finlande-1098x617.jpg\",\"articleSection\":[\"Culture\"],\"inLanguage\":\"fr-FR\"},{\"@type\":\"WebPage\",\"@id\":\"https:\\\/\\\/www.france.fi\\\/fr\\\/culture\\\/le-sarcophage-de-napoleon-est-en-finlande%e2%80%af\\\/\",\"url\":\"https:\\\/\\\/www.france.fi\\\/fr\\\/culture\\\/le-sarcophage-de-napoleon-est-en-finlande%e2%80%af\\\/\",\"name\":\"Le sarcophage de Napol\u00e9on est en Finlande\u202f ! - Institut fran\u00e7ais\",\"isPartOf\":{\"@id\":\"https:\\\/\\\/www.france.fi\\\/#website\"},\"primaryImageOfPage\":{\"@id\":\"https:\\\/\\\/www.france.fi\\\/fr\\\/culture\\\/le-sarcophage-de-napoleon-est-en-finlande%e2%80%af\\\/#primaryimage\"},\"image\":{\"@id\":\"https:\\\/\\\/www.france.fi\\\/fr\\\/culture\\\/le-sarcophage-de-napoleon-est-en-finlande%e2%80%af\\\/#primaryimage\"},\"thumbnailUrl\":\"https:\\\/\\\/www.france.fi\\\/wp-content\\\/uploads\\\/2021\\\/05\\\/Napoleon-finlande-1098x617.jpg\",\"datePublished\":\"2021-05-11T12:51:54+00:00\",\"dateModified\":\"2021-09-16T13:21:35+00:00\",\"breadcrumb\":{\"@id\":\"https:\\\/\\\/www.france.fi\\\/fr\\\/culture\\\/le-sarcophage-de-napoleon-est-en-finlande%e2%80%af\\\/#breadcrumb\"},\"inLanguage\":\"fr-FR\",\"potentialAction\":[{\"@type\":\"ReadAction\",\"target\":[\"https:\\\/\\\/www.france.fi\\\/fr\\\/culture\\\/le-sarcophage-de-napoleon-est-en-finlande%e2%80%af\\\/\"]}]},{\"@type\":\"ImageObject\",\"inLanguage\":\"fr-FR\",\"@id\":\"https:\\\/\\\/www.france.fi\\\/fr\\\/culture\\\/le-sarcophage-de-napoleon-est-en-finlande%e2%80%af\\\/#primaryimage\",\"url\":\"https:\\\/\\\/www.france.fi\\\/wp-content\\\/uploads\\\/2021\\\/05\\\/Napoleon-finlande-1098x617.jpg\",\"contentUrl\":\"https:\\\/\\\/www.france.fi\\\/wp-content\\\/uploads\\\/2021\\\/05\\\/Napoleon-finlande-1098x617.jpg\",\"width\":1280,\"height\":720},{\"@type\":\"BreadcrumbList\",\"@id\":\"https:\\\/\\\/www.france.fi\\\/fr\\\/culture\\\/le-sarcophage-de-napoleon-est-en-finlande%e2%80%af\\\/#breadcrumb\",\"itemListElement\":[{\"@type\":\"ListItem\",\"position\":1,\"name\":\"Home\",\"item\":\"https:\\\/\\\/www.france.fi\\\/fr\\\/\"},{\"@type\":\"ListItem\",\"position\":2,\"name\":\"Culture\",\"item\":\"https:\\\/\\\/www.france.fi\\\/fr\\\/category\\\/culture\\\/\"},{\"@type\":\"ListItem\",\"position\":3,\"name\":\"Le sarcophage de Napol\u00e9on est en Finlande\u202f !\"}]},{\"@type\":\"WebSite\",\"@id\":\"https:\\\/\\\/www.france.fi\\\/#website\",\"url\":\"https:\\\/\\\/www.france.fi\\\/\",\"name\":\"Institut fran\u00e7ais de Finlande\",\"description\":\"\",\"publisher\":{\"@id\":\"https:\\\/\\\/www.france.fi\\\/#organization\"},\"potentialAction\":[{\"@type\":\"SearchAction\",\"target\":{\"@type\":\"EntryPoint\",\"urlTemplate\":\"https:\\\/\\\/www.france.fi\\\/?s={search_term_string}\"},\"query-input\":{\"@type\":\"PropertyValueSpecification\",\"valueRequired\":true,\"valueName\":\"search_term_string\"}}],\"inLanguage\":\"fr-FR\"},{\"@type\":\"Organization\",\"@id\":\"https:\\\/\\\/www.france.fi\\\/#organization\",\"name\":\"Institut fran\u00e7ais de Finlande\",\"url\":\"https:\\\/\\\/www.france.fi\\\/\",\"logo\":{\"@type\":\"ImageObject\",\"inLanguage\":\"fr-FR\",\"@id\":\"https:\\\/\\\/www.france.fi\\\/#\\\/schema\\\/logo\\\/image\\\/\",\"url\":\"https:\\\/\\\/www.france.fi\\\/wp-content\\\/uploads\\\/2024\\\/02\\\/if-logo-1.png\",\"contentUrl\":\"https:\\\/\\\/www.france.fi\\\/wp-content\\\/uploads\\\/2024\\\/02\\\/if-logo-1.png\",\"width\":687,\"height\":459,\"caption\":\"Institut fran\u00e7ais de Finlande\"},\"image\":{\"@id\":\"https:\\\/\\\/www.france.fi\\\/#\\\/schema\\\/logo\\\/image\\\/\"},\"sameAs\":[\"https:\\\/\\\/www.facebook.com\\\/institutfrancaisfi\",\"https:\\\/\\\/x.com\\\/IFFinlande\",\"https:\\\/\\\/www.instagram.com\\\/iffinlande\\\/\",\"https:\\\/\\\/fr.linkedin.com\\\/organization-guest\\\/company\\\/institut-fran-ais-de-finlande\",\"https:\\\/\\\/www.youtube.com\\\/channel\\\/UCHAitdpmSbeP78eL49XMotA\"]},{\"@type\":\"Person\",\"@id\":\"https:\\\/\\\/www.france.fi\\\/#\\\/schema\\\/person\\\/ed873f29db1d0af6a3600d15d3b65bfd\",\"name\":\"Equipe IFF\",\"image\":{\"@type\":\"ImageObject\",\"inLanguage\":\"fr-FR\",\"@id\":\"https:\\\/\\\/secure.gravatar.com\\\/avatar\\\/3c4ba80228d01014b25e45e90abb28ce315a02c6572751a7fb2298e4274989fc?s=96&d=mm&r=g\",\"url\":\"https:\\\/\\\/secure.gravatar.com\\\/avatar\\\/3c4ba80228d01014b25e45e90abb28ce315a02c6572751a7fb2298e4274989fc?s=96&d=mm&r=g\",\"contentUrl\":\"https:\\\/\\\/secure.gravatar.com\\\/avatar\\\/3c4ba80228d01014b25e45e90abb28ce315a02c6572751a7fb2298e4274989fc?s=96&d=mm&r=g\",\"caption\":\"Equipe IFF\"},\"url\":\"https:\\\/\\\/www.france.fi\\\/fr\\\/author\\\/iffadmin\\\/\"}]}<\/script>\n<!-- \/ Yoast SEO plugin. -->","yoast_head_json":{"title":"Le sarcophage de Napol\u00e9on est en Finlande\u202f ! - Institut fran\u00e7ais","robots":{"index":"index","follow":"follow","max-snippet":"max-snippet:-1","max-image-preview":"max-image-preview:large","max-video-preview":"max-video-preview:-1"},"canonical":"https:\/\/www.france.fi\/fr\/culture\/le-sarcophage-de-napoleon-est-en-finlande\u202f\/","og_locale":"fr_FR","og_type":"article","og_title":"Le sarcophage de Napol\u00e9on est en Finlande\u202f ! - Institut fran\u00e7ais","og_description":"Saviez-vous que le sarcophage de Napol\u00e9on se trouvait (aussi) sur les c\u00f4tes de Finlande ?","og_url":"https:\/\/www.france.fi\/fr\/culture\/le-sarcophage-de-napoleon-est-en-finlande\u202f\/","og_site_name":"Institut fran\u00e7ais","article_publisher":"https:\/\/www.facebook.com\/institutfrancaisfi","article_published_time":"2021-05-11T12:51:54+00:00","article_modified_time":"2021-09-16T13:21:35+00:00","og_image":[{"width":1280,"height":720,"url":"https:\/\/www.france.fi\/wp-content\/uploads\/2021\/05\/Napoleon-finlande-1098x617.jpg","type":"image\/jpeg"}],"author":"Equipe IFF","twitter_card":"summary_large_image","twitter_creator":"@IFFinlande","twitter_site":"@IFFinlande","twitter_misc":{"\u00c9crit par":"Equipe IFF","Dur\u00e9e de lecture estim\u00e9e":"1 minute"},"schema":{"@context":"https:\/\/schema.org","@graph":[{"@type":"Article","@id":"https:\/\/www.france.fi\/fr\/culture\/le-sarcophage-de-napoleon-est-en-finlande%e2%80%af\/#article","isPartOf":{"@id":"https:\/\/www.france.fi\/fr\/culture\/le-sarcophage-de-napoleon-est-en-finlande%e2%80%af\/"},"author":{"name":"Equipe IFF","@id":"https:\/\/www.france.fi\/#\/schema\/person\/ed873f29db1d0af6a3600d15d3b65bfd"},"headline":"Le sarcophage de Napol\u00e9on est en Finlande\u202f !","datePublished":"2021-05-11T12:51:54+00:00","dateModified":"2021-09-16T13:21:35+00:00","mainEntityOfPage":{"@id":"https:\/\/www.france.fi\/fr\/culture\/le-sarcophage-de-napoleon-est-en-finlande%e2%80%af\/"},"wordCount":258,"publisher":{"@id":"https:\/\/www.france.fi\/#organization"},"image":{"@id":"https:\/\/www.france.fi\/fr\/culture\/le-sarcophage-de-napoleon-est-en-finlande%e2%80%af\/#primaryimage"},"thumbnailUrl":"https:\/\/www.france.fi\/wp-content\/uploads\/2021\/05\/Napoleon-finlande-1098x617.jpg","articleSection":["Culture"],"inLanguage":"fr-FR"},{"@type":"WebPage","@id":"https:\/\/www.france.fi\/fr\/culture\/le-sarcophage-de-napoleon-est-en-finlande%e2%80%af\/","url":"https:\/\/www.france.fi\/fr\/culture\/le-sarcophage-de-napoleon-est-en-finlande%e2%80%af\/","name":"Le sarcophage de Napol\u00e9on est en Finlande\u202f ! - Institut fran\u00e7ais","isPartOf":{"@id":"https:\/\/www.france.fi\/#website"},"primaryImageOfPage":{"@id":"https:\/\/www.france.fi\/fr\/culture\/le-sarcophage-de-napoleon-est-en-finlande%e2%80%af\/#primaryimage"},"image":{"@id":"https:\/\/www.france.fi\/fr\/culture\/le-sarcophage-de-napoleon-est-en-finlande%e2%80%af\/#primaryimage"},"thumbnailUrl":"https:\/\/www.france.fi\/wp-content\/uploads\/2021\/05\/Napoleon-finlande-1098x617.jpg","datePublished":"2021-05-11T12:51:54+00:00","dateModified":"2021-09-16T13:21:35+00:00","breadcrumb":{"@id":"https:\/\/www.france.fi\/fr\/culture\/le-sarcophage-de-napoleon-est-en-finlande%e2%80%af\/#breadcrumb"},"inLanguage":"fr-FR","potentialAction":[{"@type":"ReadAction","target":["https:\/\/www.france.fi\/fr\/culture\/le-sarcophage-de-napoleon-est-en-finlande%e2%80%af\/"]}]},{"@type":"ImageObject","inLanguage":"fr-FR","@id":"https:\/\/www.france.fi\/fr\/culture\/le-sarcophage-de-napoleon-est-en-finlande%e2%80%af\/#primaryimage","url":"https:\/\/www.france.fi\/wp-content\/uploads\/2021\/05\/Napoleon-finlande-1098x617.jpg","contentUrl":"https:\/\/www.france.fi\/wp-content\/uploads\/2021\/05\/Napoleon-finlande-1098x617.jpg","width":1280,"height":720},{"@type":"BreadcrumbList","@id":"https:\/\/www.france.fi\/fr\/culture\/le-sarcophage-de-napoleon-est-en-finlande%e2%80%af\/#breadcrumb","itemListElement":[{"@type":"ListItem","position":1,"name":"Home","item":"https:\/\/www.france.fi\/fr\/"},{"@type":"ListItem","position":2,"name":"Culture","item":"https:\/\/www.france.fi\/fr\/category\/culture\/"},{"@type":"ListItem","position":3,"name":"Le sarcophage de Napol\u00e9on est en Finlande\u202f !"}]},{"@type":"WebSite","@id":"https:\/\/www.france.fi\/#website","url":"https:\/\/www.france.fi\/","name":"Institut fran\u00e7ais de Finlande","description":"","publisher":{"@id":"https:\/\/www.france.fi\/#organization"},"potentialAction":[{"@type":"SearchAction","target":{"@type":"EntryPoint","urlTemplate":"https:\/\/www.france.fi\/?s={search_term_string}"},"query-input":{"@type":"PropertyValueSpecification","valueRequired":true,"valueName":"search_term_string"}}],"inLanguage":"fr-FR"},{"@type":"Organization","@id":"https:\/\/www.france.fi\/#organization","name":"Institut fran\u00e7ais de Finlande","url":"https:\/\/www.france.fi\/","logo":{"@type":"ImageObject","inLanguage":"fr-FR","@id":"https:\/\/www.france.fi\/#\/schema\/logo\/image\/","url":"https:\/\/www.france.fi\/wp-content\/uploads\/2024\/02\/if-logo-1.png","contentUrl":"https:\/\/www.france.fi\/wp-content\/uploads\/2024\/02\/if-logo-1.png","width":687,"height":459,"caption":"Institut fran\u00e7ais de Finlande"},"image":{"@id":"https:\/\/www.france.fi\/#\/schema\/logo\/image\/"},"sameAs":["https:\/\/www.facebook.com\/institutfrancaisfi","https:\/\/x.com\/IFFinlande","https:\/\/www.instagram.com\/iffinlande\/","https:\/\/fr.linkedin.com\/organization-guest\/company\/institut-fran-ais-de-finlande","https:\/\/www.youtube.com\/channel\/UCHAitdpmSbeP78eL49XMotA"]},{"@type":"Person","@id":"https:\/\/www.france.fi\/#\/schema\/person\/ed873f29db1d0af6a3600d15d3b65bfd","name":"Equipe IFF","image":{"@type":"ImageObject","inLanguage":"fr-FR","@id":"https:\/\/secure.gravatar.com\/avatar\/3c4ba80228d01014b25e45e90abb28ce315a02c6572751a7fb2298e4274989fc?s=96&d=mm&r=g","url":"https:\/\/secure.gravatar.com\/avatar\/3c4ba80228d01014b25e45e90abb28ce315a02c6572751a7fb2298e4274989fc?s=96&d=mm&r=g","contentUrl":"https:\/\/secure.gravatar.com\/avatar\/3c4ba80228d01014b25e45e90abb28ce315a02c6572751a7fb2298e4274989fc?s=96&d=mm&r=g","caption":"Equipe IFF"},"url":"https:\/\/www.france.fi\/fr\/author\/iffadmin\/"}]}},"_links":{"self":[{"href":"https:\/\/www.france.fi\/fr\/wp-json\/wp\/v2\/posts\/5251","targetHints":{"allow":["GET"]}}],"collection":[{"href":"https:\/\/www.france.fi\/fr\/wp-json\/wp\/v2\/posts"}],"about":[{"href":"https:\/\/www.france.fi\/fr\/wp-json\/wp\/v2\/types\/post"}],"author":[{"embeddable":true,"href":"https:\/\/www.france.fi\/fr\/wp-json\/wp\/v2\/users\/2"}],"replies":[{"embeddable":true,"href":"https:\/\/www.france.fi\/fr\/wp-json\/wp\/v2\/comments?post=5251"}],"version-history":[{"count":0,"href":"https:\/\/www.france.fi\/fr\/wp-json\/wp\/v2\/posts\/5251\/revisions"}],"wp:featuredmedia":[{"embeddable":true,"href":"https:\/\/www.france.fi\/fr\/wp-json\/wp\/v2\/media\/5252"}],"wp:attachment":[{"href":"https:\/\/www.france.fi\/fr\/wp-json\/wp\/v2\/media?parent=5251"}],"wp:term":[{"taxonomy":"category","embeddable":true,"href":"https:\/\/www.france.fi\/fr\/wp-json\/wp\/v2\/categories?post=5251"},{"taxonomy":"post_tag","embeddable":true,"href":"https:\/\/www.france.fi\/fr\/wp-json\/wp\/v2\/tags?post=5251"}],"curies":[{"name":"wp","href":"https:\/\/api.w.org\/{rel}","templated":true}]}}