{"id":5543,"date":"2021-06-09T13:21:16","date_gmt":"2021-06-09T10:21:16","guid":{"rendered":"http:\/\/www.france.fi\/?p=5543"},"modified":"2021-06-23T15:38:05","modified_gmt":"2021-06-23T12:38:05","slug":"giuseppe-chico-barbara-matijevic-forecasting","status":"publish","type":"post","link":"https:\/\/www.france.fi\/fr\/kulttuuri\/giuseppe-chico-barbara-matijevic-forecasting\/","title":{"rendered":"Giuseppe Chico et Barbara Matijevi\u0107: Forecasting"},"content":{"rendered":"\n\n\n<p><span data-contrast=\"auto\">Des mains qui d\u00e9montent un clavier ; un visage l\u00e9ch\u00e9 par un animal ; une paume qui caresse de la mousse, dans la for\u00eat. Ces corps tronqu\u00e9s qui ponctuent les millions de vid\u00e9os amateurs offertes sur YouTube, Barbara\u00a0Matijevi\u0107\u00a0vient les prolonger et les\u00a0r\u00e9-incarner\u00a0sur sc\u00e8ne dans\u00a0Forecasting. Un \u00e9cran d\u2019ordinateur portable y devient le lieu d\u2019une rencontre entre ce monde bidimensionnel, aux histoires banales ou \u00e9tranges, et un corps bien r\u00e9el.<\/span><span data-ccp-props=\"{&quot;201341983&quot;:0,&quot;335559739&quot;:160,&quot;335559740&quot;:259}\">\u00a0<\/span><\/p>\n<p><span data-contrast=\"auto\">Cr\u00e9\u00e9 \u00e0 quatre mains avec son complice de longue date, Giuseppe Chico, ce spectacle joue avec humour de la mani\u00e8re dont la technologie a chang\u00e9 notre rapport au corps. Troisi\u00e8me volet d\u2019une trilogie entam\u00e9e en 2008, Th\u00e9orie d\u2019une performance \u00e0 venir o\u00f9 le seul moyen d\u2019\u00e9viter le massacre serait-il d\u2019en devenir les\u00a0auteurs ?,\u00a0il puise dans la r\u00e9serve infinie d\u2019images aujourd\u2019hui \u00e0 notre disposition. L\u2019imaginaire digital s\u2019y trouve amplifi\u00e9 et po\u00e9tis\u00e9, dans une d\u00e9marche de recherche qui s\u2019inscrit au plus pr\u00e8s des nouveaux modes de narration de soi.<\/span><span data-ccp-props=\"{&quot;201341983&quot;:0,&quot;335559739&quot;:160,&quot;335559740&quot;:259}\">\u00a0<\/span><\/p>\n<p><span data-contrast=\"auto\">N\u00e9e en Croatie, o\u00f9 elle se forme aupr\u00e8s de\u00a0Kilina\u00a0Cremona,\u00a0<\/span><b><span data-contrast=\"auto\">Barbara\u00a0Matijevi\u0107<\/span><\/b><span data-contrast=\"auto\">\u00a0signe ses premi\u00e8res chor\u00e9graphies dans les ann\u00e9es 2000 tout en collaborant comme interpr\u00e8te avec Bojan\u00a0Jablanovec, Boris\u00a0Charmatz\u00a0ou Joris Lacoste. Elle exerce \u00e9galement comme p\u00e9dagogue.<\/span><span data-ccp-props=\"{&quot;201341983&quot;:0,&quot;335559739&quot;:160,&quot;335559740&quot;:259}\">\u00a0<\/span><\/p>\n<p><span data-contrast=\"auto\">Apr\u00e8s des \u00e9tudes de th\u00e9\u00e2tre en Italie,\u00a0<\/span><b><span data-contrast=\"auto\">Giuseppe Chico<\/span><\/b><span data-contrast=\"auto\">\u00a0s\u2019installe en 2000 \u00e0 Paris o\u00f9 il se forme \u00e0 la danse. Interpr\u00e8te pendant plusieurs ann\u00e9es de la compagnie Mille Plateaux Associ\u00e9s, il travaille \u00e9galement avec George\u00a0Appaix, Anja\u00a0Hempel\u00a0et Joris Lacoste.<\/span>\u00a0<br \/><span data-contrast=\"auto\">Ensemble, ils cr\u00e9ent \u00e0 Paris la compagnie Premier Stratag\u00e8me en 2008<\/span><span data-ccp-props=\"{&quot;201341983&quot;:0,&quot;335559739&quot;:160,&quot;335559740&quot;:259}\">\u00a0<\/span><\/p>\n<p><strong><a href=\"https:\/\/movinginnovember.fi\/forecasting\/\" target=\"_blank\" rel=\"noopener\">Plus d\u2019informations et\u00a0r\u00e9servations\u00a0ici<\/a><\/strong><span data-ccp-props=\"{&quot;201341983&quot;:0,&quot;335559739&quot;:160,&quot;335559740&quot;:259}\">\u00a0<\/span><\/p>\n","protected":false},"excerpt":{"rendered":"<p>Koko Teatteri \u2013 Moving in November<br \/>\nCe spectacle joue avec humour de la mani\u00e8re dont la technologie a chang\u00e9 notre rapport au corps.<br \/>\nAvec le soutien de l\u2019Institut fran\u00e7ais de Finlande. <\/p>\n","protected":false},"author":2,"featured_media":5544,"comment_status":"closed","ping_status":"open","sticky":false,"template":"","format":"standard","meta":{"footnotes":""},"categories":[26],"tags":[],"class_list":["post-5543","post","type-post","status-publish","format-standard","has-post-thumbnail","hentry","category-kulttuuri"],"yoast_head":"<!-- This site is optimized with the Yoast SEO plugin v27.4 - https:\/\/yoast.com\/product\/yoast-seo-wordpress\/ -->\n<title>Giuseppe Chico et Barbara Matijevi\u0107: Forecasting - Institut fran\u00e7ais<\/title>\n<meta name=\"robots\" content=\"index, follow, max-snippet:-1, max-image-preview:large, max-video-preview:-1\" \/>\n<link rel=\"canonical\" href=\"https:\/\/www.france.fi\/fr\/kulttuuri\/giuseppe-chico-barbara-matijevic-forecasting\/\" \/>\n<meta property=\"og:locale\" content=\"fr_FR\" \/>\n<meta property=\"og:type\" content=\"article\" \/>\n<meta property=\"og:title\" content=\"Giuseppe Chico et Barbara Matijevi\u0107: Forecasting - Institut fran\u00e7ais\" \/>\n<meta property=\"og:description\" content=\"Koko Teatteri \u2013 Moving in November Ce spectacle joue avec humour de la mani\u00e8re dont la technologie a chang\u00e9 notre rapport au corps. Avec le soutien de l\u2019Institut fran\u00e7ais de Finlande.\" \/>\n<meta property=\"og:url\" content=\"https:\/\/www.france.fi\/fr\/kulttuuri\/giuseppe-chico-barbara-matijevic-forecasting\/\" \/>\n<meta property=\"og:site_name\" content=\"Institut fran\u00e7ais\" \/>\n<meta property=\"article:publisher\" content=\"https:\/\/www.facebook.com\/institutfrancaisfi\" \/>\n<meta property=\"article:published_time\" content=\"2021-06-09T10:21:16+00:00\" \/>\n<meta property=\"article:modified_time\" content=\"2021-06-23T12:38:05+00:00\" \/>\n<meta property=\"og:image\" content=\"https:\/\/www.france.fi\/wp-content\/uploads\/2021\/06\/Forecasting@Jelena-Remetin_9-1098x617.jpeg\" \/>\n\t<meta property=\"og:image:width\" content=\"1280\" \/>\n\t<meta property=\"og:image:height\" content=\"720\" \/>\n\t<meta property=\"og:image:type\" content=\"image\/jpeg\" \/>\n<meta name=\"author\" content=\"Equipe IFF\" \/>\n<meta name=\"twitter:card\" content=\"summary_large_image\" \/>\n<meta name=\"twitter:creator\" content=\"@IFFinlande\" \/>\n<meta name=\"twitter:site\" content=\"@IFFinlande\" \/>\n<meta name=\"twitter:label1\" content=\"\u00c9crit par\" \/>\n\t<meta name=\"twitter:data1\" content=\"Equipe IFF\" \/>\n\t<meta name=\"twitter:label2\" content=\"Dur\u00e9e de lecture estim\u00e9e\" \/>\n\t<meta name=\"twitter:data2\" content=\"2 minutes\" \/>\n<script type=\"application\/ld+json\" class=\"yoast-schema-graph\">{\"@context\":\"https:\\\/\\\/schema.org\",\"@graph\":[{\"@type\":\"Article\",\"@id\":\"https:\\\/\\\/www.france.fi\\\/fr\\\/kulttuuri\\\/giuseppe-chico-barbara-matijevic-forecasting\\\/#article\",\"isPartOf\":{\"@id\":\"https:\\\/\\\/www.france.fi\\\/fr\\\/kulttuuri\\\/giuseppe-chico-barbara-matijevic-forecasting\\\/\"},\"author\":{\"name\":\"Equipe IFF\",\"@id\":\"https:\\\/\\\/www.france.fi\\\/#\\\/schema\\\/person\\\/ed873f29db1d0af6a3600d15d3b65bfd\"},\"headline\":\"Giuseppe Chico et Barbara Matijevi\u0107: Forecasting\",\"datePublished\":\"2021-06-09T10:21:16+00:00\",\"dateModified\":\"2021-06-23T12:38:05+00:00\",\"mainEntityOfPage\":{\"@id\":\"https:\\\/\\\/www.france.fi\\\/fr\\\/kulttuuri\\\/giuseppe-chico-barbara-matijevic-forecasting\\\/\"},\"wordCount\":296,\"publisher\":{\"@id\":\"https:\\\/\\\/www.france.fi\\\/#organization\"},\"image\":{\"@id\":\"https:\\\/\\\/www.france.fi\\\/fr\\\/kulttuuri\\\/giuseppe-chico-barbara-matijevic-forecasting\\\/#primaryimage\"},\"thumbnailUrl\":\"https:\\\/\\\/www.france.fi\\\/wp-content\\\/uploads\\\/2021\\\/06\\\/Forecasting@Jelena-Remetin_9-1098x617.jpeg\",\"articleSection\":[\"Kulttuuri\"],\"inLanguage\":\"fr-FR\"},{\"@type\":\"WebPage\",\"@id\":\"https:\\\/\\\/www.france.fi\\\/fr\\\/kulttuuri\\\/giuseppe-chico-barbara-matijevic-forecasting\\\/\",\"url\":\"https:\\\/\\\/www.france.fi\\\/fr\\\/kulttuuri\\\/giuseppe-chico-barbara-matijevic-forecasting\\\/\",\"name\":\"Giuseppe Chico et Barbara Matijevi\u0107: Forecasting - Institut fran\u00e7ais\",\"isPartOf\":{\"@id\":\"https:\\\/\\\/www.france.fi\\\/#website\"},\"primaryImageOfPage\":{\"@id\":\"https:\\\/\\\/www.france.fi\\\/fr\\\/kulttuuri\\\/giuseppe-chico-barbara-matijevic-forecasting\\\/#primaryimage\"},\"image\":{\"@id\":\"https:\\\/\\\/www.france.fi\\\/fr\\\/kulttuuri\\\/giuseppe-chico-barbara-matijevic-forecasting\\\/#primaryimage\"},\"thumbnailUrl\":\"https:\\\/\\\/www.france.fi\\\/wp-content\\\/uploads\\\/2021\\\/06\\\/Forecasting@Jelena-Remetin_9-1098x617.jpeg\",\"datePublished\":\"2021-06-09T10:21:16+00:00\",\"dateModified\":\"2021-06-23T12:38:05+00:00\",\"breadcrumb\":{\"@id\":\"https:\\\/\\\/www.france.fi\\\/fr\\\/kulttuuri\\\/giuseppe-chico-barbara-matijevic-forecasting\\\/#breadcrumb\"},\"inLanguage\":\"fr-FR\",\"potentialAction\":[{\"@type\":\"ReadAction\",\"target\":[\"https:\\\/\\\/www.france.fi\\\/fr\\\/kulttuuri\\\/giuseppe-chico-barbara-matijevic-forecasting\\\/\"]}]},{\"@type\":\"ImageObject\",\"inLanguage\":\"fr-FR\",\"@id\":\"https:\\\/\\\/www.france.fi\\\/fr\\\/kulttuuri\\\/giuseppe-chico-barbara-matijevic-forecasting\\\/#primaryimage\",\"url\":\"https:\\\/\\\/www.france.fi\\\/wp-content\\\/uploads\\\/2021\\\/06\\\/Forecasting@Jelena-Remetin_9-1098x617.jpeg\",\"contentUrl\":\"https:\\\/\\\/www.france.fi\\\/wp-content\\\/uploads\\\/2021\\\/06\\\/Forecasting@Jelena-Remetin_9-1098x617.jpeg\",\"width\":1280,\"height\":720},{\"@type\":\"BreadcrumbList\",\"@id\":\"https:\\\/\\\/www.france.fi\\\/fr\\\/kulttuuri\\\/giuseppe-chico-barbara-matijevic-forecasting\\\/#breadcrumb\",\"itemListElement\":[{\"@type\":\"ListItem\",\"position\":1,\"name\":\"Home\",\"item\":\"https:\\\/\\\/www.france.fi\\\/fr\\\/\"},{\"@type\":\"ListItem\",\"position\":2,\"name\":\"Culture\",\"item\":\"https:\\\/\\\/www.france.fi\\\/fr\\\/category\\\/culture\\\/\"},{\"@type\":\"ListItem\",\"position\":3,\"name\":\"Giuseppe Chico et Barbara Matijevi\u0107: Forecasting\"}]},{\"@type\":\"WebSite\",\"@id\":\"https:\\\/\\\/www.france.fi\\\/#website\",\"url\":\"https:\\\/\\\/www.france.fi\\\/\",\"name\":\"Institut fran\u00e7ais de Finlande\",\"description\":\"\",\"publisher\":{\"@id\":\"https:\\\/\\\/www.france.fi\\\/#organization\"},\"potentialAction\":[{\"@type\":\"SearchAction\",\"target\":{\"@type\":\"EntryPoint\",\"urlTemplate\":\"https:\\\/\\\/www.france.fi\\\/?s={search_term_string}\"},\"query-input\":{\"@type\":\"PropertyValueSpecification\",\"valueRequired\":true,\"valueName\":\"search_term_string\"}}],\"inLanguage\":\"fr-FR\"},{\"@type\":\"Organization\",\"@id\":\"https:\\\/\\\/www.france.fi\\\/#organization\",\"name\":\"Institut fran\u00e7ais de Finlande\",\"url\":\"https:\\\/\\\/www.france.fi\\\/\",\"logo\":{\"@type\":\"ImageObject\",\"inLanguage\":\"fr-FR\",\"@id\":\"https:\\\/\\\/www.france.fi\\\/#\\\/schema\\\/logo\\\/image\\\/\",\"url\":\"https:\\\/\\\/www.france.fi\\\/wp-content\\\/uploads\\\/2024\\\/02\\\/if-logo-1.png\",\"contentUrl\":\"https:\\\/\\\/www.france.fi\\\/wp-content\\\/uploads\\\/2024\\\/02\\\/if-logo-1.png\",\"width\":687,\"height\":459,\"caption\":\"Institut fran\u00e7ais de Finlande\"},\"image\":{\"@id\":\"https:\\\/\\\/www.france.fi\\\/#\\\/schema\\\/logo\\\/image\\\/\"},\"sameAs\":[\"https:\\\/\\\/www.facebook.com\\\/institutfrancaisfi\",\"https:\\\/\\\/x.com\\\/IFFinlande\",\"https:\\\/\\\/www.instagram.com\\\/iffinlande\\\/\",\"https:\\\/\\\/fr.linkedin.com\\\/organization-guest\\\/company\\\/institut-fran-ais-de-finlande\",\"https:\\\/\\\/www.youtube.com\\\/channel\\\/UCHAitdpmSbeP78eL49XMotA\"]},{\"@type\":\"Person\",\"@id\":\"https:\\\/\\\/www.france.fi\\\/#\\\/schema\\\/person\\\/ed873f29db1d0af6a3600d15d3b65bfd\",\"name\":\"Equipe IFF\",\"image\":{\"@type\":\"ImageObject\",\"inLanguage\":\"fr-FR\",\"@id\":\"https:\\\/\\\/secure.gravatar.com\\\/avatar\\\/3c4ba80228d01014b25e45e90abb28ce315a02c6572751a7fb2298e4274989fc?s=96&d=mm&r=g\",\"url\":\"https:\\\/\\\/secure.gravatar.com\\\/avatar\\\/3c4ba80228d01014b25e45e90abb28ce315a02c6572751a7fb2298e4274989fc?s=96&d=mm&r=g\",\"contentUrl\":\"https:\\\/\\\/secure.gravatar.com\\\/avatar\\\/3c4ba80228d01014b25e45e90abb28ce315a02c6572751a7fb2298e4274989fc?s=96&d=mm&r=g\",\"caption\":\"Equipe IFF\"},\"url\":\"https:\\\/\\\/www.france.fi\\\/fr\\\/author\\\/iffadmin\\\/\"}]}<\/script>\n<!-- \/ Yoast SEO plugin. -->","yoast_head_json":{"title":"Giuseppe Chico et Barbara Matijevi\u0107: Forecasting - Institut fran\u00e7ais","robots":{"index":"index","follow":"follow","max-snippet":"max-snippet:-1","max-image-preview":"max-image-preview:large","max-video-preview":"max-video-preview:-1"},"canonical":"https:\/\/www.france.fi\/fr\/kulttuuri\/giuseppe-chico-barbara-matijevic-forecasting\/","og_locale":"fr_FR","og_type":"article","og_title":"Giuseppe Chico et Barbara Matijevi\u0107: Forecasting - Institut fran\u00e7ais","og_description":"Koko Teatteri \u2013 Moving in November Ce spectacle joue avec humour de la mani\u00e8re dont la technologie a chang\u00e9 notre rapport au corps. Avec le soutien de l\u2019Institut fran\u00e7ais de Finlande.","og_url":"https:\/\/www.france.fi\/fr\/kulttuuri\/giuseppe-chico-barbara-matijevic-forecasting\/","og_site_name":"Institut fran\u00e7ais","article_publisher":"https:\/\/www.facebook.com\/institutfrancaisfi","article_published_time":"2021-06-09T10:21:16+00:00","article_modified_time":"2021-06-23T12:38:05+00:00","og_image":[{"width":1280,"height":720,"url":"https:\/\/www.france.fi\/wp-content\/uploads\/2021\/06\/Forecasting@Jelena-Remetin_9-1098x617.jpeg","type":"image\/jpeg"}],"author":"Equipe IFF","twitter_card":"summary_large_image","twitter_creator":"@IFFinlande","twitter_site":"@IFFinlande","twitter_misc":{"\u00c9crit par":"Equipe IFF","Dur\u00e9e de lecture estim\u00e9e":"2 minutes"},"schema":{"@context":"https:\/\/schema.org","@graph":[{"@type":"Article","@id":"https:\/\/www.france.fi\/fr\/kulttuuri\/giuseppe-chico-barbara-matijevic-forecasting\/#article","isPartOf":{"@id":"https:\/\/www.france.fi\/fr\/kulttuuri\/giuseppe-chico-barbara-matijevic-forecasting\/"},"author":{"name":"Equipe IFF","@id":"https:\/\/www.france.fi\/#\/schema\/person\/ed873f29db1d0af6a3600d15d3b65bfd"},"headline":"Giuseppe Chico et Barbara Matijevi\u0107: Forecasting","datePublished":"2021-06-09T10:21:16+00:00","dateModified":"2021-06-23T12:38:05+00:00","mainEntityOfPage":{"@id":"https:\/\/www.france.fi\/fr\/kulttuuri\/giuseppe-chico-barbara-matijevic-forecasting\/"},"wordCount":296,"publisher":{"@id":"https:\/\/www.france.fi\/#organization"},"image":{"@id":"https:\/\/www.france.fi\/fr\/kulttuuri\/giuseppe-chico-barbara-matijevic-forecasting\/#primaryimage"},"thumbnailUrl":"https:\/\/www.france.fi\/wp-content\/uploads\/2021\/06\/Forecasting@Jelena-Remetin_9-1098x617.jpeg","articleSection":["Kulttuuri"],"inLanguage":"fr-FR"},{"@type":"WebPage","@id":"https:\/\/www.france.fi\/fr\/kulttuuri\/giuseppe-chico-barbara-matijevic-forecasting\/","url":"https:\/\/www.france.fi\/fr\/kulttuuri\/giuseppe-chico-barbara-matijevic-forecasting\/","name":"Giuseppe Chico et Barbara Matijevi\u0107: Forecasting - Institut fran\u00e7ais","isPartOf":{"@id":"https:\/\/www.france.fi\/#website"},"primaryImageOfPage":{"@id":"https:\/\/www.france.fi\/fr\/kulttuuri\/giuseppe-chico-barbara-matijevic-forecasting\/#primaryimage"},"image":{"@id":"https:\/\/www.france.fi\/fr\/kulttuuri\/giuseppe-chico-barbara-matijevic-forecasting\/#primaryimage"},"thumbnailUrl":"https:\/\/www.france.fi\/wp-content\/uploads\/2021\/06\/Forecasting@Jelena-Remetin_9-1098x617.jpeg","datePublished":"2021-06-09T10:21:16+00:00","dateModified":"2021-06-23T12:38:05+00:00","breadcrumb":{"@id":"https:\/\/www.france.fi\/fr\/kulttuuri\/giuseppe-chico-barbara-matijevic-forecasting\/#breadcrumb"},"inLanguage":"fr-FR","potentialAction":[{"@type":"ReadAction","target":["https:\/\/www.france.fi\/fr\/kulttuuri\/giuseppe-chico-barbara-matijevic-forecasting\/"]}]},{"@type":"ImageObject","inLanguage":"fr-FR","@id":"https:\/\/www.france.fi\/fr\/kulttuuri\/giuseppe-chico-barbara-matijevic-forecasting\/#primaryimage","url":"https:\/\/www.france.fi\/wp-content\/uploads\/2021\/06\/Forecasting@Jelena-Remetin_9-1098x617.jpeg","contentUrl":"https:\/\/www.france.fi\/wp-content\/uploads\/2021\/06\/Forecasting@Jelena-Remetin_9-1098x617.jpeg","width":1280,"height":720},{"@type":"BreadcrumbList","@id":"https:\/\/www.france.fi\/fr\/kulttuuri\/giuseppe-chico-barbara-matijevic-forecasting\/#breadcrumb","itemListElement":[{"@type":"ListItem","position":1,"name":"Home","item":"https:\/\/www.france.fi\/fr\/"},{"@type":"ListItem","position":2,"name":"Culture","item":"https:\/\/www.france.fi\/fr\/category\/culture\/"},{"@type":"ListItem","position":3,"name":"Giuseppe Chico et Barbara Matijevi\u0107: Forecasting"}]},{"@type":"WebSite","@id":"https:\/\/www.france.fi\/#website","url":"https:\/\/www.france.fi\/","name":"Institut fran\u00e7ais de Finlande","description":"","publisher":{"@id":"https:\/\/www.france.fi\/#organization"},"potentialAction":[{"@type":"SearchAction","target":{"@type":"EntryPoint","urlTemplate":"https:\/\/www.france.fi\/?s={search_term_string}"},"query-input":{"@type":"PropertyValueSpecification","valueRequired":true,"valueName":"search_term_string"}}],"inLanguage":"fr-FR"},{"@type":"Organization","@id":"https:\/\/www.france.fi\/#organization","name":"Institut fran\u00e7ais de Finlande","url":"https:\/\/www.france.fi\/","logo":{"@type":"ImageObject","inLanguage":"fr-FR","@id":"https:\/\/www.france.fi\/#\/schema\/logo\/image\/","url":"https:\/\/www.france.fi\/wp-content\/uploads\/2024\/02\/if-logo-1.png","contentUrl":"https:\/\/www.france.fi\/wp-content\/uploads\/2024\/02\/if-logo-1.png","width":687,"height":459,"caption":"Institut fran\u00e7ais de Finlande"},"image":{"@id":"https:\/\/www.france.fi\/#\/schema\/logo\/image\/"},"sameAs":["https:\/\/www.facebook.com\/institutfrancaisfi","https:\/\/x.com\/IFFinlande","https:\/\/www.instagram.com\/iffinlande\/","https:\/\/fr.linkedin.com\/organization-guest\/company\/institut-fran-ais-de-finlande","https:\/\/www.youtube.com\/channel\/UCHAitdpmSbeP78eL49XMotA"]},{"@type":"Person","@id":"https:\/\/www.france.fi\/#\/schema\/person\/ed873f29db1d0af6a3600d15d3b65bfd","name":"Equipe IFF","image":{"@type":"ImageObject","inLanguage":"fr-FR","@id":"https:\/\/secure.gravatar.com\/avatar\/3c4ba80228d01014b25e45e90abb28ce315a02c6572751a7fb2298e4274989fc?s=96&d=mm&r=g","url":"https:\/\/secure.gravatar.com\/avatar\/3c4ba80228d01014b25e45e90abb28ce315a02c6572751a7fb2298e4274989fc?s=96&d=mm&r=g","contentUrl":"https:\/\/secure.gravatar.com\/avatar\/3c4ba80228d01014b25e45e90abb28ce315a02c6572751a7fb2298e4274989fc?s=96&d=mm&r=g","caption":"Equipe IFF"},"url":"https:\/\/www.france.fi\/fr\/author\/iffadmin\/"}]}},"_links":{"self":[{"href":"https:\/\/www.france.fi\/fr\/wp-json\/wp\/v2\/posts\/5543","targetHints":{"allow":["GET"]}}],"collection":[{"href":"https:\/\/www.france.fi\/fr\/wp-json\/wp\/v2\/posts"}],"about":[{"href":"https:\/\/www.france.fi\/fr\/wp-json\/wp\/v2\/types\/post"}],"author":[{"embeddable":true,"href":"https:\/\/www.france.fi\/fr\/wp-json\/wp\/v2\/users\/2"}],"replies":[{"embeddable":true,"href":"https:\/\/www.france.fi\/fr\/wp-json\/wp\/v2\/comments?post=5543"}],"version-history":[{"count":0,"href":"https:\/\/www.france.fi\/fr\/wp-json\/wp\/v2\/posts\/5543\/revisions"}],"wp:featuredmedia":[{"embeddable":true,"href":"https:\/\/www.france.fi\/fr\/wp-json\/wp\/v2\/media\/5544"}],"wp:attachment":[{"href":"https:\/\/www.france.fi\/fr\/wp-json\/wp\/v2\/media?parent=5543"}],"wp:term":[{"taxonomy":"category","embeddable":true,"href":"https:\/\/www.france.fi\/fr\/wp-json\/wp\/v2\/categories?post=5543"},{"taxonomy":"post_tag","embeddable":true,"href":"https:\/\/www.france.fi\/fr\/wp-json\/wp\/v2\/tags?post=5543"}],"curies":[{"name":"wp","href":"https:\/\/api.w.org\/{rel}","templated":true}]}}