{"id":5883,"date":"2021-07-06T10:58:46","date_gmt":"2021-07-06T07:58:46","guid":{"rendered":"http:\/\/www.france.fi\/?p=5883"},"modified":"2021-09-08T10:13:52","modified_gmt":"2021-09-08T07:13:52","slug":"premiere-mondiale-dinnocence-de-kaija-saariaho","status":"publish","type":"post","link":"https:\/\/www.france.fi\/fr\/culture\/premiere-mondiale-dinnocence-de-kaija-saariaho\/","title":{"rendered":"Premi\u00e8re mondiale d&rsquo;Innocence de Kaija Saariaho"},"content":{"rendered":"\n<p><strong><em>Innocence <\/em>est retransmis en direct gratuitement le 10 juillet \u00e0 19h sur <a href=\"https:\/\/www.arte.tv\/fr\/arte-concert\/\" target=\"_blank\" rel=\"noopener\">arteconcert.com<\/a> et en diff\u00e9r\u00e9 le 11 juillet \u00e0 19h sur France Musique<\/strong><\/p>\n<p>Refl\u00e9tant la soci\u00e9t\u00e9 cosmopolite qui peuple les grandes villes occidentales d\u2019aujourd\u2019hui, cet op\u00e9ra en cinq actes, d\u2019une heure et quarante-cinq minutes, est chant\u00e9 en anglais, finnois, tch\u00e8que, roumain, fran\u00e7ais, allemand, espagnol, grec et su\u00e9dois.<\/p>\n<p>Cette fresque musicale d\u2019une rare profondeur de Kaija Saariaho, con\u00e7ue pour un grand orchestre de quatre-vingts musiciens, un ch\u0153ur mixte et treize solistes, refl\u00e8te cette diversit\u00e9 linguistique par ses nombreux contrastes et couleurs et r\u00e9unit une distribution internationale de haut vol, men\u00e9e par la mezzo-soprano tch\u00e8que Magdalena Ko\u017een\u00e1 (<em>Les Noces de Figaro<\/em>, 2001) et la soprano fran\u00e7aise Sandrine Piau (<em>Ariodante<\/em>, 2014; <em>Le Songe d\u2019une nuit d\u2019\u00e9t\u00e9<\/em>, 2015; <em>Cos\u00ec fan tutte<\/em>, 2016), sous la direction de la cheffe finlandaise Susanna M\u00e4lkki qui est, pour l\u2019occasion, \u00e0 la t\u00eate du London Symphony Orchestra.<\/p>\n<p>C\u2019est le metteur en sc\u00e8ne australien Simon Stone qui signe la mise en sc\u00e8ne de cette cr\u00e9ation avec un ing\u00e9nieux dispositif sc\u00e9nique faisant coexister sur sc\u00e8ne les deux temporalit\u00e9s et les r\u00e9alit\u00e9s parall\u00e8les de ce nouvel \u00abop\u00e9ra-thriller\u00bb de Kaija Saariaho.<\/p>\n<p>&gt; <b>4 repr\u00e9sentations du 3 au 12 juillet au Grand Th\u00e9\u00e2tre de Provence<\/b><\/p>\n<p><a href=\"https:\/\/festival-aix.com\/fr\/evenement\/innocence\" target=\"_blank\" rel=\"noopener\">EN SAVOIR PLUS SUR INNOCENCE<\/a><\/p>\n<h5>Pr\u00e9parez-vous avec le pr\u00e9lude d&rsquo;<em>Innocence<\/em><\/h5>\n<p><div class=\"rve\" data-content-width=\"580\"><iframe loading=\"lazy\" title=\"[ PR\u00c9LUDE ] INNOCENCE \u2013 KAIJA SAARIAHO\" width=\"580\" height=\"326\" src=\"https:\/\/www.youtube.com\/embed\/6jNIDdjpnVc?feature=oembed\" frameborder=\"0\" allow=\"accelerometer; autoplay; clipboard-write; encrypted-media; gyroscope; picture-in-picture; web-share\" referrerpolicy=\"strict-origin-when-cross-origin\" allowfullscreen><\/iframe><\/div><!-- Responsive Video Embeds plugin by www.kevinleary.net --><\/p>\n<p>\u00a0<\/p>\n","protected":false},"excerpt":{"rendered":"<p>Premi\u00e8re mondiale d\u2019Innocence de Kaija Saariaho compos\u00e9 sur un livret de la romanci\u00e8re finlandaise Sofi Oksanen qui signe, pour son premier livret d\u2019op\u00e9ra, une v\u00e9ritable trag\u00e9die contemporaine travers\u00e9e par les ombres du pass\u00e9 et l&rsquo;imp\u00e9ratif de r\u00e9silience.<\/p>\n","protected":false},"author":2,"featured_media":5884,"comment_status":"closed","ping_status":"open","sticky":false,"template":"","format":"standard","meta":{"footnotes":""},"categories":[1],"tags":[],"class_list":["post-5883","post","type-post","status-publish","format-standard","has-post-thumbnail","hentry","category-culture"],"yoast_head":"<!-- This site is optimized with the Yoast SEO plugin v27.4 - https:\/\/yoast.com\/product\/yoast-seo-wordpress\/ -->\n<title>Premi\u00e8re mondiale d&#039;Innocence de Kaija Saariaho - Institut fran\u00e7ais<\/title>\n<meta name=\"robots\" content=\"index, follow, max-snippet:-1, max-image-preview:large, max-video-preview:-1\" \/>\n<link rel=\"canonical\" href=\"https:\/\/www.france.fi\/fr\/culture\/premiere-mondiale-dinnocence-de-kaija-saariaho\/\" \/>\n<meta property=\"og:locale\" content=\"fr_FR\" \/>\n<meta property=\"og:type\" content=\"article\" \/>\n<meta property=\"og:title\" content=\"Premi\u00e8re mondiale d&#039;Innocence de Kaija Saariaho - Institut fran\u00e7ais\" \/>\n<meta property=\"og:description\" content=\"Premi\u00e8re mondiale d\u2019Innocence de Kaija Saariaho compos\u00e9 sur un livret de la romanci\u00e8re finlandaise Sofi Oksanen qui signe, pour son premier livret d\u2019op\u00e9ra, une v\u00e9ritable trag\u00e9die contemporaine travers\u00e9e par les ombres du pass\u00e9 et l&#039;imp\u00e9ratif de r\u00e9silience.\" \/>\n<meta property=\"og:url\" content=\"https:\/\/www.france.fi\/fr\/culture\/premiere-mondiale-dinnocence-de-kaija-saariaho\/\" \/>\n<meta property=\"og:site_name\" content=\"Institut fran\u00e7ais\" \/>\n<meta property=\"article:publisher\" content=\"https:\/\/www.facebook.com\/institutfrancaisfi\" \/>\n<meta property=\"article:published_time\" content=\"2021-07-06T07:58:46+00:00\" \/>\n<meta property=\"article:modified_time\" content=\"2021-09-08T07:13:52+00:00\" \/>\n<meta property=\"og:image\" content=\"https:\/\/www.france.fi\/wp-content\/uploads\/2021\/07\/Innocence-1098x617.jpg\" \/>\n\t<meta property=\"og:image:width\" content=\"1280\" \/>\n\t<meta property=\"og:image:height\" content=\"720\" \/>\n\t<meta property=\"og:image:type\" content=\"image\/jpeg\" \/>\n<meta name=\"author\" content=\"Equipe IFF\" \/>\n<meta name=\"twitter:card\" content=\"summary_large_image\" \/>\n<meta name=\"twitter:creator\" content=\"@IFFinlande\" \/>\n<meta name=\"twitter:site\" content=\"@IFFinlande\" \/>\n<meta name=\"twitter:label1\" content=\"\u00c9crit par\" \/>\n\t<meta name=\"twitter:data1\" content=\"Equipe IFF\" \/>\n\t<meta name=\"twitter:label2\" content=\"Dur\u00e9e de lecture estim\u00e9e\" \/>\n\t<meta name=\"twitter:data2\" content=\"1 minute\" \/>\n<script type=\"application\/ld+json\" class=\"yoast-schema-graph\">{\"@context\":\"https:\\\/\\\/schema.org\",\"@graph\":[{\"@type\":\"Article\",\"@id\":\"https:\\\/\\\/www.france.fi\\\/fr\\\/culture\\\/premiere-mondiale-dinnocence-de-kaija-saariaho\\\/#article\",\"isPartOf\":{\"@id\":\"https:\\\/\\\/www.france.fi\\\/fr\\\/culture\\\/premiere-mondiale-dinnocence-de-kaija-saariaho\\\/\"},\"author\":{\"name\":\"Equipe IFF\",\"@id\":\"https:\\\/\\\/www.france.fi\\\/#\\\/schema\\\/person\\\/ed873f29db1d0af6a3600d15d3b65bfd\"},\"headline\":\"Premi\u00e8re mondiale d&rsquo;Innocence de Kaija Saariaho\",\"datePublished\":\"2021-07-06T07:58:46+00:00\",\"dateModified\":\"2021-09-08T07:13:52+00:00\",\"mainEntityOfPage\":{\"@id\":\"https:\\\/\\\/www.france.fi\\\/fr\\\/culture\\\/premiere-mondiale-dinnocence-de-kaija-saariaho\\\/\"},\"wordCount\":254,\"publisher\":{\"@id\":\"https:\\\/\\\/www.france.fi\\\/#organization\"},\"image\":{\"@id\":\"https:\\\/\\\/www.france.fi\\\/fr\\\/culture\\\/premiere-mondiale-dinnocence-de-kaija-saariaho\\\/#primaryimage\"},\"thumbnailUrl\":\"https:\\\/\\\/www.france.fi\\\/wp-content\\\/uploads\\\/2021\\\/07\\\/Innocence-1098x617.jpg\",\"articleSection\":[\"Culture\"],\"inLanguage\":\"fr-FR\"},{\"@type\":\"WebPage\",\"@id\":\"https:\\\/\\\/www.france.fi\\\/fr\\\/culture\\\/premiere-mondiale-dinnocence-de-kaija-saariaho\\\/\",\"url\":\"https:\\\/\\\/www.france.fi\\\/fr\\\/culture\\\/premiere-mondiale-dinnocence-de-kaija-saariaho\\\/\",\"name\":\"Premi\u00e8re mondiale d'Innocence de Kaija Saariaho - Institut fran\u00e7ais\",\"isPartOf\":{\"@id\":\"https:\\\/\\\/www.france.fi\\\/#website\"},\"primaryImageOfPage\":{\"@id\":\"https:\\\/\\\/www.france.fi\\\/fr\\\/culture\\\/premiere-mondiale-dinnocence-de-kaija-saariaho\\\/#primaryimage\"},\"image\":{\"@id\":\"https:\\\/\\\/www.france.fi\\\/fr\\\/culture\\\/premiere-mondiale-dinnocence-de-kaija-saariaho\\\/#primaryimage\"},\"thumbnailUrl\":\"https:\\\/\\\/www.france.fi\\\/wp-content\\\/uploads\\\/2021\\\/07\\\/Innocence-1098x617.jpg\",\"datePublished\":\"2021-07-06T07:58:46+00:00\",\"dateModified\":\"2021-09-08T07:13:52+00:00\",\"breadcrumb\":{\"@id\":\"https:\\\/\\\/www.france.fi\\\/fr\\\/culture\\\/premiere-mondiale-dinnocence-de-kaija-saariaho\\\/#breadcrumb\"},\"inLanguage\":\"fr-FR\",\"potentialAction\":[{\"@type\":\"ReadAction\",\"target\":[\"https:\\\/\\\/www.france.fi\\\/fr\\\/culture\\\/premiere-mondiale-dinnocence-de-kaija-saariaho\\\/\"]}]},{\"@type\":\"ImageObject\",\"inLanguage\":\"fr-FR\",\"@id\":\"https:\\\/\\\/www.france.fi\\\/fr\\\/culture\\\/premiere-mondiale-dinnocence-de-kaija-saariaho\\\/#primaryimage\",\"url\":\"https:\\\/\\\/www.france.fi\\\/wp-content\\\/uploads\\\/2021\\\/07\\\/Innocence-1098x617.jpg\",\"contentUrl\":\"https:\\\/\\\/www.france.fi\\\/wp-content\\\/uploads\\\/2021\\\/07\\\/Innocence-1098x617.jpg\",\"width\":1280,\"height\":720},{\"@type\":\"BreadcrumbList\",\"@id\":\"https:\\\/\\\/www.france.fi\\\/fr\\\/culture\\\/premiere-mondiale-dinnocence-de-kaija-saariaho\\\/#breadcrumb\",\"itemListElement\":[{\"@type\":\"ListItem\",\"position\":1,\"name\":\"Home\",\"item\":\"https:\\\/\\\/www.france.fi\\\/fr\\\/\"},{\"@type\":\"ListItem\",\"position\":2,\"name\":\"Culture\",\"item\":\"https:\\\/\\\/www.france.fi\\\/fr\\\/category\\\/culture\\\/\"},{\"@type\":\"ListItem\",\"position\":3,\"name\":\"Premi\u00e8re mondiale d&rsquo;Innocence de Kaija Saariaho\"}]},{\"@type\":\"WebSite\",\"@id\":\"https:\\\/\\\/www.france.fi\\\/#website\",\"url\":\"https:\\\/\\\/www.france.fi\\\/\",\"name\":\"Institut fran\u00e7ais de Finlande\",\"description\":\"\",\"publisher\":{\"@id\":\"https:\\\/\\\/www.france.fi\\\/#organization\"},\"potentialAction\":[{\"@type\":\"SearchAction\",\"target\":{\"@type\":\"EntryPoint\",\"urlTemplate\":\"https:\\\/\\\/www.france.fi\\\/?s={search_term_string}\"},\"query-input\":{\"@type\":\"PropertyValueSpecification\",\"valueRequired\":true,\"valueName\":\"search_term_string\"}}],\"inLanguage\":\"fr-FR\"},{\"@type\":\"Organization\",\"@id\":\"https:\\\/\\\/www.france.fi\\\/#organization\",\"name\":\"Institut fran\u00e7ais de Finlande\",\"url\":\"https:\\\/\\\/www.france.fi\\\/\",\"logo\":{\"@type\":\"ImageObject\",\"inLanguage\":\"fr-FR\",\"@id\":\"https:\\\/\\\/www.france.fi\\\/#\\\/schema\\\/logo\\\/image\\\/\",\"url\":\"https:\\\/\\\/www.france.fi\\\/wp-content\\\/uploads\\\/2024\\\/02\\\/if-logo-1.png\",\"contentUrl\":\"https:\\\/\\\/www.france.fi\\\/wp-content\\\/uploads\\\/2024\\\/02\\\/if-logo-1.png\",\"width\":687,\"height\":459,\"caption\":\"Institut fran\u00e7ais de Finlande\"},\"image\":{\"@id\":\"https:\\\/\\\/www.france.fi\\\/#\\\/schema\\\/logo\\\/image\\\/\"},\"sameAs\":[\"https:\\\/\\\/www.facebook.com\\\/institutfrancaisfi\",\"https:\\\/\\\/x.com\\\/IFFinlande\",\"https:\\\/\\\/www.instagram.com\\\/iffinlande\\\/\",\"https:\\\/\\\/fr.linkedin.com\\\/organization-guest\\\/company\\\/institut-fran-ais-de-finlande\",\"https:\\\/\\\/www.youtube.com\\\/channel\\\/UCHAitdpmSbeP78eL49XMotA\"]},{\"@type\":\"Person\",\"@id\":\"https:\\\/\\\/www.france.fi\\\/#\\\/schema\\\/person\\\/ed873f29db1d0af6a3600d15d3b65bfd\",\"name\":\"Equipe IFF\",\"image\":{\"@type\":\"ImageObject\",\"inLanguage\":\"fr-FR\",\"@id\":\"https:\\\/\\\/secure.gravatar.com\\\/avatar\\\/3c4ba80228d01014b25e45e90abb28ce315a02c6572751a7fb2298e4274989fc?s=96&d=mm&r=g\",\"url\":\"https:\\\/\\\/secure.gravatar.com\\\/avatar\\\/3c4ba80228d01014b25e45e90abb28ce315a02c6572751a7fb2298e4274989fc?s=96&d=mm&r=g\",\"contentUrl\":\"https:\\\/\\\/secure.gravatar.com\\\/avatar\\\/3c4ba80228d01014b25e45e90abb28ce315a02c6572751a7fb2298e4274989fc?s=96&d=mm&r=g\",\"caption\":\"Equipe IFF\"},\"url\":\"https:\\\/\\\/www.france.fi\\\/fr\\\/author\\\/iffadmin\\\/\"}]}<\/script>\n<!-- \/ Yoast SEO plugin. -->","yoast_head_json":{"title":"Premi\u00e8re mondiale d'Innocence de Kaija Saariaho - Institut fran\u00e7ais","robots":{"index":"index","follow":"follow","max-snippet":"max-snippet:-1","max-image-preview":"max-image-preview:large","max-video-preview":"max-video-preview:-1"},"canonical":"https:\/\/www.france.fi\/fr\/culture\/premiere-mondiale-dinnocence-de-kaija-saariaho\/","og_locale":"fr_FR","og_type":"article","og_title":"Premi\u00e8re mondiale d'Innocence de Kaija Saariaho - Institut fran\u00e7ais","og_description":"Premi\u00e8re mondiale d\u2019Innocence de Kaija Saariaho compos\u00e9 sur un livret de la romanci\u00e8re finlandaise Sofi Oksanen qui signe, pour son premier livret d\u2019op\u00e9ra, une v\u00e9ritable trag\u00e9die contemporaine travers\u00e9e par les ombres du pass\u00e9 et l'imp\u00e9ratif de r\u00e9silience.","og_url":"https:\/\/www.france.fi\/fr\/culture\/premiere-mondiale-dinnocence-de-kaija-saariaho\/","og_site_name":"Institut fran\u00e7ais","article_publisher":"https:\/\/www.facebook.com\/institutfrancaisfi","article_published_time":"2021-07-06T07:58:46+00:00","article_modified_time":"2021-09-08T07:13:52+00:00","og_image":[{"width":1280,"height":720,"url":"https:\/\/www.france.fi\/wp-content\/uploads\/2021\/07\/Innocence-1098x617.jpg","type":"image\/jpeg"}],"author":"Equipe IFF","twitter_card":"summary_large_image","twitter_creator":"@IFFinlande","twitter_site":"@IFFinlande","twitter_misc":{"\u00c9crit par":"Equipe IFF","Dur\u00e9e de lecture estim\u00e9e":"1 minute"},"schema":{"@context":"https:\/\/schema.org","@graph":[{"@type":"Article","@id":"https:\/\/www.france.fi\/fr\/culture\/premiere-mondiale-dinnocence-de-kaija-saariaho\/#article","isPartOf":{"@id":"https:\/\/www.france.fi\/fr\/culture\/premiere-mondiale-dinnocence-de-kaija-saariaho\/"},"author":{"name":"Equipe IFF","@id":"https:\/\/www.france.fi\/#\/schema\/person\/ed873f29db1d0af6a3600d15d3b65bfd"},"headline":"Premi\u00e8re mondiale d&rsquo;Innocence de Kaija Saariaho","datePublished":"2021-07-06T07:58:46+00:00","dateModified":"2021-09-08T07:13:52+00:00","mainEntityOfPage":{"@id":"https:\/\/www.france.fi\/fr\/culture\/premiere-mondiale-dinnocence-de-kaija-saariaho\/"},"wordCount":254,"publisher":{"@id":"https:\/\/www.france.fi\/#organization"},"image":{"@id":"https:\/\/www.france.fi\/fr\/culture\/premiere-mondiale-dinnocence-de-kaija-saariaho\/#primaryimage"},"thumbnailUrl":"https:\/\/www.france.fi\/wp-content\/uploads\/2021\/07\/Innocence-1098x617.jpg","articleSection":["Culture"],"inLanguage":"fr-FR"},{"@type":"WebPage","@id":"https:\/\/www.france.fi\/fr\/culture\/premiere-mondiale-dinnocence-de-kaija-saariaho\/","url":"https:\/\/www.france.fi\/fr\/culture\/premiere-mondiale-dinnocence-de-kaija-saariaho\/","name":"Premi\u00e8re mondiale d'Innocence de Kaija Saariaho - Institut fran\u00e7ais","isPartOf":{"@id":"https:\/\/www.france.fi\/#website"},"primaryImageOfPage":{"@id":"https:\/\/www.france.fi\/fr\/culture\/premiere-mondiale-dinnocence-de-kaija-saariaho\/#primaryimage"},"image":{"@id":"https:\/\/www.france.fi\/fr\/culture\/premiere-mondiale-dinnocence-de-kaija-saariaho\/#primaryimage"},"thumbnailUrl":"https:\/\/www.france.fi\/wp-content\/uploads\/2021\/07\/Innocence-1098x617.jpg","datePublished":"2021-07-06T07:58:46+00:00","dateModified":"2021-09-08T07:13:52+00:00","breadcrumb":{"@id":"https:\/\/www.france.fi\/fr\/culture\/premiere-mondiale-dinnocence-de-kaija-saariaho\/#breadcrumb"},"inLanguage":"fr-FR","potentialAction":[{"@type":"ReadAction","target":["https:\/\/www.france.fi\/fr\/culture\/premiere-mondiale-dinnocence-de-kaija-saariaho\/"]}]},{"@type":"ImageObject","inLanguage":"fr-FR","@id":"https:\/\/www.france.fi\/fr\/culture\/premiere-mondiale-dinnocence-de-kaija-saariaho\/#primaryimage","url":"https:\/\/www.france.fi\/wp-content\/uploads\/2021\/07\/Innocence-1098x617.jpg","contentUrl":"https:\/\/www.france.fi\/wp-content\/uploads\/2021\/07\/Innocence-1098x617.jpg","width":1280,"height":720},{"@type":"BreadcrumbList","@id":"https:\/\/www.france.fi\/fr\/culture\/premiere-mondiale-dinnocence-de-kaija-saariaho\/#breadcrumb","itemListElement":[{"@type":"ListItem","position":1,"name":"Home","item":"https:\/\/www.france.fi\/fr\/"},{"@type":"ListItem","position":2,"name":"Culture","item":"https:\/\/www.france.fi\/fr\/category\/culture\/"},{"@type":"ListItem","position":3,"name":"Premi\u00e8re mondiale d&rsquo;Innocence de Kaija Saariaho"}]},{"@type":"WebSite","@id":"https:\/\/www.france.fi\/#website","url":"https:\/\/www.france.fi\/","name":"Institut fran\u00e7ais de Finlande","description":"","publisher":{"@id":"https:\/\/www.france.fi\/#organization"},"potentialAction":[{"@type":"SearchAction","target":{"@type":"EntryPoint","urlTemplate":"https:\/\/www.france.fi\/?s={search_term_string}"},"query-input":{"@type":"PropertyValueSpecification","valueRequired":true,"valueName":"search_term_string"}}],"inLanguage":"fr-FR"},{"@type":"Organization","@id":"https:\/\/www.france.fi\/#organization","name":"Institut fran\u00e7ais de Finlande","url":"https:\/\/www.france.fi\/","logo":{"@type":"ImageObject","inLanguage":"fr-FR","@id":"https:\/\/www.france.fi\/#\/schema\/logo\/image\/","url":"https:\/\/www.france.fi\/wp-content\/uploads\/2024\/02\/if-logo-1.png","contentUrl":"https:\/\/www.france.fi\/wp-content\/uploads\/2024\/02\/if-logo-1.png","width":687,"height":459,"caption":"Institut fran\u00e7ais de Finlande"},"image":{"@id":"https:\/\/www.france.fi\/#\/schema\/logo\/image\/"},"sameAs":["https:\/\/www.facebook.com\/institutfrancaisfi","https:\/\/x.com\/IFFinlande","https:\/\/www.instagram.com\/iffinlande\/","https:\/\/fr.linkedin.com\/organization-guest\/company\/institut-fran-ais-de-finlande","https:\/\/www.youtube.com\/channel\/UCHAitdpmSbeP78eL49XMotA"]},{"@type":"Person","@id":"https:\/\/www.france.fi\/#\/schema\/person\/ed873f29db1d0af6a3600d15d3b65bfd","name":"Equipe IFF","image":{"@type":"ImageObject","inLanguage":"fr-FR","@id":"https:\/\/secure.gravatar.com\/avatar\/3c4ba80228d01014b25e45e90abb28ce315a02c6572751a7fb2298e4274989fc?s=96&d=mm&r=g","url":"https:\/\/secure.gravatar.com\/avatar\/3c4ba80228d01014b25e45e90abb28ce315a02c6572751a7fb2298e4274989fc?s=96&d=mm&r=g","contentUrl":"https:\/\/secure.gravatar.com\/avatar\/3c4ba80228d01014b25e45e90abb28ce315a02c6572751a7fb2298e4274989fc?s=96&d=mm&r=g","caption":"Equipe IFF"},"url":"https:\/\/www.france.fi\/fr\/author\/iffadmin\/"}]}},"_links":{"self":[{"href":"https:\/\/www.france.fi\/fr\/wp-json\/wp\/v2\/posts\/5883","targetHints":{"allow":["GET"]}}],"collection":[{"href":"https:\/\/www.france.fi\/fr\/wp-json\/wp\/v2\/posts"}],"about":[{"href":"https:\/\/www.france.fi\/fr\/wp-json\/wp\/v2\/types\/post"}],"author":[{"embeddable":true,"href":"https:\/\/www.france.fi\/fr\/wp-json\/wp\/v2\/users\/2"}],"replies":[{"embeddable":true,"href":"https:\/\/www.france.fi\/fr\/wp-json\/wp\/v2\/comments?post=5883"}],"version-history":[{"count":0,"href":"https:\/\/www.france.fi\/fr\/wp-json\/wp\/v2\/posts\/5883\/revisions"}],"wp:featuredmedia":[{"embeddable":true,"href":"https:\/\/www.france.fi\/fr\/wp-json\/wp\/v2\/media\/5884"}],"wp:attachment":[{"href":"https:\/\/www.france.fi\/fr\/wp-json\/wp\/v2\/media?parent=5883"}],"wp:term":[{"taxonomy":"category","embeddable":true,"href":"https:\/\/www.france.fi\/fr\/wp-json\/wp\/v2\/categories?post=5883"},{"taxonomy":"post_tag","embeddable":true,"href":"https:\/\/www.france.fi\/fr\/wp-json\/wp\/v2\/tags?post=5883"}],"curies":[{"name":"wp","href":"https:\/\/api.w.org\/{rel}","templated":true}]}}