{"id":6152,"date":"2021-08-13T09:19:57","date_gmt":"2021-08-13T06:19:57","guid":{"rendered":"http:\/\/www.france.fi\/?p=6152"},"modified":"2021-09-17T09:33:40","modified_gmt":"2021-09-17T06:33:40","slug":"le-david-chevallier-trio-en-tournee-finlandaise","status":"publish","type":"post","link":"https:\/\/www.france.fi\/fr\/culture\/le-david-chevallier-trio-en-tournee-finlandaise\/","title":{"rendered":"Le David Chevallier trio en tourn\u00e9e finlandaise !"},"content":{"rendered":"\n<p class=\"has-text-align-center\" style=\"font-size:14px\">David Chevallier, S\u00e9bastien Boisseau, Christophe Lavergne \u00a9 Anne Magou\u00ebt<\/p>\n\n\n\n<p>Le guitariste et compositeur David Chevallier a l\u2019habitude de faire converser le jazz avec d\u2019autres musiques, comme la pop, le baroque ou la musique de chambre (John Dowland, Carlo Guesualdo,\u2026). Aussi, rien de surprenant qu\u2019apr\u00e8s la cr\u00e9ation de Standards &amp; Avatars il y a trois ans, son trio form\u00e9 avec le contrebassiste S\u00e9bastien Boisseau et le batteur Christophe Lavergne change de son et nous propose un nouveau r\u00e9pertoire enti\u00e8rement original. Pour leur second opus Second life, David Chevallier troque son \u00e9lectrique pour la guitare acoustique et le banjo, cr\u00e9ant ainsi un son in\u00e9dit pour le David Chevallier Trio, sorte de jazz-folk imaginaire.<\/p>\n<p>10.8. &#8211; 19h &#8211; \u00a0Vantaa, Koivup\u00e4\u00e4 Soi -pihakonsertti, Visapolku 3<br \/>11.8. &#8211; 18h &#8211; Kotka, Merikeskus Vellamo \/ Kotka Jazz*<br \/>12.8. &#8211; 19h &#8211; \u00a0Janakkala, Keltainen talo \/ yhteisty\u00f6ss\u00e4 Kumu rumpujen kanssa<br \/>13.8. &#8211; 19h &#8211; \u00a0\u00c4\u00e4nekoski, Wille olohuone ja keitti\u00f6<br \/>14.8. &#8211; 19h &#8211; \u00a0M\u00e4ntt\u00e4-Vilppula, Serlachius-museo G\u00f6sta \/ M\u00e4ntt\u00e4-Vilppula Jazz &amp; Blues<br \/>15.8. &#8211; \u00a018h &#8211; \u00a0Pori, Raatihuone \/ Validi Karkia -Klubi<br \/>16.8. &#8211; 19h &#8211; Helsinki, Hakasalmen Huvila \/ jaZZanti*<br \/>17.8. &#8211; 19h &#8211; Savonlinna, Kulttuurikellari \/ Olavin Jazz<br \/>18.8. &#8211; 19h &#8211; Joensuu, Pakkahuone \/Jazzkerho 76<br \/>20.8. &#8211; 19h &#8211; Turku, Turun konservatorio ja musiikkiopisto<\/p>\n<p><a href=\"https:\/\/www.vapaataanet.fi\/david-chevallier-trio-finnish-baltic-jazz-journey-on-august-2021\/\" target=\"_blank\" rel=\"noopener\"><strong>\u21d2Plus d\u2019informations<\/strong><\/a><\/p>\n","protected":false},"excerpt":{"rendered":"<p>L\u2019Institut fran\u00e7ais de Finlande soutient la tourn\u00e9e finlandaise du David Chevallier Trio !<\/p>\n","protected":false},"author":2,"featured_media":6153,"comment_status":"closed","ping_status":"open","sticky":false,"template":"","format":"standard","meta":{"footnotes":""},"categories":[1],"tags":[],"class_list":["post-6152","post","type-post","status-publish","format-standard","has-post-thumbnail","hentry","category-culture"],"yoast_head":"<!-- This site is optimized with the Yoast SEO plugin v27.4 - https:\/\/yoast.com\/product\/yoast-seo-wordpress\/ -->\n<title>Le David Chevallier trio en tourn\u00e9e finlandaise ! - Institut fran\u00e7ais<\/title>\n<meta name=\"robots\" content=\"index, follow, max-snippet:-1, max-image-preview:large, max-video-preview:-1\" \/>\n<link rel=\"canonical\" href=\"https:\/\/www.france.fi\/fr\/culture\/le-david-chevallier-trio-en-tournee-finlandaise\/\" \/>\n<meta property=\"og:locale\" content=\"fr_FR\" \/>\n<meta property=\"og:type\" content=\"article\" \/>\n<meta property=\"og:title\" content=\"Le David Chevallier trio en tourn\u00e9e finlandaise ! - Institut fran\u00e7ais\" \/>\n<meta property=\"og:description\" content=\"L\u2019Institut fran\u00e7ais de Finlande soutient la tourn\u00e9e finlandaise du David Chevallier Trio !\" \/>\n<meta property=\"og:url\" content=\"https:\/\/www.france.fi\/fr\/culture\/le-david-chevallier-trio-en-tournee-finlandaise\/\" \/>\n<meta property=\"og:site_name\" content=\"Institut fran\u00e7ais\" \/>\n<meta property=\"article:publisher\" content=\"https:\/\/www.facebook.com\/institutfrancaisfi\" \/>\n<meta property=\"article:published_time\" content=\"2021-08-13T06:19:57+00:00\" \/>\n<meta property=\"article:modified_time\" content=\"2021-09-17T06:33:40+00:00\" \/>\n<meta property=\"og:image\" content=\"https:\/\/www.france.fi\/wp-content\/uploads\/2021\/08\/david-chevallier-trio-c-anne-magouet-1098x617.jpeg\" \/>\n\t<meta property=\"og:image:width\" content=\"1280\" \/>\n\t<meta property=\"og:image:height\" content=\"720\" \/>\n\t<meta property=\"og:image:type\" content=\"image\/jpeg\" \/>\n<meta name=\"author\" content=\"Equipe IFF\" \/>\n<meta name=\"twitter:card\" content=\"summary_large_image\" \/>\n<meta name=\"twitter:creator\" content=\"@IFFinlande\" \/>\n<meta name=\"twitter:site\" content=\"@IFFinlande\" \/>\n<meta name=\"twitter:label1\" content=\"\u00c9crit par\" \/>\n\t<meta name=\"twitter:data1\" content=\"Equipe IFF\" \/>\n\t<meta name=\"twitter:label2\" content=\"Dur\u00e9e de lecture estim\u00e9e\" \/>\n\t<meta name=\"twitter:data2\" content=\"1 minute\" \/>\n<script type=\"application\/ld+json\" class=\"yoast-schema-graph\">{\"@context\":\"https:\\\/\\\/schema.org\",\"@graph\":[{\"@type\":\"Article\",\"@id\":\"https:\\\/\\\/www.france.fi\\\/fr\\\/culture\\\/le-david-chevallier-trio-en-tournee-finlandaise\\\/#article\",\"isPartOf\":{\"@id\":\"https:\\\/\\\/www.france.fi\\\/fr\\\/culture\\\/le-david-chevallier-trio-en-tournee-finlandaise\\\/\"},\"author\":{\"name\":\"Equipe IFF\",\"@id\":\"https:\\\/\\\/www.france.fi\\\/#\\\/schema\\\/person\\\/ed873f29db1d0af6a3600d15d3b65bfd\"},\"headline\":\"Le David Chevallier trio en tourn\u00e9e finlandaise !\",\"datePublished\":\"2021-08-13T06:19:57+00:00\",\"dateModified\":\"2021-09-17T06:33:40+00:00\",\"mainEntityOfPage\":{\"@id\":\"https:\\\/\\\/www.france.fi\\\/fr\\\/culture\\\/le-david-chevallier-trio-en-tournee-finlandaise\\\/\"},\"wordCount\":219,\"publisher\":{\"@id\":\"https:\\\/\\\/www.france.fi\\\/#organization\"},\"image\":{\"@id\":\"https:\\\/\\\/www.france.fi\\\/fr\\\/culture\\\/le-david-chevallier-trio-en-tournee-finlandaise\\\/#primaryimage\"},\"thumbnailUrl\":\"https:\\\/\\\/www.france.fi\\\/wp-content\\\/uploads\\\/2021\\\/08\\\/david-chevallier-trio-c-anne-magouet-1098x617.jpeg\",\"articleSection\":[\"Culture\"],\"inLanguage\":\"fr-FR\"},{\"@type\":\"WebPage\",\"@id\":\"https:\\\/\\\/www.france.fi\\\/fr\\\/culture\\\/le-david-chevallier-trio-en-tournee-finlandaise\\\/\",\"url\":\"https:\\\/\\\/www.france.fi\\\/fr\\\/culture\\\/le-david-chevallier-trio-en-tournee-finlandaise\\\/\",\"name\":\"Le David Chevallier trio en tourn\u00e9e finlandaise ! - Institut fran\u00e7ais\",\"isPartOf\":{\"@id\":\"https:\\\/\\\/www.france.fi\\\/#website\"},\"primaryImageOfPage\":{\"@id\":\"https:\\\/\\\/www.france.fi\\\/fr\\\/culture\\\/le-david-chevallier-trio-en-tournee-finlandaise\\\/#primaryimage\"},\"image\":{\"@id\":\"https:\\\/\\\/www.france.fi\\\/fr\\\/culture\\\/le-david-chevallier-trio-en-tournee-finlandaise\\\/#primaryimage\"},\"thumbnailUrl\":\"https:\\\/\\\/www.france.fi\\\/wp-content\\\/uploads\\\/2021\\\/08\\\/david-chevallier-trio-c-anne-magouet-1098x617.jpeg\",\"datePublished\":\"2021-08-13T06:19:57+00:00\",\"dateModified\":\"2021-09-17T06:33:40+00:00\",\"breadcrumb\":{\"@id\":\"https:\\\/\\\/www.france.fi\\\/fr\\\/culture\\\/le-david-chevallier-trio-en-tournee-finlandaise\\\/#breadcrumb\"},\"inLanguage\":\"fr-FR\",\"potentialAction\":[{\"@type\":\"ReadAction\",\"target\":[\"https:\\\/\\\/www.france.fi\\\/fr\\\/culture\\\/le-david-chevallier-trio-en-tournee-finlandaise\\\/\"]}]},{\"@type\":\"ImageObject\",\"inLanguage\":\"fr-FR\",\"@id\":\"https:\\\/\\\/www.france.fi\\\/fr\\\/culture\\\/le-david-chevallier-trio-en-tournee-finlandaise\\\/#primaryimage\",\"url\":\"https:\\\/\\\/www.france.fi\\\/wp-content\\\/uploads\\\/2021\\\/08\\\/david-chevallier-trio-c-anne-magouet-1098x617.jpeg\",\"contentUrl\":\"https:\\\/\\\/www.france.fi\\\/wp-content\\\/uploads\\\/2021\\\/08\\\/david-chevallier-trio-c-anne-magouet-1098x617.jpeg\",\"width\":1280,\"height\":720},{\"@type\":\"BreadcrumbList\",\"@id\":\"https:\\\/\\\/www.france.fi\\\/fr\\\/culture\\\/le-david-chevallier-trio-en-tournee-finlandaise\\\/#breadcrumb\",\"itemListElement\":[{\"@type\":\"ListItem\",\"position\":1,\"name\":\"Home\",\"item\":\"https:\\\/\\\/www.france.fi\\\/fr\\\/\"},{\"@type\":\"ListItem\",\"position\":2,\"name\":\"Culture\",\"item\":\"https:\\\/\\\/www.france.fi\\\/fr\\\/category\\\/culture\\\/\"},{\"@type\":\"ListItem\",\"position\":3,\"name\":\"Le David Chevallier trio en tourn\u00e9e finlandaise !\"}]},{\"@type\":\"WebSite\",\"@id\":\"https:\\\/\\\/www.france.fi\\\/#website\",\"url\":\"https:\\\/\\\/www.france.fi\\\/\",\"name\":\"Institut fran\u00e7ais de Finlande\",\"description\":\"\",\"publisher\":{\"@id\":\"https:\\\/\\\/www.france.fi\\\/#organization\"},\"potentialAction\":[{\"@type\":\"SearchAction\",\"target\":{\"@type\":\"EntryPoint\",\"urlTemplate\":\"https:\\\/\\\/www.france.fi\\\/?s={search_term_string}\"},\"query-input\":{\"@type\":\"PropertyValueSpecification\",\"valueRequired\":true,\"valueName\":\"search_term_string\"}}],\"inLanguage\":\"fr-FR\"},{\"@type\":\"Organization\",\"@id\":\"https:\\\/\\\/www.france.fi\\\/#organization\",\"name\":\"Institut fran\u00e7ais de Finlande\",\"url\":\"https:\\\/\\\/www.france.fi\\\/\",\"logo\":{\"@type\":\"ImageObject\",\"inLanguage\":\"fr-FR\",\"@id\":\"https:\\\/\\\/www.france.fi\\\/#\\\/schema\\\/logo\\\/image\\\/\",\"url\":\"https:\\\/\\\/www.france.fi\\\/wp-content\\\/uploads\\\/2024\\\/02\\\/if-logo-1.png\",\"contentUrl\":\"https:\\\/\\\/www.france.fi\\\/wp-content\\\/uploads\\\/2024\\\/02\\\/if-logo-1.png\",\"width\":687,\"height\":459,\"caption\":\"Institut fran\u00e7ais de Finlande\"},\"image\":{\"@id\":\"https:\\\/\\\/www.france.fi\\\/#\\\/schema\\\/logo\\\/image\\\/\"},\"sameAs\":[\"https:\\\/\\\/www.facebook.com\\\/institutfrancaisfi\",\"https:\\\/\\\/x.com\\\/IFFinlande\",\"https:\\\/\\\/www.instagram.com\\\/iffinlande\\\/\",\"https:\\\/\\\/fr.linkedin.com\\\/organization-guest\\\/company\\\/institut-fran-ais-de-finlande\",\"https:\\\/\\\/www.youtube.com\\\/channel\\\/UCHAitdpmSbeP78eL49XMotA\"]},{\"@type\":\"Person\",\"@id\":\"https:\\\/\\\/www.france.fi\\\/#\\\/schema\\\/person\\\/ed873f29db1d0af6a3600d15d3b65bfd\",\"name\":\"Equipe IFF\",\"image\":{\"@type\":\"ImageObject\",\"inLanguage\":\"fr-FR\",\"@id\":\"https:\\\/\\\/secure.gravatar.com\\\/avatar\\\/3c4ba80228d01014b25e45e90abb28ce315a02c6572751a7fb2298e4274989fc?s=96&d=mm&r=g\",\"url\":\"https:\\\/\\\/secure.gravatar.com\\\/avatar\\\/3c4ba80228d01014b25e45e90abb28ce315a02c6572751a7fb2298e4274989fc?s=96&d=mm&r=g\",\"contentUrl\":\"https:\\\/\\\/secure.gravatar.com\\\/avatar\\\/3c4ba80228d01014b25e45e90abb28ce315a02c6572751a7fb2298e4274989fc?s=96&d=mm&r=g\",\"caption\":\"Equipe IFF\"},\"url\":\"https:\\\/\\\/www.france.fi\\\/fr\\\/author\\\/iffadmin\\\/\"}]}<\/script>\n<!-- \/ Yoast SEO plugin. -->","yoast_head_json":{"title":"Le David Chevallier trio en tourn\u00e9e finlandaise ! - Institut fran\u00e7ais","robots":{"index":"index","follow":"follow","max-snippet":"max-snippet:-1","max-image-preview":"max-image-preview:large","max-video-preview":"max-video-preview:-1"},"canonical":"https:\/\/www.france.fi\/fr\/culture\/le-david-chevallier-trio-en-tournee-finlandaise\/","og_locale":"fr_FR","og_type":"article","og_title":"Le David Chevallier trio en tourn\u00e9e finlandaise ! - Institut fran\u00e7ais","og_description":"L\u2019Institut fran\u00e7ais de Finlande soutient la tourn\u00e9e finlandaise du David Chevallier Trio !","og_url":"https:\/\/www.france.fi\/fr\/culture\/le-david-chevallier-trio-en-tournee-finlandaise\/","og_site_name":"Institut fran\u00e7ais","article_publisher":"https:\/\/www.facebook.com\/institutfrancaisfi","article_published_time":"2021-08-13T06:19:57+00:00","article_modified_time":"2021-09-17T06:33:40+00:00","og_image":[{"width":1280,"height":720,"url":"https:\/\/www.france.fi\/wp-content\/uploads\/2021\/08\/david-chevallier-trio-c-anne-magouet-1098x617.jpeg","type":"image\/jpeg"}],"author":"Equipe IFF","twitter_card":"summary_large_image","twitter_creator":"@IFFinlande","twitter_site":"@IFFinlande","twitter_misc":{"\u00c9crit par":"Equipe IFF","Dur\u00e9e de lecture estim\u00e9e":"1 minute"},"schema":{"@context":"https:\/\/schema.org","@graph":[{"@type":"Article","@id":"https:\/\/www.france.fi\/fr\/culture\/le-david-chevallier-trio-en-tournee-finlandaise\/#article","isPartOf":{"@id":"https:\/\/www.france.fi\/fr\/culture\/le-david-chevallier-trio-en-tournee-finlandaise\/"},"author":{"name":"Equipe IFF","@id":"https:\/\/www.france.fi\/#\/schema\/person\/ed873f29db1d0af6a3600d15d3b65bfd"},"headline":"Le David Chevallier trio en tourn\u00e9e finlandaise !","datePublished":"2021-08-13T06:19:57+00:00","dateModified":"2021-09-17T06:33:40+00:00","mainEntityOfPage":{"@id":"https:\/\/www.france.fi\/fr\/culture\/le-david-chevallier-trio-en-tournee-finlandaise\/"},"wordCount":219,"publisher":{"@id":"https:\/\/www.france.fi\/#organization"},"image":{"@id":"https:\/\/www.france.fi\/fr\/culture\/le-david-chevallier-trio-en-tournee-finlandaise\/#primaryimage"},"thumbnailUrl":"https:\/\/www.france.fi\/wp-content\/uploads\/2021\/08\/david-chevallier-trio-c-anne-magouet-1098x617.jpeg","articleSection":["Culture"],"inLanguage":"fr-FR"},{"@type":"WebPage","@id":"https:\/\/www.france.fi\/fr\/culture\/le-david-chevallier-trio-en-tournee-finlandaise\/","url":"https:\/\/www.france.fi\/fr\/culture\/le-david-chevallier-trio-en-tournee-finlandaise\/","name":"Le David Chevallier trio en tourn\u00e9e finlandaise ! - Institut fran\u00e7ais","isPartOf":{"@id":"https:\/\/www.france.fi\/#website"},"primaryImageOfPage":{"@id":"https:\/\/www.france.fi\/fr\/culture\/le-david-chevallier-trio-en-tournee-finlandaise\/#primaryimage"},"image":{"@id":"https:\/\/www.france.fi\/fr\/culture\/le-david-chevallier-trio-en-tournee-finlandaise\/#primaryimage"},"thumbnailUrl":"https:\/\/www.france.fi\/wp-content\/uploads\/2021\/08\/david-chevallier-trio-c-anne-magouet-1098x617.jpeg","datePublished":"2021-08-13T06:19:57+00:00","dateModified":"2021-09-17T06:33:40+00:00","breadcrumb":{"@id":"https:\/\/www.france.fi\/fr\/culture\/le-david-chevallier-trio-en-tournee-finlandaise\/#breadcrumb"},"inLanguage":"fr-FR","potentialAction":[{"@type":"ReadAction","target":["https:\/\/www.france.fi\/fr\/culture\/le-david-chevallier-trio-en-tournee-finlandaise\/"]}]},{"@type":"ImageObject","inLanguage":"fr-FR","@id":"https:\/\/www.france.fi\/fr\/culture\/le-david-chevallier-trio-en-tournee-finlandaise\/#primaryimage","url":"https:\/\/www.france.fi\/wp-content\/uploads\/2021\/08\/david-chevallier-trio-c-anne-magouet-1098x617.jpeg","contentUrl":"https:\/\/www.france.fi\/wp-content\/uploads\/2021\/08\/david-chevallier-trio-c-anne-magouet-1098x617.jpeg","width":1280,"height":720},{"@type":"BreadcrumbList","@id":"https:\/\/www.france.fi\/fr\/culture\/le-david-chevallier-trio-en-tournee-finlandaise\/#breadcrumb","itemListElement":[{"@type":"ListItem","position":1,"name":"Home","item":"https:\/\/www.france.fi\/fr\/"},{"@type":"ListItem","position":2,"name":"Culture","item":"https:\/\/www.france.fi\/fr\/category\/culture\/"},{"@type":"ListItem","position":3,"name":"Le David Chevallier trio en tourn\u00e9e finlandaise !"}]},{"@type":"WebSite","@id":"https:\/\/www.france.fi\/#website","url":"https:\/\/www.france.fi\/","name":"Institut fran\u00e7ais de Finlande","description":"","publisher":{"@id":"https:\/\/www.france.fi\/#organization"},"potentialAction":[{"@type":"SearchAction","target":{"@type":"EntryPoint","urlTemplate":"https:\/\/www.france.fi\/?s={search_term_string}"},"query-input":{"@type":"PropertyValueSpecification","valueRequired":true,"valueName":"search_term_string"}}],"inLanguage":"fr-FR"},{"@type":"Organization","@id":"https:\/\/www.france.fi\/#organization","name":"Institut fran\u00e7ais de Finlande","url":"https:\/\/www.france.fi\/","logo":{"@type":"ImageObject","inLanguage":"fr-FR","@id":"https:\/\/www.france.fi\/#\/schema\/logo\/image\/","url":"https:\/\/www.france.fi\/wp-content\/uploads\/2024\/02\/if-logo-1.png","contentUrl":"https:\/\/www.france.fi\/wp-content\/uploads\/2024\/02\/if-logo-1.png","width":687,"height":459,"caption":"Institut fran\u00e7ais de Finlande"},"image":{"@id":"https:\/\/www.france.fi\/#\/schema\/logo\/image\/"},"sameAs":["https:\/\/www.facebook.com\/institutfrancaisfi","https:\/\/x.com\/IFFinlande","https:\/\/www.instagram.com\/iffinlande\/","https:\/\/fr.linkedin.com\/organization-guest\/company\/institut-fran-ais-de-finlande","https:\/\/www.youtube.com\/channel\/UCHAitdpmSbeP78eL49XMotA"]},{"@type":"Person","@id":"https:\/\/www.france.fi\/#\/schema\/person\/ed873f29db1d0af6a3600d15d3b65bfd","name":"Equipe IFF","image":{"@type":"ImageObject","inLanguage":"fr-FR","@id":"https:\/\/secure.gravatar.com\/avatar\/3c4ba80228d01014b25e45e90abb28ce315a02c6572751a7fb2298e4274989fc?s=96&d=mm&r=g","url":"https:\/\/secure.gravatar.com\/avatar\/3c4ba80228d01014b25e45e90abb28ce315a02c6572751a7fb2298e4274989fc?s=96&d=mm&r=g","contentUrl":"https:\/\/secure.gravatar.com\/avatar\/3c4ba80228d01014b25e45e90abb28ce315a02c6572751a7fb2298e4274989fc?s=96&d=mm&r=g","caption":"Equipe IFF"},"url":"https:\/\/www.france.fi\/fr\/author\/iffadmin\/"}]}},"_links":{"self":[{"href":"https:\/\/www.france.fi\/fr\/wp-json\/wp\/v2\/posts\/6152","targetHints":{"allow":["GET"]}}],"collection":[{"href":"https:\/\/www.france.fi\/fr\/wp-json\/wp\/v2\/posts"}],"about":[{"href":"https:\/\/www.france.fi\/fr\/wp-json\/wp\/v2\/types\/post"}],"author":[{"embeddable":true,"href":"https:\/\/www.france.fi\/fr\/wp-json\/wp\/v2\/users\/2"}],"replies":[{"embeddable":true,"href":"https:\/\/www.france.fi\/fr\/wp-json\/wp\/v2\/comments?post=6152"}],"version-history":[{"count":0,"href":"https:\/\/www.france.fi\/fr\/wp-json\/wp\/v2\/posts\/6152\/revisions"}],"wp:featuredmedia":[{"embeddable":true,"href":"https:\/\/www.france.fi\/fr\/wp-json\/wp\/v2\/media\/6153"}],"wp:attachment":[{"href":"https:\/\/www.france.fi\/fr\/wp-json\/wp\/v2\/media?parent=6152"}],"wp:term":[{"taxonomy":"category","embeddable":true,"href":"https:\/\/www.france.fi\/fr\/wp-json\/wp\/v2\/categories?post=6152"},{"taxonomy":"post_tag","embeddable":true,"href":"https:\/\/www.france.fi\/fr\/wp-json\/wp\/v2\/tags?post=6152"}],"curies":[{"name":"wp","href":"https:\/\/api.w.org\/{rel}","templated":true}]}}