{"id":6319,"date":"2021-08-20T14:03:43","date_gmt":"2021-08-20T11:03:43","guid":{"rendered":"http:\/\/www.france.fi\/?p=6319"},"modified":"2021-11-15T09:16:07","modified_gmt":"2021-11-15T07:16:07","slug":"appel-a-candidature-residence-en-finlande-pour-ecrivains-franco-allemands","status":"publish","type":"post","link":"https:\/\/www.france.fi\/fr\/culture\/appel-a-candidature-residence-en-finlande-pour-ecrivains-franco-allemands\/","title":{"rendered":"APPEL \u00c0 CANDIDATURE : R\u00c9SIDENCE EN FINLANDE POUR \u00c9CRIVAINS FRANCO\/ALLEMANDS"},"content":{"rendered":"\n<p>Le Goethe Institut Finnland et l\u2019Institut Fran\u00e7ais de Finlande ainsi que l\u2019association litt\u00e9raire Nuoren Voiman Liitto souhaitent inviter un \u00e9crivain ayant une \u0153uvre bilingue en fran\u00e7ais et en allemand dans le cadre d\u2019une r\u00e9sidence d\u2019artiste \u00e0 Helsinki pour :<\/p>\n<ul>\n<li>sensibiliser les jeunes au plurilinguisme, \u00e0 son potentiel cr\u00e9atif et \u00e0 la circulation des langues, \u00e0 travers un projet d\u2019\u00e9criture bilingue ancr\u00e9 dans le territoire finlandais<\/li>\n<li>animer des ateliers pour des \u00e9l\u00e8ves mais aussi des soir\u00e9es lecture et des plateformes de discussion en fran\u00e7ais\/allemand\/anglais pour le grand public<\/li>\n<li>d\u00e9velopper des liens avec des institutions locales finlandaises<\/li>\n<\/ul>\n<p>L&rsquo;\u00e9crivain.e candidat.e peut \u00e9crire de la prose, de la po\u00e9sie, des essais, des pi\u00e8ces de th\u00e9\u00e2tre ou pratiquer des formes hybrides et exp\u00e9rimentales.<br \/>L&rsquo;\u00e9crivain.e a une oeuvre bilingue en fran\u00e7ais et en allemand, de pr\u00e9f\u00e9rence avec une oeuvre double, dans les deux langues, ou avec une intense activit\u00e9 de traduction depuis la deuxi\u00e8me langue.<\/p>\n<h5>CONDITIONS :<\/h5>\n<p>R\u00e9sidence d\u2019artiste d\u2019une dur\u00e9e de 4 semaines, de mi-fin ao\u00fbt \u00e0 mi\/fin septembre 2022 (flexibilit\u00e9 possible).<br \/>\u00a0<br \/>L\u2019\u00e9crivain invit\u00e9 sera requis pour :<\/p>\n<ul>\n<li>des interventions sous forme d\u2019ateliers dans des \u00e9coles finlandaises o\u00f9 l\u2019allemand et le fran\u00e7ais sont enseign\u00e9s (fili\u00e8res bilingues ou autres \u00e9coles) (2 \u00e0 4 \u00e9coles, avec un suivi sur les 4 semaines)<\/li>\n<li>participation au rendu final en lien avec les \u00e9coles (recueil de textes bilingues r\u00e9alis\u00e9s par les \u00e9l\u00e8ves, par exemple)<\/li>\n<li>ateliers et lectures \u00e0 l\u2019IF et au Goethe-Institut et au festival de po\u00e9sie Poetry Moon (ao\u00fbt), mais aussi des actions conjointes hors les murs, par exemple au salon du livre de Turku (octobre).<\/li>\n<li>participation \u00e0 de courts reportages ou entretiens \u00e9crits ou film\u00e9s sur l\u2019exp\u00e9rience en Finlande et sur les rencontres avec les enfants pour les sites internet du Goethe Institut et de l\u2019Institut Fran\u00e7ais.<\/li>\n<\/ul>\n<p>R\u00e9mun\u00e9ration : Une bourse de 375 euros par semaine sera allou\u00e9e, ainsi qu\u2019une r\u00e9mun\u00e9ration pour quatre interventions publiques (1600 euros) et pour six ateliers dans les \u00e9coles (3000 euros). <br \/><br \/>Le voyage aller-retour en Finlande sera pris en charge par les Instituts, ainsi que les d\u00e9placements \u00e0 l\u2019int\u00e9rieur de la Finlande depuis Helsinki et le logement.<br \/>\u00a0<br \/>Une traduction d\u2019une s\u00e9lection de minimum 10 pages en finnois du dernier livre de l\u2019\u00e9crivain, ainsi qu\u2019une publication dans une revue litt\u00e9raire finlandaise de premier plan sera offerte.<\/p>\n<h5>CALENDRIER :<\/h5>\n<p>Janvier 2022 : rencontres virtuelles avec l\u2019\u00e9crivain (prises de contact)<br \/>Ao\u00fbt-octobre 2022 : r\u00e9sidence et interventions \u00e0 Helsinki<\/p>\n<h5>CANDIDATURE :<\/h5>\n<p>Envoyer :<\/p>\n<ul>\n<li>un CV avec la liste des \u0153uvres publi\u00e9es<\/li>\n<li>une lettre de motivation en anglais expliquant notamment l\u2019int\u00e9r\u00eat pour la Finlande, et le projet men\u00e9 pendant la r\u00e9sidence<\/li>\n<li>une s\u00e9lection de textes<\/li>\n<li>si vous souhaitez partager sur nos r\u00e9seaux sociaux votre exp\u00e9rience en Finlande, pr\u00e9cisez quel r\u00e9seau social aurait votre pr\u00e9f\u00e9rence.<\/li>\n<\/ul>\n<p><strong>Le dossier de candidature est \u00e0 envoyer entre le 20.8. et le 19.9.2021.<\/strong><br \/><strong>La candidature se fait en ligne (site du Goethe Institut Finnland et l\u2019Institut Fran\u00e7ais de Finlande) \u00e0 travers<a href=\"https:\/\/survey.goethe.de\/index.php\/515222?lang=de\" target=\"_blank\" rel=\"noopener\"> le formulaire d\u00e9di\u00e9<\/a><\/strong>.<br \/><br \/><\/p>\n<div>Contact \/Yhteystiedot<br \/>Michael Toledano<br \/>michael.toledano@france.fi<br \/>00 358 50 40 79 729<\/div>\n","protected":false},"excerpt":{"rendered":"<p>Le Goethe Institut Finnland et l\u2019Institut Fran\u00e7ais de Finlande ainsi que l\u2019association litt\u00e9raire Nuoren Voiman Liitto invitent un \u00e9crivain ayant une \u0153uvre bilingue en fran\u00e7ais et en allemand dans le cadre d\u2019une r\u00e9sidence d\u2019artiste \u00e0 Helsinki.<\/p>\n","protected":false},"author":2,"featured_media":6320,"comment_status":"closed","ping_status":"open","sticky":false,"template":"","format":"standard","meta":{"footnotes":""},"categories":[1],"tags":[],"class_list":["post-6319","post","type-post","status-publish","format-standard","has-post-thumbnail","hentry","category-culture"],"yoast_head":"<!-- This site is optimized with the Yoast SEO plugin v27.4 - https:\/\/yoast.com\/product\/yoast-seo-wordpress\/ -->\n<title>APPEL \u00c0 CANDIDATURE : R\u00c9SIDENCE EN FINLANDE POUR \u00c9CRIVAINS FRANCO\/ALLEMANDS - Institut fran\u00e7ais<\/title>\n<meta name=\"robots\" content=\"index, follow, max-snippet:-1, max-image-preview:large, max-video-preview:-1\" \/>\n<link rel=\"canonical\" href=\"https:\/\/www.france.fi\/fr\/culture\/appel-a-candidature-residence-en-finlande-pour-ecrivains-franco-allemands\/\" \/>\n<meta property=\"og:locale\" content=\"fr_FR\" \/>\n<meta property=\"og:type\" content=\"article\" \/>\n<meta property=\"og:title\" content=\"APPEL \u00c0 CANDIDATURE : R\u00c9SIDENCE EN FINLANDE POUR \u00c9CRIVAINS FRANCO\/ALLEMANDS - Institut fran\u00e7ais\" \/>\n<meta property=\"og:description\" content=\"Le Goethe Institut Finnland et l\u2019Institut Fran\u00e7ais de Finlande ainsi que l\u2019association litt\u00e9raire Nuoren Voiman Liitto invitent un \u00e9crivain ayant une \u0153uvre bilingue en fran\u00e7ais et en allemand dans le cadre d\u2019une r\u00e9sidence d\u2019artiste \u00e0 Helsinki.\" \/>\n<meta property=\"og:url\" content=\"https:\/\/www.france.fi\/fr\/culture\/appel-a-candidature-residence-en-finlande-pour-ecrivains-franco-allemands\/\" \/>\n<meta property=\"og:site_name\" content=\"Institut fran\u00e7ais\" \/>\n<meta property=\"article:publisher\" content=\"https:\/\/www.facebook.com\/institutfrancaisfi\" \/>\n<meta property=\"article:published_time\" content=\"2021-08-20T11:03:43+00:00\" \/>\n<meta property=\"article:modified_time\" content=\"2021-11-15T07:16:07+00:00\" \/>\n<meta property=\"og:image\" content=\"https:\/\/www.france.fi\/wp-content\/uploads\/2021\/08\/Stadtschreiber-Residenz-1-1098x617.jpg\" \/>\n\t<meta property=\"og:image:width\" content=\"1280\" \/>\n\t<meta property=\"og:image:height\" content=\"720\" \/>\n\t<meta property=\"og:image:type\" content=\"image\/jpeg\" \/>\n<meta name=\"author\" content=\"Equipe IFF\" \/>\n<meta name=\"twitter:card\" content=\"summary_large_image\" \/>\n<meta name=\"twitter:creator\" content=\"@IFFinlande\" \/>\n<meta name=\"twitter:site\" content=\"@IFFinlande\" \/>\n<meta name=\"twitter:label1\" content=\"\u00c9crit par\" \/>\n\t<meta name=\"twitter:data1\" content=\"Equipe IFF\" \/>\n\t<meta name=\"twitter:label2\" content=\"Dur\u00e9e de lecture estim\u00e9e\" \/>\n\t<meta name=\"twitter:data2\" content=\"3 minutes\" \/>\n<script type=\"application\/ld+json\" class=\"yoast-schema-graph\">{\"@context\":\"https:\\\/\\\/schema.org\",\"@graph\":[{\"@type\":\"Article\",\"@id\":\"https:\\\/\\\/www.france.fi\\\/fr\\\/culture\\\/appel-a-candidature-residence-en-finlande-pour-ecrivains-franco-allemands\\\/#article\",\"isPartOf\":{\"@id\":\"https:\\\/\\\/www.france.fi\\\/fr\\\/culture\\\/appel-a-candidature-residence-en-finlande-pour-ecrivains-franco-allemands\\\/\"},\"author\":{\"name\":\"Equipe IFF\",\"@id\":\"https:\\\/\\\/www.france.fi\\\/#\\\/schema\\\/person\\\/ed873f29db1d0af6a3600d15d3b65bfd\"},\"headline\":\"APPEL \u00c0 CANDIDATURE : R\u00c9SIDENCE EN FINLANDE POUR \u00c9CRIVAINS FRANCO\\\/ALLEMANDS\",\"datePublished\":\"2021-08-20T11:03:43+00:00\",\"dateModified\":\"2021-11-15T07:16:07+00:00\",\"mainEntityOfPage\":{\"@id\":\"https:\\\/\\\/www.france.fi\\\/fr\\\/culture\\\/appel-a-candidature-residence-en-finlande-pour-ecrivains-franco-allemands\\\/\"},\"wordCount\":546,\"publisher\":{\"@id\":\"https:\\\/\\\/www.france.fi\\\/#organization\"},\"image\":{\"@id\":\"https:\\\/\\\/www.france.fi\\\/fr\\\/culture\\\/appel-a-candidature-residence-en-finlande-pour-ecrivains-franco-allemands\\\/#primaryimage\"},\"thumbnailUrl\":\"https:\\\/\\\/www.france.fi\\\/wp-content\\\/uploads\\\/2021\\\/08\\\/Stadtschreiber-Residenz-1-1098x617.jpg\",\"articleSection\":[\"Culture\"],\"inLanguage\":\"fr-FR\"},{\"@type\":\"WebPage\",\"@id\":\"https:\\\/\\\/www.france.fi\\\/fr\\\/culture\\\/appel-a-candidature-residence-en-finlande-pour-ecrivains-franco-allemands\\\/\",\"url\":\"https:\\\/\\\/www.france.fi\\\/fr\\\/culture\\\/appel-a-candidature-residence-en-finlande-pour-ecrivains-franco-allemands\\\/\",\"name\":\"APPEL \u00c0 CANDIDATURE : R\u00c9SIDENCE EN FINLANDE POUR \u00c9CRIVAINS FRANCO\\\/ALLEMANDS - Institut fran\u00e7ais\",\"isPartOf\":{\"@id\":\"https:\\\/\\\/www.france.fi\\\/#website\"},\"primaryImageOfPage\":{\"@id\":\"https:\\\/\\\/www.france.fi\\\/fr\\\/culture\\\/appel-a-candidature-residence-en-finlande-pour-ecrivains-franco-allemands\\\/#primaryimage\"},\"image\":{\"@id\":\"https:\\\/\\\/www.france.fi\\\/fr\\\/culture\\\/appel-a-candidature-residence-en-finlande-pour-ecrivains-franco-allemands\\\/#primaryimage\"},\"thumbnailUrl\":\"https:\\\/\\\/www.france.fi\\\/wp-content\\\/uploads\\\/2021\\\/08\\\/Stadtschreiber-Residenz-1-1098x617.jpg\",\"datePublished\":\"2021-08-20T11:03:43+00:00\",\"dateModified\":\"2021-11-15T07:16:07+00:00\",\"breadcrumb\":{\"@id\":\"https:\\\/\\\/www.france.fi\\\/fr\\\/culture\\\/appel-a-candidature-residence-en-finlande-pour-ecrivains-franco-allemands\\\/#breadcrumb\"},\"inLanguage\":\"fr-FR\",\"potentialAction\":[{\"@type\":\"ReadAction\",\"target\":[\"https:\\\/\\\/www.france.fi\\\/fr\\\/culture\\\/appel-a-candidature-residence-en-finlande-pour-ecrivains-franco-allemands\\\/\"]}]},{\"@type\":\"ImageObject\",\"inLanguage\":\"fr-FR\",\"@id\":\"https:\\\/\\\/www.france.fi\\\/fr\\\/culture\\\/appel-a-candidature-residence-en-finlande-pour-ecrivains-franco-allemands\\\/#primaryimage\",\"url\":\"https:\\\/\\\/www.france.fi\\\/wp-content\\\/uploads\\\/2021\\\/08\\\/Stadtschreiber-Residenz-1-1098x617.jpg\",\"contentUrl\":\"https:\\\/\\\/www.france.fi\\\/wp-content\\\/uploads\\\/2021\\\/08\\\/Stadtschreiber-Residenz-1-1098x617.jpg\",\"width\":1280,\"height\":720},{\"@type\":\"BreadcrumbList\",\"@id\":\"https:\\\/\\\/www.france.fi\\\/fr\\\/culture\\\/appel-a-candidature-residence-en-finlande-pour-ecrivains-franco-allemands\\\/#breadcrumb\",\"itemListElement\":[{\"@type\":\"ListItem\",\"position\":1,\"name\":\"Home\",\"item\":\"https:\\\/\\\/www.france.fi\\\/fr\\\/\"},{\"@type\":\"ListItem\",\"position\":2,\"name\":\"Culture\",\"item\":\"https:\\\/\\\/www.france.fi\\\/fr\\\/category\\\/culture\\\/\"},{\"@type\":\"ListItem\",\"position\":3,\"name\":\"APPEL \u00c0 CANDIDATURE : R\u00c9SIDENCE EN FINLANDE POUR \u00c9CRIVAINS FRANCO\\\/ALLEMANDS\"}]},{\"@type\":\"WebSite\",\"@id\":\"https:\\\/\\\/www.france.fi\\\/#website\",\"url\":\"https:\\\/\\\/www.france.fi\\\/\",\"name\":\"Institut fran\u00e7ais de Finlande\",\"description\":\"\",\"publisher\":{\"@id\":\"https:\\\/\\\/www.france.fi\\\/#organization\"},\"potentialAction\":[{\"@type\":\"SearchAction\",\"target\":{\"@type\":\"EntryPoint\",\"urlTemplate\":\"https:\\\/\\\/www.france.fi\\\/?s={search_term_string}\"},\"query-input\":{\"@type\":\"PropertyValueSpecification\",\"valueRequired\":true,\"valueName\":\"search_term_string\"}}],\"inLanguage\":\"fr-FR\"},{\"@type\":\"Organization\",\"@id\":\"https:\\\/\\\/www.france.fi\\\/#organization\",\"name\":\"Institut fran\u00e7ais de Finlande\",\"url\":\"https:\\\/\\\/www.france.fi\\\/\",\"logo\":{\"@type\":\"ImageObject\",\"inLanguage\":\"fr-FR\",\"@id\":\"https:\\\/\\\/www.france.fi\\\/#\\\/schema\\\/logo\\\/image\\\/\",\"url\":\"https:\\\/\\\/www.france.fi\\\/wp-content\\\/uploads\\\/2024\\\/02\\\/if-logo-1.png\",\"contentUrl\":\"https:\\\/\\\/www.france.fi\\\/wp-content\\\/uploads\\\/2024\\\/02\\\/if-logo-1.png\",\"width\":687,\"height\":459,\"caption\":\"Institut fran\u00e7ais de Finlande\"},\"image\":{\"@id\":\"https:\\\/\\\/www.france.fi\\\/#\\\/schema\\\/logo\\\/image\\\/\"},\"sameAs\":[\"https:\\\/\\\/www.facebook.com\\\/institutfrancaisfi\",\"https:\\\/\\\/x.com\\\/IFFinlande\",\"https:\\\/\\\/www.instagram.com\\\/iffinlande\\\/\",\"https:\\\/\\\/fr.linkedin.com\\\/organization-guest\\\/company\\\/institut-fran-ais-de-finlande\",\"https:\\\/\\\/www.youtube.com\\\/channel\\\/UCHAitdpmSbeP78eL49XMotA\"]},{\"@type\":\"Person\",\"@id\":\"https:\\\/\\\/www.france.fi\\\/#\\\/schema\\\/person\\\/ed873f29db1d0af6a3600d15d3b65bfd\",\"name\":\"Equipe IFF\",\"image\":{\"@type\":\"ImageObject\",\"inLanguage\":\"fr-FR\",\"@id\":\"https:\\\/\\\/secure.gravatar.com\\\/avatar\\\/3c4ba80228d01014b25e45e90abb28ce315a02c6572751a7fb2298e4274989fc?s=96&d=mm&r=g\",\"url\":\"https:\\\/\\\/secure.gravatar.com\\\/avatar\\\/3c4ba80228d01014b25e45e90abb28ce315a02c6572751a7fb2298e4274989fc?s=96&d=mm&r=g\",\"contentUrl\":\"https:\\\/\\\/secure.gravatar.com\\\/avatar\\\/3c4ba80228d01014b25e45e90abb28ce315a02c6572751a7fb2298e4274989fc?s=96&d=mm&r=g\",\"caption\":\"Equipe IFF\"},\"url\":\"https:\\\/\\\/www.france.fi\\\/fr\\\/author\\\/iffadmin\\\/\"}]}<\/script>\n<!-- \/ Yoast SEO plugin. -->","yoast_head_json":{"title":"APPEL \u00c0 CANDIDATURE : R\u00c9SIDENCE EN FINLANDE POUR \u00c9CRIVAINS FRANCO\/ALLEMANDS - Institut fran\u00e7ais","robots":{"index":"index","follow":"follow","max-snippet":"max-snippet:-1","max-image-preview":"max-image-preview:large","max-video-preview":"max-video-preview:-1"},"canonical":"https:\/\/www.france.fi\/fr\/culture\/appel-a-candidature-residence-en-finlande-pour-ecrivains-franco-allemands\/","og_locale":"fr_FR","og_type":"article","og_title":"APPEL \u00c0 CANDIDATURE : R\u00c9SIDENCE EN FINLANDE POUR \u00c9CRIVAINS FRANCO\/ALLEMANDS - Institut fran\u00e7ais","og_description":"Le Goethe Institut Finnland et l\u2019Institut Fran\u00e7ais de Finlande ainsi que l\u2019association litt\u00e9raire Nuoren Voiman Liitto invitent un \u00e9crivain ayant une \u0153uvre bilingue en fran\u00e7ais et en allemand dans le cadre d\u2019une r\u00e9sidence d\u2019artiste \u00e0 Helsinki.","og_url":"https:\/\/www.france.fi\/fr\/culture\/appel-a-candidature-residence-en-finlande-pour-ecrivains-franco-allemands\/","og_site_name":"Institut fran\u00e7ais","article_publisher":"https:\/\/www.facebook.com\/institutfrancaisfi","article_published_time":"2021-08-20T11:03:43+00:00","article_modified_time":"2021-11-15T07:16:07+00:00","og_image":[{"width":1280,"height":720,"url":"https:\/\/www.france.fi\/wp-content\/uploads\/2021\/08\/Stadtschreiber-Residenz-1-1098x617.jpg","type":"image\/jpeg"}],"author":"Equipe IFF","twitter_card":"summary_large_image","twitter_creator":"@IFFinlande","twitter_site":"@IFFinlande","twitter_misc":{"\u00c9crit par":"Equipe IFF","Dur\u00e9e de lecture estim\u00e9e":"3 minutes"},"schema":{"@context":"https:\/\/schema.org","@graph":[{"@type":"Article","@id":"https:\/\/www.france.fi\/fr\/culture\/appel-a-candidature-residence-en-finlande-pour-ecrivains-franco-allemands\/#article","isPartOf":{"@id":"https:\/\/www.france.fi\/fr\/culture\/appel-a-candidature-residence-en-finlande-pour-ecrivains-franco-allemands\/"},"author":{"name":"Equipe IFF","@id":"https:\/\/www.france.fi\/#\/schema\/person\/ed873f29db1d0af6a3600d15d3b65bfd"},"headline":"APPEL \u00c0 CANDIDATURE : R\u00c9SIDENCE EN FINLANDE POUR \u00c9CRIVAINS FRANCO\/ALLEMANDS","datePublished":"2021-08-20T11:03:43+00:00","dateModified":"2021-11-15T07:16:07+00:00","mainEntityOfPage":{"@id":"https:\/\/www.france.fi\/fr\/culture\/appel-a-candidature-residence-en-finlande-pour-ecrivains-franco-allemands\/"},"wordCount":546,"publisher":{"@id":"https:\/\/www.france.fi\/#organization"},"image":{"@id":"https:\/\/www.france.fi\/fr\/culture\/appel-a-candidature-residence-en-finlande-pour-ecrivains-franco-allemands\/#primaryimage"},"thumbnailUrl":"https:\/\/www.france.fi\/wp-content\/uploads\/2021\/08\/Stadtschreiber-Residenz-1-1098x617.jpg","articleSection":["Culture"],"inLanguage":"fr-FR"},{"@type":"WebPage","@id":"https:\/\/www.france.fi\/fr\/culture\/appel-a-candidature-residence-en-finlande-pour-ecrivains-franco-allemands\/","url":"https:\/\/www.france.fi\/fr\/culture\/appel-a-candidature-residence-en-finlande-pour-ecrivains-franco-allemands\/","name":"APPEL \u00c0 CANDIDATURE : R\u00c9SIDENCE EN FINLANDE POUR \u00c9CRIVAINS FRANCO\/ALLEMANDS - Institut fran\u00e7ais","isPartOf":{"@id":"https:\/\/www.france.fi\/#website"},"primaryImageOfPage":{"@id":"https:\/\/www.france.fi\/fr\/culture\/appel-a-candidature-residence-en-finlande-pour-ecrivains-franco-allemands\/#primaryimage"},"image":{"@id":"https:\/\/www.france.fi\/fr\/culture\/appel-a-candidature-residence-en-finlande-pour-ecrivains-franco-allemands\/#primaryimage"},"thumbnailUrl":"https:\/\/www.france.fi\/wp-content\/uploads\/2021\/08\/Stadtschreiber-Residenz-1-1098x617.jpg","datePublished":"2021-08-20T11:03:43+00:00","dateModified":"2021-11-15T07:16:07+00:00","breadcrumb":{"@id":"https:\/\/www.france.fi\/fr\/culture\/appel-a-candidature-residence-en-finlande-pour-ecrivains-franco-allemands\/#breadcrumb"},"inLanguage":"fr-FR","potentialAction":[{"@type":"ReadAction","target":["https:\/\/www.france.fi\/fr\/culture\/appel-a-candidature-residence-en-finlande-pour-ecrivains-franco-allemands\/"]}]},{"@type":"ImageObject","inLanguage":"fr-FR","@id":"https:\/\/www.france.fi\/fr\/culture\/appel-a-candidature-residence-en-finlande-pour-ecrivains-franco-allemands\/#primaryimage","url":"https:\/\/www.france.fi\/wp-content\/uploads\/2021\/08\/Stadtschreiber-Residenz-1-1098x617.jpg","contentUrl":"https:\/\/www.france.fi\/wp-content\/uploads\/2021\/08\/Stadtschreiber-Residenz-1-1098x617.jpg","width":1280,"height":720},{"@type":"BreadcrumbList","@id":"https:\/\/www.france.fi\/fr\/culture\/appel-a-candidature-residence-en-finlande-pour-ecrivains-franco-allemands\/#breadcrumb","itemListElement":[{"@type":"ListItem","position":1,"name":"Home","item":"https:\/\/www.france.fi\/fr\/"},{"@type":"ListItem","position":2,"name":"Culture","item":"https:\/\/www.france.fi\/fr\/category\/culture\/"},{"@type":"ListItem","position":3,"name":"APPEL \u00c0 CANDIDATURE : R\u00c9SIDENCE EN FINLANDE POUR \u00c9CRIVAINS FRANCO\/ALLEMANDS"}]},{"@type":"WebSite","@id":"https:\/\/www.france.fi\/#website","url":"https:\/\/www.france.fi\/","name":"Institut fran\u00e7ais de Finlande","description":"","publisher":{"@id":"https:\/\/www.france.fi\/#organization"},"potentialAction":[{"@type":"SearchAction","target":{"@type":"EntryPoint","urlTemplate":"https:\/\/www.france.fi\/?s={search_term_string}"},"query-input":{"@type":"PropertyValueSpecification","valueRequired":true,"valueName":"search_term_string"}}],"inLanguage":"fr-FR"},{"@type":"Organization","@id":"https:\/\/www.france.fi\/#organization","name":"Institut fran\u00e7ais de Finlande","url":"https:\/\/www.france.fi\/","logo":{"@type":"ImageObject","inLanguage":"fr-FR","@id":"https:\/\/www.france.fi\/#\/schema\/logo\/image\/","url":"https:\/\/www.france.fi\/wp-content\/uploads\/2024\/02\/if-logo-1.png","contentUrl":"https:\/\/www.france.fi\/wp-content\/uploads\/2024\/02\/if-logo-1.png","width":687,"height":459,"caption":"Institut fran\u00e7ais de Finlande"},"image":{"@id":"https:\/\/www.france.fi\/#\/schema\/logo\/image\/"},"sameAs":["https:\/\/www.facebook.com\/institutfrancaisfi","https:\/\/x.com\/IFFinlande","https:\/\/www.instagram.com\/iffinlande\/","https:\/\/fr.linkedin.com\/organization-guest\/company\/institut-fran-ais-de-finlande","https:\/\/www.youtube.com\/channel\/UCHAitdpmSbeP78eL49XMotA"]},{"@type":"Person","@id":"https:\/\/www.france.fi\/#\/schema\/person\/ed873f29db1d0af6a3600d15d3b65bfd","name":"Equipe IFF","image":{"@type":"ImageObject","inLanguage":"fr-FR","@id":"https:\/\/secure.gravatar.com\/avatar\/3c4ba80228d01014b25e45e90abb28ce315a02c6572751a7fb2298e4274989fc?s=96&d=mm&r=g","url":"https:\/\/secure.gravatar.com\/avatar\/3c4ba80228d01014b25e45e90abb28ce315a02c6572751a7fb2298e4274989fc?s=96&d=mm&r=g","contentUrl":"https:\/\/secure.gravatar.com\/avatar\/3c4ba80228d01014b25e45e90abb28ce315a02c6572751a7fb2298e4274989fc?s=96&d=mm&r=g","caption":"Equipe IFF"},"url":"https:\/\/www.france.fi\/fr\/author\/iffadmin\/"}]}},"_links":{"self":[{"href":"https:\/\/www.france.fi\/fr\/wp-json\/wp\/v2\/posts\/6319","targetHints":{"allow":["GET"]}}],"collection":[{"href":"https:\/\/www.france.fi\/fr\/wp-json\/wp\/v2\/posts"}],"about":[{"href":"https:\/\/www.france.fi\/fr\/wp-json\/wp\/v2\/types\/post"}],"author":[{"embeddable":true,"href":"https:\/\/www.france.fi\/fr\/wp-json\/wp\/v2\/users\/2"}],"replies":[{"embeddable":true,"href":"https:\/\/www.france.fi\/fr\/wp-json\/wp\/v2\/comments?post=6319"}],"version-history":[{"count":0,"href":"https:\/\/www.france.fi\/fr\/wp-json\/wp\/v2\/posts\/6319\/revisions"}],"wp:featuredmedia":[{"embeddable":true,"href":"https:\/\/www.france.fi\/fr\/wp-json\/wp\/v2\/media\/6320"}],"wp:attachment":[{"href":"https:\/\/www.france.fi\/fr\/wp-json\/wp\/v2\/media?parent=6319"}],"wp:term":[{"taxonomy":"category","embeddable":true,"href":"https:\/\/www.france.fi\/fr\/wp-json\/wp\/v2\/categories?post=6319"},{"taxonomy":"post_tag","embeddable":true,"href":"https:\/\/www.france.fi\/fr\/wp-json\/wp\/v2\/tags?post=6319"}],"curies":[{"name":"wp","href":"https:\/\/api.w.org\/{rel}","templated":true}]}}