{"id":6366,"date":"2021-08-23T13:42:26","date_gmt":"2021-08-23T10:42:26","guid":{"rendered":"http:\/\/www.france.fi\/?p=6366"},"modified":"2021-10-11T13:55:18","modified_gmt":"2021-10-11T10:55:18","slug":"rhinoceros-deugene-ionesco-au-teatteri-kultsa","status":"publish","type":"post","link":"https:\/\/www.france.fi\/fr\/culture\/rhinoceros-deugene-ionesco-au-teatteri-kultsa\/","title":{"rendered":"Rhinoc\u00e9ros d\u2019Eug\u00e8ne Ionesco au Teatteri Kultsa!"},"content":{"rendered":"\n<p>B\u00e9renger, personnage principal, est un homme ordinaire : il se rend tous les jours au bureau, fr\u00e9quente son amante, ses amis et les autres habitants de la ville. Leurs int\u00e9ractions sont pleines de malentendus, les mots ne parviennent pas toujours \u00e0 rendre compte de la r\u00e9alit\u00e9.<\/p>\n<p>Ce classique du th\u00e9\u00e2tre de l\u2019absurde d\u2019Eug\u00e8ne Ionesco, \u00e9crit en 1959, est consid\u00e9r\u00e9 comme une m\u00e9taphore de la mont\u00e9e des totalitarismes.<br \/>Traduction en finnois par Aili Palm\u00e9n<br \/>Direction : Marjo Linnasalmi<\/p>\n<p><strong><a href=\"https:\/\/www.teatterikultsa.fi\/ohjelmisto\/sarvikuono\" target=\"_blank\" rel=\"noopener\">\u21d2Infos et tickets<\/a><\/strong><\/p>\n","protected":false},"excerpt":{"rendered":"<p>Par un dimanche ordinaire, un rhinoc\u00e9ros courre, lach\u00e9 \u00e0 travers la ville. Ce n\u2019est que le d\u00e9but. On commence bient\u00f4t \u00e0 apercevoir des rhinoc\u00e9ros par troupeaux entiers.<\/p>\n","protected":false},"author":2,"featured_media":6367,"comment_status":"closed","ping_status":"open","sticky":false,"template":"","format":"standard","meta":{"footnotes":""},"categories":[1],"tags":[],"class_list":["post-6366","post","type-post","status-publish","format-standard","has-post-thumbnail","hentry","category-culture"],"yoast_head":"<!-- This site is optimized with the Yoast SEO plugin v27.4 - https:\/\/yoast.com\/product\/yoast-seo-wordpress\/ -->\n<title>Rhinoc\u00e9ros d\u2019Eug\u00e8ne Ionesco au Teatteri Kultsa! - Institut fran\u00e7ais<\/title>\n<meta name=\"robots\" content=\"index, follow, max-snippet:-1, max-image-preview:large, max-video-preview:-1\" \/>\n<link rel=\"canonical\" href=\"https:\/\/www.france.fi\/fr\/culture\/rhinoceros-deugene-ionesco-au-teatteri-kultsa\/\" \/>\n<meta property=\"og:locale\" content=\"fr_FR\" \/>\n<meta property=\"og:type\" content=\"article\" \/>\n<meta property=\"og:title\" content=\"Rhinoc\u00e9ros d\u2019Eug\u00e8ne Ionesco au Teatteri Kultsa! - Institut fran\u00e7ais\" \/>\n<meta property=\"og:description\" content=\"Par un dimanche ordinaire, un rhinoc\u00e9ros courre, lach\u00e9 \u00e0 travers la ville. Ce n\u2019est que le d\u00e9but. On commence bient\u00f4t \u00e0 apercevoir des rhinoc\u00e9ros par troupeaux entiers.\" \/>\n<meta property=\"og:url\" content=\"https:\/\/www.france.fi\/fr\/culture\/rhinoceros-deugene-ionesco-au-teatteri-kultsa\/\" \/>\n<meta property=\"og:site_name\" content=\"Institut fran\u00e7ais\" \/>\n<meta property=\"article:publisher\" content=\"https:\/\/www.facebook.com\/institutfrancaisfi\" \/>\n<meta property=\"article:published_time\" content=\"2021-08-23T10:42:26+00:00\" \/>\n<meta property=\"article:modified_time\" content=\"2021-10-11T10:55:18+00:00\" \/>\n<meta property=\"og:image\" content=\"https:\/\/www.france.fi\/wp-content\/uploads\/2021\/08\/Rhinoceros-1098x617.jpg\" \/>\n\t<meta property=\"og:image:width\" content=\"1280\" \/>\n\t<meta property=\"og:image:height\" content=\"720\" \/>\n\t<meta property=\"og:image:type\" content=\"image\/jpeg\" \/>\n<meta name=\"author\" content=\"Equipe IFF\" \/>\n<meta name=\"twitter:card\" content=\"summary_large_image\" \/>\n<meta name=\"twitter:creator\" content=\"@IFFinlande\" \/>\n<meta name=\"twitter:site\" content=\"@IFFinlande\" \/>\n<meta name=\"twitter:label1\" content=\"\u00c9crit par\" \/>\n\t<meta name=\"twitter:data1\" content=\"Equipe IFF\" \/>\n\t<meta name=\"twitter:label2\" content=\"Dur\u00e9e de lecture estim\u00e9e\" \/>\n\t<meta name=\"twitter:data2\" content=\"1 minute\" \/>\n<script type=\"application\/ld+json\" class=\"yoast-schema-graph\">{\"@context\":\"https:\\\/\\\/schema.org\",\"@graph\":[{\"@type\":\"Article\",\"@id\":\"https:\\\/\\\/www.france.fi\\\/fr\\\/culture\\\/rhinoceros-deugene-ionesco-au-teatteri-kultsa\\\/#article\",\"isPartOf\":{\"@id\":\"https:\\\/\\\/www.france.fi\\\/fr\\\/culture\\\/rhinoceros-deugene-ionesco-au-teatteri-kultsa\\\/\"},\"author\":{\"name\":\"Equipe IFF\",\"@id\":\"https:\\\/\\\/www.france.fi\\\/#\\\/schema\\\/person\\\/ed873f29db1d0af6a3600d15d3b65bfd\"},\"headline\":\"Rhinoc\u00e9ros d\u2019Eug\u00e8ne Ionesco au Teatteri Kultsa!\",\"datePublished\":\"2021-08-23T10:42:26+00:00\",\"dateModified\":\"2021-10-11T10:55:18+00:00\",\"mainEntityOfPage\":{\"@id\":\"https:\\\/\\\/www.france.fi\\\/fr\\\/culture\\\/rhinoceros-deugene-ionesco-au-teatteri-kultsa\\\/\"},\"wordCount\":96,\"publisher\":{\"@id\":\"https:\\\/\\\/www.france.fi\\\/#organization\"},\"image\":{\"@id\":\"https:\\\/\\\/www.france.fi\\\/fr\\\/culture\\\/rhinoceros-deugene-ionesco-au-teatteri-kultsa\\\/#primaryimage\"},\"thumbnailUrl\":\"https:\\\/\\\/www.france.fi\\\/wp-content\\\/uploads\\\/2021\\\/08\\\/Rhinoceros-1098x617.jpg\",\"articleSection\":[\"Culture\"],\"inLanguage\":\"fr-FR\"},{\"@type\":\"WebPage\",\"@id\":\"https:\\\/\\\/www.france.fi\\\/fr\\\/culture\\\/rhinoceros-deugene-ionesco-au-teatteri-kultsa\\\/\",\"url\":\"https:\\\/\\\/www.france.fi\\\/fr\\\/culture\\\/rhinoceros-deugene-ionesco-au-teatteri-kultsa\\\/\",\"name\":\"Rhinoc\u00e9ros d\u2019Eug\u00e8ne Ionesco au Teatteri Kultsa! - Institut fran\u00e7ais\",\"isPartOf\":{\"@id\":\"https:\\\/\\\/www.france.fi\\\/#website\"},\"primaryImageOfPage\":{\"@id\":\"https:\\\/\\\/www.france.fi\\\/fr\\\/culture\\\/rhinoceros-deugene-ionesco-au-teatteri-kultsa\\\/#primaryimage\"},\"image\":{\"@id\":\"https:\\\/\\\/www.france.fi\\\/fr\\\/culture\\\/rhinoceros-deugene-ionesco-au-teatteri-kultsa\\\/#primaryimage\"},\"thumbnailUrl\":\"https:\\\/\\\/www.france.fi\\\/wp-content\\\/uploads\\\/2021\\\/08\\\/Rhinoceros-1098x617.jpg\",\"datePublished\":\"2021-08-23T10:42:26+00:00\",\"dateModified\":\"2021-10-11T10:55:18+00:00\",\"breadcrumb\":{\"@id\":\"https:\\\/\\\/www.france.fi\\\/fr\\\/culture\\\/rhinoceros-deugene-ionesco-au-teatteri-kultsa\\\/#breadcrumb\"},\"inLanguage\":\"fr-FR\",\"potentialAction\":[{\"@type\":\"ReadAction\",\"target\":[\"https:\\\/\\\/www.france.fi\\\/fr\\\/culture\\\/rhinoceros-deugene-ionesco-au-teatteri-kultsa\\\/\"]}]},{\"@type\":\"ImageObject\",\"inLanguage\":\"fr-FR\",\"@id\":\"https:\\\/\\\/www.france.fi\\\/fr\\\/culture\\\/rhinoceros-deugene-ionesco-au-teatteri-kultsa\\\/#primaryimage\",\"url\":\"https:\\\/\\\/www.france.fi\\\/wp-content\\\/uploads\\\/2021\\\/08\\\/Rhinoceros-1098x617.jpg\",\"contentUrl\":\"https:\\\/\\\/www.france.fi\\\/wp-content\\\/uploads\\\/2021\\\/08\\\/Rhinoceros-1098x617.jpg\",\"width\":1280,\"height\":720},{\"@type\":\"BreadcrumbList\",\"@id\":\"https:\\\/\\\/www.france.fi\\\/fr\\\/culture\\\/rhinoceros-deugene-ionesco-au-teatteri-kultsa\\\/#breadcrumb\",\"itemListElement\":[{\"@type\":\"ListItem\",\"position\":1,\"name\":\"Home\",\"item\":\"https:\\\/\\\/www.france.fi\\\/fr\\\/\"},{\"@type\":\"ListItem\",\"position\":2,\"name\":\"Kulttuuri\",\"item\":\"https:\\\/\\\/www.france.fi\\\/category\\\/kulttuuri\\\/\"},{\"@type\":\"ListItem\",\"position\":3,\"name\":\"Rhinoc\u00e9ros d\u2019Eug\u00e8ne Ionesco au Teatteri Kultsa!\"}]},{\"@type\":\"WebSite\",\"@id\":\"https:\\\/\\\/www.france.fi\\\/#website\",\"url\":\"https:\\\/\\\/www.france.fi\\\/\",\"name\":\"Institut fran\u00e7ais de Finlande\",\"description\":\"\",\"publisher\":{\"@id\":\"https:\\\/\\\/www.france.fi\\\/#organization\"},\"potentialAction\":[{\"@type\":\"SearchAction\",\"target\":{\"@type\":\"EntryPoint\",\"urlTemplate\":\"https:\\\/\\\/www.france.fi\\\/?s={search_term_string}\"},\"query-input\":{\"@type\":\"PropertyValueSpecification\",\"valueRequired\":true,\"valueName\":\"search_term_string\"}}],\"inLanguage\":\"fr-FR\"},{\"@type\":\"Organization\",\"@id\":\"https:\\\/\\\/www.france.fi\\\/#organization\",\"name\":\"Institut fran\u00e7ais de Finlande\",\"url\":\"https:\\\/\\\/www.france.fi\\\/\",\"logo\":{\"@type\":\"ImageObject\",\"inLanguage\":\"fr-FR\",\"@id\":\"https:\\\/\\\/www.france.fi\\\/#\\\/schema\\\/logo\\\/image\\\/\",\"url\":\"https:\\\/\\\/www.france.fi\\\/wp-content\\\/uploads\\\/2024\\\/02\\\/if-logo-1.png\",\"contentUrl\":\"https:\\\/\\\/www.france.fi\\\/wp-content\\\/uploads\\\/2024\\\/02\\\/if-logo-1.png\",\"width\":687,\"height\":459,\"caption\":\"Institut fran\u00e7ais de Finlande\"},\"image\":{\"@id\":\"https:\\\/\\\/www.france.fi\\\/#\\\/schema\\\/logo\\\/image\\\/\"},\"sameAs\":[\"https:\\\/\\\/www.facebook.com\\\/institutfrancaisfi\",\"https:\\\/\\\/x.com\\\/IFFinlande\",\"https:\\\/\\\/www.instagram.com\\\/iffinlande\\\/\",\"https:\\\/\\\/fr.linkedin.com\\\/organization-guest\\\/company\\\/institut-fran-ais-de-finlande\",\"https:\\\/\\\/www.youtube.com\\\/channel\\\/UCHAitdpmSbeP78eL49XMotA\"]},{\"@type\":\"Person\",\"@id\":\"https:\\\/\\\/www.france.fi\\\/#\\\/schema\\\/person\\\/ed873f29db1d0af6a3600d15d3b65bfd\",\"name\":\"Equipe IFF\",\"image\":{\"@type\":\"ImageObject\",\"inLanguage\":\"fr-FR\",\"@id\":\"https:\\\/\\\/secure.gravatar.com\\\/avatar\\\/3c4ba80228d01014b25e45e90abb28ce315a02c6572751a7fb2298e4274989fc?s=96&d=mm&r=g\",\"url\":\"https:\\\/\\\/secure.gravatar.com\\\/avatar\\\/3c4ba80228d01014b25e45e90abb28ce315a02c6572751a7fb2298e4274989fc?s=96&d=mm&r=g\",\"contentUrl\":\"https:\\\/\\\/secure.gravatar.com\\\/avatar\\\/3c4ba80228d01014b25e45e90abb28ce315a02c6572751a7fb2298e4274989fc?s=96&d=mm&r=g\",\"caption\":\"Equipe IFF\"},\"url\":\"https:\\\/\\\/www.france.fi\\\/fr\\\/author\\\/iffadmin\\\/\"}]}<\/script>\n<!-- \/ Yoast SEO plugin. -->","yoast_head_json":{"title":"Rhinoc\u00e9ros d\u2019Eug\u00e8ne Ionesco au Teatteri Kultsa! - Institut fran\u00e7ais","robots":{"index":"index","follow":"follow","max-snippet":"max-snippet:-1","max-image-preview":"max-image-preview:large","max-video-preview":"max-video-preview:-1"},"canonical":"https:\/\/www.france.fi\/fr\/culture\/rhinoceros-deugene-ionesco-au-teatteri-kultsa\/","og_locale":"fr_FR","og_type":"article","og_title":"Rhinoc\u00e9ros d\u2019Eug\u00e8ne Ionesco au Teatteri Kultsa! - Institut fran\u00e7ais","og_description":"Par un dimanche ordinaire, un rhinoc\u00e9ros courre, lach\u00e9 \u00e0 travers la ville. Ce n\u2019est que le d\u00e9but. On commence bient\u00f4t \u00e0 apercevoir des rhinoc\u00e9ros par troupeaux entiers.","og_url":"https:\/\/www.france.fi\/fr\/culture\/rhinoceros-deugene-ionesco-au-teatteri-kultsa\/","og_site_name":"Institut fran\u00e7ais","article_publisher":"https:\/\/www.facebook.com\/institutfrancaisfi","article_published_time":"2021-08-23T10:42:26+00:00","article_modified_time":"2021-10-11T10:55:18+00:00","og_image":[{"width":1280,"height":720,"url":"https:\/\/www.france.fi\/wp-content\/uploads\/2021\/08\/Rhinoceros-1098x617.jpg","type":"image\/jpeg"}],"author":"Equipe IFF","twitter_card":"summary_large_image","twitter_creator":"@IFFinlande","twitter_site":"@IFFinlande","twitter_misc":{"\u00c9crit par":"Equipe IFF","Dur\u00e9e de lecture estim\u00e9e":"1 minute"},"schema":{"@context":"https:\/\/schema.org","@graph":[{"@type":"Article","@id":"https:\/\/www.france.fi\/fr\/culture\/rhinoceros-deugene-ionesco-au-teatteri-kultsa\/#article","isPartOf":{"@id":"https:\/\/www.france.fi\/fr\/culture\/rhinoceros-deugene-ionesco-au-teatteri-kultsa\/"},"author":{"name":"Equipe IFF","@id":"https:\/\/www.france.fi\/#\/schema\/person\/ed873f29db1d0af6a3600d15d3b65bfd"},"headline":"Rhinoc\u00e9ros d\u2019Eug\u00e8ne Ionesco au Teatteri Kultsa!","datePublished":"2021-08-23T10:42:26+00:00","dateModified":"2021-10-11T10:55:18+00:00","mainEntityOfPage":{"@id":"https:\/\/www.france.fi\/fr\/culture\/rhinoceros-deugene-ionesco-au-teatteri-kultsa\/"},"wordCount":96,"publisher":{"@id":"https:\/\/www.france.fi\/#organization"},"image":{"@id":"https:\/\/www.france.fi\/fr\/culture\/rhinoceros-deugene-ionesco-au-teatteri-kultsa\/#primaryimage"},"thumbnailUrl":"https:\/\/www.france.fi\/wp-content\/uploads\/2021\/08\/Rhinoceros-1098x617.jpg","articleSection":["Culture"],"inLanguage":"fr-FR"},{"@type":"WebPage","@id":"https:\/\/www.france.fi\/fr\/culture\/rhinoceros-deugene-ionesco-au-teatteri-kultsa\/","url":"https:\/\/www.france.fi\/fr\/culture\/rhinoceros-deugene-ionesco-au-teatteri-kultsa\/","name":"Rhinoc\u00e9ros d\u2019Eug\u00e8ne Ionesco au Teatteri Kultsa! - Institut fran\u00e7ais","isPartOf":{"@id":"https:\/\/www.france.fi\/#website"},"primaryImageOfPage":{"@id":"https:\/\/www.france.fi\/fr\/culture\/rhinoceros-deugene-ionesco-au-teatteri-kultsa\/#primaryimage"},"image":{"@id":"https:\/\/www.france.fi\/fr\/culture\/rhinoceros-deugene-ionesco-au-teatteri-kultsa\/#primaryimage"},"thumbnailUrl":"https:\/\/www.france.fi\/wp-content\/uploads\/2021\/08\/Rhinoceros-1098x617.jpg","datePublished":"2021-08-23T10:42:26+00:00","dateModified":"2021-10-11T10:55:18+00:00","breadcrumb":{"@id":"https:\/\/www.france.fi\/fr\/culture\/rhinoceros-deugene-ionesco-au-teatteri-kultsa\/#breadcrumb"},"inLanguage":"fr-FR","potentialAction":[{"@type":"ReadAction","target":["https:\/\/www.france.fi\/fr\/culture\/rhinoceros-deugene-ionesco-au-teatteri-kultsa\/"]}]},{"@type":"ImageObject","inLanguage":"fr-FR","@id":"https:\/\/www.france.fi\/fr\/culture\/rhinoceros-deugene-ionesco-au-teatteri-kultsa\/#primaryimage","url":"https:\/\/www.france.fi\/wp-content\/uploads\/2021\/08\/Rhinoceros-1098x617.jpg","contentUrl":"https:\/\/www.france.fi\/wp-content\/uploads\/2021\/08\/Rhinoceros-1098x617.jpg","width":1280,"height":720},{"@type":"BreadcrumbList","@id":"https:\/\/www.france.fi\/fr\/culture\/rhinoceros-deugene-ionesco-au-teatteri-kultsa\/#breadcrumb","itemListElement":[{"@type":"ListItem","position":1,"name":"Home","item":"https:\/\/www.france.fi\/fr\/"},{"@type":"ListItem","position":2,"name":"Kulttuuri","item":"https:\/\/www.france.fi\/category\/kulttuuri\/"},{"@type":"ListItem","position":3,"name":"Rhinoc\u00e9ros d\u2019Eug\u00e8ne Ionesco au Teatteri Kultsa!"}]},{"@type":"WebSite","@id":"https:\/\/www.france.fi\/#website","url":"https:\/\/www.france.fi\/","name":"Institut fran\u00e7ais de Finlande","description":"","publisher":{"@id":"https:\/\/www.france.fi\/#organization"},"potentialAction":[{"@type":"SearchAction","target":{"@type":"EntryPoint","urlTemplate":"https:\/\/www.france.fi\/?s={search_term_string}"},"query-input":{"@type":"PropertyValueSpecification","valueRequired":true,"valueName":"search_term_string"}}],"inLanguage":"fr-FR"},{"@type":"Organization","@id":"https:\/\/www.france.fi\/#organization","name":"Institut fran\u00e7ais de Finlande","url":"https:\/\/www.france.fi\/","logo":{"@type":"ImageObject","inLanguage":"fr-FR","@id":"https:\/\/www.france.fi\/#\/schema\/logo\/image\/","url":"https:\/\/www.france.fi\/wp-content\/uploads\/2024\/02\/if-logo-1.png","contentUrl":"https:\/\/www.france.fi\/wp-content\/uploads\/2024\/02\/if-logo-1.png","width":687,"height":459,"caption":"Institut fran\u00e7ais de Finlande"},"image":{"@id":"https:\/\/www.france.fi\/#\/schema\/logo\/image\/"},"sameAs":["https:\/\/www.facebook.com\/institutfrancaisfi","https:\/\/x.com\/IFFinlande","https:\/\/www.instagram.com\/iffinlande\/","https:\/\/fr.linkedin.com\/organization-guest\/company\/institut-fran-ais-de-finlande","https:\/\/www.youtube.com\/channel\/UCHAitdpmSbeP78eL49XMotA"]},{"@type":"Person","@id":"https:\/\/www.france.fi\/#\/schema\/person\/ed873f29db1d0af6a3600d15d3b65bfd","name":"Equipe IFF","image":{"@type":"ImageObject","inLanguage":"fr-FR","@id":"https:\/\/secure.gravatar.com\/avatar\/3c4ba80228d01014b25e45e90abb28ce315a02c6572751a7fb2298e4274989fc?s=96&d=mm&r=g","url":"https:\/\/secure.gravatar.com\/avatar\/3c4ba80228d01014b25e45e90abb28ce315a02c6572751a7fb2298e4274989fc?s=96&d=mm&r=g","contentUrl":"https:\/\/secure.gravatar.com\/avatar\/3c4ba80228d01014b25e45e90abb28ce315a02c6572751a7fb2298e4274989fc?s=96&d=mm&r=g","caption":"Equipe IFF"},"url":"https:\/\/www.france.fi\/fr\/author\/iffadmin\/"}]}},"_links":{"self":[{"href":"https:\/\/www.france.fi\/fr\/wp-json\/wp\/v2\/posts\/6366","targetHints":{"allow":["GET"]}}],"collection":[{"href":"https:\/\/www.france.fi\/fr\/wp-json\/wp\/v2\/posts"}],"about":[{"href":"https:\/\/www.france.fi\/fr\/wp-json\/wp\/v2\/types\/post"}],"author":[{"embeddable":true,"href":"https:\/\/www.france.fi\/fr\/wp-json\/wp\/v2\/users\/2"}],"replies":[{"embeddable":true,"href":"https:\/\/www.france.fi\/fr\/wp-json\/wp\/v2\/comments?post=6366"}],"version-history":[{"count":0,"href":"https:\/\/www.france.fi\/fr\/wp-json\/wp\/v2\/posts\/6366\/revisions"}],"wp:featuredmedia":[{"embeddable":true,"href":"https:\/\/www.france.fi\/fr\/wp-json\/wp\/v2\/media\/6367"}],"wp:attachment":[{"href":"https:\/\/www.france.fi\/fr\/wp-json\/wp\/v2\/media?parent=6366"}],"wp:term":[{"taxonomy":"category","embeddable":true,"href":"https:\/\/www.france.fi\/fr\/wp-json\/wp\/v2\/categories?post=6366"},{"taxonomy":"post_tag","embeddable":true,"href":"https:\/\/www.france.fi\/fr\/wp-json\/wp\/v2\/tags?post=6366"}],"curies":[{"name":"wp","href":"https:\/\/api.w.org\/{rel}","templated":true}]}}