{"id":6488,"date":"2021-08-30T16:37:43","date_gmt":"2021-08-30T13:37:43","guid":{"rendered":"http:\/\/www.france.fi\/?p=6488"},"modified":"2021-11-26T14:20:10","modified_gmt":"2021-11-26T12:20:10","slug":"des-mesures-pour-lenvironnement-lapport-des-capteurs-photoniques-integres","status":"publish","type":"post","link":"https:\/\/www.france.fi\/fr\/sciences-et-universites\/des-mesures-pour-lenvironnement-lapport-des-capteurs-photoniques-integres\/","title":{"rendered":"Des mesures pour l\u00b4environnement : l\u00b4apport des capteurs photoniques int\u00e9gr\u00e9s"},"content":{"rendered":"\n<p>R\u00e9chauffement climatique, pollution de l&rsquo;air, de l&rsquo;eau, des sols, contamination des aliments\u2026<\/p>\n<p>Ces sujets font aujourd&rsquo;hui partie des pr\u00e9occupations majeures des citoyens qui sont de plus en plus nombreux \u00e0 demander \u00e0 leurs dirigeants de prendre des actions correctrices. Cependant, pour pouvoir r\u00e9soudre un probl\u00e8me, il faut d&rsquo;abord le cerner, l&rsquo;identifier, le quantifier. Ce qu&rsquo;en science on appelle \u00ab\u00a0le mesurer\u00a0\u00bb. Si les experts des plateaux t\u00e9l\u00e9vis\u00e9s et les hommes politiques sont friands des chiffres qu&rsquo;ils exposent afin de soutenir leur argumentation, il est assez rare que l&rsquo;on se pose la question de savoir comment ces donn\u00e9es ont \u00e9t\u00e9 obtenues. C&rsquo;est pourquoi, nous proposons dans ce caf\u00e9 des sciences d&rsquo;aborder cette notion. Qu&rsquo;est ce qu&rsquo;une mesure? Celle-ci est-elle fiable? Est-elle pr\u00e9cise? Est-elle juste ? Comment faire confiance \u00e0 une mesure? Afin d&rsquo;illustrer ces d\u00e9bats, nous utiliserons comme exemples des instruments de mesure photoniques int\u00e9gr\u00e9s sur des micropuces dont l&rsquo;usage qui sont utilis\u00e9s pour d\u00e9tecter et analyser des s\u00e9ismes, analyser des \u00e9toiles, v\u00e9rifier la qualit\u00e9 de l&rsquo;air que nous respirons ou v\u00e9rifier que des \u00e9l\u00e9ments radioactifs ne contamine pas notre environnement.<\/p>\n<p>La participation de l\u2019auditoire est plus qu\u2019encourag\u00e9e et les intervenants adapteront leur intervention aux diff\u00e9rentes questions pos\u00e9es.<\/p>\n<p><strong>Entr\u00e9e libre sur inscription.<\/strong> (maximum 24 personnes)<\/p>\n<p>L\u2019\u00e9v\u00e9nement sera aussi diffus\u00e9 en direct sur notre page\u00a0<strong><a href=\"https:\/\/www.facebook.com\/institutfrancaisfi\/\" target=\"_blank\" rel=\"noopener\">Facebook<\/a><\/strong>\u00a0puis en replay sur notre\u00a0<strong><a href=\"https:\/\/www.youtube.com\/channel\/UCHAitdpmSbeP78eL49XMotA\" target=\"_blank\" rel=\"noopener\">Cha\u00eene Youtube<\/a><\/strong><\/p>\n<h5><strong>Biographies<\/strong><\/h5>\n<p><strong><em>Jean-Emmanuel Broquin<\/em><\/strong><em> received an Engineering Degree in Physics of Microelectronic Devices from the Ecole Nationale Supe\u0301rieure de Physique de Grenoble (France) in 1993, and a Master degree in Optics Electromagnetism and Optoelectronics from the Institut National Polytechnique de Grenoble (France) the same year. Since the completion of his PhD on Erbium-Doped Waveguide amplifiers in 1997, he has been working on both active and passive integrated optics devices (mainly realized on glass substrate). In 1999, he has been appointed Associate Professor at the Grenoble Institute of Technology (G-InP, France) and became a Full Professor in 2007. His main teaching activities are microtechnology, optoelectronics and integrated optics. After having been in charge of the Photonics group of the IMEP (Institute for Microelectronics, Electromagnetism and Photonics), and the Director of this 150 people research institute, he is now in charge of its dissemination and industrial partnerships. Jean-Emmanuel Broquin has authored or co- authored more than 100 articles and conferences in the field of integrated photonic devices.\u00a0 In 2020, Pr Broquin has been awarded the Distinguished Chair of the Nokia Foundation with the Institut Fran\u00e7ais de Finlande and he became an Adjunct Professor (Docent) of the University of Eastern Finland in 2021.<\/em><strong><em>\u00a0<\/em><\/strong><\/p>\n<p><strong><em>Dr Laeticia Petit<\/em><\/strong><em> is a Professor at Tampere University (TAU) (Finland) and also a Docent at \u00c5bo Akademi and at TAU (Faculty of Medicine and Health Technology). She is also the Head of the International BSc program in Science and Engineering. Since her PhD in 2002, she has examined the role of structure\/property relationships in a range of (passive and active) oxide and non-oxide glasses used in fiber and film, chemical sensing, molded optics, and applications utilizing photo-induced property modification. She has also extensive experience in teaching and researcher training through projects like ATLANTIS, CERAM and GLOWTRACK funded by Academy of Finland and also Glacerco-ITN or CoACH-ETN, 2 EU Marie Curie programs. She is also active internationally: she is a member of the Technical Committee 20 (TC20) in the International Commission on Glass (ICG), lifemember of the American Ceramic Society, Associate Editor for Optical Materials journal. As of today, she has mentored\/supervised 5 PD, 9 PhD, 13 MScs, 14 BScs and 3 high schools students. Dr Petit has published over 158 papers in major international journals on optical glasses and her papers have attracted over 2400 citations, yielding an H-index of 27 (excluding self-citation).<\/em><\/p>\n<p><strong><em>\u00a0<\/em><\/strong><\/p>\n<p><strong><em>Matthieu Roussey<\/em><\/strong><em>, is leading the integrated optics group (about 15 researchers) of the Institute of Photonics at UEF in Joensuu. He obtained his PhD from the FEMTO-ST institute (Besan\u00e7on, France) in 2007. He was team leader in the Optics &amp; Photonics Technology Lab at EPFL (Neuch\u00e2tel, Switzerland) from 2007 to 2011. Since 2011, he has been working as a senior researcher at UEF, from which he obtained a tenure track position in experimental photonics in October 2016. In October 2020, he obtains a position of full professor. Besides his interests on novel photonic concepts, his research is focused on the transfer of nano- and micro-structures to real devices, for applications in telecom, sensing, and photonics computing. More specifically, his focus is on silicon photonics and new materials for photonics, material sciences, and spectroscopy. He also works actively on advanced concepts to harvest surface waves from waveguides. An important field of research of the group is on the optical detection of micro and nanoplastics in water environment.<\/em><\/p>\n<p><div class=\"rve\" data-content-width=\"580\"><iframe loading=\"lazy\" title=\"Des mesures pour l&#039;environnement : L&#039;apport des capteurs photoniques int\u00e9gr\u00e9s\" width=\"580\" height=\"326\" src=\"https:\/\/www.youtube.com\/embed\/dXC2td50cF8?feature=oembed\" frameborder=\"0\" allow=\"accelerometer; autoplay; clipboard-write; encrypted-media; gyroscope; picture-in-picture; web-share\" referrerpolicy=\"strict-origin-when-cross-origin\" allowfullscreen><\/iframe><\/div><!-- Responsive Video Embeds plugin by www.kevinleary.net --><\/p>\n\n\n\n<p><\/p>\n","protected":false},"excerpt":{"rendered":"<p>Dans ce Caf\u00e9 scientifique, Jean-Emmanuel Broquin, Dr Laeticia Petit et Matthieu Roussey viendront nous parler de la notion de mesure, puis nous verrons comment la lumi\u00e8re peut \u00eatre utilis\u00e9e comme moyen de mesure avant de pr\u00e9senter des exemples de r\u00e9alisation.<\/p>\n","protected":false},"author":2,"featured_media":6489,"comment_status":"closed","ping_status":"open","sticky":false,"template":"","format":"standard","meta":{"footnotes":""},"categories":[4],"tags":[],"class_list":["post-6488","post","type-post","status-publish","format-standard","has-post-thumbnail","hentry","category-sciences-et-universites"],"yoast_head":"<!-- This site is optimized with the Yoast SEO plugin v27.4 - https:\/\/yoast.com\/product\/yoast-seo-wordpress\/ -->\n<title>Des mesures pour l\u00b4environnement : l\u00b4apport des capteurs photoniques int\u00e9gr\u00e9s - Institut fran\u00e7ais<\/title>\n<meta name=\"robots\" content=\"index, follow, max-snippet:-1, max-image-preview:large, max-video-preview:-1\" \/>\n<link rel=\"canonical\" href=\"https:\/\/www.france.fi\/fr\/sciences-et-universites\/des-mesures-pour-lenvironnement-lapport-des-capteurs-photoniques-integres\/\" \/>\n<meta property=\"og:locale\" content=\"fr_FR\" \/>\n<meta property=\"og:type\" content=\"article\" \/>\n<meta property=\"og:title\" content=\"Des mesures pour l\u00b4environnement : l\u00b4apport des capteurs photoniques int\u00e9gr\u00e9s - Institut fran\u00e7ais\" \/>\n<meta property=\"og:description\" content=\"Dans ce Caf\u00e9 scientifique, Jean-Emmanuel Broquin, Dr Laeticia Petit et Matthieu Roussey viendront nous parler de la notion de mesure, puis nous verrons comment la lumi\u00e8re peut \u00eatre utilis\u00e9e comme moyen de mesure avant de pr\u00e9senter des exemples de r\u00e9alisation.\" \/>\n<meta property=\"og:url\" content=\"https:\/\/www.france.fi\/fr\/sciences-et-universites\/des-mesures-pour-lenvironnement-lapport-des-capteurs-photoniques-integres\/\" \/>\n<meta property=\"og:site_name\" content=\"Institut fran\u00e7ais\" \/>\n<meta property=\"article:publisher\" content=\"https:\/\/www.facebook.com\/institutfrancaisfi\" \/>\n<meta property=\"article:published_time\" content=\"2021-08-30T13:37:43+00:00\" \/>\n<meta property=\"article:modified_time\" content=\"2021-11-26T12:20:10+00:00\" \/>\n<meta property=\"og:image\" content=\"https:\/\/www.france.fi\/wp-content\/uploads\/2021\/08\/capteurs-photoniques-1098x617.jpg\" \/>\n\t<meta property=\"og:image:width\" content=\"1280\" \/>\n\t<meta property=\"og:image:height\" content=\"720\" \/>\n\t<meta property=\"og:image:type\" content=\"image\/jpeg\" \/>\n<meta name=\"author\" content=\"Equipe IFF\" \/>\n<meta name=\"twitter:card\" content=\"summary_large_image\" \/>\n<meta name=\"twitter:creator\" content=\"@IFFinlande\" \/>\n<meta name=\"twitter:site\" content=\"@IFFinlande\" \/>\n<meta name=\"twitter:label1\" content=\"\u00c9crit par\" \/>\n\t<meta name=\"twitter:data1\" content=\"Equipe IFF\" \/>\n\t<meta name=\"twitter:label2\" content=\"Dur\u00e9e de lecture estim\u00e9e\" \/>\n\t<meta name=\"twitter:data2\" content=\"4 minutes\" \/>\n<script type=\"application\/ld+json\" class=\"yoast-schema-graph\">{\"@context\":\"https:\\\/\\\/schema.org\",\"@graph\":[{\"@type\":\"Article\",\"@id\":\"https:\\\/\\\/www.france.fi\\\/fr\\\/sciences-et-universites\\\/des-mesures-pour-lenvironnement-lapport-des-capteurs-photoniques-integres\\\/#article\",\"isPartOf\":{\"@id\":\"https:\\\/\\\/www.france.fi\\\/fr\\\/sciences-et-universites\\\/des-mesures-pour-lenvironnement-lapport-des-capteurs-photoniques-integres\\\/\"},\"author\":{\"name\":\"Equipe IFF\",\"@id\":\"https:\\\/\\\/www.france.fi\\\/#\\\/schema\\\/person\\\/ed873f29db1d0af6a3600d15d3b65bfd\"},\"headline\":\"Des mesures pour l\u00b4environnement : l\u00b4apport des capteurs photoniques int\u00e9gr\u00e9s\",\"datePublished\":\"2021-08-30T13:37:43+00:00\",\"dateModified\":\"2021-11-26T12:20:10+00:00\",\"mainEntityOfPage\":{\"@id\":\"https:\\\/\\\/www.france.fi\\\/fr\\\/sciences-et-universites\\\/des-mesures-pour-lenvironnement-lapport-des-capteurs-photoniques-integres\\\/\"},\"wordCount\":815,\"publisher\":{\"@id\":\"https:\\\/\\\/www.france.fi\\\/#organization\"},\"image\":{\"@id\":\"https:\\\/\\\/www.france.fi\\\/fr\\\/sciences-et-universites\\\/des-mesures-pour-lenvironnement-lapport-des-capteurs-photoniques-integres\\\/#primaryimage\"},\"thumbnailUrl\":\"https:\\\/\\\/www.france.fi\\\/wp-content\\\/uploads\\\/2021\\\/08\\\/capteurs-photoniques-1098x617.jpg\",\"articleSection\":[\"Sciences et universit\u00e9s\"],\"inLanguage\":\"fr-FR\"},{\"@type\":\"WebPage\",\"@id\":\"https:\\\/\\\/www.france.fi\\\/fr\\\/sciences-et-universites\\\/des-mesures-pour-lenvironnement-lapport-des-capteurs-photoniques-integres\\\/\",\"url\":\"https:\\\/\\\/www.france.fi\\\/fr\\\/sciences-et-universites\\\/des-mesures-pour-lenvironnement-lapport-des-capteurs-photoniques-integres\\\/\",\"name\":\"Des mesures pour l\u00b4environnement : l\u00b4apport des capteurs photoniques int\u00e9gr\u00e9s - Institut fran\u00e7ais\",\"isPartOf\":{\"@id\":\"https:\\\/\\\/www.france.fi\\\/#website\"},\"primaryImageOfPage\":{\"@id\":\"https:\\\/\\\/www.france.fi\\\/fr\\\/sciences-et-universites\\\/des-mesures-pour-lenvironnement-lapport-des-capteurs-photoniques-integres\\\/#primaryimage\"},\"image\":{\"@id\":\"https:\\\/\\\/www.france.fi\\\/fr\\\/sciences-et-universites\\\/des-mesures-pour-lenvironnement-lapport-des-capteurs-photoniques-integres\\\/#primaryimage\"},\"thumbnailUrl\":\"https:\\\/\\\/www.france.fi\\\/wp-content\\\/uploads\\\/2021\\\/08\\\/capteurs-photoniques-1098x617.jpg\",\"datePublished\":\"2021-08-30T13:37:43+00:00\",\"dateModified\":\"2021-11-26T12:20:10+00:00\",\"breadcrumb\":{\"@id\":\"https:\\\/\\\/www.france.fi\\\/fr\\\/sciences-et-universites\\\/des-mesures-pour-lenvironnement-lapport-des-capteurs-photoniques-integres\\\/#breadcrumb\"},\"inLanguage\":\"fr-FR\",\"potentialAction\":[{\"@type\":\"ReadAction\",\"target\":[\"https:\\\/\\\/www.france.fi\\\/fr\\\/sciences-et-universites\\\/des-mesures-pour-lenvironnement-lapport-des-capteurs-photoniques-integres\\\/\"]}]},{\"@type\":\"ImageObject\",\"inLanguage\":\"fr-FR\",\"@id\":\"https:\\\/\\\/www.france.fi\\\/fr\\\/sciences-et-universites\\\/des-mesures-pour-lenvironnement-lapport-des-capteurs-photoniques-integres\\\/#primaryimage\",\"url\":\"https:\\\/\\\/www.france.fi\\\/wp-content\\\/uploads\\\/2021\\\/08\\\/capteurs-photoniques-1098x617.jpg\",\"contentUrl\":\"https:\\\/\\\/www.france.fi\\\/wp-content\\\/uploads\\\/2021\\\/08\\\/capteurs-photoniques-1098x617.jpg\",\"width\":1280,\"height\":720},{\"@type\":\"BreadcrumbList\",\"@id\":\"https:\\\/\\\/www.france.fi\\\/fr\\\/sciences-et-universites\\\/des-mesures-pour-lenvironnement-lapport-des-capteurs-photoniques-integres\\\/#breadcrumb\",\"itemListElement\":[{\"@type\":\"ListItem\",\"position\":1,\"name\":\"Home\",\"item\":\"https:\\\/\\\/www.france.fi\\\/fr\\\/\"},{\"@type\":\"ListItem\",\"position\":2,\"name\":\"Sciences et universit\u00e9s\",\"item\":\"https:\\\/\\\/www.france.fi\\\/fr\\\/category\\\/sciences-et-universites\\\/\"},{\"@type\":\"ListItem\",\"position\":3,\"name\":\"Des mesures pour l\u00b4environnement : l\u00b4apport des capteurs photoniques int\u00e9gr\u00e9s\"}]},{\"@type\":\"WebSite\",\"@id\":\"https:\\\/\\\/www.france.fi\\\/#website\",\"url\":\"https:\\\/\\\/www.france.fi\\\/\",\"name\":\"Institut fran\u00e7ais de Finlande\",\"description\":\"\",\"publisher\":{\"@id\":\"https:\\\/\\\/www.france.fi\\\/#organization\"},\"potentialAction\":[{\"@type\":\"SearchAction\",\"target\":{\"@type\":\"EntryPoint\",\"urlTemplate\":\"https:\\\/\\\/www.france.fi\\\/?s={search_term_string}\"},\"query-input\":{\"@type\":\"PropertyValueSpecification\",\"valueRequired\":true,\"valueName\":\"search_term_string\"}}],\"inLanguage\":\"fr-FR\"},{\"@type\":\"Organization\",\"@id\":\"https:\\\/\\\/www.france.fi\\\/#organization\",\"name\":\"Institut fran\u00e7ais de Finlande\",\"url\":\"https:\\\/\\\/www.france.fi\\\/\",\"logo\":{\"@type\":\"ImageObject\",\"inLanguage\":\"fr-FR\",\"@id\":\"https:\\\/\\\/www.france.fi\\\/#\\\/schema\\\/logo\\\/image\\\/\",\"url\":\"https:\\\/\\\/www.france.fi\\\/wp-content\\\/uploads\\\/2024\\\/02\\\/if-logo-1.png\",\"contentUrl\":\"https:\\\/\\\/www.france.fi\\\/wp-content\\\/uploads\\\/2024\\\/02\\\/if-logo-1.png\",\"width\":687,\"height\":459,\"caption\":\"Institut fran\u00e7ais de Finlande\"},\"image\":{\"@id\":\"https:\\\/\\\/www.france.fi\\\/#\\\/schema\\\/logo\\\/image\\\/\"},\"sameAs\":[\"https:\\\/\\\/www.facebook.com\\\/institutfrancaisfi\",\"https:\\\/\\\/x.com\\\/IFFinlande\",\"https:\\\/\\\/www.instagram.com\\\/iffinlande\\\/\",\"https:\\\/\\\/fr.linkedin.com\\\/organization-guest\\\/company\\\/institut-fran-ais-de-finlande\",\"https:\\\/\\\/www.youtube.com\\\/channel\\\/UCHAitdpmSbeP78eL49XMotA\"]},{\"@type\":\"Person\",\"@id\":\"https:\\\/\\\/www.france.fi\\\/#\\\/schema\\\/person\\\/ed873f29db1d0af6a3600d15d3b65bfd\",\"name\":\"Equipe IFF\",\"image\":{\"@type\":\"ImageObject\",\"inLanguage\":\"fr-FR\",\"@id\":\"https:\\\/\\\/secure.gravatar.com\\\/avatar\\\/3c4ba80228d01014b25e45e90abb28ce315a02c6572751a7fb2298e4274989fc?s=96&d=mm&r=g\",\"url\":\"https:\\\/\\\/secure.gravatar.com\\\/avatar\\\/3c4ba80228d01014b25e45e90abb28ce315a02c6572751a7fb2298e4274989fc?s=96&d=mm&r=g\",\"contentUrl\":\"https:\\\/\\\/secure.gravatar.com\\\/avatar\\\/3c4ba80228d01014b25e45e90abb28ce315a02c6572751a7fb2298e4274989fc?s=96&d=mm&r=g\",\"caption\":\"Equipe IFF\"},\"url\":\"https:\\\/\\\/www.france.fi\\\/fr\\\/author\\\/iffadmin\\\/\"}]}<\/script>\n<!-- \/ Yoast SEO plugin. -->","yoast_head_json":{"title":"Des mesures pour l\u00b4environnement : l\u00b4apport des capteurs photoniques int\u00e9gr\u00e9s - Institut fran\u00e7ais","robots":{"index":"index","follow":"follow","max-snippet":"max-snippet:-1","max-image-preview":"max-image-preview:large","max-video-preview":"max-video-preview:-1"},"canonical":"https:\/\/www.france.fi\/fr\/sciences-et-universites\/des-mesures-pour-lenvironnement-lapport-des-capteurs-photoniques-integres\/","og_locale":"fr_FR","og_type":"article","og_title":"Des mesures pour l\u00b4environnement : l\u00b4apport des capteurs photoniques int\u00e9gr\u00e9s - Institut fran\u00e7ais","og_description":"Dans ce Caf\u00e9 scientifique, Jean-Emmanuel Broquin, Dr Laeticia Petit et Matthieu Roussey viendront nous parler de la notion de mesure, puis nous verrons comment la lumi\u00e8re peut \u00eatre utilis\u00e9e comme moyen de mesure avant de pr\u00e9senter des exemples de r\u00e9alisation.","og_url":"https:\/\/www.france.fi\/fr\/sciences-et-universites\/des-mesures-pour-lenvironnement-lapport-des-capteurs-photoniques-integres\/","og_site_name":"Institut fran\u00e7ais","article_publisher":"https:\/\/www.facebook.com\/institutfrancaisfi","article_published_time":"2021-08-30T13:37:43+00:00","article_modified_time":"2021-11-26T12:20:10+00:00","og_image":[{"width":1280,"height":720,"url":"https:\/\/www.france.fi\/wp-content\/uploads\/2021\/08\/capteurs-photoniques-1098x617.jpg","type":"image\/jpeg"}],"author":"Equipe IFF","twitter_card":"summary_large_image","twitter_creator":"@IFFinlande","twitter_site":"@IFFinlande","twitter_misc":{"\u00c9crit par":"Equipe IFF","Dur\u00e9e de lecture estim\u00e9e":"4 minutes"},"schema":{"@context":"https:\/\/schema.org","@graph":[{"@type":"Article","@id":"https:\/\/www.france.fi\/fr\/sciences-et-universites\/des-mesures-pour-lenvironnement-lapport-des-capteurs-photoniques-integres\/#article","isPartOf":{"@id":"https:\/\/www.france.fi\/fr\/sciences-et-universites\/des-mesures-pour-lenvironnement-lapport-des-capteurs-photoniques-integres\/"},"author":{"name":"Equipe IFF","@id":"https:\/\/www.france.fi\/#\/schema\/person\/ed873f29db1d0af6a3600d15d3b65bfd"},"headline":"Des mesures pour l\u00b4environnement : l\u00b4apport des capteurs photoniques int\u00e9gr\u00e9s","datePublished":"2021-08-30T13:37:43+00:00","dateModified":"2021-11-26T12:20:10+00:00","mainEntityOfPage":{"@id":"https:\/\/www.france.fi\/fr\/sciences-et-universites\/des-mesures-pour-lenvironnement-lapport-des-capteurs-photoniques-integres\/"},"wordCount":815,"publisher":{"@id":"https:\/\/www.france.fi\/#organization"},"image":{"@id":"https:\/\/www.france.fi\/fr\/sciences-et-universites\/des-mesures-pour-lenvironnement-lapport-des-capteurs-photoniques-integres\/#primaryimage"},"thumbnailUrl":"https:\/\/www.france.fi\/wp-content\/uploads\/2021\/08\/capteurs-photoniques-1098x617.jpg","articleSection":["Sciences et universit\u00e9s"],"inLanguage":"fr-FR"},{"@type":"WebPage","@id":"https:\/\/www.france.fi\/fr\/sciences-et-universites\/des-mesures-pour-lenvironnement-lapport-des-capteurs-photoniques-integres\/","url":"https:\/\/www.france.fi\/fr\/sciences-et-universites\/des-mesures-pour-lenvironnement-lapport-des-capteurs-photoniques-integres\/","name":"Des mesures pour l\u00b4environnement : l\u00b4apport des capteurs photoniques int\u00e9gr\u00e9s - Institut fran\u00e7ais","isPartOf":{"@id":"https:\/\/www.france.fi\/#website"},"primaryImageOfPage":{"@id":"https:\/\/www.france.fi\/fr\/sciences-et-universites\/des-mesures-pour-lenvironnement-lapport-des-capteurs-photoniques-integres\/#primaryimage"},"image":{"@id":"https:\/\/www.france.fi\/fr\/sciences-et-universites\/des-mesures-pour-lenvironnement-lapport-des-capteurs-photoniques-integres\/#primaryimage"},"thumbnailUrl":"https:\/\/www.france.fi\/wp-content\/uploads\/2021\/08\/capteurs-photoniques-1098x617.jpg","datePublished":"2021-08-30T13:37:43+00:00","dateModified":"2021-11-26T12:20:10+00:00","breadcrumb":{"@id":"https:\/\/www.france.fi\/fr\/sciences-et-universites\/des-mesures-pour-lenvironnement-lapport-des-capteurs-photoniques-integres\/#breadcrumb"},"inLanguage":"fr-FR","potentialAction":[{"@type":"ReadAction","target":["https:\/\/www.france.fi\/fr\/sciences-et-universites\/des-mesures-pour-lenvironnement-lapport-des-capteurs-photoniques-integres\/"]}]},{"@type":"ImageObject","inLanguage":"fr-FR","@id":"https:\/\/www.france.fi\/fr\/sciences-et-universites\/des-mesures-pour-lenvironnement-lapport-des-capteurs-photoniques-integres\/#primaryimage","url":"https:\/\/www.france.fi\/wp-content\/uploads\/2021\/08\/capteurs-photoniques-1098x617.jpg","contentUrl":"https:\/\/www.france.fi\/wp-content\/uploads\/2021\/08\/capteurs-photoniques-1098x617.jpg","width":1280,"height":720},{"@type":"BreadcrumbList","@id":"https:\/\/www.france.fi\/fr\/sciences-et-universites\/des-mesures-pour-lenvironnement-lapport-des-capteurs-photoniques-integres\/#breadcrumb","itemListElement":[{"@type":"ListItem","position":1,"name":"Home","item":"https:\/\/www.france.fi\/fr\/"},{"@type":"ListItem","position":2,"name":"Sciences et universit\u00e9s","item":"https:\/\/www.france.fi\/fr\/category\/sciences-et-universites\/"},{"@type":"ListItem","position":3,"name":"Des mesures pour l\u00b4environnement : l\u00b4apport des capteurs photoniques int\u00e9gr\u00e9s"}]},{"@type":"WebSite","@id":"https:\/\/www.france.fi\/#website","url":"https:\/\/www.france.fi\/","name":"Institut fran\u00e7ais de Finlande","description":"","publisher":{"@id":"https:\/\/www.france.fi\/#organization"},"potentialAction":[{"@type":"SearchAction","target":{"@type":"EntryPoint","urlTemplate":"https:\/\/www.france.fi\/?s={search_term_string}"},"query-input":{"@type":"PropertyValueSpecification","valueRequired":true,"valueName":"search_term_string"}}],"inLanguage":"fr-FR"},{"@type":"Organization","@id":"https:\/\/www.france.fi\/#organization","name":"Institut fran\u00e7ais de Finlande","url":"https:\/\/www.france.fi\/","logo":{"@type":"ImageObject","inLanguage":"fr-FR","@id":"https:\/\/www.france.fi\/#\/schema\/logo\/image\/","url":"https:\/\/www.france.fi\/wp-content\/uploads\/2024\/02\/if-logo-1.png","contentUrl":"https:\/\/www.france.fi\/wp-content\/uploads\/2024\/02\/if-logo-1.png","width":687,"height":459,"caption":"Institut fran\u00e7ais de Finlande"},"image":{"@id":"https:\/\/www.france.fi\/#\/schema\/logo\/image\/"},"sameAs":["https:\/\/www.facebook.com\/institutfrancaisfi","https:\/\/x.com\/IFFinlande","https:\/\/www.instagram.com\/iffinlande\/","https:\/\/fr.linkedin.com\/organization-guest\/company\/institut-fran-ais-de-finlande","https:\/\/www.youtube.com\/channel\/UCHAitdpmSbeP78eL49XMotA"]},{"@type":"Person","@id":"https:\/\/www.france.fi\/#\/schema\/person\/ed873f29db1d0af6a3600d15d3b65bfd","name":"Equipe IFF","image":{"@type":"ImageObject","inLanguage":"fr-FR","@id":"https:\/\/secure.gravatar.com\/avatar\/3c4ba80228d01014b25e45e90abb28ce315a02c6572751a7fb2298e4274989fc?s=96&d=mm&r=g","url":"https:\/\/secure.gravatar.com\/avatar\/3c4ba80228d01014b25e45e90abb28ce315a02c6572751a7fb2298e4274989fc?s=96&d=mm&r=g","contentUrl":"https:\/\/secure.gravatar.com\/avatar\/3c4ba80228d01014b25e45e90abb28ce315a02c6572751a7fb2298e4274989fc?s=96&d=mm&r=g","caption":"Equipe IFF"},"url":"https:\/\/www.france.fi\/fr\/author\/iffadmin\/"}]}},"_links":{"self":[{"href":"https:\/\/www.france.fi\/fr\/wp-json\/wp\/v2\/posts\/6488","targetHints":{"allow":["GET"]}}],"collection":[{"href":"https:\/\/www.france.fi\/fr\/wp-json\/wp\/v2\/posts"}],"about":[{"href":"https:\/\/www.france.fi\/fr\/wp-json\/wp\/v2\/types\/post"}],"author":[{"embeddable":true,"href":"https:\/\/www.france.fi\/fr\/wp-json\/wp\/v2\/users\/2"}],"replies":[{"embeddable":true,"href":"https:\/\/www.france.fi\/fr\/wp-json\/wp\/v2\/comments?post=6488"}],"version-history":[{"count":0,"href":"https:\/\/www.france.fi\/fr\/wp-json\/wp\/v2\/posts\/6488\/revisions"}],"wp:featuredmedia":[{"embeddable":true,"href":"https:\/\/www.france.fi\/fr\/wp-json\/wp\/v2\/media\/6489"}],"wp:attachment":[{"href":"https:\/\/www.france.fi\/fr\/wp-json\/wp\/v2\/media?parent=6488"}],"wp:term":[{"taxonomy":"category","embeddable":true,"href":"https:\/\/www.france.fi\/fr\/wp-json\/wp\/v2\/categories?post=6488"},{"taxonomy":"post_tag","embeddable":true,"href":"https:\/\/www.france.fi\/fr\/wp-json\/wp\/v2\/tags?post=6488"}],"curies":[{"name":"wp","href":"https:\/\/api.w.org\/{rel}","templated":true}]}}