{"id":6534,"date":"2021-09-03T15:33:30","date_gmt":"2021-09-03T12:33:30","guid":{"rendered":"http:\/\/www.france.fi\/culture\/helena-tukiainen-perspectives-from-the-worlds-leading-environmental-event-the-iucn-congress-2021\/"},"modified":"2021-11-26T14:19:04","modified_gmt":"2021-11-26T12:19:04","slug":"helena-tukiainen-perspectives-from-the-worlds-leading-environmental-event-the-iucn-congress-2021","status":"publish","type":"post","link":"https:\/\/www.france.fi\/fr\/sciences-et-universites\/helena-tukiainen-perspectives-from-the-worlds-leading-environmental-event-the-iucn-congress-2021\/","title":{"rendered":"Helena Tukiainen: Perspectives from the world\u00b4s leading environmental event, the IUCN Congress 2021"},"content":{"rendered":"\n<p>Dans le cadre de la Nuit europ\u00e9enne des chercheurs, l\u2019Institut fran\u00e7ais de Finlande est ravi d\u2019accueillir Helena Tukiainen, g\u00e9ographe et une des laur\u00e9ates du Prix FINA (French Institute Nordic Award 2020), pour nous parler comment la diversit\u00e9 de la nature abiotique a \u00e9t\u00e9 consid\u00e9r\u00e9 dans le Congr\u00e8s mondial de la nature de l\u2019UICN organis\u00e9 du 3 au 11 septembre 2021 \u00e0 Marseille. Elle mets en valeur notamment les th\u00e9matiques li\u00e9s aux sites patrimoine mondial et \u00e0 l&rsquo;industrie mini\u00e8re.<\/p>\n<p>Le webinaire aura lieu en anglais.<\/p>\n<p>L\u2019\u00e9v\u00e9nement sera diffus\u00e9 en direct sur notre page <strong><a href=\"https:\/\/www.facebook.com\/institutfrancaisfi\/\" target=\"_blank\" rel=\"noopener\">Facebook<\/a><\/strong>\u00a0puis en replay sur notre\u00a0<strong><a href=\"https:\/\/www.youtube.com\/channel\/UCHAitdpmSbeP78eL49XMotA\" target=\"_blank\" rel=\"noopener\">Cha\u00eene Youtube<\/a><\/strong><\/p>\n<p><img loading=\"lazy\" decoding=\"async\" class=\"size-full wp-image-6529 aligncenter\" src=\"http:\/\/www.france.fi\/wp-content\/uploads\/2021\/09\/FINA-Finlande-1.jpg\" alt=\"\" width=\"184\" height=\"200\" \/><\/p>\n<p><strong>Biography<\/strong><\/p>\n<p><em>I am a geographer from the University of Oulu, Finland. My research focuses on the dynamics of geodiversity and biodiversity, and especially to their mutual relationships. In the current iGeoBio project which I work in as a postdoctoral researcher, we are exploring new empirical evidence for this relationship on different spatial and temporal scales. One of my key motivations to study this topic is to find new advantages for nature conservation, especially for halting the biodiversity loss in changing climate. Geodiversity, or the abiotic diversity of the earth\u00b4s surface (including variation in rock, soil, hydrology, topography and geomorphology) has conservation value itself but also a great potential to be used as a coarse filter strategy for biodiversity conservation. The FINA award offers me an excellent opportunity to attend to the IUCN conference, where I would like to share our findings about geodiversity- biodiversity relationships and discuss how geodiversity information could be utilized and considered in nature conservation.<\/em><\/p>\n<p><div class=\"rve\" data-content-width=\"580\"><iframe loading=\"lazy\" title=\"Helena Tukiainen Perspectives from the world`s leading environmental event, the IUCN Congress 2021\" width=\"580\" height=\"326\" src=\"https:\/\/www.youtube.com\/embed\/3pihc8_fb_I?feature=oembed\" frameborder=\"0\" allow=\"accelerometer; autoplay; clipboard-write; encrypted-media; gyroscope; picture-in-picture; web-share\" referrerpolicy=\"strict-origin-when-cross-origin\" allowfullscreen><\/iframe><\/div><!-- Responsive Video Embeds plugin by www.kevinleary.net --><\/p>\n<p>\u00a0<\/p>\n","protected":false},"excerpt":{"rendered":"<p>La Nuit europ\u00e9enne des chercheurs<\/p>\n","protected":false},"author":2,"featured_media":6527,"comment_status":"closed","ping_status":"closed","sticky":false,"template":"","format":"standard","meta":{"footnotes":""},"categories":[4],"tags":[],"class_list":["post-6534","post","type-post","status-publish","format-standard","has-post-thumbnail","hentry","category-sciences-et-universites"],"yoast_head":"<!-- This site is optimized with the Yoast SEO plugin v27.4 - https:\/\/yoast.com\/product\/yoast-seo-wordpress\/ -->\n<title>Helena Tukiainen: Perspectives from the world\u00b4s leading environmental event, the IUCN Congress 2021 - Institut fran\u00e7ais<\/title>\n<meta name=\"description\" content=\"Helena Tukiainen nous parle comment la diversit\u00e9 de la nature abiotique a \u00e9t\u00e9 consid\u00e9r\u00e9 dans le Congr\u00e8s mondial de la nature de l\u2019UICN 2021.\" \/>\n<meta name=\"robots\" content=\"index, follow, max-snippet:-1, max-image-preview:large, max-video-preview:-1\" \/>\n<link rel=\"canonical\" href=\"https:\/\/www.france.fi\/fr\/sciences-et-universites\/helena-tukiainen-perspectives-from-the-worlds-leading-environmental-event-the-iucn-congress-2021\/\" \/>\n<meta property=\"og:locale\" content=\"fr_FR\" \/>\n<meta property=\"og:type\" content=\"article\" \/>\n<meta property=\"og:title\" content=\"Helena Tukiainen: Perspectives from the world\u00b4s leading environmental event, the IUCN Congress 2021 - Institut fran\u00e7ais\" \/>\n<meta property=\"og:description\" content=\"Helena Tukiainen nous parle comment la diversit\u00e9 de la nature abiotique a \u00e9t\u00e9 consid\u00e9r\u00e9 dans le Congr\u00e8s mondial de la nature de l\u2019UICN 2021.\" \/>\n<meta property=\"og:url\" content=\"https:\/\/www.france.fi\/fr\/sciences-et-universites\/helena-tukiainen-perspectives-from-the-worlds-leading-environmental-event-the-iucn-congress-2021\/\" \/>\n<meta property=\"og:site_name\" content=\"Institut fran\u00e7ais\" \/>\n<meta property=\"article:publisher\" content=\"https:\/\/www.facebook.com\/institutfrancaisfi\" \/>\n<meta property=\"article:published_time\" content=\"2021-09-03T12:33:30+00:00\" \/>\n<meta property=\"article:modified_time\" content=\"2021-11-26T12:19:04+00:00\" \/>\n<meta property=\"og:image\" content=\"https:\/\/www.france.fi\/wp-content\/uploads\/2021\/09\/tutkijoidenyo-1098x617.jpg\" \/>\n\t<meta property=\"og:image:width\" content=\"1280\" \/>\n\t<meta property=\"og:image:height\" content=\"720\" \/>\n\t<meta property=\"og:image:type\" content=\"image\/jpeg\" \/>\n<meta name=\"author\" content=\"Equipe IFF\" \/>\n<meta name=\"twitter:card\" content=\"summary_large_image\" \/>\n<meta name=\"twitter:creator\" content=\"@IFFinlande\" \/>\n<meta name=\"twitter:site\" content=\"@IFFinlande\" \/>\n<meta name=\"twitter:label1\" content=\"\u00c9crit par\" \/>\n\t<meta name=\"twitter:data1\" content=\"Equipe IFF\" \/>\n\t<meta name=\"twitter:label2\" content=\"Dur\u00e9e de lecture estim\u00e9e\" \/>\n\t<meta name=\"twitter:data2\" content=\"2 minutes\" \/>\n<script type=\"application\/ld+json\" class=\"yoast-schema-graph\">{\"@context\":\"https:\\\/\\\/schema.org\",\"@graph\":[{\"@type\":\"Article\",\"@id\":\"https:\\\/\\\/www.france.fi\\\/fr\\\/sciences-et-universites\\\/helena-tukiainen-perspectives-from-the-worlds-leading-environmental-event-the-iucn-congress-2021\\\/#article\",\"isPartOf\":{\"@id\":\"https:\\\/\\\/www.france.fi\\\/fr\\\/sciences-et-universites\\\/helena-tukiainen-perspectives-from-the-worlds-leading-environmental-event-the-iucn-congress-2021\\\/\"},\"author\":{\"name\":\"Equipe IFF\",\"@id\":\"https:\\\/\\\/www.france.fi\\\/#\\\/schema\\\/person\\\/ed873f29db1d0af6a3600d15d3b65bfd\"},\"headline\":\"Helena Tukiainen: Perspectives from the world\u00b4s leading environmental event, the IUCN Congress 2021\",\"datePublished\":\"2021-09-03T12:33:30+00:00\",\"dateModified\":\"2021-11-26T12:19:04+00:00\",\"mainEntityOfPage\":{\"@id\":\"https:\\\/\\\/www.france.fi\\\/fr\\\/sciences-et-universites\\\/helena-tukiainen-perspectives-from-the-worlds-leading-environmental-event-the-iucn-congress-2021\\\/\"},\"wordCount\":288,\"publisher\":{\"@id\":\"https:\\\/\\\/www.france.fi\\\/#organization\"},\"image\":{\"@id\":\"https:\\\/\\\/www.france.fi\\\/fr\\\/sciences-et-universites\\\/helena-tukiainen-perspectives-from-the-worlds-leading-environmental-event-the-iucn-congress-2021\\\/#primaryimage\"},\"thumbnailUrl\":\"https:\\\/\\\/www.france.fi\\\/wp-content\\\/uploads\\\/2021\\\/09\\\/tutkijoidenyo-1098x617.jpg\",\"articleSection\":[\"Sciences et universit\u00e9s\"],\"inLanguage\":\"fr-FR\"},{\"@type\":\"WebPage\",\"@id\":\"https:\\\/\\\/www.france.fi\\\/fr\\\/sciences-et-universites\\\/helena-tukiainen-perspectives-from-the-worlds-leading-environmental-event-the-iucn-congress-2021\\\/\",\"url\":\"https:\\\/\\\/www.france.fi\\\/fr\\\/sciences-et-universites\\\/helena-tukiainen-perspectives-from-the-worlds-leading-environmental-event-the-iucn-congress-2021\\\/\",\"name\":\"Helena Tukiainen: Perspectives from the world\u00b4s leading environmental event, the IUCN Congress 2021 - Institut fran\u00e7ais\",\"isPartOf\":{\"@id\":\"https:\\\/\\\/www.france.fi\\\/#website\"},\"primaryImageOfPage\":{\"@id\":\"https:\\\/\\\/www.france.fi\\\/fr\\\/sciences-et-universites\\\/helena-tukiainen-perspectives-from-the-worlds-leading-environmental-event-the-iucn-congress-2021\\\/#primaryimage\"},\"image\":{\"@id\":\"https:\\\/\\\/www.france.fi\\\/fr\\\/sciences-et-universites\\\/helena-tukiainen-perspectives-from-the-worlds-leading-environmental-event-the-iucn-congress-2021\\\/#primaryimage\"},\"thumbnailUrl\":\"https:\\\/\\\/www.france.fi\\\/wp-content\\\/uploads\\\/2021\\\/09\\\/tutkijoidenyo-1098x617.jpg\",\"datePublished\":\"2021-09-03T12:33:30+00:00\",\"dateModified\":\"2021-11-26T12:19:04+00:00\",\"description\":\"Helena Tukiainen nous parle comment la diversit\u00e9 de la nature abiotique a \u00e9t\u00e9 consid\u00e9r\u00e9 dans le Congr\u00e8s mondial de la nature de l\u2019UICN 2021.\",\"breadcrumb\":{\"@id\":\"https:\\\/\\\/www.france.fi\\\/fr\\\/sciences-et-universites\\\/helena-tukiainen-perspectives-from-the-worlds-leading-environmental-event-the-iucn-congress-2021\\\/#breadcrumb\"},\"inLanguage\":\"fr-FR\",\"potentialAction\":[{\"@type\":\"ReadAction\",\"target\":[\"https:\\\/\\\/www.france.fi\\\/fr\\\/sciences-et-universites\\\/helena-tukiainen-perspectives-from-the-worlds-leading-environmental-event-the-iucn-congress-2021\\\/\"]}]},{\"@type\":\"ImageObject\",\"inLanguage\":\"fr-FR\",\"@id\":\"https:\\\/\\\/www.france.fi\\\/fr\\\/sciences-et-universites\\\/helena-tukiainen-perspectives-from-the-worlds-leading-environmental-event-the-iucn-congress-2021\\\/#primaryimage\",\"url\":\"https:\\\/\\\/www.france.fi\\\/wp-content\\\/uploads\\\/2021\\\/09\\\/tutkijoidenyo-1098x617.jpg\",\"contentUrl\":\"https:\\\/\\\/www.france.fi\\\/wp-content\\\/uploads\\\/2021\\\/09\\\/tutkijoidenyo-1098x617.jpg\",\"width\":1280,\"height\":720},{\"@type\":\"BreadcrumbList\",\"@id\":\"https:\\\/\\\/www.france.fi\\\/fr\\\/sciences-et-universites\\\/helena-tukiainen-perspectives-from-the-worlds-leading-environmental-event-the-iucn-congress-2021\\\/#breadcrumb\",\"itemListElement\":[{\"@type\":\"ListItem\",\"position\":1,\"name\":\"Home\",\"item\":\"https:\\\/\\\/www.france.fi\\\/fr\\\/\"},{\"@type\":\"ListItem\",\"position\":2,\"name\":\"Science and universities\",\"item\":\"https:\\\/\\\/www.france.fi\\\/en\\\/category\\\/science-and-universities\\\/\"},{\"@type\":\"ListItem\",\"position\":3,\"name\":\"Helena Tukiainen: Perspectives from the world\u00b4s leading environmental event, the IUCN Congress 2021\"}]},{\"@type\":\"WebSite\",\"@id\":\"https:\\\/\\\/www.france.fi\\\/#website\",\"url\":\"https:\\\/\\\/www.france.fi\\\/\",\"name\":\"Institut fran\u00e7ais de Finlande\",\"description\":\"\",\"publisher\":{\"@id\":\"https:\\\/\\\/www.france.fi\\\/#organization\"},\"potentialAction\":[{\"@type\":\"SearchAction\",\"target\":{\"@type\":\"EntryPoint\",\"urlTemplate\":\"https:\\\/\\\/www.france.fi\\\/?s={search_term_string}\"},\"query-input\":{\"@type\":\"PropertyValueSpecification\",\"valueRequired\":true,\"valueName\":\"search_term_string\"}}],\"inLanguage\":\"fr-FR\"},{\"@type\":\"Organization\",\"@id\":\"https:\\\/\\\/www.france.fi\\\/#organization\",\"name\":\"Institut fran\u00e7ais de Finlande\",\"url\":\"https:\\\/\\\/www.france.fi\\\/\",\"logo\":{\"@type\":\"ImageObject\",\"inLanguage\":\"fr-FR\",\"@id\":\"https:\\\/\\\/www.france.fi\\\/#\\\/schema\\\/logo\\\/image\\\/\",\"url\":\"https:\\\/\\\/www.france.fi\\\/wp-content\\\/uploads\\\/2024\\\/02\\\/if-logo-1.png\",\"contentUrl\":\"https:\\\/\\\/www.france.fi\\\/wp-content\\\/uploads\\\/2024\\\/02\\\/if-logo-1.png\",\"width\":687,\"height\":459,\"caption\":\"Institut fran\u00e7ais de Finlande\"},\"image\":{\"@id\":\"https:\\\/\\\/www.france.fi\\\/#\\\/schema\\\/logo\\\/image\\\/\"},\"sameAs\":[\"https:\\\/\\\/www.facebook.com\\\/institutfrancaisfi\",\"https:\\\/\\\/x.com\\\/IFFinlande\",\"https:\\\/\\\/www.instagram.com\\\/iffinlande\\\/\",\"https:\\\/\\\/fr.linkedin.com\\\/organization-guest\\\/company\\\/institut-fran-ais-de-finlande\",\"https:\\\/\\\/www.youtube.com\\\/channel\\\/UCHAitdpmSbeP78eL49XMotA\"]},{\"@type\":\"Person\",\"@id\":\"https:\\\/\\\/www.france.fi\\\/#\\\/schema\\\/person\\\/ed873f29db1d0af6a3600d15d3b65bfd\",\"name\":\"Equipe IFF\",\"image\":{\"@type\":\"ImageObject\",\"inLanguage\":\"fr-FR\",\"@id\":\"https:\\\/\\\/secure.gravatar.com\\\/avatar\\\/3c4ba80228d01014b25e45e90abb28ce315a02c6572751a7fb2298e4274989fc?s=96&d=mm&r=g\",\"url\":\"https:\\\/\\\/secure.gravatar.com\\\/avatar\\\/3c4ba80228d01014b25e45e90abb28ce315a02c6572751a7fb2298e4274989fc?s=96&d=mm&r=g\",\"contentUrl\":\"https:\\\/\\\/secure.gravatar.com\\\/avatar\\\/3c4ba80228d01014b25e45e90abb28ce315a02c6572751a7fb2298e4274989fc?s=96&d=mm&r=g\",\"caption\":\"Equipe IFF\"},\"url\":\"https:\\\/\\\/www.france.fi\\\/fr\\\/author\\\/iffadmin\\\/\"}]}<\/script>\n<!-- \/ Yoast SEO plugin. -->","yoast_head_json":{"title":"Helena Tukiainen: Perspectives from the world\u00b4s leading environmental event, the IUCN Congress 2021 - Institut fran\u00e7ais","description":"Helena Tukiainen nous parle comment la diversit\u00e9 de la nature abiotique a \u00e9t\u00e9 consid\u00e9r\u00e9 dans le Congr\u00e8s mondial de la nature de l\u2019UICN 2021.","robots":{"index":"index","follow":"follow","max-snippet":"max-snippet:-1","max-image-preview":"max-image-preview:large","max-video-preview":"max-video-preview:-1"},"canonical":"https:\/\/www.france.fi\/fr\/sciences-et-universites\/helena-tukiainen-perspectives-from-the-worlds-leading-environmental-event-the-iucn-congress-2021\/","og_locale":"fr_FR","og_type":"article","og_title":"Helena Tukiainen: Perspectives from the world\u00b4s leading environmental event, the IUCN Congress 2021 - Institut fran\u00e7ais","og_description":"Helena Tukiainen nous parle comment la diversit\u00e9 de la nature abiotique a \u00e9t\u00e9 consid\u00e9r\u00e9 dans le Congr\u00e8s mondial de la nature de l\u2019UICN 2021.","og_url":"https:\/\/www.france.fi\/fr\/sciences-et-universites\/helena-tukiainen-perspectives-from-the-worlds-leading-environmental-event-the-iucn-congress-2021\/","og_site_name":"Institut fran\u00e7ais","article_publisher":"https:\/\/www.facebook.com\/institutfrancaisfi","article_published_time":"2021-09-03T12:33:30+00:00","article_modified_time":"2021-11-26T12:19:04+00:00","og_image":[{"width":1280,"height":720,"url":"https:\/\/www.france.fi\/wp-content\/uploads\/2021\/09\/tutkijoidenyo-1098x617.jpg","type":"image\/jpeg"}],"author":"Equipe IFF","twitter_card":"summary_large_image","twitter_creator":"@IFFinlande","twitter_site":"@IFFinlande","twitter_misc":{"\u00c9crit par":"Equipe IFF","Dur\u00e9e de lecture estim\u00e9e":"2 minutes"},"schema":{"@context":"https:\/\/schema.org","@graph":[{"@type":"Article","@id":"https:\/\/www.france.fi\/fr\/sciences-et-universites\/helena-tukiainen-perspectives-from-the-worlds-leading-environmental-event-the-iucn-congress-2021\/#article","isPartOf":{"@id":"https:\/\/www.france.fi\/fr\/sciences-et-universites\/helena-tukiainen-perspectives-from-the-worlds-leading-environmental-event-the-iucn-congress-2021\/"},"author":{"name":"Equipe IFF","@id":"https:\/\/www.france.fi\/#\/schema\/person\/ed873f29db1d0af6a3600d15d3b65bfd"},"headline":"Helena Tukiainen: Perspectives from the world\u00b4s leading environmental event, the IUCN Congress 2021","datePublished":"2021-09-03T12:33:30+00:00","dateModified":"2021-11-26T12:19:04+00:00","mainEntityOfPage":{"@id":"https:\/\/www.france.fi\/fr\/sciences-et-universites\/helena-tukiainen-perspectives-from-the-worlds-leading-environmental-event-the-iucn-congress-2021\/"},"wordCount":288,"publisher":{"@id":"https:\/\/www.france.fi\/#organization"},"image":{"@id":"https:\/\/www.france.fi\/fr\/sciences-et-universites\/helena-tukiainen-perspectives-from-the-worlds-leading-environmental-event-the-iucn-congress-2021\/#primaryimage"},"thumbnailUrl":"https:\/\/www.france.fi\/wp-content\/uploads\/2021\/09\/tutkijoidenyo-1098x617.jpg","articleSection":["Sciences et universit\u00e9s"],"inLanguage":"fr-FR"},{"@type":"WebPage","@id":"https:\/\/www.france.fi\/fr\/sciences-et-universites\/helena-tukiainen-perspectives-from-the-worlds-leading-environmental-event-the-iucn-congress-2021\/","url":"https:\/\/www.france.fi\/fr\/sciences-et-universites\/helena-tukiainen-perspectives-from-the-worlds-leading-environmental-event-the-iucn-congress-2021\/","name":"Helena Tukiainen: Perspectives from the world\u00b4s leading environmental event, the IUCN Congress 2021 - Institut fran\u00e7ais","isPartOf":{"@id":"https:\/\/www.france.fi\/#website"},"primaryImageOfPage":{"@id":"https:\/\/www.france.fi\/fr\/sciences-et-universites\/helena-tukiainen-perspectives-from-the-worlds-leading-environmental-event-the-iucn-congress-2021\/#primaryimage"},"image":{"@id":"https:\/\/www.france.fi\/fr\/sciences-et-universites\/helena-tukiainen-perspectives-from-the-worlds-leading-environmental-event-the-iucn-congress-2021\/#primaryimage"},"thumbnailUrl":"https:\/\/www.france.fi\/wp-content\/uploads\/2021\/09\/tutkijoidenyo-1098x617.jpg","datePublished":"2021-09-03T12:33:30+00:00","dateModified":"2021-11-26T12:19:04+00:00","description":"Helena Tukiainen nous parle comment la diversit\u00e9 de la nature abiotique a \u00e9t\u00e9 consid\u00e9r\u00e9 dans le Congr\u00e8s mondial de la nature de l\u2019UICN 2021.","breadcrumb":{"@id":"https:\/\/www.france.fi\/fr\/sciences-et-universites\/helena-tukiainen-perspectives-from-the-worlds-leading-environmental-event-the-iucn-congress-2021\/#breadcrumb"},"inLanguage":"fr-FR","potentialAction":[{"@type":"ReadAction","target":["https:\/\/www.france.fi\/fr\/sciences-et-universites\/helena-tukiainen-perspectives-from-the-worlds-leading-environmental-event-the-iucn-congress-2021\/"]}]},{"@type":"ImageObject","inLanguage":"fr-FR","@id":"https:\/\/www.france.fi\/fr\/sciences-et-universites\/helena-tukiainen-perspectives-from-the-worlds-leading-environmental-event-the-iucn-congress-2021\/#primaryimage","url":"https:\/\/www.france.fi\/wp-content\/uploads\/2021\/09\/tutkijoidenyo-1098x617.jpg","contentUrl":"https:\/\/www.france.fi\/wp-content\/uploads\/2021\/09\/tutkijoidenyo-1098x617.jpg","width":1280,"height":720},{"@type":"BreadcrumbList","@id":"https:\/\/www.france.fi\/fr\/sciences-et-universites\/helena-tukiainen-perspectives-from-the-worlds-leading-environmental-event-the-iucn-congress-2021\/#breadcrumb","itemListElement":[{"@type":"ListItem","position":1,"name":"Home","item":"https:\/\/www.france.fi\/fr\/"},{"@type":"ListItem","position":2,"name":"Science and universities","item":"https:\/\/www.france.fi\/en\/category\/science-and-universities\/"},{"@type":"ListItem","position":3,"name":"Helena Tukiainen: Perspectives from the world\u00b4s leading environmental event, the IUCN Congress 2021"}]},{"@type":"WebSite","@id":"https:\/\/www.france.fi\/#website","url":"https:\/\/www.france.fi\/","name":"Institut fran\u00e7ais de Finlande","description":"","publisher":{"@id":"https:\/\/www.france.fi\/#organization"},"potentialAction":[{"@type":"SearchAction","target":{"@type":"EntryPoint","urlTemplate":"https:\/\/www.france.fi\/?s={search_term_string}"},"query-input":{"@type":"PropertyValueSpecification","valueRequired":true,"valueName":"search_term_string"}}],"inLanguage":"fr-FR"},{"@type":"Organization","@id":"https:\/\/www.france.fi\/#organization","name":"Institut fran\u00e7ais de Finlande","url":"https:\/\/www.france.fi\/","logo":{"@type":"ImageObject","inLanguage":"fr-FR","@id":"https:\/\/www.france.fi\/#\/schema\/logo\/image\/","url":"https:\/\/www.france.fi\/wp-content\/uploads\/2024\/02\/if-logo-1.png","contentUrl":"https:\/\/www.france.fi\/wp-content\/uploads\/2024\/02\/if-logo-1.png","width":687,"height":459,"caption":"Institut fran\u00e7ais de Finlande"},"image":{"@id":"https:\/\/www.france.fi\/#\/schema\/logo\/image\/"},"sameAs":["https:\/\/www.facebook.com\/institutfrancaisfi","https:\/\/x.com\/IFFinlande","https:\/\/www.instagram.com\/iffinlande\/","https:\/\/fr.linkedin.com\/organization-guest\/company\/institut-fran-ais-de-finlande","https:\/\/www.youtube.com\/channel\/UCHAitdpmSbeP78eL49XMotA"]},{"@type":"Person","@id":"https:\/\/www.france.fi\/#\/schema\/person\/ed873f29db1d0af6a3600d15d3b65bfd","name":"Equipe IFF","image":{"@type":"ImageObject","inLanguage":"fr-FR","@id":"https:\/\/secure.gravatar.com\/avatar\/3c4ba80228d01014b25e45e90abb28ce315a02c6572751a7fb2298e4274989fc?s=96&d=mm&r=g","url":"https:\/\/secure.gravatar.com\/avatar\/3c4ba80228d01014b25e45e90abb28ce315a02c6572751a7fb2298e4274989fc?s=96&d=mm&r=g","contentUrl":"https:\/\/secure.gravatar.com\/avatar\/3c4ba80228d01014b25e45e90abb28ce315a02c6572751a7fb2298e4274989fc?s=96&d=mm&r=g","caption":"Equipe IFF"},"url":"https:\/\/www.france.fi\/fr\/author\/iffadmin\/"}]}},"_links":{"self":[{"href":"https:\/\/www.france.fi\/fr\/wp-json\/wp\/v2\/posts\/6534","targetHints":{"allow":["GET"]}}],"collection":[{"href":"https:\/\/www.france.fi\/fr\/wp-json\/wp\/v2\/posts"}],"about":[{"href":"https:\/\/www.france.fi\/fr\/wp-json\/wp\/v2\/types\/post"}],"author":[{"embeddable":true,"href":"https:\/\/www.france.fi\/fr\/wp-json\/wp\/v2\/users\/2"}],"replies":[{"embeddable":true,"href":"https:\/\/www.france.fi\/fr\/wp-json\/wp\/v2\/comments?post=6534"}],"version-history":[{"count":0,"href":"https:\/\/www.france.fi\/fr\/wp-json\/wp\/v2\/posts\/6534\/revisions"}],"wp:featuredmedia":[{"embeddable":true,"href":"https:\/\/www.france.fi\/fr\/wp-json\/wp\/v2\/media\/6527"}],"wp:attachment":[{"href":"https:\/\/www.france.fi\/fr\/wp-json\/wp\/v2\/media?parent=6534"}],"wp:term":[{"taxonomy":"category","embeddable":true,"href":"https:\/\/www.france.fi\/fr\/wp-json\/wp\/v2\/categories?post=6534"},{"taxonomy":"post_tag","embeddable":true,"href":"https:\/\/www.france.fi\/fr\/wp-json\/wp\/v2\/tags?post=6534"}],"curies":[{"name":"wp","href":"https:\/\/api.w.org\/{rel}","templated":true}]}}