{"id":7865,"date":"2022-01-18T15:14:58","date_gmt":"2022-01-18T13:14:58","guid":{"rendered":"http:\/\/www.france.fi\/?p=7865"},"modified":"2022-03-17T15:30:03","modified_gmt":"2022-03-17T13:30:03","slug":"lycee-deurope-des-lyceens-europeens-reunis-a-strasbourg-pour-une-semaine-de-discussions","status":"publish","type":"post","link":"https:\/\/www.france.fi\/fr\/langue-francaise\/lycee-deurope-des-lyceens-europeens-reunis-a-strasbourg-pour-une-semaine-de-discussions\/","title":{"rendered":"Lyc\u00e9e d\u2019Europe : Des lyc\u00e9ens europ\u00e9ens r\u00e9unis \u00e0 Strasbourg pour une semaine de discussions"},"content":{"rendered":"\n<p>\u00ab\u00a0Lyc\u00e9e d\u2019Europe\u00a0\u00bb rassemble des jeunes des 27 pays de l\u2019Union europ\u00e9enne, 30 fran\u00e7ais, 52 lyc\u00e9ens des autres 26 pays. Les jeunes viennent principalement des sections bilingues francophones des syst\u00e8mes \u00e9ducatifs publics.<\/p>\n<p>Ces lyc\u00e9ens seront r\u00e9unis pendant une semaine pour \u00e9voquer ensemble 4 th\u00e9matiques\u00a0:<\/p>\n<ul>\n<li><em>Un espace historique, des lieux de m\u00e9moire<\/em><\/li>\n<li><em>Des mobilit\u00e9s et des r\u00e9seaux\u202fpour renforcer le lien entre les citoyens europ\u00e9ens<\/em><\/li>\n<li><em>Les enjeux frontaliers de l\u2019Europe<\/em><\/li>\n<li><em>Pr\u00e9server l\u2019environnement en Europe<\/em><\/li>\n<\/ul>\n<p>Ils auront aussi l\u2019occasion de rencontrer des parlementaires, des hauts fonctionnaires, des journalistes, des personnes engag\u00e9es dans la vie associative pour d\u00e9battre, analyser et construire leur propre opinion tout en apprenant \u00e0 faire consensus.<\/p>\n<p>Les enseignants qui les accompagnent pourront se former pour mieux articuler connaissances, aptitudes, esprit critique et attitude dans les pratiques p\u00e9dagogiques, pour utiliser le th\u00e9\u00e2tre au service de l\u2019\u00e9ducation \u00e0 la d\u00e9mocratie et pour d\u00e9velopper des liens avec des coll\u00e8gues pour faire na\u00eetre de nouveaux projets de mobilit\u00e9s.<\/p>\n<p><strong>D\u00e9couvrez les portraits des deux jeunes lyc\u00e9ens qui repr\u00e9senteront la Finlande dans le cadre de ce projet\u00a0! <\/strong><\/p>\n<p><div class=\"rve\" data-content-width=\"580\"><iframe loading=\"lazy\" title=\"Lyc\u00e9e d&#039;Europe\" width=\"580\" height=\"435\" src=\"https:\/\/www.youtube.com\/embed\/CE__-xzQvKc?feature=oembed\" frameborder=\"0\" allow=\"accelerometer; autoplay; clipboard-write; encrypted-media; gyroscope; picture-in-picture; web-share\" referrerpolicy=\"strict-origin-when-cross-origin\" allowfullscreen><\/iframe><\/div><!-- Responsive Video Embeds plugin by www.kevinleary.net --><\/p>\n<p>Suivez Axel et Cl\u00e9o dans leurs aventures europ\u00e9ennes en France dans quelques semaines\u00a0!<\/p>\n<p>D\u00e9couvrez le portrait de l&rsquo;enseignante qui repr\u00e9sentera la Finlande dans le cadre de ce projet !<\/p>\n<p><div class=\"rve\" data-content-width=\"580\"><iframe loading=\"lazy\" title=\"Lyc\u00e9e d&#039;Europe : Emilie Lejeune\" width=\"580\" height=\"435\" src=\"https:\/\/www.youtube.com\/embed\/qI_VLqg1pyI?feature=oembed\" frameborder=\"0\" allow=\"accelerometer; autoplay; clipboard-write; encrypted-media; gyroscope; picture-in-picture; web-share\" referrerpolicy=\"strict-origin-when-cross-origin\" allowfullscreen><\/iframe><\/div><!-- Responsive Video Embeds plugin by www.kevinleary.net --><\/p>\n<p>\u00a0<\/p>\n<p>\u00a0<\/p>\n\n\n\n<p><\/p>\n","protected":false},"excerpt":{"rendered":"<p>Deux \u00e9l\u00e8ves finlandais du lyc\u00e9e franco-finlandais, accompagn\u00e9s d\u2019un enseignant, partiront \u00e0 Strasbourg en f\u00e9vrier 2022 pour d\u00e9couvrir les institutions europ\u00e9ennes, dans le cadre du projet \u00ab Lyc\u00e9e d\u2019Europe \u00bb. <\/p>\n","protected":false},"author":2,"featured_media":7866,"comment_status":"closed","ping_status":"open","sticky":false,"template":"","format":"standard","meta":{"footnotes":""},"categories":[45],"tags":[],"class_list":["post-7865","post","type-post","status-publish","format-standard","has-post-thumbnail","hentry","category-langue-francaise"],"yoast_head":"<!-- This site is optimized with the Yoast SEO plugin v27.4 - https:\/\/yoast.com\/product\/yoast-seo-wordpress\/ -->\n<title>Lyc\u00e9e d\u2019Europe : Des lyc\u00e9ens europ\u00e9ens r\u00e9unis \u00e0 Strasbourg pour une semaine de discussions - Institut fran\u00e7ais<\/title>\n<meta name=\"robots\" content=\"index, follow, max-snippet:-1, max-image-preview:large, max-video-preview:-1\" \/>\n<link rel=\"canonical\" href=\"https:\/\/www.france.fi\/fr\/langue-francaise\/lycee-deurope-des-lyceens-europeens-reunis-a-strasbourg-pour-une-semaine-de-discussions\/\" \/>\n<meta property=\"og:locale\" content=\"fr_FR\" \/>\n<meta property=\"og:type\" content=\"article\" \/>\n<meta property=\"og:title\" content=\"Lyc\u00e9e d\u2019Europe : Des lyc\u00e9ens europ\u00e9ens r\u00e9unis \u00e0 Strasbourg pour une semaine de discussions - Institut fran\u00e7ais\" \/>\n<meta property=\"og:description\" content=\"Deux \u00e9l\u00e8ves finlandais du lyc\u00e9e franco-finlandais, accompagn\u00e9s d\u2019un enseignant, partiront \u00e0 Strasbourg en f\u00e9vrier 2022 pour d\u00e9couvrir les institutions europ\u00e9ennes, dans le cadre du projet \u00ab Lyc\u00e9e d\u2019Europe \u00bb.\" \/>\n<meta property=\"og:url\" content=\"https:\/\/www.france.fi\/fr\/langue-francaise\/lycee-deurope-des-lyceens-europeens-reunis-a-strasbourg-pour-une-semaine-de-discussions\/\" \/>\n<meta property=\"og:site_name\" content=\"Institut fran\u00e7ais\" \/>\n<meta property=\"article:publisher\" content=\"https:\/\/www.facebook.com\/institutfrancaisfi\" \/>\n<meta property=\"article:published_time\" content=\"2022-01-18T13:14:58+00:00\" \/>\n<meta property=\"article:modified_time\" content=\"2022-03-17T13:30:03+00:00\" \/>\n<meta property=\"og:image\" content=\"https:\/\/www.france.fi\/wp-content\/uploads\/2022\/01\/Lycee-dEurope-1098x617.jpg\" \/>\n\t<meta property=\"og:image:width\" content=\"1280\" \/>\n\t<meta property=\"og:image:height\" content=\"720\" \/>\n\t<meta property=\"og:image:type\" content=\"image\/jpeg\" \/>\n<meta name=\"author\" content=\"Equipe IFF\" \/>\n<meta name=\"twitter:card\" content=\"summary_large_image\" \/>\n<meta name=\"twitter:creator\" content=\"@IFFinlande\" \/>\n<meta name=\"twitter:site\" content=\"@IFFinlande\" \/>\n<meta name=\"twitter:label1\" content=\"\u00c9crit par\" \/>\n\t<meta name=\"twitter:data1\" content=\"Equipe IFF\" \/>\n\t<meta name=\"twitter:label2\" content=\"Dur\u00e9e de lecture estim\u00e9e\" \/>\n\t<meta name=\"twitter:data2\" content=\"2 minutes\" \/>\n<script type=\"application\/ld+json\" class=\"yoast-schema-graph\">{\"@context\":\"https:\\\/\\\/schema.org\",\"@graph\":[{\"@type\":\"Article\",\"@id\":\"https:\\\/\\\/www.france.fi\\\/fr\\\/langue-francaise\\\/lycee-deurope-des-lyceens-europeens-reunis-a-strasbourg-pour-une-semaine-de-discussions\\\/#article\",\"isPartOf\":{\"@id\":\"https:\\\/\\\/www.france.fi\\\/fr\\\/langue-francaise\\\/lycee-deurope-des-lyceens-europeens-reunis-a-strasbourg-pour-une-semaine-de-discussions\\\/\"},\"author\":{\"name\":\"Equipe IFF\",\"@id\":\"https:\\\/\\\/www.france.fi\\\/#\\\/schema\\\/person\\\/ed873f29db1d0af6a3600d15d3b65bfd\"},\"headline\":\"Lyc\u00e9e d\u2019Europe : Des lyc\u00e9ens europ\u00e9ens r\u00e9unis \u00e0 Strasbourg pour une semaine de discussions\",\"datePublished\":\"2022-01-18T13:14:58+00:00\",\"dateModified\":\"2022-03-17T13:30:03+00:00\",\"mainEntityOfPage\":{\"@id\":\"https:\\\/\\\/www.france.fi\\\/fr\\\/langue-francaise\\\/lycee-deurope-des-lyceens-europeens-reunis-a-strasbourg-pour-une-semaine-de-discussions\\\/\"},\"wordCount\":256,\"publisher\":{\"@id\":\"https:\\\/\\\/www.france.fi\\\/#organization\"},\"image\":{\"@id\":\"https:\\\/\\\/www.france.fi\\\/fr\\\/langue-francaise\\\/lycee-deurope-des-lyceens-europeens-reunis-a-strasbourg-pour-une-semaine-de-discussions\\\/#primaryimage\"},\"thumbnailUrl\":\"https:\\\/\\\/www.france.fi\\\/wp-content\\\/uploads\\\/2022\\\/01\\\/Lycee-dEurope-1098x617.jpg\",\"articleSection\":[\"Langue fran\u00e7aise\"],\"inLanguage\":\"fr-FR\"},{\"@type\":\"WebPage\",\"@id\":\"https:\\\/\\\/www.france.fi\\\/fr\\\/langue-francaise\\\/lycee-deurope-des-lyceens-europeens-reunis-a-strasbourg-pour-une-semaine-de-discussions\\\/\",\"url\":\"https:\\\/\\\/www.france.fi\\\/fr\\\/langue-francaise\\\/lycee-deurope-des-lyceens-europeens-reunis-a-strasbourg-pour-une-semaine-de-discussions\\\/\",\"name\":\"Lyc\u00e9e d\u2019Europe : Des lyc\u00e9ens europ\u00e9ens r\u00e9unis \u00e0 Strasbourg pour une semaine de discussions - Institut fran\u00e7ais\",\"isPartOf\":{\"@id\":\"https:\\\/\\\/www.france.fi\\\/#website\"},\"primaryImageOfPage\":{\"@id\":\"https:\\\/\\\/www.france.fi\\\/fr\\\/langue-francaise\\\/lycee-deurope-des-lyceens-europeens-reunis-a-strasbourg-pour-une-semaine-de-discussions\\\/#primaryimage\"},\"image\":{\"@id\":\"https:\\\/\\\/www.france.fi\\\/fr\\\/langue-francaise\\\/lycee-deurope-des-lyceens-europeens-reunis-a-strasbourg-pour-une-semaine-de-discussions\\\/#primaryimage\"},\"thumbnailUrl\":\"https:\\\/\\\/www.france.fi\\\/wp-content\\\/uploads\\\/2022\\\/01\\\/Lycee-dEurope-1098x617.jpg\",\"datePublished\":\"2022-01-18T13:14:58+00:00\",\"dateModified\":\"2022-03-17T13:30:03+00:00\",\"breadcrumb\":{\"@id\":\"https:\\\/\\\/www.france.fi\\\/fr\\\/langue-francaise\\\/lycee-deurope-des-lyceens-europeens-reunis-a-strasbourg-pour-une-semaine-de-discussions\\\/#breadcrumb\"},\"inLanguage\":\"fr-FR\",\"potentialAction\":[{\"@type\":\"ReadAction\",\"target\":[\"https:\\\/\\\/www.france.fi\\\/fr\\\/langue-francaise\\\/lycee-deurope-des-lyceens-europeens-reunis-a-strasbourg-pour-une-semaine-de-discussions\\\/\"]}]},{\"@type\":\"ImageObject\",\"inLanguage\":\"fr-FR\",\"@id\":\"https:\\\/\\\/www.france.fi\\\/fr\\\/langue-francaise\\\/lycee-deurope-des-lyceens-europeens-reunis-a-strasbourg-pour-une-semaine-de-discussions\\\/#primaryimage\",\"url\":\"https:\\\/\\\/www.france.fi\\\/wp-content\\\/uploads\\\/2022\\\/01\\\/Lycee-dEurope-1098x617.jpg\",\"contentUrl\":\"https:\\\/\\\/www.france.fi\\\/wp-content\\\/uploads\\\/2022\\\/01\\\/Lycee-dEurope-1098x617.jpg\",\"width\":1280,\"height\":720},{\"@type\":\"BreadcrumbList\",\"@id\":\"https:\\\/\\\/www.france.fi\\\/fr\\\/langue-francaise\\\/lycee-deurope-des-lyceens-europeens-reunis-a-strasbourg-pour-une-semaine-de-discussions\\\/#breadcrumb\",\"itemListElement\":[{\"@type\":\"ListItem\",\"position\":1,\"name\":\"Home\",\"item\":\"https:\\\/\\\/www.france.fi\\\/fr\\\/\"},{\"@type\":\"ListItem\",\"position\":2,\"name\":\"Langue fran\u00e7aise\",\"item\":\"https:\\\/\\\/www.france.fi\\\/fr\\\/category\\\/langue-francaise\\\/\"},{\"@type\":\"ListItem\",\"position\":3,\"name\":\"Lyc\u00e9e d\u2019Europe : Des lyc\u00e9ens europ\u00e9ens r\u00e9unis \u00e0 Strasbourg pour une semaine de discussions\"}]},{\"@type\":\"WebSite\",\"@id\":\"https:\\\/\\\/www.france.fi\\\/#website\",\"url\":\"https:\\\/\\\/www.france.fi\\\/\",\"name\":\"Institut fran\u00e7ais de Finlande\",\"description\":\"\",\"publisher\":{\"@id\":\"https:\\\/\\\/www.france.fi\\\/#organization\"},\"potentialAction\":[{\"@type\":\"SearchAction\",\"target\":{\"@type\":\"EntryPoint\",\"urlTemplate\":\"https:\\\/\\\/www.france.fi\\\/?s={search_term_string}\"},\"query-input\":{\"@type\":\"PropertyValueSpecification\",\"valueRequired\":true,\"valueName\":\"search_term_string\"}}],\"inLanguage\":\"fr-FR\"},{\"@type\":\"Organization\",\"@id\":\"https:\\\/\\\/www.france.fi\\\/#organization\",\"name\":\"Institut fran\u00e7ais de Finlande\",\"url\":\"https:\\\/\\\/www.france.fi\\\/\",\"logo\":{\"@type\":\"ImageObject\",\"inLanguage\":\"fr-FR\",\"@id\":\"https:\\\/\\\/www.france.fi\\\/#\\\/schema\\\/logo\\\/image\\\/\",\"url\":\"https:\\\/\\\/www.france.fi\\\/wp-content\\\/uploads\\\/2024\\\/02\\\/if-logo-1.png\",\"contentUrl\":\"https:\\\/\\\/www.france.fi\\\/wp-content\\\/uploads\\\/2024\\\/02\\\/if-logo-1.png\",\"width\":687,\"height\":459,\"caption\":\"Institut fran\u00e7ais de Finlande\"},\"image\":{\"@id\":\"https:\\\/\\\/www.france.fi\\\/#\\\/schema\\\/logo\\\/image\\\/\"},\"sameAs\":[\"https:\\\/\\\/www.facebook.com\\\/institutfrancaisfi\",\"https:\\\/\\\/x.com\\\/IFFinlande\",\"https:\\\/\\\/www.instagram.com\\\/iffinlande\\\/\",\"https:\\\/\\\/fr.linkedin.com\\\/organization-guest\\\/company\\\/institut-fran-ais-de-finlande\",\"https:\\\/\\\/www.youtube.com\\\/channel\\\/UCHAitdpmSbeP78eL49XMotA\"]},{\"@type\":\"Person\",\"@id\":\"https:\\\/\\\/www.france.fi\\\/#\\\/schema\\\/person\\\/ed873f29db1d0af6a3600d15d3b65bfd\",\"name\":\"Equipe IFF\",\"image\":{\"@type\":\"ImageObject\",\"inLanguage\":\"fr-FR\",\"@id\":\"https:\\\/\\\/secure.gravatar.com\\\/avatar\\\/3c4ba80228d01014b25e45e90abb28ce315a02c6572751a7fb2298e4274989fc?s=96&d=mm&r=g\",\"url\":\"https:\\\/\\\/secure.gravatar.com\\\/avatar\\\/3c4ba80228d01014b25e45e90abb28ce315a02c6572751a7fb2298e4274989fc?s=96&d=mm&r=g\",\"contentUrl\":\"https:\\\/\\\/secure.gravatar.com\\\/avatar\\\/3c4ba80228d01014b25e45e90abb28ce315a02c6572751a7fb2298e4274989fc?s=96&d=mm&r=g\",\"caption\":\"Equipe IFF\"},\"url\":\"https:\\\/\\\/www.france.fi\\\/fr\\\/author\\\/iffadmin\\\/\"}]}<\/script>\n<!-- \/ Yoast SEO plugin. -->","yoast_head_json":{"title":"Lyc\u00e9e d\u2019Europe : Des lyc\u00e9ens europ\u00e9ens r\u00e9unis \u00e0 Strasbourg pour une semaine de discussions - Institut fran\u00e7ais","robots":{"index":"index","follow":"follow","max-snippet":"max-snippet:-1","max-image-preview":"max-image-preview:large","max-video-preview":"max-video-preview:-1"},"canonical":"https:\/\/www.france.fi\/fr\/langue-francaise\/lycee-deurope-des-lyceens-europeens-reunis-a-strasbourg-pour-une-semaine-de-discussions\/","og_locale":"fr_FR","og_type":"article","og_title":"Lyc\u00e9e d\u2019Europe : Des lyc\u00e9ens europ\u00e9ens r\u00e9unis \u00e0 Strasbourg pour une semaine de discussions - Institut fran\u00e7ais","og_description":"Deux \u00e9l\u00e8ves finlandais du lyc\u00e9e franco-finlandais, accompagn\u00e9s d\u2019un enseignant, partiront \u00e0 Strasbourg en f\u00e9vrier 2022 pour d\u00e9couvrir les institutions europ\u00e9ennes, dans le cadre du projet \u00ab Lyc\u00e9e d\u2019Europe \u00bb.","og_url":"https:\/\/www.france.fi\/fr\/langue-francaise\/lycee-deurope-des-lyceens-europeens-reunis-a-strasbourg-pour-une-semaine-de-discussions\/","og_site_name":"Institut fran\u00e7ais","article_publisher":"https:\/\/www.facebook.com\/institutfrancaisfi","article_published_time":"2022-01-18T13:14:58+00:00","article_modified_time":"2022-03-17T13:30:03+00:00","og_image":[{"width":1280,"height":720,"url":"https:\/\/www.france.fi\/wp-content\/uploads\/2022\/01\/Lycee-dEurope-1098x617.jpg","type":"image\/jpeg"}],"author":"Equipe IFF","twitter_card":"summary_large_image","twitter_creator":"@IFFinlande","twitter_site":"@IFFinlande","twitter_misc":{"\u00c9crit par":"Equipe IFF","Dur\u00e9e de lecture estim\u00e9e":"2 minutes"},"schema":{"@context":"https:\/\/schema.org","@graph":[{"@type":"Article","@id":"https:\/\/www.france.fi\/fr\/langue-francaise\/lycee-deurope-des-lyceens-europeens-reunis-a-strasbourg-pour-une-semaine-de-discussions\/#article","isPartOf":{"@id":"https:\/\/www.france.fi\/fr\/langue-francaise\/lycee-deurope-des-lyceens-europeens-reunis-a-strasbourg-pour-une-semaine-de-discussions\/"},"author":{"name":"Equipe IFF","@id":"https:\/\/www.france.fi\/#\/schema\/person\/ed873f29db1d0af6a3600d15d3b65bfd"},"headline":"Lyc\u00e9e d\u2019Europe : Des lyc\u00e9ens europ\u00e9ens r\u00e9unis \u00e0 Strasbourg pour une semaine de discussions","datePublished":"2022-01-18T13:14:58+00:00","dateModified":"2022-03-17T13:30:03+00:00","mainEntityOfPage":{"@id":"https:\/\/www.france.fi\/fr\/langue-francaise\/lycee-deurope-des-lyceens-europeens-reunis-a-strasbourg-pour-une-semaine-de-discussions\/"},"wordCount":256,"publisher":{"@id":"https:\/\/www.france.fi\/#organization"},"image":{"@id":"https:\/\/www.france.fi\/fr\/langue-francaise\/lycee-deurope-des-lyceens-europeens-reunis-a-strasbourg-pour-une-semaine-de-discussions\/#primaryimage"},"thumbnailUrl":"https:\/\/www.france.fi\/wp-content\/uploads\/2022\/01\/Lycee-dEurope-1098x617.jpg","articleSection":["Langue fran\u00e7aise"],"inLanguage":"fr-FR"},{"@type":"WebPage","@id":"https:\/\/www.france.fi\/fr\/langue-francaise\/lycee-deurope-des-lyceens-europeens-reunis-a-strasbourg-pour-une-semaine-de-discussions\/","url":"https:\/\/www.france.fi\/fr\/langue-francaise\/lycee-deurope-des-lyceens-europeens-reunis-a-strasbourg-pour-une-semaine-de-discussions\/","name":"Lyc\u00e9e d\u2019Europe : Des lyc\u00e9ens europ\u00e9ens r\u00e9unis \u00e0 Strasbourg pour une semaine de discussions - Institut fran\u00e7ais","isPartOf":{"@id":"https:\/\/www.france.fi\/#website"},"primaryImageOfPage":{"@id":"https:\/\/www.france.fi\/fr\/langue-francaise\/lycee-deurope-des-lyceens-europeens-reunis-a-strasbourg-pour-une-semaine-de-discussions\/#primaryimage"},"image":{"@id":"https:\/\/www.france.fi\/fr\/langue-francaise\/lycee-deurope-des-lyceens-europeens-reunis-a-strasbourg-pour-une-semaine-de-discussions\/#primaryimage"},"thumbnailUrl":"https:\/\/www.france.fi\/wp-content\/uploads\/2022\/01\/Lycee-dEurope-1098x617.jpg","datePublished":"2022-01-18T13:14:58+00:00","dateModified":"2022-03-17T13:30:03+00:00","breadcrumb":{"@id":"https:\/\/www.france.fi\/fr\/langue-francaise\/lycee-deurope-des-lyceens-europeens-reunis-a-strasbourg-pour-une-semaine-de-discussions\/#breadcrumb"},"inLanguage":"fr-FR","potentialAction":[{"@type":"ReadAction","target":["https:\/\/www.france.fi\/fr\/langue-francaise\/lycee-deurope-des-lyceens-europeens-reunis-a-strasbourg-pour-une-semaine-de-discussions\/"]}]},{"@type":"ImageObject","inLanguage":"fr-FR","@id":"https:\/\/www.france.fi\/fr\/langue-francaise\/lycee-deurope-des-lyceens-europeens-reunis-a-strasbourg-pour-une-semaine-de-discussions\/#primaryimage","url":"https:\/\/www.france.fi\/wp-content\/uploads\/2022\/01\/Lycee-dEurope-1098x617.jpg","contentUrl":"https:\/\/www.france.fi\/wp-content\/uploads\/2022\/01\/Lycee-dEurope-1098x617.jpg","width":1280,"height":720},{"@type":"BreadcrumbList","@id":"https:\/\/www.france.fi\/fr\/langue-francaise\/lycee-deurope-des-lyceens-europeens-reunis-a-strasbourg-pour-une-semaine-de-discussions\/#breadcrumb","itemListElement":[{"@type":"ListItem","position":1,"name":"Home","item":"https:\/\/www.france.fi\/fr\/"},{"@type":"ListItem","position":2,"name":"Langue fran\u00e7aise","item":"https:\/\/www.france.fi\/fr\/category\/langue-francaise\/"},{"@type":"ListItem","position":3,"name":"Lyc\u00e9e d\u2019Europe : Des lyc\u00e9ens europ\u00e9ens r\u00e9unis \u00e0 Strasbourg pour une semaine de discussions"}]},{"@type":"WebSite","@id":"https:\/\/www.france.fi\/#website","url":"https:\/\/www.france.fi\/","name":"Institut fran\u00e7ais de Finlande","description":"","publisher":{"@id":"https:\/\/www.france.fi\/#organization"},"potentialAction":[{"@type":"SearchAction","target":{"@type":"EntryPoint","urlTemplate":"https:\/\/www.france.fi\/?s={search_term_string}"},"query-input":{"@type":"PropertyValueSpecification","valueRequired":true,"valueName":"search_term_string"}}],"inLanguage":"fr-FR"},{"@type":"Organization","@id":"https:\/\/www.france.fi\/#organization","name":"Institut fran\u00e7ais de Finlande","url":"https:\/\/www.france.fi\/","logo":{"@type":"ImageObject","inLanguage":"fr-FR","@id":"https:\/\/www.france.fi\/#\/schema\/logo\/image\/","url":"https:\/\/www.france.fi\/wp-content\/uploads\/2024\/02\/if-logo-1.png","contentUrl":"https:\/\/www.france.fi\/wp-content\/uploads\/2024\/02\/if-logo-1.png","width":687,"height":459,"caption":"Institut fran\u00e7ais de Finlande"},"image":{"@id":"https:\/\/www.france.fi\/#\/schema\/logo\/image\/"},"sameAs":["https:\/\/www.facebook.com\/institutfrancaisfi","https:\/\/x.com\/IFFinlande","https:\/\/www.instagram.com\/iffinlande\/","https:\/\/fr.linkedin.com\/organization-guest\/company\/institut-fran-ais-de-finlande","https:\/\/www.youtube.com\/channel\/UCHAitdpmSbeP78eL49XMotA"]},{"@type":"Person","@id":"https:\/\/www.france.fi\/#\/schema\/person\/ed873f29db1d0af6a3600d15d3b65bfd","name":"Equipe IFF","image":{"@type":"ImageObject","inLanguage":"fr-FR","@id":"https:\/\/secure.gravatar.com\/avatar\/3c4ba80228d01014b25e45e90abb28ce315a02c6572751a7fb2298e4274989fc?s=96&d=mm&r=g","url":"https:\/\/secure.gravatar.com\/avatar\/3c4ba80228d01014b25e45e90abb28ce315a02c6572751a7fb2298e4274989fc?s=96&d=mm&r=g","contentUrl":"https:\/\/secure.gravatar.com\/avatar\/3c4ba80228d01014b25e45e90abb28ce315a02c6572751a7fb2298e4274989fc?s=96&d=mm&r=g","caption":"Equipe IFF"},"url":"https:\/\/www.france.fi\/fr\/author\/iffadmin\/"}]}},"_links":{"self":[{"href":"https:\/\/www.france.fi\/fr\/wp-json\/wp\/v2\/posts\/7865","targetHints":{"allow":["GET"]}}],"collection":[{"href":"https:\/\/www.france.fi\/fr\/wp-json\/wp\/v2\/posts"}],"about":[{"href":"https:\/\/www.france.fi\/fr\/wp-json\/wp\/v2\/types\/post"}],"author":[{"embeddable":true,"href":"https:\/\/www.france.fi\/fr\/wp-json\/wp\/v2\/users\/2"}],"replies":[{"embeddable":true,"href":"https:\/\/www.france.fi\/fr\/wp-json\/wp\/v2\/comments?post=7865"}],"version-history":[{"count":0,"href":"https:\/\/www.france.fi\/fr\/wp-json\/wp\/v2\/posts\/7865\/revisions"}],"wp:featuredmedia":[{"embeddable":true,"href":"https:\/\/www.france.fi\/fr\/wp-json\/wp\/v2\/media\/7866"}],"wp:attachment":[{"href":"https:\/\/www.france.fi\/fr\/wp-json\/wp\/v2\/media?parent=7865"}],"wp:term":[{"taxonomy":"category","embeddable":true,"href":"https:\/\/www.france.fi\/fr\/wp-json\/wp\/v2\/categories?post=7865"},{"taxonomy":"post_tag","embeddable":true,"href":"https:\/\/www.france.fi\/fr\/wp-json\/wp\/v2\/tags?post=7865"}],"curies":[{"name":"wp","href":"https:\/\/api.w.org\/{rel}","templated":true}]}}