{"id":8575,"date":"2022-03-09T14:00:57","date_gmt":"2022-03-09T12:00:57","guid":{"rendered":"http:\/\/www.france.fi\/?p=8575"},"modified":"2022-06-15T15:43:53","modified_gmt":"2022-06-15T12:43:53","slug":"le-futur-du-francais-est-en-afrique-mais-de-quel-futur-sagit-il","status":"publish","type":"post","link":"https:\/\/www.france.fi\/fr\/sciences-et-universites\/le-futur-du-francais-est-en-afrique-mais-de-quel-futur-sagit-il\/","title":{"rendered":"Le futur du fran\u00e7ais est en Afrique, mais de quel futur s\u2019agit-il\u00a0?\u00a0"},"content":{"rendered":"\n<p>Le Dr. <strong>Ibrahima Ciss\u00e9<\/strong>, de l\u2019\u00e9cole doctorale du Mali, interviendra le jeudi 7 avril \u00e0\u00a017h sur \u00ab\u00a0Le futur du fran\u00e7ais est en Afrique, mais de quel futur s\u2019agit-il\u00a0?\u00a0\u00bb et sera introduit par L\u00fcpke Friederike.<\/p>\n<p>La moiti\u00e9 des francophones proviennent du continent africain r\u00e9partis de fa\u00e7on h\u00e9t\u00e9rog\u00e8ne selon les pays. Si seulement 17% des Maliens sont francophones, le fran\u00e7ais est tout de m\u00eame une des trois langues les plus parl\u00e9es du pays. Pour mieux appr\u00e9hender l\u2019avenir du fran\u00e7ais au Mali, les questions suivantes seront abord\u00e9es : Quel est l\u2019avenir du fran\u00e7ais dans le maintien de la politique linguistique actuelle ? Quel impact aurait l\u2019officialisation des langues nationales sur le fran\u00e7ais ? Quelle politique linguistique adopter pour un multilinguisme\/plurilinguisme inclusif au service de la bonne gouvernance, la paix et la coh\u00e9sion sociale au Mali ?<\/p>\n<p>La conf\u00e9rence aura lieu en fran\u00e7ais et sera suivie d\u2019un \u00e9change avec le public.<\/p>\n<h4><strong>Ibrahima Ciss\u00e9<\/strong> :<\/h4>\n<p>Doctorant de l\u2019Universit\u00e9 Grenoble Alpes en cotutelle avec l\u2019Universit\u00e9 de Leiden au Pays Bas, il est Maitre-Assistant \u00e0 l\u2019Institut de P\u00e9dagogie Universitaire (Ecole Doctorale), consultant dans les domaines de l\u2019Education, la Culture, et la Communication et l\u2019Information au Bureau de l\u2019UNESCO \u00e0 Bamako et Coordinateur des Operations \u00e0 la Chaire UNESCO de Recherche Communautaire sur les Leviers du D\u00e9veloppement : \u00ab l\u2019Emergence par l\u2019Innovation \u00bb \u00e0 Bamako, Mali. Ses domaines de recherche incluent les rapports\/liens entre Langues et Pouvoirs, Langues et Droits Humains, Langues et Educations en Afrique et l\u2019acquisition du langage chez des enfants qui vivent dans des environnements multilingues.<\/p>\n<p><div class=\"rve\" data-content-width=\"580\"><iframe loading=\"lazy\" title=\"Le futur du fran\u00e7ais est en Afrique, mais de quel futur s\u2019agit il ?\" width=\"580\" height=\"326\" src=\"https:\/\/www.youtube.com\/embed\/dsQvcjtHNj0?feature=oembed\" frameborder=\"0\" allow=\"accelerometer; autoplay; clipboard-write; encrypted-media; gyroscope; picture-in-picture; web-share\" referrerpolicy=\"strict-origin-when-cross-origin\" allowfullscreen><\/iframe><\/div><!-- Responsive Video Embeds plugin by www.kevinleary.net --><\/p>\n","protected":false},"excerpt":{"rendered":"<p>Caf\u00e9 scientifique avec Ibrahima Ciss\u00e9.<br \/>\nDans le cadre du mois de la francophonie et en coop\u00e9ration avec l\u2019universit\u00e9 d\u2019Helsinki, un cycle d\u2019atelier est organis\u00e9 sur la th\u00e9matique \u00ab Multilinguisme et francophonie : Espaces, interactions et modalit\u00e9s langagi\u00e8res \u00bb. <\/p>\n","protected":false},"author":2,"featured_media":8576,"comment_status":"closed","ping_status":"open","sticky":false,"template":"","format":"standard","meta":{"footnotes":""},"categories":[4],"tags":[],"class_list":["post-8575","post","type-post","status-publish","format-standard","has-post-thumbnail","hentry","category-sciences-et-universites"],"yoast_head":"<!-- This site is optimized with the Yoast SEO plugin v27.4 - https:\/\/yoast.com\/product\/yoast-seo-wordpress\/ -->\n<title>Le futur du fran\u00e7ais est en Afrique, mais de quel futur s\u2019agit-il\u00a0?\u00a0 - Institut fran\u00e7ais<\/title>\n<meta name=\"robots\" content=\"index, follow, max-snippet:-1, max-image-preview:large, max-video-preview:-1\" \/>\n<link rel=\"canonical\" href=\"https:\/\/www.france.fi\/fr\/sciences-et-universites\/le-futur-du-francais-est-en-afrique-mais-de-quel-futur-sagit-il\/\" \/>\n<meta property=\"og:locale\" content=\"fr_FR\" \/>\n<meta property=\"og:type\" content=\"article\" \/>\n<meta property=\"og:title\" content=\"Le futur du fran\u00e7ais est en Afrique, mais de quel futur s\u2019agit-il\u00a0?\u00a0 - Institut fran\u00e7ais\" \/>\n<meta property=\"og:description\" content=\"Caf\u00e9 scientifique avec Ibrahima Ciss\u00e9. Dans le cadre du mois de la francophonie et en coop\u00e9ration avec l\u2019universit\u00e9 d\u2019Helsinki, un cycle d\u2019atelier est organis\u00e9 sur la th\u00e9matique \u00ab Multilinguisme et francophonie : Espaces, interactions et modalit\u00e9s langagi\u00e8res \u00bb.\" \/>\n<meta property=\"og:url\" content=\"https:\/\/www.france.fi\/fr\/sciences-et-universites\/le-futur-du-francais-est-en-afrique-mais-de-quel-futur-sagit-il\/\" \/>\n<meta property=\"og:site_name\" content=\"Institut fran\u00e7ais\" \/>\n<meta property=\"article:publisher\" content=\"https:\/\/www.facebook.com\/institutfrancaisfi\" \/>\n<meta property=\"article:published_time\" content=\"2022-03-09T12:00:57+00:00\" \/>\n<meta property=\"article:modified_time\" content=\"2022-06-15T12:43:53+00:00\" \/>\n<meta property=\"og:image\" content=\"https:\/\/www.france.fi\/wp-content\/uploads\/2022\/03\/francais-afrique-1098x617.jpg\" \/>\n\t<meta property=\"og:image:width\" content=\"1280\" \/>\n\t<meta property=\"og:image:height\" content=\"720\" \/>\n\t<meta property=\"og:image:type\" content=\"image\/jpeg\" \/>\n<meta name=\"author\" content=\"Equipe IFF\" \/>\n<meta name=\"twitter:card\" content=\"summary_large_image\" \/>\n<meta name=\"twitter:creator\" content=\"@IFFinlande\" \/>\n<meta name=\"twitter:site\" content=\"@IFFinlande\" \/>\n<meta name=\"twitter:label1\" content=\"\u00c9crit par\" \/>\n\t<meta name=\"twitter:data1\" content=\"Equipe IFF\" \/>\n\t<meta name=\"twitter:label2\" content=\"Dur\u00e9e de lecture estim\u00e9e\" \/>\n\t<meta name=\"twitter:data2\" content=\"2 minutes\" \/>\n<script type=\"application\/ld+json\" class=\"yoast-schema-graph\">{\"@context\":\"https:\\\/\\\/schema.org\",\"@graph\":[{\"@type\":\"Article\",\"@id\":\"https:\\\/\\\/www.france.fi\\\/fr\\\/sciences-et-universites\\\/le-futur-du-francais-est-en-afrique-mais-de-quel-futur-sagit-il\\\/#article\",\"isPartOf\":{\"@id\":\"https:\\\/\\\/www.france.fi\\\/fr\\\/sciences-et-universites\\\/le-futur-du-francais-est-en-afrique-mais-de-quel-futur-sagit-il\\\/\"},\"author\":{\"name\":\"Equipe IFF\",\"@id\":\"https:\\\/\\\/www.france.fi\\\/#\\\/schema\\\/person\\\/ed873f29db1d0af6a3600d15d3b65bfd\"},\"headline\":\"Le futur du fran\u00e7ais est en Afrique, mais de quel futur s\u2019agit-il\u00a0?\u00a0\",\"datePublished\":\"2022-03-09T12:00:57+00:00\",\"dateModified\":\"2022-06-15T12:43:53+00:00\",\"mainEntityOfPage\":{\"@id\":\"https:\\\/\\\/www.france.fi\\\/fr\\\/sciences-et-universites\\\/le-futur-du-francais-est-en-afrique-mais-de-quel-futur-sagit-il\\\/\"},\"wordCount\":292,\"publisher\":{\"@id\":\"https:\\\/\\\/www.france.fi\\\/#organization\"},\"image\":{\"@id\":\"https:\\\/\\\/www.france.fi\\\/fr\\\/sciences-et-universites\\\/le-futur-du-francais-est-en-afrique-mais-de-quel-futur-sagit-il\\\/#primaryimage\"},\"thumbnailUrl\":\"https:\\\/\\\/www.france.fi\\\/wp-content\\\/uploads\\\/2022\\\/03\\\/francais-afrique-1098x617.jpg\",\"articleSection\":[\"Sciences et universit\u00e9s\"],\"inLanguage\":\"fr-FR\"},{\"@type\":\"WebPage\",\"@id\":\"https:\\\/\\\/www.france.fi\\\/fr\\\/sciences-et-universites\\\/le-futur-du-francais-est-en-afrique-mais-de-quel-futur-sagit-il\\\/\",\"url\":\"https:\\\/\\\/www.france.fi\\\/fr\\\/sciences-et-universites\\\/le-futur-du-francais-est-en-afrique-mais-de-quel-futur-sagit-il\\\/\",\"name\":\"Le futur du fran\u00e7ais est en Afrique, mais de quel futur s\u2019agit-il\u00a0?\u00a0 - Institut fran\u00e7ais\",\"isPartOf\":{\"@id\":\"https:\\\/\\\/www.france.fi\\\/#website\"},\"primaryImageOfPage\":{\"@id\":\"https:\\\/\\\/www.france.fi\\\/fr\\\/sciences-et-universites\\\/le-futur-du-francais-est-en-afrique-mais-de-quel-futur-sagit-il\\\/#primaryimage\"},\"image\":{\"@id\":\"https:\\\/\\\/www.france.fi\\\/fr\\\/sciences-et-universites\\\/le-futur-du-francais-est-en-afrique-mais-de-quel-futur-sagit-il\\\/#primaryimage\"},\"thumbnailUrl\":\"https:\\\/\\\/www.france.fi\\\/wp-content\\\/uploads\\\/2022\\\/03\\\/francais-afrique-1098x617.jpg\",\"datePublished\":\"2022-03-09T12:00:57+00:00\",\"dateModified\":\"2022-06-15T12:43:53+00:00\",\"breadcrumb\":{\"@id\":\"https:\\\/\\\/www.france.fi\\\/fr\\\/sciences-et-universites\\\/le-futur-du-francais-est-en-afrique-mais-de-quel-futur-sagit-il\\\/#breadcrumb\"},\"inLanguage\":\"fr-FR\",\"potentialAction\":[{\"@type\":\"ReadAction\",\"target\":[\"https:\\\/\\\/www.france.fi\\\/fr\\\/sciences-et-universites\\\/le-futur-du-francais-est-en-afrique-mais-de-quel-futur-sagit-il\\\/\"]}]},{\"@type\":\"ImageObject\",\"inLanguage\":\"fr-FR\",\"@id\":\"https:\\\/\\\/www.france.fi\\\/fr\\\/sciences-et-universites\\\/le-futur-du-francais-est-en-afrique-mais-de-quel-futur-sagit-il\\\/#primaryimage\",\"url\":\"https:\\\/\\\/www.france.fi\\\/wp-content\\\/uploads\\\/2022\\\/03\\\/francais-afrique-1098x617.jpg\",\"contentUrl\":\"https:\\\/\\\/www.france.fi\\\/wp-content\\\/uploads\\\/2022\\\/03\\\/francais-afrique-1098x617.jpg\",\"width\":1280,\"height\":720},{\"@type\":\"BreadcrumbList\",\"@id\":\"https:\\\/\\\/www.france.fi\\\/fr\\\/sciences-et-universites\\\/le-futur-du-francais-est-en-afrique-mais-de-quel-futur-sagit-il\\\/#breadcrumb\",\"itemListElement\":[{\"@type\":\"ListItem\",\"position\":1,\"name\":\"Home\",\"item\":\"https:\\\/\\\/www.france.fi\\\/fr\\\/\"},{\"@type\":\"ListItem\",\"position\":2,\"name\":\"Sciences et universit\u00e9s\",\"item\":\"https:\\\/\\\/www.france.fi\\\/fr\\\/category\\\/sciences-et-universites\\\/\"},{\"@type\":\"ListItem\",\"position\":3,\"name\":\"Le futur du fran\u00e7ais est en Afrique, mais de quel futur s\u2019agit-il\u00a0?\u00a0\"}]},{\"@type\":\"WebSite\",\"@id\":\"https:\\\/\\\/www.france.fi\\\/#website\",\"url\":\"https:\\\/\\\/www.france.fi\\\/\",\"name\":\"Institut fran\u00e7ais de Finlande\",\"description\":\"\",\"publisher\":{\"@id\":\"https:\\\/\\\/www.france.fi\\\/#organization\"},\"potentialAction\":[{\"@type\":\"SearchAction\",\"target\":{\"@type\":\"EntryPoint\",\"urlTemplate\":\"https:\\\/\\\/www.france.fi\\\/?s={search_term_string}\"},\"query-input\":{\"@type\":\"PropertyValueSpecification\",\"valueRequired\":true,\"valueName\":\"search_term_string\"}}],\"inLanguage\":\"fr-FR\"},{\"@type\":\"Organization\",\"@id\":\"https:\\\/\\\/www.france.fi\\\/#organization\",\"name\":\"Institut fran\u00e7ais de Finlande\",\"url\":\"https:\\\/\\\/www.france.fi\\\/\",\"logo\":{\"@type\":\"ImageObject\",\"inLanguage\":\"fr-FR\",\"@id\":\"https:\\\/\\\/www.france.fi\\\/#\\\/schema\\\/logo\\\/image\\\/\",\"url\":\"https:\\\/\\\/www.france.fi\\\/wp-content\\\/uploads\\\/2024\\\/02\\\/if-logo-1.png\",\"contentUrl\":\"https:\\\/\\\/www.france.fi\\\/wp-content\\\/uploads\\\/2024\\\/02\\\/if-logo-1.png\",\"width\":687,\"height\":459,\"caption\":\"Institut fran\u00e7ais de Finlande\"},\"image\":{\"@id\":\"https:\\\/\\\/www.france.fi\\\/#\\\/schema\\\/logo\\\/image\\\/\"},\"sameAs\":[\"https:\\\/\\\/www.facebook.com\\\/institutfrancaisfi\",\"https:\\\/\\\/x.com\\\/IFFinlande\",\"https:\\\/\\\/www.instagram.com\\\/iffinlande\\\/\",\"https:\\\/\\\/fr.linkedin.com\\\/organization-guest\\\/company\\\/institut-fran-ais-de-finlande\",\"https:\\\/\\\/www.youtube.com\\\/channel\\\/UCHAitdpmSbeP78eL49XMotA\"]},{\"@type\":\"Person\",\"@id\":\"https:\\\/\\\/www.france.fi\\\/#\\\/schema\\\/person\\\/ed873f29db1d0af6a3600d15d3b65bfd\",\"name\":\"Equipe IFF\",\"image\":{\"@type\":\"ImageObject\",\"inLanguage\":\"fr-FR\",\"@id\":\"https:\\\/\\\/secure.gravatar.com\\\/avatar\\\/3c4ba80228d01014b25e45e90abb28ce315a02c6572751a7fb2298e4274989fc?s=96&d=mm&r=g\",\"url\":\"https:\\\/\\\/secure.gravatar.com\\\/avatar\\\/3c4ba80228d01014b25e45e90abb28ce315a02c6572751a7fb2298e4274989fc?s=96&d=mm&r=g\",\"contentUrl\":\"https:\\\/\\\/secure.gravatar.com\\\/avatar\\\/3c4ba80228d01014b25e45e90abb28ce315a02c6572751a7fb2298e4274989fc?s=96&d=mm&r=g\",\"caption\":\"Equipe IFF\"},\"url\":\"https:\\\/\\\/www.france.fi\\\/fr\\\/author\\\/iffadmin\\\/\"}]}<\/script>\n<!-- \/ Yoast SEO plugin. -->","yoast_head_json":{"title":"Le futur du fran\u00e7ais est en Afrique, mais de quel futur s\u2019agit-il\u00a0?\u00a0 - Institut fran\u00e7ais","robots":{"index":"index","follow":"follow","max-snippet":"max-snippet:-1","max-image-preview":"max-image-preview:large","max-video-preview":"max-video-preview:-1"},"canonical":"https:\/\/www.france.fi\/fr\/sciences-et-universites\/le-futur-du-francais-est-en-afrique-mais-de-quel-futur-sagit-il\/","og_locale":"fr_FR","og_type":"article","og_title":"Le futur du fran\u00e7ais est en Afrique, mais de quel futur s\u2019agit-il\u00a0?\u00a0 - Institut fran\u00e7ais","og_description":"Caf\u00e9 scientifique avec Ibrahima Ciss\u00e9. Dans le cadre du mois de la francophonie et en coop\u00e9ration avec l\u2019universit\u00e9 d\u2019Helsinki, un cycle d\u2019atelier est organis\u00e9 sur la th\u00e9matique \u00ab Multilinguisme et francophonie : Espaces, interactions et modalit\u00e9s langagi\u00e8res \u00bb.","og_url":"https:\/\/www.france.fi\/fr\/sciences-et-universites\/le-futur-du-francais-est-en-afrique-mais-de-quel-futur-sagit-il\/","og_site_name":"Institut fran\u00e7ais","article_publisher":"https:\/\/www.facebook.com\/institutfrancaisfi","article_published_time":"2022-03-09T12:00:57+00:00","article_modified_time":"2022-06-15T12:43:53+00:00","og_image":[{"width":1280,"height":720,"url":"https:\/\/www.france.fi\/wp-content\/uploads\/2022\/03\/francais-afrique-1098x617.jpg","type":"image\/jpeg"}],"author":"Equipe IFF","twitter_card":"summary_large_image","twitter_creator":"@IFFinlande","twitter_site":"@IFFinlande","twitter_misc":{"\u00c9crit par":"Equipe IFF","Dur\u00e9e de lecture estim\u00e9e":"2 minutes"},"schema":{"@context":"https:\/\/schema.org","@graph":[{"@type":"Article","@id":"https:\/\/www.france.fi\/fr\/sciences-et-universites\/le-futur-du-francais-est-en-afrique-mais-de-quel-futur-sagit-il\/#article","isPartOf":{"@id":"https:\/\/www.france.fi\/fr\/sciences-et-universites\/le-futur-du-francais-est-en-afrique-mais-de-quel-futur-sagit-il\/"},"author":{"name":"Equipe IFF","@id":"https:\/\/www.france.fi\/#\/schema\/person\/ed873f29db1d0af6a3600d15d3b65bfd"},"headline":"Le futur du fran\u00e7ais est en Afrique, mais de quel futur s\u2019agit-il\u00a0?\u00a0","datePublished":"2022-03-09T12:00:57+00:00","dateModified":"2022-06-15T12:43:53+00:00","mainEntityOfPage":{"@id":"https:\/\/www.france.fi\/fr\/sciences-et-universites\/le-futur-du-francais-est-en-afrique-mais-de-quel-futur-sagit-il\/"},"wordCount":292,"publisher":{"@id":"https:\/\/www.france.fi\/#organization"},"image":{"@id":"https:\/\/www.france.fi\/fr\/sciences-et-universites\/le-futur-du-francais-est-en-afrique-mais-de-quel-futur-sagit-il\/#primaryimage"},"thumbnailUrl":"https:\/\/www.france.fi\/wp-content\/uploads\/2022\/03\/francais-afrique-1098x617.jpg","articleSection":["Sciences et universit\u00e9s"],"inLanguage":"fr-FR"},{"@type":"WebPage","@id":"https:\/\/www.france.fi\/fr\/sciences-et-universites\/le-futur-du-francais-est-en-afrique-mais-de-quel-futur-sagit-il\/","url":"https:\/\/www.france.fi\/fr\/sciences-et-universites\/le-futur-du-francais-est-en-afrique-mais-de-quel-futur-sagit-il\/","name":"Le futur du fran\u00e7ais est en Afrique, mais de quel futur s\u2019agit-il\u00a0?\u00a0 - Institut fran\u00e7ais","isPartOf":{"@id":"https:\/\/www.france.fi\/#website"},"primaryImageOfPage":{"@id":"https:\/\/www.france.fi\/fr\/sciences-et-universites\/le-futur-du-francais-est-en-afrique-mais-de-quel-futur-sagit-il\/#primaryimage"},"image":{"@id":"https:\/\/www.france.fi\/fr\/sciences-et-universites\/le-futur-du-francais-est-en-afrique-mais-de-quel-futur-sagit-il\/#primaryimage"},"thumbnailUrl":"https:\/\/www.france.fi\/wp-content\/uploads\/2022\/03\/francais-afrique-1098x617.jpg","datePublished":"2022-03-09T12:00:57+00:00","dateModified":"2022-06-15T12:43:53+00:00","breadcrumb":{"@id":"https:\/\/www.france.fi\/fr\/sciences-et-universites\/le-futur-du-francais-est-en-afrique-mais-de-quel-futur-sagit-il\/#breadcrumb"},"inLanguage":"fr-FR","potentialAction":[{"@type":"ReadAction","target":["https:\/\/www.france.fi\/fr\/sciences-et-universites\/le-futur-du-francais-est-en-afrique-mais-de-quel-futur-sagit-il\/"]}]},{"@type":"ImageObject","inLanguage":"fr-FR","@id":"https:\/\/www.france.fi\/fr\/sciences-et-universites\/le-futur-du-francais-est-en-afrique-mais-de-quel-futur-sagit-il\/#primaryimage","url":"https:\/\/www.france.fi\/wp-content\/uploads\/2022\/03\/francais-afrique-1098x617.jpg","contentUrl":"https:\/\/www.france.fi\/wp-content\/uploads\/2022\/03\/francais-afrique-1098x617.jpg","width":1280,"height":720},{"@type":"BreadcrumbList","@id":"https:\/\/www.france.fi\/fr\/sciences-et-universites\/le-futur-du-francais-est-en-afrique-mais-de-quel-futur-sagit-il\/#breadcrumb","itemListElement":[{"@type":"ListItem","position":1,"name":"Home","item":"https:\/\/www.france.fi\/fr\/"},{"@type":"ListItem","position":2,"name":"Sciences et universit\u00e9s","item":"https:\/\/www.france.fi\/fr\/category\/sciences-et-universites\/"},{"@type":"ListItem","position":3,"name":"Le futur du fran\u00e7ais est en Afrique, mais de quel futur s\u2019agit-il\u00a0?\u00a0"}]},{"@type":"WebSite","@id":"https:\/\/www.france.fi\/#website","url":"https:\/\/www.france.fi\/","name":"Institut fran\u00e7ais de Finlande","description":"","publisher":{"@id":"https:\/\/www.france.fi\/#organization"},"potentialAction":[{"@type":"SearchAction","target":{"@type":"EntryPoint","urlTemplate":"https:\/\/www.france.fi\/?s={search_term_string}"},"query-input":{"@type":"PropertyValueSpecification","valueRequired":true,"valueName":"search_term_string"}}],"inLanguage":"fr-FR"},{"@type":"Organization","@id":"https:\/\/www.france.fi\/#organization","name":"Institut fran\u00e7ais de Finlande","url":"https:\/\/www.france.fi\/","logo":{"@type":"ImageObject","inLanguage":"fr-FR","@id":"https:\/\/www.france.fi\/#\/schema\/logo\/image\/","url":"https:\/\/www.france.fi\/wp-content\/uploads\/2024\/02\/if-logo-1.png","contentUrl":"https:\/\/www.france.fi\/wp-content\/uploads\/2024\/02\/if-logo-1.png","width":687,"height":459,"caption":"Institut fran\u00e7ais de Finlande"},"image":{"@id":"https:\/\/www.france.fi\/#\/schema\/logo\/image\/"},"sameAs":["https:\/\/www.facebook.com\/institutfrancaisfi","https:\/\/x.com\/IFFinlande","https:\/\/www.instagram.com\/iffinlande\/","https:\/\/fr.linkedin.com\/organization-guest\/company\/institut-fran-ais-de-finlande","https:\/\/www.youtube.com\/channel\/UCHAitdpmSbeP78eL49XMotA"]},{"@type":"Person","@id":"https:\/\/www.france.fi\/#\/schema\/person\/ed873f29db1d0af6a3600d15d3b65bfd","name":"Equipe IFF","image":{"@type":"ImageObject","inLanguage":"fr-FR","@id":"https:\/\/secure.gravatar.com\/avatar\/3c4ba80228d01014b25e45e90abb28ce315a02c6572751a7fb2298e4274989fc?s=96&d=mm&r=g","url":"https:\/\/secure.gravatar.com\/avatar\/3c4ba80228d01014b25e45e90abb28ce315a02c6572751a7fb2298e4274989fc?s=96&d=mm&r=g","contentUrl":"https:\/\/secure.gravatar.com\/avatar\/3c4ba80228d01014b25e45e90abb28ce315a02c6572751a7fb2298e4274989fc?s=96&d=mm&r=g","caption":"Equipe IFF"},"url":"https:\/\/www.france.fi\/fr\/author\/iffadmin\/"}]}},"_links":{"self":[{"href":"https:\/\/www.france.fi\/fr\/wp-json\/wp\/v2\/posts\/8575","targetHints":{"allow":["GET"]}}],"collection":[{"href":"https:\/\/www.france.fi\/fr\/wp-json\/wp\/v2\/posts"}],"about":[{"href":"https:\/\/www.france.fi\/fr\/wp-json\/wp\/v2\/types\/post"}],"author":[{"embeddable":true,"href":"https:\/\/www.france.fi\/fr\/wp-json\/wp\/v2\/users\/2"}],"replies":[{"embeddable":true,"href":"https:\/\/www.france.fi\/fr\/wp-json\/wp\/v2\/comments?post=8575"}],"version-history":[{"count":0,"href":"https:\/\/www.france.fi\/fr\/wp-json\/wp\/v2\/posts\/8575\/revisions"}],"wp:featuredmedia":[{"embeddable":true,"href":"https:\/\/www.france.fi\/fr\/wp-json\/wp\/v2\/media\/8576"}],"wp:attachment":[{"href":"https:\/\/www.france.fi\/fr\/wp-json\/wp\/v2\/media?parent=8575"}],"wp:term":[{"taxonomy":"category","embeddable":true,"href":"https:\/\/www.france.fi\/fr\/wp-json\/wp\/v2\/categories?post=8575"},{"taxonomy":"post_tag","embeddable":true,"href":"https:\/\/www.france.fi\/fr\/wp-json\/wp\/v2\/tags?post=8575"}],"curies":[{"name":"wp","href":"https:\/\/api.w.org\/{rel}","templated":true}]}}