{"id":8675,"date":"2022-03-14T15:20:19","date_gmt":"2022-03-14T13:20:19","guid":{"rendered":"http:\/\/www.france.fi\/?p=8675"},"modified":"2022-04-28T10:55:53","modified_gmt":"2022-04-28T07:55:53","slug":"nina-cossin-sevrin-carnet-de-voyage-en-antarctique","status":"publish","type":"post","link":"https:\/\/www.france.fi\/fr\/sciences-et-universites\/nina-cossin-sevrin-carnet-de-voyage-en-antarctique\/","title":{"rendered":"Nina Cossin Sevrin\u00a0: Carnet de voyage\u00a0en Antarctique"},"content":{"rendered":"\n<p>Dans le cadre de son projet de th\u00e8se, elle a r\u00e9cemment r\u00e9alis\u00e9 une mission de terrain de 3,5 mois sur l\u2019\u00eele de la Possession dans l\u2019Archipel Crozet (Terres Australes et Antarctiques Fran\u00e7aises, subantarctique) pour \u00e9tudier la croissance, le m\u00e9tabolisme et la survie des manchot royaux. Elle nous pr\u00e9sentera et partagera cette exp\u00e9rience qui a \u00e9t\u00e9 tr\u00e8s enrichissante tant d\u2019un point de vue professionnel que personnel.<\/p>\n<p><strong>Nina Cossin Sevrin <\/strong>a r\u00e9alis\u00e9 un master en Ecophysiologie, Ethologie et Ecologie \u00e0 l\u2019Universit\u00e9 de Strasbourg (France 2017-2019) et effectu\u00e9 son stage de fin d\u2019\u00e9tude dans l\u2019\u00e9quipe de recherche de Suvi Ruuskanen \u00e0 l\u2019Universit\u00e9 de Turku. Elle a d\u00e9m\u00e9nag\u00e9 en Finlande en janvier 2020 afin de commencer un doctorat dans la m\u00eame \u00e9quipe de recherche.<\/p>\n<p>La croissance, le m\u00e9tabolisme (ensemble des r\u00e9actions chimiques de l\u2019organisme) et la survie peuvent \u00eatre diff\u00e9rent(e)s entre les individus d\u2019une m\u00eame esp\u00e8ce. L\u2019objectif de son projet de th\u00e8se est de mieux comprendre d\u2019o\u00f9 viennent ces diff\u00e9rences interindividuelles (h\u00e9ritabilit\u00e9 g\u00e9n\u00e9tique, effets environnementaux sur la physiologie). Pour cela, elle a \u00e9tudi\u00e9 deux esp\u00e8ces aviaires : une population de m\u00e9sanges charbonni\u00e8res en Finlande et une population de manchots royaux en Terres Australes et Antarctiques Fran\u00e7aises (archipel de Crozet).<\/p>\n<p>Son projet de th\u00e8se est une cotutelle entre l\u2019Universit\u00e9 de Turku et l\u2019Universit\u00e9 de Strasbourg, en collaboration avec l\u2019Institut Polaire Fran\u00e7ais (IPEV) et le programme scientifique #119 Econergy.<\/p>\n<p><div class=\"rve\" data-content-width=\"580\"><iframe loading=\"lazy\" title=\"Parole d&#039;expert : Nina Cossin Sevrin\" width=\"580\" height=\"435\" src=\"https:\/\/www.youtube.com\/embed\/Z_4U0vzgEXQ?feature=oembed\" frameborder=\"0\" allow=\"accelerometer; autoplay; clipboard-write; encrypted-media; gyroscope; picture-in-picture; web-share\" referrerpolicy=\"strict-origin-when-cross-origin\" allowfullscreen><\/iframe><\/div><!-- Responsive Video Embeds plugin by www.kevinleary.net --><\/p>\n<p><div class=\"rve\" data-content-width=\"580\"><iframe loading=\"lazy\" title=\"Nina Cossin Sevrin: Travel diary in Antarctica\" width=\"580\" height=\"326\" src=\"https:\/\/www.youtube.com\/embed\/RlbLKKLAOT0?feature=oembed\" frameborder=\"0\" allow=\"accelerometer; autoplay; clipboard-write; encrypted-media; gyroscope; picture-in-picture; web-share\" referrerpolicy=\"strict-origin-when-cross-origin\" allowfullscreen><\/iframe><\/div><!-- Responsive Video Embeds plugin by www.kevinleary.net --><\/p>\n\n\n\n<p><\/p>\n","protected":false},"excerpt":{"rendered":"<p>Le caf\u00e9 scientifique du jeudi 14 avril \u00e0 17h aura pour invit\u00e9e la chercheuse Nina Cossin Sevrin qui viendra pr\u00e9senter ses recherches et sa mission de terrain en Antarctique.<\/p>\n","protected":false},"author":2,"featured_media":8676,"comment_status":"closed","ping_status":"open","sticky":false,"template":"","format":"standard","meta":{"footnotes":""},"categories":[4],"tags":[],"class_list":["post-8675","post","type-post","status-publish","format-standard","has-post-thumbnail","hentry","category-sciences-et-universites"],"yoast_head":"<!-- This site is optimized with the Yoast SEO plugin v27.4 - https:\/\/yoast.com\/product\/yoast-seo-wordpress\/ -->\n<title>Nina Cossin Sevrin\u00a0: Carnet de voyage\u00a0en Antarctique - Institut fran\u00e7ais<\/title>\n<meta name=\"robots\" content=\"index, follow, max-snippet:-1, max-image-preview:large, max-video-preview:-1\" \/>\n<link rel=\"canonical\" href=\"https:\/\/www.france.fi\/fr\/sciences-et-universites\/nina-cossin-sevrin-carnet-de-voyage-en-antarctique\/\" \/>\n<meta property=\"og:locale\" content=\"fr_FR\" \/>\n<meta property=\"og:type\" content=\"article\" \/>\n<meta property=\"og:title\" content=\"Nina Cossin Sevrin\u00a0: Carnet de voyage\u00a0en Antarctique - Institut fran\u00e7ais\" \/>\n<meta property=\"og:description\" content=\"Le caf\u00e9 scientifique du jeudi 14 avril \u00e0 17h aura pour invit\u00e9e la chercheuse Nina Cossin Sevrin qui viendra pr\u00e9senter ses recherches et sa mission de terrain en Antarctique.\" \/>\n<meta property=\"og:url\" content=\"https:\/\/www.france.fi\/fr\/sciences-et-universites\/nina-cossin-sevrin-carnet-de-voyage-en-antarctique\/\" \/>\n<meta property=\"og:site_name\" content=\"Institut fran\u00e7ais\" \/>\n<meta property=\"article:publisher\" content=\"https:\/\/www.facebook.com\/institutfrancaisfi\" \/>\n<meta property=\"article:published_time\" content=\"2022-03-14T13:20:19+00:00\" \/>\n<meta property=\"article:modified_time\" content=\"2022-04-28T07:55:53+00:00\" \/>\n<meta property=\"og:image\" content=\"https:\/\/www.france.fi\/wp-content\/uploads\/2022\/03\/Crozet-1098x617.png\" \/>\n\t<meta property=\"og:image:width\" content=\"1280\" \/>\n\t<meta property=\"og:image:height\" content=\"720\" \/>\n\t<meta property=\"og:image:type\" content=\"image\/png\" \/>\n<meta name=\"author\" content=\"Equipe IFF\" \/>\n<meta name=\"twitter:card\" content=\"summary_large_image\" \/>\n<meta name=\"twitter:creator\" content=\"@IFFinlande\" \/>\n<meta name=\"twitter:site\" content=\"@IFFinlande\" \/>\n<meta name=\"twitter:label1\" content=\"\u00c9crit par\" \/>\n\t<meta name=\"twitter:data1\" content=\"Equipe IFF\" \/>\n\t<meta name=\"twitter:label2\" content=\"Dur\u00e9e de lecture estim\u00e9e\" \/>\n\t<meta name=\"twitter:data2\" content=\"2 minutes\" \/>\n<script type=\"application\/ld+json\" class=\"yoast-schema-graph\">{\"@context\":\"https:\\\/\\\/schema.org\",\"@graph\":[{\"@type\":\"Article\",\"@id\":\"https:\\\/\\\/www.france.fi\\\/fr\\\/sciences-et-universites\\\/nina-cossin-sevrin-carnet-de-voyage-en-antarctique\\\/#article\",\"isPartOf\":{\"@id\":\"https:\\\/\\\/www.france.fi\\\/fr\\\/sciences-et-universites\\\/nina-cossin-sevrin-carnet-de-voyage-en-antarctique\\\/\"},\"author\":{\"name\":\"Equipe IFF\",\"@id\":\"https:\\\/\\\/www.france.fi\\\/#\\\/schema\\\/person\\\/ed873f29db1d0af6a3600d15d3b65bfd\"},\"headline\":\"Nina Cossin Sevrin\u00a0: Carnet de voyage\u00a0en Antarctique\",\"datePublished\":\"2022-03-14T13:20:19+00:00\",\"dateModified\":\"2022-04-28T07:55:53+00:00\",\"mainEntityOfPage\":{\"@id\":\"https:\\\/\\\/www.france.fi\\\/fr\\\/sciences-et-universites\\\/nina-cossin-sevrin-carnet-de-voyage-en-antarctique\\\/\"},\"wordCount\":279,\"publisher\":{\"@id\":\"https:\\\/\\\/www.france.fi\\\/#organization\"},\"image\":{\"@id\":\"https:\\\/\\\/www.france.fi\\\/fr\\\/sciences-et-universites\\\/nina-cossin-sevrin-carnet-de-voyage-en-antarctique\\\/#primaryimage\"},\"thumbnailUrl\":\"https:\\\/\\\/www.france.fi\\\/wp-content\\\/uploads\\\/2022\\\/03\\\/Crozet-1098x617.png\",\"articleSection\":[\"Sciences et universit\u00e9s\"],\"inLanguage\":\"fr-FR\"},{\"@type\":\"WebPage\",\"@id\":\"https:\\\/\\\/www.france.fi\\\/fr\\\/sciences-et-universites\\\/nina-cossin-sevrin-carnet-de-voyage-en-antarctique\\\/\",\"url\":\"https:\\\/\\\/www.france.fi\\\/fr\\\/sciences-et-universites\\\/nina-cossin-sevrin-carnet-de-voyage-en-antarctique\\\/\",\"name\":\"Nina Cossin Sevrin\u00a0: Carnet de voyage\u00a0en Antarctique - Institut fran\u00e7ais\",\"isPartOf\":{\"@id\":\"https:\\\/\\\/www.france.fi\\\/#website\"},\"primaryImageOfPage\":{\"@id\":\"https:\\\/\\\/www.france.fi\\\/fr\\\/sciences-et-universites\\\/nina-cossin-sevrin-carnet-de-voyage-en-antarctique\\\/#primaryimage\"},\"image\":{\"@id\":\"https:\\\/\\\/www.france.fi\\\/fr\\\/sciences-et-universites\\\/nina-cossin-sevrin-carnet-de-voyage-en-antarctique\\\/#primaryimage\"},\"thumbnailUrl\":\"https:\\\/\\\/www.france.fi\\\/wp-content\\\/uploads\\\/2022\\\/03\\\/Crozet-1098x617.png\",\"datePublished\":\"2022-03-14T13:20:19+00:00\",\"dateModified\":\"2022-04-28T07:55:53+00:00\",\"breadcrumb\":{\"@id\":\"https:\\\/\\\/www.france.fi\\\/fr\\\/sciences-et-universites\\\/nina-cossin-sevrin-carnet-de-voyage-en-antarctique\\\/#breadcrumb\"},\"inLanguage\":\"fr-FR\",\"potentialAction\":[{\"@type\":\"ReadAction\",\"target\":[\"https:\\\/\\\/www.france.fi\\\/fr\\\/sciences-et-universites\\\/nina-cossin-sevrin-carnet-de-voyage-en-antarctique\\\/\"]}]},{\"@type\":\"ImageObject\",\"inLanguage\":\"fr-FR\",\"@id\":\"https:\\\/\\\/www.france.fi\\\/fr\\\/sciences-et-universites\\\/nina-cossin-sevrin-carnet-de-voyage-en-antarctique\\\/#primaryimage\",\"url\":\"https:\\\/\\\/www.france.fi\\\/wp-content\\\/uploads\\\/2022\\\/03\\\/Crozet-1098x617.png\",\"contentUrl\":\"https:\\\/\\\/www.france.fi\\\/wp-content\\\/uploads\\\/2022\\\/03\\\/Crozet-1098x617.png\",\"width\":1280,\"height\":720},{\"@type\":\"BreadcrumbList\",\"@id\":\"https:\\\/\\\/www.france.fi\\\/fr\\\/sciences-et-universites\\\/nina-cossin-sevrin-carnet-de-voyage-en-antarctique\\\/#breadcrumb\",\"itemListElement\":[{\"@type\":\"ListItem\",\"position\":1,\"name\":\"Home\",\"item\":\"https:\\\/\\\/www.france.fi\\\/fr\\\/\"},{\"@type\":\"ListItem\",\"position\":2,\"name\":\"Sciences et universit\u00e9s\",\"item\":\"https:\\\/\\\/www.france.fi\\\/fr\\\/category\\\/sciences-et-universites\\\/\"},{\"@type\":\"ListItem\",\"position\":3,\"name\":\"Nina Cossin Sevrin\u00a0: Carnet de voyage\u00a0en Antarctique\"}]},{\"@type\":\"WebSite\",\"@id\":\"https:\\\/\\\/www.france.fi\\\/#website\",\"url\":\"https:\\\/\\\/www.france.fi\\\/\",\"name\":\"Institut fran\u00e7ais de Finlande\",\"description\":\"\",\"publisher\":{\"@id\":\"https:\\\/\\\/www.france.fi\\\/#organization\"},\"potentialAction\":[{\"@type\":\"SearchAction\",\"target\":{\"@type\":\"EntryPoint\",\"urlTemplate\":\"https:\\\/\\\/www.france.fi\\\/?s={search_term_string}\"},\"query-input\":{\"@type\":\"PropertyValueSpecification\",\"valueRequired\":true,\"valueName\":\"search_term_string\"}}],\"inLanguage\":\"fr-FR\"},{\"@type\":\"Organization\",\"@id\":\"https:\\\/\\\/www.france.fi\\\/#organization\",\"name\":\"Institut fran\u00e7ais de Finlande\",\"url\":\"https:\\\/\\\/www.france.fi\\\/\",\"logo\":{\"@type\":\"ImageObject\",\"inLanguage\":\"fr-FR\",\"@id\":\"https:\\\/\\\/www.france.fi\\\/#\\\/schema\\\/logo\\\/image\\\/\",\"url\":\"https:\\\/\\\/www.france.fi\\\/wp-content\\\/uploads\\\/2024\\\/02\\\/if-logo-1.png\",\"contentUrl\":\"https:\\\/\\\/www.france.fi\\\/wp-content\\\/uploads\\\/2024\\\/02\\\/if-logo-1.png\",\"width\":687,\"height\":459,\"caption\":\"Institut fran\u00e7ais de Finlande\"},\"image\":{\"@id\":\"https:\\\/\\\/www.france.fi\\\/#\\\/schema\\\/logo\\\/image\\\/\"},\"sameAs\":[\"https:\\\/\\\/www.facebook.com\\\/institutfrancaisfi\",\"https:\\\/\\\/x.com\\\/IFFinlande\",\"https:\\\/\\\/www.instagram.com\\\/iffinlande\\\/\",\"https:\\\/\\\/fr.linkedin.com\\\/organization-guest\\\/company\\\/institut-fran-ais-de-finlande\",\"https:\\\/\\\/www.youtube.com\\\/channel\\\/UCHAitdpmSbeP78eL49XMotA\"]},{\"@type\":\"Person\",\"@id\":\"https:\\\/\\\/www.france.fi\\\/#\\\/schema\\\/person\\\/ed873f29db1d0af6a3600d15d3b65bfd\",\"name\":\"Equipe IFF\",\"image\":{\"@type\":\"ImageObject\",\"inLanguage\":\"fr-FR\",\"@id\":\"https:\\\/\\\/secure.gravatar.com\\\/avatar\\\/3c4ba80228d01014b25e45e90abb28ce315a02c6572751a7fb2298e4274989fc?s=96&d=mm&r=g\",\"url\":\"https:\\\/\\\/secure.gravatar.com\\\/avatar\\\/3c4ba80228d01014b25e45e90abb28ce315a02c6572751a7fb2298e4274989fc?s=96&d=mm&r=g\",\"contentUrl\":\"https:\\\/\\\/secure.gravatar.com\\\/avatar\\\/3c4ba80228d01014b25e45e90abb28ce315a02c6572751a7fb2298e4274989fc?s=96&d=mm&r=g\",\"caption\":\"Equipe IFF\"},\"url\":\"https:\\\/\\\/www.france.fi\\\/fr\\\/author\\\/iffadmin\\\/\"}]}<\/script>\n<!-- \/ Yoast SEO plugin. -->","yoast_head_json":{"title":"Nina Cossin Sevrin\u00a0: Carnet de voyage\u00a0en Antarctique - Institut fran\u00e7ais","robots":{"index":"index","follow":"follow","max-snippet":"max-snippet:-1","max-image-preview":"max-image-preview:large","max-video-preview":"max-video-preview:-1"},"canonical":"https:\/\/www.france.fi\/fr\/sciences-et-universites\/nina-cossin-sevrin-carnet-de-voyage-en-antarctique\/","og_locale":"fr_FR","og_type":"article","og_title":"Nina Cossin Sevrin\u00a0: Carnet de voyage\u00a0en Antarctique - Institut fran\u00e7ais","og_description":"Le caf\u00e9 scientifique du jeudi 14 avril \u00e0 17h aura pour invit\u00e9e la chercheuse Nina Cossin Sevrin qui viendra pr\u00e9senter ses recherches et sa mission de terrain en Antarctique.","og_url":"https:\/\/www.france.fi\/fr\/sciences-et-universites\/nina-cossin-sevrin-carnet-de-voyage-en-antarctique\/","og_site_name":"Institut fran\u00e7ais","article_publisher":"https:\/\/www.facebook.com\/institutfrancaisfi","article_published_time":"2022-03-14T13:20:19+00:00","article_modified_time":"2022-04-28T07:55:53+00:00","og_image":[{"width":1280,"height":720,"url":"https:\/\/www.france.fi\/wp-content\/uploads\/2022\/03\/Crozet-1098x617.png","type":"image\/png"}],"author":"Equipe IFF","twitter_card":"summary_large_image","twitter_creator":"@IFFinlande","twitter_site":"@IFFinlande","twitter_misc":{"\u00c9crit par":"Equipe IFF","Dur\u00e9e de lecture estim\u00e9e":"2 minutes"},"schema":{"@context":"https:\/\/schema.org","@graph":[{"@type":"Article","@id":"https:\/\/www.france.fi\/fr\/sciences-et-universites\/nina-cossin-sevrin-carnet-de-voyage-en-antarctique\/#article","isPartOf":{"@id":"https:\/\/www.france.fi\/fr\/sciences-et-universites\/nina-cossin-sevrin-carnet-de-voyage-en-antarctique\/"},"author":{"name":"Equipe IFF","@id":"https:\/\/www.france.fi\/#\/schema\/person\/ed873f29db1d0af6a3600d15d3b65bfd"},"headline":"Nina Cossin Sevrin\u00a0: Carnet de voyage\u00a0en Antarctique","datePublished":"2022-03-14T13:20:19+00:00","dateModified":"2022-04-28T07:55:53+00:00","mainEntityOfPage":{"@id":"https:\/\/www.france.fi\/fr\/sciences-et-universites\/nina-cossin-sevrin-carnet-de-voyage-en-antarctique\/"},"wordCount":279,"publisher":{"@id":"https:\/\/www.france.fi\/#organization"},"image":{"@id":"https:\/\/www.france.fi\/fr\/sciences-et-universites\/nina-cossin-sevrin-carnet-de-voyage-en-antarctique\/#primaryimage"},"thumbnailUrl":"https:\/\/www.france.fi\/wp-content\/uploads\/2022\/03\/Crozet-1098x617.png","articleSection":["Sciences et universit\u00e9s"],"inLanguage":"fr-FR"},{"@type":"WebPage","@id":"https:\/\/www.france.fi\/fr\/sciences-et-universites\/nina-cossin-sevrin-carnet-de-voyage-en-antarctique\/","url":"https:\/\/www.france.fi\/fr\/sciences-et-universites\/nina-cossin-sevrin-carnet-de-voyage-en-antarctique\/","name":"Nina Cossin Sevrin\u00a0: Carnet de voyage\u00a0en Antarctique - Institut fran\u00e7ais","isPartOf":{"@id":"https:\/\/www.france.fi\/#website"},"primaryImageOfPage":{"@id":"https:\/\/www.france.fi\/fr\/sciences-et-universites\/nina-cossin-sevrin-carnet-de-voyage-en-antarctique\/#primaryimage"},"image":{"@id":"https:\/\/www.france.fi\/fr\/sciences-et-universites\/nina-cossin-sevrin-carnet-de-voyage-en-antarctique\/#primaryimage"},"thumbnailUrl":"https:\/\/www.france.fi\/wp-content\/uploads\/2022\/03\/Crozet-1098x617.png","datePublished":"2022-03-14T13:20:19+00:00","dateModified":"2022-04-28T07:55:53+00:00","breadcrumb":{"@id":"https:\/\/www.france.fi\/fr\/sciences-et-universites\/nina-cossin-sevrin-carnet-de-voyage-en-antarctique\/#breadcrumb"},"inLanguage":"fr-FR","potentialAction":[{"@type":"ReadAction","target":["https:\/\/www.france.fi\/fr\/sciences-et-universites\/nina-cossin-sevrin-carnet-de-voyage-en-antarctique\/"]}]},{"@type":"ImageObject","inLanguage":"fr-FR","@id":"https:\/\/www.france.fi\/fr\/sciences-et-universites\/nina-cossin-sevrin-carnet-de-voyage-en-antarctique\/#primaryimage","url":"https:\/\/www.france.fi\/wp-content\/uploads\/2022\/03\/Crozet-1098x617.png","contentUrl":"https:\/\/www.france.fi\/wp-content\/uploads\/2022\/03\/Crozet-1098x617.png","width":1280,"height":720},{"@type":"BreadcrumbList","@id":"https:\/\/www.france.fi\/fr\/sciences-et-universites\/nina-cossin-sevrin-carnet-de-voyage-en-antarctique\/#breadcrumb","itemListElement":[{"@type":"ListItem","position":1,"name":"Home","item":"https:\/\/www.france.fi\/fr\/"},{"@type":"ListItem","position":2,"name":"Sciences et universit\u00e9s","item":"https:\/\/www.france.fi\/fr\/category\/sciences-et-universites\/"},{"@type":"ListItem","position":3,"name":"Nina Cossin Sevrin\u00a0: Carnet de voyage\u00a0en Antarctique"}]},{"@type":"WebSite","@id":"https:\/\/www.france.fi\/#website","url":"https:\/\/www.france.fi\/","name":"Institut fran\u00e7ais de Finlande","description":"","publisher":{"@id":"https:\/\/www.france.fi\/#organization"},"potentialAction":[{"@type":"SearchAction","target":{"@type":"EntryPoint","urlTemplate":"https:\/\/www.france.fi\/?s={search_term_string}"},"query-input":{"@type":"PropertyValueSpecification","valueRequired":true,"valueName":"search_term_string"}}],"inLanguage":"fr-FR"},{"@type":"Organization","@id":"https:\/\/www.france.fi\/#organization","name":"Institut fran\u00e7ais de Finlande","url":"https:\/\/www.france.fi\/","logo":{"@type":"ImageObject","inLanguage":"fr-FR","@id":"https:\/\/www.france.fi\/#\/schema\/logo\/image\/","url":"https:\/\/www.france.fi\/wp-content\/uploads\/2024\/02\/if-logo-1.png","contentUrl":"https:\/\/www.france.fi\/wp-content\/uploads\/2024\/02\/if-logo-1.png","width":687,"height":459,"caption":"Institut fran\u00e7ais de Finlande"},"image":{"@id":"https:\/\/www.france.fi\/#\/schema\/logo\/image\/"},"sameAs":["https:\/\/www.facebook.com\/institutfrancaisfi","https:\/\/x.com\/IFFinlande","https:\/\/www.instagram.com\/iffinlande\/","https:\/\/fr.linkedin.com\/organization-guest\/company\/institut-fran-ais-de-finlande","https:\/\/www.youtube.com\/channel\/UCHAitdpmSbeP78eL49XMotA"]},{"@type":"Person","@id":"https:\/\/www.france.fi\/#\/schema\/person\/ed873f29db1d0af6a3600d15d3b65bfd","name":"Equipe IFF","image":{"@type":"ImageObject","inLanguage":"fr-FR","@id":"https:\/\/secure.gravatar.com\/avatar\/3c4ba80228d01014b25e45e90abb28ce315a02c6572751a7fb2298e4274989fc?s=96&d=mm&r=g","url":"https:\/\/secure.gravatar.com\/avatar\/3c4ba80228d01014b25e45e90abb28ce315a02c6572751a7fb2298e4274989fc?s=96&d=mm&r=g","contentUrl":"https:\/\/secure.gravatar.com\/avatar\/3c4ba80228d01014b25e45e90abb28ce315a02c6572751a7fb2298e4274989fc?s=96&d=mm&r=g","caption":"Equipe IFF"},"url":"https:\/\/www.france.fi\/fr\/author\/iffadmin\/"}]}},"_links":{"self":[{"href":"https:\/\/www.france.fi\/fr\/wp-json\/wp\/v2\/posts\/8675","targetHints":{"allow":["GET"]}}],"collection":[{"href":"https:\/\/www.france.fi\/fr\/wp-json\/wp\/v2\/posts"}],"about":[{"href":"https:\/\/www.france.fi\/fr\/wp-json\/wp\/v2\/types\/post"}],"author":[{"embeddable":true,"href":"https:\/\/www.france.fi\/fr\/wp-json\/wp\/v2\/users\/2"}],"replies":[{"embeddable":true,"href":"https:\/\/www.france.fi\/fr\/wp-json\/wp\/v2\/comments?post=8675"}],"version-history":[{"count":0,"href":"https:\/\/www.france.fi\/fr\/wp-json\/wp\/v2\/posts\/8675\/revisions"}],"wp:featuredmedia":[{"embeddable":true,"href":"https:\/\/www.france.fi\/fr\/wp-json\/wp\/v2\/media\/8676"}],"wp:attachment":[{"href":"https:\/\/www.france.fi\/fr\/wp-json\/wp\/v2\/media?parent=8675"}],"wp:term":[{"taxonomy":"category","embeddable":true,"href":"https:\/\/www.france.fi\/fr\/wp-json\/wp\/v2\/categories?post=8675"},{"taxonomy":"post_tag","embeddable":true,"href":"https:\/\/www.france.fi\/fr\/wp-json\/wp\/v2\/tags?post=8675"}],"curies":[{"name":"wp","href":"https:\/\/api.w.org\/{rel}","templated":true}]}}