{"id":8820,"date":"2022-03-23T10:25:55","date_gmt":"2022-03-23T08:25:55","guid":{"rendered":"http:\/\/www.france.fi\/?p=8820"},"modified":"2022-09-12T11:34:56","modified_gmt":"2022-09-12T08:34:56","slug":"concours-de-videos-plurilingues-sur-le-theme-sortir-de-chez-soi","status":"publish","type":"post","link":"https:\/\/www.france.fi\/fr\/langue-francaise\/concours-de-videos-plurilingues-sur-le-theme-sortir-de-chez-soi\/","title":{"rendered":"Concours de vid\u00e9os plurilingues sur le th\u00e8me \u201cSortir de chez soi\u201d"},"content":{"rendered":"\n<h4><strong>A vos t\u00e9l\u00e9phones, cam\u00e9ras, ou tablettes&nbsp;! <\/strong><\/h4>\n<p>Le concours de vid\u00e9os plurilingues est ouvert aux coll\u00e9giens ou lyc\u00e9ens finlandais, qui devront envoyer leur vid\u00e9o <strong>pour le 5 mai 2022<\/strong> \u00e0 anne-laure.rigeade@france.fi<\/p>\n<p>A l\u2019issue d\u2019une premi\u00e8re s\u00e9lection nationale, les finalistes verront leurs vid\u00e9os partag\u00e9es et jug\u00e9es par le jury nordique pour le prix international! Une vid\u00e9o par pays (soit 5 vid\u00e9os au total pour les 5 pays) seront en effet retenues par le jury national pour \u00eatre diffus\u00e9es ensuite <strong>le 23 mai 2022<\/strong>, \u00e0 l\u2019occasion de la journ\u00e9e de l\u2019Europe.<\/p>\n<p><strong>Du 23 au 30 mai<\/strong>, ces vid\u00e9os seront soumises \u00e0 un vote par l\u2019ensemble des \u00e9l\u00e8ves des 5 pays. &nbsp;<\/p>\n<p>Produire une vid\u00e9o plurilingue est l\u2019occasion de vivre le plurilinguisme europ\u00e9en dans toute sa dimension ludique et cr\u00e9ative. Le format est donc laiss\u00e9 \u00e0 la libre appr\u00e9ciation de chacun: documentaire, fiction, etc. Chacun peut d\u00e9cider de son format.<\/p>\n<p>En Finlande, les auteurs des six meilleures vid\u00e9os seront r\u00e9compens\u00e9s par une participation offerte \u00e0 une session d\u2019initiation \u00e0 la r\u00e9alisation vid\u00e9o par des professionnels du m\u00e9tier, Academy of Moving People and Images.<\/p>\n<h4><strong>Conditions de participation:&nbsp;<\/strong><\/h4>\n<ul>\n<li>avoir entre 15 et 19 ans<\/li>\n<li>apprendre le fran\u00e7ais dans son lyc\u00e9e ou son coll\u00e8ge<\/li>\n<li>\u00eatre scolaris\u00e9 dans un coll\u00e8ge ou lyc\u00e9e g\u00e9n\u00e9ral ou un lyc\u00e9e professionnel en Finlande<\/li>\n<li>la vid\u00e9o peut \u00eatre une cr\u00e9ation individuelle ou collective<\/li>\n<li>la vid\u00e9o doit \u00eatre plurilingue, \u00eatre envoy\u00e9e au format MP4, traiter du sujet et ne pas exc\u00e9der une dur\u00e9e de 5-6 minutes<\/li>\n<\/ul>\n<h4><strong>Crit\u00e8res d\u2019\u00e9valuation:&nbsp;<\/strong><\/h4>\n<ul>\n<li>le format et la dur\u00e9e: vid\u00e9o doit \u00eatre envoy\u00e9e au format MP4 et durer environ 5 minutes<\/li>\n<li>le plurilinguisme : le film doit m\u00ealer trois langues europ\u00e9ennes (langues des pays de l\u2019union europ\u00e9enne), parmi lesquelles le fran\u00e7ais (<strong>crit\u00e8re \u00e9liminatoire si non respect\u00e9<\/strong>)<\/li>\n<li>le sujet: le film doit r\u00e9pondre \u00e0 la th\u00e9matique propos\u00e9e (\u201csortir de chez soi\u201d)<\/li>\n<li>la qualit\u00e9 du sc\u00e9nario<\/li>\n<li>l\u2019originalit\u00e9 de la cr\u00e9ation<\/li>\n<li>la qualit\u00e9 de la r\u00e9alisation et du montage<\/li>\n<\/ul>\n<h4><strong>Modalit\u00e9s de participation et dates \u00e0 retenir:&nbsp;<\/strong><\/h4>\n<ol>\n<li>Au plus tard le 21 mai 2022 : envoyer sa vid\u00e9o \u00e0 l\u2019Institut fran\u00e7ais de Finlande \u00e0 l\u2019adresse mail suivante : <a href=\"mailto:anne-laure.rigeade@france.fi\">anne-laure.rigeade@france.fi<\/a><br>\n<p>Les vid\u00e9os devront \u00eatre transmises dans un seul dossier WeTransfer avec&nbsp;<\/p>\n<p>(1) les formulaires compl\u00e9t\u00e9s autorisant l\u2019Institut fran\u00e7ais de Finlande \u00e0 partager la vid\u00e9o sur son site Web, ses r\u00e9seaux sociaux et pendant les \u00e9v\u00e9nements de promotion de l\u2019enseignement fran\u00e7ais. <strong><a href=\"http:\/\/www.france.fi\/wp-content\/uploads\/2022\/03\/Autorisation-dexploitation-video.pdf\" target=\"_blank\" rel=\"noopener\">Chaque personne apparaissant sur la video ou ayant particip\u00e9 \u00e0 la vid\u00e9o doit&nbsp; remplir un formulaire compl\u00e9t\u00e9 par personne visible dans la vid\u00e9o<\/a><u>;<\/u>&nbsp;<\/strong><\/p>\n<p>(2) la vid\u00e9o. &nbsp;<br>Ce fichier WeTransfer sera adress\u00e9 \u00e0 <a href=\"mailto:anne-laure.rigeade@france\">anne-laure.rigeade@france<\/a> .fi. Dans le mail, le participant pr\u00e9cisera son pr\u00e9nom, son nom, son \u00e9cole, le titre de sa vid\u00e9o, quelques lignes pour pr\u00e9senter sa vid\u00e9o (en finnois, en anglais et si possible en fran\u00e7ais) et la liste des participants apparaissant dans la video. &nbsp;<\/p>\n<br><br><\/li>\n<li>Avant le 30 mai 2022: voter pour sa vid\u00e9o pr\u00e9f\u00e9r\u00e9e parmi la s\u00e9lection nordique.<\/li>\n<\/ol>\n<p><strong>&nbsp;Attention&nbsp;: les participants ne peuvent pas voter pour leur propre pays.<\/strong><\/p>\n<h4><strong>Prix<\/strong><\/h4>\n<h5><strong>1.Premier prix national: <\/strong><\/h5>\n<p><strong>Les six auteurs des six meilleures vid\u00e9os<\/strong> se verront r\u00e9compens\u00e9s par une formation gratuite d\u2019initiation \u00e0 la r\u00e9alisation par Academy of Moving People and Images, qui aura lieu \u00e0 l\u2019automne 2022&nbsp;! Une occasion exceptionnelle pour d\u00e9couvrir l\u2019\u00e9criture sc\u00e9naristique, le tournage et le montage. Cette formation sera d\u00e9livr\u00e9e en anglais et en fran\u00e7ais. Le calendrier sera d\u00e9taill\u00e9 prochainement&nbsp;!<\/p>\n<h5><strong>2.Premier prix international nordique :<\/strong><\/h5>\n<p>un \u00e9quipement pour vlogger avec son t\u00e9l\u00e9phone !<\/p>\n<p><a href=\"http:\/\/www.france.fi\/wp-content\/uploads\/2022\/03\/set-video.jpg\"><img loading=\"lazy\" decoding=\"async\" class=\"aligncenter size-medium wp-image-8488\" src=\"http:\/\/www.france.fi\/wp-content\/uploads\/2022\/03\/set-video-225x300.jpg\" alt=\"\" width=\"225\" height=\"300\" srcset=\"https:\/\/www.france.fi\/wp-content\/uploads\/2022\/03\/set-video-225x300.jpg 225w, https:\/\/www.france.fi\/wp-content\/uploads\/2022\/03\/set-video.jpg 339w\" sizes=\"auto, (max-width: 225px) 100vw, 225px\" \/><\/a><strong><a href=\"http:\/\/www.france.fi\/wp-content\/uploads\/2022\/03\/Reglement-concours-national.pdf\">R\u00e8glement concours national<\/a><\/strong><\/p>\n<p><strong><a href=\"http:\/\/www.france.fi\/wp-content\/uploads\/2022\/03\/Reglement-concours-regional.pdf\" target=\"_blank\" rel=\"noopener\">R\u00e8glement concours r\u00e9gional<\/a><\/strong><\/p>\n\n\n\n<p><\/p>\n","protected":false},"excerpt":{"rendered":"<p>Dans le cadre de la PFUE, les Instituts fran\u00e7ais du Danemark, d\u2019Estonie, de Finlande, de Norv\u00e8ge et de Su\u00e8de, organisent un concours de vid\u00e9os plurilingues ! Les coll\u00e9giens ou lyc\u00e9ens doivent envoyer leur vid\u00e9o pour le 21 mai 2022, puis pourront participer au vote du prix nordique du 23 au 30 mai !<\/p>\n","protected":false},"author":2,"featured_media":8821,"comment_status":"closed","ping_status":"open","sticky":false,"template":"","format":"standard","meta":{"footnotes":""},"categories":[45],"tags":[],"class_list":["post-8820","post","type-post","status-publish","format-standard","has-post-thumbnail","hentry","category-langue-francaise"],"yoast_head":"<!-- This site is optimized with the Yoast SEO plugin v27.4 - https:\/\/yoast.com\/product\/yoast-seo-wordpress\/ -->\n<title>Concours de vid\u00e9os plurilingues sur le th\u00e8me \u201cSortir de chez soi\u201d - Institut fran\u00e7ais<\/title>\n<meta name=\"robots\" content=\"index, follow, max-snippet:-1, max-image-preview:large, max-video-preview:-1\" \/>\n<link rel=\"canonical\" href=\"https:\/\/www.france.fi\/fr\/langue-francaise\/concours-de-videos-plurilingues-sur-le-theme-sortir-de-chez-soi\/\" \/>\n<meta property=\"og:locale\" content=\"fr_FR\" \/>\n<meta property=\"og:type\" content=\"article\" \/>\n<meta property=\"og:title\" content=\"Concours de vid\u00e9os plurilingues sur le th\u00e8me \u201cSortir de chez soi\u201d - Institut fran\u00e7ais\" \/>\n<meta property=\"og:description\" content=\"Dans le cadre de la PFUE, les Instituts fran\u00e7ais du Danemark, d\u2019Estonie, de Finlande, de Norv\u00e8ge et de Su\u00e8de, organisent un concours de vid\u00e9os plurilingues ! Les coll\u00e9giens ou lyc\u00e9ens doivent envoyer leur vid\u00e9o pour le 21 mai 2022, puis pourront participer au vote du prix nordique du 23 au 30 mai !\" \/>\n<meta property=\"og:url\" content=\"https:\/\/www.france.fi\/fr\/langue-francaise\/concours-de-videos-plurilingues-sur-le-theme-sortir-de-chez-soi\/\" \/>\n<meta property=\"og:site_name\" content=\"Institut fran\u00e7ais\" \/>\n<meta property=\"article:publisher\" content=\"https:\/\/www.facebook.com\/institutfrancaisfi\" \/>\n<meta property=\"article:published_time\" content=\"2022-03-23T08:25:55+00:00\" \/>\n<meta property=\"article:modified_time\" content=\"2022-09-12T08:34:56+00:00\" \/>\n<meta property=\"og:image\" content=\"https:\/\/www.france.fi\/wp-content\/uploads\/2022\/03\/video_facebook-1098x617.jpg\" \/>\n\t<meta property=\"og:image:width\" content=\"1280\" \/>\n\t<meta property=\"og:image:height\" content=\"720\" \/>\n\t<meta property=\"og:image:type\" content=\"image\/jpeg\" \/>\n<meta name=\"author\" content=\"Equipe IFF\" \/>\n<meta name=\"twitter:card\" content=\"summary_large_image\" \/>\n<meta name=\"twitter:creator\" content=\"@IFFinlande\" \/>\n<meta name=\"twitter:site\" content=\"@IFFinlande\" \/>\n<meta name=\"twitter:label1\" content=\"\u00c9crit par\" \/>\n\t<meta name=\"twitter:data1\" content=\"Equipe IFF\" \/>\n\t<meta name=\"twitter:label2\" content=\"Dur\u00e9e de lecture estim\u00e9e\" \/>\n\t<meta name=\"twitter:data2\" content=\"4 minutes\" \/>\n<script type=\"application\/ld+json\" class=\"yoast-schema-graph\">{\"@context\":\"https:\\\/\\\/schema.org\",\"@graph\":[{\"@type\":\"Article\",\"@id\":\"https:\\\/\\\/www.france.fi\\\/fr\\\/langue-francaise\\\/concours-de-videos-plurilingues-sur-le-theme-sortir-de-chez-soi\\\/#article\",\"isPartOf\":{\"@id\":\"https:\\\/\\\/www.france.fi\\\/fr\\\/langue-francaise\\\/concours-de-videos-plurilingues-sur-le-theme-sortir-de-chez-soi\\\/\"},\"author\":{\"name\":\"Equipe IFF\",\"@id\":\"https:\\\/\\\/www.france.fi\\\/#\\\/schema\\\/person\\\/ed873f29db1d0af6a3600d15d3b65bfd\"},\"headline\":\"Concours de vid\u00e9os plurilingues sur le th\u00e8me \u201cSortir de chez soi\u201d\",\"datePublished\":\"2022-03-23T08:25:55+00:00\",\"dateModified\":\"2022-09-12T08:34:56+00:00\",\"mainEntityOfPage\":{\"@id\":\"https:\\\/\\\/www.france.fi\\\/fr\\\/langue-francaise\\\/concours-de-videos-plurilingues-sur-le-theme-sortir-de-chez-soi\\\/\"},\"wordCount\":676,\"publisher\":{\"@id\":\"https:\\\/\\\/www.france.fi\\\/#organization\"},\"image\":{\"@id\":\"https:\\\/\\\/www.france.fi\\\/fr\\\/langue-francaise\\\/concours-de-videos-plurilingues-sur-le-theme-sortir-de-chez-soi\\\/#primaryimage\"},\"thumbnailUrl\":\"https:\\\/\\\/www.france.fi\\\/wp-content\\\/uploads\\\/2022\\\/03\\\/video_facebook-1098x617.jpg\",\"articleSection\":[\"Langue fran\u00e7aise\"],\"inLanguage\":\"fr-FR\"},{\"@type\":\"WebPage\",\"@id\":\"https:\\\/\\\/www.france.fi\\\/fr\\\/langue-francaise\\\/concours-de-videos-plurilingues-sur-le-theme-sortir-de-chez-soi\\\/\",\"url\":\"https:\\\/\\\/www.france.fi\\\/fr\\\/langue-francaise\\\/concours-de-videos-plurilingues-sur-le-theme-sortir-de-chez-soi\\\/\",\"name\":\"Concours de vid\u00e9os plurilingues sur le th\u00e8me \u201cSortir de chez soi\u201d - Institut fran\u00e7ais\",\"isPartOf\":{\"@id\":\"https:\\\/\\\/www.france.fi\\\/#website\"},\"primaryImageOfPage\":{\"@id\":\"https:\\\/\\\/www.france.fi\\\/fr\\\/langue-francaise\\\/concours-de-videos-plurilingues-sur-le-theme-sortir-de-chez-soi\\\/#primaryimage\"},\"image\":{\"@id\":\"https:\\\/\\\/www.france.fi\\\/fr\\\/langue-francaise\\\/concours-de-videos-plurilingues-sur-le-theme-sortir-de-chez-soi\\\/#primaryimage\"},\"thumbnailUrl\":\"https:\\\/\\\/www.france.fi\\\/wp-content\\\/uploads\\\/2022\\\/03\\\/video_facebook-1098x617.jpg\",\"datePublished\":\"2022-03-23T08:25:55+00:00\",\"dateModified\":\"2022-09-12T08:34:56+00:00\",\"breadcrumb\":{\"@id\":\"https:\\\/\\\/www.france.fi\\\/fr\\\/langue-francaise\\\/concours-de-videos-plurilingues-sur-le-theme-sortir-de-chez-soi\\\/#breadcrumb\"},\"inLanguage\":\"fr-FR\",\"potentialAction\":[{\"@type\":\"ReadAction\",\"target\":[\"https:\\\/\\\/www.france.fi\\\/fr\\\/langue-francaise\\\/concours-de-videos-plurilingues-sur-le-theme-sortir-de-chez-soi\\\/\"]}]},{\"@type\":\"ImageObject\",\"inLanguage\":\"fr-FR\",\"@id\":\"https:\\\/\\\/www.france.fi\\\/fr\\\/langue-francaise\\\/concours-de-videos-plurilingues-sur-le-theme-sortir-de-chez-soi\\\/#primaryimage\",\"url\":\"https:\\\/\\\/www.france.fi\\\/wp-content\\\/uploads\\\/2022\\\/03\\\/video_facebook-1098x617.jpg\",\"contentUrl\":\"https:\\\/\\\/www.france.fi\\\/wp-content\\\/uploads\\\/2022\\\/03\\\/video_facebook-1098x617.jpg\",\"width\":1280,\"height\":720},{\"@type\":\"BreadcrumbList\",\"@id\":\"https:\\\/\\\/www.france.fi\\\/fr\\\/langue-francaise\\\/concours-de-videos-plurilingues-sur-le-theme-sortir-de-chez-soi\\\/#breadcrumb\",\"itemListElement\":[{\"@type\":\"ListItem\",\"position\":1,\"name\":\"Home\",\"item\":\"https:\\\/\\\/www.france.fi\\\/fr\\\/\"},{\"@type\":\"ListItem\",\"position\":2,\"name\":\"Langue fran\u00e7aise\",\"item\":\"https:\\\/\\\/www.france.fi\\\/fr\\\/category\\\/langue-francaise\\\/\"},{\"@type\":\"ListItem\",\"position\":3,\"name\":\"Concours de vid\u00e9os plurilingues sur le th\u00e8me \u201cSortir de chez soi\u201d\"}]},{\"@type\":\"WebSite\",\"@id\":\"https:\\\/\\\/www.france.fi\\\/#website\",\"url\":\"https:\\\/\\\/www.france.fi\\\/\",\"name\":\"Institut fran\u00e7ais de Finlande\",\"description\":\"\",\"publisher\":{\"@id\":\"https:\\\/\\\/www.france.fi\\\/#organization\"},\"potentialAction\":[{\"@type\":\"SearchAction\",\"target\":{\"@type\":\"EntryPoint\",\"urlTemplate\":\"https:\\\/\\\/www.france.fi\\\/?s={search_term_string}\"},\"query-input\":{\"@type\":\"PropertyValueSpecification\",\"valueRequired\":true,\"valueName\":\"search_term_string\"}}],\"inLanguage\":\"fr-FR\"},{\"@type\":\"Organization\",\"@id\":\"https:\\\/\\\/www.france.fi\\\/#organization\",\"name\":\"Institut fran\u00e7ais de Finlande\",\"url\":\"https:\\\/\\\/www.france.fi\\\/\",\"logo\":{\"@type\":\"ImageObject\",\"inLanguage\":\"fr-FR\",\"@id\":\"https:\\\/\\\/www.france.fi\\\/#\\\/schema\\\/logo\\\/image\\\/\",\"url\":\"https:\\\/\\\/www.france.fi\\\/wp-content\\\/uploads\\\/2024\\\/02\\\/if-logo-1.png\",\"contentUrl\":\"https:\\\/\\\/www.france.fi\\\/wp-content\\\/uploads\\\/2024\\\/02\\\/if-logo-1.png\",\"width\":687,\"height\":459,\"caption\":\"Institut fran\u00e7ais de Finlande\"},\"image\":{\"@id\":\"https:\\\/\\\/www.france.fi\\\/#\\\/schema\\\/logo\\\/image\\\/\"},\"sameAs\":[\"https:\\\/\\\/www.facebook.com\\\/institutfrancaisfi\",\"https:\\\/\\\/x.com\\\/IFFinlande\",\"https:\\\/\\\/www.instagram.com\\\/iffinlande\\\/\",\"https:\\\/\\\/fr.linkedin.com\\\/organization-guest\\\/company\\\/institut-fran-ais-de-finlande\",\"https:\\\/\\\/www.youtube.com\\\/channel\\\/UCHAitdpmSbeP78eL49XMotA\"]},{\"@type\":\"Person\",\"@id\":\"https:\\\/\\\/www.france.fi\\\/#\\\/schema\\\/person\\\/ed873f29db1d0af6a3600d15d3b65bfd\",\"name\":\"Equipe IFF\",\"image\":{\"@type\":\"ImageObject\",\"inLanguage\":\"fr-FR\",\"@id\":\"https:\\\/\\\/secure.gravatar.com\\\/avatar\\\/3c4ba80228d01014b25e45e90abb28ce315a02c6572751a7fb2298e4274989fc?s=96&d=mm&r=g\",\"url\":\"https:\\\/\\\/secure.gravatar.com\\\/avatar\\\/3c4ba80228d01014b25e45e90abb28ce315a02c6572751a7fb2298e4274989fc?s=96&d=mm&r=g\",\"contentUrl\":\"https:\\\/\\\/secure.gravatar.com\\\/avatar\\\/3c4ba80228d01014b25e45e90abb28ce315a02c6572751a7fb2298e4274989fc?s=96&d=mm&r=g\",\"caption\":\"Equipe IFF\"},\"url\":\"https:\\\/\\\/www.france.fi\\\/fr\\\/author\\\/iffadmin\\\/\"}]}<\/script>\n<!-- \/ Yoast SEO plugin. -->","yoast_head_json":{"title":"Concours de vid\u00e9os plurilingues sur le th\u00e8me \u201cSortir de chez soi\u201d - Institut fran\u00e7ais","robots":{"index":"index","follow":"follow","max-snippet":"max-snippet:-1","max-image-preview":"max-image-preview:large","max-video-preview":"max-video-preview:-1"},"canonical":"https:\/\/www.france.fi\/fr\/langue-francaise\/concours-de-videos-plurilingues-sur-le-theme-sortir-de-chez-soi\/","og_locale":"fr_FR","og_type":"article","og_title":"Concours de vid\u00e9os plurilingues sur le th\u00e8me \u201cSortir de chez soi\u201d - Institut fran\u00e7ais","og_description":"Dans le cadre de la PFUE, les Instituts fran\u00e7ais du Danemark, d\u2019Estonie, de Finlande, de Norv\u00e8ge et de Su\u00e8de, organisent un concours de vid\u00e9os plurilingues ! Les coll\u00e9giens ou lyc\u00e9ens doivent envoyer leur vid\u00e9o pour le 21 mai 2022, puis pourront participer au vote du prix nordique du 23 au 30 mai !","og_url":"https:\/\/www.france.fi\/fr\/langue-francaise\/concours-de-videos-plurilingues-sur-le-theme-sortir-de-chez-soi\/","og_site_name":"Institut fran\u00e7ais","article_publisher":"https:\/\/www.facebook.com\/institutfrancaisfi","article_published_time":"2022-03-23T08:25:55+00:00","article_modified_time":"2022-09-12T08:34:56+00:00","og_image":[{"width":1280,"height":720,"url":"https:\/\/www.france.fi\/wp-content\/uploads\/2022\/03\/video_facebook-1098x617.jpg","type":"image\/jpeg"}],"author":"Equipe IFF","twitter_card":"summary_large_image","twitter_creator":"@IFFinlande","twitter_site":"@IFFinlande","twitter_misc":{"\u00c9crit par":"Equipe IFF","Dur\u00e9e de lecture estim\u00e9e":"4 minutes"},"schema":{"@context":"https:\/\/schema.org","@graph":[{"@type":"Article","@id":"https:\/\/www.france.fi\/fr\/langue-francaise\/concours-de-videos-plurilingues-sur-le-theme-sortir-de-chez-soi\/#article","isPartOf":{"@id":"https:\/\/www.france.fi\/fr\/langue-francaise\/concours-de-videos-plurilingues-sur-le-theme-sortir-de-chez-soi\/"},"author":{"name":"Equipe IFF","@id":"https:\/\/www.france.fi\/#\/schema\/person\/ed873f29db1d0af6a3600d15d3b65bfd"},"headline":"Concours de vid\u00e9os plurilingues sur le th\u00e8me \u201cSortir de chez soi\u201d","datePublished":"2022-03-23T08:25:55+00:00","dateModified":"2022-09-12T08:34:56+00:00","mainEntityOfPage":{"@id":"https:\/\/www.france.fi\/fr\/langue-francaise\/concours-de-videos-plurilingues-sur-le-theme-sortir-de-chez-soi\/"},"wordCount":676,"publisher":{"@id":"https:\/\/www.france.fi\/#organization"},"image":{"@id":"https:\/\/www.france.fi\/fr\/langue-francaise\/concours-de-videos-plurilingues-sur-le-theme-sortir-de-chez-soi\/#primaryimage"},"thumbnailUrl":"https:\/\/www.france.fi\/wp-content\/uploads\/2022\/03\/video_facebook-1098x617.jpg","articleSection":["Langue fran\u00e7aise"],"inLanguage":"fr-FR"},{"@type":"WebPage","@id":"https:\/\/www.france.fi\/fr\/langue-francaise\/concours-de-videos-plurilingues-sur-le-theme-sortir-de-chez-soi\/","url":"https:\/\/www.france.fi\/fr\/langue-francaise\/concours-de-videos-plurilingues-sur-le-theme-sortir-de-chez-soi\/","name":"Concours de vid\u00e9os plurilingues sur le th\u00e8me \u201cSortir de chez soi\u201d - Institut fran\u00e7ais","isPartOf":{"@id":"https:\/\/www.france.fi\/#website"},"primaryImageOfPage":{"@id":"https:\/\/www.france.fi\/fr\/langue-francaise\/concours-de-videos-plurilingues-sur-le-theme-sortir-de-chez-soi\/#primaryimage"},"image":{"@id":"https:\/\/www.france.fi\/fr\/langue-francaise\/concours-de-videos-plurilingues-sur-le-theme-sortir-de-chez-soi\/#primaryimage"},"thumbnailUrl":"https:\/\/www.france.fi\/wp-content\/uploads\/2022\/03\/video_facebook-1098x617.jpg","datePublished":"2022-03-23T08:25:55+00:00","dateModified":"2022-09-12T08:34:56+00:00","breadcrumb":{"@id":"https:\/\/www.france.fi\/fr\/langue-francaise\/concours-de-videos-plurilingues-sur-le-theme-sortir-de-chez-soi\/#breadcrumb"},"inLanguage":"fr-FR","potentialAction":[{"@type":"ReadAction","target":["https:\/\/www.france.fi\/fr\/langue-francaise\/concours-de-videos-plurilingues-sur-le-theme-sortir-de-chez-soi\/"]}]},{"@type":"ImageObject","inLanguage":"fr-FR","@id":"https:\/\/www.france.fi\/fr\/langue-francaise\/concours-de-videos-plurilingues-sur-le-theme-sortir-de-chez-soi\/#primaryimage","url":"https:\/\/www.france.fi\/wp-content\/uploads\/2022\/03\/video_facebook-1098x617.jpg","contentUrl":"https:\/\/www.france.fi\/wp-content\/uploads\/2022\/03\/video_facebook-1098x617.jpg","width":1280,"height":720},{"@type":"BreadcrumbList","@id":"https:\/\/www.france.fi\/fr\/langue-francaise\/concours-de-videos-plurilingues-sur-le-theme-sortir-de-chez-soi\/#breadcrumb","itemListElement":[{"@type":"ListItem","position":1,"name":"Home","item":"https:\/\/www.france.fi\/fr\/"},{"@type":"ListItem","position":2,"name":"Langue fran\u00e7aise","item":"https:\/\/www.france.fi\/fr\/category\/langue-francaise\/"},{"@type":"ListItem","position":3,"name":"Concours de vid\u00e9os plurilingues sur le th\u00e8me \u201cSortir de chez soi\u201d"}]},{"@type":"WebSite","@id":"https:\/\/www.france.fi\/#website","url":"https:\/\/www.france.fi\/","name":"Institut fran\u00e7ais de Finlande","description":"","publisher":{"@id":"https:\/\/www.france.fi\/#organization"},"potentialAction":[{"@type":"SearchAction","target":{"@type":"EntryPoint","urlTemplate":"https:\/\/www.france.fi\/?s={search_term_string}"},"query-input":{"@type":"PropertyValueSpecification","valueRequired":true,"valueName":"search_term_string"}}],"inLanguage":"fr-FR"},{"@type":"Organization","@id":"https:\/\/www.france.fi\/#organization","name":"Institut fran\u00e7ais de Finlande","url":"https:\/\/www.france.fi\/","logo":{"@type":"ImageObject","inLanguage":"fr-FR","@id":"https:\/\/www.france.fi\/#\/schema\/logo\/image\/","url":"https:\/\/www.france.fi\/wp-content\/uploads\/2024\/02\/if-logo-1.png","contentUrl":"https:\/\/www.france.fi\/wp-content\/uploads\/2024\/02\/if-logo-1.png","width":687,"height":459,"caption":"Institut fran\u00e7ais de Finlande"},"image":{"@id":"https:\/\/www.france.fi\/#\/schema\/logo\/image\/"},"sameAs":["https:\/\/www.facebook.com\/institutfrancaisfi","https:\/\/x.com\/IFFinlande","https:\/\/www.instagram.com\/iffinlande\/","https:\/\/fr.linkedin.com\/organization-guest\/company\/institut-fran-ais-de-finlande","https:\/\/www.youtube.com\/channel\/UCHAitdpmSbeP78eL49XMotA"]},{"@type":"Person","@id":"https:\/\/www.france.fi\/#\/schema\/person\/ed873f29db1d0af6a3600d15d3b65bfd","name":"Equipe IFF","image":{"@type":"ImageObject","inLanguage":"fr-FR","@id":"https:\/\/secure.gravatar.com\/avatar\/3c4ba80228d01014b25e45e90abb28ce315a02c6572751a7fb2298e4274989fc?s=96&d=mm&r=g","url":"https:\/\/secure.gravatar.com\/avatar\/3c4ba80228d01014b25e45e90abb28ce315a02c6572751a7fb2298e4274989fc?s=96&d=mm&r=g","contentUrl":"https:\/\/secure.gravatar.com\/avatar\/3c4ba80228d01014b25e45e90abb28ce315a02c6572751a7fb2298e4274989fc?s=96&d=mm&r=g","caption":"Equipe IFF"},"url":"https:\/\/www.france.fi\/fr\/author\/iffadmin\/"}]}},"_links":{"self":[{"href":"https:\/\/www.france.fi\/fr\/wp-json\/wp\/v2\/posts\/8820","targetHints":{"allow":["GET"]}}],"collection":[{"href":"https:\/\/www.france.fi\/fr\/wp-json\/wp\/v2\/posts"}],"about":[{"href":"https:\/\/www.france.fi\/fr\/wp-json\/wp\/v2\/types\/post"}],"author":[{"embeddable":true,"href":"https:\/\/www.france.fi\/fr\/wp-json\/wp\/v2\/users\/2"}],"replies":[{"embeddable":true,"href":"https:\/\/www.france.fi\/fr\/wp-json\/wp\/v2\/comments?post=8820"}],"version-history":[{"count":0,"href":"https:\/\/www.france.fi\/fr\/wp-json\/wp\/v2\/posts\/8820\/revisions"}],"wp:featuredmedia":[{"embeddable":true,"href":"https:\/\/www.france.fi\/fr\/wp-json\/wp\/v2\/media\/8821"}],"wp:attachment":[{"href":"https:\/\/www.france.fi\/fr\/wp-json\/wp\/v2\/media?parent=8820"}],"wp:term":[{"taxonomy":"category","embeddable":true,"href":"https:\/\/www.france.fi\/fr\/wp-json\/wp\/v2\/categories?post=8820"},{"taxonomy":"post_tag","embeddable":true,"href":"https:\/\/www.france.fi\/fr\/wp-json\/wp\/v2\/tags?post=8820"}],"curies":[{"name":"wp","href":"https:\/\/api.w.org\/{rel}","templated":true}]}}