{"id":8836,"date":"2022-03-24T12:42:53","date_gmt":"2022-03-24T10:42:53","guid":{"rendered":"http:\/\/www.france.fi\/?p=8836"},"modified":"2022-10-10T16:12:51","modified_gmt":"2022-10-10T13:12:51","slug":"27-musiciens-un-orchestre-une-europe","status":"publish","type":"post","link":"https:\/\/www.france.fi\/fr\/culture\/27-musiciens-un-orchestre-une-europe\/","title":{"rendered":"27 musiciens, un orchestre, une Europe\u00a0!"},"content":{"rendered":"\r\n<p>\u00ab\u00a0L\u2019Europe, avant d\u2019\u00eatre une alliance militaire ou une entit\u00e9 \u00e9conomique doit \u00eatre une communaut\u00e9 culturelle dans le sens le plus \u00e9lev\u00e9 du terme\u00a0\u00bb, a d\u00e9clar\u00e9 Robert Schuman. L\u2019Institut Fran\u00e7ais de Finlande a pris au mot ce p\u00e8re fondateur de l\u2019Europe en cr\u00e9ant un \u00ab\u00a0orchestre de la PFUE\u00a0\u00bb pour un concert unique destin\u00e9 \u00e0 marquer la Pr\u00e9sidence fran\u00e7aise du Conseil de l\u2019Union europ\u00e9enne. 27 jeunes musiciens issus des 27 pays de l\u2019Union europ\u00e9enne ont uni leur talent pour interpr\u00e9ter le final du \u00ab\u00a0Carnaval des Animaux\u00a0\u00bb, du compositeur fran\u00e7ais Camille Saint-Sa\u00ebns.<\/p>\r\n<p><div class=\"rve\" data-content-width=\"580\"><iframe loading=\"lazy\" title=\"Concert classique virtuel orchestre PFUE\" width=\"580\" height=\"326\" src=\"https:\/\/www.youtube.com\/embed\/rSLNLNJqTbc?feature=oembed\" frameborder=\"0\" allow=\"accelerometer; autoplay; clipboard-write; encrypted-media; gyroscope; picture-in-picture; web-share\" referrerpolicy=\"strict-origin-when-cross-origin\" allowfullscreen><\/iframe><\/div><!-- Responsive Video Embeds plugin by www.kevinleary.net --><\/p>\r\n<p>En bonus, et afin de comprendre le r\u00f4le que prend chaque instrument dans la composition finale, vous pourrez isoler chaque musicien afin d\u2019appr\u00e9cier le travail individuel de ces artistes de talent.<\/p>\r\n<p>Le r\u00e9sultat est envo\u00fbtant\u00a0!<\/p>\r\n<p><strong>Direction et coordination Dimitri Soudoplatoff<\/strong><br \/><strong>avec l\u2019aide de James Salomon Kahane<\/strong><\/p>\r\n<table style=\"height: 30px; border-collapse: collapse; border-style: hidden; width: 193%;\">\r\n<tbody>\r\n<tr style=\"height: 30px;\">\r\n<td style=\"height: 30px; vertical-align: top; border-style: hidden; width: 33.9831%;\"><strong>Piano<\/strong><\/td>\r\n<td style=\"height: 30px; vertical-align: top; border-style: hidden; width: 33.4746%;\">\u00a0<\/td>\r\n<td style=\"height: 30px; vertical-align: top; border-style: hidden; width: 32.5424%;\">\u00a0<\/td>\r\n<\/tr>\r\n<tr style=\"height: 30px;\">\r\n<td style=\"vertical-align: top; height: 720px; border-style: hidden; width: 33.9831%;\">\r\n<p><iframe src=\"\/\/www.youtube.com\/embed\/JDi9GAkcpDo\" allowfullscreen=\"allowfullscreen\" data-mce-fragment=\"1\"><\/iframe><\/p>\r\n<p style=\"text-align: left;\"><strong>Aaron Haola Piano, Finland<\/strong><br \/>I&rsquo;m pianist, composer and pedagogue and master student of the Sibelius-Academy. I like especially solo playing and lied, chamber music and many artistic projects like music video projects. Contemporary music is one of my strongest interests.<\/p>\r\n<\/td>\r\n<td style=\"height: 720px; vertical-align: top; border-style: hidden; width: 33.4746%;\">\r\n<p><iframe src=\"\/\/www.youtube.com\/embed\/b2HokBqTmiY\" allowfullscreen=\"allowfullscreen\" data-mce-fragment=\"1\"><\/iframe><\/p>\r\n<p style=\"text-align: left;\"><strong>Akvil\u0117 \u0160ileikait\u0117, Piano, Lithuania<\/strong><br \/>Lithuanian pianist, photographer, painter. Because of Akvil\u0117 \u0160ileikait\u0117\u2019s great interest in chamber, orchestra and new music, her repertoire consists of a wide scope of different styles and compositions. Due to her enthusiastic attitude towards working with various instrumentalists, her exceptional skills, curiosity and passion for music, she is often asked to join musicians, ensembles, orchestras and take part in a variety of music projects all over the world.<\/p>\r\n<\/td>\r\n<td style=\"height: 720px; vertical-align: top; border-style: hidden; width: 32.5424%;\">\u00a0<\/td>\r\n<\/tr>\r\n<tr style=\"height: 30px;\">\r\n<td style=\"height: 30px; vertical-align: top; border-style: hidden; width: 33.9831%;\"><strong>Violin 1<\/strong><\/td>\r\n<td style=\"height: 30px; vertical-align: top; border-style: hidden; width: 33.4746%;\">\u00a0<\/td>\r\n<td style=\"height: 30px; vertical-align: top; border-style: hidden; width: 32.5424%;\">\u00a0<\/td>\r\n<\/tr>\r\n<tr style=\"height: 30px;\">\r\n<td style=\"height: 30px; vertical-align: top; border-style: hidden; width: 33.9831%;\">\r\n<p><iframe src=\"\/\/www.youtube.com\/embed\/MOdgTWXjGV8\" allowfullscreen=\"allowfullscreen\" data-mce-fragment=\"1\"><\/iframe><\/p>\r\n<p style=\"text-align: left;\"><strong>Aino Szalai, Violin 1, Hungary<\/strong><br \/>I\u2019m a half Hungarian, half Finnish violinist based in Helsinki. I\u2019m finishing my master\u2019s degree at the Sibelius Academy next year. https:\/\/www.instagram.com\/szalaino\/<\/p>\r\n<\/td>\r\n<td style=\"height: 30px; vertical-align: top; border-style: hidden; width: 33.4746%;\">\r\n<p><iframe src=\"\/\/www.youtube.com\/embed\/p9ufFq4hFlg\" allowfullscreen=\"allowfullscreen\" data-mce-fragment=\"1\"><\/iframe><\/p>\r\n<p><strong>Gloria Ilves, Violin 1, Estonia<\/strong><br \/>Estonian violinist, currently studying at the Sibelius Academy in Finland. Always happy to make wonderful music together with fellow musicians around the world. I strongly believe that music can connect people from near and far. Together we can make the world more peaceful and brighter place.<\/p>\r\n<\/td>\r\n<td style=\"height: 30px; vertical-align: top; border-style: hidden; width: 32.5424%;\">\r\n<p><iframe src=\"\/\/www.youtube.com\/embed\/nJhpVpxKv3Q\" allowfullscreen=\"allowfullscreen\" data-mce-fragment=\"1\"><\/iframe><\/p>\r\n<p><strong>Marios Loannou, Violin 1, Cyprus<\/strong><br \/>Marios Ioannou (Violin): 27 years old BMus at Trinity Laban Conservatoire of Music and Dance, London MMus at Royal Academy of Music, London Member of Cyprus Symphony Orchestra since 2018<\/p>\r\n<\/td>\r\n<\/tr>\r\n<tr style=\"height: 30px;\">\r\n<td style=\"height: 30px; vertical-align: top; border-style: hidden; width: 33.9831%;\">\r\n<p><iframe src=\"\/\/www.youtube.com\/embed\/IaF-tDJLwbg\" allowfullscreen=\"allowfullscreen\" data-mce-fragment=\"1\"><\/iframe><\/p>\r\n<p style=\"text-align: left;\"><strong>David Seixas, Violin 1, Portugal<\/strong><br \/>David Seixas, emerging violinist from Portugal, based in Helsinki, has received several solo and chamber music awards and has also collaborated with many orchestras internationally. In 2021 his 1st violin solo album Serene Bach is released by the American label Centaur Records worldwide, album presented in a national tour in Portugal. https:\/\/www.facebook.com\/davidvlnseixas \/\u00a0<br \/><a href=\"https:\/\/open.spotify.com\/artist\/2h5Darb4pHPqlSQrj8GT8y?si=F0ixtiuCT1ix3ECLDploVA\" target=\"_blank\" rel=\"noopener\">Spotify<\/a><\/p>\r\n<\/td>\r\n<td style=\"height: 30px; vertical-align: top; border-style: hidden; width: 33.4746%;\">\r\n<p><iframe src=\"\/\/www.youtube.com\/embed\/twsqgon2THg\" allowfullscreen=\"allowfullscreen\" data-mce-fragment=\"1\"><\/iframe><\/p>\r\n<p style=\"text-align: left;\"><strong>Sophie Ackermann, Violin 1, Belgium<\/strong><br \/>I am a Prize winner of the New Tenuto national competition, I play violin and viola in several chamber music ensembles (from duos to septets) all over the world.<\/p>\r\n<\/td>\r\n<td style=\"vertical-align: top; height: 30px; border-style: hidden; width: 32.5424%;\">\r\n<p><iframe src=\"\/\/www.youtube.com\/embed\/QI-bqr5vCTE\" allowfullscreen=\"allowfullscreen\" data-mce-fragment=\"1\"><\/iframe><\/p>\r\n<p><span class=\"style-scope yt-formatted-string\" dir=\"auto\"><strong>Kurt Falzon, Violin 1, Malta<\/strong> <br \/>I am a 19-year-old violinist from Malta. I am currently studying violin at the Royal Conservatoire The Hague, pursuing a Bachelor&rsquo;s degree. I am an active member of the Malta Youth Orchestra and of several ensembles in The Hague. I have also been part of other orchestras, one of which was the Malta Philharmonic Orchestra, with which I undertook an internship in 2021. <br \/><a href=\"https:\/\/www.instagram.com\/kurt_falzon\/\" target=\"_blank\" rel=\"noopener\">https:\/\/www.instagram.com\/kurt_falzon\/<\/a><br \/><\/span><\/p>\r\n<\/td>\r\n<\/tr>\r\n<tr style=\"height: 30px;\">\r\n<td style=\"height: 30px; vertical-align: top; border-style: hidden; width: 33.9831%;\"><strong>Violin 2<\/strong><\/td>\r\n<td style=\"height: 30px; vertical-align: top; border-style: hidden; width: 33.4746%;\">\u00a0<\/td>\r\n<td style=\"height: 30px; vertical-align: top; border-style: hidden; width: 32.5424%;\">\u00a0<\/td>\r\n<\/tr>\r\n<tr style=\"height: 30px;\">\r\n<td style=\"height: 30px; vertical-align: top; border-style: hidden; width: 33.9831%;\">\r\n<p><iframe src=\"\/\/www.youtube.com\/embed\/NQjq5GscsKY\" allowfullscreen=\"allowfullscreen\" data-mce-fragment=\"1\"><\/iframe><\/p>\r\n<p style=\"text-align: left;\"><strong>Dora Dimitrova, Violin 2, Bulgaria<\/strong><br \/>Dora Dimitrova holds Masters and Doctor of Musical Arts degrees from the State University of New York, Stony Brook University. After spending 10 years in the US, in 2019 Dora returns to her homeland Bulgaria where she works as a freelance musician and violin teacher.<\/p>\r\n<\/td>\r\n<td style=\"height: 30px; vertical-align: top; border-style: hidden; width: 33.4746%;\">\r\n<p><iframe src=\"\/\/www.youtube.com\/embed\/ca-Xy5XGmLY\" allowfullscreen=\"allowfullscreen\" data-mce-fragment=\"1\"><\/iframe><\/p>\r\n<p style=\"text-align: left;\"><strong>Philip Zuckerman, Violin 2, Sweden<\/strong><\/p>\r\n<\/td>\r\n<td style=\"height: 30px; vertical-align: top; border-style: hidden; width: 32.5424%;\">\r\n<p><iframe src=\"\/\/www.youtube.com\/embed\/nJRUWOLdj6Q\" allowfullscreen=\"allowfullscreen\" data-mce-fragment=\"1\"><\/iframe><\/p>\r\n<p style=\"text-align: left;\"><strong>J\u00falia Mu\u0161\u00e1kov\u00e1, Violin 2, Slovakia<\/strong><br \/>My name is Julia Musakova, I come from little village Doh\u0148any in Slovakia and currently finishing master of violin performance at the Sibelius Academy in Finland.<\/p>\r\n<\/td>\r\n<\/tr>\r\n<tr style=\"height: 30px;\">\r\n<td style=\"height: 30px; vertical-align: top; border-style: hidden; width: 33.9831%;\"><strong>Alto<\/strong><\/td>\r\n<td style=\"height: 30px; vertical-align: top; border-style: hidden; width: 33.4746%;\">\u00a0<\/td>\r\n<td style=\"height: 30px; vertical-align: top; border-style: hidden; width: 32.5424%;\">\u00a0<\/td>\r\n<\/tr>\r\n<tr style=\"height: 30px;\">\r\n<td style=\"height: 30px; vertical-align: top; border-style: hidden; width: 33.9831%;\">\r\n<p><iframe src=\"\/\/www.youtube.com\/embed\/rMsQDZzp7UY\" allowfullscreen=\"allowfullscreen\" data-mce-fragment=\"1\"><\/iframe><\/p>\r\n<p style=\"text-align: left;\"><strong>Marta Sikora, Alto, Poland<\/strong><\/p>\r\n<\/td>\r\n<td style=\"height: 30px; vertical-align: top; border-style: hidden; width: 33.4746%;\">\r\n<p><iframe src=\"\/\/www.youtube.com\/embed\/a71oodSt078\" allowfullscreen=\"allowfullscreen\" data-mce-fragment=\"1\"><\/iframe><\/p>\r\n<p style=\"text-align: left;\"><strong>Margarethe Breit, Alto, Austria<\/strong><\/p>\r\n<\/td>\r\n<td style=\"height: 30px; vertical-align: top; border-style: hidden; width: 32.5424%;\">\r\n<p><iframe src=\"\/\/www.youtube.com\/embed\/493ZQ5jgDik\" allowfullscreen=\"allowfullscreen\" data-mce-fragment=\"1\"><\/iframe><\/p>\r\n<p style=\"text-align: left;\"><strong>Krishna Nagaraja, Alto, Italia<\/strong> <br \/>Violist, composer, arranger, PhD candidate at the Sibelius Academy in Helsinki: in constant search of a musical home, constructed through the collection and synthesis of the influences I find on my path.<\/p>\r\n<\/td>\r\n<\/tr>\r\n<tr style=\"height: 30px;\">\r\n<td style=\"height: 30px; vertical-align: top; border-style: hidden; width: 33.9831%;\">\r\n<p><iframe src=\"\/\/www.youtube.com\/embed\/1cmEOx0jNvs\" allowfullscreen=\"allowfullscreen\" data-mce-fragment=\"1\"><\/iframe><\/p>\r\n<p style=\"text-align: left;\"><strong>Serguei Gonz\u00e1lez Pavlova, Alto, Spain<\/strong> <br \/>Study at the Sibelius Academy Actually play the violin, but also enjoy the viola Love people<\/p>\r\n<\/td>\r\n<td style=\"height: 30px; vertical-align: top; border-style: hidden; width: 33.4746%;\">\u00a0<\/td>\r\n<td style=\"height: 30px; vertical-align: top; border-style: hidden; width: 32.5424%;\">\u00a0<\/td>\r\n<\/tr>\r\n<tr style=\"height: 30px;\">\r\n<td style=\"height: 30px; vertical-align: top; border-style: hidden; width: 33.9831%;\"><strong>Cello<\/strong><\/td>\r\n<td style=\"height: 30px; vertical-align: top; border-style: hidden; width: 33.4746%;\">\u00a0<\/td>\r\n<td style=\"height: 30px; vertical-align: top; border-style: hidden; width: 32.5424%;\">\u00a0<\/td>\r\n<\/tr>\r\n<tr style=\"height: 30px;\">\r\n<td style=\"height: 30px; vertical-align: top; border-style: hidden; width: 33.9831%;\">\r\n<p><iframe src=\"\/\/www.youtube.com\/embed\/qYTx4EjkIbk\" allowfullscreen=\"allowfullscreen\" data-mce-fragment=\"1\"><\/iframe><\/p>\r\n<p style=\"text-align: left;\"><span class=\"style-scope yt-formatted-string\" dir=\"auto\"><strong>Carina Drury, Cello, Ireland<\/strong> <br \/>Carina&rsquo;s cello playing has been described on BBC Radio 3 as &lsquo;signing across the centuries&rsquo; and she enjoys a busy career as a soloist, chamber musician and continuo player. Her album Irlandiani was released in 2020 thanks to Arts Council of England funding and it explores the musical life of 18th century Ireland. When she&rsquo;s not playing the cello Carina loves taking walks at home by the sea and baking cakes to bring to rehearsals! <\/span><a class=\"yt-simple-endpoint style-scope yt-formatted-string\" dir=\"auto\" spellcheck=\"false\" href=\"https:\/\/www.youtube.com\/redirect?event=video_description&amp;redir_token=QUFFLUhqbFctMmRIWmlWYjdHVDlNcHlqbWZ4VGFNWUxVUXxBQ3Jtc0ttVmhKQXEzM041R2RQLVZmYVVOMHJpTXF4V3FocjJfMEd4UFFpUTVFUmRSX1lBOXJxemV1bUlGalh0cG5qbTM4QVJYVWFlQ1pob2U2YlN5ZUpyVktGRGJlRDhKX3pYRW9HanVVZ284aXBxTHBSdi05dw&amp;q=https%3A%2F%2Fwww.instagram.com%2Fcarinadrury%2F\" target=\"_blank\" rel=\"nofollow noopener\">https:\/\/www.instagram.com\/carinadrury\/<\/a><span class=\"style-scope yt-formatted-string\" dir=\"auto\"> Facebook- Carina Drury Cello Twitter- @CarinaDrury<\/span><\/p>\r\n<\/td>\r\n<td style=\"height: 30px; vertical-align: top; border-style: hidden; width: 33.4746%;\">\r\n<p><iframe src=\"\/\/www.youtube.com\/embed\/LaTaaAy3DR4\" allowfullscreen=\"allowfullscreen\" data-mce-fragment=\"1\"><\/iframe><\/p>\r\n<p style=\"text-align: left;\"><span class=\"style-scope yt-formatted-string\" dir=\"auto\"><strong>Tomass An\u010ds, Cello, Latvia<\/strong><br \/>Latvian born cellist not only with huge passion for classical music but also for modern music genres. Has been playing cello for more than 18 years and can&rsquo;t imagine life without his instrument. Always up for any kind of musical adventure. <\/span><a class=\"yt-simple-endpoint style-scope yt-formatted-string\" dir=\"auto\" spellcheck=\"false\" href=\"https:\/\/www.youtube.com\/redirect?event=video_description&amp;redir_token=QUFFLUhqbU9Wa2tkMWpiR3BpMW1TUUJ1UlBURWhfLTN2UXxBQ3Jtc0trakZYdjIzakZYa1Z1bFE1Y2JTUks4V2xyeHg5R0VyaGRodmoxX0FMWVVlcXk0RFNfOGhkaWVDY2lVdHhYS0VSRXZqMHNmWUNNWDNBeEY5TzJwbVlQTmNPNUxEbU5XVHVXaHNMX0o2ZHdEemJvR3JjTQ&amp;q=https%3A%2F%2Fwww.instagram.com%2Ftomassancs%2F\" target=\"_blank\" rel=\"nofollow noopener\">https:\/\/www.instagram.com\/tomassancs\/<\/a><\/p>\r\n<\/td>\r\n<td style=\"height: 30px; vertical-align: top; border-style: hidden; width: 32.5424%;\">\r\n<p><iframe src=\"\/\/www.youtube.com\/embed\/98Q93w7Sg0w\" allowfullscreen=\"allowfullscreen\" data-mce-fragment=\"1\"><\/iframe><\/p>\r\n<p style=\"text-align: left;\"><strong>Torbj\u00f8rn Eika J\u00f8rgensen, Cello, Denmark<\/strong><\/p>\r\n<\/td>\r\n<\/tr>\r\n<tr style=\"height: 30px;\">\r\n<td style=\"height: 30px; vertical-align: top; border-style: hidden; width: 33.9831%;\">\r\n<p><iframe src=\"\/\/www.youtube.com\/embed\/dS22AYvbw6s\" allowfullscreen=\"allowfullscreen\" data-mce-fragment=\"1\"><\/iframe><\/p>\r\n<p><strong>Fransien Paananen, Cello, Nederland<\/strong> <br \/>Dutch-Finnish cellist, studying her Masters at the Sibelius academy in Helsinki.<\/p>\r\n<\/td>\r\n<td style=\"height: 30px; vertical-align: top; border-style: hidden; width: 33.4746%;\">\r\n<p><iframe src=\"\/\/www.youtube.com\/embed\/CV-hl_KL65c\" allowfullscreen=\"allowfullscreen\" data-mce-fragment=\"1\"><\/iframe><\/p>\r\n<p style=\"text-align: left;\"><strong> Romana \u0160imbera, Cello, Slovenia<\/strong><\/p>\r\n<\/td>\r\n<td style=\"height: 30px; vertical-align: top; border-style: hidden; width: 32.5424%;\">\r\n<p><iframe src=\"\/\/www.youtube.com\/embed\/3DanISDF6jg\" allowfullscreen=\"allowfullscreen\" data-mce-fragment=\"1\"><\/iframe><\/p>\r\n<p style=\"text-align: left;\"><strong>Marie Dorazilov\u00e1, Cello, Czech republic<\/strong><br \/>I\u2019m a czech cellist, based in Prague. I\u2019ve spent last two years in Prague Radio Symphony Orchestra. I am also a member of Kr\u00e1sa Quartet- young string quartet named after jewish composer Hans Kr\u00e1sa.<\/p>\r\n<\/td>\r\n<\/tr>\r\n<tr style=\"height: 30px;\">\r\n<td style=\"height: 30px; vertical-align: top; border-style: hidden; width: 33.9831%;\"><strong>Picollo<\/strong><\/td>\r\n<td style=\"height: 30px; vertical-align: top; border-style: hidden; width: 33.4746%;\">\u00a0<\/td>\r\n<td style=\"height: 30px; vertical-align: top; border-style: hidden; width: 32.5424%;\">\u00a0<\/td>\r\n<\/tr>\r\n<tr style=\"height: 30px;\">\r\n<td style=\"height: 30px; vertical-align: top; border-style: hidden; width: 33.9831%;\">\r\n<p><iframe src=\"\/\/www.youtube.com\/embed\/0p6on0arVmM\" allowfullscreen=\"allowfullscreen\" data-mce-fragment=\"1\"><\/iframe><\/p>\r\n<p style=\"text-align: left;\"><span class=\"style-scope yt-formatted-string\" dir=\"auto\"><strong>Claudia Pana, Piccolo, Romania<\/strong><br \/>Claudia is a Romanian flutist living in Switzerland since 10 years. She plays a lot in orchestras like: Orchestre de Chambre de Lausanne, Orchestre de la Suisse Romande, CityLight Orchestre and many others. Claudia is also teaching fl\u00fbte and piano. In two weeks she will be part of the jury in international competition in Chieri, Italy, where she won first prise 5 years ago. <\/span><a class=\"yt-simple-endpoint style-scope yt-formatted-string\" dir=\"auto\" spellcheck=\"false\" href=\"https:\/\/www.youtube.com\/redirect?event=video_description&amp;redir_token=QUFFLUhqbjZtRlhfeHNGejNNd05mNkhhOXdQcmRHVkZDUXxBQ3Jtc0trNGhldU5sYTUyNzI4blVacVpmRnlRNHFlVjlxUF8zb2tuVDVoczM4RDBPcXJqN0hNNnJhYkV0RWFOOXE3SmUyY1oyTWt6Z3ZSV18zMk1talFnbEI5TVlPUnV5NmdkYklNcldESjAzV0dSMjlhZU5USQ&amp;q=https%3A%2F%2Fwww.instagram.com%2Fclaumyau%2F\" target=\"_blank\" rel=\"nofollow noopener\">https:\/\/www.instagram.com\/claumyau\/<\/a><span class=\"style-scope yt-formatted-string\" dir=\"auto\"> <br \/>Facebook &#8211; Claudia Pana<\/span><\/p>\r\n<\/td>\r\n<td style=\"height: 30px; vertical-align: top; border-style: hidden; width: 33.4746%;\">\u00a0<\/td>\r\n<td style=\"height: 30px; vertical-align: top; border-style: hidden; width: 32.5424%;\">\u00a0<\/td>\r\n<\/tr>\r\n<tr style=\"height: 30px;\">\r\n<td style=\"height: 30px; vertical-align: top; border-style: hidden; width: 33.9831%;\"><strong>Clarinet<\/strong><\/td>\r\n<td style=\"height: 30px; vertical-align: top; border-style: hidden; width: 33.4746%;\">\u00a0<\/td>\r\n<td style=\"height: 30px; vertical-align: top; border-style: hidden; width: 32.5424%;\">\u00a0<\/td>\r\n<\/tr>\r\n<tr style=\"height: 30px;\">\r\n<td style=\"height: 30px; vertical-align: top; border-style: hidden; width: 33.9831%;\">\r\n<p><iframe src=\"\/\/www.youtube.com\/embed\/swfHwbNyXYo\" allowfullscreen=\"allowfullscreen\" data-mce-fragment=\"1\"><\/iframe><\/p>\r\n<p style=\"text-align: left;\"><strong>Panagiotis Marios Giannakas, Clarinet, Greece<\/strong> <br \/>I&rsquo;m a student in Geneva&rsquo;s Haute \u00e9cole de musique de Gen\u00e8ve. I&rsquo;m very passionate about arts and sports.<\/p>\r\n<\/td>\r\n<td style=\"height: 30px; vertical-align: top; border-style: hidden; width: 33.4746%;\">\u00a0<\/td>\r\n<td style=\"height: 30px; vertical-align: top; border-style: hidden; width: 32.5424%;\">\u00a0<\/td>\r\n<\/tr>\r\n<tr style=\"height: 30px;\">\r\n<td style=\"height: 30px; vertical-align: top; border-style: hidden; width: 33.9831%;\"><strong>Glockenspiel<\/strong><\/td>\r\n<td style=\"height: 30px; vertical-align: top; border-style: hidden; width: 33.4746%;\">\u00a0<\/td>\r\n<td style=\"height: 30px; vertical-align: top; border-style: hidden; width: 32.5424%;\">\u00a0<\/td>\r\n<\/tr>\r\n<tr style=\"height: 30px;\">\r\n<td style=\"height: 30px; vertical-align: top; border-style: hidden; width: 33.9831%;\">\r\n<p><iframe src=\"\/\/www.youtube.com\/embed\/2FTGQb-EsGw\" allowfullscreen=\"allowfullscreen\" data-mce-fragment=\"1\"><\/iframe><\/p>\r\n<p style=\"text-align: left;\"><strong>Franko \u0160trbac, Glockenspiel, Croatia<\/strong> <br \/>21 years old percussion student from Zagreb, likes to DJ in free time, likes to cook and massage.<\/p>\r\n<\/td>\r\n<td style=\"height: 30px; vertical-align: top; border-style: hidden; width: 33.4746%;\">\u00a0<\/td>\r\n<td style=\"height: 30px; vertical-align: top; border-style: hidden; width: 32.5424%;\">\u00a0<\/td>\r\n<\/tr>\r\n<tr style=\"height: 30px;\">\r\n<td style=\"height: 30px; vertical-align: top; border-style: hidden; width: 33.9831%;\"><strong>Xylophone<\/strong><\/td>\r\n<td style=\"height: 30px; vertical-align: top; border-style: hidden; width: 33.4746%;\">\u00a0<\/td>\r\n<td style=\"height: 30px; vertical-align: top; border-style: hidden; width: 32.5424%;\">\u00a0<\/td>\r\n<\/tr>\r\n<tr style=\"height: 30px;\">\r\n<td style=\"height: 30px; vertical-align: top; border-style: hidden; width: 33.9831%;\">\r\n<p><iframe src=\"\/\/www.youtube.com\/embed\/aN3B9x9ICLo\" allowfullscreen=\"allowfullscreen\" data-mce-fragment=\"1\"><\/iframe><\/p>\r\n<p style=\"text-align: left;\"><strong>Leila Martin, Xylophone, France<\/strong> <br \/>I am a french percussionist from Normandy studying in my first year of master at the Sibelius Academy. Happy and enthusiastic, I love to play my instruments and during my free time to walk in the nature and climb. Speaking German, English, Finnish and French, I enjoy learning languages as it is important for me to communicate with people across Europe and exchange with them in their mother tongue.<\/p>\r\n<\/td>\r\n<td style=\"height: 30px; vertical-align: top; border-style: hidden; width: 33.4746%;\">\u00a0<\/td>\r\n<td style=\"height: 30px; vertical-align: top; border-style: hidden; width: 32.5424%;\">\u00a0<\/td>\r\n<\/tr>\r\n<tr style=\"height: 30px;\">\r\n<td style=\"height: 30px; vertical-align: top; border-style: hidden; width: 33.9831%;\"><strong>Double Bass<\/strong><\/td>\r\n<td style=\"height: 30px; vertical-align: top; border-style: hidden; width: 33.4746%;\">\u00a0<\/td>\r\n<td style=\"height: 30px; vertical-align: top; border-style: hidden; width: 32.5424%;\">\u00a0<\/td>\r\n<\/tr>\r\n<tr style=\"height: 30px;\">\r\n<td style=\"height: 30px; vertical-align: top; border-style: hidden; width: 33.9831%;\">\r\n<p><iframe src=\"\/\/www.youtube.com\/embed\/yIKno2dvxAc\" allowfullscreen=\"allowfullscreen\" data-mce-fragment=\"1\"><\/iframe><\/p>\r\n<p style=\"text-align: left;\"><strong>Gonzalo Jim\u00e9nez Barranco, Double Bass, Luxembourg<\/strong><br \/>Spanish\/Luxembourguish 29 years old double bass player. Born in Spain, raised in Luxembourg, studied in Switzerland, and currently based in Prague, working as Co-Principal double bass at Czech Philharmonic Orchestra. facebook.com\/gonzalo.jimenezbarranco<br \/><a href=\"https:\/\/www.instagram.com\/gonzalobassist\/\">Gonzalo Jim\u00e9nez Barranco (@gonzalobassist)<\/a><\/p>\r\n<\/td>\r\n<td style=\"height: 30px; vertical-align: top; border-style: hidden; width: 33.4746%;\">\r\n<p><strong>Svenja Dose, Double Bass, Germany<\/strong><br \/>Svenja Dose, born near Hamburg in 1999, startet playing the double bass at the age of 13. She is currently studying at the Hanns-Eisler School of Music in Berlin and participated in several masterclasses of renowned bassists. Right now she is an academist in the Deutsche Oper Berlin.<\/p>\r\n<\/td>\r\n<td style=\"height: 30px; vertical-align: top; border-style: hidden; width: 32.5424%;\">\u00a0<\/td>\r\n<\/tr>\r\n<\/tbody>\r\n<\/table>\r\n\r\n\r\n\r\n<div class=\"wp-block-columns is-layout-flex wp-container-core-columns-is-layout-9d6595d7 wp-block-columns-is-layout-flex\">\r\n<div class=\"wp-block-column is-layout-flow wp-block-column-is-layout-flow\" style=\"flex-basis: 100%;\">\r\n<p>Projet r\u00e9alis\u00e9 avec le soutien de l&rsquo;Institut fran\u00e7ais<\/p>\r\n<p><img loading=\"lazy\" decoding=\"async\" class=\"aligncenter size-full wp-image-9966\" src=\"http:\/\/www.france.fi\/wp-content\/uploads\/2022\/03\/IF_Logo-s.jpg\" alt=\"\" width=\"250\" height=\"115\" \/><img loading=\"lazy\" decoding=\"async\" class=\"aligncenter size-medium wp-image-9969\" src=\"http:\/\/www.france.fi\/wp-content\/uploads\/2022\/03\/MicrosoftTeams-image-35.jpg\" alt=\"\" width=\"102\" height=\"115\" \/><\/p>\r\n<\/div>\r\n<\/div>\r\n","protected":false},"excerpt":{"rendered":"<p>Pour marquer la PFUE, l\u2019Institut fran\u00e7ais de Finlande a r\u00e9uni virtuellement de jeunes talents europ\u00e9ens pour un concert classique unique.<\/p>\n","protected":false},"author":2,"featured_media":8837,"comment_status":"closed","ping_status":"open","sticky":false,"template":"","format":"standard","meta":{"footnotes":""},"categories":[1],"tags":[],"class_list":["post-8836","post","type-post","status-publish","format-standard","has-post-thumbnail","hentry","category-culture"],"yoast_head":"<!-- This site is optimized with the Yoast SEO plugin v27.4 - https:\/\/yoast.com\/product\/yoast-seo-wordpress\/ -->\n<title>27 musiciens, un orchestre, une Europe\u00a0! - Institut fran\u00e7ais<\/title>\n<meta name=\"robots\" content=\"index, follow, max-snippet:-1, max-image-preview:large, max-video-preview:-1\" \/>\n<link rel=\"canonical\" href=\"https:\/\/www.france.fi\/fr\/culture\/27-musiciens-un-orchestre-une-europe\/\" \/>\n<meta property=\"og:locale\" content=\"fr_FR\" \/>\n<meta property=\"og:type\" content=\"article\" \/>\n<meta property=\"og:title\" content=\"27 musiciens, un orchestre, une Europe\u00a0! - Institut fran\u00e7ais\" \/>\n<meta property=\"og:description\" content=\"Pour marquer la PFUE, l\u2019Institut fran\u00e7ais de Finlande a r\u00e9uni virtuellement de jeunes talents europ\u00e9ens pour un concert classique unique.\" \/>\n<meta property=\"og:url\" content=\"https:\/\/www.france.fi\/fr\/culture\/27-musiciens-un-orchestre-une-europe\/\" \/>\n<meta property=\"og:site_name\" content=\"Institut fran\u00e7ais\" \/>\n<meta property=\"article:publisher\" content=\"https:\/\/www.facebook.com\/institutfrancaisfi\" \/>\n<meta property=\"article:published_time\" content=\"2022-03-24T10:42:53+00:00\" \/>\n<meta property=\"article:modified_time\" content=\"2022-10-10T13:12:51+00:00\" \/>\n<meta property=\"og:image\" content=\"https:\/\/www.france.fi\/wp-content\/uploads\/2022\/03\/Concert-PFUE-1098x617.jpg\" \/>\n\t<meta property=\"og:image:width\" content=\"1920\" \/>\n\t<meta property=\"og:image:height\" content=\"1080\" \/>\n\t<meta property=\"og:image:type\" content=\"image\/jpeg\" \/>\n<meta name=\"author\" content=\"Equipe IFF\" \/>\n<meta name=\"twitter:card\" content=\"summary_large_image\" \/>\n<meta name=\"twitter:creator\" content=\"@IFFinlande\" \/>\n<meta name=\"twitter:site\" content=\"@IFFinlande\" \/>\n<meta name=\"twitter:label1\" content=\"\u00c9crit par\" \/>\n\t<meta name=\"twitter:data1\" content=\"Equipe IFF\" \/>\n\t<meta name=\"twitter:label2\" content=\"Dur\u00e9e de lecture estim\u00e9e\" \/>\n\t<meta name=\"twitter:data2\" content=\"7 minutes\" \/>\n<script type=\"application\/ld+json\" class=\"yoast-schema-graph\">{\"@context\":\"https:\\\/\\\/schema.org\",\"@graph\":[{\"@type\":\"Article\",\"@id\":\"https:\\\/\\\/www.france.fi\\\/fr\\\/culture\\\/27-musiciens-un-orchestre-une-europe\\\/#article\",\"isPartOf\":{\"@id\":\"https:\\\/\\\/www.france.fi\\\/fr\\\/culture\\\/27-musiciens-un-orchestre-une-europe\\\/\"},\"author\":{\"name\":\"Equipe IFF\",\"@id\":\"https:\\\/\\\/www.france.fi\\\/#\\\/schema\\\/person\\\/ed873f29db1d0af6a3600d15d3b65bfd\"},\"headline\":\"27 musiciens, un orchestre, une Europe\u00a0!\",\"datePublished\":\"2022-03-24T10:42:53+00:00\",\"dateModified\":\"2022-10-10T13:12:51+00:00\",\"mainEntityOfPage\":{\"@id\":\"https:\\\/\\\/www.france.fi\\\/fr\\\/culture\\\/27-musiciens-un-orchestre-une-europe\\\/\"},\"wordCount\":1235,\"publisher\":{\"@id\":\"https:\\\/\\\/www.france.fi\\\/#organization\"},\"image\":{\"@id\":\"https:\\\/\\\/www.france.fi\\\/fr\\\/culture\\\/27-musiciens-un-orchestre-une-europe\\\/#primaryimage\"},\"thumbnailUrl\":\"https:\\\/\\\/www.france.fi\\\/wp-content\\\/uploads\\\/2022\\\/03\\\/Concert-PFUE-1280x720.jpg\",\"articleSection\":[\"Culture\"],\"inLanguage\":\"fr-FR\"},{\"@type\":\"WebPage\",\"@id\":\"https:\\\/\\\/www.france.fi\\\/fr\\\/culture\\\/27-musiciens-un-orchestre-une-europe\\\/\",\"url\":\"https:\\\/\\\/www.france.fi\\\/fr\\\/culture\\\/27-musiciens-un-orchestre-une-europe\\\/\",\"name\":\"27 musiciens, un orchestre, une Europe\u00a0! - Institut fran\u00e7ais\",\"isPartOf\":{\"@id\":\"https:\\\/\\\/www.france.fi\\\/#website\"},\"primaryImageOfPage\":{\"@id\":\"https:\\\/\\\/www.france.fi\\\/fr\\\/culture\\\/27-musiciens-un-orchestre-une-europe\\\/#primaryimage\"},\"image\":{\"@id\":\"https:\\\/\\\/www.france.fi\\\/fr\\\/culture\\\/27-musiciens-un-orchestre-une-europe\\\/#primaryimage\"},\"thumbnailUrl\":\"https:\\\/\\\/www.france.fi\\\/wp-content\\\/uploads\\\/2022\\\/03\\\/Concert-PFUE-1280x720.jpg\",\"datePublished\":\"2022-03-24T10:42:53+00:00\",\"dateModified\":\"2022-10-10T13:12:51+00:00\",\"breadcrumb\":{\"@id\":\"https:\\\/\\\/www.france.fi\\\/fr\\\/culture\\\/27-musiciens-un-orchestre-une-europe\\\/#breadcrumb\"},\"inLanguage\":\"fr-FR\",\"potentialAction\":[{\"@type\":\"ReadAction\",\"target\":[\"https:\\\/\\\/www.france.fi\\\/fr\\\/culture\\\/27-musiciens-un-orchestre-une-europe\\\/\"]}]},{\"@type\":\"ImageObject\",\"inLanguage\":\"fr-FR\",\"@id\":\"https:\\\/\\\/www.france.fi\\\/fr\\\/culture\\\/27-musiciens-un-orchestre-une-europe\\\/#primaryimage\",\"url\":\"https:\\\/\\\/www.france.fi\\\/wp-content\\\/uploads\\\/2022\\\/03\\\/Concert-PFUE-1280x720.jpg\",\"contentUrl\":\"https:\\\/\\\/www.france.fi\\\/wp-content\\\/uploads\\\/2022\\\/03\\\/Concert-PFUE-1280x720.jpg\",\"width\":1920,\"height\":1080},{\"@type\":\"BreadcrumbList\",\"@id\":\"https:\\\/\\\/www.france.fi\\\/fr\\\/culture\\\/27-musiciens-un-orchestre-une-europe\\\/#breadcrumb\",\"itemListElement\":[{\"@type\":\"ListItem\",\"position\":1,\"name\":\"Home\",\"item\":\"https:\\\/\\\/www.france.fi\\\/fr\\\/\"},{\"@type\":\"ListItem\",\"position\":2,\"name\":\"Culture\",\"item\":\"https:\\\/\\\/www.france.fi\\\/fr\\\/category\\\/culture\\\/\"},{\"@type\":\"ListItem\",\"position\":3,\"name\":\"27 musiciens, un orchestre, une Europe\u00a0!\"}]},{\"@type\":\"WebSite\",\"@id\":\"https:\\\/\\\/www.france.fi\\\/#website\",\"url\":\"https:\\\/\\\/www.france.fi\\\/\",\"name\":\"Institut fran\u00e7ais de Finlande\",\"description\":\"\",\"publisher\":{\"@id\":\"https:\\\/\\\/www.france.fi\\\/#organization\"},\"potentialAction\":[{\"@type\":\"SearchAction\",\"target\":{\"@type\":\"EntryPoint\",\"urlTemplate\":\"https:\\\/\\\/www.france.fi\\\/?s={search_term_string}\"},\"query-input\":{\"@type\":\"PropertyValueSpecification\",\"valueRequired\":true,\"valueName\":\"search_term_string\"}}],\"inLanguage\":\"fr-FR\"},{\"@type\":\"Organization\",\"@id\":\"https:\\\/\\\/www.france.fi\\\/#organization\",\"name\":\"Institut fran\u00e7ais de Finlande\",\"url\":\"https:\\\/\\\/www.france.fi\\\/\",\"logo\":{\"@type\":\"ImageObject\",\"inLanguage\":\"fr-FR\",\"@id\":\"https:\\\/\\\/www.france.fi\\\/#\\\/schema\\\/logo\\\/image\\\/\",\"url\":\"https:\\\/\\\/www.france.fi\\\/wp-content\\\/uploads\\\/2024\\\/02\\\/if-logo-1.png\",\"contentUrl\":\"https:\\\/\\\/www.france.fi\\\/wp-content\\\/uploads\\\/2024\\\/02\\\/if-logo-1.png\",\"width\":687,\"height\":459,\"caption\":\"Institut fran\u00e7ais de Finlande\"},\"image\":{\"@id\":\"https:\\\/\\\/www.france.fi\\\/#\\\/schema\\\/logo\\\/image\\\/\"},\"sameAs\":[\"https:\\\/\\\/www.facebook.com\\\/institutfrancaisfi\",\"https:\\\/\\\/x.com\\\/IFFinlande\",\"https:\\\/\\\/www.instagram.com\\\/iffinlande\\\/\",\"https:\\\/\\\/fr.linkedin.com\\\/organization-guest\\\/company\\\/institut-fran-ais-de-finlande\",\"https:\\\/\\\/www.youtube.com\\\/channel\\\/UCHAitdpmSbeP78eL49XMotA\"]},{\"@type\":\"Person\",\"@id\":\"https:\\\/\\\/www.france.fi\\\/#\\\/schema\\\/person\\\/ed873f29db1d0af6a3600d15d3b65bfd\",\"name\":\"Equipe IFF\",\"image\":{\"@type\":\"ImageObject\",\"inLanguage\":\"fr-FR\",\"@id\":\"https:\\\/\\\/secure.gravatar.com\\\/avatar\\\/3c4ba80228d01014b25e45e90abb28ce315a02c6572751a7fb2298e4274989fc?s=96&d=mm&r=g\",\"url\":\"https:\\\/\\\/secure.gravatar.com\\\/avatar\\\/3c4ba80228d01014b25e45e90abb28ce315a02c6572751a7fb2298e4274989fc?s=96&d=mm&r=g\",\"contentUrl\":\"https:\\\/\\\/secure.gravatar.com\\\/avatar\\\/3c4ba80228d01014b25e45e90abb28ce315a02c6572751a7fb2298e4274989fc?s=96&d=mm&r=g\",\"caption\":\"Equipe IFF\"},\"url\":\"https:\\\/\\\/www.france.fi\\\/fr\\\/author\\\/iffadmin\\\/\"}]}<\/script>\n<!-- \/ Yoast SEO plugin. -->","yoast_head_json":{"title":"27 musiciens, un orchestre, une Europe\u00a0! - Institut fran\u00e7ais","robots":{"index":"index","follow":"follow","max-snippet":"max-snippet:-1","max-image-preview":"max-image-preview:large","max-video-preview":"max-video-preview:-1"},"canonical":"https:\/\/www.france.fi\/fr\/culture\/27-musiciens-un-orchestre-une-europe\/","og_locale":"fr_FR","og_type":"article","og_title":"27 musiciens, un orchestre, une Europe\u00a0! - Institut fran\u00e7ais","og_description":"Pour marquer la PFUE, l\u2019Institut fran\u00e7ais de Finlande a r\u00e9uni virtuellement de jeunes talents europ\u00e9ens pour un concert classique unique.","og_url":"https:\/\/www.france.fi\/fr\/culture\/27-musiciens-un-orchestre-une-europe\/","og_site_name":"Institut fran\u00e7ais","article_publisher":"https:\/\/www.facebook.com\/institutfrancaisfi","article_published_time":"2022-03-24T10:42:53+00:00","article_modified_time":"2022-10-10T13:12:51+00:00","og_image":[{"width":1920,"height":1080,"url":"https:\/\/www.france.fi\/wp-content\/uploads\/2022\/03\/Concert-PFUE-1098x617.jpg","type":"image\/jpeg"}],"author":"Equipe IFF","twitter_card":"summary_large_image","twitter_creator":"@IFFinlande","twitter_site":"@IFFinlande","twitter_misc":{"\u00c9crit par":"Equipe IFF","Dur\u00e9e de lecture estim\u00e9e":"7 minutes"},"schema":{"@context":"https:\/\/schema.org","@graph":[{"@type":"Article","@id":"https:\/\/www.france.fi\/fr\/culture\/27-musiciens-un-orchestre-une-europe\/#article","isPartOf":{"@id":"https:\/\/www.france.fi\/fr\/culture\/27-musiciens-un-orchestre-une-europe\/"},"author":{"name":"Equipe IFF","@id":"https:\/\/www.france.fi\/#\/schema\/person\/ed873f29db1d0af6a3600d15d3b65bfd"},"headline":"27 musiciens, un orchestre, une Europe\u00a0!","datePublished":"2022-03-24T10:42:53+00:00","dateModified":"2022-10-10T13:12:51+00:00","mainEntityOfPage":{"@id":"https:\/\/www.france.fi\/fr\/culture\/27-musiciens-un-orchestre-une-europe\/"},"wordCount":1235,"publisher":{"@id":"https:\/\/www.france.fi\/#organization"},"image":{"@id":"https:\/\/www.france.fi\/fr\/culture\/27-musiciens-un-orchestre-une-europe\/#primaryimage"},"thumbnailUrl":"https:\/\/www.france.fi\/wp-content\/uploads\/2022\/03\/Concert-PFUE-1280x720.jpg","articleSection":["Culture"],"inLanguage":"fr-FR"},{"@type":"WebPage","@id":"https:\/\/www.france.fi\/fr\/culture\/27-musiciens-un-orchestre-une-europe\/","url":"https:\/\/www.france.fi\/fr\/culture\/27-musiciens-un-orchestre-une-europe\/","name":"27 musiciens, un orchestre, une Europe\u00a0! - Institut fran\u00e7ais","isPartOf":{"@id":"https:\/\/www.france.fi\/#website"},"primaryImageOfPage":{"@id":"https:\/\/www.france.fi\/fr\/culture\/27-musiciens-un-orchestre-une-europe\/#primaryimage"},"image":{"@id":"https:\/\/www.france.fi\/fr\/culture\/27-musiciens-un-orchestre-une-europe\/#primaryimage"},"thumbnailUrl":"https:\/\/www.france.fi\/wp-content\/uploads\/2022\/03\/Concert-PFUE-1280x720.jpg","datePublished":"2022-03-24T10:42:53+00:00","dateModified":"2022-10-10T13:12:51+00:00","breadcrumb":{"@id":"https:\/\/www.france.fi\/fr\/culture\/27-musiciens-un-orchestre-une-europe\/#breadcrumb"},"inLanguage":"fr-FR","potentialAction":[{"@type":"ReadAction","target":["https:\/\/www.france.fi\/fr\/culture\/27-musiciens-un-orchestre-une-europe\/"]}]},{"@type":"ImageObject","inLanguage":"fr-FR","@id":"https:\/\/www.france.fi\/fr\/culture\/27-musiciens-un-orchestre-une-europe\/#primaryimage","url":"https:\/\/www.france.fi\/wp-content\/uploads\/2022\/03\/Concert-PFUE-1280x720.jpg","contentUrl":"https:\/\/www.france.fi\/wp-content\/uploads\/2022\/03\/Concert-PFUE-1280x720.jpg","width":1920,"height":1080},{"@type":"BreadcrumbList","@id":"https:\/\/www.france.fi\/fr\/culture\/27-musiciens-un-orchestre-une-europe\/#breadcrumb","itemListElement":[{"@type":"ListItem","position":1,"name":"Home","item":"https:\/\/www.france.fi\/fr\/"},{"@type":"ListItem","position":2,"name":"Culture","item":"https:\/\/www.france.fi\/fr\/category\/culture\/"},{"@type":"ListItem","position":3,"name":"27 musiciens, un orchestre, une Europe\u00a0!"}]},{"@type":"WebSite","@id":"https:\/\/www.france.fi\/#website","url":"https:\/\/www.france.fi\/","name":"Institut fran\u00e7ais de Finlande","description":"","publisher":{"@id":"https:\/\/www.france.fi\/#organization"},"potentialAction":[{"@type":"SearchAction","target":{"@type":"EntryPoint","urlTemplate":"https:\/\/www.france.fi\/?s={search_term_string}"},"query-input":{"@type":"PropertyValueSpecification","valueRequired":true,"valueName":"search_term_string"}}],"inLanguage":"fr-FR"},{"@type":"Organization","@id":"https:\/\/www.france.fi\/#organization","name":"Institut fran\u00e7ais de Finlande","url":"https:\/\/www.france.fi\/","logo":{"@type":"ImageObject","inLanguage":"fr-FR","@id":"https:\/\/www.france.fi\/#\/schema\/logo\/image\/","url":"https:\/\/www.france.fi\/wp-content\/uploads\/2024\/02\/if-logo-1.png","contentUrl":"https:\/\/www.france.fi\/wp-content\/uploads\/2024\/02\/if-logo-1.png","width":687,"height":459,"caption":"Institut fran\u00e7ais de Finlande"},"image":{"@id":"https:\/\/www.france.fi\/#\/schema\/logo\/image\/"},"sameAs":["https:\/\/www.facebook.com\/institutfrancaisfi","https:\/\/x.com\/IFFinlande","https:\/\/www.instagram.com\/iffinlande\/","https:\/\/fr.linkedin.com\/organization-guest\/company\/institut-fran-ais-de-finlande","https:\/\/www.youtube.com\/channel\/UCHAitdpmSbeP78eL49XMotA"]},{"@type":"Person","@id":"https:\/\/www.france.fi\/#\/schema\/person\/ed873f29db1d0af6a3600d15d3b65bfd","name":"Equipe IFF","image":{"@type":"ImageObject","inLanguage":"fr-FR","@id":"https:\/\/secure.gravatar.com\/avatar\/3c4ba80228d01014b25e45e90abb28ce315a02c6572751a7fb2298e4274989fc?s=96&d=mm&r=g","url":"https:\/\/secure.gravatar.com\/avatar\/3c4ba80228d01014b25e45e90abb28ce315a02c6572751a7fb2298e4274989fc?s=96&d=mm&r=g","contentUrl":"https:\/\/secure.gravatar.com\/avatar\/3c4ba80228d01014b25e45e90abb28ce315a02c6572751a7fb2298e4274989fc?s=96&d=mm&r=g","caption":"Equipe IFF"},"url":"https:\/\/www.france.fi\/fr\/author\/iffadmin\/"}]}},"_links":{"self":[{"href":"https:\/\/www.france.fi\/fr\/wp-json\/wp\/v2\/posts\/8836","targetHints":{"allow":["GET"]}}],"collection":[{"href":"https:\/\/www.france.fi\/fr\/wp-json\/wp\/v2\/posts"}],"about":[{"href":"https:\/\/www.france.fi\/fr\/wp-json\/wp\/v2\/types\/post"}],"author":[{"embeddable":true,"href":"https:\/\/www.france.fi\/fr\/wp-json\/wp\/v2\/users\/2"}],"replies":[{"embeddable":true,"href":"https:\/\/www.france.fi\/fr\/wp-json\/wp\/v2\/comments?post=8836"}],"version-history":[{"count":0,"href":"https:\/\/www.france.fi\/fr\/wp-json\/wp\/v2\/posts\/8836\/revisions"}],"wp:featuredmedia":[{"embeddable":true,"href":"https:\/\/www.france.fi\/fr\/wp-json\/wp\/v2\/media\/8837"}],"wp:attachment":[{"href":"https:\/\/www.france.fi\/fr\/wp-json\/wp\/v2\/media?parent=8836"}],"wp:term":[{"taxonomy":"category","embeddable":true,"href":"https:\/\/www.france.fi\/fr\/wp-json\/wp\/v2\/categories?post=8836"},{"taxonomy":"post_tag","embeddable":true,"href":"https:\/\/www.france.fi\/fr\/wp-json\/wp\/v2\/tags?post=8836"}],"curies":[{"name":"wp","href":"https:\/\/api.w.org\/{rel}","templated":true}]}}